{"id":16977,"date":"2018-09-23T20:35:18","date_gmt":"2018-09-23T18:35:18","guid":{"rendered":"https:\/\/www.camaeleon.org\/?p=16977"},"modified":"2022-07-22T12:27:44","modified_gmt":"2022-07-22T10:27:44","slug":"tagdesoffenendenkmals","status":"publish","type":"post","link":"https:\/\/www.camaeleon.org\/en\/2018\/09\/23\/tagdesoffenendenkmals\/","title":{"rendered":"Unser DFG beim Tag des Offenen Denkmals"},"content":{"rendered":"<p>Heute vor zwei Wochen, am 9. September war Tag des Offenen Denkmals mit dem Motto &#8220;Entdecken, was uns verbindet&#8221;. Auch das\u00a0<b>Deutsch-Franz\u00f6sische Gymnasium\u00a0<\/b>in Saarbr\u00fccken lud zu zwei F\u00fchrungen mit Herrn Dr. Rolf Wittenbrock, ehemaliger Schuldirektor des DFGs, ein. Hier eine kurze Zusammenfassung \u00fcber die Geschichte unserer Schule:<\/p>\n<figure id=\"attachment_16995\" aria-describedby=\"caption-attachment-16995\" style=\"width: 309px\" class=\"wp-caption alignright\"><img loading=\"lazy\" decoding=\"async\" class=\"wp-image-16995\" src=\"https:\/\/www.camaeleon.org\/wp-content\/uploads\/2018\/09\/Tag-des-Offenen-Denkmals-2018-2-300x200.jpg\" alt=\"\" width=\"309\" height=\"206\" srcset=\"https:\/\/www.camaeleon.org\/wp-content\/uploads\/2018\/09\/Tag-des-Offenen-Denkmals-2018-2-300x200.jpg 300w, https:\/\/www.camaeleon.org\/wp-content\/uploads\/2018\/09\/Tag-des-Offenen-Denkmals-2018-2-880x587.jpg 880w, https:\/\/www.camaeleon.org\/wp-content\/uploads\/2018\/09\/Tag-des-Offenen-Denkmals-2018-2.jpg 1000w\" sizes=\"auto, (max-width: 309px) 100vw, 309px\" \/><figcaption id=\"caption-attachment-16995\" class=\"wp-caption-text\">Foto: Cam\u00e4l\u00e9on<\/figcaption><\/figure>\n<p>Das <strong>Lyc\u00e9e Mar\u00e9chal Ney<\/strong> wurde 1947\u00a0auf dem ehemaligen Kasernengel\u00e4nde er\u00f6ffnet, dank der <em>\u00c9quipe des Urbanistes de la Sarre<\/em> erhielt das Geb\u00e4ude eine streng geometrische Gliederung mit gro\u00dfen Fenstern, sodass viel Sonne in die nach S\u00fcden orientierten Klassenr\u00e4ume eindringen kann. An den R\u00e4umen des Sekretariats und der Verwaltung sind 1954 Lamellen angebracht worden. Im gleichen Jahr begann der Bau des zweiten Geb\u00e4udes, in dem heute die Biologie-,\u00a0Chemie- und Physiks\u00e4le untergebracht sind. Im Jahre 1961 entstand in den Geb\u00e4uden des Lyc\u00e9e Mar\u00e9chal Ney nun das <strong>Deutsch-Franz\u00f6sische Gymnasium<\/strong>, das am 25. September des selben Jahres offiziell eingeweiht wurde.<\/p>\n<figure id=\"attachment_16996\" aria-describedby=\"caption-attachment-16996\" style=\"width: 358px\" class=\"wp-caption alignleft\"><img loading=\"lazy\" decoding=\"async\" class=\"wp-image-16996\" src=\"https:\/\/www.camaeleon.org\/wp-content\/uploads\/2018\/09\/Tag-des-Offenen-Denkmals-2018-1-300x200.jpg\" alt=\"\" width=\"358\" height=\"238\" srcset=\"https:\/\/www.camaeleon.org\/wp-content\/uploads\/2018\/09\/Tag-des-Offenen-Denkmals-2018-1-300x200.jpg 300w, https:\/\/www.camaeleon.org\/wp-content\/uploads\/2018\/09\/Tag-des-Offenen-Denkmals-2018-1-880x587.jpg 880w, https:\/\/www.camaeleon.org\/wp-content\/uploads\/2018\/09\/Tag-des-Offenen-Denkmals-2018-1.jpg 1000w\" sizes=\"auto, (max-width: 358px) 100vw, 358px\" \/><figcaption id=\"caption-attachment-16996\" class=\"wp-caption-text\">Foto: Cam\u00e4l\u00e9on<\/figcaption><\/figure>\n<p>Zwischen 1987 und 1991 wurde die Schule grundlegend renoviert, daher mussten die Sch\u00fcler zwei Jahre lang in Brebach unterrichtet werden. In den 80er Jahren musste die H\u00e4lfte das ehemals 3 ha gro\u00dfen Schulgel\u00e4ndes dem Innenministerium \u00fcbereignet werden. Zwei eigene Sporthallen sollten abgerissen werden. Um dies zu verhindern, gaben Sch\u00fcler jedem Baum einen Namen. Doch alle Bem\u00fchungen halfen nichts, heute befindet sich auf diesem Gel\u00e4nde das Landespolizeipr\u00e4sidium Saarbr\u00fccken.<\/p>\n<p>Heute ist die Stahlbeton-Konstruktion, die unsere Schule darstellt, unter Denkmalschutz gestellt. Daher darf an der Fassade, die zur Halbergstra\u00dfe zeigt, nichts ver\u00e4ndert werden. Laut Herr B\u00e4chle k\u00f6nnen deswegen die alten Fenster nicht durch neue isolierte Fenster ausgetauscht werden.<\/p>\n<p>Auch interessant: Der Keller unserer Schule wurde bis 2009 als Depot der <span id=\"rs_start\"><em>Staatlichen Altert\u00fcmersammlung<\/em> beansprucht, in der\u00a0arch\u00e4ologische Funde im Saarland archiviert worden sind. Heute kann man dort den Mehrzweckraum sowie die Etude und Musiks\u00e4le finden.<\/span><\/p>\n","protected":false},"excerpt":{"rendered":"<p>Heute vor zwei Wochen, am 9. September war Tag des Offenen Denkmals mit dem Motto &#8220;Entdecken, was uns verbindet&#8221;. Auch das\u00a0Deutsch-Franz\u00f6sische Gymnasium\u00a0in Saarbr\u00fccken lud zu<\/p>\n","protected":false},"author":104,"featured_media":16996,"comment_status":"open","ping_status":"closed","sticky":false,"template":"","format":"standard","meta":{"colormag_page_container_layout":"default_layout","colormag_page_sidebar_layout":"default_layout","footnotes":""},"categories":[3],"tags":[866,868,578,556,871],"coauthors":[751],"class_list":["post-16977","post","type-post","status-publish","format-standard","has-post-thumbnail","hentry","category-ecole","tag-denkmal","tag-denkmalschutz","tag-gebaeude","tag-geschichte","tag-tag-des-offenen-denkmals"],"yoast_head":"<!-- This site is optimized with the Yoast SEO plugin v27.5 - https:\/\/yoast.com\/product\/yoast-seo-wordpress\/ -->\n<title>Unser DFG beim Tag des Offenen Denkmals - Cam\u00e4l\u00e9on<\/title>\n<meta name=\"description\" content=\"Am 9. September war Tag des Offenen Denkmals. Auch das Deutsch-Franz\u00f6sische Gymnasium in Saarbr\u00fccken lud zu zwei F\u00fchrungen ein.\" \/>\n<meta name=\"robots\" content=\"index, follow, max-snippet:-1, max-image-preview:large, max-video-preview:-1\" \/>\n<link rel=\"canonical\" href=\"https:\/\/www.camaeleon.org\/en\/2018\/09\/23\/tagdesoffenendenkmals\/\" \/>\n<meta property=\"og:locale\" content=\"en_US\" \/>\n<meta property=\"og:type\" content=\"article\" \/>\n<meta property=\"og:title\" content=\"Unser DFG beim Tag des Offenen Denkmals - Cam\u00e4l\u00e9on\" \/>\n<meta property=\"og:description\" content=\"Am 9. September war Tag des Offenen Denkmals. Auch das Deutsch-Franz\u00f6sische Gymnasium in Saarbr\u00fccken lud zu zwei F\u00fchrungen ein.\" \/>\n<meta property=\"og:url\" content=\"https:\/\/www.camaeleon.org\/en\/2018\/09\/23\/tagdesoffenendenkmals\/\" \/>\n<meta property=\"og:site_name\" content=\"Cam\u00e4l\u00e9on\" \/>\n<meta property=\"article:publisher\" content=\"https:\/\/www.facebook.com\/camaeleon.org\/\" \/>\n<meta property=\"article:published_time\" content=\"2018-09-23T18:35:18+00:00\" \/>\n<meta property=\"article:modified_time\" content=\"2022-07-22T10:27:44+00:00\" \/>\n<meta property=\"og:image\" content=\"https:\/\/www.camaeleon.org\/wp-content\/uploads\/2018\/09\/Tag-des-Offenen-Denkmals-2018-1.jpg\" \/>\n\t<meta property=\"og:image:width\" content=\"1000\" \/>\n\t<meta property=\"og:image:height\" content=\"667\" \/>\n\t<meta property=\"og:image:type\" content=\"image\/jpeg\" \/>\n<meta name=\"author\" content=\"Fabius Leibrock\" \/>\n<meta name=\"twitter:card\" content=\"summary_large_image\" \/>\n<meta name=\"twitter:creator\" content=\"@camaeleonOrg\" \/>\n<meta name=\"twitter:site\" content=\"@camaeleonOrg\" \/>\n<script type=\"application\/ld+json\" class=\"yoast-schema-graph\">{\"@context\":\"https:\\\/\\\/schema.org\",\"@graph\":[{\"@type\":\"Article\",\"@id\":\"https:\\\/\\\/www.camaeleon.org\\\/2018\\\/09\\\/23\\\/tagdesoffenendenkmals\\\/#article\",\"isPartOf\":{\"@id\":\"https:\\\/\\\/www.camaeleon.org\\\/2018\\\/09\\\/23\\\/tagdesoffenendenkmals\\\/\"},\"author\":{\"name\":\"Fabius Leibrock\",\"@id\":\"https:\\\/\\\/www.camaeleon.org\\\/de\\\/#\\\/schema\\\/person\\\/910ba91888dfcbb54160e6f383afb9cc\"},\"headline\":\"Unser DFG beim Tag des Offenen Denkmals\",\"datePublished\":\"2018-09-23T18:35:18+00:00\",\"dateModified\":\"2022-07-22T10:27:44+00:00\",\"mainEntityOfPage\":{\"@id\":\"https:\\\/\\\/www.camaeleon.org\\\/2018\\\/09\\\/23\\\/tagdesoffenendenkmals\\\/\"},\"wordCount\":340,\"commentCount\":0,\"publisher\":{\"@id\":\"https:\\\/\\\/www.camaeleon.org\\\/de\\\/#organization\"},\"image\":{\"@id\":\"https:\\\/\\\/www.camaeleon.org\\\/2018\\\/09\\\/23\\\/tagdesoffenendenkmals\\\/#primaryimage\"},\"thumbnailUrl\":\"https:\\\/\\\/www.camaeleon.org\\\/wp-content\\\/uploads\\\/2018\\\/09\\\/Tag-des-Offenen-Denkmals-2018-1.jpg\",\"keywords\":[\"denkmal\",\"denkmalschutz\",\"Geb\u00e4ude\",\"Geschichte\",\"Tag des Offenen Denkmals\"],\"articleSection\":[\"School\"],\"inLanguage\":\"en-US\",\"potentialAction\":[{\"@type\":\"CommentAction\",\"name\":\"Comment\",\"target\":[\"https:\\\/\\\/www.camaeleon.org\\\/2018\\\/09\\\/23\\\/tagdesoffenendenkmals\\\/#respond\"]}]},{\"@type\":\"WebPage\",\"@id\":\"https:\\\/\\\/www.camaeleon.org\\\/en\\\/2018\\\/09\\\/23\\\/tagdesoffenendenkmals\\\/\",\"url\":\"https:\\\/\\\/www.camaeleon.org\\\/en\\\/2018\\\/09\\\/23\\\/tagdesoffenendenkmals\\\/\",\"name\":\"Unser DFG beim Tag des Offenen Denkmals - Cam\u00e4l\u00e9on\",\"isPartOf\":{\"@id\":\"https:\\\/\\\/www.camaeleon.org\\\/en\\\/#website\"},\"primaryImageOfPage\":{\"@id\":\"https:\\\/\\\/www.camaeleon.org\\\/en\\\/2018\\\/09\\\/23\\\/tagdesoffenendenkmals\\\/#primaryimage\"},\"image\":{\"@id\":\"https:\\\/\\\/www.camaeleon.org\\\/2018\\\/09\\\/23\\\/tagdesoffenendenkmals\\\/#primaryimage\"},\"thumbnailUrl\":\"https:\\\/\\\/www.camaeleon.org\\\/wp-content\\\/uploads\\\/2018\\\/09\\\/Tag-des-Offenen-Denkmals-2018-1.jpg\",\"datePublished\":\"2018-09-23T18:35:18+00:00\",\"dateModified\":\"2022-07-22T10:27:44+00:00\",\"description\":\"Am 9. September war Tag des Offenen Denkmals. Auch das Deutsch-Franz\u00f6sische Gymnasium in Saarbr\u00fccken lud zu zwei F\u00fchrungen ein.\",\"breadcrumb\":{\"@id\":\"https:\\\/\\\/www.camaeleon.org\\\/en\\\/2018\\\/09\\\/23\\\/tagdesoffenendenkmals\\\/#breadcrumb\"},\"inLanguage\":\"en-US\",\"potentialAction\":[{\"@type\":\"ReadAction\",\"target\":[[\"https:\\\/\\\/www.camaeleon.org\\\/en\\\/2018\\\/09\\\/23\\\/tagdesoffenendenkmals\\\/\"]]}]},{\"@type\":\"ImageObject\",\"inLanguage\":\"en-US\",\"@id\":\"https:\\\/\\\/www.camaeleon.org\\\/en\\\/2018\\\/09\\\/23\\\/tagdesoffenendenkmals\\\/#primaryimage\",\"url\":\"https:\\\/\\\/www.camaeleon.org\\\/wp-content\\\/uploads\\\/2018\\\/09\\\/Tag-des-Offenen-Denkmals-2018-1.jpg\",\"contentUrl\":\"https:\\\/\\\/www.camaeleon.org\\\/wp-content\\\/uploads\\\/2018\\\/09\\\/Tag-des-Offenen-Denkmals-2018-1.jpg\",\"width\":1000,\"height\":667},{\"@type\":\"BreadcrumbList\",\"@id\":\"https:\\\/\\\/www.camaeleon.org\\\/en\\\/2018\\\/09\\\/23\\\/tagdesoffenendenkmals\\\/#breadcrumb\",\"itemListElement\":[{\"@type\":\"ListItem\",\"position\":1,\"name\":\"Home\",\"item\":\"https:\\\/\\\/www.camaeleon.org\\\/en\\\/\"},{\"@type\":\"ListItem\",\"position\":2,\"name\":\"Unser DFG beim Tag des Offenen Denkmals\"}]},{\"@type\":\"WebSite\",\"@id\":\"https:\\\/\\\/www.camaeleon.org\\\/en\\\/#website\",\"url\":\"https:\\\/\\\/www.camaeleon.org\\\/en\\\/\",\"name\":\"Cam\u00e4l\u00e9on\",\"description\":\"The online student magazine by Deutsch-Franz\u00f6sisches Gymnasium Saarbr\u00fccken\",\"publisher\":{\"@id\":\"https:\\\/\\\/www.camaeleon.org\\\/en\\\/#organization\"},\"potentialAction\":[{\"@type\":\"SearchAction\",\"target\":{\"@type\":\"EntryPoint\",\"urlTemplate\":\"https:\\\/\\\/www.camaeleon.org\\\/en\\\/?s={search_term_string}\"},\"query-input\":{\"@type\":\"PropertyValueSpecification\",\"valueRequired\":true,\"valueName\":\"search_term_string\"}}],\"inLanguage\":\"en-US\"},{\"@type\":\"Organization\",\"@id\":\"https:\\\/\\\/www.camaeleon.org\\\/en\\\/#organization\",\"name\":\"Cam\u00e4l\u00e9on\",\"url\":\"https:\\\/\\\/www.camaeleon.org\\\/en\\\/\",\"logo\":{\"@type\":\"ImageObject\",\"inLanguage\":\"en-US\",\"@id\":\"https:\\\/\\\/www.camaeleon.org\\\/en\\\/#\\\/schema\\\/logo\\\/image\\\/\",\"url\":\"https:\\\/\\\/www.camaeleon.org\\\/wp-content\\\/uploads\\\/2011\\\/11\\\/CAM\u00c4LEON.jpg\",\"contentUrl\":\"https:\\\/\\\/www.camaeleon.org\\\/wp-content\\\/uploads\\\/2011\\\/11\\\/CAM\u00c4LEON.jpg\",\"width\":959,\"height\":959,\"caption\":\"Cam\u00e4l\u00e9on\"},\"image\":{\"@id\":\"https:\\\/\\\/www.camaeleon.org\\\/en\\\/#\\\/schema\\\/logo\\\/image\\\/\"},\"sameAs\":[\"https:\\\/\\\/www.facebook.com\\\/camaeleon.org\\\/\",\"https:\\\/\\\/x.com\\\/camaeleonOrg\",\"https:\\\/\\\/www.instagram.com\\\/camaeleon.dfg\\\/\",\"https:\\\/\\\/www.youtube.com\\\/channel\\\/UCl3TAUDdGuu_c7CD6ax6hYg\"]},{\"@type\":\"Person\",\"@id\":\"https:\\\/\\\/www.camaeleon.org\\\/de\\\/#\\\/schema\\\/person\\\/910ba91888dfcbb54160e6f383afb9cc\",\"name\":\"Fabius Leibrock\",\"image\":{\"@type\":\"ImageObject\",\"inLanguage\":\"en-US\",\"@id\":\"https:\\\/\\\/www.camaeleon.org\\\/en\\\/wp-content\\\/uploads\\\/2021\\\/10\\\/cropped-android-chrome-512x512-2-150x150.pngb111c6b8db723f506736f05d8fadbe0c\",\"url\":\"https:\\\/\\\/www.camaeleon.org\\\/wp-content\\\/uploads\\\/2021\\\/10\\\/cropped-android-chrome-512x512-2-150x150.png\",\"contentUrl\":\"https:\\\/\\\/www.camaeleon.org\\\/wp-content\\\/uploads\\\/2021\\\/10\\\/cropped-android-chrome-512x512-2-150x150.png\",\"caption\":\"Fabius Leibrock\"},\"url\":\"https:\\\/\\\/www.camaeleon.org\\\/en\\\/author\\\/fabius-leibrock\\\/\"}]}<\/script>\n<!-- \/ Yoast SEO plugin. -->","yoast_head_json":{"title":"Unser DFG beim Tag des Offenen Denkmals - Cam\u00e4l\u00e9on","description":"Am 9. September war Tag des Offenen Denkmals. Auch das Deutsch-Franz\u00f6sische Gymnasium in Saarbr\u00fccken lud zu zwei F\u00fchrungen ein.","robots":{"index":"index","follow":"follow","max-snippet":"max-snippet:-1","max-image-preview":"max-image-preview:large","max-video-preview":"max-video-preview:-1"},"canonical":"https:\/\/www.camaeleon.org\/en\/2018\/09\/23\/tagdesoffenendenkmals\/","og_locale":"en_US","og_type":"article","og_title":"Unser DFG beim Tag des Offenen Denkmals - Cam\u00e4l\u00e9on","og_description":"Am 9. September war Tag des Offenen Denkmals. Auch das Deutsch-Franz\u00f6sische Gymnasium in Saarbr\u00fccken lud zu zwei F\u00fchrungen ein.","og_url":"https:\/\/www.camaeleon.org\/en\/2018\/09\/23\/tagdesoffenendenkmals\/","og_site_name":"Cam\u00e4l\u00e9on","article_publisher":"https:\/\/www.facebook.com\/camaeleon.org\/","article_published_time":"2018-09-23T18:35:18+00:00","article_modified_time":"2022-07-22T10:27:44+00:00","og_image":[{"width":1000,"height":667,"url":"https:\/\/www.camaeleon.org\/wp-content\/uploads\/2018\/09\/Tag-des-Offenen-Denkmals-2018-1.jpg","type":"image\/jpeg"}],"author":"Fabius Leibrock","twitter_card":"summary_large_image","twitter_creator":"@camaeleonOrg","twitter_site":"@camaeleonOrg","schema":{"@context":"https:\/\/schema.org","@graph":[{"@type":"Article","@id":"https:\/\/www.camaeleon.org\/2018\/09\/23\/tagdesoffenendenkmals\/#article","isPartOf":{"@id":"https:\/\/www.camaeleon.org\/2018\/09\/23\/tagdesoffenendenkmals\/"},"author":{"name":"Fabius Leibrock","@id":"https:\/\/www.camaeleon.org\/de\/#\/schema\/person\/910ba91888dfcbb54160e6f383afb9cc"},"headline":"Unser DFG beim Tag des Offenen Denkmals","datePublished":"2018-09-23T18:35:18+00:00","dateModified":"2022-07-22T10:27:44+00:00","mainEntityOfPage":{"@id":"https:\/\/www.camaeleon.org\/2018\/09\/23\/tagdesoffenendenkmals\/"},"wordCount":340,"commentCount":0,"publisher":{"@id":"https:\/\/www.camaeleon.org\/de\/#organization"},"image":{"@id":"https:\/\/www.camaeleon.org\/2018\/09\/23\/tagdesoffenendenkmals\/#primaryimage"},"thumbnailUrl":"https:\/\/www.camaeleon.org\/wp-content\/uploads\/2018\/09\/Tag-des-Offenen-Denkmals-2018-1.jpg","keywords":["denkmal","denkmalschutz","Geb\u00e4ude","Geschichte","Tag des Offenen Denkmals"],"articleSection":["School"],"inLanguage":"en-US","potentialAction":[{"@type":"CommentAction","name":"Comment","target":["https:\/\/www.camaeleon.org\/2018\/09\/23\/tagdesoffenendenkmals\/#respond"]}]},{"@type":"WebPage","@id":"https:\/\/www.camaeleon.org\/en\/2018\/09\/23\/tagdesoffenendenkmals\/","url":"https:\/\/www.camaeleon.org\/en\/2018\/09\/23\/tagdesoffenendenkmals\/","name":"Unser DFG beim Tag des Offenen Denkmals - Cam\u00e4l\u00e9on","isPartOf":{"@id":"https:\/\/www.camaeleon.org\/en\/#website"},"primaryImageOfPage":{"@id":"https:\/\/www.camaeleon.org\/en\/2018\/09\/23\/tagdesoffenendenkmals\/#primaryimage"},"image":{"@id":"https:\/\/www.camaeleon.org\/2018\/09\/23\/tagdesoffenendenkmals\/#primaryimage"},"thumbnailUrl":"https:\/\/www.camaeleon.org\/wp-content\/uploads\/2018\/09\/Tag-des-Offenen-Denkmals-2018-1.jpg","datePublished":"2018-09-23T18:35:18+00:00","dateModified":"2022-07-22T10:27:44+00:00","description":"Am 9. September war Tag des Offenen Denkmals. Auch das Deutsch-Franz\u00f6sische Gymnasium in Saarbr\u00fccken lud zu zwei F\u00fchrungen ein.","breadcrumb":{"@id":"https:\/\/www.camaeleon.org\/en\/2018\/09\/23\/tagdesoffenendenkmals\/#breadcrumb"},"inLanguage":"en-US","potentialAction":[{"@type":"ReadAction","target":[["https:\/\/www.camaeleon.org\/en\/2018\/09\/23\/tagdesoffenendenkmals\/"]]}]},{"@type":"ImageObject","inLanguage":"en-US","@id":"https:\/\/www.camaeleon.org\/en\/2018\/09\/23\/tagdesoffenendenkmals\/#primaryimage","url":"https:\/\/www.camaeleon.org\/wp-content\/uploads\/2018\/09\/Tag-des-Offenen-Denkmals-2018-1.jpg","contentUrl":"https:\/\/www.camaeleon.org\/wp-content\/uploads\/2018\/09\/Tag-des-Offenen-Denkmals-2018-1.jpg","width":1000,"height":667},{"@type":"BreadcrumbList","@id":"https:\/\/www.camaeleon.org\/en\/2018\/09\/23\/tagdesoffenendenkmals\/#breadcrumb","itemListElement":[{"@type":"ListItem","position":1,"name":"Home","item":"https:\/\/www.camaeleon.org\/en\/"},{"@type":"ListItem","position":2,"name":"Unser DFG beim Tag des Offenen Denkmals"}]},{"@type":"WebSite","@id":"https:\/\/www.camaeleon.org\/en\/#website","url":"https:\/\/www.camaeleon.org\/en\/","name":"Cam\u00e4l\u00e9on","description":"The online student magazine by Deutsch-Franz\u00f6sisches Gymnasium Saarbr\u00fccken","publisher":{"@id":"https:\/\/www.camaeleon.org\/en\/#organization"},"potentialAction":[{"@type":"SearchAction","target":{"@type":"EntryPoint","urlTemplate":"https:\/\/www.camaeleon.org\/en\/?s={search_term_string}"},"query-input":{"@type":"PropertyValueSpecification","valueRequired":true,"valueName":"search_term_string"}}],"inLanguage":"en-US"},{"@type":"Organization","@id":"https:\/\/www.camaeleon.org\/en\/#organization","name":"Cam\u00e4l\u00e9on","url":"https:\/\/www.camaeleon.org\/en\/","logo":{"@type":"ImageObject","inLanguage":"en-US","@id":"https:\/\/www.camaeleon.org\/en\/#\/schema\/logo\/image\/","url":"https:\/\/www.camaeleon.org\/wp-content\/uploads\/2011\/11\/CAM\u00c4LEON.jpg","contentUrl":"https:\/\/www.camaeleon.org\/wp-content\/uploads\/2011\/11\/CAM\u00c4LEON.jpg","width":959,"height":959,"caption":"Cam\u00e4l\u00e9on"},"image":{"@id":"https:\/\/www.camaeleon.org\/en\/#\/schema\/logo\/image\/"},"sameAs":["https:\/\/www.facebook.com\/camaeleon.org\/","https:\/\/x.com\/camaeleonOrg","https:\/\/www.instagram.com\/camaeleon.dfg\/","https:\/\/www.youtube.com\/channel\/UCl3TAUDdGuu_c7CD6ax6hYg"]},{"@type":"Person","@id":"https:\/\/www.camaeleon.org\/de\/#\/schema\/person\/910ba91888dfcbb54160e6f383afb9cc","name":"Fabius Leibrock","image":{"@type":"ImageObject","inLanguage":"en-US","@id":"https:\/\/www.camaeleon.org\/en\/wp-content\/uploads\/2021\/10\/cropped-android-chrome-512x512-2-150x150.pngb111c6b8db723f506736f05d8fadbe0c","url":"https:\/\/www.camaeleon.org\/wp-content\/uploads\/2021\/10\/cropped-android-chrome-512x512-2-150x150.png","contentUrl":"https:\/\/www.camaeleon.org\/wp-content\/uploads\/2021\/10\/cropped-android-chrome-512x512-2-150x150.png","caption":"Fabius Leibrock"},"url":"https:\/\/www.camaeleon.org\/en\/author\/fabius-leibrock\/"}]}},"_links":{"self":[{"href":"https:\/\/www.camaeleon.org\/en\/wp-json\/wp\/v2\/posts\/16977","targetHints":{"allow":["GET"]}}],"collection":[{"href":"https:\/\/www.camaeleon.org\/en\/wp-json\/wp\/v2\/posts"}],"about":[{"href":"https:\/\/www.camaeleon.org\/en\/wp-json\/wp\/v2\/types\/post"}],"author":[{"embeddable":true,"href":"https:\/\/www.camaeleon.org\/en\/wp-json\/wp\/v2\/users\/104"}],"replies":[{"embeddable":true,"href":"https:\/\/www.camaeleon.org\/en\/wp-json\/wp\/v2\/comments?post=16977"}],"version-history":[{"count":0,"href":"https:\/\/www.camaeleon.org\/en\/wp-json\/wp\/v2\/posts\/16977\/revisions"}],"wp:featuredmedia":[{"embeddable":true,"href":"https:\/\/www.camaeleon.org\/en\/wp-json\/wp\/v2\/media\/16996"}],"wp:attachment":[{"href":"https:\/\/www.camaeleon.org\/en\/wp-json\/wp\/v2\/media?parent=16977"}],"wp:term":[{"taxonomy":"category","embeddable":true,"href":"https:\/\/www.camaeleon.org\/en\/wp-json\/wp\/v2\/categories?post=16977"},{"taxonomy":"post_tag","embeddable":true,"href":"https:\/\/www.camaeleon.org\/en\/wp-json\/wp\/v2\/tags?post=16977"},{"taxonomy":"author","embeddable":true,"href":"https:\/\/www.camaeleon.org\/en\/wp-json\/wp\/v2\/coauthors?post=16977"}],"curies":[{"name":"wp","href":"https:\/\/api.w.org\/{rel}","templated":true}]}}