{"id":16708,"date":"2018-06-29T14:57:32","date_gmt":"2018-06-29T12:57:32","guid":{"rendered":"https:\/\/www.camaeleon.org\/?p=16708"},"modified":"2020-12-23T13:15:54","modified_gmt":"2020-12-23T12:15:54","slug":"frieden-machen-wie-geht-das-uberhaupt","status":"publish","type":"post","link":"https:\/\/www.camaeleon.org\/en\/2018\/06\/29\/frieden-machen-wie-geht-das-uberhaupt\/","title":{"rendered":"Frieden machen, wie geht das \u00fcberhaupt?"},"content":{"rendered":"<p><figure id=\"attachment_16790\" aria-describedby=\"caption-attachment-16790\" style=\"width: 150px\" class=\"wp-caption alignleft\"><img loading=\"lazy\" decoding=\"async\" class=\"size-thumbnail wp-image-16790\" src=\"https:\/\/www.camaeleon.org\/wp-content\/uploads\/2018\/06\/peace-1897318_1920-150x150.jpg\" alt=\"\" width=\"150\" height=\"150\" srcset=\"https:\/\/www.camaeleon.org\/wp-content\/uploads\/2018\/06\/peace-1897318_1920-150x150.jpg 150w, https:\/\/www.camaeleon.org\/wp-content\/uploads\/2018\/06\/peace-1897318_1920-90x90.jpg 90w, https:\/\/www.camaeleon.org\/wp-content\/uploads\/2018\/06\/peace-1897318_1920-75x75.jpg 75w, https:\/\/www.camaeleon.org\/wp-content\/uploads\/2018\/06\/peace-1897318_1920-120x120.jpg 120w\" sizes=\"auto, (max-width: 150px) 100vw, 150px\" \/><figcaption id=\"caption-attachment-16790\" class=\"wp-caption-text\">Peace (source: Pixabay)<\/figcaption><\/figure><\/p>\n<p><em>Bis vor kurzem gab es im Mehrzweckraum unserer Schule eine interaktive Ausstellung zum Thema Frieden und Friedenserhaltung. Sie war f\u00fcr alle Sch\u00fcler \u00fcber Klasse Neun in Begleitung einer Lehrkraft ge\u00f6ffnet.<\/em><\/p>\n<h6>Was gab es in der Ausstellung eigentlich?<\/h6>\n<p>Im Kontext der Kampagne haben die Installateure mehrere Audio-, Video- und Textbeitr\u00e4ge eingerichtet, rund um das Thema Gewaltpr\u00e4vention, Friedenserhaltung und globale Konfliktl\u00f6sung. Es gab zwei Gruppenspiele, die aufgezeigt haben, welche Hindernisse es auf dem weg zum Frieden gibt und wie man sie \u00fcberwindet. Zudem gab es noch zwei Karten, an denen man ablesen konnte, wo auf der Welt es Konflikte und UN-Einsatzorte gibt. Au\u00dferdem waren noch einige Beitr\u00e4ge und Zitate von Friedensaktivisten, um den Sch\u00fclern ihre Sichtweise nahezubringen.<\/p>\n<h6>Was halten die Lehrer davon?<\/h6>\n<p><em>Ich habe Herrn Uloth nach seiner Meinung und seinem Fazit zu der Ausstellung gefragt, und sie hier festgehalten. <\/em><\/p>\n<p>Die Ausstellung war laut ihm eine sinnvolle Bereicherung f\u00fcr die Sch\u00fcler, da sie auf spielerische und sehr einfache Art das Komplexe Thema erkl\u00e4rt hat, und es simpel vermitteln konnte. Besonders gut fand er den Part zum Einstieg, bei dem sich die Besucher zwischen &#8220;eingreifen&#8221; und &#8220;raushalten&#8221; entscheiden mussten, um danach die verzwickten Hintergr\u00fcnde zu entdecken. Dadurch konnte man gut verstehen wie schwer Frieden \u00fcberhaupt zu erreichen ist. Trotz einiger Kontroverse steht er allerdings hinter der Entscheidung der Macher die Ausstellung nur ab der 9. freizugeben, da er glaubt, dass j\u00fcngere Sch\u00fcler die Thematik nicht verstehen w\u00fcrden.<\/p>\n<p>Ein Verbesserungsansatz w\u00e4re f\u00fcr ihn zum Beispiel, die Laufzeit der zahlreichen Videos anzuzeigen, um die Zeit besser einzuteilen. Ein Problem mit der Ausstellung war f\u00fcr ihn, dass s\u00e4mtliche Beitr\u00e4ge auf Deutsch waren und deshalb die frankophonen Sch\u00fcler etwas auf dem Schlauch standen.<\/p>\n<p>Trotzdem w\u00fcrde er die Ausstellung noch einmal besuchen, wenn er die M\u00f6glichkeit dazu h\u00e4tte.<\/p>\n<h6>Meine Pers\u00f6nliche Meinung:<\/h6>\n<p>Ich pers\u00f6nlich fand, dass die Ausstellung als ganzes sehr interessant und sehenswert war. Aber, obwohl ich einiges lernen konnte, denke ich, dass der Ansatz, der verfolgt wurde, zu optimistisch und naiv erschien. Ich f\u00fcrchte, dass die Ernsthaftigkeit der Angelegenheit unter der simplen Darstellung etwas gelitten hat.<\/p>","protected":false},"excerpt":{"rendered":"<p>Bis vor kurzem gab es im Mehrzweckraum unserer Schule eine interaktive Ausstellung zum Thema Frieden und Friedenserhaltung. Sie war f\u00fcr alle Sch\u00fcler \u00fcber Klasse Neun<\/p>\n","protected":false},"author":120,"featured_media":16790,"comment_status":"open","ping_status":"closed","sticky":false,"template":"","format":"standard","meta":{"colormag_page_container_layout":"default_layout","colormag_page_sidebar_layout":"default_layout","footnotes":""},"categories":[3],"tags":[1334,1335],"coauthors":[764],"class_list":["post-16708","post","type-post","status-publish","format-standard","has-post-thumbnail","hentry","category-ecole","tag-frieden","tag-paix"],"yoast_head":"<!-- This site is optimized with the Yoast SEO plugin v27.5 - https:\/\/yoast.com\/product\/yoast-seo-wordpress\/ -->\n<title>Frieden machen, wie geht das \u00fcberhaupt? - Cam\u00e4l\u00e9on<\/title>\n<meta name=\"description\" content=\"Bis vor kurzem gab es im Mehrzweckraum unserer Schule eine interaktive Ausstellung zum Thema Frieden und Friedenserhaltung.\" \/>\n<meta name=\"robots\" content=\"index, follow, max-snippet:-1, max-image-preview:large, max-video-preview:-1\" \/>\n<link rel=\"canonical\" href=\"https:\/\/www.camaeleon.org\/en\/2018\/06\/29\/frieden-machen-wie-geht-das-uberhaupt\/\" \/>\n<meta property=\"og:locale\" content=\"en_US\" \/>\n<meta property=\"og:type\" content=\"article\" \/>\n<meta property=\"og:title\" content=\"Frieden machen, wie geht das \u00fcberhaupt? - Cam\u00e4l\u00e9on\" \/>\n<meta property=\"og:description\" content=\"Bis vor kurzem gab es im Mehrzweckraum unserer Schule eine interaktive Ausstellung zum Thema Frieden und Friedenserhaltung.\" \/>\n<meta property=\"og:url\" content=\"https:\/\/www.camaeleon.org\/en\/2018\/06\/29\/frieden-machen-wie-geht-das-uberhaupt\/\" \/>\n<meta property=\"og:site_name\" content=\"Cam\u00e4l\u00e9on\" \/>\n<meta property=\"article:publisher\" content=\"https:\/\/www.facebook.com\/camaeleon.org\/\" \/>\n<meta property=\"article:published_time\" content=\"2018-06-29T12:57:32+00:00\" \/>\n<meta property=\"article:modified_time\" content=\"2020-12-23T12:15:54+00:00\" \/>\n<meta property=\"og:image\" content=\"https:\/\/www.camaeleon.org\/wp-content\/uploads\/2018\/06\/peace-1897318_1920.jpg\" \/>\n\t<meta property=\"og:image:width\" content=\"1000\" \/>\n\t<meta property=\"og:image:height\" content=\"668\" \/>\n\t<meta property=\"og:image:type\" content=\"image\/jpeg\" \/>\n<meta name=\"author\" content=\"Kian Dier\" \/>\n<meta name=\"twitter:card\" content=\"summary_large_image\" \/>\n<meta name=\"twitter:creator\" content=\"@camaeleonOrg\" \/>\n<meta name=\"twitter:site\" content=\"@camaeleonOrg\" \/>\n<script type=\"application\/ld+json\" class=\"yoast-schema-graph\">{\"@context\":\"https:\\\/\\\/schema.org\",\"@graph\":[{\"@type\":\"Article\",\"@id\":\"https:\\\/\\\/www.camaeleon.org\\\/2018\\\/06\\\/29\\\/frieden-machen-wie-geht-das-uberhaupt\\\/#article\",\"isPartOf\":{\"@id\":\"https:\\\/\\\/www.camaeleon.org\\\/2018\\\/06\\\/29\\\/frieden-machen-wie-geht-das-uberhaupt\\\/\"},\"author\":{\"name\":\"Kian Dier\",\"@id\":\"https:\\\/\\\/www.camaeleon.org\\\/de\\\/#\\\/schema\\\/person\\\/77f057676dc1f71afcb61826dd069303\"},\"headline\":\"Frieden machen, wie geht das \u00fcberhaupt?\",\"datePublished\":\"2018-06-29T12:57:32+00:00\",\"dateModified\":\"2020-12-23T12:15:54+00:00\",\"mainEntityOfPage\":{\"@id\":\"https:\\\/\\\/www.camaeleon.org\\\/2018\\\/06\\\/29\\\/frieden-machen-wie-geht-das-uberhaupt\\\/\"},\"wordCount\":1137,\"commentCount\":1,\"publisher\":{\"@id\":\"https:\\\/\\\/www.camaeleon.org\\\/de\\\/#organization\"},\"image\":{\"@id\":\"https:\\\/\\\/www.camaeleon.org\\\/2018\\\/06\\\/29\\\/frieden-machen-wie-geht-das-uberhaupt\\\/#primaryimage\"},\"thumbnailUrl\":\"https:\\\/\\\/www.camaeleon.org\\\/wp-content\\\/uploads\\\/2018\\\/06\\\/peace-1897318_1920.jpg\",\"keywords\":[\"Frieden\",\"paix\"],\"articleSection\":[\"School\"],\"inLanguage\":\"en-US\",\"potentialAction\":[{\"@type\":\"CommentAction\",\"name\":\"Comment\",\"target\":[\"https:\\\/\\\/www.camaeleon.org\\\/2018\\\/06\\\/29\\\/frieden-machen-wie-geht-das-uberhaupt\\\/#respond\"]}]},{\"@type\":\"WebPage\",\"@id\":\"https:\\\/\\\/www.camaeleon.org\\\/en\\\/2018\\\/06\\\/29\\\/frieden-machen-wie-geht-das-uberhaupt\\\/\",\"url\":\"https:\\\/\\\/www.camaeleon.org\\\/en\\\/2018\\\/06\\\/29\\\/frieden-machen-wie-geht-das-uberhaupt\\\/\",\"name\":\"Frieden machen, wie geht das \u00fcberhaupt? - Cam\u00e4l\u00e9on\",\"isPartOf\":{\"@id\":\"https:\\\/\\\/www.camaeleon.org\\\/en\\\/#website\"},\"primaryImageOfPage\":{\"@id\":\"https:\\\/\\\/www.camaeleon.org\\\/en\\\/2018\\\/06\\\/29\\\/frieden-machen-wie-geht-das-uberhaupt\\\/#primaryimage\"},\"image\":{\"@id\":\"https:\\\/\\\/www.camaeleon.org\\\/2018\\\/06\\\/29\\\/frieden-machen-wie-geht-das-uberhaupt\\\/#primaryimage\"},\"thumbnailUrl\":\"https:\\\/\\\/www.camaeleon.org\\\/wp-content\\\/uploads\\\/2018\\\/06\\\/peace-1897318_1920.jpg\",\"datePublished\":\"2018-06-29T12:57:32+00:00\",\"dateModified\":\"2020-12-23T12:15:54+00:00\",\"description\":\"Bis vor kurzem gab es im Mehrzweckraum unserer Schule eine interaktive Ausstellung zum Thema Frieden und Friedenserhaltung.\",\"breadcrumb\":{\"@id\":\"https:\\\/\\\/www.camaeleon.org\\\/en\\\/2018\\\/06\\\/29\\\/frieden-machen-wie-geht-das-uberhaupt\\\/#breadcrumb\"},\"inLanguage\":\"en-US\",\"potentialAction\":[{\"@type\":\"ReadAction\",\"target\":[[\"https:\\\/\\\/www.camaeleon.org\\\/en\\\/2018\\\/06\\\/29\\\/frieden-machen-wie-geht-das-uberhaupt\\\/\"]]}]},{\"@type\":\"ImageObject\",\"inLanguage\":\"en-US\",\"@id\":\"https:\\\/\\\/www.camaeleon.org\\\/en\\\/2018\\\/06\\\/29\\\/frieden-machen-wie-geht-das-uberhaupt\\\/#primaryimage\",\"url\":\"https:\\\/\\\/www.camaeleon.org\\\/wp-content\\\/uploads\\\/2018\\\/06\\\/peace-1897318_1920.jpg\",\"contentUrl\":\"https:\\\/\\\/www.camaeleon.org\\\/wp-content\\\/uploads\\\/2018\\\/06\\\/peace-1897318_1920.jpg\",\"width\":1000,\"height\":668,\"caption\":\"Peace (source: Pixabay)\"},{\"@type\":\"BreadcrumbList\",\"@id\":\"https:\\\/\\\/www.camaeleon.org\\\/en\\\/2018\\\/06\\\/29\\\/frieden-machen-wie-geht-das-uberhaupt\\\/#breadcrumb\",\"itemListElement\":[{\"@type\":\"ListItem\",\"position\":1,\"name\":\"Home\",\"item\":\"https:\\\/\\\/www.camaeleon.org\\\/en\\\/\"},{\"@type\":\"ListItem\",\"position\":2,\"name\":\"Frieden machen, wie geht das \u00fcberhaupt?\"}]},{\"@type\":\"WebSite\",\"@id\":\"https:\\\/\\\/www.camaeleon.org\\\/en\\\/#website\",\"url\":\"https:\\\/\\\/www.camaeleon.org\\\/en\\\/\",\"name\":\"Cam\u00e4l\u00e9on\",\"description\":\"The online student magazine by Deutsch-Franz\u00f6sisches Gymnasium Saarbr\u00fccken\",\"publisher\":{\"@id\":\"https:\\\/\\\/www.camaeleon.org\\\/en\\\/#organization\"},\"potentialAction\":[{\"@type\":\"SearchAction\",\"target\":{\"@type\":\"EntryPoint\",\"urlTemplate\":\"https:\\\/\\\/www.camaeleon.org\\\/en\\\/?s={search_term_string}\"},\"query-input\":{\"@type\":\"PropertyValueSpecification\",\"valueRequired\":true,\"valueName\":\"search_term_string\"}}],\"inLanguage\":\"en-US\"},{\"@type\":\"Organization\",\"@id\":\"https:\\\/\\\/www.camaeleon.org\\\/en\\\/#organization\",\"name\":\"Cam\u00e4l\u00e9on\",\"url\":\"https:\\\/\\\/www.camaeleon.org\\\/en\\\/\",\"logo\":{\"@type\":\"ImageObject\",\"inLanguage\":\"en-US\",\"@id\":\"https:\\\/\\\/www.camaeleon.org\\\/en\\\/#\\\/schema\\\/logo\\\/image\\\/\",\"url\":\"https:\\\/\\\/www.camaeleon.org\\\/wp-content\\\/uploads\\\/2011\\\/11\\\/CAM\u00c4LEON.jpg\",\"contentUrl\":\"https:\\\/\\\/www.camaeleon.org\\\/wp-content\\\/uploads\\\/2011\\\/11\\\/CAM\u00c4LEON.jpg\",\"width\":959,\"height\":959,\"caption\":\"Cam\u00e4l\u00e9on\"},\"image\":{\"@id\":\"https:\\\/\\\/www.camaeleon.org\\\/en\\\/#\\\/schema\\\/logo\\\/image\\\/\"},\"sameAs\":[\"https:\\\/\\\/www.facebook.com\\\/camaeleon.org\\\/\",\"https:\\\/\\\/x.com\\\/camaeleonOrg\",\"https:\\\/\\\/www.instagram.com\\\/camaeleon.dfg\\\/\",\"https:\\\/\\\/www.youtube.com\\\/channel\\\/UCl3TAUDdGuu_c7CD6ax6hYg\"]},{\"@type\":\"Person\",\"@id\":\"https:\\\/\\\/www.camaeleon.org\\\/de\\\/#\\\/schema\\\/person\\\/77f057676dc1f71afcb61826dd069303\",\"name\":\"Kian Dier\",\"image\":{\"@type\":\"ImageObject\",\"inLanguage\":\"en-US\",\"@id\":\"https:\\\/\\\/www.camaeleon.org\\\/en\\\/wp-content\\\/uploads\\\/2011\\\/07\\\/Kian-120x120.jpgc3422467ea706140182ca26b28f79354\",\"url\":\"https:\\\/\\\/www.camaeleon.org\\\/wp-content\\\/uploads\\\/2011\\\/07\\\/Kian-120x120.jpg\",\"contentUrl\":\"https:\\\/\\\/www.camaeleon.org\\\/wp-content\\\/uploads\\\/2011\\\/07\\\/Kian-120x120.jpg\",\"caption\":\"Kian Dier\"},\"url\":\"https:\\\/\\\/www.camaeleon.org\\\/en\\\/author\\\/kian-dier\\\/\"}]}<\/script>\n<!-- \/ Yoast SEO plugin. -->","yoast_head_json":{"title":"Frieden machen, wie geht das \u00fcberhaupt? - Cam\u00e4l\u00e9on","description":"Bis vor kurzem gab es im Mehrzweckraum unserer Schule eine interaktive Ausstellung zum Thema Frieden und Friedenserhaltung.","robots":{"index":"index","follow":"follow","max-snippet":"max-snippet:-1","max-image-preview":"max-image-preview:large","max-video-preview":"max-video-preview:-1"},"canonical":"https:\/\/www.camaeleon.org\/en\/2018\/06\/29\/frieden-machen-wie-geht-das-uberhaupt\/","og_locale":"en_US","og_type":"article","og_title":"Frieden machen, wie geht das \u00fcberhaupt? - Cam\u00e4l\u00e9on","og_description":"Bis vor kurzem gab es im Mehrzweckraum unserer Schule eine interaktive Ausstellung zum Thema Frieden und Friedenserhaltung.","og_url":"https:\/\/www.camaeleon.org\/en\/2018\/06\/29\/frieden-machen-wie-geht-das-uberhaupt\/","og_site_name":"Cam\u00e4l\u00e9on","article_publisher":"https:\/\/www.facebook.com\/camaeleon.org\/","article_published_time":"2018-06-29T12:57:32+00:00","article_modified_time":"2020-12-23T12:15:54+00:00","og_image":[{"width":1000,"height":668,"url":"https:\/\/www.camaeleon.org\/wp-content\/uploads\/2018\/06\/peace-1897318_1920.jpg","type":"image\/jpeg"}],"author":"Kian Dier","twitter_card":"summary_large_image","twitter_creator":"@camaeleonOrg","twitter_site":"@camaeleonOrg","schema":{"@context":"https:\/\/schema.org","@graph":[{"@type":"Article","@id":"https:\/\/www.camaeleon.org\/2018\/06\/29\/frieden-machen-wie-geht-das-uberhaupt\/#article","isPartOf":{"@id":"https:\/\/www.camaeleon.org\/2018\/06\/29\/frieden-machen-wie-geht-das-uberhaupt\/"},"author":{"name":"Kian Dier","@id":"https:\/\/www.camaeleon.org\/de\/#\/schema\/person\/77f057676dc1f71afcb61826dd069303"},"headline":"Frieden machen, wie geht das \u00fcberhaupt?","datePublished":"2018-06-29T12:57:32+00:00","dateModified":"2020-12-23T12:15:54+00:00","mainEntityOfPage":{"@id":"https:\/\/www.camaeleon.org\/2018\/06\/29\/frieden-machen-wie-geht-das-uberhaupt\/"},"wordCount":1137,"commentCount":1,"publisher":{"@id":"https:\/\/www.camaeleon.org\/de\/#organization"},"image":{"@id":"https:\/\/www.camaeleon.org\/2018\/06\/29\/frieden-machen-wie-geht-das-uberhaupt\/#primaryimage"},"thumbnailUrl":"https:\/\/www.camaeleon.org\/wp-content\/uploads\/2018\/06\/peace-1897318_1920.jpg","keywords":["Frieden","paix"],"articleSection":["School"],"inLanguage":"en-US","potentialAction":[{"@type":"CommentAction","name":"Comment","target":["https:\/\/www.camaeleon.org\/2018\/06\/29\/frieden-machen-wie-geht-das-uberhaupt\/#respond"]}]},{"@type":"WebPage","@id":"https:\/\/www.camaeleon.org\/en\/2018\/06\/29\/frieden-machen-wie-geht-das-uberhaupt\/","url":"https:\/\/www.camaeleon.org\/en\/2018\/06\/29\/frieden-machen-wie-geht-das-uberhaupt\/","name":"Frieden machen, wie geht das \u00fcberhaupt? - Cam\u00e4l\u00e9on","isPartOf":{"@id":"https:\/\/www.camaeleon.org\/en\/#website"},"primaryImageOfPage":{"@id":"https:\/\/www.camaeleon.org\/en\/2018\/06\/29\/frieden-machen-wie-geht-das-uberhaupt\/#primaryimage"},"image":{"@id":"https:\/\/www.camaeleon.org\/2018\/06\/29\/frieden-machen-wie-geht-das-uberhaupt\/#primaryimage"},"thumbnailUrl":"https:\/\/www.camaeleon.org\/wp-content\/uploads\/2018\/06\/peace-1897318_1920.jpg","datePublished":"2018-06-29T12:57:32+00:00","dateModified":"2020-12-23T12:15:54+00:00","description":"Bis vor kurzem gab es im Mehrzweckraum unserer Schule eine interaktive Ausstellung zum Thema Frieden und Friedenserhaltung.","breadcrumb":{"@id":"https:\/\/www.camaeleon.org\/en\/2018\/06\/29\/frieden-machen-wie-geht-das-uberhaupt\/#breadcrumb"},"inLanguage":"en-US","potentialAction":[{"@type":"ReadAction","target":[["https:\/\/www.camaeleon.org\/en\/2018\/06\/29\/frieden-machen-wie-geht-das-uberhaupt\/"]]}]},{"@type":"ImageObject","inLanguage":"en-US","@id":"https:\/\/www.camaeleon.org\/en\/2018\/06\/29\/frieden-machen-wie-geht-das-uberhaupt\/#primaryimage","url":"https:\/\/www.camaeleon.org\/wp-content\/uploads\/2018\/06\/peace-1897318_1920.jpg","contentUrl":"https:\/\/www.camaeleon.org\/wp-content\/uploads\/2018\/06\/peace-1897318_1920.jpg","width":1000,"height":668,"caption":"Peace (source: Pixabay)"},{"@type":"BreadcrumbList","@id":"https:\/\/www.camaeleon.org\/en\/2018\/06\/29\/frieden-machen-wie-geht-das-uberhaupt\/#breadcrumb","itemListElement":[{"@type":"ListItem","position":1,"name":"Home","item":"https:\/\/www.camaeleon.org\/en\/"},{"@type":"ListItem","position":2,"name":"Frieden machen, wie geht das \u00fcberhaupt?"}]},{"@type":"WebSite","@id":"https:\/\/www.camaeleon.org\/en\/#website","url":"https:\/\/www.camaeleon.org\/en\/","name":"Cam\u00e4l\u00e9on","description":"The online student magazine by Deutsch-Franz\u00f6sisches Gymnasium Saarbr\u00fccken","publisher":{"@id":"https:\/\/www.camaeleon.org\/en\/#organization"},"potentialAction":[{"@type":"SearchAction","target":{"@type":"EntryPoint","urlTemplate":"https:\/\/www.camaeleon.org\/en\/?s={search_term_string}"},"query-input":{"@type":"PropertyValueSpecification","valueRequired":true,"valueName":"search_term_string"}}],"inLanguage":"en-US"},{"@type":"Organization","@id":"https:\/\/www.camaeleon.org\/en\/#organization","name":"Cam\u00e4l\u00e9on","url":"https:\/\/www.camaeleon.org\/en\/","logo":{"@type":"ImageObject","inLanguage":"en-US","@id":"https:\/\/www.camaeleon.org\/en\/#\/schema\/logo\/image\/","url":"https:\/\/www.camaeleon.org\/wp-content\/uploads\/2011\/11\/CAM\u00c4LEON.jpg","contentUrl":"https:\/\/www.camaeleon.org\/wp-content\/uploads\/2011\/11\/CAM\u00c4LEON.jpg","width":959,"height":959,"caption":"Cam\u00e4l\u00e9on"},"image":{"@id":"https:\/\/www.camaeleon.org\/en\/#\/schema\/logo\/image\/"},"sameAs":["https:\/\/www.facebook.com\/camaeleon.org\/","https:\/\/x.com\/camaeleonOrg","https:\/\/www.instagram.com\/camaeleon.dfg\/","https:\/\/www.youtube.com\/channel\/UCl3TAUDdGuu_c7CD6ax6hYg"]},{"@type":"Person","@id":"https:\/\/www.camaeleon.org\/de\/#\/schema\/person\/77f057676dc1f71afcb61826dd069303","name":"Kian Dier","image":{"@type":"ImageObject","inLanguage":"en-US","@id":"https:\/\/www.camaeleon.org\/en\/wp-content\/uploads\/2011\/07\/Kian-120x120.jpgc3422467ea706140182ca26b28f79354","url":"https:\/\/www.camaeleon.org\/wp-content\/uploads\/2011\/07\/Kian-120x120.jpg","contentUrl":"https:\/\/www.camaeleon.org\/wp-content\/uploads\/2011\/07\/Kian-120x120.jpg","caption":"Kian Dier"},"url":"https:\/\/www.camaeleon.org\/en\/author\/kian-dier\/"}]}},"_links":{"self":[{"href":"https:\/\/www.camaeleon.org\/en\/wp-json\/wp\/v2\/posts\/16708","targetHints":{"allow":["GET"]}}],"collection":[{"href":"https:\/\/www.camaeleon.org\/en\/wp-json\/wp\/v2\/posts"}],"about":[{"href":"https:\/\/www.camaeleon.org\/en\/wp-json\/wp\/v2\/types\/post"}],"author":[{"embeddable":true,"href":"https:\/\/www.camaeleon.org\/en\/wp-json\/wp\/v2\/users\/120"}],"replies":[{"embeddable":true,"href":"https:\/\/www.camaeleon.org\/en\/wp-json\/wp\/v2\/comments?post=16708"}],"version-history":[{"count":0,"href":"https:\/\/www.camaeleon.org\/en\/wp-json\/wp\/v2\/posts\/16708\/revisions"}],"wp:featuredmedia":[{"embeddable":true,"href":"https:\/\/www.camaeleon.org\/en\/wp-json\/wp\/v2\/media\/16790"}],"wp:attachment":[{"href":"https:\/\/www.camaeleon.org\/en\/wp-json\/wp\/v2\/media?parent=16708"}],"wp:term":[{"taxonomy":"category","embeddable":true,"href":"https:\/\/www.camaeleon.org\/en\/wp-json\/wp\/v2\/categories?post=16708"},{"taxonomy":"post_tag","embeddable":true,"href":"https:\/\/www.camaeleon.org\/en\/wp-json\/wp\/v2\/tags?post=16708"},{"taxonomy":"author","embeddable":true,"href":"https:\/\/www.camaeleon.org\/en\/wp-json\/wp\/v2\/coauthors?post=16708"}],"curies":[{"name":"wp","href":"https:\/\/api.w.org\/{rel}","templated":true}]}}