{"id":14857,"date":"2017-03-28T06:27:53","date_gmt":"2017-03-28T04:27:53","guid":{"rendered":"http:\/\/www.camaeleon.org\/?p=14857"},"modified":"2020-12-23T13:38:44","modified_gmt":"2020-12-23T12:38:44","slug":"schuluniformen-am-dfg-dafur-oder-dagegen","status":"publish","type":"post","link":"https:\/\/www.camaeleon.org\/en\/2017\/03\/28\/schuluniformen-am-dfg-dafur-oder-dagegen\/","title":{"rendered":"Schuluniformen am DFG &#8211; Daf\u00fcr oder dagegen?"},"content":{"rendered":"<p>School uniforms at DFG-LFA - for or against?<\/a><\/li>\t<\/ol>\n\t<\/noscript>\n\t<script type=\"application\/json\" class=\"wp-playlist-script\">{\"type\":\"audio\",\"tracklist\":true,\"tracknumbers\":true,\"images\":true,\"artists\":true,\"tracks\":[{\"src\":\"https:\/\/www.camaeleon.org\/wp-content\/uploads\/2017\/03\/uniformes-au-LFA.mp3\",\"type\":\"audio\/mpeg\",\"title\":\"School uniforms at DFG-LFA - for or against?\",\"caption\":\"School uniforms at DFG-LFA - for or against?\",\"description\":\"School uniforms at DFG-LFA - for or against?\",\"meta\":{\"artist\":\"Marie Thirion - Simon Schmitt - Maelys Didiot\",\"length_formatted\":\"3:47\"},\"image\":{\"src\":\"https:\/\/www.camaeleon.org\/wp-content\/uploads\/2017\/03\/Uniforme.jpg\",\"width\":1000,\"height\":726},\"thumb\":{\"src\":\"https:\/\/www.camaeleon.org\/wp-content\/uploads\/2017\/03\/Uniforme-150x150.jpg\",\"width\":150,\"height\":150}}]}<\/script>\n<\/div>\n\t\n<p><div id=\"polls-64\" class=\"wp-polls\">\n\t<form id=\"polls_form_64\" class=\"wp-polls-form\" action=\"\/index.php\" method=\"post\">\n\t\t<p style=\"display: none;\"><input type=\"hidden\" id=\"poll_64_nonce\" name=\"wp-polls-nonce\" value=\"1e00b39e15\" \/><\/p>\n\t\t<p style=\"display: none;\"><input type=\"hidden\" name=\"poll_id\" value=\"64\" \/><\/p>\n\t\t<p style=\"text-align: left\"><strong>Wie findest du die Idee einer einheitlichen Schulkleidung am DFG? - Comment trouves-tu l'id\u00e9e d'une tenue uniforme au LFA?<\/strong><\/p><div id=\"polls-64-ans\" class=\"wp-polls-ans\"><ul class=\"wp-polls-ul\"><br>\n\t\t<li><input type=\"radio\" id=\"poll-answer-239\" name=\"poll_64\" value=\"239\" \/> <label for=\"poll-answer-239\">gut - bonne id\u00e9e<\/label><\/li><br>\n\t\t<li><input type=\"radio\" id=\"poll-answer-240\" name=\"poll_64\" value=\"240\" \/> <label for=\"poll-answer-240\">schlecht - mauvaise id\u00e9e<\/label><\/li><br>\n\t\t<p style=\"text-align: left\"><input type=\"button\" name=\"vote\" value=\"   Vote   \" class=\"Buttons\" onclick=\"poll_vote(64);\" \/><\/p>\r\n<p style=\"text-align: left\"><a href=\"#ViewPollResults\" onclick=\"poll_result(64); return false;\" title=\"Ergebnisse dieser Umfrage sehen\">View results<\/a><\/p>\n\t<\/form>\n<\/div>\n<div id=\"polls-64-loading\" class=\"wp-polls-loading\"><img loading=\"lazy\" decoding=\"async\" src=\"https:\/\/www.camaeleon.org\/wp-content\/plugins\/wp-polls\/images\/loading.gif\" width=\"16\" height=\"16\" alt=\"Loading ...\" title=\"Loading ...\" class=\"wp-polls-image\" \/>&nbsp;Loading ...<\/div>\nSchool uniforms at DFG-LFA - for or against?<\/a><\/li>\t<\/ol>\n\t<\/noscript>\n\t<script type=\"application\/json\" class=\"wp-playlist-script\">{\"type\":\"audio\",\"tracklist\":true,\"tracknumbers\":true,\"images\":true,\"artists\":true,\"tracks\":[{\"src\":\"https:\/\/www.camaeleon.org\/wp-content\/uploads\/2017\/03\/uniformes-au-LFA.mp3\",\"type\":\"audio\/mpeg\",\"title\":\"School uniforms at DFG-LFA - for or against?\",\"caption\":\"School uniforms at DFG-LFA - for or against?\",\"description\":\"School uniforms at DFG-LFA - for or against?\",\"meta\":{\"artist\":\"Marie Thirion - Simon Schmitt - Maelys Didiot\",\"length_formatted\":\"3:47\"},\"image\":{\"src\":\"https:\/\/www.camaeleon.org\/wp-content\/uploads\/2017\/03\/Uniforme.jpg\",\"width\":1000,\"height\":726},\"thumb\":{\"src\":\"https:\/\/www.camaeleon.org\/wp-content\/uploads\/2017\/03\/Uniforme-150x150.jpg\",\"width\":150,\"height\":150}}]}<\/script>\n<\/div>\n\t\n<p><div id=\"polls-64\" class=\"wp-polls\">\n\t<form id=\"polls_form_64\" class=\"wp-polls-form\" action=\"\/index.php\" method=\"post\">\n\t\t<p style=\"display: none;\"><input type=\"hidden\" id=\"poll_64_nonce\" name=\"wp-polls-nonce\" value=\"1e00b39e15\" \/><\/p>\n\t\t<p style=\"display: none;\"><input type=\"hidden\" name=\"poll_id\" value=\"64\" \/><\/p>\n\t\t<p style=\"text-align: left\"><strong>Wie findest du die Idee einer einheitlichen Schulkleidung am DFG? - Comment trouves-tu l'id\u00e9e d'une tenue uniforme au LFA?<\/strong><\/p><div id=\"polls-64-ans\" class=\"wp-polls-ans\"><ul class=\"wp-polls-ul\"><br>\n\t\t<li><input type=\"radio\" id=\"poll-answer-239\" name=\"poll_64\" value=\"239\" \/> <label for=\"poll-answer-239\">gut - bonne id\u00e9e<\/label><\/li><br>\n\t\t<li><input type=\"radio\" id=\"poll-answer-240\" name=\"poll_64\" value=\"240\" \/> <label for=\"poll-answer-240\">schlecht - mauvaise id\u00e9e<\/label><\/li><br>\n\t\t<p style=\"text-align: left\"><input type=\"button\" name=\"vote\" value=\"   Vote   \" class=\"Buttons\" onclick=\"poll_vote(64);\" \/><\/p>\r\n<p style=\"text-align: left\"><a href=\"#ViewPollResults\" onclick=\"poll_result(64); return false;\" title=\"Ergebnisse dieser Umfrage sehen\">View results<\/a><\/p>\n\t<\/form>\n<\/div>\n<div id=\"polls-64-loading\" class=\"wp-polls-loading\"><img loading=\"lazy\" decoding=\"async\" src=\"https:\/\/www.camaeleon.org\/wp-content\/plugins\/wp-polls\/images\/loading.gif\" width=\"16\" height=\"16\" alt=\"Loading ...\" title=\"Loading ...\" class=\"wp-polls-image\" \/>&nbsp;Loading ...<\/div>\n<figure id=\"attachment_14785\" aria-describedby=\"caption-attachment-14785\" style=\"width: 300px\" class=\"wp-caption alignleft\"><a href=\"https:\/\/www.camaeleon.org\/wp-content\/uploads\/2017\/03\/Uniforme.jpg\"><img loading=\"lazy\" decoding=\"async\" class=\"size-medium wp-image-14785\" src=\"https:\/\/www.camaeleon.org\/wp-content\/uploads\/2017\/03\/Uniforme-300x218.jpg\" alt=\"Schuluniform (Photo : FreeImages.com\/tim &amp; annette)\" width=\"300\" height=\"218\" srcset=\"https:\/\/www.camaeleon.org\/wp-content\/uploads\/2017\/03\/Uniforme-300x218.jpg 300w, https:\/\/www.camaeleon.org\/wp-content\/uploads\/2017\/03\/Uniforme-826x600.jpg 826w, https:\/\/www.camaeleon.org\/wp-content\/uploads\/2017\/03\/Uniforme.jpg 1000w\" sizes=\"auto, (max-width: 300px) 100vw, 300px\" \/><\/a><figcaption id=\"caption-attachment-14785\" class=\"wp-caption-text\">Photo : FreeImages.com\/tim &amp; annette<\/figcaption><\/figure><\/p>\n<p>Schuluniform am DFG &#8211; kann das eine gute Idee sein? Die Cam\u00e4l\u00e9on-Reporter Marie Thirion, Ma\u00eblys Didiot und Simon Schmitt gehen in ihrer Audio-Reportage der Frage nach, welche Argumente f\u00fcr und gegen eine Schulinform sprechen.<\/p>\n<p>Befragt wurden dazu Sch\u00fcler, Eltern und Lehrer, die ihre Sicht der Dinge darlegen.<\/p>\n<p>H\u00f6rt euch die Reportage an und stimmt anschlie\u00dfend online ab!<\/p>\n<p>Un uniforme au LFA: est-ce que ce serait vraiment une bonne id\u00e9e? Nos reporters (Marie Thirion, Ma\u00eblys Didiot et Simon Schmitt) ont men\u00e9 l&#8217;enqu\u00eate aupr\u00e8s d&#8217;\u00e9l\u00e8ves, de parents et de professeurs. D\u00e9couvrez les arguments des uns et des autres dans leur reportage audio, partagez vos commentaires avec nous, et donnez votre avis!<\/p>\n<div class=\"wp-playlist wp-audio-playlist wp-playlist-light\">\n\t\t\t<div class=\"wp-playlist-current-item\"><\/div>\n\t\t<audio controls=\"controls\" preload=\"none\" width=\"778\"\n\t\t\t><\/audio>\n\t<div class=\"wp-playlist-next\"><\/div>\n\t<div class=\"wp-playlist-prev\"><\/div>\n\t<noscript>\n\t<ol>\n\t\t<li><a href='https:\/\/www.camaeleon.org\/wp-content\/uploads\/2017\/03\/uniformes-au-LFA.mp3'>School uniforms at DFG-LFA - for or against?<\/a><\/li>\t<\/ol>\n\t<\/noscript>\n\t<script type=\"application\/json\" class=\"wp-playlist-script\">{\"type\":\"audio\",\"tracklist\":true,\"tracknumbers\":true,\"images\":true,\"artists\":true,\"tracks\":[{\"src\":\"https:\/\/www.camaeleon.org\/wp-content\/uploads\/2017\/03\/uniformes-au-LFA.mp3\",\"type\":\"audio\/mpeg\",\"title\":\"School uniforms at DFG-LFA - for or against?\",\"caption\":\"School uniforms at DFG-LFA - for or against?\",\"description\":\"School uniforms at DFG-LFA - for or against?\",\"meta\":{\"artist\":\"Marie Thirion - Simon Schmitt - Maelys Didiot\",\"length_formatted\":\"3:47\"},\"image\":{\"src\":\"https:\/\/www.camaeleon.org\/wp-content\/uploads\/2017\/03\/Uniforme.jpg\",\"width\":1000,\"height\":726},\"thumb\":{\"src\":\"https:\/\/www.camaeleon.org\/wp-content\/uploads\/2017\/03\/Uniforme-150x150.jpg\",\"width\":150,\"height\":150}}]}<\/script>\n<\/div>\n\t\n<p><div id=\"polls-64\" class=\"wp-polls\">\n\t<form id=\"polls_form_64\" class=\"wp-polls-form\" action=\"\/index.php\" method=\"post\">\n\t\t<p style=\"display: none;\"><input type=\"hidden\" id=\"poll_64_nonce\" name=\"wp-polls-nonce\" value=\"1e00b39e15\" \/><\/p>\n\t\t<p style=\"display: none;\"><input type=\"hidden\" name=\"poll_id\" value=\"64\" \/><\/p>\n\t\t<p style=\"text-align: left\"><strong>Wie findest du die Idee einer einheitlichen Schulkleidung am DFG? - Comment trouves-tu l'id\u00e9e d'une tenue uniforme au LFA?<\/strong><\/p><div id=\"polls-64-ans\" class=\"wp-polls-ans\"><ul class=\"wp-polls-ul\"><br>\n\t\t<li><input type=\"radio\" id=\"poll-answer-239\" name=\"poll_64\" value=\"239\" \/> <label for=\"poll-answer-239\">gut - bonne id\u00e9e<\/label><\/li><br>\n\t\t<li><input type=\"radio\" id=\"poll-answer-240\" name=\"poll_64\" value=\"240\" \/> <label for=\"poll-answer-240\">schlecht - mauvaise id\u00e9e<\/label><\/li><br>\n\t\t<p style=\"text-align: left\"><input type=\"button\" name=\"vote\" value=\"   Vote   \" class=\"Buttons\" onclick=\"poll_vote(64);\" \/><\/p>\r\n<p style=\"text-align: left\"><a href=\"#ViewPollResults\" onclick=\"poll_result(64); return false;\" title=\"Ergebnisse dieser Umfrage sehen\">View results<\/a><\/p>\n\t<\/form>\n<\/div>\n<div id=\"polls-64-loading\" class=\"wp-polls-loading\"><img loading=\"lazy\" decoding=\"async\" src=\"https:\/\/www.camaeleon.org\/wp-content\/plugins\/wp-polls\/images\/loading.gif\" width=\"16\" height=\"16\" alt=\"Loading ...\" title=\"Loading ...\" class=\"wp-polls-image\" \/>&nbsp;Loading ...<\/div>\n<\/p>","protected":false},"excerpt":{"rendered":"<p>Schuluniform am DFG &#8211; kann das eine gute Idee sein? Die Cam\u00e4l\u00e9on-Reporter Marie Thirion, Ma\u00eblys Didiot und Simon Schmitt gehen in ihrer Audio-Reportage der Frage<\/p>\n","protected":false},"author":99,"featured_media":14785,"comment_status":"open","ping_status":"closed","sticky":false,"template":"","format":"standard","meta":{"colormag_page_container_layout":"default_layout","colormag_page_sidebar_layout":"default_layout","footnotes":""},"categories":[3,200,198],"tags":[632,434],"coauthors":[759,766,806],"class_list":["post-14857","post","type-post","status-publish","format-standard","has-post-thumbnail","hentry","category-ecole","category-audio","category-style","tag-kleidung","tag-schuluniformen"],"yoast_head":"<!-- This site is optimized with the Yoast SEO plugin v27.5 - https:\/\/yoast.com\/product\/yoast-seo-wordpress\/ -->\n<title>Schuluniformen am DFG - Daf\u00fcr oder dagegen? - Cam\u00e4l\u00e9on<\/title>\n<meta name=\"description\" content=\"Schuluniform am DFG - kann das eine gute Idee sein? Die Cam\u00e4l\u00e9on-Reporter gehen in ihrer Audio-Reportage der Frage nach, welche Argumente daf\u00fcr und dagegen sprechen.\" \/>\n<meta name=\"robots\" content=\"index, follow, max-snippet:-1, max-image-preview:large, max-video-preview:-1\" \/>\n<link rel=\"canonical\" href=\"https:\/\/www.camaeleon.org\/en\/2017\/03\/28\/schuluniformen-am-dfg-dafur-oder-dagegen\/\" \/>\n<meta property=\"og:locale\" content=\"en_US\" \/>\n<meta property=\"og:type\" content=\"article\" \/>\n<meta property=\"og:title\" content=\"Schuluniformen am DFG - Daf\u00fcr oder dagegen? - Cam\u00e4l\u00e9on\" \/>\n<meta property=\"og:description\" content=\"Schuluniform am DFG - kann das eine gute Idee sein? Die Cam\u00e4l\u00e9on-Reporter gehen in ihrer Audio-Reportage der Frage nach, welche Argumente daf\u00fcr und dagegen sprechen.\" \/>\n<meta property=\"og:url\" content=\"https:\/\/www.camaeleon.org\/en\/2017\/03\/28\/schuluniformen-am-dfg-dafur-oder-dagegen\/\" \/>\n<meta property=\"og:site_name\" content=\"Cam\u00e4l\u00e9on\" \/>\n<meta property=\"article:publisher\" content=\"https:\/\/www.facebook.com\/camaeleon.org\/\" \/>\n<meta property=\"article:published_time\" content=\"2017-03-28T04:27:53+00:00\" \/>\n<meta property=\"article:modified_time\" content=\"2020-12-23T12:38:44+00:00\" \/>\n<meta property=\"og:image\" content=\"https:\/\/www.camaeleon.org\/wp-content\/uploads\/2017\/03\/Uniforme.jpg\" \/>\n\t<meta property=\"og:image:width\" content=\"1000\" \/>\n\t<meta property=\"og:image:height\" content=\"726\" \/>\n\t<meta property=\"og:image:type\" content=\"image\/jpeg\" \/>\n<meta name=\"author\" content=\"Simon Schmitt, Marie Thirion, Maelys Didiot\" \/>\n<meta name=\"twitter:card\" content=\"summary_large_image\" \/>\n<meta name=\"twitter:creator\" content=\"@camaeleonOrg\" \/>\n<meta name=\"twitter:site\" content=\"@camaeleonOrg\" \/>\n<script type=\"application\/ld+json\" class=\"yoast-schema-graph\">{\"@context\":\"https:\\\/\\\/schema.org\",\"@graph\":[{\"@type\":\"Article\",\"@id\":\"https:\\\/\\\/www.camaeleon.org\\\/de\\\/2017\\\/03\\\/28\\\/schuluniformen-am-dfg-dafur-oder-dagegen\\\/#article\",\"isPartOf\":{\"@id\":\"https:\\\/\\\/www.camaeleon.org\\\/de\\\/2017\\\/03\\\/28\\\/schuluniformen-am-dfg-dafur-oder-dagegen\\\/\"},\"author\":{\"name\":\"Simon Schmitt\",\"@id\":\"https:\\\/\\\/www.camaeleon.org\\\/de\\\/#\\\/schema\\\/person\\\/2da1ff5e609c1d3d5fb82828a8028bfb\"},\"headline\":\"Schuluniformen am DFG &#8211; Daf\u00fcr oder dagegen?\",\"datePublished\":\"2017-03-28T04:27:53+00:00\",\"dateModified\":\"2020-12-23T12:38:44+00:00\",\"mainEntityOfPage\":{\"@id\":\"https:\\\/\\\/www.camaeleon.org\\\/de\\\/2017\\\/03\\\/28\\\/schuluniformen-am-dfg-dafur-oder-dagegen\\\/\"},\"wordCount\":328,\"commentCount\":0,\"publisher\":{\"@id\":\"https:\\\/\\\/www.camaeleon.org\\\/de\\\/#organization\"},\"image\":{\"@id\":\"https:\\\/\\\/www.camaeleon.org\\\/de\\\/2017\\\/03\\\/28\\\/schuluniformen-am-dfg-dafur-oder-dagegen\\\/#primaryimage\"},\"thumbnailUrl\":\"https:\\\/\\\/www.camaeleon.org\\\/wp-content\\\/uploads\\\/2017\\\/03\\\/Uniforme.jpg\",\"keywords\":[\"Kleidung\",\"Schuluniformen\"],\"articleSection\":[\"School\",\"Podcast\",\"Style\"],\"inLanguage\":\"en-US\",\"potentialAction\":[{\"@type\":\"CommentAction\",\"name\":\"Comment\",\"target\":[\"https:\\\/\\\/www.camaeleon.org\\\/de\\\/2017\\\/03\\\/28\\\/schuluniformen-am-dfg-dafur-oder-dagegen\\\/#respond\"]}]},{\"@type\":\"WebPage\",\"@id\":\"https:\\\/\\\/www.camaeleon.org\\\/en\\\/2017\\\/03\\\/28\\\/schuluniformen-am-dfg-dafur-oder-dagegen\\\/\",\"url\":\"https:\\\/\\\/www.camaeleon.org\\\/en\\\/2017\\\/03\\\/28\\\/schuluniformen-am-dfg-dafur-oder-dagegen\\\/\",\"name\":\"Schuluniformen am DFG - Daf\u00fcr oder dagegen? - Cam\u00e4l\u00e9on\",\"isPartOf\":{\"@id\":\"https:\\\/\\\/www.camaeleon.org\\\/en\\\/#website\"},\"primaryImageOfPage\":{\"@id\":\"https:\\\/\\\/www.camaeleon.org\\\/en\\\/2017\\\/03\\\/28\\\/schuluniformen-am-dfg-dafur-oder-dagegen\\\/#primaryimage\"},\"image\":{\"@id\":\"https:\\\/\\\/www.camaeleon.org\\\/de\\\/2017\\\/03\\\/28\\\/schuluniformen-am-dfg-dafur-oder-dagegen\\\/#primaryimage\"},\"thumbnailUrl\":\"https:\\\/\\\/www.camaeleon.org\\\/wp-content\\\/uploads\\\/2017\\\/03\\\/Uniforme.jpg\",\"datePublished\":\"2017-03-28T04:27:53+00:00\",\"dateModified\":\"2020-12-23T12:38:44+00:00\",\"description\":\"Schuluniform am DFG - kann das eine gute Idee sein? Die Cam\u00e4l\u00e9on-Reporter gehen in ihrer Audio-Reportage der Frage nach, welche Argumente daf\u00fcr und dagegen sprechen.\",\"breadcrumb\":{\"@id\":\"https:\\\/\\\/www.camaeleon.org\\\/en\\\/2017\\\/03\\\/28\\\/schuluniformen-am-dfg-dafur-oder-dagegen\\\/#breadcrumb\"},\"inLanguage\":\"en-US\",\"potentialAction\":[{\"@type\":\"ReadAction\",\"target\":[[\"https:\\\/\\\/www.camaeleon.org\\\/en\\\/2017\\\/03\\\/28\\\/schuluniformen-am-dfg-dafur-oder-dagegen\\\/\"]]}]},{\"@type\":\"ImageObject\",\"inLanguage\":\"en-US\",\"@id\":\"https:\\\/\\\/www.camaeleon.org\\\/en\\\/2017\\\/03\\\/28\\\/schuluniformen-am-dfg-dafur-oder-dagegen\\\/#primaryimage\",\"url\":\"https:\\\/\\\/www.camaeleon.org\\\/wp-content\\\/uploads\\\/2017\\\/03\\\/Uniforme.jpg\",\"contentUrl\":\"https:\\\/\\\/www.camaeleon.org\\\/wp-content\\\/uploads\\\/2017\\\/03\\\/Uniforme.jpg\",\"width\":1000,\"height\":726,\"caption\":\"Photo : FreeImages.com\\\/tim & annette\"},{\"@type\":\"BreadcrumbList\",\"@id\":\"https:\\\/\\\/www.camaeleon.org\\\/en\\\/2017\\\/03\\\/28\\\/schuluniformen-am-dfg-dafur-oder-dagegen\\\/#breadcrumb\",\"itemListElement\":[{\"@type\":\"ListItem\",\"position\":1,\"name\":\"Home\",\"item\":\"https:\\\/\\\/www.camaeleon.org\\\/en\\\/\"},{\"@type\":\"ListItem\",\"position\":2,\"name\":\"Schuluniformen am DFG &#8211; Daf\u00fcr oder dagegen?\"}]},{\"@type\":\"WebSite\",\"@id\":\"https:\\\/\\\/www.camaeleon.org\\\/en\\\/#website\",\"url\":\"https:\\\/\\\/www.camaeleon.org\\\/en\\\/\",\"name\":\"Cam\u00e4l\u00e9on\",\"description\":\"The online student magazine by Deutsch-Franz\u00f6sisches Gymnasium Saarbr\u00fccken\",\"publisher\":{\"@id\":\"https:\\\/\\\/www.camaeleon.org\\\/en\\\/#organization\"},\"potentialAction\":[{\"@type\":\"SearchAction\",\"target\":{\"@type\":\"EntryPoint\",\"urlTemplate\":\"https:\\\/\\\/www.camaeleon.org\\\/en\\\/?s={search_term_string}\"},\"query-input\":{\"@type\":\"PropertyValueSpecification\",\"valueRequired\":true,\"valueName\":\"search_term_string\"}}],\"inLanguage\":\"en-US\"},{\"@type\":\"Organization\",\"@id\":\"https:\\\/\\\/www.camaeleon.org\\\/en\\\/#organization\",\"name\":\"Cam\u00e4l\u00e9on\",\"url\":\"https:\\\/\\\/www.camaeleon.org\\\/en\\\/\",\"logo\":{\"@type\":\"ImageObject\",\"inLanguage\":\"en-US\",\"@id\":\"https:\\\/\\\/www.camaeleon.org\\\/en\\\/#\\\/schema\\\/logo\\\/image\\\/\",\"url\":\"https:\\\/\\\/www.camaeleon.org\\\/wp-content\\\/uploads\\\/2011\\\/11\\\/CAM\u00c4LEON.jpg\",\"contentUrl\":\"https:\\\/\\\/www.camaeleon.org\\\/wp-content\\\/uploads\\\/2011\\\/11\\\/CAM\u00c4LEON.jpg\",\"width\":959,\"height\":959,\"caption\":\"Cam\u00e4l\u00e9on\"},\"image\":{\"@id\":\"https:\\\/\\\/www.camaeleon.org\\\/en\\\/#\\\/schema\\\/logo\\\/image\\\/\"},\"sameAs\":[\"https:\\\/\\\/www.facebook.com\\\/camaeleon.org\\\/\",\"https:\\\/\\\/x.com\\\/camaeleonOrg\",\"https:\\\/\\\/www.instagram.com\\\/camaeleon.dfg\\\/\",\"https:\\\/\\\/www.youtube.com\\\/channel\\\/UCl3TAUDdGuu_c7CD6ax6hYg\"]},{\"@type\":\"Person\",\"@id\":\"https:\\\/\\\/www.camaeleon.org\\\/de\\\/#\\\/schema\\\/person\\\/2da1ff5e609c1d3d5fb82828a8028bfb\",\"name\":\"Simon Schmitt\",\"image\":{\"@type\":\"ImageObject\",\"inLanguage\":\"en-US\",\"@id\":\"https:\\\/\\\/www.camaeleon.org\\\/en\\\/wp-content\\\/uploads\\\/2016\\\/02\\\/img_1416.jpg420623f6ad5d2b2349a9dd2a6f207967\",\"url\":\"https:\\\/\\\/www.camaeleon.org\\\/wp-content\\\/uploads\\\/2016\\\/02\\\/img_1416.jpg\",\"contentUrl\":\"https:\\\/\\\/www.camaeleon.org\\\/wp-content\\\/uploads\\\/2016\\\/02\\\/img_1416.jpg\",\"caption\":\"Simon Schmitt\"},\"description\":\"Mit meiner kleinen Prise Witz in meinen Artikeln, verwitzige ich den grauen Alltag am DFG.\",\"url\":\"https:\\\/\\\/www.camaeleon.org\\\/en\\\/author\\\/simon-schmitt\\\/\"}]}<\/script>\n<!-- \/ Yoast SEO plugin. -->","yoast_head_json":{"title":"Schuluniformen am DFG - Daf\u00fcr oder dagegen? - Cam\u00e4l\u00e9on","description":"Schuluniform am DFG - kann das eine gute Idee sein? Die Cam\u00e4l\u00e9on-Reporter gehen in ihrer Audio-Reportage der Frage nach, welche Argumente daf\u00fcr und dagegen sprechen.","robots":{"index":"index","follow":"follow","max-snippet":"max-snippet:-1","max-image-preview":"max-image-preview:large","max-video-preview":"max-video-preview:-1"},"canonical":"https:\/\/www.camaeleon.org\/en\/2017\/03\/28\/schuluniformen-am-dfg-dafur-oder-dagegen\/","og_locale":"en_US","og_type":"article","og_title":"Schuluniformen am DFG - Daf\u00fcr oder dagegen? - Cam\u00e4l\u00e9on","og_description":"Schuluniform am DFG - kann das eine gute Idee sein? Die Cam\u00e4l\u00e9on-Reporter gehen in ihrer Audio-Reportage der Frage nach, welche Argumente daf\u00fcr und dagegen sprechen.","og_url":"https:\/\/www.camaeleon.org\/en\/2017\/03\/28\/schuluniformen-am-dfg-dafur-oder-dagegen\/","og_site_name":"Cam\u00e4l\u00e9on","article_publisher":"https:\/\/www.facebook.com\/camaeleon.org\/","article_published_time":"2017-03-28T04:27:53+00:00","article_modified_time":"2020-12-23T12:38:44+00:00","og_image":[{"width":1000,"height":726,"url":"https:\/\/www.camaeleon.org\/wp-content\/uploads\/2017\/03\/Uniforme.jpg","type":"image\/jpeg"}],"author":"Simon Schmitt, Marie Thirion, Maelys Didiot","twitter_card":"summary_large_image","twitter_creator":"@camaeleonOrg","twitter_site":"@camaeleonOrg","schema":{"@context":"https:\/\/schema.org","@graph":[{"@type":"Article","@id":"https:\/\/www.camaeleon.org\/de\/2017\/03\/28\/schuluniformen-am-dfg-dafur-oder-dagegen\/#article","isPartOf":{"@id":"https:\/\/www.camaeleon.org\/de\/2017\/03\/28\/schuluniformen-am-dfg-dafur-oder-dagegen\/"},"author":{"name":"Simon Schmitt","@id":"https:\/\/www.camaeleon.org\/de\/#\/schema\/person\/2da1ff5e609c1d3d5fb82828a8028bfb"},"headline":"Schuluniformen am DFG &#8211; Daf\u00fcr oder dagegen?","datePublished":"2017-03-28T04:27:53+00:00","dateModified":"2020-12-23T12:38:44+00:00","mainEntityOfPage":{"@id":"https:\/\/www.camaeleon.org\/de\/2017\/03\/28\/schuluniformen-am-dfg-dafur-oder-dagegen\/"},"wordCount":328,"commentCount":0,"publisher":{"@id":"https:\/\/www.camaeleon.org\/de\/#organization"},"image":{"@id":"https:\/\/www.camaeleon.org\/de\/2017\/03\/28\/schuluniformen-am-dfg-dafur-oder-dagegen\/#primaryimage"},"thumbnailUrl":"https:\/\/www.camaeleon.org\/wp-content\/uploads\/2017\/03\/Uniforme.jpg","keywords":["Kleidung","Schuluniformen"],"articleSection":["School","Podcast","Style"],"inLanguage":"en-US","potentialAction":[{"@type":"CommentAction","name":"Comment","target":["https:\/\/www.camaeleon.org\/de\/2017\/03\/28\/schuluniformen-am-dfg-dafur-oder-dagegen\/#respond"]}]},{"@type":"WebPage","@id":"https:\/\/www.camaeleon.org\/en\/2017\/03\/28\/schuluniformen-am-dfg-dafur-oder-dagegen\/","url":"https:\/\/www.camaeleon.org\/en\/2017\/03\/28\/schuluniformen-am-dfg-dafur-oder-dagegen\/","name":"Schuluniformen am DFG - Daf\u00fcr oder dagegen? - Cam\u00e4l\u00e9on","isPartOf":{"@id":"https:\/\/www.camaeleon.org\/en\/#website"},"primaryImageOfPage":{"@id":"https:\/\/www.camaeleon.org\/en\/2017\/03\/28\/schuluniformen-am-dfg-dafur-oder-dagegen\/#primaryimage"},"image":{"@id":"https:\/\/www.camaeleon.org\/de\/2017\/03\/28\/schuluniformen-am-dfg-dafur-oder-dagegen\/#primaryimage"},"thumbnailUrl":"https:\/\/www.camaeleon.org\/wp-content\/uploads\/2017\/03\/Uniforme.jpg","datePublished":"2017-03-28T04:27:53+00:00","dateModified":"2020-12-23T12:38:44+00:00","description":"Schuluniform am DFG - kann das eine gute Idee sein? Die Cam\u00e4l\u00e9on-Reporter gehen in ihrer Audio-Reportage der Frage nach, welche Argumente daf\u00fcr und dagegen sprechen.","breadcrumb":{"@id":"https:\/\/www.camaeleon.org\/en\/2017\/03\/28\/schuluniformen-am-dfg-dafur-oder-dagegen\/#breadcrumb"},"inLanguage":"en-US","potentialAction":[{"@type":"ReadAction","target":[["https:\/\/www.camaeleon.org\/en\/2017\/03\/28\/schuluniformen-am-dfg-dafur-oder-dagegen\/"]]}]},{"@type":"ImageObject","inLanguage":"en-US","@id":"https:\/\/www.camaeleon.org\/en\/2017\/03\/28\/schuluniformen-am-dfg-dafur-oder-dagegen\/#primaryimage","url":"https:\/\/www.camaeleon.org\/wp-content\/uploads\/2017\/03\/Uniforme.jpg","contentUrl":"https:\/\/www.camaeleon.org\/wp-content\/uploads\/2017\/03\/Uniforme.jpg","width":1000,"height":726,"caption":"Photo : FreeImages.com\/tim & annette"},{"@type":"BreadcrumbList","@id":"https:\/\/www.camaeleon.org\/en\/2017\/03\/28\/schuluniformen-am-dfg-dafur-oder-dagegen\/#breadcrumb","itemListElement":[{"@type":"ListItem","position":1,"name":"Home","item":"https:\/\/www.camaeleon.org\/en\/"},{"@type":"ListItem","position":2,"name":"Schuluniformen am DFG &#8211; Daf\u00fcr oder dagegen?"}]},{"@type":"WebSite","@id":"https:\/\/www.camaeleon.org\/en\/#website","url":"https:\/\/www.camaeleon.org\/en\/","name":"Cam\u00e4l\u00e9on","description":"The online student magazine by Deutsch-Franz\u00f6sisches Gymnasium Saarbr\u00fccken","publisher":{"@id":"https:\/\/www.camaeleon.org\/en\/#organization"},"potentialAction":[{"@type":"SearchAction","target":{"@type":"EntryPoint","urlTemplate":"https:\/\/www.camaeleon.org\/en\/?s={search_term_string}"},"query-input":{"@type":"PropertyValueSpecification","valueRequired":true,"valueName":"search_term_string"}}],"inLanguage":"en-US"},{"@type":"Organization","@id":"https:\/\/www.camaeleon.org\/en\/#organization","name":"Cam\u00e4l\u00e9on","url":"https:\/\/www.camaeleon.org\/en\/","logo":{"@type":"ImageObject","inLanguage":"en-US","@id":"https:\/\/www.camaeleon.org\/en\/#\/schema\/logo\/image\/","url":"https:\/\/www.camaeleon.org\/wp-content\/uploads\/2011\/11\/CAM\u00c4LEON.jpg","contentUrl":"https:\/\/www.camaeleon.org\/wp-content\/uploads\/2011\/11\/CAM\u00c4LEON.jpg","width":959,"height":959,"caption":"Cam\u00e4l\u00e9on"},"image":{"@id":"https:\/\/www.camaeleon.org\/en\/#\/schema\/logo\/image\/"},"sameAs":["https:\/\/www.facebook.com\/camaeleon.org\/","https:\/\/x.com\/camaeleonOrg","https:\/\/www.instagram.com\/camaeleon.dfg\/","https:\/\/www.youtube.com\/channel\/UCl3TAUDdGuu_c7CD6ax6hYg"]},{"@type":"Person","@id":"https:\/\/www.camaeleon.org\/de\/#\/schema\/person\/2da1ff5e609c1d3d5fb82828a8028bfb","name":"Simon Schmitt","image":{"@type":"ImageObject","inLanguage":"en-US","@id":"https:\/\/www.camaeleon.org\/en\/wp-content\/uploads\/2016\/02\/img_1416.jpg420623f6ad5d2b2349a9dd2a6f207967","url":"https:\/\/www.camaeleon.org\/wp-content\/uploads\/2016\/02\/img_1416.jpg","contentUrl":"https:\/\/www.camaeleon.org\/wp-content\/uploads\/2016\/02\/img_1416.jpg","caption":"Simon Schmitt"},"description":"Mit meiner kleinen Prise Witz in meinen Artikeln, verwitzige ich den grauen Alltag am DFG.","url":"https:\/\/www.camaeleon.org\/en\/author\/simon-schmitt\/"}]}},"_links":{"self":[{"href":"https:\/\/www.camaeleon.org\/en\/wp-json\/wp\/v2\/posts\/14857","targetHints":{"allow":["GET"]}}],"collection":[{"href":"https:\/\/www.camaeleon.org\/en\/wp-json\/wp\/v2\/posts"}],"about":[{"href":"https:\/\/www.camaeleon.org\/en\/wp-json\/wp\/v2\/types\/post"}],"author":[{"embeddable":true,"href":"https:\/\/www.camaeleon.org\/en\/wp-json\/wp\/v2\/users\/99"}],"replies":[{"embeddable":true,"href":"https:\/\/www.camaeleon.org\/en\/wp-json\/wp\/v2\/comments?post=14857"}],"version-history":[{"count":0,"href":"https:\/\/www.camaeleon.org\/en\/wp-json\/wp\/v2\/posts\/14857\/revisions"}],"wp:featuredmedia":[{"embeddable":true,"href":"https:\/\/www.camaeleon.org\/en\/wp-json\/wp\/v2\/media\/14785"}],"wp:attachment":[{"href":"https:\/\/www.camaeleon.org\/en\/wp-json\/wp\/v2\/media?parent=14857"}],"wp:term":[{"taxonomy":"category","embeddable":true,"href":"https:\/\/www.camaeleon.org\/en\/wp-json\/wp\/v2\/categories?post=14857"},{"taxonomy":"post_tag","embeddable":true,"href":"https:\/\/www.camaeleon.org\/en\/wp-json\/wp\/v2\/tags?post=14857"},{"taxonomy":"author","embeddable":true,"href":"https:\/\/www.camaeleon.org\/en\/wp-json\/wp\/v2\/coauthors?post=14857"}],"curies":[{"name":"wp","href":"https:\/\/api.w.org\/{rel}","templated":true}]}}