{"id":13528,"date":"2017-02-05T16:30:19","date_gmt":"2017-02-05T15:30:19","guid":{"rendered":"http:\/\/www.camaeleon.org\/?p=13528"},"modified":"2020-12-23T13:41:59","modified_gmt":"2020-12-23T12:41:59","slug":"soziale-medien-3","status":"publish","type":"post","link":"https:\/\/www.camaeleon.org\/en\/2017\/02\/05\/soziale-medien-3\/","title":{"rendered":"Soziale Medien &#8211; Likes von Eltern? &#8211; No, thanks!"},"content":{"rendered":"<p>Wer, denkt ihr, benutzt am meisten Facebook? Benutzen \u00fcber 50 J\u00e4hrige eigentlich genauso viel den Messenger WhatsApp wie Jugendliche? Die sozialen Medien werden von den unterschiedlichsten Altersklassen benutzt. Wir haben analysiert, wo die Altersunterschiede in den sozialen Medien liegen und wie man diese erkl\u00e4ren kann.<\/p>\n<div>\n<dl id=\"attachment_14422\">\n<dt>\n<p><figure style=\"width: 482px\" class=\"wp-caption alignright\"><img loading=\"lazy\" decoding=\"async\" src=\"https:\/\/www.camaeleon.org\/wp-content\/uploads\/2016\/11\/social-media-pixelkult-826x600.jpg\" alt=\"Foto: Pixelkult \/ pixabay.com\" width=\"482\" height=\"350\" \/><figcaption class=\"wp-caption-text\">Foto: Pixelkult \/ pixabay.com<\/figcaption><\/figure><\/dt>\n<\/dl>\n<\/div>\n<h5>Junge Instagram-Community<\/h5>\n<p>Laut der ARD\/ZDF-Onlinestudie 2015 sind 70 % der Instagram-Nutzer in Deutschland 14 bis 29 Jahre alt. Ausserdem sind 90 % der Instagram-Nutzer unter 49 Jahre alt. In unserer Befragung war Instagram bei Jugendlichen sehr beliebt, dies best\u00e4tigt die Beliebtheit von Instagram unter j\u00fcngeren Menschen.<\/p>\n<h5>Veraltete Facebook-Community<\/h5>\n<p>Auf Facebook hingegen sind nur 43 % der Nutzer unter 29 Jahre alt, und 57 % der deutschen Facebook-Nutzer sind daher \u00fcber 30 Jahre alt. Hier sieht man deutlich, dass Facebook im Vergleich zu Instagram deutlich \u00e4ltere Nutzer aufweist. Bei unseren befragten Jugendlichen kann man auch hier Parallelen ziehen.<\/p>\n<h5>Ausgeglichener: WhatsApp<\/h5>\n<p>Der Instant-Messaging Dienst WhatsApp ist ausgeglichener: 42 % der deutschen WhatsApp-Nutzer sind zwischen 30 und 49 Jahre alt. Die j\u00fcngeren WhatsApp-Nutzer von 14 bis 29 Jahren stellen 36 % der WhatsApp-Nutzer Die restlichen 21 % der WhatsApp-Nutzer stammen aus der Altersklasse der \u00fcber 50-J\u00e4hrigen. Altersm\u00e4\u00dfig ist die Nutzerschaft also deutlich ausgeglichener.<\/p>\n<p>Der Nachrichtendienst Twitter besteht genauso wie Tumblr mit 50 % aus 14 bis 29-J\u00e4hrigen. Auch hier sind die \u00fcber 50-J\u00e4hrigen mit 15 Prozent (bzw. 17 % f\u00fcr Tumblr) unterrepr\u00e4sentiert.<\/p>\n<p>Laut einen Bericht (2014) von comScore, einer international t\u00e4tige US-Amerikanische Internet-Marktforschungsfirma, sind 70 % der US-amerikanischen Snapchat-Nutzer unter 35 Jahre alt. \u00c4hnliche Relationen sind auf Instagram zu finden.<\/p>\n<h5>Wie kann man diese Altersunterschiede erkl\u00e4ren?<\/h5>\n<p>Es ist bekannt, dass j\u00fcngere Personen eher von sozialen Medien angezogen sind, die mehr visuellen Inhalt beinhalten. Sowohl Snapchat als auch Instagram sind soziale Medien, die auf visuellen Content ausgelegt sind. Auf beiden Plattformen postet man Bilder oder Videos von sich selbst oder was man gerade tut. Dieser Trend des Sich-Selbst-Darstellen ist also bei J\u00fcngeren Menschen viel st\u00e4rker ausgepr\u00e4gt.<\/p>\n<p>WhatsApp dient zur Kommunikation und wird sowohl als privater Nachrichtendienst als auch f\u00fcr Gruppenkommunikation benutzt. Das ist nochmal ein Unterschied, aber man kann generell \u00fcber WhatsApp sagen, dass alle Altersgruppen vertreten sind, da die Menschen in allen Altersgruppen mit WhatsApp kommunizieren m\u00f6chten.<\/p>\n<p>Facebook war das erste gro\u00dfe soziale Medium, und ist somit auch das \u00c4lteste. Die Alterstruktur von Facebook ist in den letzen Jahren gealtert. Jugendliche in unserem Bekanntenkreis meinen, dass sie nicht mehr Facebook benutzen, da ihre Eltern auf Facebook sind &#8211; und nicht jeder hat Lust darauf, dass seine Eltern ihn auf Facebook sehen und m\u00f6glicherweise \u00fcberwachen k\u00f6nnen.<\/p>\n<p>Der Kurznachrichtendienst Twitter und die Blogging-Plattform Tumblr zeigen \u00e4hnliche Altersstrukturen, obwohl Tumblr mehr auf visuellen Content ausgelegt ist. Tumblr hat keine Begrenzung der Zeichen wie bei Twitter, und ist auch mehr auf Video und Audio ausgelegt, obwohl laut Entwickler.de 92 % der Tumblr-Posts aus konventionellen Foto- und Textbeitr\u00e4gen bestehen. Auch die Twitter-Posts bestehen in den meisten F\u00e4llen aus Textbeitr\u00e4gen, aber auch aus Fotos. Daher kann man schlie\u00dfen, dass Twitter und Tumblr \u00e4hnlich genutzt werden und man deshalb die \u00c4hnlichkeit in der Altersstruktur begr\u00fcnden kann.<\/p>\n<p>Es existieren viele soziale Medien, die von unterschiedlichen Altersklassen benutzt werden. Die verschiedenen Altersklassen nutzen die Netzwerke nach ihren Interessen und melden sich daher auch in den Netzwerken an, die f\u00fcr ihren Gebrauch geeignet sind.<\/p>\n<p><a href=\"https:\/\/www.camaeleon.org\/2017\/02\/05\/soziale-medien-4\">\u00bbHier geht&#8217;s zum n\u00e4chsten Artikel<\/a><\/p>\n","protected":false},"excerpt":{"rendered":"<p>Wer, denkt ihr, benutzt am meisten Facebook? Benutzen \u00fcber 50 J\u00e4hrige eigentlich genauso viel den Messenger WhatsApp wie Jugendliche? Die sozialen Medien werden von den<\/p>\n","protected":false},"author":117,"featured_media":14422,"comment_status":"open","ping_status":"open","sticky":false,"template":"","format":"standard","meta":{"colormag_page_container_layout":"default_layout","colormag_page_sidebar_layout":"default_layout","footnotes":""},"categories":[7,5,11],"tags":[13,613,303,612,614],"coauthors":[755],"class_list":["post-13528","post","type-post","status-publish","format-standard","has-post-thumbnail","hentry","category-internet","category-monde","category-technique","tag-facebook","tag-instagram","tag-snapchat","tag-soziale-medien","tag-twitter"],"yoast_head":"<!-- This site is optimized with the Yoast SEO plugin v27.5 - https:\/\/yoast.com\/product\/yoast-seo-wordpress\/ -->\n<title>Soziale Medien - Likes von Eltern? - No, thanks! - Cam\u00e4l\u00e9on<\/title>\n<meta name=\"description\" content=\"Wir haben analysiert, wo die Altersunterschiede in den sozialen Medien liegen und wie man diese erkl\u00e4ren kann.\" \/>\n<meta name=\"robots\" content=\"index, follow, max-snippet:-1, max-image-preview:large, max-video-preview:-1\" \/>\n<link rel=\"canonical\" href=\"https:\/\/www.camaeleon.org\/en\/2017\/02\/05\/soziale-medien-3\/\" \/>\n<meta property=\"og:locale\" content=\"en_US\" \/>\n<meta property=\"og:type\" content=\"article\" \/>\n<meta property=\"og:title\" content=\"Soziale Medien - Likes von Eltern? - No, thanks! - Cam\u00e4l\u00e9on\" \/>\n<meta property=\"og:description\" content=\"Wir haben analysiert, wo die Altersunterschiede in den sozialen Medien liegen und wie man diese erkl\u00e4ren kann.\" \/>\n<meta property=\"og:url\" content=\"https:\/\/www.camaeleon.org\/en\/2017\/02\/05\/soziale-medien-3\/\" \/>\n<meta property=\"og:site_name\" content=\"Cam\u00e4l\u00e9on\" \/>\n<meta property=\"article:publisher\" content=\"https:\/\/www.facebook.com\/camaeleon.org\/\" \/>\n<meta property=\"article:published_time\" content=\"2017-02-05T15:30:19+00:00\" \/>\n<meta property=\"article:modified_time\" content=\"2020-12-23T12:41:59+00:00\" \/>\n<meta property=\"og:image\" content=\"https:\/\/www.camaeleon.org\/wp-content\/uploads\/2016\/11\/social-media-pixelkult.jpg\" \/>\n\t<meta property=\"og:image:width\" content=\"1000\" \/>\n\t<meta property=\"og:image:height\" content=\"726\" \/>\n\t<meta property=\"og:image:type\" content=\"image\/jpeg\" \/>\n<meta name=\"author\" content=\"Fabius Leibrock und Francesco Zimmermann\" \/>\n<meta name=\"twitter:card\" content=\"summary_large_image\" \/>\n<meta name=\"twitter:creator\" content=\"@camaeleonOrg\" \/>\n<meta name=\"twitter:site\" content=\"@camaeleonOrg\" \/>\n<script type=\"application\/ld+json\" class=\"yoast-schema-graph\">{\"@context\":\"https:\\\/\\\/schema.org\",\"@graph\":[{\"@type\":\"Article\",\"@id\":\"https:\\\/\\\/www.camaeleon.org\\\/de\\\/2017\\\/02\\\/05\\\/soziale-medien-3\\\/#article\",\"isPartOf\":{\"@id\":\"https:\\\/\\\/www.camaeleon.org\\\/de\\\/2017\\\/02\\\/05\\\/soziale-medien-3\\\/\"},\"author\":{\"name\":\"Fabius Leibrock und Francesco Zimmermann\",\"@id\":\"https:\\\/\\\/www.camaeleon.org\\\/de\\\/#\\\/schema\\\/person\\\/6888911d3487be29ebee38c311273e89\"},\"headline\":\"Soziale Medien &#8211; Likes von Eltern? &#8211; No, thanks!\",\"datePublished\":\"2017-02-05T15:30:19+00:00\",\"dateModified\":\"2020-12-23T12:41:59+00:00\",\"mainEntityOfPage\":{\"@id\":\"https:\\\/\\\/www.camaeleon.org\\\/de\\\/2017\\\/02\\\/05\\\/soziale-medien-3\\\/\"},\"wordCount\":555,\"commentCount\":0,\"publisher\":{\"@id\":\"https:\\\/\\\/www.camaeleon.org\\\/de\\\/#organization\"},\"image\":{\"@id\":\"https:\\\/\\\/www.camaeleon.org\\\/de\\\/2017\\\/02\\\/05\\\/soziale-medien-3\\\/#primaryimage\"},\"thumbnailUrl\":\"https:\\\/\\\/www.camaeleon.org\\\/wp-content\\\/uploads\\\/2016\\\/11\\\/social-media-pixelkult.jpg\",\"keywords\":[\"Facebook\",\"Instagram\",\"Snapchat\",\"Soziale Medien\",\"Twitter\"],\"articleSection\":[\"Internet\",\"World\",\"Digital\"],\"inLanguage\":\"en-US\",\"potentialAction\":[{\"@type\":\"CommentAction\",\"name\":\"Comment\",\"target\":[\"https:\\\/\\\/www.camaeleon.org\\\/de\\\/2017\\\/02\\\/05\\\/soziale-medien-3\\\/#respond\"]}]},{\"@type\":\"WebPage\",\"@id\":\"https:\\\/\\\/www.camaeleon.org\\\/en\\\/2017\\\/02\\\/05\\\/soziale-medien-3\\\/\",\"url\":\"https:\\\/\\\/www.camaeleon.org\\\/en\\\/2017\\\/02\\\/05\\\/soziale-medien-3\\\/\",\"name\":\"Soziale Medien - Likes von Eltern? - No, thanks! - Cam\u00e4l\u00e9on\",\"isPartOf\":{\"@id\":\"https:\\\/\\\/www.camaeleon.org\\\/en\\\/#website\"},\"primaryImageOfPage\":{\"@id\":\"https:\\\/\\\/www.camaeleon.org\\\/en\\\/2017\\\/02\\\/05\\\/soziale-medien-3\\\/#primaryimage\"},\"image\":{\"@id\":\"https:\\\/\\\/www.camaeleon.org\\\/de\\\/2017\\\/02\\\/05\\\/soziale-medien-3\\\/#primaryimage\"},\"thumbnailUrl\":\"https:\\\/\\\/www.camaeleon.org\\\/wp-content\\\/uploads\\\/2016\\\/11\\\/social-media-pixelkult.jpg\",\"datePublished\":\"2017-02-05T15:30:19+00:00\",\"dateModified\":\"2020-12-23T12:41:59+00:00\",\"description\":\"Wir haben analysiert, wo die Altersunterschiede in den sozialen Medien liegen und wie man diese erkl\u00e4ren kann.\",\"breadcrumb\":{\"@id\":\"https:\\\/\\\/www.camaeleon.org\\\/en\\\/2017\\\/02\\\/05\\\/soziale-medien-3\\\/#breadcrumb\"},\"inLanguage\":\"en-US\",\"potentialAction\":[{\"@type\":\"ReadAction\",\"target\":[[\"https:\\\/\\\/www.camaeleon.org\\\/en\\\/2017\\\/02\\\/05\\\/soziale-medien-3\\\/\"]]}]},{\"@type\":\"ImageObject\",\"inLanguage\":\"en-US\",\"@id\":\"https:\\\/\\\/www.camaeleon.org\\\/en\\\/2017\\\/02\\\/05\\\/soziale-medien-3\\\/#primaryimage\",\"url\":\"https:\\\/\\\/www.camaeleon.org\\\/wp-content\\\/uploads\\\/2016\\\/11\\\/social-media-pixelkult.jpg\",\"contentUrl\":\"https:\\\/\\\/www.camaeleon.org\\\/wp-content\\\/uploads\\\/2016\\\/11\\\/social-media-pixelkult.jpg\",\"width\":1000,\"height\":726},{\"@type\":\"BreadcrumbList\",\"@id\":\"https:\\\/\\\/www.camaeleon.org\\\/en\\\/2017\\\/02\\\/05\\\/soziale-medien-3\\\/#breadcrumb\",\"itemListElement\":[{\"@type\":\"ListItem\",\"position\":1,\"name\":\"Home\",\"item\":\"https:\\\/\\\/www.camaeleon.org\\\/en\\\/\"},{\"@type\":\"ListItem\",\"position\":2,\"name\":\"Soziale Medien &#8211; Likes von Eltern? &#8211; No, thanks!\"}]},{\"@type\":\"WebSite\",\"@id\":\"https:\\\/\\\/www.camaeleon.org\\\/en\\\/#website\",\"url\":\"https:\\\/\\\/www.camaeleon.org\\\/en\\\/\",\"name\":\"Cam\u00e4l\u00e9on\",\"description\":\"The online student magazine by Deutsch-Franz\u00f6sisches Gymnasium Saarbr\u00fccken\",\"publisher\":{\"@id\":\"https:\\\/\\\/www.camaeleon.org\\\/en\\\/#organization\"},\"potentialAction\":[{\"@type\":\"SearchAction\",\"target\":{\"@type\":\"EntryPoint\",\"urlTemplate\":\"https:\\\/\\\/www.camaeleon.org\\\/en\\\/?s={search_term_string}\"},\"query-input\":{\"@type\":\"PropertyValueSpecification\",\"valueRequired\":true,\"valueName\":\"search_term_string\"}}],\"inLanguage\":\"en-US\"},{\"@type\":\"Organization\",\"@id\":\"https:\\\/\\\/www.camaeleon.org\\\/en\\\/#organization\",\"name\":\"Cam\u00e4l\u00e9on\",\"url\":\"https:\\\/\\\/www.camaeleon.org\\\/en\\\/\",\"logo\":{\"@type\":\"ImageObject\",\"inLanguage\":\"en-US\",\"@id\":\"https:\\\/\\\/www.camaeleon.org\\\/en\\\/#\\\/schema\\\/logo\\\/image\\\/\",\"url\":\"https:\\\/\\\/www.camaeleon.org\\\/wp-content\\\/uploads\\\/2011\\\/11\\\/CAM\u00c4LEON.jpg\",\"contentUrl\":\"https:\\\/\\\/www.camaeleon.org\\\/wp-content\\\/uploads\\\/2011\\\/11\\\/CAM\u00c4LEON.jpg\",\"width\":959,\"height\":959,\"caption\":\"Cam\u00e4l\u00e9on\"},\"image\":{\"@id\":\"https:\\\/\\\/www.camaeleon.org\\\/en\\\/#\\\/schema\\\/logo\\\/image\\\/\"},\"sameAs\":[\"https:\\\/\\\/www.facebook.com\\\/camaeleon.org\\\/\",\"https:\\\/\\\/x.com\\\/camaeleonOrg\",\"https:\\\/\\\/www.instagram.com\\\/camaeleon.dfg\\\/\",\"https:\\\/\\\/www.youtube.com\\\/channel\\\/UCl3TAUDdGuu_c7CD6ax6hYg\"]},{\"@type\":\"Person\",\"@id\":\"https:\\\/\\\/www.camaeleon.org\\\/de\\\/#\\\/schema\\\/person\\\/6888911d3487be29ebee38c311273e89\",\"name\":\"Fabius Leibrock und Francesco Zimmermann\",\"image\":{\"@type\":\"ImageObject\",\"inLanguage\":\"en-US\",\"@id\":\"https:\\\/\\\/www.camaeleon.org\\\/en\\\/wp-content\\\/uploads\\\/2021\\\/10\\\/cropped-android-chrome-512x512-2-150x150.pngb111c6b8db723f506736f05d8fadbe0c\",\"url\":\"https:\\\/\\\/www.camaeleon.org\\\/wp-content\\\/uploads\\\/2021\\\/10\\\/cropped-android-chrome-512x512-2-150x150.png\",\"contentUrl\":\"https:\\\/\\\/www.camaeleon.org\\\/wp-content\\\/uploads\\\/2021\\\/10\\\/cropped-android-chrome-512x512-2-150x150.png\",\"caption\":\"Fabius Leibrock und Francesco Zimmermann\"},\"url\":\"https:\\\/\\\/www.camaeleon.org\\\/en\\\/author\\\/fabius-leibrock-und-francesco-zimmermann\\\/\"}]}<\/script>\n<!-- \/ Yoast SEO plugin. -->","yoast_head_json":{"title":"Soziale Medien - Likes von Eltern? - No, thanks! - Cam\u00e4l\u00e9on","description":"Wir haben analysiert, wo die Altersunterschiede in den sozialen Medien liegen und wie man diese erkl\u00e4ren kann.","robots":{"index":"index","follow":"follow","max-snippet":"max-snippet:-1","max-image-preview":"max-image-preview:large","max-video-preview":"max-video-preview:-1"},"canonical":"https:\/\/www.camaeleon.org\/en\/2017\/02\/05\/soziale-medien-3\/","og_locale":"en_US","og_type":"article","og_title":"Soziale Medien - Likes von Eltern? - No, thanks! - Cam\u00e4l\u00e9on","og_description":"Wir haben analysiert, wo die Altersunterschiede in den sozialen Medien liegen und wie man diese erkl\u00e4ren kann.","og_url":"https:\/\/www.camaeleon.org\/en\/2017\/02\/05\/soziale-medien-3\/","og_site_name":"Cam\u00e4l\u00e9on","article_publisher":"https:\/\/www.facebook.com\/camaeleon.org\/","article_published_time":"2017-02-05T15:30:19+00:00","article_modified_time":"2020-12-23T12:41:59+00:00","og_image":[{"width":1000,"height":726,"url":"https:\/\/www.camaeleon.org\/wp-content\/uploads\/2016\/11\/social-media-pixelkult.jpg","type":"image\/jpeg"}],"author":"Fabius Leibrock und Francesco Zimmermann","twitter_card":"summary_large_image","twitter_creator":"@camaeleonOrg","twitter_site":"@camaeleonOrg","schema":{"@context":"https:\/\/schema.org","@graph":[{"@type":"Article","@id":"https:\/\/www.camaeleon.org\/de\/2017\/02\/05\/soziale-medien-3\/#article","isPartOf":{"@id":"https:\/\/www.camaeleon.org\/de\/2017\/02\/05\/soziale-medien-3\/"},"author":{"name":"Fabius Leibrock und Francesco Zimmermann","@id":"https:\/\/www.camaeleon.org\/de\/#\/schema\/person\/6888911d3487be29ebee38c311273e89"},"headline":"Soziale Medien &#8211; Likes von Eltern? &#8211; No, thanks!","datePublished":"2017-02-05T15:30:19+00:00","dateModified":"2020-12-23T12:41:59+00:00","mainEntityOfPage":{"@id":"https:\/\/www.camaeleon.org\/de\/2017\/02\/05\/soziale-medien-3\/"},"wordCount":555,"commentCount":0,"publisher":{"@id":"https:\/\/www.camaeleon.org\/de\/#organization"},"image":{"@id":"https:\/\/www.camaeleon.org\/de\/2017\/02\/05\/soziale-medien-3\/#primaryimage"},"thumbnailUrl":"https:\/\/www.camaeleon.org\/wp-content\/uploads\/2016\/11\/social-media-pixelkult.jpg","keywords":["Facebook","Instagram","Snapchat","Soziale Medien","Twitter"],"articleSection":["Internet","World","Digital"],"inLanguage":"en-US","potentialAction":[{"@type":"CommentAction","name":"Comment","target":["https:\/\/www.camaeleon.org\/de\/2017\/02\/05\/soziale-medien-3\/#respond"]}]},{"@type":"WebPage","@id":"https:\/\/www.camaeleon.org\/en\/2017\/02\/05\/soziale-medien-3\/","url":"https:\/\/www.camaeleon.org\/en\/2017\/02\/05\/soziale-medien-3\/","name":"Soziale Medien - Likes von Eltern? - No, thanks! - Cam\u00e4l\u00e9on","isPartOf":{"@id":"https:\/\/www.camaeleon.org\/en\/#website"},"primaryImageOfPage":{"@id":"https:\/\/www.camaeleon.org\/en\/2017\/02\/05\/soziale-medien-3\/#primaryimage"},"image":{"@id":"https:\/\/www.camaeleon.org\/de\/2017\/02\/05\/soziale-medien-3\/#primaryimage"},"thumbnailUrl":"https:\/\/www.camaeleon.org\/wp-content\/uploads\/2016\/11\/social-media-pixelkult.jpg","datePublished":"2017-02-05T15:30:19+00:00","dateModified":"2020-12-23T12:41:59+00:00","description":"Wir haben analysiert, wo die Altersunterschiede in den sozialen Medien liegen und wie man diese erkl\u00e4ren kann.","breadcrumb":{"@id":"https:\/\/www.camaeleon.org\/en\/2017\/02\/05\/soziale-medien-3\/#breadcrumb"},"inLanguage":"en-US","potentialAction":[{"@type":"ReadAction","target":[["https:\/\/www.camaeleon.org\/en\/2017\/02\/05\/soziale-medien-3\/"]]}]},{"@type":"ImageObject","inLanguage":"en-US","@id":"https:\/\/www.camaeleon.org\/en\/2017\/02\/05\/soziale-medien-3\/#primaryimage","url":"https:\/\/www.camaeleon.org\/wp-content\/uploads\/2016\/11\/social-media-pixelkult.jpg","contentUrl":"https:\/\/www.camaeleon.org\/wp-content\/uploads\/2016\/11\/social-media-pixelkult.jpg","width":1000,"height":726},{"@type":"BreadcrumbList","@id":"https:\/\/www.camaeleon.org\/en\/2017\/02\/05\/soziale-medien-3\/#breadcrumb","itemListElement":[{"@type":"ListItem","position":1,"name":"Home","item":"https:\/\/www.camaeleon.org\/en\/"},{"@type":"ListItem","position":2,"name":"Soziale Medien &#8211; Likes von Eltern? &#8211; No, thanks!"}]},{"@type":"WebSite","@id":"https:\/\/www.camaeleon.org\/en\/#website","url":"https:\/\/www.camaeleon.org\/en\/","name":"Cam\u00e4l\u00e9on","description":"The online student magazine by Deutsch-Franz\u00f6sisches Gymnasium Saarbr\u00fccken","publisher":{"@id":"https:\/\/www.camaeleon.org\/en\/#organization"},"potentialAction":[{"@type":"SearchAction","target":{"@type":"EntryPoint","urlTemplate":"https:\/\/www.camaeleon.org\/en\/?s={search_term_string}"},"query-input":{"@type":"PropertyValueSpecification","valueRequired":true,"valueName":"search_term_string"}}],"inLanguage":"en-US"},{"@type":"Organization","@id":"https:\/\/www.camaeleon.org\/en\/#organization","name":"Cam\u00e4l\u00e9on","url":"https:\/\/www.camaeleon.org\/en\/","logo":{"@type":"ImageObject","inLanguage":"en-US","@id":"https:\/\/www.camaeleon.org\/en\/#\/schema\/logo\/image\/","url":"https:\/\/www.camaeleon.org\/wp-content\/uploads\/2011\/11\/CAM\u00c4LEON.jpg","contentUrl":"https:\/\/www.camaeleon.org\/wp-content\/uploads\/2011\/11\/CAM\u00c4LEON.jpg","width":959,"height":959,"caption":"Cam\u00e4l\u00e9on"},"image":{"@id":"https:\/\/www.camaeleon.org\/en\/#\/schema\/logo\/image\/"},"sameAs":["https:\/\/www.facebook.com\/camaeleon.org\/","https:\/\/x.com\/camaeleonOrg","https:\/\/www.instagram.com\/camaeleon.dfg\/","https:\/\/www.youtube.com\/channel\/UCl3TAUDdGuu_c7CD6ax6hYg"]},{"@type":"Person","@id":"https:\/\/www.camaeleon.org\/de\/#\/schema\/person\/6888911d3487be29ebee38c311273e89","name":"Fabius Leibrock und Francesco Zimmermann","image":{"@type":"ImageObject","inLanguage":"en-US","@id":"https:\/\/www.camaeleon.org\/en\/wp-content\/uploads\/2021\/10\/cropped-android-chrome-512x512-2-150x150.pngb111c6b8db723f506736f05d8fadbe0c","url":"https:\/\/www.camaeleon.org\/wp-content\/uploads\/2021\/10\/cropped-android-chrome-512x512-2-150x150.png","contentUrl":"https:\/\/www.camaeleon.org\/wp-content\/uploads\/2021\/10\/cropped-android-chrome-512x512-2-150x150.png","caption":"Fabius Leibrock und Francesco Zimmermann"},"url":"https:\/\/www.camaeleon.org\/en\/author\/fabius-leibrock-und-francesco-zimmermann\/"}]}},"_links":{"self":[{"href":"https:\/\/www.camaeleon.org\/en\/wp-json\/wp\/v2\/posts\/13528","targetHints":{"allow":["GET"]}}],"collection":[{"href":"https:\/\/www.camaeleon.org\/en\/wp-json\/wp\/v2\/posts"}],"about":[{"href":"https:\/\/www.camaeleon.org\/en\/wp-json\/wp\/v2\/types\/post"}],"author":[{"embeddable":true,"href":"https:\/\/www.camaeleon.org\/en\/wp-json\/wp\/v2\/users\/117"}],"replies":[{"embeddable":true,"href":"https:\/\/www.camaeleon.org\/en\/wp-json\/wp\/v2\/comments?post=13528"}],"version-history":[{"count":0,"href":"https:\/\/www.camaeleon.org\/en\/wp-json\/wp\/v2\/posts\/13528\/revisions"}],"wp:featuredmedia":[{"embeddable":true,"href":"https:\/\/www.camaeleon.org\/en\/wp-json\/wp\/v2\/media\/14422"}],"wp:attachment":[{"href":"https:\/\/www.camaeleon.org\/en\/wp-json\/wp\/v2\/media?parent=13528"}],"wp:term":[{"taxonomy":"category","embeddable":true,"href":"https:\/\/www.camaeleon.org\/en\/wp-json\/wp\/v2\/categories?post=13528"},{"taxonomy":"post_tag","embeddable":true,"href":"https:\/\/www.camaeleon.org\/en\/wp-json\/wp\/v2\/tags?post=13528"},{"taxonomy":"author","embeddable":true,"href":"https:\/\/www.camaeleon.org\/en\/wp-json\/wp\/v2\/coauthors?post=13528"}],"curies":[{"name":"wp","href":"https:\/\/api.w.org\/{rel}","templated":true}]}}