{"id":13059,"date":"2016-11-18T15:21:29","date_gmt":"2016-11-18T14:21:29","guid":{"rendered":"http:\/\/www.camaeleon.org\/?p=13059"},"modified":"2020-12-23T13:50:37","modified_gmt":"2020-12-23T12:50:37","slug":"mme-carrier-gailmain-une-professeure-dhistoire-geographie-passionnee-et-comblee-par-son-metier","status":"publish","type":"post","link":"https:\/\/www.camaeleon.org\/en\/2016\/11\/18\/mme-carrier-gailmain-une-professeure-dhistoire-geographie-passionnee-et-comblee-par-son-metier\/","title":{"rendered":"Mme Carrier-Gailmain, une professeure d&#8217;histoire-g\u00e9ographie passionn\u00e9e et combl\u00e9e par son m\u00e9tier"},"content":{"rendered":"<figure id=\"attachment_13764\" aria-describedby=\"caption-attachment-13764\" style=\"width: 200px\" class=\"wp-caption alignleft\"><a href=\"https:\/\/www.camaeleon.org\/wp-content\/uploads\/2016\/11\/Mme-Carrier-Gailmain.jpg\"><img loading=\"lazy\" decoding=\"async\" class=\"size-medium wp-image-13764\" src=\"https:\/\/www.camaeleon.org\/wp-content\/uploads\/2016\/11\/Mme-Carrier-Gailmain-200x300.jpg\" alt=\"Madame Carrier-Gailmain\" width=\"200\" height=\"300\" srcset=\"https:\/\/www.camaeleon.org\/wp-content\/uploads\/2016\/11\/Mme-Carrier-Gailmain-200x300.jpg 200w, https:\/\/www.camaeleon.org\/wp-content\/uploads\/2016\/11\/Mme-Carrier-Gailmain-400x600.jpg 400w, https:\/\/www.camaeleon.org\/wp-content\/uploads\/2016\/11\/Mme-Carrier-Gailmain.jpg 667w\" sizes=\"auto, (max-width: 200px) 100vw, 200px\" \/><\/a><figcaption id=\"caption-attachment-13764\" class=\"wp-caption-text\">Photo : Cam\u00e4l\u00e9on<\/figcaption><\/figure>\n<p>Comme chaque ann\u00e9e,\u00a0\u00e0 la rentr\u00e9e,\u00a0de nouveaux professeurs nous\u00a0ont rejoints\u00a0au lyc\u00e9e dont Mme Carrier-Gailmain, une professeure combl\u00e9e et passionn\u00e9e par son m\u00e9tier.<\/p>\n<p style=\"text-align: left;\">Mme Carrier-Gailmain habite depuis 2 ans \u00e0 Sarrebruck. Elle avait tr\u00e8s envie de travailler dans le domaine du franco-allemand, c&#8217;est pourquoi elle a imm\u00e9diatement postul\u00e9 au LFA, quand un poste s&#8217;est lib\u00e9r\u00e9 dans sa mati\u00e8re (histoire-g\u00e9ographie).\u00a0Elle trouve que le syst\u00e8me franco-allemand est d&#8217;une grande richesse en tant que synth\u00e8se de deux cultures diff\u00e9rentes, de deux fa\u00e7ons de proc\u00e9der, de penser. &#8220;Globalement, c&#8217;est extraordinairement enrichissant, tant pour les \u00e9l\u00e8ves que pour les enseignants, de fr\u00e9quenter un tel \u00e9tablissement. C&#8217;est passionnant de passer d&#8217;une langue \u00e0 l&#8217;autre&#8221;, a-t-elle confi\u00e9 \u00e0 Cam\u00e4l\u00e9on.<\/p>\n<p>Elle enseigne depuis 18 ans l&#8217;histoire, la g\u00e9ographie, l&#8217;\u00e9ducation civique et juridique ainsi que le th\u00e9\u00e2tre. Elle dit avoir choisi ces mati\u00e8res parce qu&#8217;elle est tr\u00e8s curieuse\u00a0de conna\u00eetre l&#8217;histoire du pays o\u00f9 elle se trouve et qu&#8217;elle adore voyager. Sa passion pour le th\u00e9\u00e2tre lui est venue plus tard, au cours de ses \u00e9tudes.<\/p>\n<p>En dehors du lyc\u00e9e, elle aime aller courir, rencontrer des amis, se promener dans la nature, aller au cin\u00e9ma, au th\u00e9\u00e2tre, \u00e0 des concerts, danser,\u00a0voyager, lire, \u00e9crire. Si elle avait un peu plus de temps, elle continuerait ses cours d&#8217;accord\u00e9on mais elle nous avoue que les journ\u00e9es ne sont pas assez longues \u00e0 son go\u00fbt.<\/p>\n<p>Avant de travailler chez nous, Mme Carrier-Gailmain a enseign\u00e9 longtemps dans le r\u00e9seau AEFE, en Alg\u00e9rie et Tunisie.\u00a0Actuellement, elle travaille \u00e9galement au th\u00e9\u00e2tre de Forbach (sc\u00e8ne nationale) et envisage bien de rester \u00e0 Sarrebruck. Nous esp\u00e9rons la garder parmi nous et lui souhaitons bienvenue au LFA.<\/p>\n","protected":false},"excerpt":{"rendered":"<p>Comme chaque ann\u00e9e,\u00a0\u00e0 la rentr\u00e9e,\u00a0de nouveaux professeurs nous\u00a0ont rejoints\u00a0au lyc\u00e9e dont Mme Carrier-Gailmain, une professeure combl\u00e9e et passionn\u00e9e par son m\u00e9tier. Mme Carrier-Gailmain habite depuis<\/p>\n","protected":false},"author":96,"featured_media":13764,"comment_status":"open","ping_status":"open","sticky":false,"template":"","format":"standard","meta":{"colormag_page_container_layout":"default_layout","colormag_page_sidebar_layout":"default_layout","footnotes":""},"categories":[3,200],"tags":[1385,1381],"coauthors":[806],"class_list":["post-13059","post","type-post","status-publish","format-standard","has-post-thumbnail","hentry","category-ecole","category-audio","tag-carrier-gailmain","tag-lehrer-interview"],"yoast_head":"<!-- This site is optimized with the Yoast SEO plugin v27.5 - https:\/\/yoast.com\/product\/yoast-seo-wordpress\/ -->\n<title>Mme Carrier-Gailmain, une professeure d&#039;histoire-g\u00e9ographie passionn\u00e9e et combl\u00e9e par son m\u00e9tier - Cam\u00e4l\u00e9on<\/title>\n<meta name=\"description\" content=\"Comme chaque ann\u00e9e, \u00e0 la rentr\u00e9e, de nouveaux professeurs nous ont rejoints au lyc\u00e9e dont Mme Carrier-Gailmain, une professeure combl\u00e9e et passionn\u00e9e par son m\u00e9tier.\" \/>\n<meta name=\"robots\" content=\"index, follow, max-snippet:-1, max-image-preview:large, max-video-preview:-1\" \/>\n<link rel=\"canonical\" href=\"https:\/\/www.camaeleon.org\/en\/2016\/11\/18\/mme-carrier-gailmain-une-professeure-dhistoire-geographie-passionnee-et-comblee-par-son-metier\/\" \/>\n<meta property=\"og:locale\" content=\"en_US\" \/>\n<meta property=\"og:type\" content=\"article\" \/>\n<meta property=\"og:title\" content=\"Mme Carrier-Gailmain, une professeure d&#039;histoire-g\u00e9ographie passionn\u00e9e et combl\u00e9e par son m\u00e9tier - Cam\u00e4l\u00e9on\" \/>\n<meta property=\"og:description\" content=\"Comme chaque ann\u00e9e, \u00e0 la rentr\u00e9e, de nouveaux professeurs nous ont rejoints au lyc\u00e9e dont Mme Carrier-Gailmain, une professeure combl\u00e9e et passionn\u00e9e par son m\u00e9tier.\" \/>\n<meta property=\"og:url\" content=\"https:\/\/www.camaeleon.org\/en\/2016\/11\/18\/mme-carrier-gailmain-une-professeure-dhistoire-geographie-passionnee-et-comblee-par-son-metier\/\" \/>\n<meta property=\"og:site_name\" content=\"Cam\u00e4l\u00e9on\" \/>\n<meta property=\"article:publisher\" content=\"https:\/\/www.facebook.com\/camaeleon.org\/\" \/>\n<meta property=\"article:published_time\" content=\"2016-11-18T14:21:29+00:00\" \/>\n<meta property=\"article:modified_time\" content=\"2020-12-23T12:50:37+00:00\" \/>\n<meta property=\"og:image\" content=\"https:\/\/www.camaeleon.org\/wp-content\/uploads\/2016\/11\/Mme-Carrier-Gailmain.jpg\" \/>\n\t<meta property=\"og:image:width\" content=\"667\" \/>\n\t<meta property=\"og:image:height\" content=\"1000\" \/>\n\t<meta property=\"og:image:type\" content=\"image\/jpeg\" \/>\n<meta name=\"author\" content=\"Maelys Didiot\" \/>\n<meta name=\"twitter:card\" content=\"summary_large_image\" \/>\n<meta name=\"twitter:creator\" content=\"@camaeleonOrg\" \/>\n<meta name=\"twitter:site\" content=\"@camaeleonOrg\" \/>\n<script type=\"application\/ld+json\" class=\"yoast-schema-graph\">{\"@context\":\"https:\\\/\\\/schema.org\",\"@graph\":[{\"@type\":\"Article\",\"@id\":\"https:\\\/\\\/www.camaeleon.org\\\/de\\\/2016\\\/11\\\/18\\\/mme-carrier-gailmain-une-professeure-dhistoire-geographie-passionnee-et-comblee-par-son-metier\\\/#article\",\"isPartOf\":{\"@id\":\"https:\\\/\\\/www.camaeleon.org\\\/de\\\/2016\\\/11\\\/18\\\/mme-carrier-gailmain-une-professeure-dhistoire-geographie-passionnee-et-comblee-par-son-metier\\\/\"},\"author\":{\"name\":\"Maelys Didiot\",\"@id\":\"https:\\\/\\\/www.camaeleon.org\\\/de\\\/#\\\/schema\\\/person\\\/a73cec611962bf31a1d7fc56b7377c9e\"},\"headline\":\"Mme Carrier-Gailmain, une professeure d&#8217;histoire-g\u00e9ographie passionn\u00e9e et combl\u00e9e par son m\u00e9tier\",\"datePublished\":\"2016-11-18T14:21:29+00:00\",\"dateModified\":\"2020-12-23T12:50:37+00:00\",\"mainEntityOfPage\":{\"@id\":\"https:\\\/\\\/www.camaeleon.org\\\/de\\\/2016\\\/11\\\/18\\\/mme-carrier-gailmain-une-professeure-dhistoire-geographie-passionnee-et-comblee-par-son-metier\\\/\"},\"wordCount\":341,\"commentCount\":0,\"publisher\":{\"@id\":\"https:\\\/\\\/www.camaeleon.org\\\/de\\\/#organization\"},\"image\":{\"@id\":\"https:\\\/\\\/www.camaeleon.org\\\/de\\\/2016\\\/11\\\/18\\\/mme-carrier-gailmain-une-professeure-dhistoire-geographie-passionnee-et-comblee-par-son-metier\\\/#primaryimage\"},\"thumbnailUrl\":\"https:\\\/\\\/www.camaeleon.org\\\/wp-content\\\/uploads\\\/2016\\\/11\\\/Mme-Carrier-Gailmain.jpg\",\"keywords\":[\"Carrier-Gailmain\",\"Lehrer-Interview\"],\"articleSection\":[\"School\",\"Podcast\"],\"inLanguage\":\"en-US\",\"potentialAction\":[{\"@type\":\"CommentAction\",\"name\":\"Comment\",\"target\":[\"https:\\\/\\\/www.camaeleon.org\\\/de\\\/2016\\\/11\\\/18\\\/mme-carrier-gailmain-une-professeure-dhistoire-geographie-passionnee-et-comblee-par-son-metier\\\/#respond\"]}]},{\"@type\":\"WebPage\",\"@id\":\"https:\\\/\\\/www.camaeleon.org\\\/en\\\/2016\\\/11\\\/18\\\/mme-carrier-gailmain-une-professeure-dhistoire-geographie-passionnee-et-comblee-par-son-metier\\\/\",\"url\":\"https:\\\/\\\/www.camaeleon.org\\\/en\\\/2016\\\/11\\\/18\\\/mme-carrier-gailmain-une-professeure-dhistoire-geographie-passionnee-et-comblee-par-son-metier\\\/\",\"name\":\"Mme Carrier-Gailmain, une professeure d'histoire-g\u00e9ographie passionn\u00e9e et combl\u00e9e par son m\u00e9tier - Cam\u00e4l\u00e9on\",\"isPartOf\":{\"@id\":\"https:\\\/\\\/www.camaeleon.org\\\/en\\\/#website\"},\"primaryImageOfPage\":{\"@id\":\"https:\\\/\\\/www.camaeleon.org\\\/en\\\/2016\\\/11\\\/18\\\/mme-carrier-gailmain-une-professeure-dhistoire-geographie-passionnee-et-comblee-par-son-metier\\\/#primaryimage\"},\"image\":{\"@id\":\"https:\\\/\\\/www.camaeleon.org\\\/de\\\/2016\\\/11\\\/18\\\/mme-carrier-gailmain-une-professeure-dhistoire-geographie-passionnee-et-comblee-par-son-metier\\\/#primaryimage\"},\"thumbnailUrl\":\"https:\\\/\\\/www.camaeleon.org\\\/wp-content\\\/uploads\\\/2016\\\/11\\\/Mme-Carrier-Gailmain.jpg\",\"datePublished\":\"2016-11-18T14:21:29+00:00\",\"dateModified\":\"2020-12-23T12:50:37+00:00\",\"description\":\"Comme chaque ann\u00e9e, \u00e0 la rentr\u00e9e, de nouveaux professeurs nous ont rejoints au lyc\u00e9e dont Mme Carrier-Gailmain, une professeure combl\u00e9e et passionn\u00e9e par son m\u00e9tier.\",\"breadcrumb\":{\"@id\":\"https:\\\/\\\/www.camaeleon.org\\\/en\\\/2016\\\/11\\\/18\\\/mme-carrier-gailmain-une-professeure-dhistoire-geographie-passionnee-et-comblee-par-son-metier\\\/#breadcrumb\"},\"inLanguage\":\"en-US\",\"potentialAction\":[{\"@type\":\"ReadAction\",\"target\":[[\"https:\\\/\\\/www.camaeleon.org\\\/en\\\/2016\\\/11\\\/18\\\/mme-carrier-gailmain-une-professeure-dhistoire-geographie-passionnee-et-comblee-par-son-metier\\\/\"]]}]},{\"@type\":\"ImageObject\",\"inLanguage\":\"en-US\",\"@id\":\"https:\\\/\\\/www.camaeleon.org\\\/en\\\/2016\\\/11\\\/18\\\/mme-carrier-gailmain-une-professeure-dhistoire-geographie-passionnee-et-comblee-par-son-metier\\\/#primaryimage\",\"url\":\"https:\\\/\\\/www.camaeleon.org\\\/wp-content\\\/uploads\\\/2016\\\/11\\\/Mme-Carrier-Gailmain.jpg\",\"contentUrl\":\"https:\\\/\\\/www.camaeleon.org\\\/wp-content\\\/uploads\\\/2016\\\/11\\\/Mme-Carrier-Gailmain.jpg\",\"width\":667,\"height\":1000,\"caption\":\"Photo : Cam\u00e4l\u00e9on\"},{\"@type\":\"BreadcrumbList\",\"@id\":\"https:\\\/\\\/www.camaeleon.org\\\/en\\\/2016\\\/11\\\/18\\\/mme-carrier-gailmain-une-professeure-dhistoire-geographie-passionnee-et-comblee-par-son-metier\\\/#breadcrumb\",\"itemListElement\":[{\"@type\":\"ListItem\",\"position\":1,\"name\":\"Home\",\"item\":\"https:\\\/\\\/www.camaeleon.org\\\/en\\\/\"},{\"@type\":\"ListItem\",\"position\":2,\"name\":\"Mme Carrier-Gailmain, une professeure d&#8217;histoire-g\u00e9ographie passionn\u00e9e et combl\u00e9e par son m\u00e9tier\"}]},{\"@type\":\"WebSite\",\"@id\":\"https:\\\/\\\/www.camaeleon.org\\\/en\\\/#website\",\"url\":\"https:\\\/\\\/www.camaeleon.org\\\/en\\\/\",\"name\":\"Cam\u00e4l\u00e9on\",\"description\":\"The online student magazine by Deutsch-Franz\u00f6sisches Gymnasium Saarbr\u00fccken\",\"publisher\":{\"@id\":\"https:\\\/\\\/www.camaeleon.org\\\/en\\\/#organization\"},\"potentialAction\":[{\"@type\":\"SearchAction\",\"target\":{\"@type\":\"EntryPoint\",\"urlTemplate\":\"https:\\\/\\\/www.camaeleon.org\\\/en\\\/?s={search_term_string}\"},\"query-input\":{\"@type\":\"PropertyValueSpecification\",\"valueRequired\":true,\"valueName\":\"search_term_string\"}}],\"inLanguage\":\"en-US\"},{\"@type\":\"Organization\",\"@id\":\"https:\\\/\\\/www.camaeleon.org\\\/en\\\/#organization\",\"name\":\"Cam\u00e4l\u00e9on\",\"url\":\"https:\\\/\\\/www.camaeleon.org\\\/en\\\/\",\"logo\":{\"@type\":\"ImageObject\",\"inLanguage\":\"en-US\",\"@id\":\"https:\\\/\\\/www.camaeleon.org\\\/en\\\/#\\\/schema\\\/logo\\\/image\\\/\",\"url\":\"https:\\\/\\\/www.camaeleon.org\\\/wp-content\\\/uploads\\\/2011\\\/11\\\/CAM\u00c4LEON.jpg\",\"contentUrl\":\"https:\\\/\\\/www.camaeleon.org\\\/wp-content\\\/uploads\\\/2011\\\/11\\\/CAM\u00c4LEON.jpg\",\"width\":959,\"height\":959,\"caption\":\"Cam\u00e4l\u00e9on\"},\"image\":{\"@id\":\"https:\\\/\\\/www.camaeleon.org\\\/en\\\/#\\\/schema\\\/logo\\\/image\\\/\"},\"sameAs\":[\"https:\\\/\\\/www.facebook.com\\\/camaeleon.org\\\/\",\"https:\\\/\\\/x.com\\\/camaeleonOrg\",\"https:\\\/\\\/www.instagram.com\\\/camaeleon.dfg\\\/\",\"https:\\\/\\\/www.youtube.com\\\/channel\\\/UCl3TAUDdGuu_c7CD6ax6hYg\"]},{\"@type\":\"Person\",\"@id\":\"https:\\\/\\\/www.camaeleon.org\\\/de\\\/#\\\/schema\\\/person\\\/a73cec611962bf31a1d7fc56b7377c9e\",\"name\":\"Maelys Didiot\",\"image\":{\"@type\":\"ImageObject\",\"inLanguage\":\"en-US\",\"@id\":\"https:\\\/\\\/www.camaeleon.org\\\/en\\\/wp-content\\\/uploads\\\/2016\\\/02\\\/img_1410.jpg090f57d7f2731e978b66de5375b0f9fc\",\"url\":\"https:\\\/\\\/www.camaeleon.org\\\/wp-content\\\/uploads\\\/2016\\\/02\\\/img_1410.jpg\",\"contentUrl\":\"https:\\\/\\\/www.camaeleon.org\\\/wp-content\\\/uploads\\\/2016\\\/02\\\/img_1410.jpg\",\"caption\":\"Maelys Didiot\"},\"url\":\"https:\\\/\\\/www.camaeleon.org\\\/en\\\/author\\\/maelys-didiot\\\/\"}]}<\/script>\n<!-- \/ Yoast SEO plugin. -->","yoast_head_json":{"title":"Mme Carrier-Gailmain, une professeure d'histoire-g\u00e9ographie passionn\u00e9e et combl\u00e9e par son m\u00e9tier - Cam\u00e4l\u00e9on","description":"Comme chaque ann\u00e9e, \u00e0 la rentr\u00e9e, de nouveaux professeurs nous ont rejoints au lyc\u00e9e dont Mme Carrier-Gailmain, une professeure combl\u00e9e et passionn\u00e9e par son m\u00e9tier.","robots":{"index":"index","follow":"follow","max-snippet":"max-snippet:-1","max-image-preview":"max-image-preview:large","max-video-preview":"max-video-preview:-1"},"canonical":"https:\/\/www.camaeleon.org\/en\/2016\/11\/18\/mme-carrier-gailmain-une-professeure-dhistoire-geographie-passionnee-et-comblee-par-son-metier\/","og_locale":"en_US","og_type":"article","og_title":"Mme Carrier-Gailmain, une professeure d'histoire-g\u00e9ographie passionn\u00e9e et combl\u00e9e par son m\u00e9tier - Cam\u00e4l\u00e9on","og_description":"Comme chaque ann\u00e9e, \u00e0 la rentr\u00e9e, de nouveaux professeurs nous ont rejoints au lyc\u00e9e dont Mme Carrier-Gailmain, une professeure combl\u00e9e et passionn\u00e9e par son m\u00e9tier.","og_url":"https:\/\/www.camaeleon.org\/en\/2016\/11\/18\/mme-carrier-gailmain-une-professeure-dhistoire-geographie-passionnee-et-comblee-par-son-metier\/","og_site_name":"Cam\u00e4l\u00e9on","article_publisher":"https:\/\/www.facebook.com\/camaeleon.org\/","article_published_time":"2016-11-18T14:21:29+00:00","article_modified_time":"2020-12-23T12:50:37+00:00","og_image":[{"width":667,"height":1000,"url":"https:\/\/www.camaeleon.org\/wp-content\/uploads\/2016\/11\/Mme-Carrier-Gailmain.jpg","type":"image\/jpeg"}],"author":"Maelys Didiot","twitter_card":"summary_large_image","twitter_creator":"@camaeleonOrg","twitter_site":"@camaeleonOrg","schema":{"@context":"https:\/\/schema.org","@graph":[{"@type":"Article","@id":"https:\/\/www.camaeleon.org\/de\/2016\/11\/18\/mme-carrier-gailmain-une-professeure-dhistoire-geographie-passionnee-et-comblee-par-son-metier\/#article","isPartOf":{"@id":"https:\/\/www.camaeleon.org\/de\/2016\/11\/18\/mme-carrier-gailmain-une-professeure-dhistoire-geographie-passionnee-et-comblee-par-son-metier\/"},"author":{"name":"Maelys Didiot","@id":"https:\/\/www.camaeleon.org\/de\/#\/schema\/person\/a73cec611962bf31a1d7fc56b7377c9e"},"headline":"Mme Carrier-Gailmain, une professeure d&#8217;histoire-g\u00e9ographie passionn\u00e9e et combl\u00e9e par son m\u00e9tier","datePublished":"2016-11-18T14:21:29+00:00","dateModified":"2020-12-23T12:50:37+00:00","mainEntityOfPage":{"@id":"https:\/\/www.camaeleon.org\/de\/2016\/11\/18\/mme-carrier-gailmain-une-professeure-dhistoire-geographie-passionnee-et-comblee-par-son-metier\/"},"wordCount":341,"commentCount":0,"publisher":{"@id":"https:\/\/www.camaeleon.org\/de\/#organization"},"image":{"@id":"https:\/\/www.camaeleon.org\/de\/2016\/11\/18\/mme-carrier-gailmain-une-professeure-dhistoire-geographie-passionnee-et-comblee-par-son-metier\/#primaryimage"},"thumbnailUrl":"https:\/\/www.camaeleon.org\/wp-content\/uploads\/2016\/11\/Mme-Carrier-Gailmain.jpg","keywords":["Carrier-Gailmain","Lehrer-Interview"],"articleSection":["School","Podcast"],"inLanguage":"en-US","potentialAction":[{"@type":"CommentAction","name":"Comment","target":["https:\/\/www.camaeleon.org\/de\/2016\/11\/18\/mme-carrier-gailmain-une-professeure-dhistoire-geographie-passionnee-et-comblee-par-son-metier\/#respond"]}]},{"@type":"WebPage","@id":"https:\/\/www.camaeleon.org\/en\/2016\/11\/18\/mme-carrier-gailmain-une-professeure-dhistoire-geographie-passionnee-et-comblee-par-son-metier\/","url":"https:\/\/www.camaeleon.org\/en\/2016\/11\/18\/mme-carrier-gailmain-une-professeure-dhistoire-geographie-passionnee-et-comblee-par-son-metier\/","name":"Mme Carrier-Gailmain, une professeure d'histoire-g\u00e9ographie passionn\u00e9e et combl\u00e9e par son m\u00e9tier - Cam\u00e4l\u00e9on","isPartOf":{"@id":"https:\/\/www.camaeleon.org\/en\/#website"},"primaryImageOfPage":{"@id":"https:\/\/www.camaeleon.org\/en\/2016\/11\/18\/mme-carrier-gailmain-une-professeure-dhistoire-geographie-passionnee-et-comblee-par-son-metier\/#primaryimage"},"image":{"@id":"https:\/\/www.camaeleon.org\/de\/2016\/11\/18\/mme-carrier-gailmain-une-professeure-dhistoire-geographie-passionnee-et-comblee-par-son-metier\/#primaryimage"},"thumbnailUrl":"https:\/\/www.camaeleon.org\/wp-content\/uploads\/2016\/11\/Mme-Carrier-Gailmain.jpg","datePublished":"2016-11-18T14:21:29+00:00","dateModified":"2020-12-23T12:50:37+00:00","description":"Comme chaque ann\u00e9e, \u00e0 la rentr\u00e9e, de nouveaux professeurs nous ont rejoints au lyc\u00e9e dont Mme Carrier-Gailmain, une professeure combl\u00e9e et passionn\u00e9e par son m\u00e9tier.","breadcrumb":{"@id":"https:\/\/www.camaeleon.org\/en\/2016\/11\/18\/mme-carrier-gailmain-une-professeure-dhistoire-geographie-passionnee-et-comblee-par-son-metier\/#breadcrumb"},"inLanguage":"en-US","potentialAction":[{"@type":"ReadAction","target":[["https:\/\/www.camaeleon.org\/en\/2016\/11\/18\/mme-carrier-gailmain-une-professeure-dhistoire-geographie-passionnee-et-comblee-par-son-metier\/"]]}]},{"@type":"ImageObject","inLanguage":"en-US","@id":"https:\/\/www.camaeleon.org\/en\/2016\/11\/18\/mme-carrier-gailmain-une-professeure-dhistoire-geographie-passionnee-et-comblee-par-son-metier\/#primaryimage","url":"https:\/\/www.camaeleon.org\/wp-content\/uploads\/2016\/11\/Mme-Carrier-Gailmain.jpg","contentUrl":"https:\/\/www.camaeleon.org\/wp-content\/uploads\/2016\/11\/Mme-Carrier-Gailmain.jpg","width":667,"height":1000,"caption":"Photo : Cam\u00e4l\u00e9on"},{"@type":"BreadcrumbList","@id":"https:\/\/www.camaeleon.org\/en\/2016\/11\/18\/mme-carrier-gailmain-une-professeure-dhistoire-geographie-passionnee-et-comblee-par-son-metier\/#breadcrumb","itemListElement":[{"@type":"ListItem","position":1,"name":"Home","item":"https:\/\/www.camaeleon.org\/en\/"},{"@type":"ListItem","position":2,"name":"Mme Carrier-Gailmain, une professeure d&#8217;histoire-g\u00e9ographie passionn\u00e9e et combl\u00e9e par son m\u00e9tier"}]},{"@type":"WebSite","@id":"https:\/\/www.camaeleon.org\/en\/#website","url":"https:\/\/www.camaeleon.org\/en\/","name":"Cam\u00e4l\u00e9on","description":"The online student magazine by Deutsch-Franz\u00f6sisches Gymnasium Saarbr\u00fccken","publisher":{"@id":"https:\/\/www.camaeleon.org\/en\/#organization"},"potentialAction":[{"@type":"SearchAction","target":{"@type":"EntryPoint","urlTemplate":"https:\/\/www.camaeleon.org\/en\/?s={search_term_string}"},"query-input":{"@type":"PropertyValueSpecification","valueRequired":true,"valueName":"search_term_string"}}],"inLanguage":"en-US"},{"@type":"Organization","@id":"https:\/\/www.camaeleon.org\/en\/#organization","name":"Cam\u00e4l\u00e9on","url":"https:\/\/www.camaeleon.org\/en\/","logo":{"@type":"ImageObject","inLanguage":"en-US","@id":"https:\/\/www.camaeleon.org\/en\/#\/schema\/logo\/image\/","url":"https:\/\/www.camaeleon.org\/wp-content\/uploads\/2011\/11\/CAM\u00c4LEON.jpg","contentUrl":"https:\/\/www.camaeleon.org\/wp-content\/uploads\/2011\/11\/CAM\u00c4LEON.jpg","width":959,"height":959,"caption":"Cam\u00e4l\u00e9on"},"image":{"@id":"https:\/\/www.camaeleon.org\/en\/#\/schema\/logo\/image\/"},"sameAs":["https:\/\/www.facebook.com\/camaeleon.org\/","https:\/\/x.com\/camaeleonOrg","https:\/\/www.instagram.com\/camaeleon.dfg\/","https:\/\/www.youtube.com\/channel\/UCl3TAUDdGuu_c7CD6ax6hYg"]},{"@type":"Person","@id":"https:\/\/www.camaeleon.org\/de\/#\/schema\/person\/a73cec611962bf31a1d7fc56b7377c9e","name":"Maelys Didiot","image":{"@type":"ImageObject","inLanguage":"en-US","@id":"https:\/\/www.camaeleon.org\/en\/wp-content\/uploads\/2016\/02\/img_1410.jpg090f57d7f2731e978b66de5375b0f9fc","url":"https:\/\/www.camaeleon.org\/wp-content\/uploads\/2016\/02\/img_1410.jpg","contentUrl":"https:\/\/www.camaeleon.org\/wp-content\/uploads\/2016\/02\/img_1410.jpg","caption":"Maelys Didiot"},"url":"https:\/\/www.camaeleon.org\/en\/author\/maelys-didiot\/"}]}},"_links":{"self":[{"href":"https:\/\/www.camaeleon.org\/en\/wp-json\/wp\/v2\/posts\/13059","targetHints":{"allow":["GET"]}}],"collection":[{"href":"https:\/\/www.camaeleon.org\/en\/wp-json\/wp\/v2\/posts"}],"about":[{"href":"https:\/\/www.camaeleon.org\/en\/wp-json\/wp\/v2\/types\/post"}],"author":[{"embeddable":true,"href":"https:\/\/www.camaeleon.org\/en\/wp-json\/wp\/v2\/users\/96"}],"replies":[{"embeddable":true,"href":"https:\/\/www.camaeleon.org\/en\/wp-json\/wp\/v2\/comments?post=13059"}],"version-history":[{"count":0,"href":"https:\/\/www.camaeleon.org\/en\/wp-json\/wp\/v2\/posts\/13059\/revisions"}],"wp:featuredmedia":[{"embeddable":true,"href":"https:\/\/www.camaeleon.org\/en\/wp-json\/wp\/v2\/media\/13764"}],"wp:attachment":[{"href":"https:\/\/www.camaeleon.org\/en\/wp-json\/wp\/v2\/media?parent=13059"}],"wp:term":[{"taxonomy":"category","embeddable":true,"href":"https:\/\/www.camaeleon.org\/en\/wp-json\/wp\/v2\/categories?post=13059"},{"taxonomy":"post_tag","embeddable":true,"href":"https:\/\/www.camaeleon.org\/en\/wp-json\/wp\/v2\/tags?post=13059"},{"taxonomy":"author","embeddable":true,"href":"https:\/\/www.camaeleon.org\/en\/wp-json\/wp\/v2\/coauthors?post=13059"}],"curies":[{"name":"wp","href":"https:\/\/api.w.org\/{rel}","templated":true}]}}