{"id":12392,"date":"2016-06-11T17:17:17","date_gmt":"2016-06-11T15:17:17","guid":{"rendered":"http:\/\/www.camaeleon.org\/?p=12392"},"modified":"2020-12-23T13:55:56","modified_gmt":"2020-12-23T12:55:56","slug":"die-nachmittagsbetreuung-am-dfg","status":"publish","type":"post","link":"https:\/\/www.camaeleon.org\/en\/2016\/06\/11\/die-nachmittagsbetreuung-am-dfg\/","title":{"rendered":"Sofas und Taijutsu: Die Nachmittagsbetreuung am DFG"},"content":{"rendered":"<p><figure id=\"attachment_12827\" aria-describedby=\"caption-attachment-12827\" style=\"width: 225px\" class=\"wp-caption alignleft\"><a href=\"https:\/\/www.camaeleon.org\/wp-content\/uploads\/2016\/06\/etude.jpg\" rel=\"attachment wp-att-12827\"><img loading=\"lazy\" decoding=\"async\" class=\"size-medium wp-image-12827\" src=\"https:\/\/www.camaeleon.org\/wp-content\/uploads\/2016\/06\/etude-225x300.jpg\" alt=\"Etude\" width=\"225\" height=\"300\" srcset=\"https:\/\/www.camaeleon.org\/wp-content\/uploads\/2016\/06\/etude-225x300.jpg 225w, https:\/\/www.camaeleon.org\/wp-content\/uploads\/2016\/06\/etude-450x600.jpg 450w, https:\/\/www.camaeleon.org\/wp-content\/uploads\/2016\/06\/etude.jpg 750w\" sizes=\"auto, (max-width: 225px) 100vw, 225px\" \/><\/a><figcaption id=\"caption-attachment-12827\" class=\"wp-caption-text\">Foto: Tomasz Miko\u0142ajczyk \/ pixabay.com<\/figcaption><\/figure><\/p>\n<p>Es stehen Leute vor den Regalen oder sie lesen und sitzen auf der Couchreihe. Manche sitzen aber auch an den Computern und arbeiten. Andere gehen zum F\u00f6rderunterricht. Man kann aber auch einfach nichts tun und entspannen.<\/p>\n<p>Hier befinden wir uns in dem Raum \u201cStille Gruppe\u201d der Etude. Etude? Dies ist die Nachmittagsbetreuung am deutsch-franz\u00f6sischen Gymnasium. Sie existiert bereits, seitdem das DFG noch ein Internat hatte. Geleitet wurde es damals von Herrn Mergens (in Rente seit 2010). F\u00fcr weitere Informationen haben wir ein Interview mit Florian Wagemann, dem aktuellen Stellvertreter von Etude-Leiterin Frau Gross gef\u00fchrt. Au\u00dferdem kommt Simon Schmitt zu Wort, einer von vielen Sch\u00fclern, die die Etude besuchen.<\/p>\n<p><strong><em>Interview mit Etude-Mitarbeiter Florian Wagemann<\/em><\/strong><\/p>\n<p><strong>Cam\u00e4l\u00e9on:<\/strong> Seit wann arbeitest du in der Etude?<\/p>\n<p><strong>Florian Wagemann: <\/strong>Ich habe vor drei Jahren angefangen.<\/p>\n<p><strong>Cam\u00e4l\u00e9on:<\/strong> Was ist dein Aufgabenbereich?<\/p>\n<p><strong>Florian Wagemann:<\/strong> Ich bin stellvertretender Teamleiter, stellvertretender Gesch\u00e4ftsf\u00fchrer und ich bin Gruppenleiter der Klasse 6a. Das mache ich jetzt auch schon seit zwei Jahren.<\/p>\n<p><strong>Cam\u00e4l\u00e9on:<\/strong> Leitest du AGs?<\/p>\n<p><strong>Florian Wagemann:<\/strong> Ja ich leite die Tajutsu AG. Ich glaube aber, dass ich n\u00e4chstes Schuljahr eine weitere AG machen werde.<\/p>\n<p><strong>Cam\u00e4l\u00e9on:<\/strong> Was w\u00fcrdest du an der Etude ver\u00e4ndern und was magst du nicht an der Etude?<\/p>\n<p><strong>Florian Wagemann: <\/strong>Aus beruflicher Sicht mag ich die Arbeitszeiten nicht so sehr, weil man erst um 12 Uhr anf\u00e4ngt. Aber das ist nicht so schlimm.<\/p>\n<p><strong>Cam\u00e4l\u00e9on: <\/strong>Was magst du an der Etude?<\/p>\n<p><strong>Florian Wagemann: <\/strong>Aus beruflicher Sicht mag ich es, dass ich mit Kindern arbeiten kann, Dazu finde ich die Arbeit sehr abwechslungsreich. Speziell an der Etude mag ich die unheimlich gro\u00dfe Diversit\u00e4t. Ich mag auch, dass hier so viele Kulturen zusammen kommen.<\/p>\n<p><strong>Cam\u00e4l\u00e9on: <\/strong>Danke f\u00fcr das Interview!<\/p>\n<p><strong><em>Interview mit Etude-Sch\u00fcler Simon Schmitt<\/em><\/strong><\/p>\n<figure id=\"attachment_12825\" aria-describedby=\"caption-attachment-12825\" style=\"width: 300px\" class=\"wp-caption alignleft\"><a href=\"https:\/\/www.camaeleon.org\/wp-content\/uploads\/2016\/06\/Simon.jpg\" rel=\"attachment wp-att-12825\"><img loading=\"lazy\" decoding=\"async\" class=\"size-medium wp-image-12825\" src=\"https:\/\/www.camaeleon.org\/wp-content\/uploads\/2016\/06\/Simon-300x200.jpg\" alt=\"Simon\" width=\"300\" height=\"200\" \/><\/a><figcaption id=\"caption-attachment-12825\" class=\"wp-caption-text\">Foto: Cam\u00e4l\u00e9on<\/figcaption><\/figure>\n<p><strong>Cam\u00e4l\u00e9on: <\/strong>Wie gef\u00e4llt dir die Etude?<\/p>\n<p><strong>Simon Schmitt: <\/strong>Gut. Sie ist f\u00fcr Sch\u00fcler, die nachmittags l\u00e4nger bleiben m\u00fcssen, die letzte Hoffnung.<\/p>\n<p><strong>Cam\u00e4l\u00e9on: <\/strong>Wenn du etwas an der Etude ver\u00e4ndern k\u00f6nntest, was w\u00fcrdest du ver\u00e4ndern?<\/p>\n<p><strong>Simon Schmitt: <\/strong>Einen weiteren Raum mit Sofas ausstatten, da die Ruhest\u00f6rer immer in die Stille Gruppe kommen, den einzigen Raum mit Sofas.<\/p>\n<p><strong>Cam\u00e4l\u00e9on: <\/strong>Danke f\u00fcr das Interview!<\/p>","protected":false},"excerpt":{"rendered":"<p>Es stehen Leute vor den Regalen oder sie lesen und sitzen auf der Couchreihe. Manche sitzen aber auch an den Computern und arbeiten. Andere gehen<\/p>\n","protected":false},"author":100,"featured_media":12829,"comment_status":"open","ping_status":"open","sticky":false,"template":"","format":"standard","meta":{"colormag_page_container_layout":"default_layout","colormag_page_sidebar_layout":"default_layout","footnotes":""},"categories":[3],"tags":[513,460,514],"coauthors":[819],"class_list":["post-12392","post","type-post","status-publish","format-standard","has-post-thumbnail","hentry","category-ecole","tag-etude","tag-hausaufgaben","tag-nachmittagsbetreuung"],"yoast_head":"<!-- This site is optimized with the Yoast SEO plugin v27.5 - https:\/\/yoast.com\/product\/yoast-seo-wordpress\/ -->\n<title>Sofas und Taijutsu: Die Nachmittagsbetreuung am DFG - Cam\u00e4l\u00e9on<\/title>\n<meta name=\"description\" content=\"Etude? Dies ist die Nachmittagsbetreuung am deutsch-franz\u00f6sischen Gymnasium. Sie existiert bereits, seitdem das DFG noch ein Internat hatte.\" \/>\n<meta name=\"robots\" content=\"index, follow, max-snippet:-1, max-image-preview:large, max-video-preview:-1\" \/>\n<link rel=\"canonical\" href=\"https:\/\/www.camaeleon.org\/en\/2016\/06\/11\/die-nachmittagsbetreuung-am-dfg\/\" \/>\n<meta property=\"og:locale\" content=\"en_US\" \/>\n<meta property=\"og:type\" content=\"article\" \/>\n<meta property=\"og:title\" content=\"Sofas und Taijutsu: Die Nachmittagsbetreuung am DFG - Cam\u00e4l\u00e9on\" \/>\n<meta property=\"og:description\" content=\"Etude? Dies ist die Nachmittagsbetreuung am deutsch-franz\u00f6sischen Gymnasium. Sie existiert bereits, seitdem das DFG noch ein Internat hatte.\" \/>\n<meta property=\"og:url\" content=\"https:\/\/www.camaeleon.org\/en\/2016\/06\/11\/die-nachmittagsbetreuung-am-dfg\/\" \/>\n<meta property=\"og:site_name\" content=\"Cam\u00e4l\u00e9on\" \/>\n<meta property=\"article:publisher\" content=\"https:\/\/www.facebook.com\/camaeleon.org\/\" \/>\n<meta property=\"article:published_time\" content=\"2016-06-11T15:17:17+00:00\" \/>\n<meta property=\"article:modified_time\" content=\"2020-12-23T12:55:56+00:00\" \/>\n<meta property=\"og:image\" content=\"https:\/\/www.camaeleon.org\/wp-content\/uploads\/2016\/06\/etude-1.jpg\" \/>\n\t<meta property=\"og:image:width\" content=\"916\" \/>\n\t<meta property=\"og:image:height\" content=\"1000\" \/>\n\t<meta property=\"og:image:type\" content=\"image\/jpeg\" \/>\n<meta name=\"author\" content=\"Philip Thiel\" \/>\n<meta name=\"twitter:card\" content=\"summary_large_image\" \/>\n<meta name=\"twitter:creator\" content=\"@camaeleonOrg\" \/>\n<meta name=\"twitter:site\" content=\"@camaeleonOrg\" \/>\n<script type=\"application\/ld+json\" class=\"yoast-schema-graph\">{\"@context\":\"https:\\\/\\\/schema.org\",\"@graph\":[{\"@type\":\"Article\",\"@id\":\"https:\\\/\\\/www.camaeleon.org\\\/de\\\/2016\\\/06\\\/11\\\/die-nachmittagsbetreuung-am-dfg\\\/#article\",\"isPartOf\":{\"@id\":\"https:\\\/\\\/www.camaeleon.org\\\/de\\\/2016\\\/06\\\/11\\\/die-nachmittagsbetreuung-am-dfg\\\/\"},\"author\":{\"name\":\"Philip Thiel\",\"@id\":\"https:\\\/\\\/www.camaeleon.org\\\/de\\\/#\\\/schema\\\/person\\\/dd0f967fbb3e83b7328b2151e63e7ded\"},\"headline\":\"Sofas und Taijutsu: Die Nachmittagsbetreuung am DFG\",\"datePublished\":\"2016-06-11T15:17:17+00:00\",\"dateModified\":\"2020-12-23T12:55:56+00:00\",\"mainEntityOfPage\":{\"@id\":\"https:\\\/\\\/www.camaeleon.org\\\/de\\\/2016\\\/06\\\/11\\\/die-nachmittagsbetreuung-am-dfg\\\/\"},\"wordCount\":1237,\"commentCount\":0,\"publisher\":{\"@id\":\"https:\\\/\\\/www.camaeleon.org\\\/de\\\/#organization\"},\"image\":{\"@id\":\"https:\\\/\\\/www.camaeleon.org\\\/de\\\/2016\\\/06\\\/11\\\/die-nachmittagsbetreuung-am-dfg\\\/#primaryimage\"},\"thumbnailUrl\":\"https:\\\/\\\/www.camaeleon.org\\\/wp-content\\\/uploads\\\/2016\\\/06\\\/etude-1.jpg\",\"keywords\":[\"Etude\",\"Hausaufgaben\",\"Nachmittagsbetreuung\"],\"articleSection\":[\"School\"],\"inLanguage\":\"en-US\",\"potentialAction\":[{\"@type\":\"CommentAction\",\"name\":\"Comment\",\"target\":[\"https:\\\/\\\/www.camaeleon.org\\\/de\\\/2016\\\/06\\\/11\\\/die-nachmittagsbetreuung-am-dfg\\\/#respond\"]}]},{\"@type\":\"WebPage\",\"@id\":\"https:\\\/\\\/www.camaeleon.org\\\/en\\\/2016\\\/06\\\/11\\\/die-nachmittagsbetreuung-am-dfg\\\/\",\"url\":\"https:\\\/\\\/www.camaeleon.org\\\/en\\\/2016\\\/06\\\/11\\\/die-nachmittagsbetreuung-am-dfg\\\/\",\"name\":\"Sofas und Taijutsu: Die Nachmittagsbetreuung am DFG - Cam\u00e4l\u00e9on\",\"isPartOf\":{\"@id\":\"https:\\\/\\\/www.camaeleon.org\\\/en\\\/#website\"},\"primaryImageOfPage\":{\"@id\":\"https:\\\/\\\/www.camaeleon.org\\\/en\\\/2016\\\/06\\\/11\\\/die-nachmittagsbetreuung-am-dfg\\\/#primaryimage\"},\"image\":{\"@id\":\"https:\\\/\\\/www.camaeleon.org\\\/de\\\/2016\\\/06\\\/11\\\/die-nachmittagsbetreuung-am-dfg\\\/#primaryimage\"},\"thumbnailUrl\":\"https:\\\/\\\/www.camaeleon.org\\\/wp-content\\\/uploads\\\/2016\\\/06\\\/etude-1.jpg\",\"datePublished\":\"2016-06-11T15:17:17+00:00\",\"dateModified\":\"2020-12-23T12:55:56+00:00\",\"description\":\"Etude? Dies ist die Nachmittagsbetreuung am deutsch-franz\u00f6sischen Gymnasium. Sie existiert bereits, seitdem das DFG noch ein Internat hatte.\",\"breadcrumb\":{\"@id\":\"https:\\\/\\\/www.camaeleon.org\\\/en\\\/2016\\\/06\\\/11\\\/die-nachmittagsbetreuung-am-dfg\\\/#breadcrumb\"},\"inLanguage\":\"en-US\",\"potentialAction\":[{\"@type\":\"ReadAction\",\"target\":[[\"https:\\\/\\\/www.camaeleon.org\\\/en\\\/2016\\\/06\\\/11\\\/die-nachmittagsbetreuung-am-dfg\\\/\"]]}]},{\"@type\":\"ImageObject\",\"inLanguage\":\"en-US\",\"@id\":\"https:\\\/\\\/www.camaeleon.org\\\/en\\\/2016\\\/06\\\/11\\\/die-nachmittagsbetreuung-am-dfg\\\/#primaryimage\",\"url\":\"https:\\\/\\\/www.camaeleon.org\\\/wp-content\\\/uploads\\\/2016\\\/06\\\/etude-1.jpg\",\"contentUrl\":\"https:\\\/\\\/www.camaeleon.org\\\/wp-content\\\/uploads\\\/2016\\\/06\\\/etude-1.jpg\",\"width\":916,\"height\":1000,\"caption\":\"Etude\"},{\"@type\":\"BreadcrumbList\",\"@id\":\"https:\\\/\\\/www.camaeleon.org\\\/en\\\/2016\\\/06\\\/11\\\/die-nachmittagsbetreuung-am-dfg\\\/#breadcrumb\",\"itemListElement\":[{\"@type\":\"ListItem\",\"position\":1,\"name\":\"Home\",\"item\":\"https:\\\/\\\/www.camaeleon.org\\\/en\\\/\"},{\"@type\":\"ListItem\",\"position\":2,\"name\":\"Sofas und Taijutsu: Die Nachmittagsbetreuung am DFG\"}]},{\"@type\":\"WebSite\",\"@id\":\"https:\\\/\\\/www.camaeleon.org\\\/en\\\/#website\",\"url\":\"https:\\\/\\\/www.camaeleon.org\\\/en\\\/\",\"name\":\"Cam\u00e4l\u00e9on\",\"description\":\"The online student magazine by Deutsch-Franz\u00f6sisches Gymnasium Saarbr\u00fccken\",\"publisher\":{\"@id\":\"https:\\\/\\\/www.camaeleon.org\\\/en\\\/#organization\"},\"potentialAction\":[{\"@type\":\"SearchAction\",\"target\":{\"@type\":\"EntryPoint\",\"urlTemplate\":\"https:\\\/\\\/www.camaeleon.org\\\/en\\\/?s={search_term_string}\"},\"query-input\":{\"@type\":\"PropertyValueSpecification\",\"valueRequired\":true,\"valueName\":\"search_term_string\"}}],\"inLanguage\":\"en-US\"},{\"@type\":\"Organization\",\"@id\":\"https:\\\/\\\/www.camaeleon.org\\\/en\\\/#organization\",\"name\":\"Cam\u00e4l\u00e9on\",\"url\":\"https:\\\/\\\/www.camaeleon.org\\\/en\\\/\",\"logo\":{\"@type\":\"ImageObject\",\"inLanguage\":\"en-US\",\"@id\":\"https:\\\/\\\/www.camaeleon.org\\\/en\\\/#\\\/schema\\\/logo\\\/image\\\/\",\"url\":\"https:\\\/\\\/www.camaeleon.org\\\/wp-content\\\/uploads\\\/2011\\\/11\\\/CAM\u00c4LEON.jpg\",\"contentUrl\":\"https:\\\/\\\/www.camaeleon.org\\\/wp-content\\\/uploads\\\/2011\\\/11\\\/CAM\u00c4LEON.jpg\",\"width\":959,\"height\":959,\"caption\":\"Cam\u00e4l\u00e9on\"},\"image\":{\"@id\":\"https:\\\/\\\/www.camaeleon.org\\\/en\\\/#\\\/schema\\\/logo\\\/image\\\/\"},\"sameAs\":[\"https:\\\/\\\/www.facebook.com\\\/camaeleon.org\\\/\",\"https:\\\/\\\/x.com\\\/camaeleonOrg\",\"https:\\\/\\\/www.instagram.com\\\/camaeleon.dfg\\\/\",\"https:\\\/\\\/www.youtube.com\\\/channel\\\/UCl3TAUDdGuu_c7CD6ax6hYg\"]},{\"@type\":\"Person\",\"@id\":\"https:\\\/\\\/www.camaeleon.org\\\/de\\\/#\\\/schema\\\/person\\\/dd0f967fbb3e83b7328b2151e63e7ded\",\"name\":\"Philip Thiel\",\"image\":{\"@type\":\"ImageObject\",\"inLanguage\":\"en-US\",\"@id\":\"https:\\\/\\\/www.camaeleon.org\\\/en\\\/wp-content\\\/uploads\\\/2011\\\/07\\\/IMG_4287-120x120.jpgeb2140e9305853359e7bb8d5b01fc378\",\"url\":\"https:\\\/\\\/www.camaeleon.org\\\/wp-content\\\/uploads\\\/2011\\\/07\\\/IMG_4287-120x120.jpg\",\"contentUrl\":\"https:\\\/\\\/www.camaeleon.org\\\/wp-content\\\/uploads\\\/2011\\\/07\\\/IMG_4287-120x120.jpg\",\"caption\":\"Philip Thiel\"},\"url\":\"https:\\\/\\\/www.camaeleon.org\\\/en\\\/author\\\/philip-thiel\\\/\"}]}<\/script>\n<!-- \/ Yoast SEO plugin. -->","yoast_head_json":{"title":"Sofas und Taijutsu: Die Nachmittagsbetreuung am DFG - Cam\u00e4l\u00e9on","description":"Etude? Dies ist die Nachmittagsbetreuung am deutsch-franz\u00f6sischen Gymnasium. Sie existiert bereits, seitdem das DFG noch ein Internat hatte.","robots":{"index":"index","follow":"follow","max-snippet":"max-snippet:-1","max-image-preview":"max-image-preview:large","max-video-preview":"max-video-preview:-1"},"canonical":"https:\/\/www.camaeleon.org\/en\/2016\/06\/11\/die-nachmittagsbetreuung-am-dfg\/","og_locale":"en_US","og_type":"article","og_title":"Sofas und Taijutsu: Die Nachmittagsbetreuung am DFG - Cam\u00e4l\u00e9on","og_description":"Etude? Dies ist die Nachmittagsbetreuung am deutsch-franz\u00f6sischen Gymnasium. Sie existiert bereits, seitdem das DFG noch ein Internat hatte.","og_url":"https:\/\/www.camaeleon.org\/en\/2016\/06\/11\/die-nachmittagsbetreuung-am-dfg\/","og_site_name":"Cam\u00e4l\u00e9on","article_publisher":"https:\/\/www.facebook.com\/camaeleon.org\/","article_published_time":"2016-06-11T15:17:17+00:00","article_modified_time":"2020-12-23T12:55:56+00:00","og_image":[{"width":916,"height":1000,"url":"https:\/\/www.camaeleon.org\/wp-content\/uploads\/2016\/06\/etude-1.jpg","type":"image\/jpeg"}],"author":"Philip Thiel","twitter_card":"summary_large_image","twitter_creator":"@camaeleonOrg","twitter_site":"@camaeleonOrg","schema":{"@context":"https:\/\/schema.org","@graph":[{"@type":"Article","@id":"https:\/\/www.camaeleon.org\/de\/2016\/06\/11\/die-nachmittagsbetreuung-am-dfg\/#article","isPartOf":{"@id":"https:\/\/www.camaeleon.org\/de\/2016\/06\/11\/die-nachmittagsbetreuung-am-dfg\/"},"author":{"name":"Philip Thiel","@id":"https:\/\/www.camaeleon.org\/de\/#\/schema\/person\/dd0f967fbb3e83b7328b2151e63e7ded"},"headline":"Sofas und Taijutsu: Die Nachmittagsbetreuung am DFG","datePublished":"2016-06-11T15:17:17+00:00","dateModified":"2020-12-23T12:55:56+00:00","mainEntityOfPage":{"@id":"https:\/\/www.camaeleon.org\/de\/2016\/06\/11\/die-nachmittagsbetreuung-am-dfg\/"},"wordCount":1237,"commentCount":0,"publisher":{"@id":"https:\/\/www.camaeleon.org\/de\/#organization"},"image":{"@id":"https:\/\/www.camaeleon.org\/de\/2016\/06\/11\/die-nachmittagsbetreuung-am-dfg\/#primaryimage"},"thumbnailUrl":"https:\/\/www.camaeleon.org\/wp-content\/uploads\/2016\/06\/etude-1.jpg","keywords":["Etude","Hausaufgaben","Nachmittagsbetreuung"],"articleSection":["School"],"inLanguage":"en-US","potentialAction":[{"@type":"CommentAction","name":"Comment","target":["https:\/\/www.camaeleon.org\/de\/2016\/06\/11\/die-nachmittagsbetreuung-am-dfg\/#respond"]}]},{"@type":"WebPage","@id":"https:\/\/www.camaeleon.org\/en\/2016\/06\/11\/die-nachmittagsbetreuung-am-dfg\/","url":"https:\/\/www.camaeleon.org\/en\/2016\/06\/11\/die-nachmittagsbetreuung-am-dfg\/","name":"Sofas und Taijutsu: Die Nachmittagsbetreuung am DFG - Cam\u00e4l\u00e9on","isPartOf":{"@id":"https:\/\/www.camaeleon.org\/en\/#website"},"primaryImageOfPage":{"@id":"https:\/\/www.camaeleon.org\/en\/2016\/06\/11\/die-nachmittagsbetreuung-am-dfg\/#primaryimage"},"image":{"@id":"https:\/\/www.camaeleon.org\/de\/2016\/06\/11\/die-nachmittagsbetreuung-am-dfg\/#primaryimage"},"thumbnailUrl":"https:\/\/www.camaeleon.org\/wp-content\/uploads\/2016\/06\/etude-1.jpg","datePublished":"2016-06-11T15:17:17+00:00","dateModified":"2020-12-23T12:55:56+00:00","description":"Etude? Dies ist die Nachmittagsbetreuung am deutsch-franz\u00f6sischen Gymnasium. Sie existiert bereits, seitdem das DFG noch ein Internat hatte.","breadcrumb":{"@id":"https:\/\/www.camaeleon.org\/en\/2016\/06\/11\/die-nachmittagsbetreuung-am-dfg\/#breadcrumb"},"inLanguage":"en-US","potentialAction":[{"@type":"ReadAction","target":[["https:\/\/www.camaeleon.org\/en\/2016\/06\/11\/die-nachmittagsbetreuung-am-dfg\/"]]}]},{"@type":"ImageObject","inLanguage":"en-US","@id":"https:\/\/www.camaeleon.org\/en\/2016\/06\/11\/die-nachmittagsbetreuung-am-dfg\/#primaryimage","url":"https:\/\/www.camaeleon.org\/wp-content\/uploads\/2016\/06\/etude-1.jpg","contentUrl":"https:\/\/www.camaeleon.org\/wp-content\/uploads\/2016\/06\/etude-1.jpg","width":916,"height":1000,"caption":"Etude"},{"@type":"BreadcrumbList","@id":"https:\/\/www.camaeleon.org\/en\/2016\/06\/11\/die-nachmittagsbetreuung-am-dfg\/#breadcrumb","itemListElement":[{"@type":"ListItem","position":1,"name":"Home","item":"https:\/\/www.camaeleon.org\/en\/"},{"@type":"ListItem","position":2,"name":"Sofas und Taijutsu: Die Nachmittagsbetreuung am DFG"}]},{"@type":"WebSite","@id":"https:\/\/www.camaeleon.org\/en\/#website","url":"https:\/\/www.camaeleon.org\/en\/","name":"Cam\u00e4l\u00e9on","description":"The online student magazine by Deutsch-Franz\u00f6sisches Gymnasium Saarbr\u00fccken","publisher":{"@id":"https:\/\/www.camaeleon.org\/en\/#organization"},"potentialAction":[{"@type":"SearchAction","target":{"@type":"EntryPoint","urlTemplate":"https:\/\/www.camaeleon.org\/en\/?s={search_term_string}"},"query-input":{"@type":"PropertyValueSpecification","valueRequired":true,"valueName":"search_term_string"}}],"inLanguage":"en-US"},{"@type":"Organization","@id":"https:\/\/www.camaeleon.org\/en\/#organization","name":"Cam\u00e4l\u00e9on","url":"https:\/\/www.camaeleon.org\/en\/","logo":{"@type":"ImageObject","inLanguage":"en-US","@id":"https:\/\/www.camaeleon.org\/en\/#\/schema\/logo\/image\/","url":"https:\/\/www.camaeleon.org\/wp-content\/uploads\/2011\/11\/CAM\u00c4LEON.jpg","contentUrl":"https:\/\/www.camaeleon.org\/wp-content\/uploads\/2011\/11\/CAM\u00c4LEON.jpg","width":959,"height":959,"caption":"Cam\u00e4l\u00e9on"},"image":{"@id":"https:\/\/www.camaeleon.org\/en\/#\/schema\/logo\/image\/"},"sameAs":["https:\/\/www.facebook.com\/camaeleon.org\/","https:\/\/x.com\/camaeleonOrg","https:\/\/www.instagram.com\/camaeleon.dfg\/","https:\/\/www.youtube.com\/channel\/UCl3TAUDdGuu_c7CD6ax6hYg"]},{"@type":"Person","@id":"https:\/\/www.camaeleon.org\/de\/#\/schema\/person\/dd0f967fbb3e83b7328b2151e63e7ded","name":"Philip Thiel","image":{"@type":"ImageObject","inLanguage":"en-US","@id":"https:\/\/www.camaeleon.org\/en\/wp-content\/uploads\/2011\/07\/IMG_4287-120x120.jpgeb2140e9305853359e7bb8d5b01fc378","url":"https:\/\/www.camaeleon.org\/wp-content\/uploads\/2011\/07\/IMG_4287-120x120.jpg","contentUrl":"https:\/\/www.camaeleon.org\/wp-content\/uploads\/2011\/07\/IMG_4287-120x120.jpg","caption":"Philip Thiel"},"url":"https:\/\/www.camaeleon.org\/en\/author\/philip-thiel\/"}]}},"_links":{"self":[{"href":"https:\/\/www.camaeleon.org\/en\/wp-json\/wp\/v2\/posts\/12392","targetHints":{"allow":["GET"]}}],"collection":[{"href":"https:\/\/www.camaeleon.org\/en\/wp-json\/wp\/v2\/posts"}],"about":[{"href":"https:\/\/www.camaeleon.org\/en\/wp-json\/wp\/v2\/types\/post"}],"author":[{"embeddable":true,"href":"https:\/\/www.camaeleon.org\/en\/wp-json\/wp\/v2\/users\/100"}],"replies":[{"embeddable":true,"href":"https:\/\/www.camaeleon.org\/en\/wp-json\/wp\/v2\/comments?post=12392"}],"version-history":[{"count":0,"href":"https:\/\/www.camaeleon.org\/en\/wp-json\/wp\/v2\/posts\/12392\/revisions"}],"wp:featuredmedia":[{"embeddable":true,"href":"https:\/\/www.camaeleon.org\/en\/wp-json\/wp\/v2\/media\/12829"}],"wp:attachment":[{"href":"https:\/\/www.camaeleon.org\/en\/wp-json\/wp\/v2\/media?parent=12392"}],"wp:term":[{"taxonomy":"category","embeddable":true,"href":"https:\/\/www.camaeleon.org\/en\/wp-json\/wp\/v2\/categories?post=12392"},{"taxonomy":"post_tag","embeddable":true,"href":"https:\/\/www.camaeleon.org\/en\/wp-json\/wp\/v2\/tags?post=12392"},{"taxonomy":"author","embeddable":true,"href":"https:\/\/www.camaeleon.org\/en\/wp-json\/wp\/v2\/coauthors?post=12392"}],"curies":[{"name":"wp","href":"https:\/\/api.w.org\/{rel}","templated":true}]}}