{"id":12312,"date":"2016-06-03T17:28:56","date_gmt":"2016-06-03T15:28:56","guid":{"rendered":"http:\/\/www.camaeleon.org\/?p=12312"},"modified":"2022-07-21T16:22:36","modified_gmt":"2022-07-21T14:22:36","slug":"saarlaendisch-fuer-anfaenger","status":"publish","type":"post","link":"https:\/\/www.camaeleon.org\/en\/2016\/06\/03\/saarlaendisch-fuer-anfaenger\/","title":{"rendered":"Saarl\u00e4ndisch f\u00fcr Anf\u00e4nger"},"content":{"rendered":"<p><figure id=\"attachment_12407\" aria-describedby=\"caption-attachment-12407\" style=\"width: 300px\" class=\"wp-caption alignright\"><a href=\"https:\/\/www.camaeleon.org\/wp-content\/uploads\/2016\/05\/saarland.jpg\" rel=\"attachment wp-att-12407\"><img loading=\"lazy\" decoding=\"async\" class=\"size-medium wp-image-12407\" src=\"https:\/\/www.camaeleon.org\/wp-content\/uploads\/2016\/05\/saarland-300x200.jpg\" alt=\"Saarland\" width=\"300\" height=\"200\" srcset=\"https:\/\/www.camaeleon.org\/wp-content\/uploads\/2016\/05\/saarland-300x200.jpg 300w, https:\/\/www.camaeleon.org\/wp-content\/uploads\/2016\/05\/saarland.jpg 880w\" sizes=\"auto, (max-width: 300px) 100vw, 300px\" \/><\/a><figcaption id=\"caption-attachment-12407\" class=\"wp-caption-text\">Foto: Mary_R_Smith &amp; skeeze \/ pixabay.com<\/figcaption><\/figure><\/p>\n<p>Ah, das Saarland. Es ist ganz sch\u00f6n, aber der Dialekt ist ein bisschen kompliziert und komisch f\u00fcr Zugereiste. Deshalb habe ich hier ein paar W\u00f6rter aufgelistet, die gerade f\u00fcr Frankophone nicht so verst\u00e4ndlich sind:<\/p>\n<ul>\n<li><strong>Der Schwenker<\/strong> *<\/li>\n<li>*Das Ger\u00e4t, auf dem man den Schwenker** br\u00e4t<\/li>\n<li>** der Schwenker ist das Fleisch, das der Schwenker*** schwenkt<\/li>\n<li>*** Der Schwenker ist der, der den Schwenker** auf dem Schwenker* schwenkt<\/li>\n<\/ul>\n<p>Na, war das kompliziert? Wir bleiben bein Essen:<\/p>\n<ul>\n<li><strong>Lyoner <\/strong>(Fleischwurst)<\/li>\n<li><strong>Weck <\/strong>(Br\u00f6tchen)<\/li>\n<li><strong>halbes Doppelweck<\/strong> (Br\u00f6tchen)<\/li>\n<\/ul>\n<p>Bei <strong>Autos<\/strong> sind Stolperfallen in fast jedem Satz: Och es is jo nur a kleena Bawwer. (\u00dcbersetzung: Och, es ist doch nur ein kleiner Kratzer)<\/p>\n<p>Saarl\u00e4ndisch und <strong>regelm\u00e4\u00dfige Formen<\/strong> &#8211; V\u00f6llig fremd!: Lu Mo Lo Lo Laid ebbes. (Deutsch: Schau mal hier, hier liegt etwas.)<\/p>\n<p>Saarl\u00e4ndisch: Kansch de ma mo de meeda genn? \u2013 Deutsch: Kannst du mir mal den Zollstock geben?<\/p>\n<p>Saarl\u00e4ndisch: Lu mo in dai Schaffbukks. \u2013 Deutsch: Schau mal in deiner Arbeitshose.<\/p>\n<p>Saarl\u00e4ndisch: Lu mo em sei moped. Deutsch: Schau mal, sein Motorrad.<\/p>\n<p>Und zuletzt die <strong>Aussprache:<br \/>\n<\/strong><\/p>\n<p>Ich = eisch<br \/>\ndu = dau<br \/>\nwir = mia<br \/>\nhaben = hann<\/p>\n<p>Meistens wird es phonographisch (also genau wie man es h\u00f6rt) ausgesprochen.<\/p>\n<p><strong>Fassen wir zusammen: <\/strong>Saarl\u00e4ndich ist eine komplizierte Sprache mit sehr vielen Ausnahmen und Sonderw\u00f6rtern. Auch innerhalb des Saarlandes gibt es Unterschiede bei der Aussprache, insbesondere zwischen dem Nordwesten (moselfr\u00e4nkisch) und S\u00fcdosten (rheinfr\u00e4nkisch).<\/p>\n<p>Please go to <a href='https:\/\/www.camaeleon.org\/en\/2016\/06\/03\/saarlaendisch-fuer-anfaenger\/'>Saarl\u00e4ndisch f\u00fcr Anf\u00e4nger<\/a> to view the test<\/p>","protected":false},"excerpt":{"rendered":"<p>Ah, das Saarland. Es ist ganz sch\u00f6n, aber der Dialekt ist ein bisschen kompliziert und komisch f\u00fcr Zugereiste. Deshalb habe ich hier ein paar W\u00f6rter<\/p>\n","protected":false},"author":99,"featured_media":12407,"comment_status":"open","ping_status":"open","sticky":false,"template":"","format":"standard","meta":{"colormag_page_container_layout":"default_layout","colormag_page_sidebar_layout":"default_layout","footnotes":""},"categories":[8,5,6,2039],"tags":[528,512,527,529],"coauthors":[759],"class_list":["post-12312","post","type-post","status-publish","format-standard","has-post-thumbnail","hentry","category-culture","category-monde","category-vie","category-zeitlos","tag-dialekt","tag-saarland","tag-saarlaendisch","tag-sprache"],"yoast_head":"<!-- This site is optimized with the Yoast SEO plugin v27.5 - https:\/\/yoast.com\/product\/yoast-seo-wordpress\/ -->\n<title>Saarl\u00e4ndisch f\u00fcr Anf\u00e4nger - Cam\u00e4l\u00e9on<\/title>\n<meta name=\"description\" content=\"Ah, Saarl\u00e4ndisch. Der Dialekt ist ein bisschen kompliziert f\u00fcr Zugereiste. Deshalb habe ich hier ein paar W\u00f6rter aufgelistet, die f\u00fcr Frankophone nicht so verst\u00e4ndlich sind.\" \/>\n<meta name=\"robots\" content=\"index, follow, max-snippet:-1, max-image-preview:large, max-video-preview:-1\" \/>\n<link rel=\"canonical\" href=\"https:\/\/www.camaeleon.org\/en\/2016\/06\/03\/saarlaendisch-fuer-anfaenger\/\" \/>\n<meta property=\"og:locale\" content=\"en_US\" \/>\n<meta property=\"og:type\" content=\"article\" \/>\n<meta property=\"og:title\" content=\"Saarl\u00e4ndisch f\u00fcr Anf\u00e4nger - Cam\u00e4l\u00e9on\" \/>\n<meta property=\"og:description\" content=\"Ah, Saarl\u00e4ndisch. Der Dialekt ist ein bisschen kompliziert f\u00fcr Zugereiste. Deshalb habe ich hier ein paar W\u00f6rter aufgelistet, die f\u00fcr Frankophone nicht so verst\u00e4ndlich sind.\" \/>\n<meta property=\"og:url\" content=\"https:\/\/www.camaeleon.org\/en\/2016\/06\/03\/saarlaendisch-fuer-anfaenger\/\" \/>\n<meta property=\"og:site_name\" content=\"Cam\u00e4l\u00e9on\" \/>\n<meta property=\"article:publisher\" content=\"https:\/\/www.facebook.com\/camaeleon.org\/\" \/>\n<meta property=\"article:published_time\" content=\"2016-06-03T15:28:56+00:00\" \/>\n<meta property=\"article:modified_time\" content=\"2022-07-21T14:22:36+00:00\" \/>\n<meta property=\"og:image\" content=\"https:\/\/www.camaeleon.org\/wp-content\/uploads\/2016\/05\/saarland.jpg\" \/>\n\t<meta property=\"og:image:width\" content=\"880\" \/>\n\t<meta property=\"og:image:height\" content=\"587\" \/>\n\t<meta property=\"og:image:type\" content=\"image\/jpeg\" \/>\n<meta name=\"author\" content=\"Simon Schmitt\" \/>\n<meta name=\"twitter:card\" content=\"summary_large_image\" \/>\n<meta name=\"twitter:creator\" content=\"@camaeleonOrg\" \/>\n<meta name=\"twitter:site\" content=\"@camaeleonOrg\" \/>\n<script type=\"application\/ld+json\" class=\"yoast-schema-graph\">{\"@context\":\"https:\\\/\\\/schema.org\",\"@graph\":[{\"@type\":\"Article\",\"@id\":\"https:\\\/\\\/www.camaeleon.org\\\/2016\\\/06\\\/03\\\/saarlaendisch-fuer-anfaenger\\\/#article\",\"isPartOf\":{\"@id\":\"https:\\\/\\\/www.camaeleon.org\\\/2016\\\/06\\\/03\\\/saarlaendisch-fuer-anfaenger\\\/\"},\"author\":{\"name\":\"Simon Schmitt\",\"@id\":\"https:\\\/\\\/www.camaeleon.org\\\/de\\\/#\\\/schema\\\/person\\\/2da1ff5e609c1d3d5fb82828a8028bfb\"},\"headline\":\"Saarl\u00e4ndisch f\u00fcr Anf\u00e4nger\",\"datePublished\":\"2016-06-03T15:28:56+00:00\",\"dateModified\":\"2022-07-21T14:22:36+00:00\",\"mainEntityOfPage\":{\"@id\":\"https:\\\/\\\/www.camaeleon.org\\\/2016\\\/06\\\/03\\\/saarlaendisch-fuer-anfaenger\\\/\"},\"wordCount\":774,\"commentCount\":9,\"publisher\":{\"@id\":\"https:\\\/\\\/www.camaeleon.org\\\/de\\\/#organization\"},\"image\":{\"@id\":\"https:\\\/\\\/www.camaeleon.org\\\/2016\\\/06\\\/03\\\/saarlaendisch-fuer-anfaenger\\\/#primaryimage\"},\"thumbnailUrl\":\"https:\\\/\\\/www.camaeleon.org\\\/wp-content\\\/uploads\\\/2016\\\/05\\\/saarland.jpg\",\"keywords\":[\"Dialekt\",\"Saarland\",\"Saarl\u00e4ndisch\",\"Sprache\"],\"articleSection\":[\"Culture\",\"World\",\"Life\",\"Timeless\"],\"inLanguage\":\"en-US\",\"potentialAction\":[{\"@type\":\"CommentAction\",\"name\":\"Comment\",\"target\":[\"https:\\\/\\\/www.camaeleon.org\\\/2016\\\/06\\\/03\\\/saarlaendisch-fuer-anfaenger\\\/#respond\"]}]},{\"@type\":\"WebPage\",\"@id\":\"https:\\\/\\\/www.camaeleon.org\\\/en\\\/2016\\\/06\\\/03\\\/saarlaendisch-fuer-anfaenger\\\/\",\"url\":\"https:\\\/\\\/www.camaeleon.org\\\/en\\\/2016\\\/06\\\/03\\\/saarlaendisch-fuer-anfaenger\\\/\",\"name\":\"Saarl\u00e4ndisch f\u00fcr Anf\u00e4nger - Cam\u00e4l\u00e9on\",\"isPartOf\":{\"@id\":\"https:\\\/\\\/www.camaeleon.org\\\/en\\\/#website\"},\"primaryImageOfPage\":{\"@id\":\"https:\\\/\\\/www.camaeleon.org\\\/en\\\/2016\\\/06\\\/03\\\/saarlaendisch-fuer-anfaenger\\\/#primaryimage\"},\"image\":{\"@id\":\"https:\\\/\\\/www.camaeleon.org\\\/2016\\\/06\\\/03\\\/saarlaendisch-fuer-anfaenger\\\/#primaryimage\"},\"thumbnailUrl\":\"https:\\\/\\\/www.camaeleon.org\\\/wp-content\\\/uploads\\\/2016\\\/05\\\/saarland.jpg\",\"datePublished\":\"2016-06-03T15:28:56+00:00\",\"dateModified\":\"2022-07-21T14:22:36+00:00\",\"description\":\"Ah, Saarl\u00e4ndisch. Der Dialekt ist ein bisschen kompliziert f\u00fcr Zugereiste. Deshalb habe ich hier ein paar W\u00f6rter aufgelistet, die f\u00fcr Frankophone nicht so verst\u00e4ndlich sind.\",\"breadcrumb\":{\"@id\":\"https:\\\/\\\/www.camaeleon.org\\\/en\\\/2016\\\/06\\\/03\\\/saarlaendisch-fuer-anfaenger\\\/#breadcrumb\"},\"inLanguage\":\"en-US\",\"potentialAction\":[{\"@type\":\"ReadAction\",\"target\":[[\"https:\\\/\\\/www.camaeleon.org\\\/en\\\/2016\\\/06\\\/03\\\/saarlaendisch-fuer-anfaenger\\\/\"]]}]},{\"@type\":\"ImageObject\",\"inLanguage\":\"en-US\",\"@id\":\"https:\\\/\\\/www.camaeleon.org\\\/en\\\/2016\\\/06\\\/03\\\/saarlaendisch-fuer-anfaenger\\\/#primaryimage\",\"url\":\"https:\\\/\\\/www.camaeleon.org\\\/wp-content\\\/uploads\\\/2016\\\/05\\\/saarland.jpg\",\"contentUrl\":\"https:\\\/\\\/www.camaeleon.org\\\/wp-content\\\/uploads\\\/2016\\\/05\\\/saarland.jpg\",\"width\":880,\"height\":587,\"caption\":\"Foto: Mary_R_Smith & skeeze \\\/ pixabay.com\"},{\"@type\":\"BreadcrumbList\",\"@id\":\"https:\\\/\\\/www.camaeleon.org\\\/en\\\/2016\\\/06\\\/03\\\/saarlaendisch-fuer-anfaenger\\\/#breadcrumb\",\"itemListElement\":[{\"@type\":\"ListItem\",\"position\":1,\"name\":\"Home\",\"item\":\"https:\\\/\\\/www.camaeleon.org\\\/en\\\/\"},{\"@type\":\"ListItem\",\"position\":2,\"name\":\"Saarl\u00e4ndisch f\u00fcr Anf\u00e4nger\"}]},{\"@type\":\"WebSite\",\"@id\":\"https:\\\/\\\/www.camaeleon.org\\\/en\\\/#website\",\"url\":\"https:\\\/\\\/www.camaeleon.org\\\/en\\\/\",\"name\":\"Cam\u00e4l\u00e9on\",\"description\":\"The online student magazine by Deutsch-Franz\u00f6sisches Gymnasium Saarbr\u00fccken\",\"publisher\":{\"@id\":\"https:\\\/\\\/www.camaeleon.org\\\/en\\\/#organization\"},\"potentialAction\":[{\"@type\":\"SearchAction\",\"target\":{\"@type\":\"EntryPoint\",\"urlTemplate\":\"https:\\\/\\\/www.camaeleon.org\\\/en\\\/?s={search_term_string}\"},\"query-input\":{\"@type\":\"PropertyValueSpecification\",\"valueRequired\":true,\"valueName\":\"search_term_string\"}}],\"inLanguage\":\"en-US\"},{\"@type\":\"Organization\",\"@id\":\"https:\\\/\\\/www.camaeleon.org\\\/en\\\/#organization\",\"name\":\"Cam\u00e4l\u00e9on\",\"url\":\"https:\\\/\\\/www.camaeleon.org\\\/en\\\/\",\"logo\":{\"@type\":\"ImageObject\",\"inLanguage\":\"en-US\",\"@id\":\"https:\\\/\\\/www.camaeleon.org\\\/en\\\/#\\\/schema\\\/logo\\\/image\\\/\",\"url\":\"https:\\\/\\\/www.camaeleon.org\\\/wp-content\\\/uploads\\\/2011\\\/11\\\/CAM\u00c4LEON.jpg\",\"contentUrl\":\"https:\\\/\\\/www.camaeleon.org\\\/wp-content\\\/uploads\\\/2011\\\/11\\\/CAM\u00c4LEON.jpg\",\"width\":959,\"height\":959,\"caption\":\"Cam\u00e4l\u00e9on\"},\"image\":{\"@id\":\"https:\\\/\\\/www.camaeleon.org\\\/en\\\/#\\\/schema\\\/logo\\\/image\\\/\"},\"sameAs\":[\"https:\\\/\\\/www.facebook.com\\\/camaeleon.org\\\/\",\"https:\\\/\\\/x.com\\\/camaeleonOrg\",\"https:\\\/\\\/www.instagram.com\\\/camaeleon.dfg\\\/\",\"https:\\\/\\\/www.youtube.com\\\/channel\\\/UCl3TAUDdGuu_c7CD6ax6hYg\"]},{\"@type\":\"Person\",\"@id\":\"https:\\\/\\\/www.camaeleon.org\\\/de\\\/#\\\/schema\\\/person\\\/2da1ff5e609c1d3d5fb82828a8028bfb\",\"name\":\"Simon Schmitt\",\"image\":{\"@type\":\"ImageObject\",\"inLanguage\":\"en-US\",\"@id\":\"https:\\\/\\\/www.camaeleon.org\\\/en\\\/wp-content\\\/uploads\\\/2016\\\/02\\\/img_1416.jpg420623f6ad5d2b2349a9dd2a6f207967\",\"url\":\"https:\\\/\\\/www.camaeleon.org\\\/wp-content\\\/uploads\\\/2016\\\/02\\\/img_1416.jpg\",\"contentUrl\":\"https:\\\/\\\/www.camaeleon.org\\\/wp-content\\\/uploads\\\/2016\\\/02\\\/img_1416.jpg\",\"caption\":\"Simon Schmitt\"},\"description\":\"Mit meiner kleinen Prise Witz in meinen Artikeln, verwitzige ich den grauen Alltag am DFG.\",\"url\":\"https:\\\/\\\/www.camaeleon.org\\\/en\\\/author\\\/simon-schmitt\\\/\"}]}<\/script>\n<!-- \/ Yoast SEO plugin. -->","yoast_head_json":{"title":"Saarl\u00e4ndisch f\u00fcr Anf\u00e4nger - Cam\u00e4l\u00e9on","description":"Ah, Saarl\u00e4ndisch. Der Dialekt ist ein bisschen kompliziert f\u00fcr Zugereiste. Deshalb habe ich hier ein paar W\u00f6rter aufgelistet, die f\u00fcr Frankophone nicht so verst\u00e4ndlich sind.","robots":{"index":"index","follow":"follow","max-snippet":"max-snippet:-1","max-image-preview":"max-image-preview:large","max-video-preview":"max-video-preview:-1"},"canonical":"https:\/\/www.camaeleon.org\/en\/2016\/06\/03\/saarlaendisch-fuer-anfaenger\/","og_locale":"en_US","og_type":"article","og_title":"Saarl\u00e4ndisch f\u00fcr Anf\u00e4nger - Cam\u00e4l\u00e9on","og_description":"Ah, Saarl\u00e4ndisch. Der Dialekt ist ein bisschen kompliziert f\u00fcr Zugereiste. Deshalb habe ich hier ein paar W\u00f6rter aufgelistet, die f\u00fcr Frankophone nicht so verst\u00e4ndlich sind.","og_url":"https:\/\/www.camaeleon.org\/en\/2016\/06\/03\/saarlaendisch-fuer-anfaenger\/","og_site_name":"Cam\u00e4l\u00e9on","article_publisher":"https:\/\/www.facebook.com\/camaeleon.org\/","article_published_time":"2016-06-03T15:28:56+00:00","article_modified_time":"2022-07-21T14:22:36+00:00","og_image":[{"width":880,"height":587,"url":"https:\/\/www.camaeleon.org\/wp-content\/uploads\/2016\/05\/saarland.jpg","type":"image\/jpeg"}],"author":"Simon Schmitt","twitter_card":"summary_large_image","twitter_creator":"@camaeleonOrg","twitter_site":"@camaeleonOrg","schema":{"@context":"https:\/\/schema.org","@graph":[{"@type":"Article","@id":"https:\/\/www.camaeleon.org\/2016\/06\/03\/saarlaendisch-fuer-anfaenger\/#article","isPartOf":{"@id":"https:\/\/www.camaeleon.org\/2016\/06\/03\/saarlaendisch-fuer-anfaenger\/"},"author":{"name":"Simon Schmitt","@id":"https:\/\/www.camaeleon.org\/de\/#\/schema\/person\/2da1ff5e609c1d3d5fb82828a8028bfb"},"headline":"Saarl\u00e4ndisch f\u00fcr Anf\u00e4nger","datePublished":"2016-06-03T15:28:56+00:00","dateModified":"2022-07-21T14:22:36+00:00","mainEntityOfPage":{"@id":"https:\/\/www.camaeleon.org\/2016\/06\/03\/saarlaendisch-fuer-anfaenger\/"},"wordCount":774,"commentCount":9,"publisher":{"@id":"https:\/\/www.camaeleon.org\/de\/#organization"},"image":{"@id":"https:\/\/www.camaeleon.org\/2016\/06\/03\/saarlaendisch-fuer-anfaenger\/#primaryimage"},"thumbnailUrl":"https:\/\/www.camaeleon.org\/wp-content\/uploads\/2016\/05\/saarland.jpg","keywords":["Dialekt","Saarland","Saarl\u00e4ndisch","Sprache"],"articleSection":["Culture","World","Life","Timeless"],"inLanguage":"en-US","potentialAction":[{"@type":"CommentAction","name":"Comment","target":["https:\/\/www.camaeleon.org\/2016\/06\/03\/saarlaendisch-fuer-anfaenger\/#respond"]}]},{"@type":"WebPage","@id":"https:\/\/www.camaeleon.org\/en\/2016\/06\/03\/saarlaendisch-fuer-anfaenger\/","url":"https:\/\/www.camaeleon.org\/en\/2016\/06\/03\/saarlaendisch-fuer-anfaenger\/","name":"Saarl\u00e4ndisch f\u00fcr Anf\u00e4nger - Cam\u00e4l\u00e9on","isPartOf":{"@id":"https:\/\/www.camaeleon.org\/en\/#website"},"primaryImageOfPage":{"@id":"https:\/\/www.camaeleon.org\/en\/2016\/06\/03\/saarlaendisch-fuer-anfaenger\/#primaryimage"},"image":{"@id":"https:\/\/www.camaeleon.org\/2016\/06\/03\/saarlaendisch-fuer-anfaenger\/#primaryimage"},"thumbnailUrl":"https:\/\/www.camaeleon.org\/wp-content\/uploads\/2016\/05\/saarland.jpg","datePublished":"2016-06-03T15:28:56+00:00","dateModified":"2022-07-21T14:22:36+00:00","description":"Ah, Saarl\u00e4ndisch. Der Dialekt ist ein bisschen kompliziert f\u00fcr Zugereiste. Deshalb habe ich hier ein paar W\u00f6rter aufgelistet, die f\u00fcr Frankophone nicht so verst\u00e4ndlich sind.","breadcrumb":{"@id":"https:\/\/www.camaeleon.org\/en\/2016\/06\/03\/saarlaendisch-fuer-anfaenger\/#breadcrumb"},"inLanguage":"en-US","potentialAction":[{"@type":"ReadAction","target":[["https:\/\/www.camaeleon.org\/en\/2016\/06\/03\/saarlaendisch-fuer-anfaenger\/"]]}]},{"@type":"ImageObject","inLanguage":"en-US","@id":"https:\/\/www.camaeleon.org\/en\/2016\/06\/03\/saarlaendisch-fuer-anfaenger\/#primaryimage","url":"https:\/\/www.camaeleon.org\/wp-content\/uploads\/2016\/05\/saarland.jpg","contentUrl":"https:\/\/www.camaeleon.org\/wp-content\/uploads\/2016\/05\/saarland.jpg","width":880,"height":587,"caption":"Foto: Mary_R_Smith & skeeze \/ pixabay.com"},{"@type":"BreadcrumbList","@id":"https:\/\/www.camaeleon.org\/en\/2016\/06\/03\/saarlaendisch-fuer-anfaenger\/#breadcrumb","itemListElement":[{"@type":"ListItem","position":1,"name":"Home","item":"https:\/\/www.camaeleon.org\/en\/"},{"@type":"ListItem","position":2,"name":"Saarl\u00e4ndisch f\u00fcr Anf\u00e4nger"}]},{"@type":"WebSite","@id":"https:\/\/www.camaeleon.org\/en\/#website","url":"https:\/\/www.camaeleon.org\/en\/","name":"Cam\u00e4l\u00e9on","description":"The online student magazine by Deutsch-Franz\u00f6sisches Gymnasium Saarbr\u00fccken","publisher":{"@id":"https:\/\/www.camaeleon.org\/en\/#organization"},"potentialAction":[{"@type":"SearchAction","target":{"@type":"EntryPoint","urlTemplate":"https:\/\/www.camaeleon.org\/en\/?s={search_term_string}"},"query-input":{"@type":"PropertyValueSpecification","valueRequired":true,"valueName":"search_term_string"}}],"inLanguage":"en-US"},{"@type":"Organization","@id":"https:\/\/www.camaeleon.org\/en\/#organization","name":"Cam\u00e4l\u00e9on","url":"https:\/\/www.camaeleon.org\/en\/","logo":{"@type":"ImageObject","inLanguage":"en-US","@id":"https:\/\/www.camaeleon.org\/en\/#\/schema\/logo\/image\/","url":"https:\/\/www.camaeleon.org\/wp-content\/uploads\/2011\/11\/CAM\u00c4LEON.jpg","contentUrl":"https:\/\/www.camaeleon.org\/wp-content\/uploads\/2011\/11\/CAM\u00c4LEON.jpg","width":959,"height":959,"caption":"Cam\u00e4l\u00e9on"},"image":{"@id":"https:\/\/www.camaeleon.org\/en\/#\/schema\/logo\/image\/"},"sameAs":["https:\/\/www.facebook.com\/camaeleon.org\/","https:\/\/x.com\/camaeleonOrg","https:\/\/www.instagram.com\/camaeleon.dfg\/","https:\/\/www.youtube.com\/channel\/UCl3TAUDdGuu_c7CD6ax6hYg"]},{"@type":"Person","@id":"https:\/\/www.camaeleon.org\/de\/#\/schema\/person\/2da1ff5e609c1d3d5fb82828a8028bfb","name":"Simon Schmitt","image":{"@type":"ImageObject","inLanguage":"en-US","@id":"https:\/\/www.camaeleon.org\/en\/wp-content\/uploads\/2016\/02\/img_1416.jpg420623f6ad5d2b2349a9dd2a6f207967","url":"https:\/\/www.camaeleon.org\/wp-content\/uploads\/2016\/02\/img_1416.jpg","contentUrl":"https:\/\/www.camaeleon.org\/wp-content\/uploads\/2016\/02\/img_1416.jpg","caption":"Simon Schmitt"},"description":"Mit meiner kleinen Prise Witz in meinen Artikeln, verwitzige ich den grauen Alltag am DFG.","url":"https:\/\/www.camaeleon.org\/en\/author\/simon-schmitt\/"}]}},"_links":{"self":[{"href":"https:\/\/www.camaeleon.org\/en\/wp-json\/wp\/v2\/posts\/12312","targetHints":{"allow":["GET"]}}],"collection":[{"href":"https:\/\/www.camaeleon.org\/en\/wp-json\/wp\/v2\/posts"}],"about":[{"href":"https:\/\/www.camaeleon.org\/en\/wp-json\/wp\/v2\/types\/post"}],"author":[{"embeddable":true,"href":"https:\/\/www.camaeleon.org\/en\/wp-json\/wp\/v2\/users\/99"}],"replies":[{"embeddable":true,"href":"https:\/\/www.camaeleon.org\/en\/wp-json\/wp\/v2\/comments?post=12312"}],"version-history":[{"count":0,"href":"https:\/\/www.camaeleon.org\/en\/wp-json\/wp\/v2\/posts\/12312\/revisions"}],"wp:featuredmedia":[{"embeddable":true,"href":"https:\/\/www.camaeleon.org\/en\/wp-json\/wp\/v2\/media\/12407"}],"wp:attachment":[{"href":"https:\/\/www.camaeleon.org\/en\/wp-json\/wp\/v2\/media?parent=12312"}],"wp:term":[{"taxonomy":"category","embeddable":true,"href":"https:\/\/www.camaeleon.org\/en\/wp-json\/wp\/v2\/categories?post=12312"},{"taxonomy":"post_tag","embeddable":true,"href":"https:\/\/www.camaeleon.org\/en\/wp-json\/wp\/v2\/tags?post=12312"},{"taxonomy":"author","embeddable":true,"href":"https:\/\/www.camaeleon.org\/en\/wp-json\/wp\/v2\/coauthors?post=12312"}],"curies":[{"name":"wp","href":"https:\/\/api.w.org\/{rel}","templated":true}]}}