{"id":12233,"date":"2016-06-11T15:29:29","date_gmt":"2016-06-11T13:29:29","guid":{"rendered":"http:\/\/www.camaeleon.org\/?p=12233"},"modified":"2020-12-23T13:57:00","modified_gmt":"2020-12-23T12:57:00","slug":"clavier-a-place-de-nos-stylos","status":"publish","type":"post","link":"https:\/\/www.camaeleon.org\/en\/2016\/06\/11\/clavier-a-place-de-nos-stylos\/","title":{"rendered":"Un clavier \u00e0 la place de nos stylos ?"},"content":{"rendered":"<p><figure id=\"attachment_12423\" aria-describedby=\"caption-attachment-12423\" style=\"width: 300px\" class=\"wp-caption alignright\"><a href=\"https:\/\/www.camaeleon.org\/wp-content\/uploads\/2016\/04\/ecrire.jpg\" rel=\"attachment wp-att-12423\"><img loading=\"lazy\" decoding=\"async\" class=\"size-medium wp-image-12423\" src=\"https:\/\/www.camaeleon.org\/wp-content\/uploads\/2016\/04\/ecrire-300x164.jpg\" alt=\"Ecrire\" width=\"300\" height=\"164\" srcset=\"https:\/\/www.camaeleon.org\/wp-content\/uploads\/2016\/04\/ecrire-300x164.jpg 300w, https:\/\/www.camaeleon.org\/wp-content\/uploads\/2016\/04\/ecrire.jpg 880w\" sizes=\"auto, (max-width: 300px) 100vw, 300px\" \/><\/a><figcaption id=\"caption-attachment-12423\" class=\"wp-caption-text\">Photo : fancycrave1 &amp; Unsplash \/ pixabay.com<\/figcaption><\/figure><\/p>\n<p>Pour le moment dans les \u00e9coles, les coll\u00e8ges et les lyc\u00e9es, on \u00e9crit \u00e0 la main, mais on se demande si on ne va pas bient\u00f4t remplacer les stylos par des claviers. Au lyc\u00e9e, de plus en plus d&#8217;\u00e9l\u00e8ves demandent \u00e0 rendre leurs devoirs \u00e9crits sur traitement de texte.<\/p>\n<p>C&#8217;est dommage, parce qu&#8217;\u00e9crire \u00e0 la main stimule notre m\u00e9moire et notre cr\u00e9ativit\u00e9, selon certaines \u00e9tudes. Pour les le\u00e7ons, par exemple, c&#8217;est beaucoup plus pratique d&#8217;\u00e9crire \u00e0 la main pour apprendre. Mais c&#8217;est vrai qu&#8217;il est moins fatiguant de taper \u00e0 l&#8217;ordinateur. Certains \u00e9l\u00e8ves pr\u00e9f\u00e8rent utiliser l&#8217;ordinateur parce que c&#8217;est plus rapide, mais pour aller plus vite, il faut d\u00e9j\u00e0 savoir utiliser un ordinateur, et surtout savoir taper efficacement sur un clavier.<\/p>\n<p>Certaines personnes disent que si on utilise les ordinateurs pour \u00e9crire, on utilisera moins de papier, donc moins d&#8217;arbres seront abattus. Cependant, je pense que c&#8217;est mieux d&#8217;\u00e9crire \u00e0 la main, parce que taper \u00e0 l&#8217;ordinateur signifie aussi \u00eatre en face d&#8217;un \u00e9cran toute la journ\u00e9e, et ce n&#8217;est pas tr\u00e8s bon pour nos yeux et notre concentration.<\/p>\n<p>Certains pays, comme le Canada, ont d\u00e9j\u00e0 instaur\u00e9 dans les \u00e9coles des ordinateurs de bureau et des ordinateurs portable pour l&#8217;apprentissage des \u00e9l\u00e8ves. Mais seul l&#8217;avenir nous dira si l&#8217;ordinateur va r\u00e9ellement la place de nos feuilles de papier et de nos stylos.<br \/>\n<div id=\"polls-45\" class=\"wp-polls\">\n\t<form id=\"polls_form_45\" class=\"wp-polls-form\" action=\"\/index.php\" method=\"post\">\n\t\t<p style=\"display: none;\"><input type=\"hidden\" id=\"poll_45_nonce\" name=\"wp-polls-nonce\" value=\"7a79e0f5b8\" \/><\/p>\n\t\t<p style=\"display: none;\"><input type=\"hidden\" name=\"poll_id\" value=\"45\" \/><\/p>\n\t\t<p style=\"text-align: left\"><strong>Et toi, que pr\u00e9f\u00e8res-tu, le stylo ou le clavier ?<\/strong><\/p><div id=\"polls-45-ans\" class=\"wp-polls-ans\"><ul class=\"wp-polls-ul\"><br>\n\t\t<li><input type=\"radio\" id=\"poll-answer-171\" name=\"poll_45\" value=\"171\" \/> <label for=\"poll-answer-171\">le stylo<\/label><\/li><br>\n\t\t<li><input type=\"radio\" id=\"poll-answer-172\" name=\"poll_45\" value=\"172\" \/> <label for=\"poll-answer-172\">le clavier<\/label><\/li><br>\n\t\t<p style=\"text-align: left\"><input type=\"button\" name=\"vote\" value=\"   Vote   \" class=\"Buttons\" onclick=\"poll_vote(45);\" \/><\/p>\r\n<p style=\"text-align: left\"><a href=\"#ViewPollResults\" onclick=\"poll_result(45); return false;\" title=\"Ergebnisse dieser Umfrage sehen\">View results<\/a><\/p>\n\t<\/form>\n<\/div>\n<div id=\"polls-45-loading\" class=\"wp-polls-loading\"><img loading=\"lazy\" decoding=\"async\" src=\"https:\/\/www.camaeleon.org\/wp-content\/plugins\/wp-polls\/images\/loading.gif\" width=\"16\" height=\"16\" alt=\"Loading ...\" title=\"Loading ...\" class=\"wp-polls-image\" \/>&nbsp;Loading ...<\/div>\n<\/p>","protected":false},"excerpt":{"rendered":"<p>Pour le moment dans les \u00e9coles, les coll\u00e8ges et les lyc\u00e9es, on \u00e9crit \u00e0 la main, mais on se demande si on ne va pas<\/p>\n","protected":false},"author":96,"featured_media":12423,"comment_status":"open","ping_status":"open","sticky":false,"template":"","format":"standard","meta":{"colormag_page_container_layout":"default_layout","colormag_page_sidebar_layout":"default_layout","footnotes":""},"categories":[8,3,11],"tags":[521,558,1393,522],"coauthors":[806],"class_list":["post-12233","post","type-post","status-publish","format-standard","has-post-thumbnail","hentry","category-culture","category-ecole","category-technique","tag-handschrift","tag-schreiben","tag-stifte","tag-tippen"],"yoast_head":"<!-- This site is optimized with the Yoast SEO plugin v27.5 - https:\/\/yoast.com\/product\/yoast-seo-wordpress\/ -->\n<title>Un clavier \u00e0 la place de nos stylos ? - Cam\u00e4l\u00e9on<\/title>\n<meta name=\"description\" content=\"Pour le moment dans les \u00e9coles, on \u00e9crit \u00e0 la main, mais on se demande si on ne va pas bient\u00f4t remplacer les stylos par des claviers.\" \/>\n<meta name=\"robots\" content=\"index, follow, max-snippet:-1, max-image-preview:large, max-video-preview:-1\" \/>\n<link rel=\"canonical\" href=\"https:\/\/www.camaeleon.org\/en\/2016\/06\/11\/clavier-a-place-de-nos-stylos\/\" \/>\n<meta property=\"og:locale\" content=\"en_US\" \/>\n<meta property=\"og:type\" content=\"article\" \/>\n<meta property=\"og:title\" content=\"Un clavier \u00e0 la place de nos stylos ? - Cam\u00e4l\u00e9on\" \/>\n<meta property=\"og:description\" content=\"Pour le moment dans les \u00e9coles, on \u00e9crit \u00e0 la main, mais on se demande si on ne va pas bient\u00f4t remplacer les stylos par des claviers.\" \/>\n<meta property=\"og:url\" content=\"https:\/\/www.camaeleon.org\/en\/2016\/06\/11\/clavier-a-place-de-nos-stylos\/\" \/>\n<meta property=\"og:site_name\" content=\"Cam\u00e4l\u00e9on\" \/>\n<meta property=\"article:publisher\" content=\"https:\/\/www.facebook.com\/camaeleon.org\/\" \/>\n<meta property=\"article:published_time\" content=\"2016-06-11T13:29:29+00:00\" \/>\n<meta property=\"article:modified_time\" content=\"2020-12-23T12:57:00+00:00\" \/>\n<meta property=\"og:image\" content=\"https:\/\/www.camaeleon.org\/wp-content\/uploads\/2016\/04\/ecrire.jpg\" \/>\n\t<meta property=\"og:image:width\" content=\"880\" \/>\n\t<meta property=\"og:image:height\" content=\"482\" \/>\n\t<meta property=\"og:image:type\" content=\"image\/jpeg\" \/>\n<meta name=\"author\" content=\"Maelys Didiot\" \/>\n<meta name=\"twitter:card\" content=\"summary_large_image\" \/>\n<meta name=\"twitter:creator\" content=\"@camaeleonOrg\" \/>\n<meta name=\"twitter:site\" content=\"@camaeleonOrg\" \/>\n<script type=\"application\/ld+json\" class=\"yoast-schema-graph\">{\"@context\":\"https:\\\/\\\/schema.org\",\"@graph\":[{\"@type\":\"Article\",\"@id\":\"https:\\\/\\\/www.camaeleon.org\\\/de\\\/2016\\\/06\\\/11\\\/clavier-a-place-de-nos-stylos\\\/#article\",\"isPartOf\":{\"@id\":\"https:\\\/\\\/www.camaeleon.org\\\/de\\\/2016\\\/06\\\/11\\\/clavier-a-place-de-nos-stylos\\\/\"},\"author\":{\"name\":\"Maelys Didiot\",\"@id\":\"https:\\\/\\\/www.camaeleon.org\\\/de\\\/#\\\/schema\\\/person\\\/a73cec611962bf31a1d7fc56b7377c9e\"},\"headline\":\"Un clavier \u00e0 la place de nos stylos ?\",\"datePublished\":\"2016-06-11T13:29:29+00:00\",\"dateModified\":\"2020-12-23T12:57:00+00:00\",\"mainEntityOfPage\":{\"@id\":\"https:\\\/\\\/www.camaeleon.org\\\/de\\\/2016\\\/06\\\/11\\\/clavier-a-place-de-nos-stylos\\\/\"},\"wordCount\":808,\"commentCount\":2,\"publisher\":{\"@id\":\"https:\\\/\\\/www.camaeleon.org\\\/de\\\/#organization\"},\"image\":{\"@id\":\"https:\\\/\\\/www.camaeleon.org\\\/de\\\/2016\\\/06\\\/11\\\/clavier-a-place-de-nos-stylos\\\/#primaryimage\"},\"thumbnailUrl\":\"https:\\\/\\\/www.camaeleon.org\\\/wp-content\\\/uploads\\\/2016\\\/04\\\/ecrire.jpg\",\"keywords\":[\"Handschrift\",\"Schreiben\",\"Stifte\",\"Tippen\"],\"articleSection\":[\"Culture\",\"School\",\"Digital\"],\"inLanguage\":\"en-US\",\"potentialAction\":[{\"@type\":\"CommentAction\",\"name\":\"Comment\",\"target\":[\"https:\\\/\\\/www.camaeleon.org\\\/de\\\/2016\\\/06\\\/11\\\/clavier-a-place-de-nos-stylos\\\/#respond\"]}]},{\"@type\":\"WebPage\",\"@id\":\"https:\\\/\\\/www.camaeleon.org\\\/en\\\/2016\\\/06\\\/11\\\/clavier-a-place-de-nos-stylos\\\/\",\"url\":\"https:\\\/\\\/www.camaeleon.org\\\/en\\\/2016\\\/06\\\/11\\\/clavier-a-place-de-nos-stylos\\\/\",\"name\":\"Un clavier \u00e0 la place de nos stylos ? - Cam\u00e4l\u00e9on\",\"isPartOf\":{\"@id\":\"https:\\\/\\\/www.camaeleon.org\\\/en\\\/#website\"},\"primaryImageOfPage\":{\"@id\":\"https:\\\/\\\/www.camaeleon.org\\\/en\\\/2016\\\/06\\\/11\\\/clavier-a-place-de-nos-stylos\\\/#primaryimage\"},\"image\":{\"@id\":\"https:\\\/\\\/www.camaeleon.org\\\/de\\\/2016\\\/06\\\/11\\\/clavier-a-place-de-nos-stylos\\\/#primaryimage\"},\"thumbnailUrl\":\"https:\\\/\\\/www.camaeleon.org\\\/wp-content\\\/uploads\\\/2016\\\/04\\\/ecrire.jpg\",\"datePublished\":\"2016-06-11T13:29:29+00:00\",\"dateModified\":\"2020-12-23T12:57:00+00:00\",\"description\":\"Pour le moment dans les \u00e9coles, on \u00e9crit \u00e0 la main, mais on se demande si on ne va pas bient\u00f4t remplacer les stylos par des claviers.\",\"breadcrumb\":{\"@id\":\"https:\\\/\\\/www.camaeleon.org\\\/en\\\/2016\\\/06\\\/11\\\/clavier-a-place-de-nos-stylos\\\/#breadcrumb\"},\"inLanguage\":\"en-US\",\"potentialAction\":[{\"@type\":\"ReadAction\",\"target\":[[\"https:\\\/\\\/www.camaeleon.org\\\/en\\\/2016\\\/06\\\/11\\\/clavier-a-place-de-nos-stylos\\\/\"]]}]},{\"@type\":\"ImageObject\",\"inLanguage\":\"en-US\",\"@id\":\"https:\\\/\\\/www.camaeleon.org\\\/en\\\/2016\\\/06\\\/11\\\/clavier-a-place-de-nos-stylos\\\/#primaryimage\",\"url\":\"https:\\\/\\\/www.camaeleon.org\\\/wp-content\\\/uploads\\\/2016\\\/04\\\/ecrire.jpg\",\"contentUrl\":\"https:\\\/\\\/www.camaeleon.org\\\/wp-content\\\/uploads\\\/2016\\\/04\\\/ecrire.jpg\",\"width\":880,\"height\":482,\"caption\":\"Photo : fancycrave1 & Unsplash \\\/ pixabay.com\"},{\"@type\":\"BreadcrumbList\",\"@id\":\"https:\\\/\\\/www.camaeleon.org\\\/en\\\/2016\\\/06\\\/11\\\/clavier-a-place-de-nos-stylos\\\/#breadcrumb\",\"itemListElement\":[{\"@type\":\"ListItem\",\"position\":1,\"name\":\"Home\",\"item\":\"https:\\\/\\\/www.camaeleon.org\\\/en\\\/\"},{\"@type\":\"ListItem\",\"position\":2,\"name\":\"Un clavier \u00e0 la place de nos stylos ?\"}]},{\"@type\":\"WebSite\",\"@id\":\"https:\\\/\\\/www.camaeleon.org\\\/en\\\/#website\",\"url\":\"https:\\\/\\\/www.camaeleon.org\\\/en\\\/\",\"name\":\"Cam\u00e4l\u00e9on\",\"description\":\"The online student magazine by Deutsch-Franz\u00f6sisches Gymnasium Saarbr\u00fccken\",\"publisher\":{\"@id\":\"https:\\\/\\\/www.camaeleon.org\\\/en\\\/#organization\"},\"potentialAction\":[{\"@type\":\"SearchAction\",\"target\":{\"@type\":\"EntryPoint\",\"urlTemplate\":\"https:\\\/\\\/www.camaeleon.org\\\/en\\\/?s={search_term_string}\"},\"query-input\":{\"@type\":\"PropertyValueSpecification\",\"valueRequired\":true,\"valueName\":\"search_term_string\"}}],\"inLanguage\":\"en-US\"},{\"@type\":\"Organization\",\"@id\":\"https:\\\/\\\/www.camaeleon.org\\\/en\\\/#organization\",\"name\":\"Cam\u00e4l\u00e9on\",\"url\":\"https:\\\/\\\/www.camaeleon.org\\\/en\\\/\",\"logo\":{\"@type\":\"ImageObject\",\"inLanguage\":\"en-US\",\"@id\":\"https:\\\/\\\/www.camaeleon.org\\\/en\\\/#\\\/schema\\\/logo\\\/image\\\/\",\"url\":\"https:\\\/\\\/www.camaeleon.org\\\/wp-content\\\/uploads\\\/2011\\\/11\\\/CAM\u00c4LEON.jpg\",\"contentUrl\":\"https:\\\/\\\/www.camaeleon.org\\\/wp-content\\\/uploads\\\/2011\\\/11\\\/CAM\u00c4LEON.jpg\",\"width\":959,\"height\":959,\"caption\":\"Cam\u00e4l\u00e9on\"},\"image\":{\"@id\":\"https:\\\/\\\/www.camaeleon.org\\\/en\\\/#\\\/schema\\\/logo\\\/image\\\/\"},\"sameAs\":[\"https:\\\/\\\/www.facebook.com\\\/camaeleon.org\\\/\",\"https:\\\/\\\/x.com\\\/camaeleonOrg\",\"https:\\\/\\\/www.instagram.com\\\/camaeleon.dfg\\\/\",\"https:\\\/\\\/www.youtube.com\\\/channel\\\/UCl3TAUDdGuu_c7CD6ax6hYg\"]},{\"@type\":\"Person\",\"@id\":\"https:\\\/\\\/www.camaeleon.org\\\/de\\\/#\\\/schema\\\/person\\\/a73cec611962bf31a1d7fc56b7377c9e\",\"name\":\"Maelys Didiot\",\"image\":{\"@type\":\"ImageObject\",\"inLanguage\":\"en-US\",\"@id\":\"https:\\\/\\\/www.camaeleon.org\\\/en\\\/wp-content\\\/uploads\\\/2016\\\/02\\\/img_1410.jpg090f57d7f2731e978b66de5375b0f9fc\",\"url\":\"https:\\\/\\\/www.camaeleon.org\\\/wp-content\\\/uploads\\\/2016\\\/02\\\/img_1410.jpg\",\"contentUrl\":\"https:\\\/\\\/www.camaeleon.org\\\/wp-content\\\/uploads\\\/2016\\\/02\\\/img_1410.jpg\",\"caption\":\"Maelys Didiot\"},\"url\":\"https:\\\/\\\/www.camaeleon.org\\\/en\\\/author\\\/maelys-didiot\\\/\"}]}<\/script>\n<!-- \/ Yoast SEO plugin. -->","yoast_head_json":{"title":"Un clavier \u00e0 la place de nos stylos ? - Cam\u00e4l\u00e9on","description":"Pour le moment dans les \u00e9coles, on \u00e9crit \u00e0 la main, mais on se demande si on ne va pas bient\u00f4t remplacer les stylos par des claviers.","robots":{"index":"index","follow":"follow","max-snippet":"max-snippet:-1","max-image-preview":"max-image-preview:large","max-video-preview":"max-video-preview:-1"},"canonical":"https:\/\/www.camaeleon.org\/en\/2016\/06\/11\/clavier-a-place-de-nos-stylos\/","og_locale":"en_US","og_type":"article","og_title":"Un clavier \u00e0 la place de nos stylos ? - Cam\u00e4l\u00e9on","og_description":"Pour le moment dans les \u00e9coles, on \u00e9crit \u00e0 la main, mais on se demande si on ne va pas bient\u00f4t remplacer les stylos par des claviers.","og_url":"https:\/\/www.camaeleon.org\/en\/2016\/06\/11\/clavier-a-place-de-nos-stylos\/","og_site_name":"Cam\u00e4l\u00e9on","article_publisher":"https:\/\/www.facebook.com\/camaeleon.org\/","article_published_time":"2016-06-11T13:29:29+00:00","article_modified_time":"2020-12-23T12:57:00+00:00","og_image":[{"width":880,"height":482,"url":"https:\/\/www.camaeleon.org\/wp-content\/uploads\/2016\/04\/ecrire.jpg","type":"image\/jpeg"}],"author":"Maelys Didiot","twitter_card":"summary_large_image","twitter_creator":"@camaeleonOrg","twitter_site":"@camaeleonOrg","schema":{"@context":"https:\/\/schema.org","@graph":[{"@type":"Article","@id":"https:\/\/www.camaeleon.org\/de\/2016\/06\/11\/clavier-a-place-de-nos-stylos\/#article","isPartOf":{"@id":"https:\/\/www.camaeleon.org\/de\/2016\/06\/11\/clavier-a-place-de-nos-stylos\/"},"author":{"name":"Maelys Didiot","@id":"https:\/\/www.camaeleon.org\/de\/#\/schema\/person\/a73cec611962bf31a1d7fc56b7377c9e"},"headline":"Un clavier \u00e0 la place de nos stylos ?","datePublished":"2016-06-11T13:29:29+00:00","dateModified":"2020-12-23T12:57:00+00:00","mainEntityOfPage":{"@id":"https:\/\/www.camaeleon.org\/de\/2016\/06\/11\/clavier-a-place-de-nos-stylos\/"},"wordCount":808,"commentCount":2,"publisher":{"@id":"https:\/\/www.camaeleon.org\/de\/#organization"},"image":{"@id":"https:\/\/www.camaeleon.org\/de\/2016\/06\/11\/clavier-a-place-de-nos-stylos\/#primaryimage"},"thumbnailUrl":"https:\/\/www.camaeleon.org\/wp-content\/uploads\/2016\/04\/ecrire.jpg","keywords":["Handschrift","Schreiben","Stifte","Tippen"],"articleSection":["Culture","School","Digital"],"inLanguage":"en-US","potentialAction":[{"@type":"CommentAction","name":"Comment","target":["https:\/\/www.camaeleon.org\/de\/2016\/06\/11\/clavier-a-place-de-nos-stylos\/#respond"]}]},{"@type":"WebPage","@id":"https:\/\/www.camaeleon.org\/en\/2016\/06\/11\/clavier-a-place-de-nos-stylos\/","url":"https:\/\/www.camaeleon.org\/en\/2016\/06\/11\/clavier-a-place-de-nos-stylos\/","name":"Un clavier \u00e0 la place de nos stylos ? - Cam\u00e4l\u00e9on","isPartOf":{"@id":"https:\/\/www.camaeleon.org\/en\/#website"},"primaryImageOfPage":{"@id":"https:\/\/www.camaeleon.org\/en\/2016\/06\/11\/clavier-a-place-de-nos-stylos\/#primaryimage"},"image":{"@id":"https:\/\/www.camaeleon.org\/de\/2016\/06\/11\/clavier-a-place-de-nos-stylos\/#primaryimage"},"thumbnailUrl":"https:\/\/www.camaeleon.org\/wp-content\/uploads\/2016\/04\/ecrire.jpg","datePublished":"2016-06-11T13:29:29+00:00","dateModified":"2020-12-23T12:57:00+00:00","description":"Pour le moment dans les \u00e9coles, on \u00e9crit \u00e0 la main, mais on se demande si on ne va pas bient\u00f4t remplacer les stylos par des claviers.","breadcrumb":{"@id":"https:\/\/www.camaeleon.org\/en\/2016\/06\/11\/clavier-a-place-de-nos-stylos\/#breadcrumb"},"inLanguage":"en-US","potentialAction":[{"@type":"ReadAction","target":[["https:\/\/www.camaeleon.org\/en\/2016\/06\/11\/clavier-a-place-de-nos-stylos\/"]]}]},{"@type":"ImageObject","inLanguage":"en-US","@id":"https:\/\/www.camaeleon.org\/en\/2016\/06\/11\/clavier-a-place-de-nos-stylos\/#primaryimage","url":"https:\/\/www.camaeleon.org\/wp-content\/uploads\/2016\/04\/ecrire.jpg","contentUrl":"https:\/\/www.camaeleon.org\/wp-content\/uploads\/2016\/04\/ecrire.jpg","width":880,"height":482,"caption":"Photo : fancycrave1 & Unsplash \/ pixabay.com"},{"@type":"BreadcrumbList","@id":"https:\/\/www.camaeleon.org\/en\/2016\/06\/11\/clavier-a-place-de-nos-stylos\/#breadcrumb","itemListElement":[{"@type":"ListItem","position":1,"name":"Home","item":"https:\/\/www.camaeleon.org\/en\/"},{"@type":"ListItem","position":2,"name":"Un clavier \u00e0 la place de nos stylos ?"}]},{"@type":"WebSite","@id":"https:\/\/www.camaeleon.org\/en\/#website","url":"https:\/\/www.camaeleon.org\/en\/","name":"Cam\u00e4l\u00e9on","description":"The online student magazine by Deutsch-Franz\u00f6sisches Gymnasium Saarbr\u00fccken","publisher":{"@id":"https:\/\/www.camaeleon.org\/en\/#organization"},"potentialAction":[{"@type":"SearchAction","target":{"@type":"EntryPoint","urlTemplate":"https:\/\/www.camaeleon.org\/en\/?s={search_term_string}"},"query-input":{"@type":"PropertyValueSpecification","valueRequired":true,"valueName":"search_term_string"}}],"inLanguage":"en-US"},{"@type":"Organization","@id":"https:\/\/www.camaeleon.org\/en\/#organization","name":"Cam\u00e4l\u00e9on","url":"https:\/\/www.camaeleon.org\/en\/","logo":{"@type":"ImageObject","inLanguage":"en-US","@id":"https:\/\/www.camaeleon.org\/en\/#\/schema\/logo\/image\/","url":"https:\/\/www.camaeleon.org\/wp-content\/uploads\/2011\/11\/CAM\u00c4LEON.jpg","contentUrl":"https:\/\/www.camaeleon.org\/wp-content\/uploads\/2011\/11\/CAM\u00c4LEON.jpg","width":959,"height":959,"caption":"Cam\u00e4l\u00e9on"},"image":{"@id":"https:\/\/www.camaeleon.org\/en\/#\/schema\/logo\/image\/"},"sameAs":["https:\/\/www.facebook.com\/camaeleon.org\/","https:\/\/x.com\/camaeleonOrg","https:\/\/www.instagram.com\/camaeleon.dfg\/","https:\/\/www.youtube.com\/channel\/UCl3TAUDdGuu_c7CD6ax6hYg"]},{"@type":"Person","@id":"https:\/\/www.camaeleon.org\/de\/#\/schema\/person\/a73cec611962bf31a1d7fc56b7377c9e","name":"Maelys Didiot","image":{"@type":"ImageObject","inLanguage":"en-US","@id":"https:\/\/www.camaeleon.org\/en\/wp-content\/uploads\/2016\/02\/img_1410.jpg090f57d7f2731e978b66de5375b0f9fc","url":"https:\/\/www.camaeleon.org\/wp-content\/uploads\/2016\/02\/img_1410.jpg","contentUrl":"https:\/\/www.camaeleon.org\/wp-content\/uploads\/2016\/02\/img_1410.jpg","caption":"Maelys Didiot"},"url":"https:\/\/www.camaeleon.org\/en\/author\/maelys-didiot\/"}]}},"_links":{"self":[{"href":"https:\/\/www.camaeleon.org\/en\/wp-json\/wp\/v2\/posts\/12233","targetHints":{"allow":["GET"]}}],"collection":[{"href":"https:\/\/www.camaeleon.org\/en\/wp-json\/wp\/v2\/posts"}],"about":[{"href":"https:\/\/www.camaeleon.org\/en\/wp-json\/wp\/v2\/types\/post"}],"author":[{"embeddable":true,"href":"https:\/\/www.camaeleon.org\/en\/wp-json\/wp\/v2\/users\/96"}],"replies":[{"embeddable":true,"href":"https:\/\/www.camaeleon.org\/en\/wp-json\/wp\/v2\/comments?post=12233"}],"version-history":[{"count":0,"href":"https:\/\/www.camaeleon.org\/en\/wp-json\/wp\/v2\/posts\/12233\/revisions"}],"wp:featuredmedia":[{"embeddable":true,"href":"https:\/\/www.camaeleon.org\/en\/wp-json\/wp\/v2\/media\/12423"}],"wp:attachment":[{"href":"https:\/\/www.camaeleon.org\/en\/wp-json\/wp\/v2\/media?parent=12233"}],"wp:term":[{"taxonomy":"category","embeddable":true,"href":"https:\/\/www.camaeleon.org\/en\/wp-json\/wp\/v2\/categories?post=12233"},{"taxonomy":"post_tag","embeddable":true,"href":"https:\/\/www.camaeleon.org\/en\/wp-json\/wp\/v2\/tags?post=12233"},{"taxonomy":"author","embeddable":true,"href":"https:\/\/www.camaeleon.org\/en\/wp-json\/wp\/v2\/coauthors?post=12233"}],"curies":[{"name":"wp","href":"https:\/\/api.w.org\/{rel}","templated":true}]}}