{"id":9584,"date":"2016-01-20T17:39:25","date_gmt":"2016-01-20T16:39:25","guid":{"rendered":"http:\/\/www.camaeleon.org\/?p=9584"},"modified":"2020-12-23T17:42:54","modified_gmt":"2020-12-23T16:42:54","slug":"projekt-%e2%80%9cdiversitat-und-partizipation%e2%80%9d-am-dfg-interview-mit-hicham-quintarelli","status":"publish","type":"post","link":"https:\/\/www.camaeleon.org\/de\/2016\/01\/20\/projekt-%e2%80%9cdiversitat-und-partizipation%e2%80%9d-am-dfg-interview-mit-hicham-quintarelli\/","title":{"rendered":"Projekt \u201cDiversit\u00e4t und Partizipation\u201d am DFG &#8211; Interview mit Hicham Quintarelli"},"content":{"rendered":"<p><a href=\"https:\/\/www.camaeleon.org\/wp-content\/uploads\/2016\/01\/SDC14603.jpg\"><img loading=\"lazy\" decoding=\"async\" class=\"alignright size-medium wp-image-9763\" title=\"Projekt \u201cDiversit\u00e4t und Partizipation\u201d\" src=\"https:\/\/www.camaeleon.org\/wp-content\/uploads\/2016\/01\/SDC14603-300x200.jpg\" alt=\"Projekt \u201cDiversit\u00e4t und Partizipation\u201d\" width=\"300\" height=\"200\" srcset=\"https:\/\/www.camaeleon.org\/wp-content\/uploads\/2016\/01\/SDC14603-300x200.jpg 300w, https:\/\/www.camaeleon.org\/wp-content\/uploads\/2016\/01\/SDC14603.jpg 600w\" sizes=\"auto, (max-width: 300px) 100vw, 300px\" \/><\/a>Am Freitag, den 13. November, besuchten junge Menschen mit Behinderung zwischen 16 und 20 Jahren vom Lyc\u00e9e polyvalent Romain Rolland aus Goussainville (95190) das Deutsch-Franz\u00f6sische Gymnasium. Das \u201cDiversit\u00e4t und Partizipation\u201d genannte Projekt hatte sich zum Ziel gesetzt, eine Diskussion \u00fcber Behinderung und den Alltag von behinderten Menschen in Frankreich und Deutschland mit den vierzig anwesenden Sch\u00fclern unserer Schule anzusto\u00dfen.<\/p>\n<p>Dazu sprach Cam\u00e4l\u00e9on-Journalist Philip Thiel mit Hicham Quintarelli, einem Sch\u00fcler in der Klasse Terminale des DFG. Er hat seit seiner Geburt eine Behinderung.<\/p>\n<p><strong>Cam\u00e4l\u00e9on<\/strong>: K\u00f6nntest du uns kurz die Art deiner Behinderung erkl\u00e4ren?<\/p>\n<p><strong>Hicham<\/strong>: Ich habe die Krankheit &#8222;Osteogenesis imperfecta&#8220;, auf Deutsch &#8222;Glasknochenkrankheit&#8220;. Bei dieser Krankheit sind die Knochen unvollst\u00e4ndig.<\/p>\n<p><strong>Cam\u00e4l\u00e9on<\/strong>: Wie gehst du damit um?<\/p>\n<p><strong>Hicham<\/strong>: Am Anfang bin ich mit dem Rollator durch die Schule gefahren. Im Anschlu\u00df bin ich dann mit einem Skateboard durch die Gegend gerollt. Und im Moment habe ich Kr\u00fccken. So st\u00e4rke ich auch ein wenig meine Muskulatur.<\/p>\n<p><strong>Cam\u00e4l\u00e9on<\/strong>: Was st\u00f6rt dich am meisten im Altag oder auch in der Schule?<\/p>\n<p><strong>Hicham<\/strong>: Dass man nicht schnell von A nach B kommt, sondern sehr langsam ist. Aber meine Mitsch\u00fcler und auch Lehrer sind sehr r\u00fccksichtsvoll.<\/p>\n<p><strong>Cam\u00e4l\u00e9on<\/strong>: K\u00f6nntest du uns kurz erkl\u00e4ren, was an dem 13. November hier an der Schule passiert ist?<\/p>\n<p><strong>Hicham<\/strong>: Aus Frankreich sind 8 ebenfalls behinderte Leute gekommen. Es war sehr interessant, auch mal zu h\u00f6ren, wie das in anderen Schulen oder auch bei denen in der Stadt ist.<\/p>\n<p><strong>Cam\u00e4l\u00e9on<\/strong>: Was haben dir die Diskusionen mit den anderen Sch\u00fclern gebracht?<\/p>\n<p><strong>Hicham<\/strong>: Es war sehr interessant, da ich keinen Kontakt zu anderen behinderten Menschen habe. Und es war interessant zu erfahren, wie sie sich anpassen.<\/p>\n<p><strong>Cam\u00e4l\u00e9on<\/strong>: Was k\u00f6nnte man deiner Meinung nach konkret in der Schule oder auch generell tun, um die Bedinungen f\u00fcr behinderte Menschen zu ver\u00e4ndern?<\/p>\n<p><strong>Hicham<\/strong>: Ich muss sagen, die Schule ist nicht sehr behindertengerecht, wie zum Beispiel, wenn man einen Raum oder eine Etage wechseln muss, ohne einen Aufzug benutzen zu k\u00f6nnen. Aber die Lehrer und auch die Sch\u00fcler sind sehr hilfsbereit.<\/p>\n<p><strong>Cam\u00e4l\u00e9on<\/strong>: Vielen Dank f\u00fcr das Interview.<\/p>\n","protected":false},"excerpt":{"rendered":"<p>Am Freitag, den 13. November, besuchten junge Menschen mit Behinderung zwischen 16 und 20 Jahren vom Lyc\u00e9e polyvalent Romain Rolland aus Goussainville (95190) das Deutsch-Franz\u00f6sische<\/p>\n","protected":false},"author":100,"featured_media":9763,"comment_status":"open","ping_status":"open","sticky":false,"template":"","format":"standard","meta":{"colormag_page_container_layout":"default_layout","colormag_page_sidebar_layout":"default_layout","footnotes":""},"categories":[3,6],"tags":[238,1424],"coauthors":[819],"class_list":["post-9584","post","type-post","status-publish","format-standard","has-post-thumbnail","hentry","category-ecole","category-vie","tag-behinderung","tag-diversitaet"],"yoast_head":"<!-- This site is optimized with the Yoast SEO plugin v27.5 - https:\/\/yoast.com\/product\/yoast-seo-wordpress\/ -->\n<title>Projekt \u201cDiversit\u00e4t und Partizipation\u201d am DFG - Interview mit Hicham Quintarelli - Cam\u00e4l\u00e9on<\/title>\n<meta name=\"description\" content=\"Am 13. November besuchten junge Menschen mit Behinderung vom Lyc\u00e9e polyvalent Romain Rolland aus Goussainville das DFG. Das \u201cDiversit\u00e4t und Partizipation\u201d genannte Projekt hatte sich zum Ziel gesetzt, eine Diskussion \u00fcber Behinderung und den Alltag von behinderten Menschen in Frankreich und Deutschland anzusto\u00dfen.\" \/>\n<meta name=\"robots\" content=\"index, follow, max-snippet:-1, max-image-preview:large, max-video-preview:-1\" \/>\n<link rel=\"canonical\" href=\"https:\/\/www.camaeleon.org\/de\/2016\/01\/20\/projekt-\u201cdiversitat-und-partizipation\u201d-am-dfg-interview-mit-hicham-quintarelli\/\" \/>\n<meta property=\"og:locale\" content=\"de_DE\" \/>\n<meta property=\"og:type\" content=\"article\" \/>\n<meta property=\"og:title\" content=\"Projekt \u201cDiversit\u00e4t und Partizipation\u201d am DFG - Interview mit Hicham Quintarelli - Cam\u00e4l\u00e9on\" \/>\n<meta property=\"og:description\" content=\"Am 13. November besuchten junge Menschen mit Behinderung vom Lyc\u00e9e polyvalent Romain Rolland aus Goussainville das DFG. Das \u201cDiversit\u00e4t und Partizipation\u201d genannte Projekt hatte sich zum Ziel gesetzt, eine Diskussion \u00fcber Behinderung und den Alltag von behinderten Menschen in Frankreich und Deutschland anzusto\u00dfen.\" \/>\n<meta property=\"og:url\" content=\"https:\/\/www.camaeleon.org\/de\/2016\/01\/20\/projekt-\u201cdiversitat-und-partizipation\u201d-am-dfg-interview-mit-hicham-quintarelli\/\" \/>\n<meta property=\"og:site_name\" content=\"Cam\u00e4l\u00e9on\" \/>\n<meta property=\"article:publisher\" content=\"https:\/\/www.facebook.com\/camaeleon.org\/\" \/>\n<meta property=\"article:published_time\" content=\"2016-01-20T16:39:25+00:00\" \/>\n<meta property=\"article:modified_time\" content=\"2020-12-23T16:42:54+00:00\" \/>\n<meta property=\"og:image\" content=\"https:\/\/www.camaeleon.org\/wp-content\/uploads\/2016\/01\/SDC14603.jpg\" \/>\n\t<meta property=\"og:image:width\" content=\"600\" \/>\n\t<meta property=\"og:image:height\" content=\"400\" \/>\n\t<meta property=\"og:image:type\" content=\"image\/jpeg\" \/>\n<meta name=\"author\" content=\"Philip Thiel\" \/>\n<meta name=\"twitter:card\" content=\"summary_large_image\" \/>\n<meta name=\"twitter:creator\" content=\"@camaeleonOrg\" \/>\n<meta name=\"twitter:site\" content=\"@camaeleonOrg\" \/>\n<script type=\"application\/ld+json\" class=\"yoast-schema-graph\">{\"@context\":\"https:\\\/\\\/schema.org\",\"@graph\":[{\"@type\":\"Article\",\"@id\":\"https:\\\/\\\/www.camaeleon.org\\\/de\\\/2016\\\/01\\\/20\\\/projekt-%e2%80%9cdiversitat-und-partizipation%e2%80%9d-am-dfg-interview-mit-hicham-quintarelli\\\/#article\",\"isPartOf\":{\"@id\":\"https:\\\/\\\/www.camaeleon.org\\\/de\\\/2016\\\/01\\\/20\\\/projekt-%e2%80%9cdiversitat-und-partizipation%e2%80%9d-am-dfg-interview-mit-hicham-quintarelli\\\/\"},\"author\":{\"name\":\"Philip Thiel\",\"@id\":\"https:\\\/\\\/www.camaeleon.org\\\/de\\\/#\\\/schema\\\/person\\\/dd0f967fbb3e83b7328b2151e63e7ded\"},\"headline\":\"Projekt \u201cDiversit\u00e4t und Partizipation\u201d am DFG &#8211; Interview mit Hicham Quintarelli\",\"datePublished\":\"2016-01-20T16:39:25+00:00\",\"dateModified\":\"2020-12-23T16:42:54+00:00\",\"mainEntityOfPage\":{\"@id\":\"https:\\\/\\\/www.camaeleon.org\\\/de\\\/2016\\\/01\\\/20\\\/projekt-%e2%80%9cdiversitat-und-partizipation%e2%80%9d-am-dfg-interview-mit-hicham-quintarelli\\\/\"},\"wordCount\":384,\"commentCount\":0,\"publisher\":{\"@id\":\"https:\\\/\\\/www.camaeleon.org\\\/de\\\/#organization\"},\"image\":{\"@id\":\"https:\\\/\\\/www.camaeleon.org\\\/de\\\/2016\\\/01\\\/20\\\/projekt-%e2%80%9cdiversitat-und-partizipation%e2%80%9d-am-dfg-interview-mit-hicham-quintarelli\\\/#primaryimage\"},\"thumbnailUrl\":\"https:\\\/\\\/www.camaeleon.org\\\/wp-content\\\/uploads\\\/2016\\\/01\\\/SDC14603.jpg\",\"keywords\":[\"Behinderung\",\"Diversit\u00e4t\"],\"articleSection\":[\"Schule\",\"Leben\"],\"inLanguage\":\"de\",\"potentialAction\":[{\"@type\":\"CommentAction\",\"name\":\"Comment\",\"target\":[\"https:\\\/\\\/www.camaeleon.org\\\/de\\\/2016\\\/01\\\/20\\\/projekt-%e2%80%9cdiversitat-und-partizipation%e2%80%9d-am-dfg-interview-mit-hicham-quintarelli\\\/#respond\"]}]},{\"@type\":\"WebPage\",\"@id\":\"https:\\\/\\\/www.camaeleon.org\\\/de\\\/2016\\\/01\\\/20\\\/projekt-%e2%80%9cdiversitat-und-partizipation%e2%80%9d-am-dfg-interview-mit-hicham-quintarelli\\\/\",\"url\":\"https:\\\/\\\/www.camaeleon.org\\\/de\\\/2016\\\/01\\\/20\\\/projekt-%e2%80%9cdiversitat-und-partizipation%e2%80%9d-am-dfg-interview-mit-hicham-quintarelli\\\/\",\"name\":\"Projekt \u201cDiversit\u00e4t und Partizipation\u201d am DFG - Interview mit Hicham Quintarelli - Cam\u00e4l\u00e9on\",\"isPartOf\":{\"@id\":\"https:\\\/\\\/www.camaeleon.org\\\/de\\\/#website\"},\"primaryImageOfPage\":{\"@id\":\"https:\\\/\\\/www.camaeleon.org\\\/de\\\/2016\\\/01\\\/20\\\/projekt-%e2%80%9cdiversitat-und-partizipation%e2%80%9d-am-dfg-interview-mit-hicham-quintarelli\\\/#primaryimage\"},\"image\":{\"@id\":\"https:\\\/\\\/www.camaeleon.org\\\/de\\\/2016\\\/01\\\/20\\\/projekt-%e2%80%9cdiversitat-und-partizipation%e2%80%9d-am-dfg-interview-mit-hicham-quintarelli\\\/#primaryimage\"},\"thumbnailUrl\":\"https:\\\/\\\/www.camaeleon.org\\\/wp-content\\\/uploads\\\/2016\\\/01\\\/SDC14603.jpg\",\"datePublished\":\"2016-01-20T16:39:25+00:00\",\"dateModified\":\"2020-12-23T16:42:54+00:00\",\"description\":\"Am 13. November besuchten junge Menschen mit Behinderung vom Lyc\u00e9e polyvalent Romain Rolland aus Goussainville das DFG. Das \u201cDiversit\u00e4t und Partizipation\u201d genannte Projekt hatte sich zum Ziel gesetzt, eine Diskussion \u00fcber Behinderung und den Alltag von behinderten Menschen in Frankreich und Deutschland anzusto\u00dfen.\",\"breadcrumb\":{\"@id\":\"https:\\\/\\\/www.camaeleon.org\\\/de\\\/2016\\\/01\\\/20\\\/projekt-%e2%80%9cdiversitat-und-partizipation%e2%80%9d-am-dfg-interview-mit-hicham-quintarelli\\\/#breadcrumb\"},\"inLanguage\":\"de\",\"potentialAction\":[{\"@type\":\"ReadAction\",\"target\":[[\"https:\\\/\\\/www.camaeleon.org\\\/de\\\/2016\\\/01\\\/20\\\/projekt-%e2%80%9cdiversitat-und-partizipation%e2%80%9d-am-dfg-interview-mit-hicham-quintarelli\\\/\"]]}]},{\"@type\":\"ImageObject\",\"inLanguage\":\"de\",\"@id\":\"https:\\\/\\\/www.camaeleon.org\\\/de\\\/2016\\\/01\\\/20\\\/projekt-%e2%80%9cdiversitat-und-partizipation%e2%80%9d-am-dfg-interview-mit-hicham-quintarelli\\\/#primaryimage\",\"url\":\"https:\\\/\\\/www.camaeleon.org\\\/wp-content\\\/uploads\\\/2016\\\/01\\\/SDC14603.jpg\",\"contentUrl\":\"https:\\\/\\\/www.camaeleon.org\\\/wp-content\\\/uploads\\\/2016\\\/01\\\/SDC14603.jpg\",\"width\":600,\"height\":400,\"caption\":\"Projekt \u201cDiversit\u00e4t und Partizipation\u201d\"},{\"@type\":\"BreadcrumbList\",\"@id\":\"https:\\\/\\\/www.camaeleon.org\\\/de\\\/2016\\\/01\\\/20\\\/projekt-%e2%80%9cdiversitat-und-partizipation%e2%80%9d-am-dfg-interview-mit-hicham-quintarelli\\\/#breadcrumb\",\"itemListElement\":[{\"@type\":\"ListItem\",\"position\":1,\"name\":\"Home\",\"item\":\"https:\\\/\\\/www.camaeleon.org\\\/de\\\/\"},{\"@type\":\"ListItem\",\"position\":2,\"name\":\"Projekt \u201cDiversit\u00e4t und Partizipation\u201d am DFG &#8211; Interview mit Hicham Quintarelli\"}]},{\"@type\":\"WebSite\",\"@id\":\"https:\\\/\\\/www.camaeleon.org\\\/de\\\/#website\",\"url\":\"https:\\\/\\\/www.camaeleon.org\\\/de\\\/\",\"name\":\"Cam\u00e4l\u00e9on\",\"description\":\"Das Sch\u00fclermagazin des Deutsch-Franz\u00f6sischen Gymnasiums Saarbr\u00fccken\",\"publisher\":{\"@id\":\"https:\\\/\\\/www.camaeleon.org\\\/de\\\/#organization\"},\"potentialAction\":[{\"@type\":\"SearchAction\",\"target\":{\"@type\":\"EntryPoint\",\"urlTemplate\":\"https:\\\/\\\/www.camaeleon.org\\\/de\\\/?s={search_term_string}\"},\"query-input\":{\"@type\":\"PropertyValueSpecification\",\"valueRequired\":true,\"valueName\":\"search_term_string\"}}],\"inLanguage\":\"de\"},{\"@type\":\"Organization\",\"@id\":\"https:\\\/\\\/www.camaeleon.org\\\/de\\\/#organization\",\"name\":\"Cam\u00e4l\u00e9on\",\"url\":\"https:\\\/\\\/www.camaeleon.org\\\/de\\\/\",\"logo\":{\"@type\":\"ImageObject\",\"inLanguage\":\"de\",\"@id\":\"https:\\\/\\\/www.camaeleon.org\\\/de\\\/#\\\/schema\\\/logo\\\/image\\\/\",\"url\":\"https:\\\/\\\/www.camaeleon.org\\\/wp-content\\\/uploads\\\/2011\\\/11\\\/CAM\u00c4LEON.jpg\",\"contentUrl\":\"https:\\\/\\\/www.camaeleon.org\\\/wp-content\\\/uploads\\\/2011\\\/11\\\/CAM\u00c4LEON.jpg\",\"width\":959,\"height\":959,\"caption\":\"Cam\u00e4l\u00e9on\"},\"image\":{\"@id\":\"https:\\\/\\\/www.camaeleon.org\\\/de\\\/#\\\/schema\\\/logo\\\/image\\\/\"},\"sameAs\":[\"https:\\\/\\\/www.facebook.com\\\/camaeleon.org\\\/\",\"https:\\\/\\\/x.com\\\/camaeleonOrg\",\"https:\\\/\\\/www.instagram.com\\\/camaeleon.dfg\\\/\",\"https:\\\/\\\/www.youtube.com\\\/channel\\\/UCl3TAUDdGuu_c7CD6ax6hYg\"]},{\"@type\":\"Person\",\"@id\":\"https:\\\/\\\/www.camaeleon.org\\\/de\\\/#\\\/schema\\\/person\\\/dd0f967fbb3e83b7328b2151e63e7ded\",\"name\":\"Philip Thiel\",\"image\":{\"@type\":\"ImageObject\",\"inLanguage\":\"de\",\"@id\":\"https:\\\/\\\/www.camaeleon.org\\\/de\\\/wp-content\\\/uploads\\\/2011\\\/07\\\/IMG_4287-120x120.jpgeb2140e9305853359e7bb8d5b01fc378\",\"url\":\"https:\\\/\\\/www.camaeleon.org\\\/wp-content\\\/uploads\\\/2011\\\/07\\\/IMG_4287-120x120.jpg\",\"contentUrl\":\"https:\\\/\\\/www.camaeleon.org\\\/wp-content\\\/uploads\\\/2011\\\/07\\\/IMG_4287-120x120.jpg\",\"caption\":\"Philip Thiel\"},\"url\":\"https:\\\/\\\/www.camaeleon.org\\\/de\\\/author\\\/philip-thiel\\\/\"}]}<\/script>\n<!-- \/ Yoast SEO plugin. -->","yoast_head_json":{"title":"Projekt \u201cDiversit\u00e4t und Partizipation\u201d am DFG - Interview mit Hicham Quintarelli - Cam\u00e4l\u00e9on","description":"Am 13. November besuchten junge Menschen mit Behinderung vom Lyc\u00e9e polyvalent Romain Rolland aus Goussainville das DFG. Das \u201cDiversit\u00e4t und Partizipation\u201d genannte Projekt hatte sich zum Ziel gesetzt, eine Diskussion \u00fcber Behinderung und den Alltag von behinderten Menschen in Frankreich und Deutschland anzusto\u00dfen.","robots":{"index":"index","follow":"follow","max-snippet":"max-snippet:-1","max-image-preview":"max-image-preview:large","max-video-preview":"max-video-preview:-1"},"canonical":"https:\/\/www.camaeleon.org\/de\/2016\/01\/20\/projekt-\u201cdiversitat-und-partizipation\u201d-am-dfg-interview-mit-hicham-quintarelli\/","og_locale":"de_DE","og_type":"article","og_title":"Projekt \u201cDiversit\u00e4t und Partizipation\u201d am DFG - Interview mit Hicham Quintarelli - Cam\u00e4l\u00e9on","og_description":"Am 13. November besuchten junge Menschen mit Behinderung vom Lyc\u00e9e polyvalent Romain Rolland aus Goussainville das DFG. Das \u201cDiversit\u00e4t und Partizipation\u201d genannte Projekt hatte sich zum Ziel gesetzt, eine Diskussion \u00fcber Behinderung und den Alltag von behinderten Menschen in Frankreich und Deutschland anzusto\u00dfen.","og_url":"https:\/\/www.camaeleon.org\/de\/2016\/01\/20\/projekt-\u201cdiversitat-und-partizipation\u201d-am-dfg-interview-mit-hicham-quintarelli\/","og_site_name":"Cam\u00e4l\u00e9on","article_publisher":"https:\/\/www.facebook.com\/camaeleon.org\/","article_published_time":"2016-01-20T16:39:25+00:00","article_modified_time":"2020-12-23T16:42:54+00:00","og_image":[{"width":600,"height":400,"url":"https:\/\/www.camaeleon.org\/wp-content\/uploads\/2016\/01\/SDC14603.jpg","type":"image\/jpeg"}],"author":"Philip Thiel","twitter_card":"summary_large_image","twitter_creator":"@camaeleonOrg","twitter_site":"@camaeleonOrg","schema":{"@context":"https:\/\/schema.org","@graph":[{"@type":"Article","@id":"https:\/\/www.camaeleon.org\/de\/2016\/01\/20\/projekt-%e2%80%9cdiversitat-und-partizipation%e2%80%9d-am-dfg-interview-mit-hicham-quintarelli\/#article","isPartOf":{"@id":"https:\/\/www.camaeleon.org\/de\/2016\/01\/20\/projekt-%e2%80%9cdiversitat-und-partizipation%e2%80%9d-am-dfg-interview-mit-hicham-quintarelli\/"},"author":{"name":"Philip Thiel","@id":"https:\/\/www.camaeleon.org\/de\/#\/schema\/person\/dd0f967fbb3e83b7328b2151e63e7ded"},"headline":"Projekt \u201cDiversit\u00e4t und Partizipation\u201d am DFG &#8211; Interview mit Hicham Quintarelli","datePublished":"2016-01-20T16:39:25+00:00","dateModified":"2020-12-23T16:42:54+00:00","mainEntityOfPage":{"@id":"https:\/\/www.camaeleon.org\/de\/2016\/01\/20\/projekt-%e2%80%9cdiversitat-und-partizipation%e2%80%9d-am-dfg-interview-mit-hicham-quintarelli\/"},"wordCount":384,"commentCount":0,"publisher":{"@id":"https:\/\/www.camaeleon.org\/de\/#organization"},"image":{"@id":"https:\/\/www.camaeleon.org\/de\/2016\/01\/20\/projekt-%e2%80%9cdiversitat-und-partizipation%e2%80%9d-am-dfg-interview-mit-hicham-quintarelli\/#primaryimage"},"thumbnailUrl":"https:\/\/www.camaeleon.org\/wp-content\/uploads\/2016\/01\/SDC14603.jpg","keywords":["Behinderung","Diversit\u00e4t"],"articleSection":["Schule","Leben"],"inLanguage":"de","potentialAction":[{"@type":"CommentAction","name":"Comment","target":["https:\/\/www.camaeleon.org\/de\/2016\/01\/20\/projekt-%e2%80%9cdiversitat-und-partizipation%e2%80%9d-am-dfg-interview-mit-hicham-quintarelli\/#respond"]}]},{"@type":"WebPage","@id":"https:\/\/www.camaeleon.org\/de\/2016\/01\/20\/projekt-%e2%80%9cdiversitat-und-partizipation%e2%80%9d-am-dfg-interview-mit-hicham-quintarelli\/","url":"https:\/\/www.camaeleon.org\/de\/2016\/01\/20\/projekt-%e2%80%9cdiversitat-und-partizipation%e2%80%9d-am-dfg-interview-mit-hicham-quintarelli\/","name":"Projekt \u201cDiversit\u00e4t und Partizipation\u201d am DFG - Interview mit Hicham Quintarelli - Cam\u00e4l\u00e9on","isPartOf":{"@id":"https:\/\/www.camaeleon.org\/de\/#website"},"primaryImageOfPage":{"@id":"https:\/\/www.camaeleon.org\/de\/2016\/01\/20\/projekt-%e2%80%9cdiversitat-und-partizipation%e2%80%9d-am-dfg-interview-mit-hicham-quintarelli\/#primaryimage"},"image":{"@id":"https:\/\/www.camaeleon.org\/de\/2016\/01\/20\/projekt-%e2%80%9cdiversitat-und-partizipation%e2%80%9d-am-dfg-interview-mit-hicham-quintarelli\/#primaryimage"},"thumbnailUrl":"https:\/\/www.camaeleon.org\/wp-content\/uploads\/2016\/01\/SDC14603.jpg","datePublished":"2016-01-20T16:39:25+00:00","dateModified":"2020-12-23T16:42:54+00:00","description":"Am 13. November besuchten junge Menschen mit Behinderung vom Lyc\u00e9e polyvalent Romain Rolland aus Goussainville das DFG. Das \u201cDiversit\u00e4t und Partizipation\u201d genannte Projekt hatte sich zum Ziel gesetzt, eine Diskussion \u00fcber Behinderung und den Alltag von behinderten Menschen in Frankreich und Deutschland anzusto\u00dfen.","breadcrumb":{"@id":"https:\/\/www.camaeleon.org\/de\/2016\/01\/20\/projekt-%e2%80%9cdiversitat-und-partizipation%e2%80%9d-am-dfg-interview-mit-hicham-quintarelli\/#breadcrumb"},"inLanguage":"de","potentialAction":[{"@type":"ReadAction","target":[["https:\/\/www.camaeleon.org\/de\/2016\/01\/20\/projekt-%e2%80%9cdiversitat-und-partizipation%e2%80%9d-am-dfg-interview-mit-hicham-quintarelli\/"]]}]},{"@type":"ImageObject","inLanguage":"de","@id":"https:\/\/www.camaeleon.org\/de\/2016\/01\/20\/projekt-%e2%80%9cdiversitat-und-partizipation%e2%80%9d-am-dfg-interview-mit-hicham-quintarelli\/#primaryimage","url":"https:\/\/www.camaeleon.org\/wp-content\/uploads\/2016\/01\/SDC14603.jpg","contentUrl":"https:\/\/www.camaeleon.org\/wp-content\/uploads\/2016\/01\/SDC14603.jpg","width":600,"height":400,"caption":"Projekt \u201cDiversit\u00e4t und Partizipation\u201d"},{"@type":"BreadcrumbList","@id":"https:\/\/www.camaeleon.org\/de\/2016\/01\/20\/projekt-%e2%80%9cdiversitat-und-partizipation%e2%80%9d-am-dfg-interview-mit-hicham-quintarelli\/#breadcrumb","itemListElement":[{"@type":"ListItem","position":1,"name":"Home","item":"https:\/\/www.camaeleon.org\/de\/"},{"@type":"ListItem","position":2,"name":"Projekt \u201cDiversit\u00e4t und Partizipation\u201d am DFG &#8211; Interview mit Hicham Quintarelli"}]},{"@type":"WebSite","@id":"https:\/\/www.camaeleon.org\/de\/#website","url":"https:\/\/www.camaeleon.org\/de\/","name":"Cam\u00e4l\u00e9on","description":"Das Sch\u00fclermagazin des Deutsch-Franz\u00f6sischen Gymnasiums Saarbr\u00fccken","publisher":{"@id":"https:\/\/www.camaeleon.org\/de\/#organization"},"potentialAction":[{"@type":"SearchAction","target":{"@type":"EntryPoint","urlTemplate":"https:\/\/www.camaeleon.org\/de\/?s={search_term_string}"},"query-input":{"@type":"PropertyValueSpecification","valueRequired":true,"valueName":"search_term_string"}}],"inLanguage":"de"},{"@type":"Organization","@id":"https:\/\/www.camaeleon.org\/de\/#organization","name":"Cam\u00e4l\u00e9on","url":"https:\/\/www.camaeleon.org\/de\/","logo":{"@type":"ImageObject","inLanguage":"de","@id":"https:\/\/www.camaeleon.org\/de\/#\/schema\/logo\/image\/","url":"https:\/\/www.camaeleon.org\/wp-content\/uploads\/2011\/11\/CAM\u00c4LEON.jpg","contentUrl":"https:\/\/www.camaeleon.org\/wp-content\/uploads\/2011\/11\/CAM\u00c4LEON.jpg","width":959,"height":959,"caption":"Cam\u00e4l\u00e9on"},"image":{"@id":"https:\/\/www.camaeleon.org\/de\/#\/schema\/logo\/image\/"},"sameAs":["https:\/\/www.facebook.com\/camaeleon.org\/","https:\/\/x.com\/camaeleonOrg","https:\/\/www.instagram.com\/camaeleon.dfg\/","https:\/\/www.youtube.com\/channel\/UCl3TAUDdGuu_c7CD6ax6hYg"]},{"@type":"Person","@id":"https:\/\/www.camaeleon.org\/de\/#\/schema\/person\/dd0f967fbb3e83b7328b2151e63e7ded","name":"Philip Thiel","image":{"@type":"ImageObject","inLanguage":"de","@id":"https:\/\/www.camaeleon.org\/de\/wp-content\/uploads\/2011\/07\/IMG_4287-120x120.jpgeb2140e9305853359e7bb8d5b01fc378","url":"https:\/\/www.camaeleon.org\/wp-content\/uploads\/2011\/07\/IMG_4287-120x120.jpg","contentUrl":"https:\/\/www.camaeleon.org\/wp-content\/uploads\/2011\/07\/IMG_4287-120x120.jpg","caption":"Philip Thiel"},"url":"https:\/\/www.camaeleon.org\/de\/author\/philip-thiel\/"}]}},"_links":{"self":[{"href":"https:\/\/www.camaeleon.org\/de\/wp-json\/wp\/v2\/posts\/9584","targetHints":{"allow":["GET"]}}],"collection":[{"href":"https:\/\/www.camaeleon.org\/de\/wp-json\/wp\/v2\/posts"}],"about":[{"href":"https:\/\/www.camaeleon.org\/de\/wp-json\/wp\/v2\/types\/post"}],"author":[{"embeddable":true,"href":"https:\/\/www.camaeleon.org\/de\/wp-json\/wp\/v2\/users\/100"}],"replies":[{"embeddable":true,"href":"https:\/\/www.camaeleon.org\/de\/wp-json\/wp\/v2\/comments?post=9584"}],"version-history":[{"count":0,"href":"https:\/\/www.camaeleon.org\/de\/wp-json\/wp\/v2\/posts\/9584\/revisions"}],"wp:featuredmedia":[{"embeddable":true,"href":"https:\/\/www.camaeleon.org\/de\/wp-json\/wp\/v2\/media\/9763"}],"wp:attachment":[{"href":"https:\/\/www.camaeleon.org\/de\/wp-json\/wp\/v2\/media?parent=9584"}],"wp:term":[{"taxonomy":"category","embeddable":true,"href":"https:\/\/www.camaeleon.org\/de\/wp-json\/wp\/v2\/categories?post=9584"},{"taxonomy":"post_tag","embeddable":true,"href":"https:\/\/www.camaeleon.org\/de\/wp-json\/wp\/v2\/tags?post=9584"},{"taxonomy":"author","embeddable":true,"href":"https:\/\/www.camaeleon.org\/de\/wp-json\/wp\/v2\/coauthors?post=9584"}],"curies":[{"name":"wp","href":"https:\/\/api.w.org\/{rel}","templated":true}]}}