{"id":9344,"date":"2016-03-02T07:28:26","date_gmt":"2016-03-02T06:28:26","guid":{"rendered":"http:\/\/www.camaeleon.org\/?p=9344"},"modified":"2020-12-23T17:14:17","modified_gmt":"2020-12-23T16:14:17","slug":"s-es-l-quelle-filiere-choisir-en-2nde","status":"publish","type":"post","link":"https:\/\/www.camaeleon.org\/de\/2016\/03\/02\/s-es-l-quelle-filiere-choisir-en-2nde\/","title":{"rendered":"S, ES, L? Quelle fili\u00e8re choisir en 2nde?"},"content":{"rendered":"<figure id=\"attachment_11415\" aria-describedby=\"caption-attachment-11415\" style=\"width: 300px\" class=\"wp-caption alignright\"><a href=\"https:\/\/www.camaeleon.org\/wp-content\/uploads\/2016\/03\/filiere.jpg\" rel=\"attachment wp-att-11415\"><img loading=\"lazy\" decoding=\"async\" class=\"wp-image-11415 size-medium\" src=\"https:\/\/www.camaeleon.org\/wp-content\/uploads\/2016\/03\/filiere-300x212.jpg\" alt=\"Fili\u00e8res au LFA\" width=\"300\" height=\"212\" srcset=\"https:\/\/www.camaeleon.org\/wp-content\/uploads\/2016\/03\/filiere-300x212.jpg 300w, https:\/\/www.camaeleon.org\/wp-content\/uploads\/2016\/03\/filiere-850x600.jpg 850w, https:\/\/www.camaeleon.org\/wp-content\/uploads\/2016\/03\/filiere.jpg 880w\" sizes=\"auto, (max-width: 300px) 100vw, 300px\" \/><\/a><figcaption id=\"caption-attachment-11415\" class=\"wp-caption-text\">Photo : Gerd Altmann \/ pixabay.com<\/figcaption><\/figure>\n<p>Apr\u00e8s le dipl\u00f4me national du brevet, les \u00e9l\u00e8ves\u00a0ont le choix entre plusieurs fili\u00e8res. De ces fili\u00e8res d\u00e9pendent le nombres d&#8217;heures de cours et les mati\u00e8res principales \u00e9tudi\u00e9es. Le choix de la fili\u00e8re est important: il influencera les choix d&#8217;\u00e9tudes que vous pourrez faire, et\u00a0 vos futurs employeurs prendront peut-\u00eatre en compte la fili\u00e8re choisie.<\/p>\n<p>La question est donc: quelle est la meilleure fili\u00e8re, en fonction de vos ambitions personnelles et professionnelles?<\/p>\n<p>Voila les diff\u00e9rents choix qui se pr\u00e9senteront devant vous en fin de Klasse 9, pour la classe de 2nde:<\/p>\n<p>1) La s\u00e9rie L: litt\u00e9rature, langue, philosophie. Elle peut \u00eatre utile pour commencer une carri\u00e8re d&#8217;\u00e9crivain ou de critique litt\u00e9raire.\u00a0Les futurs traducteurs ont aussi leur place ici. Mais elle ouvre \u00e0 de nombreuses possibilit\u00e9s d&#8217;\u00e9tudes, au-del\u00e0 des mati\u00e8res litt\u00e9raires: le droit, et m\u00eame la m\u00e9decine (en Allemagne), sont d&#8217;autres orientations envisageables, parmi des dizaines.<\/p>\n<p>2) La s\u00e9rie S: scientifique. Elle se divise en 2 fili\u00e8res:<\/p>\n<p>&#8211; MP (math\u00e9matiques, physique): l&#8217;id\u00e9al\u00a0pour devenir ing\u00e9nieur, architecte ou concepteur automobile.<\/p>\n<p>&#8211; BC (biologie, chimie): comme l&#8217;intitul\u00e9 l&#8217;indique, gros plan sur les m\u00e9tiers li\u00e9s \u00e0 la biologie et \u00e0 la chimie.<\/p>\n<p>3) La s\u00e9rie ES: \u00e9conomique et sociale. Une envie de devenir banquier, et de g\u00e9rer de gros portefeuilles ? On a la cl\u00e9! Choisissez la fili\u00e8re ES. Tr\u00eave de plaisanterie, cette s\u00e9rie est tr\u00e8s \u00e9quilibr\u00e9e, et ne permet pas uniquement de faire des \u00e9tudes d&#8217;\u00e9conomie.<\/p>\n<p>Comment faire son choix parmi ces s\u00e9ries? Cam\u00e4l\u00e9on a enqu\u00eat\u00e9 et interview\u00e9 certains professeurs pour vous aider \u00e0 y voir plus clair:<\/p>\n<p>Mme Boubakri (professeur principal de la classe de terminale S2-MP):<\/p>\n<p>Cam\u00e4l\u00e9on: Combien d&#8217;heures de math\u00e9matiques et de physique y a-t-il par semaine, dans votre classe?<\/p>\n<p>Mme Boubakri: En premi\u00e8re, on a 5 heures de physique et 9 heures de maths, tandis que les Terminales ont aussi 9 heures de maths pour 4 heures de physique.<\/p>\n<p>Cam\u00e4l\u00e9on: Qu&#8217;est ce qui change par rapport \u00e0 la s\u00e9rie S-BC?<\/p>\n<p>Mme Boubakri: Les maths sont bien plus approfondies, et il y a beaucoup plus de th\u00e8mes \u00e0 traiter.<\/p>\n<p>Cam\u00e4l\u00e9on: Privil\u00e9giez-vous quelque chose en particulier?<\/p>\n<p>Mme Boubakri: L&#8217;accent est mis sur la th\u00e9orie, sur la r\u00e9daction, et sur le d\u00e9velopement analytique. Sans bien s\u00fbr n\u00e9gliger l&#8217;aspect num\u00e9rique et la pratique.<\/p>\n<p>Cam\u00e4l\u00e9on: Faut-il avoir une note particuli\u00e8re en maths\/physiques pour passer en MP?<\/p>\n<p>Mme Boubakri: Non, mais il est conseill\u00e9 d&#8217;avoir 7 ou plus\u00a0dans ces mati\u00e8res, afin d&#8217;avoir une marge par rapport \u00e0 la difficult\u00e9 croissante.<\/p>\n<p>M. Pfefferle\u00a0(professeur principal de la classe de 2L2):<\/p>\n<p>Cam\u00e4l\u00e9on: Combien d&#8217;heures de langues a-t-on en seconde?<\/p>\n<p>M. Pfefferle: Il y a 5 p\u00e9riodes de langue maternelle et de langue du partenaires, et 4 en\u00a0anglais.\u00a0Sans oublier la philosophie (mati\u00e8re du 1er groupe en premi\u00e8re), qui occupe 4 heures en terminales et en 1\u00e8re, mais seulement 2 en seconde.<\/p>\n<p>Cam\u00e4l\u00e9on: Privil\u00e9giez-vous quelque chose en particulier?<\/p>\n<p>Herr Pfefferle: Non, pas vraiment. Tout est important.<\/p>\n<p>Cam\u00e4l\u00e9on: Faut-il avoir une note particuli\u00e8re dans une quelconque mati\u00e8re pour passer\u00a0dans cette section?<\/p>\n<p>Herr Pfefferle: Id\u00e9alement, il faudrait avoir au moins un 7 en anglais pour pouvoir r\u00e9ussir.<\/p>\n<p>Cam\u00e4l\u00e9on: Quelles \u00e9tudes suivent la plupart de vos anciens \u00e9l\u00e8ves de\u00a0L?<\/p>\n<p>Herr Pfefferle: Beaucoup vont faire des \u00e9tudes litt\u00e9raires apr\u00e8s le baccalaur\u00e9at, mais pas seulement: il y a aussi les sciences sociales, les langues, et beaucoup d&#8217;autres fili\u00e8res. Par exemple, en Allemagne, on peut m\u00eame \u00e9tudier la m\u00e9decine avec un bac L.<\/p>\n<p>Mme Becker (professeur principal de la classe de 1\u00e8re ES):<\/p>\n<p>Cam\u00e4l\u00e9on:\u00a0Combien d&#8217;heures de sciences \u00e9conomiques y a-t-il par semaine, en s\u00e9rie ES?<\/p>\n<p>Mme Becker: Il y a 5 heures en 2nde, 1\u00e8re et Terminale.<\/p>\n<p>Cam\u00e4l\u00e9on: Privil\u00e9giez-vous quelque chose en particulier dans cette s\u00e9rie?<\/p>\n<p>Mme Becker: La mati\u00e8re principale s&#8217;appelle sciences \u00e9conomiques et sociales. De quoi s&#8217;agit-il, exactement?<\/p>\n<div>Les sciences \u00e9conomiques regroupent une s\u00e9rie de th\u00e8mes qui tentent de r\u00e9pondre \u00e0 la question suivante: &#8222;Comment fonctionne notre \u00e9conomie? Quels sont les m\u00e9canismes qui l&#8217;organisent?&#8220; Par exemple:<\/div>\n<div>&#8211; Comment le march\u00e9 fonctionne-t-il?, Qu&#8217;est-ce que la concurrence?<\/div>\n<div>&#8211; Quel r\u00f4le jouent les entreprises, l&#8217;Etat, les m\u00e9nages, la consommation, les banques, etc&#8230;<\/div>\n<div>&#8211; Qu&#8217;est ce que la mondialisation, et quel est son impact sur notre \u00e9conomie?<\/div>\n<div>&#8211; Comment les entreprises internationales sont-elles organis\u00e9es?<\/div>\n<div>&#8211; Qu&#8217;est ce que le cr\u00e9dit?<\/div>\n<div>Les sciences sociales traitent essentiellement de sociologie. C&#8217;est une sous-partie des sciences humaines qui \u00e9tudie les comportements des individus et des groupes d&#8217;individus dans notre soci\u00e9t\u00e9. Nous \u00e9tudions en particulier:<\/div>\n<div>&#8211; Comment l&#8217;enfant devient-il un adulte? Comment se forme sa personnalit\u00e9?<\/div>\n<div>&#8211; Quel est le r\u00f4le de l&#8217;\u00e9ducation?<\/div>\n<div>&#8211; Comment peut-on expliquer nos comportements, nos actes, en fonction des milieux d&#8217;origines?<\/div>\n<div>\n<p>Cam\u00e4l\u00e9on: Faut-il avoir une note particuli\u00e8re dans une quelconque mati\u00e8re pour passer en s\u00e9rie ES?<\/p>\n<div>Mme Becker: Pour r\u00e9ussir dans la fili\u00e8re ES, et en particulier en SES, il faut avoir l&#8217;esprit logique, ce qui signifie que la note en math\u00e9matiques ne doit pas \u00eatre trop faible.<\/div>\n<p>Il faut aussi s&#8217;int\u00e9resser aux sciences humaines et aimer les mati\u00e8res comme la g\u00e9ographie, l&#8217;\u00e9ducation civique ou l&#8217;histoire.<\/p>\n<\/div>\n<div>\n<p>Cam\u00e4l\u00e9on: Quelles \u00e9tudes suivent la plupart de vos anciens \u00e9l\u00e8ves de ES?<\/p>\n<div>Mme Becker: Les \u00e9tudes suivies par les \u00e9l\u00e8ves \u00e0 la sortie de la fili\u00e8re ES sont assez vari\u00e9es: beaucoup se dirigent vers des \u00e9tudes de gestion, commerce, communication, \u00e9conomie des entreprises ou \u00e9conomie g\u00e9n\u00e9rale. Certains font du droit, se dirigent vers l&#8217;enseignement ou vers des m\u00e9tiers de techniciens.<\/div>\n<div><\/div>\n<\/div>\n<div><\/div>\n<div>Voil\u00e0! Vous \u00eates par\u00e9s pour faire votre choix, \u00e0 pr\u00e9sent. Prenez bien en compte vos go\u00fbts, vos r\u00e9sultats et vos projets.<\/div>\n<div><\/div>\n<div><\/div>\n<div><\/div>\n<div><\/div>\n<div><\/div>\n<div><\/div>\n<div><\/div>\n<div><\/div>\n<div><\/div>\n<div><\/div>\n<div><\/div>\n<div><\/div>\n<div><\/div>\n<div><\/div>\n<div><\/div>\n<div><\/div>\n<div><\/div>\n<div><\/div>\n<div><\/div>\n<div><\/div>\n<div><\/div>\n<div><\/div>\n","protected":false},"excerpt":{"rendered":"<p>Apr\u00e8s le dipl\u00f4me national du brevet, les \u00e9l\u00e8ves\u00a0ont le choix entre plusieurs fili\u00e8res. De ces fili\u00e8res d\u00e9pendent le nombres d&#8217;heures de cours et les mati\u00e8res<\/p>\n","protected":false},"author":75,"featured_media":11415,"comment_status":"open","ping_status":"open","sticky":false,"template":"","format":"standard","meta":{"colormag_page_container_layout":"default_layout","colormag_page_sidebar_layout":"default_layout","footnotes":""},"categories":[3],"tags":[479,476,477,478],"coauthors":[789],"class_list":["post-9344","post","type-post","status-publish","format-standard","has-post-thumbnail","hentry","category-ecole","tag-bac","tag-brevet","tag-filieres","tag-lycee"],"yoast_head":"<!-- This site is optimized with the Yoast SEO plugin v27.4 - https:\/\/yoast.com\/product\/yoast-seo-wordpress\/ -->\n<title>S, ES, L? Quelle fili\u00e8re choisir en 2nde? - Cam\u00e4l\u00e9on<\/title>\n<meta name=\"description\" content=\"Le choix de la fili\u00e8re est important: il influencera les choix d&#039;\u00e9tudes que vous pourrez faire, et\u00a0vos futurs employeurs prendront peut-\u00eatre en compte la fili\u00e8re choisie.\" \/>\n<meta name=\"robots\" content=\"index, follow, max-snippet:-1, max-image-preview:large, max-video-preview:-1\" \/>\n<link rel=\"canonical\" href=\"https:\/\/www.camaeleon.org\/de\/2016\/03\/02\/s-es-l-quelle-filiere-choisir-en-2nde\/\" \/>\n<meta property=\"og:locale\" content=\"de_DE\" \/>\n<meta property=\"og:type\" content=\"article\" \/>\n<meta property=\"og:title\" content=\"S, ES, L? Quelle fili\u00e8re choisir en 2nde? - Cam\u00e4l\u00e9on\" \/>\n<meta property=\"og:description\" content=\"Le choix de la fili\u00e8re est important: il influencera les choix d&#039;\u00e9tudes que vous pourrez faire, et\u00a0vos futurs employeurs prendront peut-\u00eatre en compte la fili\u00e8re choisie.\" \/>\n<meta property=\"og:url\" content=\"https:\/\/www.camaeleon.org\/de\/2016\/03\/02\/s-es-l-quelle-filiere-choisir-en-2nde\/\" \/>\n<meta property=\"og:site_name\" content=\"Cam\u00e4l\u00e9on\" \/>\n<meta property=\"article:publisher\" content=\"https:\/\/www.facebook.com\/camaeleon.org\/\" \/>\n<meta property=\"article:published_time\" content=\"2016-03-02T06:28:26+00:00\" \/>\n<meta property=\"article:modified_time\" content=\"2020-12-23T16:14:17+00:00\" \/>\n<meta property=\"og:image\" content=\"https:\/\/www.camaeleon.org\/wp-content\/uploads\/2016\/03\/filiere.jpg\" \/>\n\t<meta property=\"og:image:width\" content=\"880\" \/>\n\t<meta property=\"og:image:height\" content=\"621\" \/>\n\t<meta property=\"og:image:type\" content=\"image\/jpeg\" \/>\n<meta name=\"author\" content=\"Hadrien Heckmann\" \/>\n<meta name=\"twitter:card\" content=\"summary_large_image\" \/>\n<meta name=\"twitter:creator\" content=\"@camaeleonOrg\" \/>\n<meta name=\"twitter:site\" content=\"@camaeleonOrg\" \/>\n<script type=\"application\/ld+json\" class=\"yoast-schema-graph\">{\"@context\":\"https:\\\/\\\/schema.org\",\"@graph\":[{\"@type\":\"Article\",\"@id\":\"https:\\\/\\\/www.camaeleon.org\\\/de\\\/2016\\\/03\\\/02\\\/s-es-l-quelle-filiere-choisir-en-2nde\\\/#article\",\"isPartOf\":{\"@id\":\"https:\\\/\\\/www.camaeleon.org\\\/de\\\/2016\\\/03\\\/02\\\/s-es-l-quelle-filiere-choisir-en-2nde\\\/\"},\"author\":{\"name\":\"Hadrien Heckmann\",\"@id\":\"https:\\\/\\\/www.camaeleon.org\\\/de\\\/#\\\/schema\\\/person\\\/6113dc8f630bb94a1a1b15b1ce32bdef\"},\"headline\":\"S, ES, L? Quelle fili\u00e8re choisir en 2nde?\",\"datePublished\":\"2016-03-02T06:28:26+00:00\",\"dateModified\":\"2020-12-23T16:14:17+00:00\",\"mainEntityOfPage\":{\"@id\":\"https:\\\/\\\/www.camaeleon.org\\\/de\\\/2016\\\/03\\\/02\\\/s-es-l-quelle-filiere-choisir-en-2nde\\\/\"},\"wordCount\":1065,\"commentCount\":1,\"publisher\":{\"@id\":\"https:\\\/\\\/www.camaeleon.org\\\/de\\\/#organization\"},\"image\":{\"@id\":\"https:\\\/\\\/www.camaeleon.org\\\/de\\\/2016\\\/03\\\/02\\\/s-es-l-quelle-filiere-choisir-en-2nde\\\/#primaryimage\"},\"thumbnailUrl\":\"https:\\\/\\\/www.camaeleon.org\\\/wp-content\\\/uploads\\\/2016\\\/03\\\/filiere.jpg\",\"keywords\":[\"Bac\",\"Brevet\",\"Fili\u00e8res\",\"Lyc\u00e9e\"],\"articleSection\":[\"Schule\"],\"inLanguage\":\"de\",\"potentialAction\":[{\"@type\":\"CommentAction\",\"name\":\"Comment\",\"target\":[\"https:\\\/\\\/www.camaeleon.org\\\/de\\\/2016\\\/03\\\/02\\\/s-es-l-quelle-filiere-choisir-en-2nde\\\/#respond\"]}]},{\"@type\":\"WebPage\",\"@id\":\"https:\\\/\\\/www.camaeleon.org\\\/de\\\/2016\\\/03\\\/02\\\/s-es-l-quelle-filiere-choisir-en-2nde\\\/\",\"url\":\"https:\\\/\\\/www.camaeleon.org\\\/de\\\/2016\\\/03\\\/02\\\/s-es-l-quelle-filiere-choisir-en-2nde\\\/\",\"name\":\"S, ES, L? Quelle fili\u00e8re choisir en 2nde? - Cam\u00e4l\u00e9on\",\"isPartOf\":{\"@id\":\"https:\\\/\\\/www.camaeleon.org\\\/de\\\/#website\"},\"primaryImageOfPage\":{\"@id\":\"https:\\\/\\\/www.camaeleon.org\\\/de\\\/2016\\\/03\\\/02\\\/s-es-l-quelle-filiere-choisir-en-2nde\\\/#primaryimage\"},\"image\":{\"@id\":\"https:\\\/\\\/www.camaeleon.org\\\/de\\\/2016\\\/03\\\/02\\\/s-es-l-quelle-filiere-choisir-en-2nde\\\/#primaryimage\"},\"thumbnailUrl\":\"https:\\\/\\\/www.camaeleon.org\\\/wp-content\\\/uploads\\\/2016\\\/03\\\/filiere.jpg\",\"datePublished\":\"2016-03-02T06:28:26+00:00\",\"dateModified\":\"2020-12-23T16:14:17+00:00\",\"description\":\"Le choix de la fili\u00e8re est important: il influencera les choix d'\u00e9tudes que vous pourrez faire, et\u00a0vos futurs employeurs prendront peut-\u00eatre en compte la fili\u00e8re choisie.\",\"breadcrumb\":{\"@id\":\"https:\\\/\\\/www.camaeleon.org\\\/de\\\/2016\\\/03\\\/02\\\/s-es-l-quelle-filiere-choisir-en-2nde\\\/#breadcrumb\"},\"inLanguage\":\"de\",\"potentialAction\":[{\"@type\":\"ReadAction\",\"target\":[[\"https:\\\/\\\/www.camaeleon.org\\\/de\\\/2016\\\/03\\\/02\\\/s-es-l-quelle-filiere-choisir-en-2nde\\\/\"]]}]},{\"@type\":\"ImageObject\",\"inLanguage\":\"de\",\"@id\":\"https:\\\/\\\/www.camaeleon.org\\\/de\\\/2016\\\/03\\\/02\\\/s-es-l-quelle-filiere-choisir-en-2nde\\\/#primaryimage\",\"url\":\"https:\\\/\\\/www.camaeleon.org\\\/wp-content\\\/uploads\\\/2016\\\/03\\\/filiere.jpg\",\"contentUrl\":\"https:\\\/\\\/www.camaeleon.org\\\/wp-content\\\/uploads\\\/2016\\\/03\\\/filiere.jpg\",\"width\":880,\"height\":621,\"caption\":\"Fili\u00e8res au LFA\"},{\"@type\":\"BreadcrumbList\",\"@id\":\"https:\\\/\\\/www.camaeleon.org\\\/de\\\/2016\\\/03\\\/02\\\/s-es-l-quelle-filiere-choisir-en-2nde\\\/#breadcrumb\",\"itemListElement\":[{\"@type\":\"ListItem\",\"position\":1,\"name\":\"Home\",\"item\":\"https:\\\/\\\/www.camaeleon.org\\\/de\\\/\"},{\"@type\":\"ListItem\",\"position\":2,\"name\":\"S, ES, L? Quelle fili\u00e8re choisir en 2nde?\"}]},{\"@type\":\"WebSite\",\"@id\":\"https:\\\/\\\/www.camaeleon.org\\\/de\\\/#website\",\"url\":\"https:\\\/\\\/www.camaeleon.org\\\/de\\\/\",\"name\":\"Cam\u00e4l\u00e9on\",\"description\":\"Das Sch\u00fclermagazin des Deutsch-Franz\u00f6sischen Gymnasiums Saarbr\u00fccken\",\"publisher\":{\"@id\":\"https:\\\/\\\/www.camaeleon.org\\\/de\\\/#organization\"},\"potentialAction\":[{\"@type\":\"SearchAction\",\"target\":{\"@type\":\"EntryPoint\",\"urlTemplate\":\"https:\\\/\\\/www.camaeleon.org\\\/de\\\/?s={search_term_string}\"},\"query-input\":{\"@type\":\"PropertyValueSpecification\",\"valueRequired\":true,\"valueName\":\"search_term_string\"}}],\"inLanguage\":\"de\"},{\"@type\":\"Organization\",\"@id\":\"https:\\\/\\\/www.camaeleon.org\\\/de\\\/#organization\",\"name\":\"Cam\u00e4l\u00e9on\",\"url\":\"https:\\\/\\\/www.camaeleon.org\\\/de\\\/\",\"logo\":{\"@type\":\"ImageObject\",\"inLanguage\":\"de\",\"@id\":\"https:\\\/\\\/www.camaeleon.org\\\/de\\\/#\\\/schema\\\/logo\\\/image\\\/\",\"url\":\"https:\\\/\\\/www.camaeleon.org\\\/wp-content\\\/uploads\\\/2011\\\/11\\\/CAM\u00c4LEON.jpg\",\"contentUrl\":\"https:\\\/\\\/www.camaeleon.org\\\/wp-content\\\/uploads\\\/2011\\\/11\\\/CAM\u00c4LEON.jpg\",\"width\":959,\"height\":959,\"caption\":\"Cam\u00e4l\u00e9on\"},\"image\":{\"@id\":\"https:\\\/\\\/www.camaeleon.org\\\/de\\\/#\\\/schema\\\/logo\\\/image\\\/\"},\"sameAs\":[\"https:\\\/\\\/www.facebook.com\\\/camaeleon.org\\\/\",\"https:\\\/\\\/x.com\\\/camaeleonOrg\",\"https:\\\/\\\/www.instagram.com\\\/camaeleon.dfg\\\/\",\"https:\\\/\\\/www.youtube.com\\\/channel\\\/UCl3TAUDdGuu_c7CD6ax6hYg\"]},{\"@type\":\"Person\",\"@id\":\"https:\\\/\\\/www.camaeleon.org\\\/de\\\/#\\\/schema\\\/person\\\/6113dc8f630bb94a1a1b15b1ce32bdef\",\"name\":\"Hadrien Heckmann\",\"image\":{\"@type\":\"ImageObject\",\"inLanguage\":\"de\",\"@id\":\"https:\\\/\\\/www.camaeleon.org\\\/de\\\/wp-content\\\/uploads\\\/2016\\\/02\\\/img_1384.jpgec7ff6b1f53fbcb5b063897d0465fe97\",\"url\":\"https:\\\/\\\/www.camaeleon.org\\\/wp-content\\\/uploads\\\/2016\\\/02\\\/img_1384.jpg\",\"contentUrl\":\"https:\\\/\\\/www.camaeleon.org\\\/wp-content\\\/uploads\\\/2016\\\/02\\\/img_1384.jpg\",\"caption\":\"Hadrien Heckmann\"},\"url\":\"https:\\\/\\\/www.camaeleon.org\\\/de\\\/author\\\/hadrien-heckmann\\\/\"}]}<\/script>\n<!-- \/ Yoast SEO plugin. -->","yoast_head_json":{"title":"S, ES, L? Quelle fili\u00e8re choisir en 2nde? - Cam\u00e4l\u00e9on","description":"Le choix de la fili\u00e8re est important: il influencera les choix d'\u00e9tudes que vous pourrez faire, et\u00a0vos futurs employeurs prendront peut-\u00eatre en compte la fili\u00e8re choisie.","robots":{"index":"index","follow":"follow","max-snippet":"max-snippet:-1","max-image-preview":"max-image-preview:large","max-video-preview":"max-video-preview:-1"},"canonical":"https:\/\/www.camaeleon.org\/de\/2016\/03\/02\/s-es-l-quelle-filiere-choisir-en-2nde\/","og_locale":"de_DE","og_type":"article","og_title":"S, ES, L? Quelle fili\u00e8re choisir en 2nde? - Cam\u00e4l\u00e9on","og_description":"Le choix de la fili\u00e8re est important: il influencera les choix d'\u00e9tudes que vous pourrez faire, et\u00a0vos futurs employeurs prendront peut-\u00eatre en compte la fili\u00e8re choisie.","og_url":"https:\/\/www.camaeleon.org\/de\/2016\/03\/02\/s-es-l-quelle-filiere-choisir-en-2nde\/","og_site_name":"Cam\u00e4l\u00e9on","article_publisher":"https:\/\/www.facebook.com\/camaeleon.org\/","article_published_time":"2016-03-02T06:28:26+00:00","article_modified_time":"2020-12-23T16:14:17+00:00","og_image":[{"width":880,"height":621,"url":"https:\/\/www.camaeleon.org\/wp-content\/uploads\/2016\/03\/filiere.jpg","type":"image\/jpeg"}],"author":"Hadrien Heckmann","twitter_card":"summary_large_image","twitter_creator":"@camaeleonOrg","twitter_site":"@camaeleonOrg","schema":{"@context":"https:\/\/schema.org","@graph":[{"@type":"Article","@id":"https:\/\/www.camaeleon.org\/de\/2016\/03\/02\/s-es-l-quelle-filiere-choisir-en-2nde\/#article","isPartOf":{"@id":"https:\/\/www.camaeleon.org\/de\/2016\/03\/02\/s-es-l-quelle-filiere-choisir-en-2nde\/"},"author":{"name":"Hadrien Heckmann","@id":"https:\/\/www.camaeleon.org\/de\/#\/schema\/person\/6113dc8f630bb94a1a1b15b1ce32bdef"},"headline":"S, ES, L? Quelle fili\u00e8re choisir en 2nde?","datePublished":"2016-03-02T06:28:26+00:00","dateModified":"2020-12-23T16:14:17+00:00","mainEntityOfPage":{"@id":"https:\/\/www.camaeleon.org\/de\/2016\/03\/02\/s-es-l-quelle-filiere-choisir-en-2nde\/"},"wordCount":1065,"commentCount":1,"publisher":{"@id":"https:\/\/www.camaeleon.org\/de\/#organization"},"image":{"@id":"https:\/\/www.camaeleon.org\/de\/2016\/03\/02\/s-es-l-quelle-filiere-choisir-en-2nde\/#primaryimage"},"thumbnailUrl":"https:\/\/www.camaeleon.org\/wp-content\/uploads\/2016\/03\/filiere.jpg","keywords":["Bac","Brevet","Fili\u00e8res","Lyc\u00e9e"],"articleSection":["Schule"],"inLanguage":"de","potentialAction":[{"@type":"CommentAction","name":"Comment","target":["https:\/\/www.camaeleon.org\/de\/2016\/03\/02\/s-es-l-quelle-filiere-choisir-en-2nde\/#respond"]}]},{"@type":"WebPage","@id":"https:\/\/www.camaeleon.org\/de\/2016\/03\/02\/s-es-l-quelle-filiere-choisir-en-2nde\/","url":"https:\/\/www.camaeleon.org\/de\/2016\/03\/02\/s-es-l-quelle-filiere-choisir-en-2nde\/","name":"S, ES, L? Quelle fili\u00e8re choisir en 2nde? - Cam\u00e4l\u00e9on","isPartOf":{"@id":"https:\/\/www.camaeleon.org\/de\/#website"},"primaryImageOfPage":{"@id":"https:\/\/www.camaeleon.org\/de\/2016\/03\/02\/s-es-l-quelle-filiere-choisir-en-2nde\/#primaryimage"},"image":{"@id":"https:\/\/www.camaeleon.org\/de\/2016\/03\/02\/s-es-l-quelle-filiere-choisir-en-2nde\/#primaryimage"},"thumbnailUrl":"https:\/\/www.camaeleon.org\/wp-content\/uploads\/2016\/03\/filiere.jpg","datePublished":"2016-03-02T06:28:26+00:00","dateModified":"2020-12-23T16:14:17+00:00","description":"Le choix de la fili\u00e8re est important: il influencera les choix d'\u00e9tudes que vous pourrez faire, et\u00a0vos futurs employeurs prendront peut-\u00eatre en compte la fili\u00e8re choisie.","breadcrumb":{"@id":"https:\/\/www.camaeleon.org\/de\/2016\/03\/02\/s-es-l-quelle-filiere-choisir-en-2nde\/#breadcrumb"},"inLanguage":"de","potentialAction":[{"@type":"ReadAction","target":[["https:\/\/www.camaeleon.org\/de\/2016\/03\/02\/s-es-l-quelle-filiere-choisir-en-2nde\/"]]}]},{"@type":"ImageObject","inLanguage":"de","@id":"https:\/\/www.camaeleon.org\/de\/2016\/03\/02\/s-es-l-quelle-filiere-choisir-en-2nde\/#primaryimage","url":"https:\/\/www.camaeleon.org\/wp-content\/uploads\/2016\/03\/filiere.jpg","contentUrl":"https:\/\/www.camaeleon.org\/wp-content\/uploads\/2016\/03\/filiere.jpg","width":880,"height":621,"caption":"Fili\u00e8res au LFA"},{"@type":"BreadcrumbList","@id":"https:\/\/www.camaeleon.org\/de\/2016\/03\/02\/s-es-l-quelle-filiere-choisir-en-2nde\/#breadcrumb","itemListElement":[{"@type":"ListItem","position":1,"name":"Home","item":"https:\/\/www.camaeleon.org\/de\/"},{"@type":"ListItem","position":2,"name":"S, ES, L? Quelle fili\u00e8re choisir en 2nde?"}]},{"@type":"WebSite","@id":"https:\/\/www.camaeleon.org\/de\/#website","url":"https:\/\/www.camaeleon.org\/de\/","name":"Cam\u00e4l\u00e9on","description":"Das Sch\u00fclermagazin des Deutsch-Franz\u00f6sischen Gymnasiums Saarbr\u00fccken","publisher":{"@id":"https:\/\/www.camaeleon.org\/de\/#organization"},"potentialAction":[{"@type":"SearchAction","target":{"@type":"EntryPoint","urlTemplate":"https:\/\/www.camaeleon.org\/de\/?s={search_term_string}"},"query-input":{"@type":"PropertyValueSpecification","valueRequired":true,"valueName":"search_term_string"}}],"inLanguage":"de"},{"@type":"Organization","@id":"https:\/\/www.camaeleon.org\/de\/#organization","name":"Cam\u00e4l\u00e9on","url":"https:\/\/www.camaeleon.org\/de\/","logo":{"@type":"ImageObject","inLanguage":"de","@id":"https:\/\/www.camaeleon.org\/de\/#\/schema\/logo\/image\/","url":"https:\/\/www.camaeleon.org\/wp-content\/uploads\/2011\/11\/CAM\u00c4LEON.jpg","contentUrl":"https:\/\/www.camaeleon.org\/wp-content\/uploads\/2011\/11\/CAM\u00c4LEON.jpg","width":959,"height":959,"caption":"Cam\u00e4l\u00e9on"},"image":{"@id":"https:\/\/www.camaeleon.org\/de\/#\/schema\/logo\/image\/"},"sameAs":["https:\/\/www.facebook.com\/camaeleon.org\/","https:\/\/x.com\/camaeleonOrg","https:\/\/www.instagram.com\/camaeleon.dfg\/","https:\/\/www.youtube.com\/channel\/UCl3TAUDdGuu_c7CD6ax6hYg"]},{"@type":"Person","@id":"https:\/\/www.camaeleon.org\/de\/#\/schema\/person\/6113dc8f630bb94a1a1b15b1ce32bdef","name":"Hadrien Heckmann","image":{"@type":"ImageObject","inLanguage":"de","@id":"https:\/\/www.camaeleon.org\/de\/wp-content\/uploads\/2016\/02\/img_1384.jpgec7ff6b1f53fbcb5b063897d0465fe97","url":"https:\/\/www.camaeleon.org\/wp-content\/uploads\/2016\/02\/img_1384.jpg","contentUrl":"https:\/\/www.camaeleon.org\/wp-content\/uploads\/2016\/02\/img_1384.jpg","caption":"Hadrien Heckmann"},"url":"https:\/\/www.camaeleon.org\/de\/author\/hadrien-heckmann\/"}]}},"_links":{"self":[{"href":"https:\/\/www.camaeleon.org\/de\/wp-json\/wp\/v2\/posts\/9344","targetHints":{"allow":["GET"]}}],"collection":[{"href":"https:\/\/www.camaeleon.org\/de\/wp-json\/wp\/v2\/posts"}],"about":[{"href":"https:\/\/www.camaeleon.org\/de\/wp-json\/wp\/v2\/types\/post"}],"author":[{"embeddable":true,"href":"https:\/\/www.camaeleon.org\/de\/wp-json\/wp\/v2\/users\/75"}],"replies":[{"embeddable":true,"href":"https:\/\/www.camaeleon.org\/de\/wp-json\/wp\/v2\/comments?post=9344"}],"version-history":[{"count":0,"href":"https:\/\/www.camaeleon.org\/de\/wp-json\/wp\/v2\/posts\/9344\/revisions"}],"wp:featuredmedia":[{"embeddable":true,"href":"https:\/\/www.camaeleon.org\/de\/wp-json\/wp\/v2\/media\/11415"}],"wp:attachment":[{"href":"https:\/\/www.camaeleon.org\/de\/wp-json\/wp\/v2\/media?parent=9344"}],"wp:term":[{"taxonomy":"category","embeddable":true,"href":"https:\/\/www.camaeleon.org\/de\/wp-json\/wp\/v2\/categories?post=9344"},{"taxonomy":"post_tag","embeddable":true,"href":"https:\/\/www.camaeleon.org\/de\/wp-json\/wp\/v2\/tags?post=9344"},{"taxonomy":"author","embeddable":true,"href":"https:\/\/www.camaeleon.org\/de\/wp-json\/wp\/v2\/coauthors?post=9344"}],"curies":[{"name":"wp","href":"https:\/\/api.w.org\/{rel}","templated":true}]}}