{"id":9190,"date":"2016-01-26T12:30:03","date_gmt":"2016-01-26T11:30:03","guid":{"rendered":"http:\/\/www.camaeleon.org\/?p=9190"},"modified":"2020-12-23T17:40:44","modified_gmt":"2020-12-23T16:40:44","slug":"le-lfa-un-choix-qui-va-de-soi","status":"publish","type":"post","link":"https:\/\/www.camaeleon.org\/de\/2016\/01\/26\/le-lfa-un-choix-qui-va-de-soi\/","title":{"rendered":"Le LFA, un choix qui va de soi?"},"content":{"rendered":"<p><figure id=\"attachment_2214\" aria-describedby=\"caption-attachment-2214\" style=\"width: 300px\" class=\"wp-caption alignleft\"><a href=\"https:\/\/www.camaeleon.org\/2012\/02\/03\/freunde-seit-49-jahren\/deutsch-franzosische-freundschaft\/\" rel=\"attachment wp-att-2214\"><img loading=\"lazy\" decoding=\"async\" class=\"size-medium wp-image-2214\" title=\"Deutsch-franz\u00f6sische Freundschaft\" src=\"https:\/\/www.camaeleon.org\/wp-content\/uploads\/2012\/01\/Deutsch-franz\u00f6sische-Freundschaft-300x171.jpg\" alt=\"Deutsch-franz\u00f6sische Freundschaft\" width=\"300\" height=\"171\" \/><\/a><figcaption id=\"caption-attachment-2214\" class=\"wp-caption-text\">Tag der deutsch-franz\u00f6sischen Freundschaft (@ s.media \/ {a href=&#8220;http:\/\/www.pixelio.de&#8220;}PIXELIO{\/a})<\/figcaption><\/figure><\/p>\n<p>Beaucoup d&#8217;\u00e9l\u00e8ves viennent au Lyc\u00e9e Franco-Allemand, mais nous ne savons pas forc\u00e9ment pourquoi ils ont fait ce choix, surtout pour les \u00e9l\u00e8ves francophones. Moi m\u00eame, je suis arriv\u00e9e en 6\u00e8me, alors qu&#8217;au d\u00e9part j&#8217;\u00e9tais dans une \u00e9cole fran\u00e7aise. D&#8217;ailleurs, je ne connaissais m\u00eame pas le LFA! C&#8217;est ma m\u00e8re qui m&#8217;en a parl\u00e9, et qui m&#8217;a propos\u00e9 de tenter le concours. Au d\u00e9but, je n&#8217;\u00e9tais pas trop motiv\u00e9e, car j&#8217;avais des amis et je ne voulais pas m&#8217;en s\u00e9parer. Le changement d&#8217;\u00e9tablissement peut entra\u00eener des contraintes. Mais je me suis dit que j&#8217;aurais peut-\u00eatre plus de chance pour mes \u00e9tudes sup\u00e9rieures avec un bac franco-allemand.<\/p>\n<p>Donc, comme pr\u00e9vu, le 14 mai 2014 j&#8217;ai pass\u00e9 le concours pour rentrer en 6\u00e8me. En juin, j&#8217;ai re\u00e7u une lettre du LFA qui disait que j&#8217;avais r\u00e9ussi l&#8217;\u00e9preuve, et que j&#8217;\u00e9tais accept\u00e9e dans cette \u00e9cole. Cela fait maintenant 1 an et 5 mois que je suis ici. Je trouve que c&#8217;est beaucoup plus facile d&#8217;apprendre une langue \u00e9trang\u00e8re quand on est baign\u00e9 dans cette langue quasiment tous les jours. En France, on ne parle pas allemand (\u00e9videmment!), et dans les \u00e9coles en g\u00e9n\u00e9ral on ne fait pas autant d&#8217;heures d&#8217;allemand qu&#8217;ici. Donc, m\u00eame si on se s\u00e9pare de gens avec qui on a pass\u00e9 de bons moments, il faut se donner le plus de chance possible pour l&#8217;avenir. M\u00eame si on ne reverra plus autant nos amis, avec tous les r\u00e9saux sociaux et les e-mails, ou m\u00eame par lettre, on pourra toujours garder le contact.<\/p>\n<p>Lisa Hauter (7 dfF) a une autre exp\u00e9rience de son arriv\u00e9e au LFA.<\/p>\n<p>Cam\u00e4l\u00e9on: Ce sont tes parents qui t&#8217;ont mise dans cette \u00e9cole ?<\/p>\n<p>Lisa: Oui, en partie, car ma soeur y \u00e9tait d\u00e9j\u00e0. Mes parents trouvent que l&#8217;apprentissage de la langue fran\u00e7aise et de la langue allemande est important. L&#8217;un de mes parents est allemand et l&#8217;autre est fran\u00e7ais. Donc c &#8218;\u00e9tait &#8222;normal&#8220; que j&#8217;aille dans une \u00e9cole biculturelle.<\/p>\n<p>Cam\u00e4l\u00e9on: Comment trouves-tu l&#8217;\u00e9cole?<\/p>\n<p>Lisa: Je l&#8217;aime beaucoup, le tram part de Sarreguemines jusqu&#8217;\u00e0 Sarrebr\u00fcck. Quand on a une ou plusieurs heures de libres, on peut aller en ville, car le lyc\u00e9e est juste \u00e0 cot\u00e9.<\/p>\n<p>Cam\u00e4l\u00e9on: Quand es-tu arriv\u00e9e au LFA ?<\/p>\n<p>Lisa: Je suis arriv\u00e9e en CM2, donc cela fait maintenant 3 ans que je parcours les longs couloirs de cet \u00e9tablissement.<\/p>\n<p>Les motivations sont diff\u00e9rentes, mais nous nous retrouvons tous dans la m\u00eame \u00e9cole pour vivre &#8222;l&#8217;Europe au quotidien&#8220;!<\/p>\n<p>Et toi, pourquoi as-tu choisi le LFA ? Tu peux nous laisser un commentaire.<\/p>","protected":false},"excerpt":{"rendered":"<p>Beaucoup d&#8217;\u00e9l\u00e8ves viennent au Lyc\u00e9e Franco-Allemand, mais nous ne savons pas forc\u00e9ment pourquoi ils ont fait ce choix, surtout pour les \u00e9l\u00e8ves francophones. Moi m\u00eame,<\/p>\n","protected":false},"author":97,"featured_media":2214,"comment_status":"open","ping_status":"open","sticky":false,"template":"","format":"standard","meta":{"colormag_page_container_layout":"default_layout","colormag_page_sidebar_layout":"default_layout","footnotes":""},"categories":[3],"tags":[857,731,1409,225],"coauthors":[787],"class_list":["post-9190","post","type-post","status-publish","format-standard","has-post-thumbnail","hentry","category-ecole","tag-dfg-saarbruecken","tag-grundschueler","tag-lfa-sarrebruck","tag-schulwahl"],"yoast_head":"<!-- This site is optimized with the Yoast SEO plugin v27.5 - https:\/\/yoast.com\/product\/yoast-seo-wordpress\/ -->\n<title>Le LFA, un choix qui va de soi? - Cam\u00e4l\u00e9on<\/title>\n<meta name=\"description\" content=\"Beaucoup d&#039;\u00e9l\u00e8ves viennent au Lyc\u00e9e Franco-Allemand, mais nous ne savons pas forc\u00e9ment pourquoi ils ont fait ce choix, surtout pour les \u00e9l\u00e8ves francophones.\" \/>\n<meta name=\"robots\" content=\"index, follow, max-snippet:-1, max-image-preview:large, max-video-preview:-1\" \/>\n<link rel=\"canonical\" href=\"https:\/\/www.camaeleon.org\/de\/2016\/01\/26\/le-lfa-un-choix-qui-va-de-soi\/\" \/>\n<meta property=\"og:locale\" content=\"de_DE\" \/>\n<meta property=\"og:type\" content=\"article\" \/>\n<meta property=\"og:title\" content=\"Le LFA, un choix qui va de soi? - Cam\u00e4l\u00e9on\" \/>\n<meta property=\"og:description\" content=\"Beaucoup d&#039;\u00e9l\u00e8ves viennent au Lyc\u00e9e Franco-Allemand, mais nous ne savons pas forc\u00e9ment pourquoi ils ont fait ce choix, surtout pour les \u00e9l\u00e8ves francophones.\" \/>\n<meta property=\"og:url\" content=\"https:\/\/www.camaeleon.org\/de\/2016\/01\/26\/le-lfa-un-choix-qui-va-de-soi\/\" \/>\n<meta property=\"og:site_name\" content=\"Cam\u00e4l\u00e9on\" \/>\n<meta property=\"article:publisher\" content=\"https:\/\/www.facebook.com\/camaeleon.org\/\" \/>\n<meta property=\"article:published_time\" content=\"2016-01-26T11:30:03+00:00\" \/>\n<meta property=\"article:modified_time\" content=\"2020-12-23T16:40:44+00:00\" \/>\n<meta property=\"og:image\" content=\"https:\/\/www.camaeleon.org\/wp-content\/uploads\/2012\/01\/Deutsch-franz\u00f6sische-Freundschaft.jpg\" \/>\n\t<meta property=\"og:image:width\" content=\"600\" \/>\n\t<meta property=\"og:image:height\" content=\"343\" \/>\n\t<meta property=\"og:image:type\" content=\"image\/jpeg\" \/>\n<meta name=\"author\" content=\"Emma Eisenkremer\" \/>\n<meta name=\"twitter:card\" content=\"summary_large_image\" \/>\n<meta name=\"twitter:creator\" content=\"@camaeleonOrg\" \/>\n<meta name=\"twitter:site\" content=\"@camaeleonOrg\" \/>\n<script type=\"application\/ld+json\" class=\"yoast-schema-graph\">{\"@context\":\"https:\\\/\\\/schema.org\",\"@graph\":[{\"@type\":\"Article\",\"@id\":\"https:\\\/\\\/www.camaeleon.org\\\/de\\\/2016\\\/01\\\/26\\\/le-lfa-un-choix-qui-va-de-soi\\\/#article\",\"isPartOf\":{\"@id\":\"https:\\\/\\\/www.camaeleon.org\\\/de\\\/2016\\\/01\\\/26\\\/le-lfa-un-choix-qui-va-de-soi\\\/\"},\"author\":{\"name\":\"Emma Eisenkremer\",\"@id\":\"https:\\\/\\\/www.camaeleon.org\\\/de\\\/#\\\/schema\\\/person\\\/fc5ae386b8545fe499773465792fdeb1\"},\"headline\":\"Le LFA, un choix qui va de soi?\",\"datePublished\":\"2016-01-26T11:30:03+00:00\",\"dateModified\":\"2020-12-23T16:40:44+00:00\",\"mainEntityOfPage\":{\"@id\":\"https:\\\/\\\/www.camaeleon.org\\\/de\\\/2016\\\/01\\\/26\\\/le-lfa-un-choix-qui-va-de-soi\\\/\"},\"wordCount\":1535,\"commentCount\":0,\"publisher\":{\"@id\":\"https:\\\/\\\/www.camaeleon.org\\\/de\\\/#organization\"},\"image\":{\"@id\":\"https:\\\/\\\/www.camaeleon.org\\\/de\\\/2016\\\/01\\\/26\\\/le-lfa-un-choix-qui-va-de-soi\\\/#primaryimage\"},\"thumbnailUrl\":\"https:\\\/\\\/www.camaeleon.org\\\/wp-content\\\/uploads\\\/2012\\\/01\\\/Deutsch-franz\u00f6sische-Freundschaft.jpg\",\"keywords\":[\"DFG Saarbr\u00fccken\",\"Grundsch\u00fcler\",\"LFA Sarrebruck\",\"Schulwahl\"],\"articleSection\":[\"Schule\"],\"inLanguage\":\"de\",\"potentialAction\":[{\"@type\":\"CommentAction\",\"name\":\"Comment\",\"target\":[\"https:\\\/\\\/www.camaeleon.org\\\/de\\\/2016\\\/01\\\/26\\\/le-lfa-un-choix-qui-va-de-soi\\\/#respond\"]}]},{\"@type\":\"WebPage\",\"@id\":\"https:\\\/\\\/www.camaeleon.org\\\/de\\\/2016\\\/01\\\/26\\\/le-lfa-un-choix-qui-va-de-soi\\\/\",\"url\":\"https:\\\/\\\/www.camaeleon.org\\\/de\\\/2016\\\/01\\\/26\\\/le-lfa-un-choix-qui-va-de-soi\\\/\",\"name\":\"Le LFA, un choix qui va de soi? - Cam\u00e4l\u00e9on\",\"isPartOf\":{\"@id\":\"https:\\\/\\\/www.camaeleon.org\\\/de\\\/#website\"},\"primaryImageOfPage\":{\"@id\":\"https:\\\/\\\/www.camaeleon.org\\\/de\\\/2016\\\/01\\\/26\\\/le-lfa-un-choix-qui-va-de-soi\\\/#primaryimage\"},\"image\":{\"@id\":\"https:\\\/\\\/www.camaeleon.org\\\/de\\\/2016\\\/01\\\/26\\\/le-lfa-un-choix-qui-va-de-soi\\\/#primaryimage\"},\"thumbnailUrl\":\"https:\\\/\\\/www.camaeleon.org\\\/wp-content\\\/uploads\\\/2012\\\/01\\\/Deutsch-franz\u00f6sische-Freundschaft.jpg\",\"datePublished\":\"2016-01-26T11:30:03+00:00\",\"dateModified\":\"2020-12-23T16:40:44+00:00\",\"description\":\"Beaucoup d'\u00e9l\u00e8ves viennent au Lyc\u00e9e Franco-Allemand, mais nous ne savons pas forc\u00e9ment pourquoi ils ont fait ce choix, surtout pour les \u00e9l\u00e8ves francophones.\",\"breadcrumb\":{\"@id\":\"https:\\\/\\\/www.camaeleon.org\\\/de\\\/2016\\\/01\\\/26\\\/le-lfa-un-choix-qui-va-de-soi\\\/#breadcrumb\"},\"inLanguage\":\"de\",\"potentialAction\":[{\"@type\":\"ReadAction\",\"target\":[[\"https:\\\/\\\/www.camaeleon.org\\\/de\\\/2016\\\/01\\\/26\\\/le-lfa-un-choix-qui-va-de-soi\\\/\"]]}]},{\"@type\":\"ImageObject\",\"inLanguage\":\"de\",\"@id\":\"https:\\\/\\\/www.camaeleon.org\\\/de\\\/2016\\\/01\\\/26\\\/le-lfa-un-choix-qui-va-de-soi\\\/#primaryimage\",\"url\":\"https:\\\/\\\/www.camaeleon.org\\\/wp-content\\\/uploads\\\/2012\\\/01\\\/Deutsch-franz\u00f6sische-Freundschaft.jpg\",\"contentUrl\":\"https:\\\/\\\/www.camaeleon.org\\\/wp-content\\\/uploads\\\/2012\\\/01\\\/Deutsch-franz\u00f6sische-Freundschaft.jpg\",\"width\":\"600\",\"height\":\"343\",\"caption\":\"Tag der deutsch-franz\u00f6sischen Freundschaft (@ s.media \\\/ {a href=\\\"http:\\\/\\\/www.pixelio.de\\\"}PIXELIO{\\\/a})\"},{\"@type\":\"BreadcrumbList\",\"@id\":\"https:\\\/\\\/www.camaeleon.org\\\/de\\\/2016\\\/01\\\/26\\\/le-lfa-un-choix-qui-va-de-soi\\\/#breadcrumb\",\"itemListElement\":[{\"@type\":\"ListItem\",\"position\":1,\"name\":\"Home\",\"item\":\"https:\\\/\\\/www.camaeleon.org\\\/de\\\/\"},{\"@type\":\"ListItem\",\"position\":2,\"name\":\"Le LFA, un choix qui va de soi?\"}]},{\"@type\":\"WebSite\",\"@id\":\"https:\\\/\\\/www.camaeleon.org\\\/de\\\/#website\",\"url\":\"https:\\\/\\\/www.camaeleon.org\\\/de\\\/\",\"name\":\"Cam\u00e4l\u00e9on\",\"description\":\"Das Sch\u00fclermagazin des Deutsch-Franz\u00f6sischen Gymnasiums Saarbr\u00fccken\",\"publisher\":{\"@id\":\"https:\\\/\\\/www.camaeleon.org\\\/de\\\/#organization\"},\"potentialAction\":[{\"@type\":\"SearchAction\",\"target\":{\"@type\":\"EntryPoint\",\"urlTemplate\":\"https:\\\/\\\/www.camaeleon.org\\\/de\\\/?s={search_term_string}\"},\"query-input\":{\"@type\":\"PropertyValueSpecification\",\"valueRequired\":true,\"valueName\":\"search_term_string\"}}],\"inLanguage\":\"de\"},{\"@type\":\"Organization\",\"@id\":\"https:\\\/\\\/www.camaeleon.org\\\/de\\\/#organization\",\"name\":\"Cam\u00e4l\u00e9on\",\"url\":\"https:\\\/\\\/www.camaeleon.org\\\/de\\\/\",\"logo\":{\"@type\":\"ImageObject\",\"inLanguage\":\"de\",\"@id\":\"https:\\\/\\\/www.camaeleon.org\\\/de\\\/#\\\/schema\\\/logo\\\/image\\\/\",\"url\":\"https:\\\/\\\/www.camaeleon.org\\\/wp-content\\\/uploads\\\/2011\\\/11\\\/CAM\u00c4LEON.jpg\",\"contentUrl\":\"https:\\\/\\\/www.camaeleon.org\\\/wp-content\\\/uploads\\\/2011\\\/11\\\/CAM\u00c4LEON.jpg\",\"width\":959,\"height\":959,\"caption\":\"Cam\u00e4l\u00e9on\"},\"image\":{\"@id\":\"https:\\\/\\\/www.camaeleon.org\\\/de\\\/#\\\/schema\\\/logo\\\/image\\\/\"},\"sameAs\":[\"https:\\\/\\\/www.facebook.com\\\/camaeleon.org\\\/\",\"https:\\\/\\\/x.com\\\/camaeleonOrg\",\"https:\\\/\\\/www.instagram.com\\\/camaeleon.dfg\\\/\",\"https:\\\/\\\/www.youtube.com\\\/channel\\\/UCl3TAUDdGuu_c7CD6ax6hYg\"]},{\"@type\":\"Person\",\"@id\":\"https:\\\/\\\/www.camaeleon.org\\\/de\\\/#\\\/schema\\\/person\\\/fc5ae386b8545fe499773465792fdeb1\",\"name\":\"Emma Eisenkremer\",\"image\":{\"@type\":\"ImageObject\",\"inLanguage\":\"de\",\"@id\":\"https:\\\/\\\/www.camaeleon.org\\\/de\\\/wp-content\\\/uploads\\\/2016\\\/02\\\/img_1572.jpgac53ad2dac2200a7e22ac10014b5b64d\",\"url\":\"https:\\\/\\\/www.camaeleon.org\\\/wp-content\\\/uploads\\\/2016\\\/02\\\/img_1572.jpg\",\"contentUrl\":\"https:\\\/\\\/www.camaeleon.org\\\/wp-content\\\/uploads\\\/2016\\\/02\\\/img_1572.jpg\",\"caption\":\"Emma Eisenkremer\"},\"url\":\"https:\\\/\\\/www.camaeleon.org\\\/de\\\/author\\\/emma-eisenkremer\\\/\"}]}<\/script>\n<!-- \/ Yoast SEO plugin. -->","yoast_head_json":{"title":"Le LFA, un choix qui va de soi? - Cam\u00e4l\u00e9on","description":"Beaucoup d'\u00e9l\u00e8ves viennent au Lyc\u00e9e Franco-Allemand, mais nous ne savons pas forc\u00e9ment pourquoi ils ont fait ce choix, surtout pour les \u00e9l\u00e8ves francophones.","robots":{"index":"index","follow":"follow","max-snippet":"max-snippet:-1","max-image-preview":"max-image-preview:large","max-video-preview":"max-video-preview:-1"},"canonical":"https:\/\/www.camaeleon.org\/de\/2016\/01\/26\/le-lfa-un-choix-qui-va-de-soi\/","og_locale":"de_DE","og_type":"article","og_title":"Le LFA, un choix qui va de soi? - Cam\u00e4l\u00e9on","og_description":"Beaucoup d'\u00e9l\u00e8ves viennent au Lyc\u00e9e Franco-Allemand, mais nous ne savons pas forc\u00e9ment pourquoi ils ont fait ce choix, surtout pour les \u00e9l\u00e8ves francophones.","og_url":"https:\/\/www.camaeleon.org\/de\/2016\/01\/26\/le-lfa-un-choix-qui-va-de-soi\/","og_site_name":"Cam\u00e4l\u00e9on","article_publisher":"https:\/\/www.facebook.com\/camaeleon.org\/","article_published_time":"2016-01-26T11:30:03+00:00","article_modified_time":"2020-12-23T16:40:44+00:00","og_image":[{"width":600,"height":343,"url":"https:\/\/www.camaeleon.org\/wp-content\/uploads\/2012\/01\/Deutsch-franz\u00f6sische-Freundschaft.jpg","type":"image\/jpeg"}],"author":"Emma Eisenkremer","twitter_card":"summary_large_image","twitter_creator":"@camaeleonOrg","twitter_site":"@camaeleonOrg","schema":{"@context":"https:\/\/schema.org","@graph":[{"@type":"Article","@id":"https:\/\/www.camaeleon.org\/de\/2016\/01\/26\/le-lfa-un-choix-qui-va-de-soi\/#article","isPartOf":{"@id":"https:\/\/www.camaeleon.org\/de\/2016\/01\/26\/le-lfa-un-choix-qui-va-de-soi\/"},"author":{"name":"Emma Eisenkremer","@id":"https:\/\/www.camaeleon.org\/de\/#\/schema\/person\/fc5ae386b8545fe499773465792fdeb1"},"headline":"Le LFA, un choix qui va de soi?","datePublished":"2016-01-26T11:30:03+00:00","dateModified":"2020-12-23T16:40:44+00:00","mainEntityOfPage":{"@id":"https:\/\/www.camaeleon.org\/de\/2016\/01\/26\/le-lfa-un-choix-qui-va-de-soi\/"},"wordCount":1535,"commentCount":0,"publisher":{"@id":"https:\/\/www.camaeleon.org\/de\/#organization"},"image":{"@id":"https:\/\/www.camaeleon.org\/de\/2016\/01\/26\/le-lfa-un-choix-qui-va-de-soi\/#primaryimage"},"thumbnailUrl":"https:\/\/www.camaeleon.org\/wp-content\/uploads\/2012\/01\/Deutsch-franz\u00f6sische-Freundschaft.jpg","keywords":["DFG Saarbr\u00fccken","Grundsch\u00fcler","LFA Sarrebruck","Schulwahl"],"articleSection":["Schule"],"inLanguage":"de","potentialAction":[{"@type":"CommentAction","name":"Comment","target":["https:\/\/www.camaeleon.org\/de\/2016\/01\/26\/le-lfa-un-choix-qui-va-de-soi\/#respond"]}]},{"@type":"WebPage","@id":"https:\/\/www.camaeleon.org\/de\/2016\/01\/26\/le-lfa-un-choix-qui-va-de-soi\/","url":"https:\/\/www.camaeleon.org\/de\/2016\/01\/26\/le-lfa-un-choix-qui-va-de-soi\/","name":"Le LFA, un choix qui va de soi? - Cam\u00e4l\u00e9on","isPartOf":{"@id":"https:\/\/www.camaeleon.org\/de\/#website"},"primaryImageOfPage":{"@id":"https:\/\/www.camaeleon.org\/de\/2016\/01\/26\/le-lfa-un-choix-qui-va-de-soi\/#primaryimage"},"image":{"@id":"https:\/\/www.camaeleon.org\/de\/2016\/01\/26\/le-lfa-un-choix-qui-va-de-soi\/#primaryimage"},"thumbnailUrl":"https:\/\/www.camaeleon.org\/wp-content\/uploads\/2012\/01\/Deutsch-franz\u00f6sische-Freundschaft.jpg","datePublished":"2016-01-26T11:30:03+00:00","dateModified":"2020-12-23T16:40:44+00:00","description":"Beaucoup d'\u00e9l\u00e8ves viennent au Lyc\u00e9e Franco-Allemand, mais nous ne savons pas forc\u00e9ment pourquoi ils ont fait ce choix, surtout pour les \u00e9l\u00e8ves francophones.","breadcrumb":{"@id":"https:\/\/www.camaeleon.org\/de\/2016\/01\/26\/le-lfa-un-choix-qui-va-de-soi\/#breadcrumb"},"inLanguage":"de","potentialAction":[{"@type":"ReadAction","target":[["https:\/\/www.camaeleon.org\/de\/2016\/01\/26\/le-lfa-un-choix-qui-va-de-soi\/"]]}]},{"@type":"ImageObject","inLanguage":"de","@id":"https:\/\/www.camaeleon.org\/de\/2016\/01\/26\/le-lfa-un-choix-qui-va-de-soi\/#primaryimage","url":"https:\/\/www.camaeleon.org\/wp-content\/uploads\/2012\/01\/Deutsch-franz\u00f6sische-Freundschaft.jpg","contentUrl":"https:\/\/www.camaeleon.org\/wp-content\/uploads\/2012\/01\/Deutsch-franz\u00f6sische-Freundschaft.jpg","width":"600","height":"343","caption":"Tag der deutsch-franz\u00f6sischen Freundschaft (@ s.media \/ {a href=\"http:\/\/www.pixelio.de\"}PIXELIO{\/a})"},{"@type":"BreadcrumbList","@id":"https:\/\/www.camaeleon.org\/de\/2016\/01\/26\/le-lfa-un-choix-qui-va-de-soi\/#breadcrumb","itemListElement":[{"@type":"ListItem","position":1,"name":"Home","item":"https:\/\/www.camaeleon.org\/de\/"},{"@type":"ListItem","position":2,"name":"Le LFA, un choix qui va de soi?"}]},{"@type":"WebSite","@id":"https:\/\/www.camaeleon.org\/de\/#website","url":"https:\/\/www.camaeleon.org\/de\/","name":"Cam\u00e4l\u00e9on","description":"Das Sch\u00fclermagazin des Deutsch-Franz\u00f6sischen Gymnasiums Saarbr\u00fccken","publisher":{"@id":"https:\/\/www.camaeleon.org\/de\/#organization"},"potentialAction":[{"@type":"SearchAction","target":{"@type":"EntryPoint","urlTemplate":"https:\/\/www.camaeleon.org\/de\/?s={search_term_string}"},"query-input":{"@type":"PropertyValueSpecification","valueRequired":true,"valueName":"search_term_string"}}],"inLanguage":"de"},{"@type":"Organization","@id":"https:\/\/www.camaeleon.org\/de\/#organization","name":"Cam\u00e4l\u00e9on","url":"https:\/\/www.camaeleon.org\/de\/","logo":{"@type":"ImageObject","inLanguage":"de","@id":"https:\/\/www.camaeleon.org\/de\/#\/schema\/logo\/image\/","url":"https:\/\/www.camaeleon.org\/wp-content\/uploads\/2011\/11\/CAM\u00c4LEON.jpg","contentUrl":"https:\/\/www.camaeleon.org\/wp-content\/uploads\/2011\/11\/CAM\u00c4LEON.jpg","width":959,"height":959,"caption":"Cam\u00e4l\u00e9on"},"image":{"@id":"https:\/\/www.camaeleon.org\/de\/#\/schema\/logo\/image\/"},"sameAs":["https:\/\/www.facebook.com\/camaeleon.org\/","https:\/\/x.com\/camaeleonOrg","https:\/\/www.instagram.com\/camaeleon.dfg\/","https:\/\/www.youtube.com\/channel\/UCl3TAUDdGuu_c7CD6ax6hYg"]},{"@type":"Person","@id":"https:\/\/www.camaeleon.org\/de\/#\/schema\/person\/fc5ae386b8545fe499773465792fdeb1","name":"Emma Eisenkremer","image":{"@type":"ImageObject","inLanguage":"de","@id":"https:\/\/www.camaeleon.org\/de\/wp-content\/uploads\/2016\/02\/img_1572.jpgac53ad2dac2200a7e22ac10014b5b64d","url":"https:\/\/www.camaeleon.org\/wp-content\/uploads\/2016\/02\/img_1572.jpg","contentUrl":"https:\/\/www.camaeleon.org\/wp-content\/uploads\/2016\/02\/img_1572.jpg","caption":"Emma Eisenkremer"},"url":"https:\/\/www.camaeleon.org\/de\/author\/emma-eisenkremer\/"}]}},"_links":{"self":[{"href":"https:\/\/www.camaeleon.org\/de\/wp-json\/wp\/v2\/posts\/9190","targetHints":{"allow":["GET"]}}],"collection":[{"href":"https:\/\/www.camaeleon.org\/de\/wp-json\/wp\/v2\/posts"}],"about":[{"href":"https:\/\/www.camaeleon.org\/de\/wp-json\/wp\/v2\/types\/post"}],"author":[{"embeddable":true,"href":"https:\/\/www.camaeleon.org\/de\/wp-json\/wp\/v2\/users\/97"}],"replies":[{"embeddable":true,"href":"https:\/\/www.camaeleon.org\/de\/wp-json\/wp\/v2\/comments?post=9190"}],"version-history":[{"count":0,"href":"https:\/\/www.camaeleon.org\/de\/wp-json\/wp\/v2\/posts\/9190\/revisions"}],"wp:featuredmedia":[{"embeddable":true,"href":"https:\/\/www.camaeleon.org\/de\/wp-json\/wp\/v2\/media\/2214"}],"wp:attachment":[{"href":"https:\/\/www.camaeleon.org\/de\/wp-json\/wp\/v2\/media?parent=9190"}],"wp:term":[{"taxonomy":"category","embeddable":true,"href":"https:\/\/www.camaeleon.org\/de\/wp-json\/wp\/v2\/categories?post=9190"},{"taxonomy":"post_tag","embeddable":true,"href":"https:\/\/www.camaeleon.org\/de\/wp-json\/wp\/v2\/tags?post=9190"},{"taxonomy":"author","embeddable":true,"href":"https:\/\/www.camaeleon.org\/de\/wp-json\/wp\/v2\/coauthors?post=9190"}],"curies":[{"name":"wp","href":"https:\/\/api.w.org\/{rel}","templated":true}]}}