{"id":8993,"date":"2015-12-09T22:15:45","date_gmt":"2015-12-09T21:15:45","guid":{"rendered":"http:\/\/www.camaeleon.org\/?p=8993"},"modified":"2020-12-23T17:45:02","modified_gmt":"2020-12-23T16:45:02","slug":"agir-fur-fluchtlinge-und-gegen-rassismus","status":"publish","type":"post","link":"https:\/\/www.camaeleon.org\/de\/2015\/12\/09\/agir-fur-fluchtlinge-und-gegen-rassismus\/","title":{"rendered":"AGIR: F\u00fcr Fl\u00fcchtlinge und gegen Rassismus"},"content":{"rendered":"<p><a href=\"https:\/\/www.camaeleon.org\/wp-content\/uploads\/2015\/11\/AGIR-logo.jpg\"><img loading=\"lazy\" decoding=\"async\" class=\"size-medium wp-image-9391 alignleft\" src=\"https:\/\/www.camaeleon.org\/wp-content\/uploads\/2015\/11\/AGIR-logo-300x227.jpg\" alt=\"AGIR\" width=\"300\" height=\"227\" srcset=\"https:\/\/www.camaeleon.org\/wp-content\/uploads\/2015\/11\/AGIR-logo-300x227.jpg 300w, https:\/\/www.camaeleon.org\/wp-content\/uploads\/2015\/11\/AGIR-logo.jpg 600w\" sizes=\"auto, (max-width: 300px) 100vw, 300px\" \/><\/a><\/p>\n<p>Die Gruppe &#8222;AGIR&#8220; ist eine Gruppe am DFG, die sich f\u00fcr Fl\u00fcchtlinge und gegen Rassismus einsetzt. Sie treffen sich jeden Mittwoch in der gro\u00dfen Mittagspause. Diese Gruppe startet Projekte f\u00fcr Fl\u00fcchtlinge. Wie aktuell das Projekt &#8222;Schule ohne Rassismus&#8220;. Ich hatte ein Interview mit den Leuten von AGIR.<\/p>\n<p><strong>Cam\u00e4l\u00e9on<\/strong>: Seit wann gibt es die Gruppe AGIR?<\/p>\n<p><em>Die Gruppe gibt es schon seit Ende letzten Schuljahres und war eigentlich nur ein reines Lehrerprojekt. Aber seit kurzem ist es nur noch ein reines Sch\u00fclerprojekt.<\/em><\/p>\n<p><strong>Cam\u00e4l\u00e9on<\/strong>: Was w\u00fcrdet ihr denn gerne hier an der Schule oder generell ver\u00e4ndern?<\/p>\n<p><em>Wir wollen einfach ein Zeichen setzen, dass wir offen f\u00fcr Fl\u00fcchtlinge sind, auch an Projekten teilnehmen, aktiv den Fl\u00fcchtlingen helfen und nicht nur einfach zuschauen.<\/em><\/p>\n<p><strong>Cam\u00e4l\u00e9on<\/strong>: Was macht ihr generell bei AGIR?<\/p>\n<p><em>Wir besprechen, was wir ver\u00e4ndern k\u00f6nnen und was es Neues gibt. Wir starten auch Projekte f\u00fcr Fl\u00fcchtlinge und gegen Rassismus.<\/em><\/p>\n<p><strong>Cam\u00e4l\u00e9on<\/strong>: Welches Projekt macht ihr im Moment?<\/p>\n<p><em>Im Moment sind wir bei einem Projekt dabei namens &#8222;Welcome-Box&#8220;. Diese Box ist f\u00fcr minderj\u00e4hrige Fl\u00fcchtlinge gedacht. Das Projekt gibt es momentan im Saarland und auch in Rheinland-Pfalz.<\/em><\/p>\n<p><strong>Cam\u00e4l\u00e9on<\/strong>: Wer ist eigentlich auf die Idee gekommen AGIR zu gr\u00fcnden?<\/p>\n<p><em>Damals ist Frau Platz auf diese Idee gekommen, mit dem Hintergedanken, mit den Sch\u00fclern etwas zu machen. Richtig auf die Idee gekommen, sind wir als letztes Jahr ein Anschlag auf die Zeitschrift &#8222;Charlie Hebdo&#8220; ver\u00fcbt wurde und wegen der Pegida-Demonstrationen.<\/em><\/p>\n<p><strong>Cam\u00e4l\u00e9on<\/strong>: Wenn man bei AGIR gerne mitmachen w\u00fcrde, wer ist denn da der Ansprechpartner?<\/p>\n<p><em>Keiner. Man muss nur mittwochs in der 7. Stunde ab 13.30 Uhr in den Saal 2.13 kommen. Und wenn man Fragen hat, kann man sich an Herrn Anton oder an Frau Platz wenden.<\/em><\/p>\n","protected":false},"excerpt":{"rendered":"<p>Die Gruppe &#8222;AGIR&#8220; ist eine Gruppe am DFG, die sich f\u00fcr Fl\u00fcchtlinge und gegen Rassismus einsetzt. Sie treffen sich jeden Mittwoch in der gro\u00dfen Mittagspause.<\/p>\n","protected":false},"author":100,"featured_media":11529,"comment_status":"open","ping_status":"open","sticky":false,"template":"","format":"standard","meta":{"colormag_page_container_layout":"default_layout","colormag_page_sidebar_layout":"default_layout","footnotes":""},"categories":[194,3,5,10],"tags":[249,248,247,1412],"coauthors":[819],"class_list":["post-8993","post","type-post","status-publish","format-standard","has-post-thumbnail","hentry","category-amitie","category-ecole","category-monde","category-politique","tag-agir","tag-fluechtlinge","tag-rassismus","tag-refugee"],"yoast_head":"<!-- This site is optimized with the Yoast SEO plugin v27.5 - https:\/\/yoast.com\/product\/yoast-seo-wordpress\/ -->\n<title>AGIR: F\u00fcr Fl\u00fcchtlinge und gegen Rassismus - Cam\u00e4l\u00e9on<\/title>\n<meta name=\"description\" content=\"Die Gruppe AGIR ist eine Gruppe am DFG, die sich f\u00fcr Fl\u00fcchtlinge und gegen Rassismus einsetzt. Mehr dazu im Interview.\" \/>\n<meta name=\"robots\" content=\"index, follow, max-snippet:-1, max-image-preview:large, max-video-preview:-1\" \/>\n<link rel=\"canonical\" href=\"https:\/\/www.camaeleon.org\/de\/2015\/12\/09\/agir-fur-fluchtlinge-und-gegen-rassismus\/\" \/>\n<meta property=\"og:locale\" content=\"de_DE\" \/>\n<meta property=\"og:type\" content=\"article\" \/>\n<meta property=\"og:title\" content=\"AGIR: F\u00fcr Fl\u00fcchtlinge und gegen Rassismus - Cam\u00e4l\u00e9on\" \/>\n<meta property=\"og:description\" content=\"Die Gruppe AGIR ist eine Gruppe am DFG, die sich f\u00fcr Fl\u00fcchtlinge und gegen Rassismus einsetzt. Mehr dazu im Interview.\" \/>\n<meta property=\"og:url\" content=\"https:\/\/www.camaeleon.org\/de\/2015\/12\/09\/agir-fur-fluchtlinge-und-gegen-rassismus\/\" \/>\n<meta property=\"og:site_name\" content=\"Cam\u00e4l\u00e9on\" \/>\n<meta property=\"article:publisher\" content=\"https:\/\/www.facebook.com\/camaeleon.org\/\" \/>\n<meta property=\"article:published_time\" content=\"2015-12-09T21:15:45+00:00\" \/>\n<meta property=\"article:modified_time\" content=\"2020-12-23T16:45:02+00:00\" \/>\n<meta property=\"og:image\" content=\"https:\/\/www.camaeleon.org\/wp-content\/uploads\/2015\/12\/AGIR-Logo.jpg\" \/>\n\t<meta property=\"og:image:width\" content=\"880\" \/>\n\t<meta property=\"og:image:height\" content=\"666\" \/>\n\t<meta property=\"og:image:type\" content=\"image\/jpeg\" \/>\n<meta name=\"author\" content=\"Philip Thiel\" \/>\n<meta name=\"twitter:card\" content=\"summary_large_image\" \/>\n<meta name=\"twitter:creator\" content=\"@camaeleonOrg\" \/>\n<meta name=\"twitter:site\" content=\"@camaeleonOrg\" \/>\n<script type=\"application\/ld+json\" class=\"yoast-schema-graph\">{\"@context\":\"https:\\\/\\\/schema.org\",\"@graph\":[{\"@type\":\"Article\",\"@id\":\"https:\\\/\\\/www.camaeleon.org\\\/de\\\/2015\\\/12\\\/09\\\/agir-fur-fluchtlinge-und-gegen-rassismus\\\/#article\",\"isPartOf\":{\"@id\":\"https:\\\/\\\/www.camaeleon.org\\\/de\\\/2015\\\/12\\\/09\\\/agir-fur-fluchtlinge-und-gegen-rassismus\\\/\"},\"author\":{\"name\":\"Philip Thiel\",\"@id\":\"https:\\\/\\\/www.camaeleon.org\\\/de\\\/#\\\/schema\\\/person\\\/dd0f967fbb3e83b7328b2151e63e7ded\"},\"headline\":\"AGIR: F\u00fcr Fl\u00fcchtlinge und gegen Rassismus\",\"datePublished\":\"2015-12-09T21:15:45+00:00\",\"dateModified\":\"2020-12-23T16:45:02+00:00\",\"mainEntityOfPage\":{\"@id\":\"https:\\\/\\\/www.camaeleon.org\\\/de\\\/2015\\\/12\\\/09\\\/agir-fur-fluchtlinge-und-gegen-rassismus\\\/\"},\"wordCount\":318,\"commentCount\":4,\"publisher\":{\"@id\":\"https:\\\/\\\/www.camaeleon.org\\\/de\\\/#organization\"},\"image\":{\"@id\":\"https:\\\/\\\/www.camaeleon.org\\\/de\\\/2015\\\/12\\\/09\\\/agir-fur-fluchtlinge-und-gegen-rassismus\\\/#primaryimage\"},\"thumbnailUrl\":\"https:\\\/\\\/www.camaeleon.org\\\/wp-content\\\/uploads\\\/2015\\\/12\\\/AGIR-Logo.jpg\",\"keywords\":[\"AGIR\",\"Fl\u00fcchtlinge\",\"Rassismus\",\"Refugee\"],\"articleSection\":[\"Freundschaft\",\"Schule\",\"Welt\",\"Politik\"],\"inLanguage\":\"de\",\"potentialAction\":[{\"@type\":\"CommentAction\",\"name\":\"Comment\",\"target\":[\"https:\\\/\\\/www.camaeleon.org\\\/de\\\/2015\\\/12\\\/09\\\/agir-fur-fluchtlinge-und-gegen-rassismus\\\/#respond\"]}]},{\"@type\":\"WebPage\",\"@id\":\"https:\\\/\\\/www.camaeleon.org\\\/de\\\/2015\\\/12\\\/09\\\/agir-fur-fluchtlinge-und-gegen-rassismus\\\/\",\"url\":\"https:\\\/\\\/www.camaeleon.org\\\/de\\\/2015\\\/12\\\/09\\\/agir-fur-fluchtlinge-und-gegen-rassismus\\\/\",\"name\":\"AGIR: F\u00fcr Fl\u00fcchtlinge und gegen Rassismus - Cam\u00e4l\u00e9on\",\"isPartOf\":{\"@id\":\"https:\\\/\\\/www.camaeleon.org\\\/de\\\/#website\"},\"primaryImageOfPage\":{\"@id\":\"https:\\\/\\\/www.camaeleon.org\\\/de\\\/2015\\\/12\\\/09\\\/agir-fur-fluchtlinge-und-gegen-rassismus\\\/#primaryimage\"},\"image\":{\"@id\":\"https:\\\/\\\/www.camaeleon.org\\\/de\\\/2015\\\/12\\\/09\\\/agir-fur-fluchtlinge-und-gegen-rassismus\\\/#primaryimage\"},\"thumbnailUrl\":\"https:\\\/\\\/www.camaeleon.org\\\/wp-content\\\/uploads\\\/2015\\\/12\\\/AGIR-Logo.jpg\",\"datePublished\":\"2015-12-09T21:15:45+00:00\",\"dateModified\":\"2020-12-23T16:45:02+00:00\",\"description\":\"Die Gruppe AGIR ist eine Gruppe am DFG, die sich f\u00fcr Fl\u00fcchtlinge und gegen Rassismus einsetzt. Mehr dazu im Interview.\",\"breadcrumb\":{\"@id\":\"https:\\\/\\\/www.camaeleon.org\\\/de\\\/2015\\\/12\\\/09\\\/agir-fur-fluchtlinge-und-gegen-rassismus\\\/#breadcrumb\"},\"inLanguage\":\"de\",\"potentialAction\":[{\"@type\":\"ReadAction\",\"target\":[[\"https:\\\/\\\/www.camaeleon.org\\\/de\\\/2015\\\/12\\\/09\\\/agir-fur-fluchtlinge-und-gegen-rassismus\\\/\"]]}]},{\"@type\":\"ImageObject\",\"inLanguage\":\"de\",\"@id\":\"https:\\\/\\\/www.camaeleon.org\\\/de\\\/2015\\\/12\\\/09\\\/agir-fur-fluchtlinge-und-gegen-rassismus\\\/#primaryimage\",\"url\":\"https:\\\/\\\/www.camaeleon.org\\\/wp-content\\\/uploads\\\/2015\\\/12\\\/AGIR-Logo.jpg\",\"contentUrl\":\"https:\\\/\\\/www.camaeleon.org\\\/wp-content\\\/uploads\\\/2015\\\/12\\\/AGIR-Logo.jpg\",\"width\":880,\"height\":666,\"caption\":\"AGIR-Logo\"},{\"@type\":\"BreadcrumbList\",\"@id\":\"https:\\\/\\\/www.camaeleon.org\\\/de\\\/2015\\\/12\\\/09\\\/agir-fur-fluchtlinge-und-gegen-rassismus\\\/#breadcrumb\",\"itemListElement\":[{\"@type\":\"ListItem\",\"position\":1,\"name\":\"Home\",\"item\":\"https:\\\/\\\/www.camaeleon.org\\\/de\\\/\"},{\"@type\":\"ListItem\",\"position\":2,\"name\":\"AGIR: F\u00fcr Fl\u00fcchtlinge und gegen Rassismus\"}]},{\"@type\":\"WebSite\",\"@id\":\"https:\\\/\\\/www.camaeleon.org\\\/de\\\/#website\",\"url\":\"https:\\\/\\\/www.camaeleon.org\\\/de\\\/\",\"name\":\"Cam\u00e4l\u00e9on\",\"description\":\"Das Sch\u00fclermagazin des Deutsch-Franz\u00f6sischen Gymnasiums Saarbr\u00fccken\",\"publisher\":{\"@id\":\"https:\\\/\\\/www.camaeleon.org\\\/de\\\/#organization\"},\"potentialAction\":[{\"@type\":\"SearchAction\",\"target\":{\"@type\":\"EntryPoint\",\"urlTemplate\":\"https:\\\/\\\/www.camaeleon.org\\\/de\\\/?s={search_term_string}\"},\"query-input\":{\"@type\":\"PropertyValueSpecification\",\"valueRequired\":true,\"valueName\":\"search_term_string\"}}],\"inLanguage\":\"de\"},{\"@type\":\"Organization\",\"@id\":\"https:\\\/\\\/www.camaeleon.org\\\/de\\\/#organization\",\"name\":\"Cam\u00e4l\u00e9on\",\"url\":\"https:\\\/\\\/www.camaeleon.org\\\/de\\\/\",\"logo\":{\"@type\":\"ImageObject\",\"inLanguage\":\"de\",\"@id\":\"https:\\\/\\\/www.camaeleon.org\\\/de\\\/#\\\/schema\\\/logo\\\/image\\\/\",\"url\":\"https:\\\/\\\/www.camaeleon.org\\\/wp-content\\\/uploads\\\/2011\\\/11\\\/CAM\u00c4LEON.jpg\",\"contentUrl\":\"https:\\\/\\\/www.camaeleon.org\\\/wp-content\\\/uploads\\\/2011\\\/11\\\/CAM\u00c4LEON.jpg\",\"width\":959,\"height\":959,\"caption\":\"Cam\u00e4l\u00e9on\"},\"image\":{\"@id\":\"https:\\\/\\\/www.camaeleon.org\\\/de\\\/#\\\/schema\\\/logo\\\/image\\\/\"},\"sameAs\":[\"https:\\\/\\\/www.facebook.com\\\/camaeleon.org\\\/\",\"https:\\\/\\\/x.com\\\/camaeleonOrg\",\"https:\\\/\\\/www.instagram.com\\\/camaeleon.dfg\\\/\",\"https:\\\/\\\/www.youtube.com\\\/channel\\\/UCl3TAUDdGuu_c7CD6ax6hYg\"]},{\"@type\":\"Person\",\"@id\":\"https:\\\/\\\/www.camaeleon.org\\\/de\\\/#\\\/schema\\\/person\\\/dd0f967fbb3e83b7328b2151e63e7ded\",\"name\":\"Philip Thiel\",\"image\":{\"@type\":\"ImageObject\",\"inLanguage\":\"de\",\"@id\":\"https:\\\/\\\/www.camaeleon.org\\\/de\\\/wp-content\\\/uploads\\\/2011\\\/07\\\/IMG_4287-120x120.jpgeb2140e9305853359e7bb8d5b01fc378\",\"url\":\"https:\\\/\\\/www.camaeleon.org\\\/wp-content\\\/uploads\\\/2011\\\/07\\\/IMG_4287-120x120.jpg\",\"contentUrl\":\"https:\\\/\\\/www.camaeleon.org\\\/wp-content\\\/uploads\\\/2011\\\/07\\\/IMG_4287-120x120.jpg\",\"caption\":\"Philip Thiel\"},\"url\":\"https:\\\/\\\/www.camaeleon.org\\\/de\\\/author\\\/philip-thiel\\\/\"}]}<\/script>\n<!-- \/ Yoast SEO plugin. -->","yoast_head_json":{"title":"AGIR: F\u00fcr Fl\u00fcchtlinge und gegen Rassismus - Cam\u00e4l\u00e9on","description":"Die Gruppe AGIR ist eine Gruppe am DFG, die sich f\u00fcr Fl\u00fcchtlinge und gegen Rassismus einsetzt. Mehr dazu im Interview.","robots":{"index":"index","follow":"follow","max-snippet":"max-snippet:-1","max-image-preview":"max-image-preview:large","max-video-preview":"max-video-preview:-1"},"canonical":"https:\/\/www.camaeleon.org\/de\/2015\/12\/09\/agir-fur-fluchtlinge-und-gegen-rassismus\/","og_locale":"de_DE","og_type":"article","og_title":"AGIR: F\u00fcr Fl\u00fcchtlinge und gegen Rassismus - Cam\u00e4l\u00e9on","og_description":"Die Gruppe AGIR ist eine Gruppe am DFG, die sich f\u00fcr Fl\u00fcchtlinge und gegen Rassismus einsetzt. Mehr dazu im Interview.","og_url":"https:\/\/www.camaeleon.org\/de\/2015\/12\/09\/agir-fur-fluchtlinge-und-gegen-rassismus\/","og_site_name":"Cam\u00e4l\u00e9on","article_publisher":"https:\/\/www.facebook.com\/camaeleon.org\/","article_published_time":"2015-12-09T21:15:45+00:00","article_modified_time":"2020-12-23T16:45:02+00:00","og_image":[{"width":880,"height":666,"url":"https:\/\/www.camaeleon.org\/wp-content\/uploads\/2015\/12\/AGIR-Logo.jpg","type":"image\/jpeg"}],"author":"Philip Thiel","twitter_card":"summary_large_image","twitter_creator":"@camaeleonOrg","twitter_site":"@camaeleonOrg","schema":{"@context":"https:\/\/schema.org","@graph":[{"@type":"Article","@id":"https:\/\/www.camaeleon.org\/de\/2015\/12\/09\/agir-fur-fluchtlinge-und-gegen-rassismus\/#article","isPartOf":{"@id":"https:\/\/www.camaeleon.org\/de\/2015\/12\/09\/agir-fur-fluchtlinge-und-gegen-rassismus\/"},"author":{"name":"Philip Thiel","@id":"https:\/\/www.camaeleon.org\/de\/#\/schema\/person\/dd0f967fbb3e83b7328b2151e63e7ded"},"headline":"AGIR: F\u00fcr Fl\u00fcchtlinge und gegen Rassismus","datePublished":"2015-12-09T21:15:45+00:00","dateModified":"2020-12-23T16:45:02+00:00","mainEntityOfPage":{"@id":"https:\/\/www.camaeleon.org\/de\/2015\/12\/09\/agir-fur-fluchtlinge-und-gegen-rassismus\/"},"wordCount":318,"commentCount":4,"publisher":{"@id":"https:\/\/www.camaeleon.org\/de\/#organization"},"image":{"@id":"https:\/\/www.camaeleon.org\/de\/2015\/12\/09\/agir-fur-fluchtlinge-und-gegen-rassismus\/#primaryimage"},"thumbnailUrl":"https:\/\/www.camaeleon.org\/wp-content\/uploads\/2015\/12\/AGIR-Logo.jpg","keywords":["AGIR","Fl\u00fcchtlinge","Rassismus","Refugee"],"articleSection":["Freundschaft","Schule","Welt","Politik"],"inLanguage":"de","potentialAction":[{"@type":"CommentAction","name":"Comment","target":["https:\/\/www.camaeleon.org\/de\/2015\/12\/09\/agir-fur-fluchtlinge-und-gegen-rassismus\/#respond"]}]},{"@type":"WebPage","@id":"https:\/\/www.camaeleon.org\/de\/2015\/12\/09\/agir-fur-fluchtlinge-und-gegen-rassismus\/","url":"https:\/\/www.camaeleon.org\/de\/2015\/12\/09\/agir-fur-fluchtlinge-und-gegen-rassismus\/","name":"AGIR: F\u00fcr Fl\u00fcchtlinge und gegen Rassismus - Cam\u00e4l\u00e9on","isPartOf":{"@id":"https:\/\/www.camaeleon.org\/de\/#website"},"primaryImageOfPage":{"@id":"https:\/\/www.camaeleon.org\/de\/2015\/12\/09\/agir-fur-fluchtlinge-und-gegen-rassismus\/#primaryimage"},"image":{"@id":"https:\/\/www.camaeleon.org\/de\/2015\/12\/09\/agir-fur-fluchtlinge-und-gegen-rassismus\/#primaryimage"},"thumbnailUrl":"https:\/\/www.camaeleon.org\/wp-content\/uploads\/2015\/12\/AGIR-Logo.jpg","datePublished":"2015-12-09T21:15:45+00:00","dateModified":"2020-12-23T16:45:02+00:00","description":"Die Gruppe AGIR ist eine Gruppe am DFG, die sich f\u00fcr Fl\u00fcchtlinge und gegen Rassismus einsetzt. Mehr dazu im Interview.","breadcrumb":{"@id":"https:\/\/www.camaeleon.org\/de\/2015\/12\/09\/agir-fur-fluchtlinge-und-gegen-rassismus\/#breadcrumb"},"inLanguage":"de","potentialAction":[{"@type":"ReadAction","target":[["https:\/\/www.camaeleon.org\/de\/2015\/12\/09\/agir-fur-fluchtlinge-und-gegen-rassismus\/"]]}]},{"@type":"ImageObject","inLanguage":"de","@id":"https:\/\/www.camaeleon.org\/de\/2015\/12\/09\/agir-fur-fluchtlinge-und-gegen-rassismus\/#primaryimage","url":"https:\/\/www.camaeleon.org\/wp-content\/uploads\/2015\/12\/AGIR-Logo.jpg","contentUrl":"https:\/\/www.camaeleon.org\/wp-content\/uploads\/2015\/12\/AGIR-Logo.jpg","width":880,"height":666,"caption":"AGIR-Logo"},{"@type":"BreadcrumbList","@id":"https:\/\/www.camaeleon.org\/de\/2015\/12\/09\/agir-fur-fluchtlinge-und-gegen-rassismus\/#breadcrumb","itemListElement":[{"@type":"ListItem","position":1,"name":"Home","item":"https:\/\/www.camaeleon.org\/de\/"},{"@type":"ListItem","position":2,"name":"AGIR: F\u00fcr Fl\u00fcchtlinge und gegen Rassismus"}]},{"@type":"WebSite","@id":"https:\/\/www.camaeleon.org\/de\/#website","url":"https:\/\/www.camaeleon.org\/de\/","name":"Cam\u00e4l\u00e9on","description":"Das Sch\u00fclermagazin des Deutsch-Franz\u00f6sischen Gymnasiums Saarbr\u00fccken","publisher":{"@id":"https:\/\/www.camaeleon.org\/de\/#organization"},"potentialAction":[{"@type":"SearchAction","target":{"@type":"EntryPoint","urlTemplate":"https:\/\/www.camaeleon.org\/de\/?s={search_term_string}"},"query-input":{"@type":"PropertyValueSpecification","valueRequired":true,"valueName":"search_term_string"}}],"inLanguage":"de"},{"@type":"Organization","@id":"https:\/\/www.camaeleon.org\/de\/#organization","name":"Cam\u00e4l\u00e9on","url":"https:\/\/www.camaeleon.org\/de\/","logo":{"@type":"ImageObject","inLanguage":"de","@id":"https:\/\/www.camaeleon.org\/de\/#\/schema\/logo\/image\/","url":"https:\/\/www.camaeleon.org\/wp-content\/uploads\/2011\/11\/CAM\u00c4LEON.jpg","contentUrl":"https:\/\/www.camaeleon.org\/wp-content\/uploads\/2011\/11\/CAM\u00c4LEON.jpg","width":959,"height":959,"caption":"Cam\u00e4l\u00e9on"},"image":{"@id":"https:\/\/www.camaeleon.org\/de\/#\/schema\/logo\/image\/"},"sameAs":["https:\/\/www.facebook.com\/camaeleon.org\/","https:\/\/x.com\/camaeleonOrg","https:\/\/www.instagram.com\/camaeleon.dfg\/","https:\/\/www.youtube.com\/channel\/UCl3TAUDdGuu_c7CD6ax6hYg"]},{"@type":"Person","@id":"https:\/\/www.camaeleon.org\/de\/#\/schema\/person\/dd0f967fbb3e83b7328b2151e63e7ded","name":"Philip Thiel","image":{"@type":"ImageObject","inLanguage":"de","@id":"https:\/\/www.camaeleon.org\/de\/wp-content\/uploads\/2011\/07\/IMG_4287-120x120.jpgeb2140e9305853359e7bb8d5b01fc378","url":"https:\/\/www.camaeleon.org\/wp-content\/uploads\/2011\/07\/IMG_4287-120x120.jpg","contentUrl":"https:\/\/www.camaeleon.org\/wp-content\/uploads\/2011\/07\/IMG_4287-120x120.jpg","caption":"Philip Thiel"},"url":"https:\/\/www.camaeleon.org\/de\/author\/philip-thiel\/"}]}},"_links":{"self":[{"href":"https:\/\/www.camaeleon.org\/de\/wp-json\/wp\/v2\/posts\/8993","targetHints":{"allow":["GET"]}}],"collection":[{"href":"https:\/\/www.camaeleon.org\/de\/wp-json\/wp\/v2\/posts"}],"about":[{"href":"https:\/\/www.camaeleon.org\/de\/wp-json\/wp\/v2\/types\/post"}],"author":[{"embeddable":true,"href":"https:\/\/www.camaeleon.org\/de\/wp-json\/wp\/v2\/users\/100"}],"replies":[{"embeddable":true,"href":"https:\/\/www.camaeleon.org\/de\/wp-json\/wp\/v2\/comments?post=8993"}],"version-history":[{"count":0,"href":"https:\/\/www.camaeleon.org\/de\/wp-json\/wp\/v2\/posts\/8993\/revisions"}],"wp:featuredmedia":[{"embeddable":true,"href":"https:\/\/www.camaeleon.org\/de\/wp-json\/wp\/v2\/media\/11529"}],"wp:attachment":[{"href":"https:\/\/www.camaeleon.org\/de\/wp-json\/wp\/v2\/media?parent=8993"}],"wp:term":[{"taxonomy":"category","embeddable":true,"href":"https:\/\/www.camaeleon.org\/de\/wp-json\/wp\/v2\/categories?post=8993"},{"taxonomy":"post_tag","embeddable":true,"href":"https:\/\/www.camaeleon.org\/de\/wp-json\/wp\/v2\/tags?post=8993"},{"taxonomy":"author","embeddable":true,"href":"https:\/\/www.camaeleon.org\/de\/wp-json\/wp\/v2\/coauthors?post=8993"}],"curies":[{"name":"wp","href":"https:\/\/api.w.org\/{rel}","templated":true}]}}