{"id":8931,"date":"2015-11-13T14:51:58","date_gmt":"2015-11-13T13:51:58","guid":{"rendered":"http:\/\/www.camaeleon.org\/?p=8931"},"modified":"2022-02-19T01:25:10","modified_gmt":"2022-02-19T00:25:10","slug":"refugees-welcome-box-am-dfg-was-ist-das-uberhaupt","status":"publish","type":"post","link":"https:\/\/www.camaeleon.org\/de\/2015\/11\/13\/refugees-welcome-box-am-dfg-was-ist-das-uberhaupt\/","title":{"rendered":"Refugees Welcome Box am DFG: Was ist das \u00fcberhaupt?"},"content":{"rendered":"<p><a href=\"https:\/\/www.camaeleon.org\/wp-content\/uploads\/2015\/11\/Refugee-Welcome-Box.jpg\"><img loading=\"lazy\" decoding=\"async\" class=\"alignright size-medium wp-image-9029\" title=\"Refugee Welcome Box\" src=\"https:\/\/www.camaeleon.org\/wp-content\/uploads\/2015\/11\/Refugee-Welcome-Box-212x300.jpg\" alt=\"Refugee Welcome Box\" width=\"212\" height=\"300\" srcset=\"https:\/\/www.camaeleon.org\/wp-content\/uploads\/2015\/11\/Refugee-Welcome-Box-212x300.jpg 212w, https:\/\/www.camaeleon.org\/wp-content\/uploads\/2015\/11\/Refugee-Welcome-Box.jpg 679w\" sizes=\"auto, (max-width: 212px) 100vw, 212px\" \/><\/a>Die <strong>Refugees Welcome Box<\/strong>-Aktion kommt ans Deutsch-Franz\u00f6sische Gymnasium. Doch was ist \u00fcberhaupt eine so genannte &#8222;<strong>Refugees Welcome Box<\/strong>&#8220; ? Wir haben mit Herrn Anton, dem Leiter der <strong>AGIR<\/strong>-Arbeitsgemeinschaft, gesprochen und uns eine Sitzung der <strong>AGIR<\/strong>-AG mal genauer angeschaut.<\/p>\n<p>Zuallererst wird eine Tagesordnung erstellt. Bei Erstellung der Tagesordnung werden alle Themen, die zu besprechen sind, aufgeschrieben und jeder darf seine Meinung zu diesem Thema sagen. Dadurch wird eine gemeinsame L\u00f6sung gefunden, mit der meist alle Mitglieder einverstanden sind, auch wenn es manchmal zu Diskussionen kommt. Zum Einen ging es auch um die Refugees Welcome Box. Da haben wir uns die Chance nicht nehmen lassen und haben mehrere Fragen an Herrn Anton und seine Sch\u00fcler gestellt:<\/p>\n<p><strong>Frage 1:<\/strong> Wir haben von der \u201eRefugees Welcome Box\u201c-Aktion geh\u00f6rt und wollten wissen, was man genau darunter versteht.<\/p>\n<div>\n<p><em>Die Refugees Welcome Box-Aktion ist ein Projekt aus dem Saarland. Aber auch in Rheinland-Pfalz, wie zum Beispiel in Koblenz ist das Projekt aktiv. Im Saarland gibt es ziemlich viele unbegleitete Fl\u00fcchtlinge. Das Konzept von den Refugees Welcome Boxen funktioniert so: Spender f\u00fcllen einen Schuhkarton mit brauchbaren Dingen f\u00fcr die <span style=\"color: #000000;\">Fl\u00fcchtlinge<\/span>, die an diese weitergegeben werden. <\/em><\/p>\n<p><strong>Frage 2<\/strong><em>:<\/em> Auf der offiziellen Facebook-Seite ist nur die Rede von <span style=\"color: #000000;\">m\u00e4nnlichen<\/span> Fl\u00fcchtlingen. K\u00f6nnen Sie uns sagen, warum die Aktion auf Jungs beschr\u00e4nkt ist und M\u00e4dchen von der Refugees Welcome Box-Aktion ausgeschlossen sind?<\/p>\n<p><em>Es kommen haupts\u00e4chlich m\u00e4nnliche, unbegleitete Fl\u00fcchtlinge nach Deutschland. F\u00fcr Frauen, die zum Beispiel aus Syrien oder anderen L\u00e4ndern fliehen, ist die Angst vor Vergewaltigung oder Verschleppung zu gro\u00df. Daher verlassen Frauen erst gar nicht ihr Heimatland.<\/em><\/p>\n<p><strong>Frage 3<\/strong><em>: <\/em>Wer versichert den Spendern, dass die Pakete wirklich bei den Fl\u00fcchtlingen in den Clearing-H\u00e4usern* ankommen? (* Clearing-H\u00e4user sind die H\u00e4user, in denen die Fl\u00fcchtlinge wohnen)<\/p>\n<p><em>Wir, mit unserer Arbeitsgruppe <strong>AGIR<\/strong><\/em>.<em> Das Projekt gibt es schon sehr lange, daher stehen die Helfer der Organisation in direkter Verbindung mit den Fl\u00fcchtlingen. Es gibt keine Zwischenstation, bis auf die Sammelstation, wo wir die Boxen abgeben und sie noch einmal kontrolliert werden. Dann werden sie an die Fl\u00fcchtlinge <em>weiter<\/em>geleitet.<\/em><\/p>\n<p><strong>Frage 4:<\/strong> Worauf muss man beim F\u00fcllen der Box achten?<\/p>\n<p><em>Ganz wichtig ist es, dass keine gef\u00e4hrlichen Gegenst\u00e4nde, wie zum Beispiel Taschenmesser oder Feuerzeuge in die Schuhkartons gepackt werden. Zur Sicherheit der Fl\u00fcchtlinge wird jede Box nochmals kontrolliert. Daher sollten die Boxen nicht in Geschenkpapier eingewickelt werden. <\/em><\/p>\n<p>Alle weiteren Informationen, wie zum Beispiel wann die Aktion stattfindet, werden noch fr\u00fch genug von der Schule bekannt gegeben.<\/p>\n<p>Alle Leute, die etwas Gutes tun m\u00f6chten, k\u00f6nnen also eine solche Box packen und sie abgeben, sobald die Aktion startet!<\/p>\n<p>geschrieben von Rebecca Pelster und Fabius Leibrock<\/p>\n<\/div>\n<p><\/p>","protected":false},"excerpt":{"rendered":"<p>Die Refugees Welcome Box-Aktion kommt ans Deutsch-Franz\u00f6sische Gymnasium. Doch was ist \u00fcberhaupt eine so genannte &#8222;Refugees Welcome Box&#8220; ? Wir haben mit Herrn Anton, dem<\/p>\n","protected":false},"author":104,"featured_media":25453,"comment_status":"open","ping_status":"open","sticky":false,"template":"","format":"standard","meta":{"colormag_page_container_layout":"default_layout","colormag_page_sidebar_layout":"default_layout","footnotes":""},"categories":[194,5,10],"tags":[248,247,1412,1432,264],"coauthors":[751],"class_list":["post-8931","post","type-post","status-publish","format-standard","has-post-thumbnail","hentry","category-amitie","category-monde","category-politique","tag-fluechtlinge","tag-rassismus","tag-refugee","tag-refugees-welcome-box","tag-solidaritaet"],"yoast_head":"<!-- This site is optimized with the Yoast SEO plugin v27.5 - https:\/\/yoast.com\/product\/yoast-seo-wordpress\/ -->\n<title>Refugees Welcome Box am DFG: Was ist das \u00fcberhaupt? - Cam\u00e4l\u00e9on<\/title>\n<meta name=\"description\" content=\"Die Refugees Welcome Box-Aktion kommt ans Deutsch-Franz\u00f6sische Gymnasium. Wir haben mit Herrn Anton, dem Leiter der AGIR-AG, gesprochen.\" \/>\n<meta name=\"robots\" content=\"index, follow, max-snippet:-1, max-image-preview:large, max-video-preview:-1\" \/>\n<link rel=\"canonical\" href=\"https:\/\/www.camaeleon.org\/de\/2015\/11\/13\/refugees-welcome-box-am-dfg-was-ist-das-uberhaupt\/\" \/>\n<meta property=\"og:locale\" content=\"de_DE\" \/>\n<meta property=\"og:type\" content=\"article\" \/>\n<meta property=\"og:title\" content=\"Refugees Welcome Box am DFG: Was ist das \u00fcberhaupt? - Cam\u00e4l\u00e9on\" \/>\n<meta property=\"og:description\" content=\"Die Refugees Welcome Box-Aktion kommt ans Deutsch-Franz\u00f6sische Gymnasium. Wir haben mit Herrn Anton, dem Leiter der AGIR-AG, gesprochen.\" \/>\n<meta property=\"og:url\" content=\"https:\/\/www.camaeleon.org\/de\/2015\/11\/13\/refugees-welcome-box-am-dfg-was-ist-das-uberhaupt\/\" \/>\n<meta property=\"og:site_name\" content=\"Cam\u00e4l\u00e9on\" \/>\n<meta property=\"article:publisher\" content=\"https:\/\/www.facebook.com\/camaeleon.org\/\" \/>\n<meta property=\"article:published_time\" content=\"2015-11-13T13:51:58+00:00\" \/>\n<meta property=\"article:modified_time\" content=\"2022-02-19T00:25:10+00:00\" \/>\n<meta property=\"og:image\" content=\"https:\/\/www.camaeleon.org\/wp-content\/uploads\/2015\/11\/Refugee-Welcome-Box-2.jpg\" \/>\n\t<meta property=\"og:image:width\" content=\"880\" \/>\n\t<meta property=\"og:image:height\" content=\"1244\" \/>\n\t<meta property=\"og:image:type\" content=\"image\/jpeg\" \/>\n<meta name=\"author\" content=\"Fabius Leibrock\" \/>\n<meta name=\"twitter:card\" content=\"summary_large_image\" \/>\n<meta name=\"twitter:creator\" content=\"@camaeleonOrg\" \/>\n<meta name=\"twitter:site\" content=\"@camaeleonOrg\" \/>\n<script type=\"application\/ld+json\" class=\"yoast-schema-graph\">{\"@context\":\"https:\\\/\\\/schema.org\",\"@graph\":[{\"@type\":\"Article\",\"@id\":\"https:\\\/\\\/www.camaeleon.org\\\/2015\\\/11\\\/13\\\/refugees-welcome-box-am-dfg-was-ist-das-uberhaupt\\\/#article\",\"isPartOf\":{\"@id\":\"https:\\\/\\\/www.camaeleon.org\\\/2015\\\/11\\\/13\\\/refugees-welcome-box-am-dfg-was-ist-das-uberhaupt\\\/\"},\"author\":{\"name\":\"Fabius Leibrock\",\"@id\":\"https:\\\/\\\/www.camaeleon.org\\\/de\\\/#\\\/schema\\\/person\\\/910ba91888dfcbb54160e6f383afb9cc\"},\"headline\":\"Refugees Welcome Box am DFG: Was ist das \u00fcberhaupt?\",\"datePublished\":\"2015-11-13T13:51:58+00:00\",\"dateModified\":\"2022-02-19T00:25:10+00:00\",\"mainEntityOfPage\":{\"@id\":\"https:\\\/\\\/www.camaeleon.org\\\/2015\\\/11\\\/13\\\/refugees-welcome-box-am-dfg-was-ist-das-uberhaupt\\\/\"},\"wordCount\":1375,\"commentCount\":2,\"publisher\":{\"@id\":\"https:\\\/\\\/www.camaeleon.org\\\/de\\\/#organization\"},\"image\":{\"@id\":\"https:\\\/\\\/www.camaeleon.org\\\/2015\\\/11\\\/13\\\/refugees-welcome-box-am-dfg-was-ist-das-uberhaupt\\\/#primaryimage\"},\"thumbnailUrl\":\"https:\\\/\\\/www.camaeleon.org\\\/wp-content\\\/uploads\\\/2015\\\/11\\\/Refugee-Welcome-Box-2.jpg\",\"keywords\":[\"Fl\u00fcchtlinge\",\"Rassismus\",\"Refugee\",\"Refugees Welcome Box\",\"Solidarit\u00e4t\"],\"articleSection\":[\"Freundschaft\",\"Welt\",\"Politik\"],\"inLanguage\":\"de\",\"potentialAction\":[{\"@type\":\"CommentAction\",\"name\":\"Comment\",\"target\":[\"https:\\\/\\\/www.camaeleon.org\\\/2015\\\/11\\\/13\\\/refugees-welcome-box-am-dfg-was-ist-das-uberhaupt\\\/#respond\"]}]},{\"@type\":\"WebPage\",\"@id\":\"https:\\\/\\\/www.camaeleon.org\\\/de\\\/2015\\\/11\\\/13\\\/refugees-welcome-box-am-dfg-was-ist-das-uberhaupt\\\/\",\"url\":\"https:\\\/\\\/www.camaeleon.org\\\/de\\\/2015\\\/11\\\/13\\\/refugees-welcome-box-am-dfg-was-ist-das-uberhaupt\\\/\",\"name\":\"Refugees Welcome Box am DFG: Was ist das \u00fcberhaupt? - Cam\u00e4l\u00e9on\",\"isPartOf\":{\"@id\":\"https:\\\/\\\/www.camaeleon.org\\\/de\\\/#website\"},\"primaryImageOfPage\":{\"@id\":\"https:\\\/\\\/www.camaeleon.org\\\/de\\\/2015\\\/11\\\/13\\\/refugees-welcome-box-am-dfg-was-ist-das-uberhaupt\\\/#primaryimage\"},\"image\":{\"@id\":\"https:\\\/\\\/www.camaeleon.org\\\/2015\\\/11\\\/13\\\/refugees-welcome-box-am-dfg-was-ist-das-uberhaupt\\\/#primaryimage\"},\"thumbnailUrl\":\"https:\\\/\\\/www.camaeleon.org\\\/wp-content\\\/uploads\\\/2015\\\/11\\\/Refugee-Welcome-Box-2.jpg\",\"datePublished\":\"2015-11-13T13:51:58+00:00\",\"dateModified\":\"2022-02-19T00:25:10+00:00\",\"description\":\"Die Refugees Welcome Box-Aktion kommt ans Deutsch-Franz\u00f6sische Gymnasium. Wir haben mit Herrn Anton, dem Leiter der AGIR-AG, gesprochen.\",\"breadcrumb\":{\"@id\":\"https:\\\/\\\/www.camaeleon.org\\\/de\\\/2015\\\/11\\\/13\\\/refugees-welcome-box-am-dfg-was-ist-das-uberhaupt\\\/#breadcrumb\"},\"inLanguage\":\"de\",\"potentialAction\":[{\"@type\":\"ReadAction\",\"target\":[[\"https:\\\/\\\/www.camaeleon.org\\\/de\\\/2015\\\/11\\\/13\\\/refugees-welcome-box-am-dfg-was-ist-das-uberhaupt\\\/\"]]}]},{\"@type\":\"ImageObject\",\"inLanguage\":\"de\",\"@id\":\"https:\\\/\\\/www.camaeleon.org\\\/de\\\/2015\\\/11\\\/13\\\/refugees-welcome-box-am-dfg-was-ist-das-uberhaupt\\\/#primaryimage\",\"url\":\"https:\\\/\\\/www.camaeleon.org\\\/wp-content\\\/uploads\\\/2015\\\/11\\\/Refugee-Welcome-Box-2.jpg\",\"contentUrl\":\"https:\\\/\\\/www.camaeleon.org\\\/wp-content\\\/uploads\\\/2015\\\/11\\\/Refugee-Welcome-Box-2.jpg\",\"width\":880,\"height\":1244,\"caption\":\"Refugee Welcome Box\"},{\"@type\":\"BreadcrumbList\",\"@id\":\"https:\\\/\\\/www.camaeleon.org\\\/de\\\/2015\\\/11\\\/13\\\/refugees-welcome-box-am-dfg-was-ist-das-uberhaupt\\\/#breadcrumb\",\"itemListElement\":[{\"@type\":\"ListItem\",\"position\":1,\"name\":\"Home\",\"item\":\"https:\\\/\\\/www.camaeleon.org\\\/de\\\/\"},{\"@type\":\"ListItem\",\"position\":2,\"name\":\"Refugees Welcome Box am DFG: Was ist das \u00fcberhaupt?\"}]},{\"@type\":\"WebSite\",\"@id\":\"https:\\\/\\\/www.camaeleon.org\\\/de\\\/#website\",\"url\":\"https:\\\/\\\/www.camaeleon.org\\\/de\\\/\",\"name\":\"Cam\u00e4l\u00e9on\",\"description\":\"Das Sch\u00fclermagazin des Deutsch-Franz\u00f6sischen Gymnasiums Saarbr\u00fccken\",\"publisher\":{\"@id\":\"https:\\\/\\\/www.camaeleon.org\\\/de\\\/#organization\"},\"potentialAction\":[{\"@type\":\"SearchAction\",\"target\":{\"@type\":\"EntryPoint\",\"urlTemplate\":\"https:\\\/\\\/www.camaeleon.org\\\/de\\\/?s={search_term_string}\"},\"query-input\":{\"@type\":\"PropertyValueSpecification\",\"valueRequired\":true,\"valueName\":\"search_term_string\"}}],\"inLanguage\":\"de\"},{\"@type\":\"Organization\",\"@id\":\"https:\\\/\\\/www.camaeleon.org\\\/de\\\/#organization\",\"name\":\"Cam\u00e4l\u00e9on\",\"url\":\"https:\\\/\\\/www.camaeleon.org\\\/de\\\/\",\"logo\":{\"@type\":\"ImageObject\",\"inLanguage\":\"de\",\"@id\":\"https:\\\/\\\/www.camaeleon.org\\\/de\\\/#\\\/schema\\\/logo\\\/image\\\/\",\"url\":\"https:\\\/\\\/www.camaeleon.org\\\/wp-content\\\/uploads\\\/2011\\\/11\\\/CAM\u00c4LEON.jpg\",\"contentUrl\":\"https:\\\/\\\/www.camaeleon.org\\\/wp-content\\\/uploads\\\/2011\\\/11\\\/CAM\u00c4LEON.jpg\",\"width\":959,\"height\":959,\"caption\":\"Cam\u00e4l\u00e9on\"},\"image\":{\"@id\":\"https:\\\/\\\/www.camaeleon.org\\\/de\\\/#\\\/schema\\\/logo\\\/image\\\/\"},\"sameAs\":[\"https:\\\/\\\/www.facebook.com\\\/camaeleon.org\\\/\",\"https:\\\/\\\/x.com\\\/camaeleonOrg\",\"https:\\\/\\\/www.instagram.com\\\/camaeleon.dfg\\\/\",\"https:\\\/\\\/www.youtube.com\\\/channel\\\/UCl3TAUDdGuu_c7CD6ax6hYg\"]},{\"@type\":\"Person\",\"@id\":\"https:\\\/\\\/www.camaeleon.org\\\/de\\\/#\\\/schema\\\/person\\\/910ba91888dfcbb54160e6f383afb9cc\",\"name\":\"Fabius Leibrock\",\"image\":{\"@type\":\"ImageObject\",\"inLanguage\":\"de\",\"@id\":\"https:\\\/\\\/www.camaeleon.org\\\/de\\\/wp-content\\\/uploads\\\/2021\\\/10\\\/cropped-android-chrome-512x512-2-150x150.pngb111c6b8db723f506736f05d8fadbe0c\",\"url\":\"https:\\\/\\\/www.camaeleon.org\\\/wp-content\\\/uploads\\\/2021\\\/10\\\/cropped-android-chrome-512x512-2-150x150.png\",\"contentUrl\":\"https:\\\/\\\/www.camaeleon.org\\\/wp-content\\\/uploads\\\/2021\\\/10\\\/cropped-android-chrome-512x512-2-150x150.png\",\"caption\":\"Fabius Leibrock\"},\"url\":\"https:\\\/\\\/www.camaeleon.org\\\/de\\\/author\\\/fabius-leibrock\\\/\"}]}<\/script>\n<!-- \/ Yoast SEO plugin. -->","yoast_head_json":{"title":"Refugees Welcome Box am DFG: Was ist das \u00fcberhaupt? - Cam\u00e4l\u00e9on","description":"Die Refugees Welcome Box-Aktion kommt ans Deutsch-Franz\u00f6sische Gymnasium. Wir haben mit Herrn Anton, dem Leiter der AGIR-AG, gesprochen.","robots":{"index":"index","follow":"follow","max-snippet":"max-snippet:-1","max-image-preview":"max-image-preview:large","max-video-preview":"max-video-preview:-1"},"canonical":"https:\/\/www.camaeleon.org\/de\/2015\/11\/13\/refugees-welcome-box-am-dfg-was-ist-das-uberhaupt\/","og_locale":"de_DE","og_type":"article","og_title":"Refugees Welcome Box am DFG: Was ist das \u00fcberhaupt? - Cam\u00e4l\u00e9on","og_description":"Die Refugees Welcome Box-Aktion kommt ans Deutsch-Franz\u00f6sische Gymnasium. Wir haben mit Herrn Anton, dem Leiter der AGIR-AG, gesprochen.","og_url":"https:\/\/www.camaeleon.org\/de\/2015\/11\/13\/refugees-welcome-box-am-dfg-was-ist-das-uberhaupt\/","og_site_name":"Cam\u00e4l\u00e9on","article_publisher":"https:\/\/www.facebook.com\/camaeleon.org\/","article_published_time":"2015-11-13T13:51:58+00:00","article_modified_time":"2022-02-19T00:25:10+00:00","og_image":[{"width":880,"height":1244,"url":"https:\/\/www.camaeleon.org\/wp-content\/uploads\/2015\/11\/Refugee-Welcome-Box-2.jpg","type":"image\/jpeg"}],"author":"Fabius Leibrock","twitter_card":"summary_large_image","twitter_creator":"@camaeleonOrg","twitter_site":"@camaeleonOrg","schema":{"@context":"https:\/\/schema.org","@graph":[{"@type":"Article","@id":"https:\/\/www.camaeleon.org\/2015\/11\/13\/refugees-welcome-box-am-dfg-was-ist-das-uberhaupt\/#article","isPartOf":{"@id":"https:\/\/www.camaeleon.org\/2015\/11\/13\/refugees-welcome-box-am-dfg-was-ist-das-uberhaupt\/"},"author":{"name":"Fabius Leibrock","@id":"https:\/\/www.camaeleon.org\/de\/#\/schema\/person\/910ba91888dfcbb54160e6f383afb9cc"},"headline":"Refugees Welcome Box am DFG: Was ist das \u00fcberhaupt?","datePublished":"2015-11-13T13:51:58+00:00","dateModified":"2022-02-19T00:25:10+00:00","mainEntityOfPage":{"@id":"https:\/\/www.camaeleon.org\/2015\/11\/13\/refugees-welcome-box-am-dfg-was-ist-das-uberhaupt\/"},"wordCount":1375,"commentCount":2,"publisher":{"@id":"https:\/\/www.camaeleon.org\/de\/#organization"},"image":{"@id":"https:\/\/www.camaeleon.org\/2015\/11\/13\/refugees-welcome-box-am-dfg-was-ist-das-uberhaupt\/#primaryimage"},"thumbnailUrl":"https:\/\/www.camaeleon.org\/wp-content\/uploads\/2015\/11\/Refugee-Welcome-Box-2.jpg","keywords":["Fl\u00fcchtlinge","Rassismus","Refugee","Refugees Welcome Box","Solidarit\u00e4t"],"articleSection":["Freundschaft","Welt","Politik"],"inLanguage":"de","potentialAction":[{"@type":"CommentAction","name":"Comment","target":["https:\/\/www.camaeleon.org\/2015\/11\/13\/refugees-welcome-box-am-dfg-was-ist-das-uberhaupt\/#respond"]}]},{"@type":"WebPage","@id":"https:\/\/www.camaeleon.org\/de\/2015\/11\/13\/refugees-welcome-box-am-dfg-was-ist-das-uberhaupt\/","url":"https:\/\/www.camaeleon.org\/de\/2015\/11\/13\/refugees-welcome-box-am-dfg-was-ist-das-uberhaupt\/","name":"Refugees Welcome Box am DFG: Was ist das \u00fcberhaupt? - Cam\u00e4l\u00e9on","isPartOf":{"@id":"https:\/\/www.camaeleon.org\/de\/#website"},"primaryImageOfPage":{"@id":"https:\/\/www.camaeleon.org\/de\/2015\/11\/13\/refugees-welcome-box-am-dfg-was-ist-das-uberhaupt\/#primaryimage"},"image":{"@id":"https:\/\/www.camaeleon.org\/2015\/11\/13\/refugees-welcome-box-am-dfg-was-ist-das-uberhaupt\/#primaryimage"},"thumbnailUrl":"https:\/\/www.camaeleon.org\/wp-content\/uploads\/2015\/11\/Refugee-Welcome-Box-2.jpg","datePublished":"2015-11-13T13:51:58+00:00","dateModified":"2022-02-19T00:25:10+00:00","description":"Die Refugees Welcome Box-Aktion kommt ans Deutsch-Franz\u00f6sische Gymnasium. Wir haben mit Herrn Anton, dem Leiter der AGIR-AG, gesprochen.","breadcrumb":{"@id":"https:\/\/www.camaeleon.org\/de\/2015\/11\/13\/refugees-welcome-box-am-dfg-was-ist-das-uberhaupt\/#breadcrumb"},"inLanguage":"de","potentialAction":[{"@type":"ReadAction","target":[["https:\/\/www.camaeleon.org\/de\/2015\/11\/13\/refugees-welcome-box-am-dfg-was-ist-das-uberhaupt\/"]]}]},{"@type":"ImageObject","inLanguage":"de","@id":"https:\/\/www.camaeleon.org\/de\/2015\/11\/13\/refugees-welcome-box-am-dfg-was-ist-das-uberhaupt\/#primaryimage","url":"https:\/\/www.camaeleon.org\/wp-content\/uploads\/2015\/11\/Refugee-Welcome-Box-2.jpg","contentUrl":"https:\/\/www.camaeleon.org\/wp-content\/uploads\/2015\/11\/Refugee-Welcome-Box-2.jpg","width":880,"height":1244,"caption":"Refugee Welcome Box"},{"@type":"BreadcrumbList","@id":"https:\/\/www.camaeleon.org\/de\/2015\/11\/13\/refugees-welcome-box-am-dfg-was-ist-das-uberhaupt\/#breadcrumb","itemListElement":[{"@type":"ListItem","position":1,"name":"Home","item":"https:\/\/www.camaeleon.org\/de\/"},{"@type":"ListItem","position":2,"name":"Refugees Welcome Box am DFG: Was ist das \u00fcberhaupt?"}]},{"@type":"WebSite","@id":"https:\/\/www.camaeleon.org\/de\/#website","url":"https:\/\/www.camaeleon.org\/de\/","name":"Cam\u00e4l\u00e9on","description":"Das Sch\u00fclermagazin des Deutsch-Franz\u00f6sischen Gymnasiums Saarbr\u00fccken","publisher":{"@id":"https:\/\/www.camaeleon.org\/de\/#organization"},"potentialAction":[{"@type":"SearchAction","target":{"@type":"EntryPoint","urlTemplate":"https:\/\/www.camaeleon.org\/de\/?s={search_term_string}"},"query-input":{"@type":"PropertyValueSpecification","valueRequired":true,"valueName":"search_term_string"}}],"inLanguage":"de"},{"@type":"Organization","@id":"https:\/\/www.camaeleon.org\/de\/#organization","name":"Cam\u00e4l\u00e9on","url":"https:\/\/www.camaeleon.org\/de\/","logo":{"@type":"ImageObject","inLanguage":"de","@id":"https:\/\/www.camaeleon.org\/de\/#\/schema\/logo\/image\/","url":"https:\/\/www.camaeleon.org\/wp-content\/uploads\/2011\/11\/CAM\u00c4LEON.jpg","contentUrl":"https:\/\/www.camaeleon.org\/wp-content\/uploads\/2011\/11\/CAM\u00c4LEON.jpg","width":959,"height":959,"caption":"Cam\u00e4l\u00e9on"},"image":{"@id":"https:\/\/www.camaeleon.org\/de\/#\/schema\/logo\/image\/"},"sameAs":["https:\/\/www.facebook.com\/camaeleon.org\/","https:\/\/x.com\/camaeleonOrg","https:\/\/www.instagram.com\/camaeleon.dfg\/","https:\/\/www.youtube.com\/channel\/UCl3TAUDdGuu_c7CD6ax6hYg"]},{"@type":"Person","@id":"https:\/\/www.camaeleon.org\/de\/#\/schema\/person\/910ba91888dfcbb54160e6f383afb9cc","name":"Fabius Leibrock","image":{"@type":"ImageObject","inLanguage":"de","@id":"https:\/\/www.camaeleon.org\/de\/wp-content\/uploads\/2021\/10\/cropped-android-chrome-512x512-2-150x150.pngb111c6b8db723f506736f05d8fadbe0c","url":"https:\/\/www.camaeleon.org\/wp-content\/uploads\/2021\/10\/cropped-android-chrome-512x512-2-150x150.png","contentUrl":"https:\/\/www.camaeleon.org\/wp-content\/uploads\/2021\/10\/cropped-android-chrome-512x512-2-150x150.png","caption":"Fabius Leibrock"},"url":"https:\/\/www.camaeleon.org\/de\/author\/fabius-leibrock\/"}]}},"_links":{"self":[{"href":"https:\/\/www.camaeleon.org\/de\/wp-json\/wp\/v2\/posts\/8931","targetHints":{"allow":["GET"]}}],"collection":[{"href":"https:\/\/www.camaeleon.org\/de\/wp-json\/wp\/v2\/posts"}],"about":[{"href":"https:\/\/www.camaeleon.org\/de\/wp-json\/wp\/v2\/types\/post"}],"author":[{"embeddable":true,"href":"https:\/\/www.camaeleon.org\/de\/wp-json\/wp\/v2\/users\/104"}],"replies":[{"embeddable":true,"href":"https:\/\/www.camaeleon.org\/de\/wp-json\/wp\/v2\/comments?post=8931"}],"version-history":[{"count":0,"href":"https:\/\/www.camaeleon.org\/de\/wp-json\/wp\/v2\/posts\/8931\/revisions"}],"wp:featuredmedia":[{"embeddable":true,"href":"https:\/\/www.camaeleon.org\/de\/wp-json\/wp\/v2\/media\/25453"}],"wp:attachment":[{"href":"https:\/\/www.camaeleon.org\/de\/wp-json\/wp\/v2\/media?parent=8931"}],"wp:term":[{"taxonomy":"category","embeddable":true,"href":"https:\/\/www.camaeleon.org\/de\/wp-json\/wp\/v2\/categories?post=8931"},{"taxonomy":"post_tag","embeddable":true,"href":"https:\/\/www.camaeleon.org\/de\/wp-json\/wp\/v2\/tags?post=8931"},{"taxonomy":"author","embeddable":true,"href":"https:\/\/www.camaeleon.org\/de\/wp-json\/wp\/v2\/coauthors?post=8931"}],"curies":[{"name":"wp","href":"https:\/\/api.w.org\/{rel}","templated":true}]}}