{"id":8892,"date":"2015-12-09T14:39:33","date_gmt":"2015-12-09T13:39:33","guid":{"rendered":"http:\/\/www.camaeleon.org\/?p=8892"},"modified":"2020-12-23T18:02:58","modified_gmt":"2020-12-23T17:02:58","slug":"samstags-schule-was-meint-ihr","status":"publish","type":"post","link":"https:\/\/www.camaeleon.org\/de\/2015\/12\/09\/samstags-schule-was-meint-ihr\/","title":{"rendered":"Samstags Schule &#8211; Sinnvoll oder nervig?"},"content":{"rendered":"<p><a href=\"https:\/\/www.camaeleon.org\/wp-content\/uploads\/2015\/11\/Stundenplan.jpg\"><img loading=\"lazy\" decoding=\"async\" class=\"size-medium wp-image-9402\" title=\"Samstags Schule?\" src=\"https:\/\/www.camaeleon.org\/wp-content\/uploads\/2015\/11\/Stundenplan-178x300.jpg\" alt=\"Samstags Schule?\" width=\"178\" height=\"300\" srcset=\"https:\/\/www.camaeleon.org\/wp-content\/uploads\/2015\/11\/Stundenplan-178x300.jpg 178w, https:\/\/www.camaeleon.org\/wp-content\/uploads\/2015\/11\/Stundenplan.jpg 357w\" sizes=\"auto, (max-width: 178px) 100vw, 178px\" \/><\/a><\/p>\n<p>Wie jeder Sch\u00fcler des DFG wei\u00df, ist an unserer Schule der Unterricht samstags alle zwei Wochen Pflicht. Aber warum eigentlich?<\/p>\n<p>Da das DFG eine deutsch-franz\u00f6sische Schule ist, wurde ein Teil des Schulsystems aus jeweils beiden L\u00e4ndern eingef\u00fchrt : Die 6-st\u00fcndigen Schultage in der Woche, die es in Deutschland gibt, und die 2-monatigen Sommerferien, die in Frankreich der Fall sind. Um also einen Ausgleich zu finden, wurde festgelegt, dass alle zwei Wochen samstags Unterricht stattfindet.<\/p>\n<p>Doch viele Sch\u00fcler nervt der Samstagsunterricht sehr. Sie sind der Meinung, dass Schule samstags das ganze Wochenende zerst\u00f6rt, da man nach dem Unterricht einfach nur m\u00fcde ist und nach Hause m\u00f6chte, und man sich somit nicht mehr mit Freunden beispielsweise in der Stadt treffen m\u00f6chte. Und sonntags kann man sich dann auch nicht treffen, weil man die ganzen Hausaufgaben f\u00fcr die Schule erledigen muss. Der Unterricht samstags beinhaltet au\u00dferdem nur Doppelstunden, was ziemlich anstrengend ist, f\u00fcr Sch\u00fcler und Lehrer. Dann hat man also grade mal einen Tag zum Ausschlafen, und muss dann am Montag schon wieder fr\u00fch aufstehen und in die Schule gehen. F\u00fcr Leute, die morgens sowieso fr\u00fch aufstehen, mag das kein Problem sein, aber f\u00fcr Leute, die viel Schlaf brauchen, weil sie sonst total \u00fcberm\u00fcdet sind, ist es ein Problem, das sie nicht l\u00f6sen k\u00f6nnen.<\/p>\n<p>Was haltet ihr vom Unterricht samstags? Hier k\u00f6nnt ihr abstimmen:<\/p>\n<p><div id=\"polls-21\" class=\"wp-polls\">\n\t<form id=\"polls_form_21\" class=\"wp-polls-form\" action=\"\/index.php\" method=\"post\">\n\t\t<p style=\"display: none;\"><input type=\"hidden\" id=\"poll_21_nonce\" name=\"wp-polls-nonce\" value=\"c187cfa285\" \/><\/p>\n\t\t<p style=\"display: none;\"><input type=\"hidden\" name=\"poll_id\" value=\"21\" \/><\/p>\n\t\t<p style=\"text-align: left\"><strong>Wie gef\u00e4llt dir der Unterricht samstags?<\/strong><\/p><div id=\"polls-21-ans\" class=\"wp-polls-ans\"><ul class=\"wp-polls-ul\"><br>\n\t\t<li><input type=\"radio\" id=\"poll-answer-74\" name=\"poll_21\" value=\"74\" \/> <label for=\"poll-answer-74\">Gut<\/label><\/li><br>\n\t\t<li><input type=\"radio\" id=\"poll-answer-75\" name=\"poll_21\" value=\"75\" \/> <label for=\"poll-answer-75\">Schlecht<\/label><\/li><br>\n\t\t<p style=\"text-align: left\"><input type=\"button\" name=\"vote\" value=\"   Abstimmen   \" class=\"Buttons\" onclick=\"poll_vote(21);\" \/><\/p>\r\n<p style=\"text-align: left\"><a href=\"#ViewPollResults\" onclick=\"poll_result(21); return false;\" title=\"Ergebnisse dieser Umfrage sehen\">Ergebnisse ansehen<\/a><\/p>\n\t<\/form>\n<\/div>\n<div id=\"polls-21-loading\" class=\"wp-polls-loading\"><img loading=\"lazy\" decoding=\"async\" src=\"https:\/\/www.camaeleon.org\/wp-content\/plugins\/wp-polls\/images\/loading.gif\" width=\"16\" height=\"16\" alt=\"Wird geladen ...\" title=\"Wird geladen ...\" class=\"wp-polls-image\" \/>&nbsp;Wird geladen ...<\/div>\n<br \/>\n<div id=\"polls-20\" class=\"wp-polls\">\n\t<form id=\"polls_form_20\" class=\"wp-polls-form\" action=\"\/index.php\" method=\"post\">\n\t\t<p style=\"display: none;\"><input type=\"hidden\" id=\"poll_20_nonce\" name=\"wp-polls-nonce\" value=\"f73327f217\" \/><\/p>\n\t\t<p style=\"display: none;\"><input type=\"hidden\" name=\"poll_id\" value=\"20\" \/><\/p>\n\t\t<p style=\"text-align: left\"><strong>Was st\u00f6rt dich am Samstagsunterricht?<\/strong><\/p><div id=\"polls-20-ans\" class=\"wp-polls-ans\"><ul class=\"wp-polls-ul\"><br>\n\t\t<li><input type=\"radio\" id=\"poll-answer-71\" name=\"poll_20\" value=\"71\" \/> <label for=\"poll-answer-71\">Das fr\u00fche Aufstehen<\/label><\/li><br>\n\t\t<li><input type=\"radio\" id=\"poll-answer-72\" name=\"poll_20\" value=\"72\" \/> <label for=\"poll-answer-72\">Die Doppelstunden<\/label><\/li><br>\n\t\t<li><input type=\"radio\" id=\"poll-answer-73\" name=\"poll_20\" value=\"73\" \/> <label for=\"poll-answer-73\">Nichts. Ich finde Samstagsunterricht ganz okay.<\/label><\/li><br>\n\t\t<p style=\"text-align: left\"><input type=\"button\" name=\"vote\" value=\"   Abstimmen   \" class=\"Buttons\" onclick=\"poll_vote(20);\" \/><\/p>\r\n<p style=\"text-align: left\"><a href=\"#ViewPollResults\" onclick=\"poll_result(20); return false;\" title=\"Ergebnisse dieser Umfrage sehen\">Ergebnisse ansehen<\/a><\/p>\n\t<\/form>\n<\/div>\n<div id=\"polls-20-loading\" class=\"wp-polls-loading\"><img loading=\"lazy\" decoding=\"async\" src=\"https:\/\/www.camaeleon.org\/wp-content\/plugins\/wp-polls\/images\/loading.gif\" width=\"16\" height=\"16\" alt=\"Wird geladen ...\" title=\"Wird geladen ...\" class=\"wp-polls-image\" \/>&nbsp;Wird geladen ...<\/div>\n<br \/>\n<div id=\"polls-19\" class=\"wp-polls\">\n\t<form id=\"polls_form_19\" class=\"wp-polls-form\" action=\"\/index.php\" method=\"post\">\n\t\t<p style=\"display: none;\"><input type=\"hidden\" id=\"poll_19_nonce\" name=\"wp-polls-nonce\" value=\"60c7d328f1\" \/><\/p>\n\t\t<p style=\"display: none;\"><input type=\"hidden\" name=\"poll_id\" value=\"19\" \/><\/p>\n\t\t<p style=\"text-align: left\"><strong>Was w\u00e4re dir lieber?<\/strong><\/p><div id=\"polls-19-ans\" class=\"wp-polls-ans\"><ul class=\"wp-polls-ul\"><br>\n\t\t<li><input type=\"radio\" id=\"poll-answer-69\" name=\"poll_19\" value=\"69\" \/> <label for=\"poll-answer-69\">Alle zwei Wochen samstags Unterricht und 2 Monate Sommerferien<\/label><\/li><br>\n\t\t<li><input type=\"radio\" id=\"poll-answer-70\" name=\"poll_19\" value=\"70\" \/> <label for=\"poll-answer-70\">Keinen Samstagsunterricht aber daf\u00fcr nur 6 Wochen Sommerferien<\/label><\/li><br>\n\t\t<p style=\"text-align: left\"><input type=\"button\" name=\"vote\" value=\"   Abstimmen   \" class=\"Buttons\" onclick=\"poll_vote(19);\" \/><\/p>\r\n<p style=\"text-align: left\"><a href=\"#ViewPollResults\" onclick=\"poll_result(19); return false;\" title=\"Ergebnisse dieser Umfrage sehen\">Ergebnisse ansehen<\/a><\/p>\n\t<\/form>\n<\/div>\n<div id=\"polls-19-loading\" class=\"wp-polls-loading\"><img loading=\"lazy\" decoding=\"async\" src=\"https:\/\/www.camaeleon.org\/wp-content\/plugins\/wp-polls\/images\/loading.gif\" width=\"16\" height=\"16\" alt=\"Wird geladen ...\" title=\"Wird geladen ...\" class=\"wp-polls-image\" \/>&nbsp;Wird geladen ...<\/div>\n<\/p>","protected":false},"excerpt":{"rendered":"<p>Wie jeder Sch\u00fcler des DFG wei\u00df, ist an unserer Schule der Unterricht samstags alle zwei Wochen Pflicht. Aber warum eigentlich? Da das DFG eine deutsch-franz\u00f6sische<\/p>\n","protected":false},"author":103,"featured_media":9402,"comment_status":"open","ping_status":"open","sticky":false,"template":"","format":"standard","meta":{"colormag_page_container_layout":"default_layout","colormag_page_sidebar_layout":"default_layout","footnotes":""},"categories":[3,6],"tags":[1062,252,1061,253],"coauthors":[822],"class_list":["post-8892","post","type-post","status-publish","format-standard","has-post-thumbnail","hentry","category-ecole","category-vie","tag-samedi-travaille","tag-samstags","tag-schulsamstag","tag-unterricht"],"yoast_head":"<!-- This site is optimized with the Yoast SEO plugin v27.5 - https:\/\/yoast.com\/product\/yoast-seo-wordpress\/ -->\n<title>Samstags Schule - Sinnvoll oder nervig? - Cam\u00e4l\u00e9on<\/title>\n<meta name=\"description\" content=\"Wie jeder Sch\u00fcler des DFG wei\u00df, ist an unserer Schule der Unterricht samstags alle zwei Wochen Pflicht. Aber warum eigentlich?\" \/>\n<meta name=\"robots\" content=\"index, follow, max-snippet:-1, max-image-preview:large, max-video-preview:-1\" \/>\n<link rel=\"canonical\" href=\"https:\/\/www.camaeleon.org\/de\/2015\/12\/09\/samstags-schule-was-meint-ihr\/\" \/>\n<meta property=\"og:locale\" content=\"de_DE\" \/>\n<meta property=\"og:type\" content=\"article\" \/>\n<meta property=\"og:title\" content=\"Samstags Schule - Sinnvoll oder nervig? - Cam\u00e4l\u00e9on\" \/>\n<meta property=\"og:description\" content=\"Wie jeder Sch\u00fcler des DFG wei\u00df, ist an unserer Schule der Unterricht samstags alle zwei Wochen Pflicht. Aber warum eigentlich?\" \/>\n<meta property=\"og:url\" content=\"https:\/\/www.camaeleon.org\/de\/2015\/12\/09\/samstags-schule-was-meint-ihr\/\" \/>\n<meta property=\"og:site_name\" content=\"Cam\u00e4l\u00e9on\" \/>\n<meta property=\"article:publisher\" content=\"https:\/\/www.facebook.com\/camaeleon.org\/\" \/>\n<meta property=\"article:published_time\" content=\"2015-12-09T13:39:33+00:00\" \/>\n<meta property=\"article:modified_time\" content=\"2020-12-23T17:02:58+00:00\" \/>\n<meta property=\"og:image\" content=\"https:\/\/www.camaeleon.org\/wp-content\/uploads\/2015\/11\/Stundenplan.jpg\" \/>\n\t<meta property=\"og:image:width\" content=\"357\" \/>\n\t<meta property=\"og:image:height\" content=\"600\" \/>\n\t<meta property=\"og:image:type\" content=\"image\/jpeg\" \/>\n<meta name=\"author\" content=\"Rebecca\" \/>\n<meta name=\"twitter:card\" content=\"summary_large_image\" \/>\n<meta name=\"twitter:creator\" content=\"@camaeleonOrg\" \/>\n<meta name=\"twitter:site\" content=\"@camaeleonOrg\" \/>\n<script type=\"application\/ld+json\" class=\"yoast-schema-graph\">{\"@context\":\"https:\\\/\\\/schema.org\",\"@graph\":[{\"@type\":\"Article\",\"@id\":\"https:\\\/\\\/www.camaeleon.org\\\/de\\\/2015\\\/12\\\/09\\\/samstags-schule-was-meint-ihr\\\/#article\",\"isPartOf\":{\"@id\":\"https:\\\/\\\/www.camaeleon.org\\\/de\\\/2015\\\/12\\\/09\\\/samstags-schule-was-meint-ihr\\\/\"},\"author\":{\"name\":\"Rebecca\",\"@id\":\"https:\\\/\\\/www.camaeleon.org\\\/de\\\/#\\\/schema\\\/person\\\/61ab4ddd1b42eec21955fb71b4cfa8ce\"},\"headline\":\"Samstags Schule &#8211; Sinnvoll oder nervig?\",\"datePublished\":\"2015-12-09T13:39:33+00:00\",\"dateModified\":\"2020-12-23T17:02:58+00:00\",\"mainEntityOfPage\":{\"@id\":\"https:\\\/\\\/www.camaeleon.org\\\/de\\\/2015\\\/12\\\/09\\\/samstags-schule-was-meint-ihr\\\/\"},\"wordCount\":753,\"commentCount\":2,\"publisher\":{\"@id\":\"https:\\\/\\\/www.camaeleon.org\\\/de\\\/#organization\"},\"image\":{\"@id\":\"https:\\\/\\\/www.camaeleon.org\\\/de\\\/2015\\\/12\\\/09\\\/samstags-schule-was-meint-ihr\\\/#primaryimage\"},\"thumbnailUrl\":\"https:\\\/\\\/www.camaeleon.org\\\/wp-content\\\/uploads\\\/2015\\\/11\\\/Stundenplan.jpg\",\"keywords\":[\"Samedi travaill\u00e9\",\"Samstags\",\"Schulsamstag\",\"Unterricht\"],\"articleSection\":[\"Schule\",\"Leben\"],\"inLanguage\":\"de\",\"potentialAction\":[{\"@type\":\"CommentAction\",\"name\":\"Comment\",\"target\":[\"https:\\\/\\\/www.camaeleon.org\\\/de\\\/2015\\\/12\\\/09\\\/samstags-schule-was-meint-ihr\\\/#respond\"]}]},{\"@type\":\"WebPage\",\"@id\":\"https:\\\/\\\/www.camaeleon.org\\\/de\\\/2015\\\/12\\\/09\\\/samstags-schule-was-meint-ihr\\\/\",\"url\":\"https:\\\/\\\/www.camaeleon.org\\\/de\\\/2015\\\/12\\\/09\\\/samstags-schule-was-meint-ihr\\\/\",\"name\":\"Samstags Schule - Sinnvoll oder nervig? - Cam\u00e4l\u00e9on\",\"isPartOf\":{\"@id\":\"https:\\\/\\\/www.camaeleon.org\\\/de\\\/#website\"},\"primaryImageOfPage\":{\"@id\":\"https:\\\/\\\/www.camaeleon.org\\\/de\\\/2015\\\/12\\\/09\\\/samstags-schule-was-meint-ihr\\\/#primaryimage\"},\"image\":{\"@id\":\"https:\\\/\\\/www.camaeleon.org\\\/de\\\/2015\\\/12\\\/09\\\/samstags-schule-was-meint-ihr\\\/#primaryimage\"},\"thumbnailUrl\":\"https:\\\/\\\/www.camaeleon.org\\\/wp-content\\\/uploads\\\/2015\\\/11\\\/Stundenplan.jpg\",\"datePublished\":\"2015-12-09T13:39:33+00:00\",\"dateModified\":\"2020-12-23T17:02:58+00:00\",\"description\":\"Wie jeder Sch\u00fcler des DFG wei\u00df, ist an unserer Schule der Unterricht samstags alle zwei Wochen Pflicht. Aber warum eigentlich?\",\"breadcrumb\":{\"@id\":\"https:\\\/\\\/www.camaeleon.org\\\/de\\\/2015\\\/12\\\/09\\\/samstags-schule-was-meint-ihr\\\/#breadcrumb\"},\"inLanguage\":\"de\",\"potentialAction\":[{\"@type\":\"ReadAction\",\"target\":[[\"https:\\\/\\\/www.camaeleon.org\\\/de\\\/2015\\\/12\\\/09\\\/samstags-schule-was-meint-ihr\\\/\"]]}]},{\"@type\":\"ImageObject\",\"inLanguage\":\"de\",\"@id\":\"https:\\\/\\\/www.camaeleon.org\\\/de\\\/2015\\\/12\\\/09\\\/samstags-schule-was-meint-ihr\\\/#primaryimage\",\"url\":\"https:\\\/\\\/www.camaeleon.org\\\/wp-content\\\/uploads\\\/2015\\\/11\\\/Stundenplan.jpg\",\"contentUrl\":\"https:\\\/\\\/www.camaeleon.org\\\/wp-content\\\/uploads\\\/2015\\\/11\\\/Stundenplan.jpg\",\"width\":357,\"height\":600,\"caption\":\"\"},{\"@type\":\"BreadcrumbList\",\"@id\":\"https:\\\/\\\/www.camaeleon.org\\\/de\\\/2015\\\/12\\\/09\\\/samstags-schule-was-meint-ihr\\\/#breadcrumb\",\"itemListElement\":[{\"@type\":\"ListItem\",\"position\":1,\"name\":\"Home\",\"item\":\"https:\\\/\\\/www.camaeleon.org\\\/de\\\/\"},{\"@type\":\"ListItem\",\"position\":2,\"name\":\"Samstags Schule &#8211; Sinnvoll oder nervig?\"}]},{\"@type\":\"WebSite\",\"@id\":\"https:\\\/\\\/www.camaeleon.org\\\/de\\\/#website\",\"url\":\"https:\\\/\\\/www.camaeleon.org\\\/de\\\/\",\"name\":\"Cam\u00e4l\u00e9on\",\"description\":\"Das Sch\u00fclermagazin des Deutsch-Franz\u00f6sischen Gymnasiums Saarbr\u00fccken\",\"publisher\":{\"@id\":\"https:\\\/\\\/www.camaeleon.org\\\/de\\\/#organization\"},\"potentialAction\":[{\"@type\":\"SearchAction\",\"target\":{\"@type\":\"EntryPoint\",\"urlTemplate\":\"https:\\\/\\\/www.camaeleon.org\\\/de\\\/?s={search_term_string}\"},\"query-input\":{\"@type\":\"PropertyValueSpecification\",\"valueRequired\":true,\"valueName\":\"search_term_string\"}}],\"inLanguage\":\"de\"},{\"@type\":\"Organization\",\"@id\":\"https:\\\/\\\/www.camaeleon.org\\\/de\\\/#organization\",\"name\":\"Cam\u00e4l\u00e9on\",\"url\":\"https:\\\/\\\/www.camaeleon.org\\\/de\\\/\",\"logo\":{\"@type\":\"ImageObject\",\"inLanguage\":\"de\",\"@id\":\"https:\\\/\\\/www.camaeleon.org\\\/de\\\/#\\\/schema\\\/logo\\\/image\\\/\",\"url\":\"https:\\\/\\\/www.camaeleon.org\\\/wp-content\\\/uploads\\\/2011\\\/11\\\/CAM\u00c4LEON.jpg\",\"contentUrl\":\"https:\\\/\\\/www.camaeleon.org\\\/wp-content\\\/uploads\\\/2011\\\/11\\\/CAM\u00c4LEON.jpg\",\"width\":959,\"height\":959,\"caption\":\"Cam\u00e4l\u00e9on\"},\"image\":{\"@id\":\"https:\\\/\\\/www.camaeleon.org\\\/de\\\/#\\\/schema\\\/logo\\\/image\\\/\"},\"sameAs\":[\"https:\\\/\\\/www.facebook.com\\\/camaeleon.org\\\/\",\"https:\\\/\\\/x.com\\\/camaeleonOrg\",\"https:\\\/\\\/www.instagram.com\\\/camaeleon.dfg\\\/\",\"https:\\\/\\\/www.youtube.com\\\/channel\\\/UCl3TAUDdGuu_c7CD6ax6hYg\"]},{\"@type\":\"Person\",\"@id\":\"https:\\\/\\\/www.camaeleon.org\\\/de\\\/#\\\/schema\\\/person\\\/61ab4ddd1b42eec21955fb71b4cfa8ce\",\"name\":\"Rebecca\",\"image\":{\"@type\":\"ImageObject\",\"inLanguage\":\"de\",\"@id\":\"https:\\\/\\\/www.camaeleon.org\\\/de\\\/wp-content\\\/uploads\\\/2021\\\/10\\\/cropped-android-chrome-512x512-2-150x150.pngb111c6b8db723f506736f05d8fadbe0c\",\"url\":\"https:\\\/\\\/www.camaeleon.org\\\/wp-content\\\/uploads\\\/2021\\\/10\\\/cropped-android-chrome-512x512-2-150x150.png\",\"contentUrl\":\"https:\\\/\\\/www.camaeleon.org\\\/wp-content\\\/uploads\\\/2021\\\/10\\\/cropped-android-chrome-512x512-2-150x150.png\",\"caption\":\"Rebecca\"},\"url\":\"https:\\\/\\\/www.camaeleon.org\\\/de\\\/author\\\/rebecca-pelster\\\/\"}]}<\/script>\n<!-- \/ Yoast SEO plugin. -->","yoast_head_json":{"title":"Samstags Schule - Sinnvoll oder nervig? - Cam\u00e4l\u00e9on","description":"Wie jeder Sch\u00fcler des DFG wei\u00df, ist an unserer Schule der Unterricht samstags alle zwei Wochen Pflicht. Aber warum eigentlich?","robots":{"index":"index","follow":"follow","max-snippet":"max-snippet:-1","max-image-preview":"max-image-preview:large","max-video-preview":"max-video-preview:-1"},"canonical":"https:\/\/www.camaeleon.org\/de\/2015\/12\/09\/samstags-schule-was-meint-ihr\/","og_locale":"de_DE","og_type":"article","og_title":"Samstags Schule - Sinnvoll oder nervig? - Cam\u00e4l\u00e9on","og_description":"Wie jeder Sch\u00fcler des DFG wei\u00df, ist an unserer Schule der Unterricht samstags alle zwei Wochen Pflicht. Aber warum eigentlich?","og_url":"https:\/\/www.camaeleon.org\/de\/2015\/12\/09\/samstags-schule-was-meint-ihr\/","og_site_name":"Cam\u00e4l\u00e9on","article_publisher":"https:\/\/www.facebook.com\/camaeleon.org\/","article_published_time":"2015-12-09T13:39:33+00:00","article_modified_time":"2020-12-23T17:02:58+00:00","og_image":[{"width":357,"height":600,"url":"https:\/\/www.camaeleon.org\/wp-content\/uploads\/2015\/11\/Stundenplan.jpg","type":"image\/jpeg"}],"author":"Rebecca","twitter_card":"summary_large_image","twitter_creator":"@camaeleonOrg","twitter_site":"@camaeleonOrg","schema":{"@context":"https:\/\/schema.org","@graph":[{"@type":"Article","@id":"https:\/\/www.camaeleon.org\/de\/2015\/12\/09\/samstags-schule-was-meint-ihr\/#article","isPartOf":{"@id":"https:\/\/www.camaeleon.org\/de\/2015\/12\/09\/samstags-schule-was-meint-ihr\/"},"author":{"name":"Rebecca","@id":"https:\/\/www.camaeleon.org\/de\/#\/schema\/person\/61ab4ddd1b42eec21955fb71b4cfa8ce"},"headline":"Samstags Schule &#8211; Sinnvoll oder nervig?","datePublished":"2015-12-09T13:39:33+00:00","dateModified":"2020-12-23T17:02:58+00:00","mainEntityOfPage":{"@id":"https:\/\/www.camaeleon.org\/de\/2015\/12\/09\/samstags-schule-was-meint-ihr\/"},"wordCount":753,"commentCount":2,"publisher":{"@id":"https:\/\/www.camaeleon.org\/de\/#organization"},"image":{"@id":"https:\/\/www.camaeleon.org\/de\/2015\/12\/09\/samstags-schule-was-meint-ihr\/#primaryimage"},"thumbnailUrl":"https:\/\/www.camaeleon.org\/wp-content\/uploads\/2015\/11\/Stundenplan.jpg","keywords":["Samedi travaill\u00e9","Samstags","Schulsamstag","Unterricht"],"articleSection":["Schule","Leben"],"inLanguage":"de","potentialAction":[{"@type":"CommentAction","name":"Comment","target":["https:\/\/www.camaeleon.org\/de\/2015\/12\/09\/samstags-schule-was-meint-ihr\/#respond"]}]},{"@type":"WebPage","@id":"https:\/\/www.camaeleon.org\/de\/2015\/12\/09\/samstags-schule-was-meint-ihr\/","url":"https:\/\/www.camaeleon.org\/de\/2015\/12\/09\/samstags-schule-was-meint-ihr\/","name":"Samstags Schule - Sinnvoll oder nervig? - Cam\u00e4l\u00e9on","isPartOf":{"@id":"https:\/\/www.camaeleon.org\/de\/#website"},"primaryImageOfPage":{"@id":"https:\/\/www.camaeleon.org\/de\/2015\/12\/09\/samstags-schule-was-meint-ihr\/#primaryimage"},"image":{"@id":"https:\/\/www.camaeleon.org\/de\/2015\/12\/09\/samstags-schule-was-meint-ihr\/#primaryimage"},"thumbnailUrl":"https:\/\/www.camaeleon.org\/wp-content\/uploads\/2015\/11\/Stundenplan.jpg","datePublished":"2015-12-09T13:39:33+00:00","dateModified":"2020-12-23T17:02:58+00:00","description":"Wie jeder Sch\u00fcler des DFG wei\u00df, ist an unserer Schule der Unterricht samstags alle zwei Wochen Pflicht. Aber warum eigentlich?","breadcrumb":{"@id":"https:\/\/www.camaeleon.org\/de\/2015\/12\/09\/samstags-schule-was-meint-ihr\/#breadcrumb"},"inLanguage":"de","potentialAction":[{"@type":"ReadAction","target":[["https:\/\/www.camaeleon.org\/de\/2015\/12\/09\/samstags-schule-was-meint-ihr\/"]]}]},{"@type":"ImageObject","inLanguage":"de","@id":"https:\/\/www.camaeleon.org\/de\/2015\/12\/09\/samstags-schule-was-meint-ihr\/#primaryimage","url":"https:\/\/www.camaeleon.org\/wp-content\/uploads\/2015\/11\/Stundenplan.jpg","contentUrl":"https:\/\/www.camaeleon.org\/wp-content\/uploads\/2015\/11\/Stundenplan.jpg","width":357,"height":600,"caption":""},{"@type":"BreadcrumbList","@id":"https:\/\/www.camaeleon.org\/de\/2015\/12\/09\/samstags-schule-was-meint-ihr\/#breadcrumb","itemListElement":[{"@type":"ListItem","position":1,"name":"Home","item":"https:\/\/www.camaeleon.org\/de\/"},{"@type":"ListItem","position":2,"name":"Samstags Schule &#8211; Sinnvoll oder nervig?"}]},{"@type":"WebSite","@id":"https:\/\/www.camaeleon.org\/de\/#website","url":"https:\/\/www.camaeleon.org\/de\/","name":"Cam\u00e4l\u00e9on","description":"Das Sch\u00fclermagazin des Deutsch-Franz\u00f6sischen Gymnasiums Saarbr\u00fccken","publisher":{"@id":"https:\/\/www.camaeleon.org\/de\/#organization"},"potentialAction":[{"@type":"SearchAction","target":{"@type":"EntryPoint","urlTemplate":"https:\/\/www.camaeleon.org\/de\/?s={search_term_string}"},"query-input":{"@type":"PropertyValueSpecification","valueRequired":true,"valueName":"search_term_string"}}],"inLanguage":"de"},{"@type":"Organization","@id":"https:\/\/www.camaeleon.org\/de\/#organization","name":"Cam\u00e4l\u00e9on","url":"https:\/\/www.camaeleon.org\/de\/","logo":{"@type":"ImageObject","inLanguage":"de","@id":"https:\/\/www.camaeleon.org\/de\/#\/schema\/logo\/image\/","url":"https:\/\/www.camaeleon.org\/wp-content\/uploads\/2011\/11\/CAM\u00c4LEON.jpg","contentUrl":"https:\/\/www.camaeleon.org\/wp-content\/uploads\/2011\/11\/CAM\u00c4LEON.jpg","width":959,"height":959,"caption":"Cam\u00e4l\u00e9on"},"image":{"@id":"https:\/\/www.camaeleon.org\/de\/#\/schema\/logo\/image\/"},"sameAs":["https:\/\/www.facebook.com\/camaeleon.org\/","https:\/\/x.com\/camaeleonOrg","https:\/\/www.instagram.com\/camaeleon.dfg\/","https:\/\/www.youtube.com\/channel\/UCl3TAUDdGuu_c7CD6ax6hYg"]},{"@type":"Person","@id":"https:\/\/www.camaeleon.org\/de\/#\/schema\/person\/61ab4ddd1b42eec21955fb71b4cfa8ce","name":"Rebecca","image":{"@type":"ImageObject","inLanguage":"de","@id":"https:\/\/www.camaeleon.org\/de\/wp-content\/uploads\/2021\/10\/cropped-android-chrome-512x512-2-150x150.pngb111c6b8db723f506736f05d8fadbe0c","url":"https:\/\/www.camaeleon.org\/wp-content\/uploads\/2021\/10\/cropped-android-chrome-512x512-2-150x150.png","contentUrl":"https:\/\/www.camaeleon.org\/wp-content\/uploads\/2021\/10\/cropped-android-chrome-512x512-2-150x150.png","caption":"Rebecca"},"url":"https:\/\/www.camaeleon.org\/de\/author\/rebecca-pelster\/"}]}},"_links":{"self":[{"href":"https:\/\/www.camaeleon.org\/de\/wp-json\/wp\/v2\/posts\/8892","targetHints":{"allow":["GET"]}}],"collection":[{"href":"https:\/\/www.camaeleon.org\/de\/wp-json\/wp\/v2\/posts"}],"about":[{"href":"https:\/\/www.camaeleon.org\/de\/wp-json\/wp\/v2\/types\/post"}],"author":[{"embeddable":true,"href":"https:\/\/www.camaeleon.org\/de\/wp-json\/wp\/v2\/users\/103"}],"replies":[{"embeddable":true,"href":"https:\/\/www.camaeleon.org\/de\/wp-json\/wp\/v2\/comments?post=8892"}],"version-history":[{"count":0,"href":"https:\/\/www.camaeleon.org\/de\/wp-json\/wp\/v2\/posts\/8892\/revisions"}],"wp:featuredmedia":[{"embeddable":true,"href":"https:\/\/www.camaeleon.org\/de\/wp-json\/wp\/v2\/media\/9402"}],"wp:attachment":[{"href":"https:\/\/www.camaeleon.org\/de\/wp-json\/wp\/v2\/media?parent=8892"}],"wp:term":[{"taxonomy":"category","embeddable":true,"href":"https:\/\/www.camaeleon.org\/de\/wp-json\/wp\/v2\/categories?post=8892"},{"taxonomy":"post_tag","embeddable":true,"href":"https:\/\/www.camaeleon.org\/de\/wp-json\/wp\/v2\/tags?post=8892"},{"taxonomy":"author","embeddable":true,"href":"https:\/\/www.camaeleon.org\/de\/wp-json\/wp\/v2\/coauthors?post=8892"}],"curies":[{"name":"wp","href":"https:\/\/api.w.org\/{rel}","templated":true}]}}