{"id":8189,"date":"2015-05-29T12:14:33","date_gmt":"2015-05-29T10:14:33","guid":{"rendered":"http:\/\/www.camaeleon.org\/?p=8189"},"modified":"2021-01-02T21:51:46","modified_gmt":"2021-01-02T20:51:46","slug":"interview-mit-kurt-pelda-ein-kriegsjournalist-besucht-unsere-schule","status":"publish","type":"post","link":"https:\/\/www.camaeleon.org\/de\/2015\/05\/29\/interview-mit-kurt-pelda-ein-kriegsjournalist-besucht-unsere-schule\/","title":{"rendered":"Interview mit Kurt Pelda &#8211; ein Kriegsjournalist besucht unsere Schule"},"content":{"rendered":"<p><span style=\"color: #333333;\">Am 18. April 2015 besuchte der weltbekannte Schweizer Kriegsjournalist Kurt Pelda unsere Schule. Kurt Pelda liefert f\u00fcr f\u00fchrende deutsche Medien wie Spiegel, Focus, DIE WELT oder ARD und ZDF Reportagen aus Krisenl\u00e4ndern wie Afghanistan, Libyen oder Syrien \u2212 oft unter Lebensgefahr. Im vergangenen Jahr erhielt er als Anerkennung f\u00fcr seine Darstellung der pers\u00f6nlichen Schicksale von Menschen in Kriegsgebieten den Menschenrechtspreis der Internationalen Gesellschaft f\u00fcr Menschenrechte in der Schweiz. Das Team von Camaeleon durfte ihm ein paar Fragen stellen. <\/span><\/p>\n<p><center><div style=\"width: 432px;\" class=\"wp-video\"><video class=\"wp-video-shortcode\" id=\"video-8189-2\" width=\"432\" height=\"288\" poster=\"https:\/\/www.camaeleon.org\/wp-content\/uploads\/2015\/04\/Interview-mit-Kurt-Pelda.png\" preload=\"metadata\" controls=\"controls\"><source type=\"video\/mp4\" src=\"https:\/\/www.camaeleon.org\/wp-content\/uploads\/2016\/02\/Interview-mit-Kurt-Pelda.mp4?_=2\" \/><a href=\"https:\/\/www.camaeleon.org\/wp-content\/uploads\/2016\/02\/Interview-mit-Kurt-Pelda.mp4\">https:\/\/www.camaeleon.org\/wp-content\/uploads\/2016\/02\/Interview-mit-Kurt-Pelda.mp4<\/a><\/video><\/div><br \/>\n<\/center><span style=\"color: #333333;\">\u00a0<\/span><\/p>","protected":false},"excerpt":{"rendered":"<p>Am 18. April 2015 besuchte der weltbekannte Schweizer Kriegsjournalist Kurt Pelda unsere Schule. Kurt Pelda liefert f\u00fcr f\u00fchrende deutsche Medien wie Spiegel, Focus, DIE WELT<\/p>\n","protected":false},"author":87,"featured_media":8138,"comment_status":"open","ping_status":"open","sticky":false,"template":"","format":"standard","meta":{"colormag_page_container_layout":"default_layout","colormag_page_sidebar_layout":"default_layout","footnotes":""},"categories":[3,5,10,6,908],"tags":[248,277,1438,1437,278,279],"coauthors":[821],"class_list":["post-8189","post","type-post","status-publish","format-standard","has-post-thumbnail","hentry","category-ecole","category-monde","category-politique","category-vie","category-camaeleon-video","tag-fluechtlinge","tag-krieg","tag-kriegsreporter","tag-kurt-pelda","tag-reporter","tag-syrien"],"yoast_head":"<!-- This site is optimized with the Yoast SEO plugin v27.5 - https:\/\/yoast.com\/product\/yoast-seo-wordpress\/ -->\n<title>Interview mit Kurt Pelda - ein Kriegsjournalist besucht unsere Schule - Cam\u00e4l\u00e9on<\/title>\n<meta name=\"description\" content=\"Am 18. April 2015 besuchte der Schweizer Kriegsjournalist Kurt Pelda unsere Schule. Er berichtet aus Krisenl\u00e4ndern wie Afghanistan, Libyen oder Syrien.\" \/>\n<meta name=\"robots\" content=\"index, follow, max-snippet:-1, max-image-preview:large, max-video-preview:-1\" \/>\n<link rel=\"canonical\" href=\"https:\/\/www.camaeleon.org\/de\/2015\/05\/29\/interview-mit-kurt-pelda-ein-kriegsjournalist-besucht-unsere-schule\/\" \/>\n<meta property=\"og:locale\" content=\"de_DE\" \/>\n<meta property=\"og:type\" content=\"article\" \/>\n<meta property=\"og:title\" content=\"Interview mit Kurt Pelda - ein Kriegsjournalist besucht unsere Schule - Cam\u00e4l\u00e9on\" \/>\n<meta property=\"og:description\" content=\"Am 18. April 2015 besuchte der Schweizer Kriegsjournalist Kurt Pelda unsere Schule. Er berichtet aus Krisenl\u00e4ndern wie Afghanistan, Libyen oder Syrien.\" \/>\n<meta property=\"og:url\" content=\"https:\/\/www.camaeleon.org\/de\/2015\/05\/29\/interview-mit-kurt-pelda-ein-kriegsjournalist-besucht-unsere-schule\/\" \/>\n<meta property=\"og:site_name\" content=\"Cam\u00e4l\u00e9on\" \/>\n<meta property=\"article:publisher\" content=\"https:\/\/www.facebook.com\/camaeleon.org\/\" \/>\n<meta property=\"article:published_time\" content=\"2015-05-29T10:14:33+00:00\" \/>\n<meta property=\"article:modified_time\" content=\"2021-01-02T20:51:46+00:00\" \/>\n<meta property=\"og:image\" content=\"https:\/\/www.camaeleon.org\/wp-content\/uploads\/2015\/04\/Interview-mit-Kurt-Pelda.png\" \/>\n\t<meta property=\"og:image:width\" content=\"720\" \/>\n\t<meta property=\"og:image:height\" content=\"480\" \/>\n\t<meta property=\"og:image:type\" content=\"image\/png\" \/>\n<meta name=\"author\" content=\"Rebecca Iacob\" \/>\n<meta name=\"twitter:card\" content=\"summary_large_image\" \/>\n<meta name=\"twitter:creator\" content=\"@camaeleonOrg\" \/>\n<meta name=\"twitter:site\" content=\"@camaeleonOrg\" \/>\n<script type=\"application\/ld+json\" class=\"yoast-schema-graph\">{\"@context\":\"https:\\\/\\\/schema.org\",\"@graph\":[{\"@type\":\"Article\",\"@id\":\"https:\\\/\\\/www.camaeleon.org\\\/de\\\/2015\\\/05\\\/29\\\/interview-mit-kurt-pelda-ein-kriegsjournalist-besucht-unsere-schule\\\/#article\",\"isPartOf\":{\"@id\":\"https:\\\/\\\/www.camaeleon.org\\\/de\\\/2015\\\/05\\\/29\\\/interview-mit-kurt-pelda-ein-kriegsjournalist-besucht-unsere-schule\\\/\"},\"author\":{\"name\":\"Rebecca Iacob\",\"@id\":\"https:\\\/\\\/www.camaeleon.org\\\/de\\\/#\\\/schema\\\/person\\\/3cc7e4678e55edb0b17e8e0da7278b56\"},\"headline\":\"Interview mit Kurt Pelda &#8211; ein Kriegsjournalist besucht unsere Schule\",\"datePublished\":\"2015-05-29T10:14:33+00:00\",\"dateModified\":\"2021-01-02T20:51:46+00:00\",\"mainEntityOfPage\":{\"@id\":\"https:\\\/\\\/www.camaeleon.org\\\/de\\\/2015\\\/05\\\/29\\\/interview-mit-kurt-pelda-ein-kriegsjournalist-besucht-unsere-schule\\\/\"},\"wordCount\":322,\"commentCount\":0,\"publisher\":{\"@id\":\"https:\\\/\\\/www.camaeleon.org\\\/de\\\/#organization\"},\"image\":{\"@id\":\"https:\\\/\\\/www.camaeleon.org\\\/de\\\/2015\\\/05\\\/29\\\/interview-mit-kurt-pelda-ein-kriegsjournalist-besucht-unsere-schule\\\/#primaryimage\"},\"thumbnailUrl\":\"https:\\\/\\\/www.camaeleon.org\\\/wp-content\\\/uploads\\\/2015\\\/04\\\/Interview-mit-Kurt-Pelda.png\",\"keywords\":[\"Fl\u00fcchtlinge\",\"Krieg\",\"Kriegsreporter\",\"Kurt Pelda\",\"Reporter\",\"Syrien\"],\"articleSection\":[\"Schule\",\"Welt\",\"Politik\",\"Leben\",\"Video\"],\"inLanguage\":\"de\",\"potentialAction\":[{\"@type\":\"CommentAction\",\"name\":\"Comment\",\"target\":[\"https:\\\/\\\/www.camaeleon.org\\\/de\\\/2015\\\/05\\\/29\\\/interview-mit-kurt-pelda-ein-kriegsjournalist-besucht-unsere-schule\\\/#respond\"]}]},{\"@type\":\"WebPage\",\"@id\":\"https:\\\/\\\/www.camaeleon.org\\\/de\\\/2015\\\/05\\\/29\\\/interview-mit-kurt-pelda-ein-kriegsjournalist-besucht-unsere-schule\\\/\",\"url\":\"https:\\\/\\\/www.camaeleon.org\\\/de\\\/2015\\\/05\\\/29\\\/interview-mit-kurt-pelda-ein-kriegsjournalist-besucht-unsere-schule\\\/\",\"name\":\"Interview mit Kurt Pelda - ein Kriegsjournalist besucht unsere Schule - Cam\u00e4l\u00e9on\",\"isPartOf\":{\"@id\":\"https:\\\/\\\/www.camaeleon.org\\\/de\\\/#website\"},\"primaryImageOfPage\":{\"@id\":\"https:\\\/\\\/www.camaeleon.org\\\/de\\\/2015\\\/05\\\/29\\\/interview-mit-kurt-pelda-ein-kriegsjournalist-besucht-unsere-schule\\\/#primaryimage\"},\"image\":{\"@id\":\"https:\\\/\\\/www.camaeleon.org\\\/de\\\/2015\\\/05\\\/29\\\/interview-mit-kurt-pelda-ein-kriegsjournalist-besucht-unsere-schule\\\/#primaryimage\"},\"thumbnailUrl\":\"https:\\\/\\\/www.camaeleon.org\\\/wp-content\\\/uploads\\\/2015\\\/04\\\/Interview-mit-Kurt-Pelda.png\",\"datePublished\":\"2015-05-29T10:14:33+00:00\",\"dateModified\":\"2021-01-02T20:51:46+00:00\",\"description\":\"Am 18. April 2015 besuchte der Schweizer Kriegsjournalist Kurt Pelda unsere Schule. Er berichtet aus Krisenl\u00e4ndern wie Afghanistan, Libyen oder Syrien.\",\"breadcrumb\":{\"@id\":\"https:\\\/\\\/www.camaeleon.org\\\/de\\\/2015\\\/05\\\/29\\\/interview-mit-kurt-pelda-ein-kriegsjournalist-besucht-unsere-schule\\\/#breadcrumb\"},\"inLanguage\":\"de\",\"potentialAction\":[{\"@type\":\"ReadAction\",\"target\":[[\"https:\\\/\\\/www.camaeleon.org\\\/de\\\/2015\\\/05\\\/29\\\/interview-mit-kurt-pelda-ein-kriegsjournalist-besucht-unsere-schule\\\/\"]]}]},{\"@type\":\"ImageObject\",\"inLanguage\":\"de\",\"@id\":\"https:\\\/\\\/www.camaeleon.org\\\/de\\\/2015\\\/05\\\/29\\\/interview-mit-kurt-pelda-ein-kriegsjournalist-besucht-unsere-schule\\\/#primaryimage\",\"url\":\"https:\\\/\\\/www.camaeleon.org\\\/wp-content\\\/uploads\\\/2015\\\/04\\\/Interview-mit-Kurt-Pelda.png\",\"contentUrl\":\"https:\\\/\\\/www.camaeleon.org\\\/wp-content\\\/uploads\\\/2015\\\/04\\\/Interview-mit-Kurt-Pelda.png\",\"width\":720,\"height\":480,\"caption\":\"Interview mit Kurt Pelda\"},{\"@type\":\"BreadcrumbList\",\"@id\":\"https:\\\/\\\/www.camaeleon.org\\\/de\\\/2015\\\/05\\\/29\\\/interview-mit-kurt-pelda-ein-kriegsjournalist-besucht-unsere-schule\\\/#breadcrumb\",\"itemListElement\":[{\"@type\":\"ListItem\",\"position\":1,\"name\":\"Home\",\"item\":\"https:\\\/\\\/www.camaeleon.org\\\/de\\\/\"},{\"@type\":\"ListItem\",\"position\":2,\"name\":\"Interview mit Kurt Pelda &#8211; ein Kriegsjournalist besucht unsere Schule\"}]},{\"@type\":\"WebSite\",\"@id\":\"https:\\\/\\\/www.camaeleon.org\\\/de\\\/#website\",\"url\":\"https:\\\/\\\/www.camaeleon.org\\\/de\\\/\",\"name\":\"Cam\u00e4l\u00e9on\",\"description\":\"Das Sch\u00fclermagazin des Deutsch-Franz\u00f6sischen Gymnasiums Saarbr\u00fccken\",\"publisher\":{\"@id\":\"https:\\\/\\\/www.camaeleon.org\\\/de\\\/#organization\"},\"potentialAction\":[{\"@type\":\"SearchAction\",\"target\":{\"@type\":\"EntryPoint\",\"urlTemplate\":\"https:\\\/\\\/www.camaeleon.org\\\/de\\\/?s={search_term_string}\"},\"query-input\":{\"@type\":\"PropertyValueSpecification\",\"valueRequired\":true,\"valueName\":\"search_term_string\"}}],\"inLanguage\":\"de\"},{\"@type\":\"Organization\",\"@id\":\"https:\\\/\\\/www.camaeleon.org\\\/de\\\/#organization\",\"name\":\"Cam\u00e4l\u00e9on\",\"url\":\"https:\\\/\\\/www.camaeleon.org\\\/de\\\/\",\"logo\":{\"@type\":\"ImageObject\",\"inLanguage\":\"de\",\"@id\":\"https:\\\/\\\/www.camaeleon.org\\\/de\\\/#\\\/schema\\\/logo\\\/image\\\/\",\"url\":\"https:\\\/\\\/www.camaeleon.org\\\/wp-content\\\/uploads\\\/2011\\\/11\\\/CAM\u00c4LEON.jpg\",\"contentUrl\":\"https:\\\/\\\/www.camaeleon.org\\\/wp-content\\\/uploads\\\/2011\\\/11\\\/CAM\u00c4LEON.jpg\",\"width\":959,\"height\":959,\"caption\":\"Cam\u00e4l\u00e9on\"},\"image\":{\"@id\":\"https:\\\/\\\/www.camaeleon.org\\\/de\\\/#\\\/schema\\\/logo\\\/image\\\/\"},\"sameAs\":[\"https:\\\/\\\/www.facebook.com\\\/camaeleon.org\\\/\",\"https:\\\/\\\/x.com\\\/camaeleonOrg\",\"https:\\\/\\\/www.instagram.com\\\/camaeleon.dfg\\\/\",\"https:\\\/\\\/www.youtube.com\\\/channel\\\/UCl3TAUDdGuu_c7CD6ax6hYg\"]},{\"@type\":\"Person\",\"@id\":\"https:\\\/\\\/www.camaeleon.org\\\/de\\\/#\\\/schema\\\/person\\\/3cc7e4678e55edb0b17e8e0da7278b56\",\"name\":\"Rebecca Iacob\",\"image\":{\"@type\":\"ImageObject\",\"inLanguage\":\"de\",\"@id\":\"https:\\\/\\\/www.camaeleon.org\\\/de\\\/wp-content\\\/uploads\\\/2016\\\/02\\\/img_7008.jpg4fbb1191e694d08a922abe6a53f7fc79\",\"url\":\"https:\\\/\\\/www.camaeleon.org\\\/wp-content\\\/uploads\\\/2016\\\/02\\\/img_7008.jpg\",\"contentUrl\":\"https:\\\/\\\/www.camaeleon.org\\\/wp-content\\\/uploads\\\/2016\\\/02\\\/img_7008.jpg\",\"caption\":\"Rebecca Iacob\"},\"url\":\"https:\\\/\\\/www.camaeleon.org\\\/de\\\/author\\\/rebecca-iacob\\\/\"}]}<\/script>\n<!-- \/ Yoast SEO plugin. -->","yoast_head_json":{"title":"Interview mit Kurt Pelda - ein Kriegsjournalist besucht unsere Schule - Cam\u00e4l\u00e9on","description":"Am 18. April 2015 besuchte der Schweizer Kriegsjournalist Kurt Pelda unsere Schule. Er berichtet aus Krisenl\u00e4ndern wie Afghanistan, Libyen oder Syrien.","robots":{"index":"index","follow":"follow","max-snippet":"max-snippet:-1","max-image-preview":"max-image-preview:large","max-video-preview":"max-video-preview:-1"},"canonical":"https:\/\/www.camaeleon.org\/de\/2015\/05\/29\/interview-mit-kurt-pelda-ein-kriegsjournalist-besucht-unsere-schule\/","og_locale":"de_DE","og_type":"article","og_title":"Interview mit Kurt Pelda - ein Kriegsjournalist besucht unsere Schule - Cam\u00e4l\u00e9on","og_description":"Am 18. April 2015 besuchte der Schweizer Kriegsjournalist Kurt Pelda unsere Schule. Er berichtet aus Krisenl\u00e4ndern wie Afghanistan, Libyen oder Syrien.","og_url":"https:\/\/www.camaeleon.org\/de\/2015\/05\/29\/interview-mit-kurt-pelda-ein-kriegsjournalist-besucht-unsere-schule\/","og_site_name":"Cam\u00e4l\u00e9on","article_publisher":"https:\/\/www.facebook.com\/camaeleon.org\/","article_published_time":"2015-05-29T10:14:33+00:00","article_modified_time":"2021-01-02T20:51:46+00:00","og_image":[{"width":720,"height":480,"url":"https:\/\/www.camaeleon.org\/wp-content\/uploads\/2015\/04\/Interview-mit-Kurt-Pelda.png","type":"image\/png"}],"author":"Rebecca Iacob","twitter_card":"summary_large_image","twitter_creator":"@camaeleonOrg","twitter_site":"@camaeleonOrg","schema":{"@context":"https:\/\/schema.org","@graph":[{"@type":"Article","@id":"https:\/\/www.camaeleon.org\/de\/2015\/05\/29\/interview-mit-kurt-pelda-ein-kriegsjournalist-besucht-unsere-schule\/#article","isPartOf":{"@id":"https:\/\/www.camaeleon.org\/de\/2015\/05\/29\/interview-mit-kurt-pelda-ein-kriegsjournalist-besucht-unsere-schule\/"},"author":{"name":"Rebecca Iacob","@id":"https:\/\/www.camaeleon.org\/de\/#\/schema\/person\/3cc7e4678e55edb0b17e8e0da7278b56"},"headline":"Interview mit Kurt Pelda &#8211; ein Kriegsjournalist besucht unsere Schule","datePublished":"2015-05-29T10:14:33+00:00","dateModified":"2021-01-02T20:51:46+00:00","mainEntityOfPage":{"@id":"https:\/\/www.camaeleon.org\/de\/2015\/05\/29\/interview-mit-kurt-pelda-ein-kriegsjournalist-besucht-unsere-schule\/"},"wordCount":322,"commentCount":0,"publisher":{"@id":"https:\/\/www.camaeleon.org\/de\/#organization"},"image":{"@id":"https:\/\/www.camaeleon.org\/de\/2015\/05\/29\/interview-mit-kurt-pelda-ein-kriegsjournalist-besucht-unsere-schule\/#primaryimage"},"thumbnailUrl":"https:\/\/www.camaeleon.org\/wp-content\/uploads\/2015\/04\/Interview-mit-Kurt-Pelda.png","keywords":["Fl\u00fcchtlinge","Krieg","Kriegsreporter","Kurt Pelda","Reporter","Syrien"],"articleSection":["Schule","Welt","Politik","Leben","Video"],"inLanguage":"de","potentialAction":[{"@type":"CommentAction","name":"Comment","target":["https:\/\/www.camaeleon.org\/de\/2015\/05\/29\/interview-mit-kurt-pelda-ein-kriegsjournalist-besucht-unsere-schule\/#respond"]}]},{"@type":"WebPage","@id":"https:\/\/www.camaeleon.org\/de\/2015\/05\/29\/interview-mit-kurt-pelda-ein-kriegsjournalist-besucht-unsere-schule\/","url":"https:\/\/www.camaeleon.org\/de\/2015\/05\/29\/interview-mit-kurt-pelda-ein-kriegsjournalist-besucht-unsere-schule\/","name":"Interview mit Kurt Pelda - ein Kriegsjournalist besucht unsere Schule - Cam\u00e4l\u00e9on","isPartOf":{"@id":"https:\/\/www.camaeleon.org\/de\/#website"},"primaryImageOfPage":{"@id":"https:\/\/www.camaeleon.org\/de\/2015\/05\/29\/interview-mit-kurt-pelda-ein-kriegsjournalist-besucht-unsere-schule\/#primaryimage"},"image":{"@id":"https:\/\/www.camaeleon.org\/de\/2015\/05\/29\/interview-mit-kurt-pelda-ein-kriegsjournalist-besucht-unsere-schule\/#primaryimage"},"thumbnailUrl":"https:\/\/www.camaeleon.org\/wp-content\/uploads\/2015\/04\/Interview-mit-Kurt-Pelda.png","datePublished":"2015-05-29T10:14:33+00:00","dateModified":"2021-01-02T20:51:46+00:00","description":"Am 18. April 2015 besuchte der Schweizer Kriegsjournalist Kurt Pelda unsere Schule. Er berichtet aus Krisenl\u00e4ndern wie Afghanistan, Libyen oder Syrien.","breadcrumb":{"@id":"https:\/\/www.camaeleon.org\/de\/2015\/05\/29\/interview-mit-kurt-pelda-ein-kriegsjournalist-besucht-unsere-schule\/#breadcrumb"},"inLanguage":"de","potentialAction":[{"@type":"ReadAction","target":[["https:\/\/www.camaeleon.org\/de\/2015\/05\/29\/interview-mit-kurt-pelda-ein-kriegsjournalist-besucht-unsere-schule\/"]]}]},{"@type":"ImageObject","inLanguage":"de","@id":"https:\/\/www.camaeleon.org\/de\/2015\/05\/29\/interview-mit-kurt-pelda-ein-kriegsjournalist-besucht-unsere-schule\/#primaryimage","url":"https:\/\/www.camaeleon.org\/wp-content\/uploads\/2015\/04\/Interview-mit-Kurt-Pelda.png","contentUrl":"https:\/\/www.camaeleon.org\/wp-content\/uploads\/2015\/04\/Interview-mit-Kurt-Pelda.png","width":720,"height":480,"caption":"Interview mit Kurt Pelda"},{"@type":"BreadcrumbList","@id":"https:\/\/www.camaeleon.org\/de\/2015\/05\/29\/interview-mit-kurt-pelda-ein-kriegsjournalist-besucht-unsere-schule\/#breadcrumb","itemListElement":[{"@type":"ListItem","position":1,"name":"Home","item":"https:\/\/www.camaeleon.org\/de\/"},{"@type":"ListItem","position":2,"name":"Interview mit Kurt Pelda &#8211; ein Kriegsjournalist besucht unsere Schule"}]},{"@type":"WebSite","@id":"https:\/\/www.camaeleon.org\/de\/#website","url":"https:\/\/www.camaeleon.org\/de\/","name":"Cam\u00e4l\u00e9on","description":"Das Sch\u00fclermagazin des Deutsch-Franz\u00f6sischen Gymnasiums Saarbr\u00fccken","publisher":{"@id":"https:\/\/www.camaeleon.org\/de\/#organization"},"potentialAction":[{"@type":"SearchAction","target":{"@type":"EntryPoint","urlTemplate":"https:\/\/www.camaeleon.org\/de\/?s={search_term_string}"},"query-input":{"@type":"PropertyValueSpecification","valueRequired":true,"valueName":"search_term_string"}}],"inLanguage":"de"},{"@type":"Organization","@id":"https:\/\/www.camaeleon.org\/de\/#organization","name":"Cam\u00e4l\u00e9on","url":"https:\/\/www.camaeleon.org\/de\/","logo":{"@type":"ImageObject","inLanguage":"de","@id":"https:\/\/www.camaeleon.org\/de\/#\/schema\/logo\/image\/","url":"https:\/\/www.camaeleon.org\/wp-content\/uploads\/2011\/11\/CAM\u00c4LEON.jpg","contentUrl":"https:\/\/www.camaeleon.org\/wp-content\/uploads\/2011\/11\/CAM\u00c4LEON.jpg","width":959,"height":959,"caption":"Cam\u00e4l\u00e9on"},"image":{"@id":"https:\/\/www.camaeleon.org\/de\/#\/schema\/logo\/image\/"},"sameAs":["https:\/\/www.facebook.com\/camaeleon.org\/","https:\/\/x.com\/camaeleonOrg","https:\/\/www.instagram.com\/camaeleon.dfg\/","https:\/\/www.youtube.com\/channel\/UCl3TAUDdGuu_c7CD6ax6hYg"]},{"@type":"Person","@id":"https:\/\/www.camaeleon.org\/de\/#\/schema\/person\/3cc7e4678e55edb0b17e8e0da7278b56","name":"Rebecca Iacob","image":{"@type":"ImageObject","inLanguage":"de","@id":"https:\/\/www.camaeleon.org\/de\/wp-content\/uploads\/2016\/02\/img_7008.jpg4fbb1191e694d08a922abe6a53f7fc79","url":"https:\/\/www.camaeleon.org\/wp-content\/uploads\/2016\/02\/img_7008.jpg","contentUrl":"https:\/\/www.camaeleon.org\/wp-content\/uploads\/2016\/02\/img_7008.jpg","caption":"Rebecca Iacob"},"url":"https:\/\/www.camaeleon.org\/de\/author\/rebecca-iacob\/"}]}},"_links":{"self":[{"href":"https:\/\/www.camaeleon.org\/de\/wp-json\/wp\/v2\/posts\/8189","targetHints":{"allow":["GET"]}}],"collection":[{"href":"https:\/\/www.camaeleon.org\/de\/wp-json\/wp\/v2\/posts"}],"about":[{"href":"https:\/\/www.camaeleon.org\/de\/wp-json\/wp\/v2\/types\/post"}],"author":[{"embeddable":true,"href":"https:\/\/www.camaeleon.org\/de\/wp-json\/wp\/v2\/users\/87"}],"replies":[{"embeddable":true,"href":"https:\/\/www.camaeleon.org\/de\/wp-json\/wp\/v2\/comments?post=8189"}],"version-history":[{"count":0,"href":"https:\/\/www.camaeleon.org\/de\/wp-json\/wp\/v2\/posts\/8189\/revisions"}],"wp:featuredmedia":[{"embeddable":true,"href":"https:\/\/www.camaeleon.org\/de\/wp-json\/wp\/v2\/media\/8138"}],"wp:attachment":[{"href":"https:\/\/www.camaeleon.org\/de\/wp-json\/wp\/v2\/media?parent=8189"}],"wp:term":[{"taxonomy":"category","embeddable":true,"href":"https:\/\/www.camaeleon.org\/de\/wp-json\/wp\/v2\/categories?post=8189"},{"taxonomy":"post_tag","embeddable":true,"href":"https:\/\/www.camaeleon.org\/de\/wp-json\/wp\/v2\/tags?post=8189"},{"taxonomy":"author","embeddable":true,"href":"https:\/\/www.camaeleon.org\/de\/wp-json\/wp\/v2\/coauthors?post=8189"}],"curies":[{"name":"wp","href":"https:\/\/api.w.org\/{rel}","templated":true}]}}