{"id":5616,"date":"2014-01-31T16:12:35","date_gmt":"2014-01-31T15:12:35","guid":{"rendered":"http:\/\/www.camaeleon.org\/?p=5616"},"modified":"2020-12-23T18:24:20","modified_gmt":"2020-12-23T17:24:20","slug":"les-nouveaux-professeurs-du-dfg-lfa","status":"publish","type":"post","link":"https:\/\/www.camaeleon.org\/de\/2014\/01\/31\/les-nouveaux-professeurs-du-dfg-lfa\/","title":{"rendered":"Les nouveaux professeurs du DFG-LFA"},"content":{"rendered":"<p>Comme vous le savez certainemment, chaque ann\u00e9e, de nouveaux professeurs sont recrut\u00e9s au Lyc\u00e9e Franco-Allemand. Nous avons d\u00e9cid\u00e9 d&#8217;interviewer certains enseignants arriv\u00e9s en 2013, uniquement pour vous ! Nous leur avons pos\u00e9 les questions suivantes :<\/p>\n<p><strong>1. Pouvez-vous vous pr\u00e9senter (nom, pr\u00e9nom, mati\u00e8res enseign\u00e9es, hobbys) ? K\u00f6nnen Sie sich vorstellen?<\/strong><\/p>\n<p><strong>2. O\u00f9 avez-vous travaill\u00e9 avant ? Wo haben Sie vorher gearbeitet?<\/strong><\/p>\n<p><strong>3. Pourquoi vouliez-vous venir ici ? Warum wollten Sie ans DFG kommen?<\/strong><\/p>\n<p><strong>4. Est- ce que le LFA est diff\u00e9rent de l&#8217;\u00e9cole o\u00f9 vous travailliez avant ? <\/strong><strong>Si oui, en quoi ? <\/strong><strong>Ist das DFG anders als die Schulen, wo sie fr\u00fcher gearbeitet haben?<\/strong><strong> Wenn ja, warum?<\/strong><\/p>\n<p><strong>5. <\/strong><strong>Vous plaisez vous au LFA ? <\/strong><strong>M\u00f6gen sie das DFG?<\/strong><\/p>\n<p><strong>6. <\/strong><strong>Que pensez- vous du LFA ? <\/strong><strong>Was denken Sie \u00fcber das DFG?<\/strong><\/p>\n<p>&nbsp;<\/p>\n<p>Les nouveaux professeurs que nous avons interview\u00e9s sont Johannes Lillig, Gill Schneider, Oliver Anton et Christina Schreiner.<\/p>\n<p><strong><em>Johannes Lillig<\/em><\/strong><\/p>\n<figure id=\"attachment_5851\" aria-describedby=\"caption-attachment-5851\" style=\"width: 150px\" class=\"wp-caption alignleft\"><a href=\"https:\/\/www.camaeleon.org\/2014\/01\/31\/les-nouveaux-professeurs-du-dfg-lfa\/s1120001\/\" rel=\"attachment wp-att-5851\"><img loading=\"lazy\" decoding=\"async\" class=\"size-thumbnail wp-image-5851\" title=\"Herr Lillig\" src=\"https:\/\/www.camaeleon.org\/wp-content\/uploads\/2014\/01\/S1120001-150x150.jpg\" alt=\"\" width=\"150\" height=\"150\" srcset=\"https:\/\/www.camaeleon.org\/wp-content\/uploads\/2014\/01\/S1120001-150x150.jpg 150w, https:\/\/www.camaeleon.org\/wp-content\/uploads\/2014\/01\/S1120001-50x50.jpg 50w\" sizes=\"auto, (max-width: 150px) 100vw, 150px\" \/><\/a><figcaption id=\"caption-attachment-5851\" class=\"wp-caption-text\">Herr Lillig (photo: C. Reysset)<\/figcaption><\/figure>\n<p><strong>1. Pouvez-vous vous pr\u00e9senter (nom, pr\u00e9nom, mati\u00e8res enseign\u00e9es, hobbys) ? K\u00f6nnen Sie sich vorstellen?<\/strong><\/p>\n<p>Ich hei\u00dfe Johannes Lillig, ich bin 26 Jahre alt und habe nur Physik studiert, die H\u00e4lfte davon auf Franz\u00f6sisch. Ich unterrichte Physik und Mathe und wurde sehr nett von meinen neuen Kollegen aufgenommen. Unterrichten ist neu f\u00fcr mich. Ich habe 5 Klassen und manche davon haben zu viele Sch\u00fcler, ich habe zum Beispiel eine Klasse mit 32 Sch\u00fclern! Meine Hobbys sind Fu\u00dfball, Volleyball, Joggen und ich treffe mich gerne mit Freunden.<\/p>\n<p>&nbsp;<\/p>\n<p><strong>2. O\u00f9 avez-vous travaill\u00e9 avant ? Wo haben Sie vorher gearbeitet?<\/strong><\/p>\n<p>Ich habe ein halbes Jahr an der Universit\u00e4t f\u00fcr physikalische Forschung gearbeitet.<\/p>\n<p><strong>3. Pourquoi vouliez-vous venir ici ? Warum wollten Sie ans DFG kommen?<\/strong><\/p>\n<p>Es war Zufall, denn wir wurden zugeteilt. Man hat mich ans DFG geschickt, weil ich gut Franz\u00f6sisch spreche.<\/p>\n<p><strong>4. Est- ce que le LFA est diff\u00e9rent de l&#8217;\u00e9cole o\u00f9 vous travailliez avant ? <\/strong><strong>Si oui, en quoi ? <\/strong><strong>Ist das DFG anders als die Schulen, wo sie fr\u00fcher gearbeitet haben?<\/strong><strong> Wenn ja, warum?<\/strong><\/p>\n<p>Das DFG und die Universit\u00e4t lassen sich nicht vergleichen.<\/p>\n<p><strong>5. <\/strong><strong>Vous plaisez vous au LFA ? <\/strong><strong>M\u00f6gen sie das DFG? <strong>6. <\/strong><strong>Que pensez- vous du LFA ? <\/strong><strong>Was denken Sie \u00fcber das DFG?<\/strong><\/strong><\/p>\n<p>Ja, weil es ein sehr nettes Kollegium gibt. Au\u00dferdem finde ich die deutsch-franz\u00f6sische Zusammenarbeit gut.<\/p>\n<p>&nbsp;<\/p>\n<figure id=\"attachment_5827\" aria-describedby=\"caption-attachment-5827\" style=\"width: 150px\" class=\"wp-caption alignleft\"><a href=\"https:\/\/www.camaeleon.org\/2014\/01\/31\/les-nouveaux-professeurs-du-dfg-lfa\/s1110001\/\" rel=\"attachment wp-att-5827\"><img loading=\"lazy\" decoding=\"async\" class=\"size-thumbnail wp-image-5827\" title=\"M. Schneider, photo de N. Deguilhem\" src=\"https:\/\/www.camaeleon.org\/wp-content\/uploads\/2014\/01\/S1110001-150x150.jpg\" alt=\"\" width=\"150\" height=\"150\" srcset=\"https:\/\/www.camaeleon.org\/wp-content\/uploads\/2014\/01\/S1110001-150x150.jpg 150w, https:\/\/www.camaeleon.org\/wp-content\/uploads\/2014\/01\/S1110001-50x50.jpg 50w\" sizes=\"auto, (max-width: 150px) 100vw, 150px\" \/><\/a><figcaption id=\"caption-attachment-5827\" class=\"wp-caption-text\">M. Schneider, photo de N. Deguilhem<\/figcaption><\/figure>\n<p><strong><em>Gilles Schneider<\/em><\/strong><\/p>\n<p><strong>1. Pouvez-vous vous pr\u00e9senter (nom, pr\u00e9nom, mati\u00e8res enseign\u00e9es, hobbys) ? K\u00f6nnen Sie sich vorstellen?<\/strong><\/p>\n<p>Bonjour je m&#8217;appelle Gilles Schneider, je suis professeur de fran\u00e7ais. J&#8217;ai une famille et je passe tout mon temps \u00e0 m&#8217;en occuper. Sinon, parfois, je lis.<\/p>\n<p>&nbsp;<\/p>\n<p><strong>2. O\u00f9 avez-vous travaill\u00e9 avant ? Wo haben Sie vorher gearbeitet?<\/strong><\/p>\n<p>J&#8217;ai \u00e9t\u00e9 professeur \u00e0 Djibouti en Afrique. Ensuite j&#8217;ai pass\u00e9 mon coucours de certif\u00e9 et je suis all\u00e9 travailler dans un lyc\u00e9e \u00e0 Saint-Avold, puis dans un lyc\u00e9e professionnel et un lyc\u00e9e technologique \u00e0 Colmar o\u00f9 j&#8217;ai travaill\u00e9 pendant 9 ans avant d&#8217;\u00eatre recrut\u00e9 dans une section fran\u00e7aise europ\u00e9enne \u00e0 Ta\u00efpei, la capitale de Ta\u00efwan. J&#8217;y suis rest\u00e9 5 ans. Ma derni\u00e8re destination est le LFA de Sarrebruck.<\/p>\n<p>&nbsp;<\/p>\n<p><strong>3. Pourquoi vouliez-vous venir ici ? Warum wollten Sie ans DFG kommen?<\/strong><\/p>\n<p>Mon contrat avait expir\u00e9 donc je devais dans tous les cas de figure changer d&#8217;\u00e9tablissement. Pour tout dire, je ne voulais pas venir au DFG, j&#8217;ignorais son existence avant de me mettre \u00e0 chercher des postes vacants. Comme j&#8217;avais des \u00e9l\u00e8ves bilingues dans les lyc\u00e9es pr\u00e9c\u00e9dents, je ne regrette pas d&#8217;\u00eatre venu ici car je peux continuer \u00e0 travailler avec la diversit\u00e9 dans un contexte international.<\/p>\n<p><strong>4. Est- ce que le LFA est diff\u00e9rent de l&#8217;\u00e9cole o\u00f9 vous travailliez avant ? <\/strong><strong>Si oui, en quoi ? <\/strong><strong>Ist das DFG anders als die Schulen, wo sie fr\u00fcher gearbeitet haben?<\/strong><strong> Wenn ja, warum?<\/strong><\/p>\n<p>Administrativement, le LFA n&#8217;est pas tr\u00e8s diff\u00e9rent des autres, sauf en ce qui concerne l&#8217;aspect allemand o\u00f9 l\u00e0, j&#8217;ai encore beaucoup \u00e0 apprendre sur ses finesses. Ce lyc\u00e9e est moins strict que mon pr\u00e9c\u00e9dent et les \u00e9l\u00e8ves sont moins auto-disciplin\u00e9s (il y a en Asie une attention \u00e0 la politesse formelle qui me semble vraiment plus grande qu&#8217;en Europe, si je compare) mais sont tr\u00e8s sympathiques dans l&#8217;ensemble. Je n&#8217;oublie pas les coll\u00e8gues et administratifs qui sont \u00e9galement tr\u00e8s sympathiques dans l&#8217;ensemble. Ils savent mettre les petits nouveaux en confiance, en tout cas.<\/p>\n<p>&nbsp;<\/p>\n<p><strong>5. <\/strong><strong>Vous plaisez vous au LFA ? <\/strong><strong>M\u00f6gen sie das DFG?<\/strong><\/p>\n<p>Oui, pour le peu que j&#8217;y suis depuis la rentr\u00e9e tout va bien. C&#8217;est une exp\u00e9rience enrichissante.<\/p>\n<p>&nbsp;<\/p>\n<figure id=\"attachment_5829\" aria-describedby=\"caption-attachment-5829\" style=\"width: 150px\" class=\"wp-caption alignleft\"><a href=\"https:\/\/www.camaeleon.org\/2014\/01\/31\/les-nouveaux-professeurs-du-dfg-lfa\/s1100001\/\" rel=\"attachment wp-att-5829\"><img loading=\"lazy\" decoding=\"async\" class=\"size-thumbnail wp-image-5829\" title=\"Herr Anton, Foto von N. Deguilhem\" src=\"https:\/\/www.camaeleon.org\/wp-content\/uploads\/2014\/01\/S1100001-150x150.jpg\" alt=\"\" width=\"150\" height=\"150\" srcset=\"https:\/\/www.camaeleon.org\/wp-content\/uploads\/2014\/01\/S1100001-150x150.jpg 150w, https:\/\/www.camaeleon.org\/wp-content\/uploads\/2014\/01\/S1100001-50x50.jpg 50w\" sizes=\"auto, (max-width: 150px) 100vw, 150px\" \/><\/a><figcaption id=\"caption-attachment-5829\" class=\"wp-caption-text\">Herr Anton, Foto von N. Deguilhem<\/figcaption><\/figure>\n<p><strong><em>Oliver Anton<\/em><\/strong><\/p>\n<p><strong>1. Pouvez-vous vous pr\u00e9senter (nom, pr\u00e9nom, mati\u00e8res enseign\u00e9es, hobbys) ? K\u00f6nnen Sie sich vorstellen?<\/strong><\/p>\n<p>Hallo, ich hei\u00dfe Oliver Anton, ich bin Geschichts- und Deutschlehrer. Ich mag gern Musik h\u00f6ren, Filme gucken, Videospiele und lesen.<\/p>\n<p>&nbsp;<\/p>\n<p><strong>2. O\u00f9 avez-vous travaill\u00e9 avant ? Wo haben Sie vorher gearbeitet?<\/strong><\/p>\n<p>Ich war zuerst in Heilbronn, in Baden-W\u00fcrttemberg, in S\u00fcddeutschland. Nachher bin ich nach St. Wendel und Sulzbach gegangen.<\/p>\n<p>&nbsp;<\/p>\n<p><strong>3. Pourquoi vouliez-vous venir ici ? Warum wollten Sie ans DFG kommen?<\/strong><\/p>\n<p>Ich wollte immer ans DFG kommen wegen der bikulturellen Klassen. Aber das Ministerium hat es f\u00fcr mich gew\u00e4hlt.<\/p>\n<p>&nbsp;<\/p>\n<p><strong>4. Est- ce que le LFA est diff\u00e9rent de l&#8217;\u00e9cole o\u00f9 vous travailliez avant ? <\/strong><strong>Si oui, en quoi ? <\/strong><strong>Ist das DFG anders als die Schulen, wo sie fr\u00fcher gearbeitet haben?<\/strong><strong>Wenn ja, warum?<\/strong><\/p>\n<p>Ja , es ist eine neue Herausforderung. Das Kollegium ist sehr nett, ansonsten kann man hier normal unterrichten.<\/p>\n<p><strong><em>Christina Schreiner<\/em><\/strong><\/p>\n<p>&nbsp;<\/p>\n<figure id=\"attachment_5952\" aria-describedby=\"caption-attachment-5952\" style=\"width: 150px\" class=\"wp-caption alignleft\"><a href=\"https:\/\/www.camaeleon.org\/2014\/01\/31\/les-nouveaux-professeurs-du-dfg-lfa\/frau-schreiner\/\" rel=\"attachment wp-att-5952\"><img loading=\"lazy\" decoding=\"async\" class=\"size-thumbnail wp-image-5952\" title=\"Frau Schreiner (photo: C. Reysset)\" src=\"https:\/\/www.camaeleon.org\/wp-content\/uploads\/2014\/01\/Frau-Schreiner-150x150.jpg\" alt=\"\" width=\"150\" height=\"150\" srcset=\"https:\/\/www.camaeleon.org\/wp-content\/uploads\/2014\/01\/Frau-Schreiner-150x150.jpg 150w, https:\/\/www.camaeleon.org\/wp-content\/uploads\/2014\/01\/Frau-Schreiner-50x50.jpg 50w\" sizes=\"auto, (max-width: 150px) 100vw, 150px\" \/><\/a><figcaption id=\"caption-attachment-5952\" class=\"wp-caption-text\">Frau Schreiner (photo: C. Reysset)<\/figcaption><\/figure>\n<div class=\"wp-playlist wp-audio-playlist wp-playlist-light\">\n\t\t\t<div class=\"wp-playlist-current-item\"><\/div>\n\t\t<audio controls=\"controls\" preload=\"none\" width=\"778\"\n\t\t\t><\/audio>\n\t<div class=\"wp-playlist-next\"><\/div>\n\t<div class=\"wp-playlist-prev\"><\/div>\n\t<noscript>\n\t<ol>\n\t\t<li><a href='https:\/\/www.camaeleon.org\/wp-content\/uploads\/2014\/01\/Christina-Schreiner.mp3'>Interview mit Christina Schreiner<\/a><\/li>\t<\/ol>\n\t<\/noscript>\n\t<script type=\"application\/json\" class=\"wp-playlist-script\">{\"type\":\"audio\",\"tracklist\":true,\"tracknumbers\":true,\"images\":true,\"artists\":true,\"tracks\":[{\"src\":\"https:\/\/www.camaeleon.org\/wp-content\/uploads\/2014\/01\/Christina-Schreiner.mp3\",\"type\":\"audio\/mpeg\",\"title\":\"Interview mit Christina Schreiner\",\"caption\":\"Interview mit Christina Schreiner\",\"description\":\"Interview mit Christina Schreiner\",\"meta\":{\"artist\":\"Pauline\",\"album\":\"Christina Schreiner\"},\"image\":{\"src\":\"https:\/\/www.camaeleon.org\/wp-content\/uploads\/2014\/01\/Frau-Schreiner.jpg\",\"width\":1920,\"height\":1080},\"thumb\":{\"src\":\"https:\/\/www.camaeleon.org\/wp-content\/uploads\/2014\/01\/Frau-Schreiner-150x150.jpg\",\"width\":150,\"height\":150}}]}<\/script>\n<\/div>\n\t\n<p>&nbsp;<\/p>","protected":false},"excerpt":{"rendered":"<p>Comme vous le savez certainemment, chaque ann\u00e9e, de nouveaux professeurs sont recrut\u00e9s au Lyc\u00e9e Franco-Allemand. Nous avons d\u00e9cid\u00e9 d&#8217;interviewer certains enseignants arriv\u00e9s en 2013, uniquement<\/p>\n","protected":false},"author":58,"featured_media":5851,"comment_status":"open","ping_status":"open","sticky":false,"template":"","format":"standard","meta":{"colormag_page_container_layout":"default_layout","colormag_page_sidebar_layout":"default_layout","footnotes":""},"categories":[3,200,6],"tags":[1381],"coauthors":[817],"class_list":["post-5616","post","type-post","status-publish","format-standard","has-post-thumbnail","hentry","category-ecole","category-audio","category-vie","tag-lehrer-interview"],"yoast_head":"<!-- This site is optimized with the Yoast SEO plugin v27.5 - https:\/\/yoast.com\/product\/yoast-seo-wordpress\/ -->\n<title>Les nouveaux professeurs du DFG-LFA - Cam\u00e4l\u00e9on<\/title>\n<meta name=\"description\" content=\"Chaque ann\u00e9e, de nouveaux professeurs sont recrut\u00e9s au\u00a0LFA.\u00a0 Nous avons d\u00e9cid\u00e9 d&#039;interviewer certains enseignants arriv\u00e9s en 2013 pour vous !\" \/>\n<meta name=\"robots\" content=\"index, follow, max-snippet:-1, max-image-preview:large, max-video-preview:-1\" \/>\n<link rel=\"canonical\" href=\"https:\/\/www.camaeleon.org\/de\/2014\/01\/31\/les-nouveaux-professeurs-du-dfg-lfa\/\" \/>\n<meta property=\"og:locale\" content=\"de_DE\" \/>\n<meta property=\"og:type\" content=\"article\" \/>\n<meta property=\"og:title\" content=\"Les nouveaux professeurs du DFG-LFA - Cam\u00e4l\u00e9on\" \/>\n<meta property=\"og:description\" content=\"Chaque ann\u00e9e, de nouveaux professeurs sont recrut\u00e9s au\u00a0LFA.\u00a0 Nous avons d\u00e9cid\u00e9 d&#039;interviewer certains enseignants arriv\u00e9s en 2013 pour vous !\" \/>\n<meta property=\"og:url\" content=\"https:\/\/www.camaeleon.org\/de\/2014\/01\/31\/les-nouveaux-professeurs-du-dfg-lfa\/\" \/>\n<meta property=\"og:site_name\" content=\"Cam\u00e4l\u00e9on\" \/>\n<meta property=\"article:publisher\" content=\"https:\/\/www.facebook.com\/camaeleon.org\/\" \/>\n<meta property=\"article:published_time\" content=\"2014-01-31T15:12:35+00:00\" \/>\n<meta property=\"article:modified_time\" content=\"2020-12-23T17:24:20+00:00\" \/>\n<meta property=\"og:image\" content=\"https:\/\/www.camaeleon.org\/wp-content\/uploads\/2014\/01\/S1120001.jpg\" \/>\n\t<meta property=\"og:image:width\" content=\"1920\" \/>\n\t<meta property=\"og:image:height\" content=\"1080\" \/>\n\t<meta property=\"og:image:type\" content=\"image\/jpeg\" \/>\n<meta name=\"author\" content=\"Pauline\" \/>\n<meta name=\"twitter:card\" content=\"summary_large_image\" \/>\n<meta name=\"twitter:creator\" content=\"@camaeleonOrg\" \/>\n<meta name=\"twitter:site\" content=\"@camaeleonOrg\" \/>\n<script type=\"application\/ld+json\" class=\"yoast-schema-graph\">{\"@context\":\"https:\\\/\\\/schema.org\",\"@graph\":[{\"@type\":\"Article\",\"@id\":\"https:\\\/\\\/www.camaeleon.org\\\/de\\\/2014\\\/01\\\/31\\\/les-nouveaux-professeurs-du-dfg-lfa\\\/#article\",\"isPartOf\":{\"@id\":\"https:\\\/\\\/www.camaeleon.org\\\/de\\\/2014\\\/01\\\/31\\\/les-nouveaux-professeurs-du-dfg-lfa\\\/\"},\"author\":{\"name\":\"Pauline\",\"@id\":\"https:\\\/\\\/www.camaeleon.org\\\/de\\\/#\\\/schema\\\/person\\\/23e54b3732bc9390aed6a089bc1e9a89\"},\"headline\":\"Les nouveaux professeurs du DFG-LFA\",\"datePublished\":\"2014-01-31T15:12:35+00:00\",\"dateModified\":\"2020-12-23T17:24:20+00:00\",\"mainEntityOfPage\":{\"@id\":\"https:\\\/\\\/www.camaeleon.org\\\/de\\\/2014\\\/01\\\/31\\\/les-nouveaux-professeurs-du-dfg-lfa\\\/\"},\"wordCount\":2960,\"commentCount\":6,\"publisher\":{\"@id\":\"https:\\\/\\\/www.camaeleon.org\\\/de\\\/#organization\"},\"image\":{\"@id\":\"https:\\\/\\\/www.camaeleon.org\\\/de\\\/2014\\\/01\\\/31\\\/les-nouveaux-professeurs-du-dfg-lfa\\\/#primaryimage\"},\"thumbnailUrl\":\"https:\\\/\\\/www.camaeleon.org\\\/wp-content\\\/uploads\\\/2014\\\/01\\\/S1120001.jpg\",\"keywords\":[\"Lehrer-Interview\"],\"articleSection\":[\"Schule\",\"Podcast\",\"Leben\"],\"inLanguage\":\"de\",\"potentialAction\":[{\"@type\":\"CommentAction\",\"name\":\"Comment\",\"target\":[\"https:\\\/\\\/www.camaeleon.org\\\/de\\\/2014\\\/01\\\/31\\\/les-nouveaux-professeurs-du-dfg-lfa\\\/#respond\"]}]},{\"@type\":\"WebPage\",\"@id\":\"https:\\\/\\\/www.camaeleon.org\\\/de\\\/2014\\\/01\\\/31\\\/les-nouveaux-professeurs-du-dfg-lfa\\\/\",\"url\":\"https:\\\/\\\/www.camaeleon.org\\\/de\\\/2014\\\/01\\\/31\\\/les-nouveaux-professeurs-du-dfg-lfa\\\/\",\"name\":\"Les nouveaux professeurs du DFG-LFA - Cam\u00e4l\u00e9on\",\"isPartOf\":{\"@id\":\"https:\\\/\\\/www.camaeleon.org\\\/de\\\/#website\"},\"primaryImageOfPage\":{\"@id\":\"https:\\\/\\\/www.camaeleon.org\\\/de\\\/2014\\\/01\\\/31\\\/les-nouveaux-professeurs-du-dfg-lfa\\\/#primaryimage\"},\"image\":{\"@id\":\"https:\\\/\\\/www.camaeleon.org\\\/de\\\/2014\\\/01\\\/31\\\/les-nouveaux-professeurs-du-dfg-lfa\\\/#primaryimage\"},\"thumbnailUrl\":\"https:\\\/\\\/www.camaeleon.org\\\/wp-content\\\/uploads\\\/2014\\\/01\\\/S1120001.jpg\",\"datePublished\":\"2014-01-31T15:12:35+00:00\",\"dateModified\":\"2020-12-23T17:24:20+00:00\",\"description\":\"Chaque ann\u00e9e, de nouveaux professeurs sont recrut\u00e9s au\u00a0LFA.\u00a0 Nous avons d\u00e9cid\u00e9 d'interviewer certains enseignants arriv\u00e9s en 2013 pour vous !\",\"breadcrumb\":{\"@id\":\"https:\\\/\\\/www.camaeleon.org\\\/de\\\/2014\\\/01\\\/31\\\/les-nouveaux-professeurs-du-dfg-lfa\\\/#breadcrumb\"},\"inLanguage\":\"de\",\"potentialAction\":[{\"@type\":\"ReadAction\",\"target\":[[\"https:\\\/\\\/www.camaeleon.org\\\/de\\\/2014\\\/01\\\/31\\\/les-nouveaux-professeurs-du-dfg-lfa\\\/\"]]}]},{\"@type\":\"ImageObject\",\"inLanguage\":\"de\",\"@id\":\"https:\\\/\\\/www.camaeleon.org\\\/de\\\/2014\\\/01\\\/31\\\/les-nouveaux-professeurs-du-dfg-lfa\\\/#primaryimage\",\"url\":\"https:\\\/\\\/www.camaeleon.org\\\/wp-content\\\/uploads\\\/2014\\\/01\\\/S1120001.jpg\",\"contentUrl\":\"https:\\\/\\\/www.camaeleon.org\\\/wp-content\\\/uploads\\\/2014\\\/01\\\/S1120001.jpg\",\"width\":1920,\"height\":1080,\"caption\":\"Herr Lillig (photo: C. Reysset)\"},{\"@type\":\"BreadcrumbList\",\"@id\":\"https:\\\/\\\/www.camaeleon.org\\\/de\\\/2014\\\/01\\\/31\\\/les-nouveaux-professeurs-du-dfg-lfa\\\/#breadcrumb\",\"itemListElement\":[{\"@type\":\"ListItem\",\"position\":1,\"name\":\"Home\",\"item\":\"https:\\\/\\\/www.camaeleon.org\\\/de\\\/\"},{\"@type\":\"ListItem\",\"position\":2,\"name\":\"Les nouveaux professeurs du DFG-LFA\"}]},{\"@type\":\"WebSite\",\"@id\":\"https:\\\/\\\/www.camaeleon.org\\\/de\\\/#website\",\"url\":\"https:\\\/\\\/www.camaeleon.org\\\/de\\\/\",\"name\":\"Cam\u00e4l\u00e9on\",\"description\":\"Das Sch\u00fclermagazin des Deutsch-Franz\u00f6sischen Gymnasiums Saarbr\u00fccken\",\"publisher\":{\"@id\":\"https:\\\/\\\/www.camaeleon.org\\\/de\\\/#organization\"},\"potentialAction\":[{\"@type\":\"SearchAction\",\"target\":{\"@type\":\"EntryPoint\",\"urlTemplate\":\"https:\\\/\\\/www.camaeleon.org\\\/de\\\/?s={search_term_string}\"},\"query-input\":{\"@type\":\"PropertyValueSpecification\",\"valueRequired\":true,\"valueName\":\"search_term_string\"}}],\"inLanguage\":\"de\"},{\"@type\":\"Organization\",\"@id\":\"https:\\\/\\\/www.camaeleon.org\\\/de\\\/#organization\",\"name\":\"Cam\u00e4l\u00e9on\",\"url\":\"https:\\\/\\\/www.camaeleon.org\\\/de\\\/\",\"logo\":{\"@type\":\"ImageObject\",\"inLanguage\":\"de\",\"@id\":\"https:\\\/\\\/www.camaeleon.org\\\/de\\\/#\\\/schema\\\/logo\\\/image\\\/\",\"url\":\"https:\\\/\\\/www.camaeleon.org\\\/wp-content\\\/uploads\\\/2011\\\/11\\\/CAM\u00c4LEON.jpg\",\"contentUrl\":\"https:\\\/\\\/www.camaeleon.org\\\/wp-content\\\/uploads\\\/2011\\\/11\\\/CAM\u00c4LEON.jpg\",\"width\":959,\"height\":959,\"caption\":\"Cam\u00e4l\u00e9on\"},\"image\":{\"@id\":\"https:\\\/\\\/www.camaeleon.org\\\/de\\\/#\\\/schema\\\/logo\\\/image\\\/\"},\"sameAs\":[\"https:\\\/\\\/www.facebook.com\\\/camaeleon.org\\\/\",\"https:\\\/\\\/x.com\\\/camaeleonOrg\",\"https:\\\/\\\/www.instagram.com\\\/camaeleon.dfg\\\/\",\"https:\\\/\\\/www.youtube.com\\\/channel\\\/UCl3TAUDdGuu_c7CD6ax6hYg\"]},{\"@type\":\"Person\",\"@id\":\"https:\\\/\\\/www.camaeleon.org\\\/de\\\/#\\\/schema\\\/person\\\/23e54b3732bc9390aed6a089bc1e9a89\",\"name\":\"Pauline\",\"image\":{\"@type\":\"ImageObject\",\"inLanguage\":\"de\",\"@id\":\"https:\\\/\\\/www.camaeleon.org\\\/de\\\/wp-content\\\/uploads\\\/2016\\\/02\\\/Pauline.jpga7d5fb36f1c40fd35b4cd72a1b1a3f88\",\"url\":\"https:\\\/\\\/www.camaeleon.org\\\/wp-content\\\/uploads\\\/2016\\\/02\\\/Pauline.jpg\",\"contentUrl\":\"https:\\\/\\\/www.camaeleon.org\\\/wp-content\\\/uploads\\\/2016\\\/02\\\/Pauline.jpg\",\"caption\":\"Pauline\"},\"url\":\"https:\\\/\\\/www.camaeleon.org\\\/de\\\/author\\\/pauline-palandre\\\/\"}]}<\/script>\n<!-- \/ Yoast SEO plugin. -->","yoast_head_json":{"title":"Les nouveaux professeurs du DFG-LFA - Cam\u00e4l\u00e9on","description":"Chaque ann\u00e9e, de nouveaux professeurs sont recrut\u00e9s au\u00a0LFA.\u00a0 Nous avons d\u00e9cid\u00e9 d'interviewer certains enseignants arriv\u00e9s en 2013 pour vous !","robots":{"index":"index","follow":"follow","max-snippet":"max-snippet:-1","max-image-preview":"max-image-preview:large","max-video-preview":"max-video-preview:-1"},"canonical":"https:\/\/www.camaeleon.org\/de\/2014\/01\/31\/les-nouveaux-professeurs-du-dfg-lfa\/","og_locale":"de_DE","og_type":"article","og_title":"Les nouveaux professeurs du DFG-LFA - Cam\u00e4l\u00e9on","og_description":"Chaque ann\u00e9e, de nouveaux professeurs sont recrut\u00e9s au\u00a0LFA.\u00a0 Nous avons d\u00e9cid\u00e9 d'interviewer certains enseignants arriv\u00e9s en 2013 pour vous !","og_url":"https:\/\/www.camaeleon.org\/de\/2014\/01\/31\/les-nouveaux-professeurs-du-dfg-lfa\/","og_site_name":"Cam\u00e4l\u00e9on","article_publisher":"https:\/\/www.facebook.com\/camaeleon.org\/","article_published_time":"2014-01-31T15:12:35+00:00","article_modified_time":"2020-12-23T17:24:20+00:00","og_image":[{"width":1920,"height":1080,"url":"https:\/\/www.camaeleon.org\/wp-content\/uploads\/2014\/01\/S1120001.jpg","type":"image\/jpeg"}],"author":"Pauline","twitter_card":"summary_large_image","twitter_creator":"@camaeleonOrg","twitter_site":"@camaeleonOrg","schema":{"@context":"https:\/\/schema.org","@graph":[{"@type":"Article","@id":"https:\/\/www.camaeleon.org\/de\/2014\/01\/31\/les-nouveaux-professeurs-du-dfg-lfa\/#article","isPartOf":{"@id":"https:\/\/www.camaeleon.org\/de\/2014\/01\/31\/les-nouveaux-professeurs-du-dfg-lfa\/"},"author":{"name":"Pauline","@id":"https:\/\/www.camaeleon.org\/de\/#\/schema\/person\/23e54b3732bc9390aed6a089bc1e9a89"},"headline":"Les nouveaux professeurs du DFG-LFA","datePublished":"2014-01-31T15:12:35+00:00","dateModified":"2020-12-23T17:24:20+00:00","mainEntityOfPage":{"@id":"https:\/\/www.camaeleon.org\/de\/2014\/01\/31\/les-nouveaux-professeurs-du-dfg-lfa\/"},"wordCount":2960,"commentCount":6,"publisher":{"@id":"https:\/\/www.camaeleon.org\/de\/#organization"},"image":{"@id":"https:\/\/www.camaeleon.org\/de\/2014\/01\/31\/les-nouveaux-professeurs-du-dfg-lfa\/#primaryimage"},"thumbnailUrl":"https:\/\/www.camaeleon.org\/wp-content\/uploads\/2014\/01\/S1120001.jpg","keywords":["Lehrer-Interview"],"articleSection":["Schule","Podcast","Leben"],"inLanguage":"de","potentialAction":[{"@type":"CommentAction","name":"Comment","target":["https:\/\/www.camaeleon.org\/de\/2014\/01\/31\/les-nouveaux-professeurs-du-dfg-lfa\/#respond"]}]},{"@type":"WebPage","@id":"https:\/\/www.camaeleon.org\/de\/2014\/01\/31\/les-nouveaux-professeurs-du-dfg-lfa\/","url":"https:\/\/www.camaeleon.org\/de\/2014\/01\/31\/les-nouveaux-professeurs-du-dfg-lfa\/","name":"Les nouveaux professeurs du DFG-LFA - Cam\u00e4l\u00e9on","isPartOf":{"@id":"https:\/\/www.camaeleon.org\/de\/#website"},"primaryImageOfPage":{"@id":"https:\/\/www.camaeleon.org\/de\/2014\/01\/31\/les-nouveaux-professeurs-du-dfg-lfa\/#primaryimage"},"image":{"@id":"https:\/\/www.camaeleon.org\/de\/2014\/01\/31\/les-nouveaux-professeurs-du-dfg-lfa\/#primaryimage"},"thumbnailUrl":"https:\/\/www.camaeleon.org\/wp-content\/uploads\/2014\/01\/S1120001.jpg","datePublished":"2014-01-31T15:12:35+00:00","dateModified":"2020-12-23T17:24:20+00:00","description":"Chaque ann\u00e9e, de nouveaux professeurs sont recrut\u00e9s au\u00a0LFA.\u00a0 Nous avons d\u00e9cid\u00e9 d'interviewer certains enseignants arriv\u00e9s en 2013 pour vous !","breadcrumb":{"@id":"https:\/\/www.camaeleon.org\/de\/2014\/01\/31\/les-nouveaux-professeurs-du-dfg-lfa\/#breadcrumb"},"inLanguage":"de","potentialAction":[{"@type":"ReadAction","target":[["https:\/\/www.camaeleon.org\/de\/2014\/01\/31\/les-nouveaux-professeurs-du-dfg-lfa\/"]]}]},{"@type":"ImageObject","inLanguage":"de","@id":"https:\/\/www.camaeleon.org\/de\/2014\/01\/31\/les-nouveaux-professeurs-du-dfg-lfa\/#primaryimage","url":"https:\/\/www.camaeleon.org\/wp-content\/uploads\/2014\/01\/S1120001.jpg","contentUrl":"https:\/\/www.camaeleon.org\/wp-content\/uploads\/2014\/01\/S1120001.jpg","width":1920,"height":1080,"caption":"Herr Lillig (photo: C. Reysset)"},{"@type":"BreadcrumbList","@id":"https:\/\/www.camaeleon.org\/de\/2014\/01\/31\/les-nouveaux-professeurs-du-dfg-lfa\/#breadcrumb","itemListElement":[{"@type":"ListItem","position":1,"name":"Home","item":"https:\/\/www.camaeleon.org\/de\/"},{"@type":"ListItem","position":2,"name":"Les nouveaux professeurs du DFG-LFA"}]},{"@type":"WebSite","@id":"https:\/\/www.camaeleon.org\/de\/#website","url":"https:\/\/www.camaeleon.org\/de\/","name":"Cam\u00e4l\u00e9on","description":"Das Sch\u00fclermagazin des Deutsch-Franz\u00f6sischen Gymnasiums Saarbr\u00fccken","publisher":{"@id":"https:\/\/www.camaeleon.org\/de\/#organization"},"potentialAction":[{"@type":"SearchAction","target":{"@type":"EntryPoint","urlTemplate":"https:\/\/www.camaeleon.org\/de\/?s={search_term_string}"},"query-input":{"@type":"PropertyValueSpecification","valueRequired":true,"valueName":"search_term_string"}}],"inLanguage":"de"},{"@type":"Organization","@id":"https:\/\/www.camaeleon.org\/de\/#organization","name":"Cam\u00e4l\u00e9on","url":"https:\/\/www.camaeleon.org\/de\/","logo":{"@type":"ImageObject","inLanguage":"de","@id":"https:\/\/www.camaeleon.org\/de\/#\/schema\/logo\/image\/","url":"https:\/\/www.camaeleon.org\/wp-content\/uploads\/2011\/11\/CAM\u00c4LEON.jpg","contentUrl":"https:\/\/www.camaeleon.org\/wp-content\/uploads\/2011\/11\/CAM\u00c4LEON.jpg","width":959,"height":959,"caption":"Cam\u00e4l\u00e9on"},"image":{"@id":"https:\/\/www.camaeleon.org\/de\/#\/schema\/logo\/image\/"},"sameAs":["https:\/\/www.facebook.com\/camaeleon.org\/","https:\/\/x.com\/camaeleonOrg","https:\/\/www.instagram.com\/camaeleon.dfg\/","https:\/\/www.youtube.com\/channel\/UCl3TAUDdGuu_c7CD6ax6hYg"]},{"@type":"Person","@id":"https:\/\/www.camaeleon.org\/de\/#\/schema\/person\/23e54b3732bc9390aed6a089bc1e9a89","name":"Pauline","image":{"@type":"ImageObject","inLanguage":"de","@id":"https:\/\/www.camaeleon.org\/de\/wp-content\/uploads\/2016\/02\/Pauline.jpga7d5fb36f1c40fd35b4cd72a1b1a3f88","url":"https:\/\/www.camaeleon.org\/wp-content\/uploads\/2016\/02\/Pauline.jpg","contentUrl":"https:\/\/www.camaeleon.org\/wp-content\/uploads\/2016\/02\/Pauline.jpg","caption":"Pauline"},"url":"https:\/\/www.camaeleon.org\/de\/author\/pauline-palandre\/"}]}},"_links":{"self":[{"href":"https:\/\/www.camaeleon.org\/de\/wp-json\/wp\/v2\/posts\/5616","targetHints":{"allow":["GET"]}}],"collection":[{"href":"https:\/\/www.camaeleon.org\/de\/wp-json\/wp\/v2\/posts"}],"about":[{"href":"https:\/\/www.camaeleon.org\/de\/wp-json\/wp\/v2\/types\/post"}],"author":[{"embeddable":true,"href":"https:\/\/www.camaeleon.org\/de\/wp-json\/wp\/v2\/users\/58"}],"replies":[{"embeddable":true,"href":"https:\/\/www.camaeleon.org\/de\/wp-json\/wp\/v2\/comments?post=5616"}],"version-history":[{"count":0,"href":"https:\/\/www.camaeleon.org\/de\/wp-json\/wp\/v2\/posts\/5616\/revisions"}],"wp:featuredmedia":[{"embeddable":true,"href":"https:\/\/www.camaeleon.org\/de\/wp-json\/wp\/v2\/media\/5851"}],"wp:attachment":[{"href":"https:\/\/www.camaeleon.org\/de\/wp-json\/wp\/v2\/media?parent=5616"}],"wp:term":[{"taxonomy":"category","embeddable":true,"href":"https:\/\/www.camaeleon.org\/de\/wp-json\/wp\/v2\/categories?post=5616"},{"taxonomy":"post_tag","embeddable":true,"href":"https:\/\/www.camaeleon.org\/de\/wp-json\/wp\/v2\/tags?post=5616"},{"taxonomy":"author","embeddable":true,"href":"https:\/\/www.camaeleon.org\/de\/wp-json\/wp\/v2\/coauthors?post=5616"}],"curies":[{"name":"wp","href":"https:\/\/api.w.org\/{rel}","templated":true}]}}