{"id":5404,"date":"2014-01-20T09:30:12","date_gmt":"2014-01-20T08:30:12","guid":{"rendered":"http:\/\/www.camaeleon.org\/?p=5404"},"modified":"2020-12-23T18:26:36","modified_gmt":"2020-12-23T17:26:36","slug":"les-jeunes-du-courage","status":"publish","type":"post","link":"https:\/\/www.camaeleon.org\/de\/2014\/01\/20\/les-jeunes-du-courage\/","title":{"rendered":"Les jeunes du courage"},"content":{"rendered":"<p><figure id=\"attachment_5761\" aria-describedby=\"caption-attachment-5761\" style=\"width: 225px\" class=\"wp-caption alignleft\"><a href=\"https:\/\/www.camaeleon.org\/2014\/01\/20\/les-jeunes-du-courage\/bronzeplastik_geschwister_scholl_go-2\/\" rel=\"attachment wp-att-5761\"><img loading=\"lazy\" decoding=\"async\" class=\"size-medium wp-image-5761\" title=\"Bronzeplastik \u201eGeschwister Scholl\u201c vor dem Geschwister-Scholl-Studentenwohnheim (Fotograf: Gras-Ober) \" src=\"https:\/\/www.camaeleon.org\/wp-content\/uploads\/2014\/01\/Bronzeplastik_Geschwister_Scholl_GO-2-225x300.jpg\" alt=\"\" width=\"225\" height=\"300\" srcset=\"https:\/\/www.camaeleon.org\/wp-content\/uploads\/2014\/01\/Bronzeplastik_Geschwister_Scholl_GO-2-225x300.jpg 225w, https:\/\/www.camaeleon.org\/wp-content\/uploads\/2014\/01\/Bronzeplastik_Geschwister_Scholl_GO-2.jpg 450w\" sizes=\"auto, (max-width: 225px) 100vw, 225px\" \/><\/a><figcaption id=\"caption-attachment-5761\" class=\"wp-caption-text\">Bronzeplastik \u201eGeschwister Scholl\u201c vor dem Geschwister-Scholl-Studentenwohnheim (Fotograf: Gras-Ober)<\/figcaption><\/figure><\/p>\n<p><span style=\"color: #000000;\">Les journalistes de Cam\u00e4l\u00e9on se sont d\u00e9plac\u00e9s au Geschwister-Scholl-Gymnasium \u00e0 Lebach, en Sarre,\u00a0dans le\u00a0but de\u00a0cr\u00e9er avec les \u00e9l\u00e8ves de ce lyc\u00e9e\u00a0un blog franco-allemand. Lors de cette journ\u00e9e, nous avons aussi rencontr\u00e9 deux journalistes de la t\u00e9l\u00e9vision sarroise, ainsi qu&#8217;un cam\u00e9raman. Ils nous ont pr\u00e9sent\u00e9 leur m\u00e9tier et nous avons fait un petit atelier.\u00a0Mais en rentrant chez moi, je me suis demand\u00e9e qui \u00e9taient ces personnes qui ont donn\u00e9 leur nom au lyc\u00e9e de Lebach.<br \/>\n<\/span><\/p>\n<p><span style=\"color: #000000;\">L&#8217;histoire que je vais vous raconter est celle de deux enfants, Sophie et Hans Scholl, n\u00e9s en Allemagne au d\u00e9but du 19\u00e8me si\u00e8cle et ex\u00e9cut\u00e9s ensemble en 1943 par le bourreau Johann Reichhart\u00a0.<\/span><\/p>\n<p><span style=\"color: #000000;\">Hans naquit en 1918 et sa soeur Sophie\u00a0trois ans plus tard \u00e0 Forchtenberg, en Allemagne. Tous deux durent int\u00e9grer le mouvement des jeunesses hitl\u00e9riennes contre leur gr\u00e9 et\u00a0d\u00e9cid\u00e8rent d&#8217;entrer en r\u00e9sistance contre\u00a0le r\u00e9gime nazi,\u00a0avec les encouragements de leur p\u00e8re. Ils furent aussi et surtout membres du c\u00e9l\u00e8bre groupe de la Rose Blanche (die Wei\u00dfe Rose), un groupe de r\u00e9sistants allemands, fond\u00e9 en juin 1942, pendant la Seconde Guerre Mondiale. Ils distribuaient des tracts dans la rue, les glissaient en dessous des essuie-glaces des voitures ou sous\u00a0 les portes.\u00a0Ils \u00e9tudiaient \u00e0 l&#8217;universit\u00e9 de Munich. <\/span><\/p>\n<p><span style=\"color: #000000;\">Un jour, ils gliss\u00e8rent des tracts sous les portes de l&#8217;universit\u00e9\u00a0et le concierge, en d\u00e9saccord avec leurs opinions politiques, les d\u00e9non\u00e7a \u00e0 la police qui vint les chercher. Le proc\u00e8s eut lieu en seulement trois heures.\u00a0Lors du proc\u00e8s, ils ne ni\u00e8rent aucun des faits\u00a0dont on les accusait. Ils furent condamn\u00e9s \u00e0 mort pour haute trahison, complicit\u00e9 avec l&#8217;ennemi et d\u00e9moralisation des forces militaires.\u00a0<\/span><span style=\"color: #000000;\">Ils furent guillotin\u00e9s le jour m\u00eame, alors que la l\u00e9gislation allemande\u00a0imposait un d\u00e9lai de 99 jours avant l&#8217;ex\u00e9cution d&#8217;un condamn\u00e9.<\/span><\/p>\n<p><span style=\"color: #000000;\">Ils ont laiss\u00e9 tout deux une empreinte dans l&#8217;histoire de l&#8217;Allemagne qui les a honor\u00e9s de diverses mani\u00e8res: en baptisant des \u00e9coles de leur nom, en construisant un m\u00e9morial \u00e0 Ratisbonne o\u00f9 l&#8217;on peut voir <\/span><span style=\"color: #000000;\">le buste de Sophie Scholl <\/span><span style=\"color: #000000;\">, mais aussi \u00e0 travers de nombreux films et livres. Ils restent tr\u00e8s pr\u00e9sents dans les m\u00e9moires allemandes et nous rappellent \u00e0 tous le besoin de r\u00e9sister \u00e0 la barbarie.<br \/>\n<\/span><\/p>\n<p>&nbsp;<\/p>","protected":false},"excerpt":{"rendered":"<p class=\"qtranxs-available-languages-message qtranxs-available-languages-message-de\">Leider ist der Eintrag nur auf <a href=\"https:\/\/www.camaeleon.org\/fr\/wp-json\/wp\/v2\/posts\/5404\" class=\"qtranxs-available-language-link qtranxs-available-language-link-fr\" title=\"Fran\u00e7ais\">Fran\u00e7ais<\/a> verf\u00fcgbar.<\/p>\n<p>Voil\u00e0 l\u00b4histoire de Sophie et Hans Scholl deux jeunes enfants tr\u00e8s courageux execut\u00e9s par des nazis suite \u00e0 un proc\u00e8s sur le quel ils n\u00b4ont ni\u00e9s aucune de toutes les accusations.<\/p>\n","protected":false},"author":62,"featured_media":5761,"comment_status":"open","ping_status":"open","sticky":false,"template":"","format":"standard","meta":{"colormag_page_container_layout":"default_layout","colormag_page_sidebar_layout":"default_layout","footnotes":""},"categories":[10,6],"tags":[368,1464,369,247],"coauthors":[770],"class_list":["post-5404","post","type-post","status-publish","format-standard","has-post-thumbnail","hentry","category-politique","category-vie","tag-geschwister-scholl","tag-lebach","tag-nationalsozialismus","tag-rassismus"],"yoast_head":"<!-- This site is optimized with the Yoast SEO plugin v27.5 - https:\/\/yoast.com\/product\/yoast-seo-wordpress\/ -->\n<title>Les jeunes du courage - Cam\u00e4l\u00e9on<\/title>\n<meta name=\"description\" content=\"L&#039;histoire que je vais vous raconter est celle de deux enfants, Sophie et Hans Scholl, n\u00e9s en Allemagne au d\u00e9but du 19\u00e8me si\u00e8cle et ex\u00e9cut\u00e9s ensemble en 1943.\" \/>\n<meta name=\"robots\" content=\"index, follow, max-snippet:-1, max-image-preview:large, max-video-preview:-1\" \/>\n<link rel=\"canonical\" href=\"https:\/\/www.camaeleon.org\/de\/2014\/01\/20\/les-jeunes-du-courage\/\" \/>\n<meta property=\"og:locale\" content=\"de_DE\" \/>\n<meta property=\"og:type\" content=\"article\" \/>\n<meta property=\"og:title\" content=\"Les jeunes du courage - Cam\u00e4l\u00e9on\" \/>\n<meta property=\"og:description\" content=\"L&#039;histoire que je vais vous raconter est celle de deux enfants, Sophie et Hans Scholl, n\u00e9s en Allemagne au d\u00e9but du 19\u00e8me si\u00e8cle et ex\u00e9cut\u00e9s ensemble en 1943.\" \/>\n<meta property=\"og:url\" content=\"https:\/\/www.camaeleon.org\/de\/2014\/01\/20\/les-jeunes-du-courage\/\" \/>\n<meta property=\"og:site_name\" content=\"Cam\u00e4l\u00e9on\" \/>\n<meta property=\"article:publisher\" content=\"https:\/\/www.facebook.com\/camaeleon.org\/\" \/>\n<meta property=\"article:published_time\" content=\"2014-01-20T08:30:12+00:00\" \/>\n<meta property=\"article:modified_time\" content=\"2020-12-23T17:26:36+00:00\" \/>\n<meta property=\"og:image\" content=\"https:\/\/www.camaeleon.org\/wp-content\/uploads\/2014\/01\/Bronzeplastik_Geschwister_Scholl_GO-2.jpg\" \/>\n\t<meta property=\"og:image:width\" content=\"450\" \/>\n\t<meta property=\"og:image:height\" content=\"600\" \/>\n\t<meta property=\"og:image:type\" content=\"image\/jpeg\" \/>\n<meta name=\"author\" content=\"Anne-Sophie Veck\" \/>\n<meta name=\"twitter:card\" content=\"summary_large_image\" \/>\n<meta name=\"twitter:creator\" content=\"@camaeleonOrg\" \/>\n<meta name=\"twitter:site\" content=\"@camaeleonOrg\" \/>\n<script type=\"application\/ld+json\" class=\"yoast-schema-graph\">{\"@context\":\"https:\\\/\\\/schema.org\",\"@graph\":[{\"@type\":\"Article\",\"@id\":\"https:\\\/\\\/www.camaeleon.org\\\/de\\\/2014\\\/01\\\/20\\\/les-jeunes-du-courage\\\/#article\",\"isPartOf\":{\"@id\":\"https:\\\/\\\/www.camaeleon.org\\\/de\\\/2014\\\/01\\\/20\\\/les-jeunes-du-courage\\\/\"},\"author\":{\"name\":\"Anne-Sophie Veck\",\"@id\":\"https:\\\/\\\/www.camaeleon.org\\\/de\\\/#\\\/schema\\\/person\\\/8993eaaec8bccfa2a85b2e0deb42b3e8\"},\"headline\":\"Les jeunes du courage\",\"datePublished\":\"2014-01-20T08:30:12+00:00\",\"dateModified\":\"2020-12-23T17:26:36+00:00\",\"mainEntityOfPage\":{\"@id\":\"https:\\\/\\\/www.camaeleon.org\\\/de\\\/2014\\\/01\\\/20\\\/les-jeunes-du-courage\\\/\"},\"wordCount\":1305,\"commentCount\":0,\"publisher\":{\"@id\":\"https:\\\/\\\/www.camaeleon.org\\\/de\\\/#organization\"},\"image\":{\"@id\":\"https:\\\/\\\/www.camaeleon.org\\\/de\\\/2014\\\/01\\\/20\\\/les-jeunes-du-courage\\\/#primaryimage\"},\"thumbnailUrl\":\"https:\\\/\\\/www.camaeleon.org\\\/wp-content\\\/uploads\\\/2014\\\/01\\\/Bronzeplastik_Geschwister_Scholl_GO-2.jpg\",\"keywords\":[\"Geschwister Scholl\",\"Lebach\",\"Nationalsozialismus\",\"Rassismus\"],\"articleSection\":[\"Politik\",\"Leben\"],\"inLanguage\":\"de\",\"potentialAction\":[{\"@type\":\"CommentAction\",\"name\":\"Comment\",\"target\":[\"https:\\\/\\\/www.camaeleon.org\\\/de\\\/2014\\\/01\\\/20\\\/les-jeunes-du-courage\\\/#respond\"]}]},{\"@type\":\"WebPage\",\"@id\":\"https:\\\/\\\/www.camaeleon.org\\\/de\\\/2014\\\/01\\\/20\\\/les-jeunes-du-courage\\\/\",\"url\":\"https:\\\/\\\/www.camaeleon.org\\\/de\\\/2014\\\/01\\\/20\\\/les-jeunes-du-courage\\\/\",\"name\":\"Les jeunes du courage - Cam\u00e4l\u00e9on\",\"isPartOf\":{\"@id\":\"https:\\\/\\\/www.camaeleon.org\\\/de\\\/#website\"},\"primaryImageOfPage\":{\"@id\":\"https:\\\/\\\/www.camaeleon.org\\\/de\\\/2014\\\/01\\\/20\\\/les-jeunes-du-courage\\\/#primaryimage\"},\"image\":{\"@id\":\"https:\\\/\\\/www.camaeleon.org\\\/de\\\/2014\\\/01\\\/20\\\/les-jeunes-du-courage\\\/#primaryimage\"},\"thumbnailUrl\":\"https:\\\/\\\/www.camaeleon.org\\\/wp-content\\\/uploads\\\/2014\\\/01\\\/Bronzeplastik_Geschwister_Scholl_GO-2.jpg\",\"datePublished\":\"2014-01-20T08:30:12+00:00\",\"dateModified\":\"2020-12-23T17:26:36+00:00\",\"description\":\"L'histoire que je vais vous raconter est celle de deux enfants, Sophie et Hans Scholl, n\u00e9s en Allemagne au d\u00e9but du 19\u00e8me si\u00e8cle et ex\u00e9cut\u00e9s ensemble en 1943.\",\"breadcrumb\":{\"@id\":\"https:\\\/\\\/www.camaeleon.org\\\/de\\\/2014\\\/01\\\/20\\\/les-jeunes-du-courage\\\/#breadcrumb\"},\"inLanguage\":\"de\",\"potentialAction\":[{\"@type\":\"ReadAction\",\"target\":[[\"https:\\\/\\\/www.camaeleon.org\\\/de\\\/2014\\\/01\\\/20\\\/les-jeunes-du-courage\\\/\"]]}]},{\"@type\":\"ImageObject\",\"inLanguage\":\"de\",\"@id\":\"https:\\\/\\\/www.camaeleon.org\\\/de\\\/2014\\\/01\\\/20\\\/les-jeunes-du-courage\\\/#primaryimage\",\"url\":\"https:\\\/\\\/www.camaeleon.org\\\/wp-content\\\/uploads\\\/2014\\\/01\\\/Bronzeplastik_Geschwister_Scholl_GO-2.jpg\",\"contentUrl\":\"https:\\\/\\\/www.camaeleon.org\\\/wp-content\\\/uploads\\\/2014\\\/01\\\/Bronzeplastik_Geschwister_Scholl_GO-2.jpg\",\"width\":450,\"height\":600,\"caption\":\"Bronzeplastik \u201eGeschwister Scholl\u201c vor dem Geschwister-Scholl-Studentenwohnheim (Fotograf: Gras-Ober)\"},{\"@type\":\"BreadcrumbList\",\"@id\":\"https:\\\/\\\/www.camaeleon.org\\\/de\\\/2014\\\/01\\\/20\\\/les-jeunes-du-courage\\\/#breadcrumb\",\"itemListElement\":[{\"@type\":\"ListItem\",\"position\":1,\"name\":\"Home\",\"item\":\"https:\\\/\\\/www.camaeleon.org\\\/de\\\/\"},{\"@type\":\"ListItem\",\"position\":2,\"name\":\"Les jeunes du courage\"}]},{\"@type\":\"WebSite\",\"@id\":\"https:\\\/\\\/www.camaeleon.org\\\/de\\\/#website\",\"url\":\"https:\\\/\\\/www.camaeleon.org\\\/de\\\/\",\"name\":\"Cam\u00e4l\u00e9on\",\"description\":\"Das Sch\u00fclermagazin des Deutsch-Franz\u00f6sischen Gymnasiums Saarbr\u00fccken\",\"publisher\":{\"@id\":\"https:\\\/\\\/www.camaeleon.org\\\/de\\\/#organization\"},\"potentialAction\":[{\"@type\":\"SearchAction\",\"target\":{\"@type\":\"EntryPoint\",\"urlTemplate\":\"https:\\\/\\\/www.camaeleon.org\\\/de\\\/?s={search_term_string}\"},\"query-input\":{\"@type\":\"PropertyValueSpecification\",\"valueRequired\":true,\"valueName\":\"search_term_string\"}}],\"inLanguage\":\"de\"},{\"@type\":\"Organization\",\"@id\":\"https:\\\/\\\/www.camaeleon.org\\\/de\\\/#organization\",\"name\":\"Cam\u00e4l\u00e9on\",\"url\":\"https:\\\/\\\/www.camaeleon.org\\\/de\\\/\",\"logo\":{\"@type\":\"ImageObject\",\"inLanguage\":\"de\",\"@id\":\"https:\\\/\\\/www.camaeleon.org\\\/de\\\/#\\\/schema\\\/logo\\\/image\\\/\",\"url\":\"https:\\\/\\\/www.camaeleon.org\\\/wp-content\\\/uploads\\\/2011\\\/11\\\/CAM\u00c4LEON.jpg\",\"contentUrl\":\"https:\\\/\\\/www.camaeleon.org\\\/wp-content\\\/uploads\\\/2011\\\/11\\\/CAM\u00c4LEON.jpg\",\"width\":959,\"height\":959,\"caption\":\"Cam\u00e4l\u00e9on\"},\"image\":{\"@id\":\"https:\\\/\\\/www.camaeleon.org\\\/de\\\/#\\\/schema\\\/logo\\\/image\\\/\"},\"sameAs\":[\"https:\\\/\\\/www.facebook.com\\\/camaeleon.org\\\/\",\"https:\\\/\\\/x.com\\\/camaeleonOrg\",\"https:\\\/\\\/www.instagram.com\\\/camaeleon.dfg\\\/\",\"https:\\\/\\\/www.youtube.com\\\/channel\\\/UCl3TAUDdGuu_c7CD6ax6hYg\"]},{\"@type\":\"Person\",\"@id\":\"https:\\\/\\\/www.camaeleon.org\\\/de\\\/#\\\/schema\\\/person\\\/8993eaaec8bccfa2a85b2e0deb42b3e8\",\"name\":\"Anne-Sophie Veck\",\"image\":{\"@type\":\"ImageObject\",\"inLanguage\":\"de\",\"@id\":\"https:\\\/\\\/www.camaeleon.org\\\/de\\\/wp-content\\\/uploads\\\/2016\\\/02\\\/img_7014.jpga71d9e41cf0a087f2667774d11036b5f\",\"url\":\"https:\\\/\\\/www.camaeleon.org\\\/wp-content\\\/uploads\\\/2016\\\/02\\\/img_7014.jpg\",\"contentUrl\":\"https:\\\/\\\/www.camaeleon.org\\\/wp-content\\\/uploads\\\/2016\\\/02\\\/img_7014.jpg\",\"caption\":\"Anne-Sophie Veck\"},\"url\":\"https:\\\/\\\/www.camaeleon.org\\\/de\\\/author\\\/anne-sophie-veck\\\/\"}]}<\/script>\n<!-- \/ Yoast SEO plugin. -->","yoast_head_json":{"title":"Les jeunes du courage - Cam\u00e4l\u00e9on","description":"L'histoire que je vais vous raconter est celle de deux enfants, Sophie et Hans Scholl, n\u00e9s en Allemagne au d\u00e9but du 19\u00e8me si\u00e8cle et ex\u00e9cut\u00e9s ensemble en 1943.","robots":{"index":"index","follow":"follow","max-snippet":"max-snippet:-1","max-image-preview":"max-image-preview:large","max-video-preview":"max-video-preview:-1"},"canonical":"https:\/\/www.camaeleon.org\/de\/2014\/01\/20\/les-jeunes-du-courage\/","og_locale":"de_DE","og_type":"article","og_title":"Les jeunes du courage - Cam\u00e4l\u00e9on","og_description":"L'histoire que je vais vous raconter est celle de deux enfants, Sophie et Hans Scholl, n\u00e9s en Allemagne au d\u00e9but du 19\u00e8me si\u00e8cle et ex\u00e9cut\u00e9s ensemble en 1943.","og_url":"https:\/\/www.camaeleon.org\/de\/2014\/01\/20\/les-jeunes-du-courage\/","og_site_name":"Cam\u00e4l\u00e9on","article_publisher":"https:\/\/www.facebook.com\/camaeleon.org\/","article_published_time":"2014-01-20T08:30:12+00:00","article_modified_time":"2020-12-23T17:26:36+00:00","og_image":[{"width":450,"height":600,"url":"https:\/\/www.camaeleon.org\/wp-content\/uploads\/2014\/01\/Bronzeplastik_Geschwister_Scholl_GO-2.jpg","type":"image\/jpeg"}],"author":"Anne-Sophie Veck","twitter_card":"summary_large_image","twitter_creator":"@camaeleonOrg","twitter_site":"@camaeleonOrg","schema":{"@context":"https:\/\/schema.org","@graph":[{"@type":"Article","@id":"https:\/\/www.camaeleon.org\/de\/2014\/01\/20\/les-jeunes-du-courage\/#article","isPartOf":{"@id":"https:\/\/www.camaeleon.org\/de\/2014\/01\/20\/les-jeunes-du-courage\/"},"author":{"name":"Anne-Sophie Veck","@id":"https:\/\/www.camaeleon.org\/de\/#\/schema\/person\/8993eaaec8bccfa2a85b2e0deb42b3e8"},"headline":"Les jeunes du courage","datePublished":"2014-01-20T08:30:12+00:00","dateModified":"2020-12-23T17:26:36+00:00","mainEntityOfPage":{"@id":"https:\/\/www.camaeleon.org\/de\/2014\/01\/20\/les-jeunes-du-courage\/"},"wordCount":1305,"commentCount":0,"publisher":{"@id":"https:\/\/www.camaeleon.org\/de\/#organization"},"image":{"@id":"https:\/\/www.camaeleon.org\/de\/2014\/01\/20\/les-jeunes-du-courage\/#primaryimage"},"thumbnailUrl":"https:\/\/www.camaeleon.org\/wp-content\/uploads\/2014\/01\/Bronzeplastik_Geschwister_Scholl_GO-2.jpg","keywords":["Geschwister Scholl","Lebach","Nationalsozialismus","Rassismus"],"articleSection":["Politik","Leben"],"inLanguage":"de","potentialAction":[{"@type":"CommentAction","name":"Comment","target":["https:\/\/www.camaeleon.org\/de\/2014\/01\/20\/les-jeunes-du-courage\/#respond"]}]},{"@type":"WebPage","@id":"https:\/\/www.camaeleon.org\/de\/2014\/01\/20\/les-jeunes-du-courage\/","url":"https:\/\/www.camaeleon.org\/de\/2014\/01\/20\/les-jeunes-du-courage\/","name":"Les jeunes du courage - Cam\u00e4l\u00e9on","isPartOf":{"@id":"https:\/\/www.camaeleon.org\/de\/#website"},"primaryImageOfPage":{"@id":"https:\/\/www.camaeleon.org\/de\/2014\/01\/20\/les-jeunes-du-courage\/#primaryimage"},"image":{"@id":"https:\/\/www.camaeleon.org\/de\/2014\/01\/20\/les-jeunes-du-courage\/#primaryimage"},"thumbnailUrl":"https:\/\/www.camaeleon.org\/wp-content\/uploads\/2014\/01\/Bronzeplastik_Geschwister_Scholl_GO-2.jpg","datePublished":"2014-01-20T08:30:12+00:00","dateModified":"2020-12-23T17:26:36+00:00","description":"L'histoire que je vais vous raconter est celle de deux enfants, Sophie et Hans Scholl, n\u00e9s en Allemagne au d\u00e9but du 19\u00e8me si\u00e8cle et ex\u00e9cut\u00e9s ensemble en 1943.","breadcrumb":{"@id":"https:\/\/www.camaeleon.org\/de\/2014\/01\/20\/les-jeunes-du-courage\/#breadcrumb"},"inLanguage":"de","potentialAction":[{"@type":"ReadAction","target":[["https:\/\/www.camaeleon.org\/de\/2014\/01\/20\/les-jeunes-du-courage\/"]]}]},{"@type":"ImageObject","inLanguage":"de","@id":"https:\/\/www.camaeleon.org\/de\/2014\/01\/20\/les-jeunes-du-courage\/#primaryimage","url":"https:\/\/www.camaeleon.org\/wp-content\/uploads\/2014\/01\/Bronzeplastik_Geschwister_Scholl_GO-2.jpg","contentUrl":"https:\/\/www.camaeleon.org\/wp-content\/uploads\/2014\/01\/Bronzeplastik_Geschwister_Scholl_GO-2.jpg","width":450,"height":600,"caption":"Bronzeplastik \u201eGeschwister Scholl\u201c vor dem Geschwister-Scholl-Studentenwohnheim (Fotograf: Gras-Ober)"},{"@type":"BreadcrumbList","@id":"https:\/\/www.camaeleon.org\/de\/2014\/01\/20\/les-jeunes-du-courage\/#breadcrumb","itemListElement":[{"@type":"ListItem","position":1,"name":"Home","item":"https:\/\/www.camaeleon.org\/de\/"},{"@type":"ListItem","position":2,"name":"Les jeunes du courage"}]},{"@type":"WebSite","@id":"https:\/\/www.camaeleon.org\/de\/#website","url":"https:\/\/www.camaeleon.org\/de\/","name":"Cam\u00e4l\u00e9on","description":"Das Sch\u00fclermagazin des Deutsch-Franz\u00f6sischen Gymnasiums Saarbr\u00fccken","publisher":{"@id":"https:\/\/www.camaeleon.org\/de\/#organization"},"potentialAction":[{"@type":"SearchAction","target":{"@type":"EntryPoint","urlTemplate":"https:\/\/www.camaeleon.org\/de\/?s={search_term_string}"},"query-input":{"@type":"PropertyValueSpecification","valueRequired":true,"valueName":"search_term_string"}}],"inLanguage":"de"},{"@type":"Organization","@id":"https:\/\/www.camaeleon.org\/de\/#organization","name":"Cam\u00e4l\u00e9on","url":"https:\/\/www.camaeleon.org\/de\/","logo":{"@type":"ImageObject","inLanguage":"de","@id":"https:\/\/www.camaeleon.org\/de\/#\/schema\/logo\/image\/","url":"https:\/\/www.camaeleon.org\/wp-content\/uploads\/2011\/11\/CAM\u00c4LEON.jpg","contentUrl":"https:\/\/www.camaeleon.org\/wp-content\/uploads\/2011\/11\/CAM\u00c4LEON.jpg","width":959,"height":959,"caption":"Cam\u00e4l\u00e9on"},"image":{"@id":"https:\/\/www.camaeleon.org\/de\/#\/schema\/logo\/image\/"},"sameAs":["https:\/\/www.facebook.com\/camaeleon.org\/","https:\/\/x.com\/camaeleonOrg","https:\/\/www.instagram.com\/camaeleon.dfg\/","https:\/\/www.youtube.com\/channel\/UCl3TAUDdGuu_c7CD6ax6hYg"]},{"@type":"Person","@id":"https:\/\/www.camaeleon.org\/de\/#\/schema\/person\/8993eaaec8bccfa2a85b2e0deb42b3e8","name":"Anne-Sophie Veck","image":{"@type":"ImageObject","inLanguage":"de","@id":"https:\/\/www.camaeleon.org\/de\/wp-content\/uploads\/2016\/02\/img_7014.jpga71d9e41cf0a087f2667774d11036b5f","url":"https:\/\/www.camaeleon.org\/wp-content\/uploads\/2016\/02\/img_7014.jpg","contentUrl":"https:\/\/www.camaeleon.org\/wp-content\/uploads\/2016\/02\/img_7014.jpg","caption":"Anne-Sophie Veck"},"url":"https:\/\/www.camaeleon.org\/de\/author\/anne-sophie-veck\/"}]}},"_links":{"self":[{"href":"https:\/\/www.camaeleon.org\/de\/wp-json\/wp\/v2\/posts\/5404","targetHints":{"allow":["GET"]}}],"collection":[{"href":"https:\/\/www.camaeleon.org\/de\/wp-json\/wp\/v2\/posts"}],"about":[{"href":"https:\/\/www.camaeleon.org\/de\/wp-json\/wp\/v2\/types\/post"}],"author":[{"embeddable":true,"href":"https:\/\/www.camaeleon.org\/de\/wp-json\/wp\/v2\/users\/62"}],"replies":[{"embeddable":true,"href":"https:\/\/www.camaeleon.org\/de\/wp-json\/wp\/v2\/comments?post=5404"}],"version-history":[{"count":0,"href":"https:\/\/www.camaeleon.org\/de\/wp-json\/wp\/v2\/posts\/5404\/revisions"}],"wp:featuredmedia":[{"embeddable":true,"href":"https:\/\/www.camaeleon.org\/de\/wp-json\/wp\/v2\/media\/5761"}],"wp:attachment":[{"href":"https:\/\/www.camaeleon.org\/de\/wp-json\/wp\/v2\/media?parent=5404"}],"wp:term":[{"taxonomy":"category","embeddable":true,"href":"https:\/\/www.camaeleon.org\/de\/wp-json\/wp\/v2\/categories?post=5404"},{"taxonomy":"post_tag","embeddable":true,"href":"https:\/\/www.camaeleon.org\/de\/wp-json\/wp\/v2\/tags?post=5404"},{"taxonomy":"author","embeddable":true,"href":"https:\/\/www.camaeleon.org\/de\/wp-json\/wp\/v2\/coauthors?post=5404"}],"curies":[{"name":"wp","href":"https:\/\/api.w.org\/{rel}","templated":true}]}}