{"id":3399,"date":"2012-05-25T09:10:02","date_gmt":"2012-05-25T07:10:02","guid":{"rendered":"http:\/\/www.camaeleon.org\/?p=3399"},"modified":"2020-12-23T18:37:22","modified_gmt":"2020-12-23T17:37:22","slug":"concert-orphee-et-eurydice","status":"publish","type":"post","link":"https:\/\/www.camaeleon.org\/de\/2012\/05\/25\/concert-orphee-et-eurydice\/","title":{"rendered":"Concert : Orph\u00e9e et Eurydice"},"content":{"rendered":"<p><a href=\"https:\/\/www.camaeleon.org\/wp-content\/uploads\/2012\/05\/Orpheus.jpg\"><img loading=\"lazy\" decoding=\"async\" class=\"size-medium wp-image-3481\" title=\"Orpheus &amp; Euridyce\" src=\"https:\/\/www.camaeleon.org\/wp-content\/uploads\/2012\/05\/Orpheus-300x200.jpg\" alt=\" \" width=\"300\" height=\"200\" srcset=\"https:\/\/www.camaeleon.org\/wp-content\/uploads\/2012\/05\/Orpheus-300x200.jpg 300w, https:\/\/www.camaeleon.org\/wp-content\/uploads\/2012\/05\/Orpheus.jpg 600w\" sizes=\"auto, (max-width: 300px) 100vw, 300px\" \/><\/a><\/p>\n<p>Le 5 mai 2012 \u00e0 19h \u00e0 l\u00b4universit\u00e9 de Sarrebruck se tenait un concert sur le th\u00eame de Orph\u00e9e et Eurydice, deux personnages de la mythologie grecque. Le concert a commenc\u00e9 avec un morceau de l\u00b4orchestre, puis s&#8217;est enchain\u00e9 pendant environ 2 heures avec chant, musique et danse. Tout le spectacle r\u00e9unissait environ 100 personnes dont beaucoup de choristes. tous issus des LFA de Sarrebruck et Fribourg.<\/p>\n<p>Il y avait deux couples pour repr\u00e9senter Eurydice et Orph\u00e9e: un couple de danseurs et un de choristes. Des images illustrant les diff\u00e9rents moments \u00e9taient projet\u00e9es au-dessus de la sc\u00e8ne. L\u00b4histoire racontait la vie d&#8217;Orph\u00e9e et de son amoureuse Eurydice. Le jour de leur mariage, Eurydice se fait piquer par un serpent et meurt. Orph\u00e9e, fou de douleur, d\u00e9cide de descendre aux enfers pour r\u00e9cup\u00e9rer Eurydice. Gr\u00e2ce \u00e0 la musique, il parvient a reprendre Eurydice mais \u00e0 une condition: il ne doit pas la regarder avant d\u00b4\u00eatre arriv\u00e9 \u00e0 l\u00b4air libre. Malheureusement, Orph\u00e9e se retourne et Eurydice disparait. La soir\u00e9e s\u00b4est termin\u00e9e par la reprise d\u00b4une des chansons puis par un cadeau du proviseur allemand aux professeurs qui participaient au projet.<\/p>\n<p>Interv\u00edew de Stefan, \u00e9l\u00e8ve de Freiburg :<\/p>\n<p>Etais-tu volontaire ou a tu \u00e9t\u00e9 d\u00e9sign\u00e9 ? <em>J&#8217;\u00e9tais volontaire.<\/em><\/p>\n<p>Quel r\u00f4le avais-tu dans le concert ? <em>J\u00b4\u00e9tais choriste.<\/em><\/p>\n<p>Est-ce que cela t&#8217;a plu de participer \u00e0 un projet de cette ampleur ? <em>Oui.<\/em><\/p>\n<p>Pourquoi ? <em>J\u00b4aime bien chanter.<\/em><\/p>\n<p>Qu\u00b4est ce que vous avez eu comme pr\u00e9paration ? <em>Nous avons commenc\u00e9 \u00e0 nous entrainer en d\u00e9but d\u00b4ann\u00e9e, puis nous avons fait une grosse r\u00e9p\u00e9tition \u00e0 Freiburg et une autre avant le concert.<\/em><\/p>\n<p>Quel style de musique avez-vous chant\u00e9? <em>Nous chantions surtout des airs classiques mais aussi deux ou trois morceaux plus modernes.<\/em><\/p>\n<p>Quelles ont \u00e9t\u00e9 tes impressions sur le fait de participer \u00e0 un grand concert avec chorale, danse et orchestre ? <em>J\u00b4\u00e9tais un peu excit\u00e9 et c\u00b4\u00e9tait un \u00e9v\u00e8nement assez exceptionel<\/em>.<\/p>\n<p>Est-ce que tu faisais d\u00e9j\u00e0 partie d\u00b4une chorale ? <em>Non.<\/em><\/p>\n<p>Est-ce que cela t&#8217;a donn\u00e9 envie de faire partie d\u00b4une chorale dans une \u00e9cole de musique ? <em>Peut-\u00eatre. Je ne sais pas vraiment. Je pourrai peut-\u00eatre te le dire dans 2 ou 3 ans.<\/em><\/p>","protected":false},"excerpt":{"rendered":"<p>Le 5 mai 2012 \u00e0 19h \u00e0 l\u00b4universit\u00e9 de Sarrebruck se tenait un concert sur le th\u00eame de Orph\u00e9e et Eurydice, deux personnages de la<\/p>\n","protected":false},"author":9,"featured_media":3481,"comment_status":"open","ping_status":"open","sticky":false,"template":"","format":"standard","meta":{"colormag_page_container_layout":"default_layout","colormag_page_sidebar_layout":"default_layout","footnotes":""},"categories":[8,3,195],"tags":[1282,300,1281,413],"coauthors":[777],"class_list":["post-3399","post","type-post","status-publish","format-standard","has-post-thumbnail","hentry","category-culture","category-ecole","category-musique","tag-klassische-musik","tag-konzert","tag-musique-classique","tag-orphee-et-eurydice"],"yoast_head":"<!-- This site is optimized with the Yoast SEO plugin v27.4 - https:\/\/yoast.com\/product\/yoast-seo-wordpress\/ -->\n<title>Concert : Orph\u00e9e et Eurydice - Cam\u00e4l\u00e9on<\/title>\n<meta name=\"description\" content=\"Le 5 mai 2012 \u00e0 19h \u00e0 l\u00b4universit\u00e9 de Sarrebruck se tenait un concert sur le th\u00eame de Orph\u00e9e et Eurydice, deux personnages de la mythologie grecque.\" \/>\n<meta name=\"robots\" content=\"index, follow, max-snippet:-1, max-image-preview:large, max-video-preview:-1\" \/>\n<link rel=\"canonical\" href=\"https:\/\/www.camaeleon.org\/de\/2012\/05\/25\/concert-orphee-et-eurydice\/\" \/>\n<meta property=\"og:locale\" content=\"de_DE\" \/>\n<meta property=\"og:type\" content=\"article\" \/>\n<meta property=\"og:title\" content=\"Concert : Orph\u00e9e et Eurydice - Cam\u00e4l\u00e9on\" \/>\n<meta property=\"og:description\" content=\"Le 5 mai 2012 \u00e0 19h \u00e0 l\u00b4universit\u00e9 de Sarrebruck se tenait un concert sur le th\u00eame de Orph\u00e9e et Eurydice, deux personnages de la mythologie grecque.\" \/>\n<meta property=\"og:url\" content=\"https:\/\/www.camaeleon.org\/de\/2012\/05\/25\/concert-orphee-et-eurydice\/\" \/>\n<meta property=\"og:site_name\" content=\"Cam\u00e4l\u00e9on\" \/>\n<meta property=\"article:publisher\" content=\"https:\/\/www.facebook.com\/camaeleon.org\/\" \/>\n<meta property=\"article:published_time\" content=\"2012-05-25T07:10:02+00:00\" \/>\n<meta property=\"article:modified_time\" content=\"2020-12-23T17:37:22+00:00\" \/>\n<meta property=\"og:image\" content=\"https:\/\/www.camaeleon.org\/wp-content\/uploads\/2012\/05\/Orpheus.jpg\" \/>\n\t<meta property=\"og:image:width\" content=\"600\" \/>\n\t<meta property=\"og:image:height\" content=\"400\" \/>\n\t<meta property=\"og:image:type\" content=\"image\/jpeg\" \/>\n<meta name=\"author\" content=\"Charles Sauget\" \/>\n<meta name=\"twitter:card\" content=\"summary_large_image\" \/>\n<meta name=\"twitter:creator\" content=\"@camaeleonOrg\" \/>\n<meta name=\"twitter:site\" content=\"@camaeleonOrg\" \/>\n<script type=\"application\/ld+json\" class=\"yoast-schema-graph\">{\"@context\":\"https:\\\/\\\/schema.org\",\"@graph\":[{\"@type\":\"Article\",\"@id\":\"https:\\\/\\\/www.camaeleon.org\\\/de\\\/2012\\\/05\\\/25\\\/concert-orphee-et-eurydice\\\/#article\",\"isPartOf\":{\"@id\":\"https:\\\/\\\/www.camaeleon.org\\\/de\\\/2012\\\/05\\\/25\\\/concert-orphee-et-eurydice\\\/\"},\"author\":{\"name\":\"Charles Sauget\",\"@id\":\"https:\\\/\\\/www.camaeleon.org\\\/de\\\/#\\\/schema\\\/person\\\/145b06707f43c0c79fb3ac3cc6f5733d\"},\"headline\":\"Concert : Orph\u00e9e et Eurydice\",\"datePublished\":\"2012-05-25T07:10:02+00:00\",\"dateModified\":\"2020-12-23T17:37:22+00:00\",\"mainEntityOfPage\":{\"@id\":\"https:\\\/\\\/www.camaeleon.org\\\/de\\\/2012\\\/05\\\/25\\\/concert-orphee-et-eurydice\\\/\"},\"wordCount\":1167,\"commentCount\":0,\"publisher\":{\"@id\":\"https:\\\/\\\/www.camaeleon.org\\\/de\\\/#organization\"},\"image\":{\"@id\":\"https:\\\/\\\/www.camaeleon.org\\\/de\\\/2012\\\/05\\\/25\\\/concert-orphee-et-eurydice\\\/#primaryimage\"},\"thumbnailUrl\":\"https:\\\/\\\/www.camaeleon.org\\\/wp-content\\\/uploads\\\/2012\\\/05\\\/Orpheus.jpg\",\"keywords\":[\"klassische Musik\",\"Konzert\",\"musique classique\",\"Orph\u00e9e et Eurydice\"],\"articleSection\":[\"Kultur\",\"Schule\",\"Musik\"],\"inLanguage\":\"de\",\"potentialAction\":[{\"@type\":\"CommentAction\",\"name\":\"Comment\",\"target\":[\"https:\\\/\\\/www.camaeleon.org\\\/de\\\/2012\\\/05\\\/25\\\/concert-orphee-et-eurydice\\\/#respond\"]}]},{\"@type\":\"WebPage\",\"@id\":\"https:\\\/\\\/www.camaeleon.org\\\/de\\\/2012\\\/05\\\/25\\\/concert-orphee-et-eurydice\\\/\",\"url\":\"https:\\\/\\\/www.camaeleon.org\\\/de\\\/2012\\\/05\\\/25\\\/concert-orphee-et-eurydice\\\/\",\"name\":\"Concert : Orph\u00e9e et Eurydice - Cam\u00e4l\u00e9on\",\"isPartOf\":{\"@id\":\"https:\\\/\\\/www.camaeleon.org\\\/de\\\/#website\"},\"primaryImageOfPage\":{\"@id\":\"https:\\\/\\\/www.camaeleon.org\\\/de\\\/2012\\\/05\\\/25\\\/concert-orphee-et-eurydice\\\/#primaryimage\"},\"image\":{\"@id\":\"https:\\\/\\\/www.camaeleon.org\\\/de\\\/2012\\\/05\\\/25\\\/concert-orphee-et-eurydice\\\/#primaryimage\"},\"thumbnailUrl\":\"https:\\\/\\\/www.camaeleon.org\\\/wp-content\\\/uploads\\\/2012\\\/05\\\/Orpheus.jpg\",\"datePublished\":\"2012-05-25T07:10:02+00:00\",\"dateModified\":\"2020-12-23T17:37:22+00:00\",\"description\":\"Le 5 mai 2012 \u00e0 19h \u00e0 l\u00b4universit\u00e9 de Sarrebruck se tenait un concert sur le th\u00eame de Orph\u00e9e et Eurydice, deux personnages de la mythologie grecque.\",\"breadcrumb\":{\"@id\":\"https:\\\/\\\/www.camaeleon.org\\\/de\\\/2012\\\/05\\\/25\\\/concert-orphee-et-eurydice\\\/#breadcrumb\"},\"inLanguage\":\"de\",\"potentialAction\":[{\"@type\":\"ReadAction\",\"target\":[[\"https:\\\/\\\/www.camaeleon.org\\\/de\\\/2012\\\/05\\\/25\\\/concert-orphee-et-eurydice\\\/\"]]}]},{\"@type\":\"ImageObject\",\"inLanguage\":\"de\",\"@id\":\"https:\\\/\\\/www.camaeleon.org\\\/de\\\/2012\\\/05\\\/25\\\/concert-orphee-et-eurydice\\\/#primaryimage\",\"url\":\"https:\\\/\\\/www.camaeleon.org\\\/wp-content\\\/uploads\\\/2012\\\/05\\\/Orpheus.jpg\",\"contentUrl\":\"https:\\\/\\\/www.camaeleon.org\\\/wp-content\\\/uploads\\\/2012\\\/05\\\/Orpheus.jpg\",\"width\":600,\"height\":400,\"caption\":\"\"},{\"@type\":\"BreadcrumbList\",\"@id\":\"https:\\\/\\\/www.camaeleon.org\\\/de\\\/2012\\\/05\\\/25\\\/concert-orphee-et-eurydice\\\/#breadcrumb\",\"itemListElement\":[{\"@type\":\"ListItem\",\"position\":1,\"name\":\"Home\",\"item\":\"https:\\\/\\\/www.camaeleon.org\\\/de\\\/\"},{\"@type\":\"ListItem\",\"position\":2,\"name\":\"Concert : Orph\u00e9e et Eurydice\"}]},{\"@type\":\"WebSite\",\"@id\":\"https:\\\/\\\/www.camaeleon.org\\\/de\\\/#website\",\"url\":\"https:\\\/\\\/www.camaeleon.org\\\/de\\\/\",\"name\":\"Cam\u00e4l\u00e9on\",\"description\":\"Das Sch\u00fclermagazin des Deutsch-Franz\u00f6sischen Gymnasiums Saarbr\u00fccken\",\"publisher\":{\"@id\":\"https:\\\/\\\/www.camaeleon.org\\\/de\\\/#organization\"},\"potentialAction\":[{\"@type\":\"SearchAction\",\"target\":{\"@type\":\"EntryPoint\",\"urlTemplate\":\"https:\\\/\\\/www.camaeleon.org\\\/de\\\/?s={search_term_string}\"},\"query-input\":{\"@type\":\"PropertyValueSpecification\",\"valueRequired\":true,\"valueName\":\"search_term_string\"}}],\"inLanguage\":\"de\"},{\"@type\":\"Organization\",\"@id\":\"https:\\\/\\\/www.camaeleon.org\\\/de\\\/#organization\",\"name\":\"Cam\u00e4l\u00e9on\",\"url\":\"https:\\\/\\\/www.camaeleon.org\\\/de\\\/\",\"logo\":{\"@type\":\"ImageObject\",\"inLanguage\":\"de\",\"@id\":\"https:\\\/\\\/www.camaeleon.org\\\/de\\\/#\\\/schema\\\/logo\\\/image\\\/\",\"url\":\"https:\\\/\\\/www.camaeleon.org\\\/wp-content\\\/uploads\\\/2011\\\/11\\\/CAM\u00c4LEON.jpg\",\"contentUrl\":\"https:\\\/\\\/www.camaeleon.org\\\/wp-content\\\/uploads\\\/2011\\\/11\\\/CAM\u00c4LEON.jpg\",\"width\":959,\"height\":959,\"caption\":\"Cam\u00e4l\u00e9on\"},\"image\":{\"@id\":\"https:\\\/\\\/www.camaeleon.org\\\/de\\\/#\\\/schema\\\/logo\\\/image\\\/\"},\"sameAs\":[\"https:\\\/\\\/www.facebook.com\\\/camaeleon.org\\\/\",\"https:\\\/\\\/x.com\\\/camaeleonOrg\",\"https:\\\/\\\/www.instagram.com\\\/camaeleon.dfg\\\/\",\"https:\\\/\\\/www.youtube.com\\\/channel\\\/UCl3TAUDdGuu_c7CD6ax6hYg\"]},{\"@type\":\"Person\",\"@id\":\"https:\\\/\\\/www.camaeleon.org\\\/de\\\/#\\\/schema\\\/person\\\/145b06707f43c0c79fb3ac3cc6f5733d\",\"name\":\"Charles Sauget\",\"image\":{\"@type\":\"ImageObject\",\"inLanguage\":\"de\",\"@id\":\"https:\\\/\\\/www.camaeleon.org\\\/de\\\/wp-content\\\/uploads\\\/2021\\\/10\\\/cropped-android-chrome-512x512-2-150x150.pngb111c6b8db723f506736f05d8fadbe0c\",\"url\":\"https:\\\/\\\/www.camaeleon.org\\\/wp-content\\\/uploads\\\/2021\\\/10\\\/cropped-android-chrome-512x512-2-150x150.png\",\"contentUrl\":\"https:\\\/\\\/www.camaeleon.org\\\/wp-content\\\/uploads\\\/2021\\\/10\\\/cropped-android-chrome-512x512-2-150x150.png\",\"caption\":\"Charles Sauget\"},\"url\":\"https:\\\/\\\/www.camaeleon.org\\\/de\\\/author\\\/charles-sauget\\\/\"}]}<\/script>\n<!-- \/ Yoast SEO plugin. -->","yoast_head_json":{"title":"Concert : Orph\u00e9e et Eurydice - Cam\u00e4l\u00e9on","description":"Le 5 mai 2012 \u00e0 19h \u00e0 l\u00b4universit\u00e9 de Sarrebruck se tenait un concert sur le th\u00eame de Orph\u00e9e et Eurydice, deux personnages de la mythologie grecque.","robots":{"index":"index","follow":"follow","max-snippet":"max-snippet:-1","max-image-preview":"max-image-preview:large","max-video-preview":"max-video-preview:-1"},"canonical":"https:\/\/www.camaeleon.org\/de\/2012\/05\/25\/concert-orphee-et-eurydice\/","og_locale":"de_DE","og_type":"article","og_title":"Concert : Orph\u00e9e et Eurydice - Cam\u00e4l\u00e9on","og_description":"Le 5 mai 2012 \u00e0 19h \u00e0 l\u00b4universit\u00e9 de Sarrebruck se tenait un concert sur le th\u00eame de Orph\u00e9e et Eurydice, deux personnages de la mythologie grecque.","og_url":"https:\/\/www.camaeleon.org\/de\/2012\/05\/25\/concert-orphee-et-eurydice\/","og_site_name":"Cam\u00e4l\u00e9on","article_publisher":"https:\/\/www.facebook.com\/camaeleon.org\/","article_published_time":"2012-05-25T07:10:02+00:00","article_modified_time":"2020-12-23T17:37:22+00:00","og_image":[{"width":600,"height":400,"url":"https:\/\/www.camaeleon.org\/wp-content\/uploads\/2012\/05\/Orpheus.jpg","type":"image\/jpeg"}],"author":"Charles Sauget","twitter_card":"summary_large_image","twitter_creator":"@camaeleonOrg","twitter_site":"@camaeleonOrg","schema":{"@context":"https:\/\/schema.org","@graph":[{"@type":"Article","@id":"https:\/\/www.camaeleon.org\/de\/2012\/05\/25\/concert-orphee-et-eurydice\/#article","isPartOf":{"@id":"https:\/\/www.camaeleon.org\/de\/2012\/05\/25\/concert-orphee-et-eurydice\/"},"author":{"name":"Charles Sauget","@id":"https:\/\/www.camaeleon.org\/de\/#\/schema\/person\/145b06707f43c0c79fb3ac3cc6f5733d"},"headline":"Concert : Orph\u00e9e et Eurydice","datePublished":"2012-05-25T07:10:02+00:00","dateModified":"2020-12-23T17:37:22+00:00","mainEntityOfPage":{"@id":"https:\/\/www.camaeleon.org\/de\/2012\/05\/25\/concert-orphee-et-eurydice\/"},"wordCount":1167,"commentCount":0,"publisher":{"@id":"https:\/\/www.camaeleon.org\/de\/#organization"},"image":{"@id":"https:\/\/www.camaeleon.org\/de\/2012\/05\/25\/concert-orphee-et-eurydice\/#primaryimage"},"thumbnailUrl":"https:\/\/www.camaeleon.org\/wp-content\/uploads\/2012\/05\/Orpheus.jpg","keywords":["klassische Musik","Konzert","musique classique","Orph\u00e9e et Eurydice"],"articleSection":["Kultur","Schule","Musik"],"inLanguage":"de","potentialAction":[{"@type":"CommentAction","name":"Comment","target":["https:\/\/www.camaeleon.org\/de\/2012\/05\/25\/concert-orphee-et-eurydice\/#respond"]}]},{"@type":"WebPage","@id":"https:\/\/www.camaeleon.org\/de\/2012\/05\/25\/concert-orphee-et-eurydice\/","url":"https:\/\/www.camaeleon.org\/de\/2012\/05\/25\/concert-orphee-et-eurydice\/","name":"Concert : Orph\u00e9e et Eurydice - Cam\u00e4l\u00e9on","isPartOf":{"@id":"https:\/\/www.camaeleon.org\/de\/#website"},"primaryImageOfPage":{"@id":"https:\/\/www.camaeleon.org\/de\/2012\/05\/25\/concert-orphee-et-eurydice\/#primaryimage"},"image":{"@id":"https:\/\/www.camaeleon.org\/de\/2012\/05\/25\/concert-orphee-et-eurydice\/#primaryimage"},"thumbnailUrl":"https:\/\/www.camaeleon.org\/wp-content\/uploads\/2012\/05\/Orpheus.jpg","datePublished":"2012-05-25T07:10:02+00:00","dateModified":"2020-12-23T17:37:22+00:00","description":"Le 5 mai 2012 \u00e0 19h \u00e0 l\u00b4universit\u00e9 de Sarrebruck se tenait un concert sur le th\u00eame de Orph\u00e9e et Eurydice, deux personnages de la mythologie grecque.","breadcrumb":{"@id":"https:\/\/www.camaeleon.org\/de\/2012\/05\/25\/concert-orphee-et-eurydice\/#breadcrumb"},"inLanguage":"de","potentialAction":[{"@type":"ReadAction","target":[["https:\/\/www.camaeleon.org\/de\/2012\/05\/25\/concert-orphee-et-eurydice\/"]]}]},{"@type":"ImageObject","inLanguage":"de","@id":"https:\/\/www.camaeleon.org\/de\/2012\/05\/25\/concert-orphee-et-eurydice\/#primaryimage","url":"https:\/\/www.camaeleon.org\/wp-content\/uploads\/2012\/05\/Orpheus.jpg","contentUrl":"https:\/\/www.camaeleon.org\/wp-content\/uploads\/2012\/05\/Orpheus.jpg","width":600,"height":400,"caption":""},{"@type":"BreadcrumbList","@id":"https:\/\/www.camaeleon.org\/de\/2012\/05\/25\/concert-orphee-et-eurydice\/#breadcrumb","itemListElement":[{"@type":"ListItem","position":1,"name":"Home","item":"https:\/\/www.camaeleon.org\/de\/"},{"@type":"ListItem","position":2,"name":"Concert : Orph\u00e9e et Eurydice"}]},{"@type":"WebSite","@id":"https:\/\/www.camaeleon.org\/de\/#website","url":"https:\/\/www.camaeleon.org\/de\/","name":"Cam\u00e4l\u00e9on","description":"Das Sch\u00fclermagazin des Deutsch-Franz\u00f6sischen Gymnasiums Saarbr\u00fccken","publisher":{"@id":"https:\/\/www.camaeleon.org\/de\/#organization"},"potentialAction":[{"@type":"SearchAction","target":{"@type":"EntryPoint","urlTemplate":"https:\/\/www.camaeleon.org\/de\/?s={search_term_string}"},"query-input":{"@type":"PropertyValueSpecification","valueRequired":true,"valueName":"search_term_string"}}],"inLanguage":"de"},{"@type":"Organization","@id":"https:\/\/www.camaeleon.org\/de\/#organization","name":"Cam\u00e4l\u00e9on","url":"https:\/\/www.camaeleon.org\/de\/","logo":{"@type":"ImageObject","inLanguage":"de","@id":"https:\/\/www.camaeleon.org\/de\/#\/schema\/logo\/image\/","url":"https:\/\/www.camaeleon.org\/wp-content\/uploads\/2011\/11\/CAM\u00c4LEON.jpg","contentUrl":"https:\/\/www.camaeleon.org\/wp-content\/uploads\/2011\/11\/CAM\u00c4LEON.jpg","width":959,"height":959,"caption":"Cam\u00e4l\u00e9on"},"image":{"@id":"https:\/\/www.camaeleon.org\/de\/#\/schema\/logo\/image\/"},"sameAs":["https:\/\/www.facebook.com\/camaeleon.org\/","https:\/\/x.com\/camaeleonOrg","https:\/\/www.instagram.com\/camaeleon.dfg\/","https:\/\/www.youtube.com\/channel\/UCl3TAUDdGuu_c7CD6ax6hYg"]},{"@type":"Person","@id":"https:\/\/www.camaeleon.org\/de\/#\/schema\/person\/145b06707f43c0c79fb3ac3cc6f5733d","name":"Charles Sauget","image":{"@type":"ImageObject","inLanguage":"de","@id":"https:\/\/www.camaeleon.org\/de\/wp-content\/uploads\/2021\/10\/cropped-android-chrome-512x512-2-150x150.pngb111c6b8db723f506736f05d8fadbe0c","url":"https:\/\/www.camaeleon.org\/wp-content\/uploads\/2021\/10\/cropped-android-chrome-512x512-2-150x150.png","contentUrl":"https:\/\/www.camaeleon.org\/wp-content\/uploads\/2021\/10\/cropped-android-chrome-512x512-2-150x150.png","caption":"Charles Sauget"},"url":"https:\/\/www.camaeleon.org\/de\/author\/charles-sauget\/"}]}},"_links":{"self":[{"href":"https:\/\/www.camaeleon.org\/de\/wp-json\/wp\/v2\/posts\/3399","targetHints":{"allow":["GET"]}}],"collection":[{"href":"https:\/\/www.camaeleon.org\/de\/wp-json\/wp\/v2\/posts"}],"about":[{"href":"https:\/\/www.camaeleon.org\/de\/wp-json\/wp\/v2\/types\/post"}],"author":[{"embeddable":true,"href":"https:\/\/www.camaeleon.org\/de\/wp-json\/wp\/v2\/users\/9"}],"replies":[{"embeddable":true,"href":"https:\/\/www.camaeleon.org\/de\/wp-json\/wp\/v2\/comments?post=3399"}],"version-history":[{"count":0,"href":"https:\/\/www.camaeleon.org\/de\/wp-json\/wp\/v2\/posts\/3399\/revisions"}],"wp:featuredmedia":[{"embeddable":true,"href":"https:\/\/www.camaeleon.org\/de\/wp-json\/wp\/v2\/media\/3481"}],"wp:attachment":[{"href":"https:\/\/www.camaeleon.org\/de\/wp-json\/wp\/v2\/media?parent=3399"}],"wp:term":[{"taxonomy":"category","embeddable":true,"href":"https:\/\/www.camaeleon.org\/de\/wp-json\/wp\/v2\/categories?post=3399"},{"taxonomy":"post_tag","embeddable":true,"href":"https:\/\/www.camaeleon.org\/de\/wp-json\/wp\/v2\/tags?post=3399"},{"taxonomy":"author","embeddable":true,"href":"https:\/\/www.camaeleon.org\/de\/wp-json\/wp\/v2\/coauthors?post=3399"}],"curies":[{"name":"wp","href":"https:\/\/api.w.org\/{rel}","templated":true}]}}