{"id":33885,"date":"2026-04-28T23:36:42","date_gmt":"2026-04-28T21:36:42","guid":{"rendered":"https:\/\/www.camaeleon.org\/?p=33885"},"modified":"2026-04-28T23:36:42","modified_gmt":"2026-04-28T21:36:42","slug":"das-wort-der-woche-elternberufsforum","status":"publish","type":"post","link":"https:\/\/www.camaeleon.org\/de\/2026\/04\/28\/das-wort-der-woche-elternberufsforum\/","title":{"rendered":"Das Wort der Woche: #Elternberufsforum"},"content":{"rendered":"<p>Am 25.4. fand das Elternberufsforum 2026 statt. Wie jedes Jahr kamen die Eltern von manchen Sch\u00fcler*innen, um ihren Beruf vorzustellen.<\/p>\n<p><img loading=\"lazy\" decoding=\"async\" class=\"aligncenter size-large wp-image-33953\" src=\"https:\/\/www.camaeleon.org\/wp-content\/uploads\/2026\/04\/WhatsApp-Image-2026-04-27-at-12.02.48-880x396.jpeg\" alt=\"Elternberufsforum 2026\" width=\"800\" height=\"360\" srcset=\"https:\/\/www.camaeleon.org\/wp-content\/uploads\/2026\/04\/WhatsApp-Image-2026-04-27-at-12.02.48-880x396.jpeg 880w, https:\/\/www.camaeleon.org\/wp-content\/uploads\/2026\/04\/WhatsApp-Image-2026-04-27-at-12.02.48-300x135.jpeg 300w, https:\/\/www.camaeleon.org\/wp-content\/uploads\/2026\/04\/WhatsApp-Image-2026-04-27-at-12.02.48-1536x691.jpeg 1536w, https:\/\/www.camaeleon.org\/wp-content\/uploads\/2026\/04\/WhatsApp-Image-2026-04-27-at-12.02.48.jpeg 1600w\" sizes=\"auto, (max-width: 800px) 100vw, 800px\" \/><\/p>\n<p>Dieses Forum wird f\u00fcr die Sch\u00fcler*innen der 8. Klasse veranstaltet, damit diese Ideen f\u00fcr ihr Praktikum im April 2027 oder f\u00fcr den sp\u00e4teren Beruf haben. Die Sch\u00fcler*innen durften 7 der 30 m\u00f6glichen Berufe aussuchen.<\/p>\n<p>Es gab verschiedene Berufskategorien:<\/p>\n<ul>\n<li>K\u00fcnstlerische Berufe (Filmproduzentin)<\/li>\n<li>\u00d6ffentlicher Dienstberufe (z.B. Informatiker)<\/li>\n<li>P\u00e4dagogische Berufe (Sozialp\u00e4dagogik)<\/li>\n<li>Handwerkliche Berufe (z.B. Elektriker)<\/li>\n<li>Juristische Berufe (Richter)<\/li>\n<li>Kaufm\u00e4nnische Berufe (z.B. Steuerberater)<\/li>\n<li>Medizinische Berufe (z.B. Psychotherapeutin)<\/li>\n<li>Kommunikationsberufe (z.B. Rundfunkredakteurin)<\/li>\n<li>Technische Berufe (z.B. Softwareentwickler)<\/li>\n<\/ul>\n<p>Nach diesen Tag haben sicherlich alle Sch\u00fcler*innen der 8. Klasse mindestens einen Beruf gefunden, der ihn gefiel.<\/p>\n<div id='gallery-1' class='gallery galleryid-33885 gallery-columns-2 gallery-size-large'><figure class='gallery-item'>\n\t\t\t<div class='gallery-icon landscape'>\n\t\t\t\t<a href='https:\/\/www.camaeleon.org\/wp-content\/uploads\/2026\/04\/WhatsApp-Image-2026-04-27-at-12.02.47.jpeg'><img loading=\"lazy\" decoding=\"async\" width=\"800\" height=\"360\" src=\"https:\/\/www.camaeleon.org\/wp-content\/uploads\/2026\/04\/WhatsApp-Image-2026-04-27-at-12.02.47-880x396.jpeg\" class=\"attachment-large size-large\" alt=\"Elternberufsforum 2026\" srcset=\"https:\/\/www.camaeleon.org\/wp-content\/uploads\/2026\/04\/WhatsApp-Image-2026-04-27-at-12.02.47-880x396.jpeg 880w, https:\/\/www.camaeleon.org\/wp-content\/uploads\/2026\/04\/WhatsApp-Image-2026-04-27-at-12.02.47-300x135.jpeg 300w, https:\/\/www.camaeleon.org\/wp-content\/uploads\/2026\/04\/WhatsApp-Image-2026-04-27-at-12.02.47-1536x691.jpeg 1536w, https:\/\/www.camaeleon.org\/wp-content\/uploads\/2026\/04\/WhatsApp-Image-2026-04-27-at-12.02.47.jpeg 1600w\" sizes=\"auto, (max-width: 800px) 100vw, 800px\" \/><\/a>\n\t\t\t<\/div><\/figure><figure class='gallery-item'>\n\t\t\t<div class='gallery-icon landscape'>\n\t\t\t\t<a href='https:\/\/www.camaeleon.org\/wp-content\/uploads\/2026\/04\/WhatsApp-Image-2026-04-27-at-12.02.48-2.jpeg'><img loading=\"lazy\" decoding=\"async\" width=\"800\" height=\"360\" src=\"https:\/\/www.camaeleon.org\/wp-content\/uploads\/2026\/04\/WhatsApp-Image-2026-04-27-at-12.02.48-2-880x396.jpeg\" class=\"attachment-large size-large\" alt=\"Elternberufsforum 2026\" srcset=\"https:\/\/www.camaeleon.org\/wp-content\/uploads\/2026\/04\/WhatsApp-Image-2026-04-27-at-12.02.48-2-880x396.jpeg 880w, https:\/\/www.camaeleon.org\/wp-content\/uploads\/2026\/04\/WhatsApp-Image-2026-04-27-at-12.02.48-2-300x135.jpeg 300w, https:\/\/www.camaeleon.org\/wp-content\/uploads\/2026\/04\/WhatsApp-Image-2026-04-27-at-12.02.48-2-1536x691.jpeg 1536w, https:\/\/www.camaeleon.org\/wp-content\/uploads\/2026\/04\/WhatsApp-Image-2026-04-27-at-12.02.48-2.jpeg 1600w\" sizes=\"auto, (max-width: 800px) 100vw, 800px\" \/><\/a>\n\t\t\t<\/div><\/figure>\n\t\t<\/div>\n\n<p>Falls ihr in der 8. Klasse seid und am Elternberufsforum teilgenommen habt, k\u00f6nnt ihr gerne in die Kommentare schreiben, wie es euch gefiel und welchem Beruf euch am meisten interessiert hat!<\/p>\n","protected":false},"excerpt":{"rendered":"<p>Am 25.4. fand das Elternberufsforum 2026 statt. Wie jedes Jahr kamen die Eltern von manchen Sch\u00fcler*innen, um ihren Beruf vorzustellen. Dieses Forum wird f\u00fcr die<\/p>\n","protected":false},"author":190,"featured_media":33953,"comment_status":"open","ping_status":"closed","sticky":false,"template":"","format":"standard","meta":{"colormag_page_container_layout":"default_layout","colormag_page_sidebar_layout":"default_layout","footnotes":""},"categories":[864],"tags":[2749,586,2747,1869,2670,544,2748,2746],"coauthors":[2597],"class_list":["post-33885","post","type-post","status-publish","format-standard","has-post-thumbnail","hentry","category-le-mot-de-la-semaine","tag-8-klasse","tag-berufspraktikum","tag-betriebspraktikum","tag-elternberufsforum","tag-forum-des-metiers-et-de-lorientation","tag-praktikum","tag-schulerpraktikum","tag-studium"],"yoast_head":"<!-- This site is optimized with the Yoast SEO plugin v27.5 - https:\/\/yoast.com\/product\/yoast-seo-wordpress\/ -->\n<title>Das Wort der Woche: #Elternberufsforum - Cam\u00e4l\u00e9on<\/title>\n<meta name=\"description\" content=\"Am 25.4 fand das Elternberufsforum 2026 statt. Wie jedes Jahr kamen die Eltern von manche Sch\u00fcler, um ihren Beruf vorzustellen.\" \/>\n<meta name=\"robots\" content=\"index, follow, max-snippet:-1, max-image-preview:large, max-video-preview:-1\" \/>\n<link rel=\"canonical\" href=\"https:\/\/www.camaeleon.org\/de\/2026\/04\/28\/das-wort-der-woche-elternberufsforum\/\" \/>\n<meta property=\"og:locale\" content=\"de_DE\" \/>\n<meta property=\"og:type\" content=\"article\" \/>\n<meta property=\"og:title\" content=\"Das Wort der Woche: #Elternberufsforum - Cam\u00e4l\u00e9on\" \/>\n<meta property=\"og:description\" content=\"Am 25.4 fand das Elternberufsforum 2026 statt. Wie jedes Jahr kamen die Eltern von manche Sch\u00fcler, um ihren Beruf vorzustellen.\" \/>\n<meta property=\"og:url\" content=\"https:\/\/www.camaeleon.org\/de\/2026\/04\/28\/das-wort-der-woche-elternberufsforum\/\" \/>\n<meta property=\"og:site_name\" content=\"Cam\u00e4l\u00e9on\" \/>\n<meta property=\"article:publisher\" content=\"https:\/\/www.facebook.com\/camaeleon.org\/\" \/>\n<meta property=\"article:published_time\" content=\"2026-04-28T21:36:42+00:00\" \/>\n<meta property=\"og:image\" content=\"https:\/\/www.camaeleon.org\/wp-content\/uploads\/2026\/04\/WhatsApp-Image-2026-04-27-at-12.02.48.jpeg\" \/>\n\t<meta property=\"og:image:width\" content=\"1600\" \/>\n\t<meta property=\"og:image:height\" content=\"720\" \/>\n\t<meta property=\"og:image:type\" content=\"image\/jpeg\" \/>\n<meta name=\"author\" content=\"Valentin Verstappen Tourtet\" \/>\n<meta name=\"twitter:card\" content=\"summary_large_image\" \/>\n<meta name=\"twitter:creator\" content=\"@camaeleonOrg\" \/>\n<meta name=\"twitter:site\" content=\"@camaeleonOrg\" \/>\n<script type=\"application\/ld+json\" class=\"yoast-schema-graph\">{\"@context\":\"https:\\\/\\\/schema.org\",\"@graph\":[{\"@type\":\"Article\",\"@id\":\"https:\\\/\\\/www.camaeleon.org\\\/2026\\\/04\\\/28\\\/das-wort-der-woche-elternberufsforum\\\/#article\",\"isPartOf\":{\"@id\":\"https:\\\/\\\/www.camaeleon.org\\\/2026\\\/04\\\/28\\\/das-wort-der-woche-elternberufsforum\\\/\"},\"author\":{\"name\":\"Valentin Verstappen Tourtet\",\"@id\":\"https:\\\/\\\/www.camaeleon.org\\\/de\\\/#\\\/schema\\\/person\\\/c0e4c10df183f86520b8c5cae19d3744\"},\"headline\":\"Das Wort der Woche: #Elternberufsforum\",\"datePublished\":\"2026-04-28T21:36:42+00:00\",\"mainEntityOfPage\":{\"@id\":\"https:\\\/\\\/www.camaeleon.org\\\/2026\\\/04\\\/28\\\/das-wort-der-woche-elternberufsforum\\\/\"},\"wordCount\":166,\"commentCount\":0,\"publisher\":{\"@id\":\"https:\\\/\\\/www.camaeleon.org\\\/de\\\/#organization\"},\"image\":{\"@id\":\"https:\\\/\\\/www.camaeleon.org\\\/2026\\\/04\\\/28\\\/das-wort-der-woche-elternberufsforum\\\/#primaryimage\"},\"thumbnailUrl\":\"https:\\\/\\\/www.camaeleon.org\\\/wp-content\\\/uploads\\\/2026\\\/04\\\/WhatsApp-Image-2026-04-27-at-12.02.48.jpeg\",\"keywords\":[\"8. Klasse\",\"Berufspraktikum\",\"Betriebspraktikum\",\"Elternberufsforum\",\"Forum des m\u00e9tiers et de l'orientation\",\"Praktikum\",\"Sch\u00fclerpraktikum\",\"Studium\"],\"articleSection\":[\"Das Wort der Woche\"],\"inLanguage\":\"de\",\"potentialAction\":[{\"@type\":\"CommentAction\",\"name\":\"Comment\",\"target\":[\"https:\\\/\\\/www.camaeleon.org\\\/2026\\\/04\\\/28\\\/das-wort-der-woche-elternberufsforum\\\/#respond\"]}]},{\"@type\":\"WebPage\",\"@id\":\"https:\\\/\\\/www.camaeleon.org\\\/de\\\/2026\\\/04\\\/28\\\/das-wort-der-woche-elternberufsforum\\\/\",\"url\":\"https:\\\/\\\/www.camaeleon.org\\\/de\\\/2026\\\/04\\\/28\\\/das-wort-der-woche-elternberufsforum\\\/\",\"name\":\"Das Wort der Woche: #Elternberufsforum - Cam\u00e4l\u00e9on\",\"isPartOf\":{\"@id\":\"https:\\\/\\\/www.camaeleon.org\\\/de\\\/#website\"},\"primaryImageOfPage\":{\"@id\":\"https:\\\/\\\/www.camaeleon.org\\\/de\\\/2026\\\/04\\\/28\\\/das-wort-der-woche-elternberufsforum\\\/#primaryimage\"},\"image\":{\"@id\":\"https:\\\/\\\/www.camaeleon.org\\\/2026\\\/04\\\/28\\\/das-wort-der-woche-elternberufsforum\\\/#primaryimage\"},\"thumbnailUrl\":\"https:\\\/\\\/www.camaeleon.org\\\/wp-content\\\/uploads\\\/2026\\\/04\\\/WhatsApp-Image-2026-04-27-at-12.02.48.jpeg\",\"datePublished\":\"2026-04-28T21:36:42+00:00\",\"description\":\"Am 25.4 fand das Elternberufsforum 2026 statt. Wie jedes Jahr kamen die Eltern von manche Sch\u00fcler, um ihren Beruf vorzustellen.\",\"breadcrumb\":{\"@id\":\"https:\\\/\\\/www.camaeleon.org\\\/de\\\/2026\\\/04\\\/28\\\/das-wort-der-woche-elternberufsforum\\\/#breadcrumb\"},\"inLanguage\":\"de\",\"potentialAction\":[{\"@type\":\"ReadAction\",\"target\":[[\"https:\\\/\\\/www.camaeleon.org\\\/de\\\/2026\\\/04\\\/28\\\/das-wort-der-woche-elternberufsforum\\\/\"]]}]},{\"@type\":\"ImageObject\",\"inLanguage\":\"de\",\"@id\":\"https:\\\/\\\/www.camaeleon.org\\\/de\\\/2026\\\/04\\\/28\\\/das-wort-der-woche-elternberufsforum\\\/#primaryimage\",\"url\":\"https:\\\/\\\/www.camaeleon.org\\\/wp-content\\\/uploads\\\/2026\\\/04\\\/WhatsApp-Image-2026-04-27-at-12.02.48.jpeg\",\"contentUrl\":\"https:\\\/\\\/www.camaeleon.org\\\/wp-content\\\/uploads\\\/2026\\\/04\\\/WhatsApp-Image-2026-04-27-at-12.02.48.jpeg\",\"width\":1600,\"height\":720,\"caption\":\"Elternberufsforum 2026\"},{\"@type\":\"BreadcrumbList\",\"@id\":\"https:\\\/\\\/www.camaeleon.org\\\/de\\\/2026\\\/04\\\/28\\\/das-wort-der-woche-elternberufsforum\\\/#breadcrumb\",\"itemListElement\":[{\"@type\":\"ListItem\",\"position\":1,\"name\":\"Home\",\"item\":\"https:\\\/\\\/www.camaeleon.org\\\/de\\\/\"},{\"@type\":\"ListItem\",\"position\":2,\"name\":\"Das Wort der Woche: #Elternberufsforum\"}]},{\"@type\":\"WebSite\",\"@id\":\"https:\\\/\\\/www.camaeleon.org\\\/de\\\/#website\",\"url\":\"https:\\\/\\\/www.camaeleon.org\\\/de\\\/\",\"name\":\"Cam\u00e4l\u00e9on\",\"description\":\"Das Sch\u00fclermagazin des Deutsch-Franz\u00f6sischen Gymnasiums Saarbr\u00fccken\",\"publisher\":{\"@id\":\"https:\\\/\\\/www.camaeleon.org\\\/de\\\/#organization\"},\"potentialAction\":[{\"@type\":\"SearchAction\",\"target\":{\"@type\":\"EntryPoint\",\"urlTemplate\":\"https:\\\/\\\/www.camaeleon.org\\\/de\\\/?s={search_term_string}\"},\"query-input\":{\"@type\":\"PropertyValueSpecification\",\"valueRequired\":true,\"valueName\":\"search_term_string\"}}],\"inLanguage\":\"de\"},{\"@type\":\"Organization\",\"@id\":\"https:\\\/\\\/www.camaeleon.org\\\/de\\\/#organization\",\"name\":\"Cam\u00e4l\u00e9on\",\"url\":\"https:\\\/\\\/www.camaeleon.org\\\/de\\\/\",\"logo\":{\"@type\":\"ImageObject\",\"inLanguage\":\"de\",\"@id\":\"https:\\\/\\\/www.camaeleon.org\\\/de\\\/#\\\/schema\\\/logo\\\/image\\\/\",\"url\":\"https:\\\/\\\/www.camaeleon.org\\\/wp-content\\\/uploads\\\/2011\\\/11\\\/CAM\u00c4LEON.jpg\",\"contentUrl\":\"https:\\\/\\\/www.camaeleon.org\\\/wp-content\\\/uploads\\\/2011\\\/11\\\/CAM\u00c4LEON.jpg\",\"width\":959,\"height\":959,\"caption\":\"Cam\u00e4l\u00e9on\"},\"image\":{\"@id\":\"https:\\\/\\\/www.camaeleon.org\\\/de\\\/#\\\/schema\\\/logo\\\/image\\\/\"},\"sameAs\":[\"https:\\\/\\\/www.facebook.com\\\/camaeleon.org\\\/\",\"https:\\\/\\\/x.com\\\/camaeleonOrg\",\"https:\\\/\\\/www.instagram.com\\\/camaeleon.dfg\\\/\",\"https:\\\/\\\/www.youtube.com\\\/channel\\\/UCl3TAUDdGuu_c7CD6ax6hYg\"]},{\"@type\":\"Person\",\"@id\":\"https:\\\/\\\/www.camaeleon.org\\\/de\\\/#\\\/schema\\\/person\\\/c0e4c10df183f86520b8c5cae19d3744\",\"name\":\"Valentin Verstappen Tourtet\",\"image\":{\"@type\":\"ImageObject\",\"inLanguage\":\"de\",\"@id\":\"https:\\\/\\\/www.camaeleon.org\\\/de\\\/wp-content\\\/uploads\\\/2025\\\/05\\\/valentin-150x150.jpg516ebdb4929b5d6bf406d4e777539a4d\",\"url\":\"https:\\\/\\\/www.camaeleon.org\\\/wp-content\\\/uploads\\\/2025\\\/05\\\/valentin-150x150.jpg\",\"contentUrl\":\"https:\\\/\\\/www.camaeleon.org\\\/wp-content\\\/uploads\\\/2025\\\/05\\\/valentin-150x150.jpg\",\"caption\":\"Valentin Verstappen Tourtet\"},\"description\":\"Hallo, mein Name ist Valentin, ich bin 13 Jahre alt und ich bin in der 8S2. Ich bin seit Januar 2025 in Cam\u00e4l\u00e9on. Ich spiele Harfe und gehe klettern.\",\"url\":\"https:\\\/\\\/www.camaeleon.org\\\/de\\\/author\\\/valentin-verstappen-tourtet\\\/\"}]}<\/script>\n<!-- \/ Yoast SEO plugin. -->","yoast_head_json":{"title":"Das Wort der Woche: #Elternberufsforum - Cam\u00e4l\u00e9on","description":"Am 25.4 fand das Elternberufsforum 2026 statt. Wie jedes Jahr kamen die Eltern von manche Sch\u00fcler, um ihren Beruf vorzustellen.","robots":{"index":"index","follow":"follow","max-snippet":"max-snippet:-1","max-image-preview":"max-image-preview:large","max-video-preview":"max-video-preview:-1"},"canonical":"https:\/\/www.camaeleon.org\/de\/2026\/04\/28\/das-wort-der-woche-elternberufsforum\/","og_locale":"de_DE","og_type":"article","og_title":"Das Wort der Woche: #Elternberufsforum - Cam\u00e4l\u00e9on","og_description":"Am 25.4 fand das Elternberufsforum 2026 statt. Wie jedes Jahr kamen die Eltern von manche Sch\u00fcler, um ihren Beruf vorzustellen.","og_url":"https:\/\/www.camaeleon.org\/de\/2026\/04\/28\/das-wort-der-woche-elternberufsforum\/","og_site_name":"Cam\u00e4l\u00e9on","article_publisher":"https:\/\/www.facebook.com\/camaeleon.org\/","article_published_time":"2026-04-28T21:36:42+00:00","og_image":[{"width":1600,"height":720,"url":"https:\/\/www.camaeleon.org\/wp-content\/uploads\/2026\/04\/WhatsApp-Image-2026-04-27-at-12.02.48.jpeg","type":"image\/jpeg"}],"author":"Valentin Verstappen Tourtet","twitter_card":"summary_large_image","twitter_creator":"@camaeleonOrg","twitter_site":"@camaeleonOrg","schema":{"@context":"https:\/\/schema.org","@graph":[{"@type":"Article","@id":"https:\/\/www.camaeleon.org\/2026\/04\/28\/das-wort-der-woche-elternberufsforum\/#article","isPartOf":{"@id":"https:\/\/www.camaeleon.org\/2026\/04\/28\/das-wort-der-woche-elternberufsforum\/"},"author":{"name":"Valentin Verstappen Tourtet","@id":"https:\/\/www.camaeleon.org\/de\/#\/schema\/person\/c0e4c10df183f86520b8c5cae19d3744"},"headline":"Das Wort der Woche: #Elternberufsforum","datePublished":"2026-04-28T21:36:42+00:00","mainEntityOfPage":{"@id":"https:\/\/www.camaeleon.org\/2026\/04\/28\/das-wort-der-woche-elternberufsforum\/"},"wordCount":166,"commentCount":0,"publisher":{"@id":"https:\/\/www.camaeleon.org\/de\/#organization"},"image":{"@id":"https:\/\/www.camaeleon.org\/2026\/04\/28\/das-wort-der-woche-elternberufsforum\/#primaryimage"},"thumbnailUrl":"https:\/\/www.camaeleon.org\/wp-content\/uploads\/2026\/04\/WhatsApp-Image-2026-04-27-at-12.02.48.jpeg","keywords":["8. Klasse","Berufspraktikum","Betriebspraktikum","Elternberufsforum","Forum des m\u00e9tiers et de l'orientation","Praktikum","Sch\u00fclerpraktikum","Studium"],"articleSection":["Das Wort der Woche"],"inLanguage":"de","potentialAction":[{"@type":"CommentAction","name":"Comment","target":["https:\/\/www.camaeleon.org\/2026\/04\/28\/das-wort-der-woche-elternberufsforum\/#respond"]}]},{"@type":"WebPage","@id":"https:\/\/www.camaeleon.org\/de\/2026\/04\/28\/das-wort-der-woche-elternberufsforum\/","url":"https:\/\/www.camaeleon.org\/de\/2026\/04\/28\/das-wort-der-woche-elternberufsforum\/","name":"Das Wort der Woche: #Elternberufsforum - Cam\u00e4l\u00e9on","isPartOf":{"@id":"https:\/\/www.camaeleon.org\/de\/#website"},"primaryImageOfPage":{"@id":"https:\/\/www.camaeleon.org\/de\/2026\/04\/28\/das-wort-der-woche-elternberufsforum\/#primaryimage"},"image":{"@id":"https:\/\/www.camaeleon.org\/2026\/04\/28\/das-wort-der-woche-elternberufsforum\/#primaryimage"},"thumbnailUrl":"https:\/\/www.camaeleon.org\/wp-content\/uploads\/2026\/04\/WhatsApp-Image-2026-04-27-at-12.02.48.jpeg","datePublished":"2026-04-28T21:36:42+00:00","description":"Am 25.4 fand das Elternberufsforum 2026 statt. Wie jedes Jahr kamen die Eltern von manche Sch\u00fcler, um ihren Beruf vorzustellen.","breadcrumb":{"@id":"https:\/\/www.camaeleon.org\/de\/2026\/04\/28\/das-wort-der-woche-elternberufsforum\/#breadcrumb"},"inLanguage":"de","potentialAction":[{"@type":"ReadAction","target":[["https:\/\/www.camaeleon.org\/de\/2026\/04\/28\/das-wort-der-woche-elternberufsforum\/"]]}]},{"@type":"ImageObject","inLanguage":"de","@id":"https:\/\/www.camaeleon.org\/de\/2026\/04\/28\/das-wort-der-woche-elternberufsforum\/#primaryimage","url":"https:\/\/www.camaeleon.org\/wp-content\/uploads\/2026\/04\/WhatsApp-Image-2026-04-27-at-12.02.48.jpeg","contentUrl":"https:\/\/www.camaeleon.org\/wp-content\/uploads\/2026\/04\/WhatsApp-Image-2026-04-27-at-12.02.48.jpeg","width":1600,"height":720,"caption":"Elternberufsforum 2026"},{"@type":"BreadcrumbList","@id":"https:\/\/www.camaeleon.org\/de\/2026\/04\/28\/das-wort-der-woche-elternberufsforum\/#breadcrumb","itemListElement":[{"@type":"ListItem","position":1,"name":"Home","item":"https:\/\/www.camaeleon.org\/de\/"},{"@type":"ListItem","position":2,"name":"Das Wort der Woche: #Elternberufsforum"}]},{"@type":"WebSite","@id":"https:\/\/www.camaeleon.org\/de\/#website","url":"https:\/\/www.camaeleon.org\/de\/","name":"Cam\u00e4l\u00e9on","description":"Das Sch\u00fclermagazin des Deutsch-Franz\u00f6sischen Gymnasiums Saarbr\u00fccken","publisher":{"@id":"https:\/\/www.camaeleon.org\/de\/#organization"},"potentialAction":[{"@type":"SearchAction","target":{"@type":"EntryPoint","urlTemplate":"https:\/\/www.camaeleon.org\/de\/?s={search_term_string}"},"query-input":{"@type":"PropertyValueSpecification","valueRequired":true,"valueName":"search_term_string"}}],"inLanguage":"de"},{"@type":"Organization","@id":"https:\/\/www.camaeleon.org\/de\/#organization","name":"Cam\u00e4l\u00e9on","url":"https:\/\/www.camaeleon.org\/de\/","logo":{"@type":"ImageObject","inLanguage":"de","@id":"https:\/\/www.camaeleon.org\/de\/#\/schema\/logo\/image\/","url":"https:\/\/www.camaeleon.org\/wp-content\/uploads\/2011\/11\/CAM\u00c4LEON.jpg","contentUrl":"https:\/\/www.camaeleon.org\/wp-content\/uploads\/2011\/11\/CAM\u00c4LEON.jpg","width":959,"height":959,"caption":"Cam\u00e4l\u00e9on"},"image":{"@id":"https:\/\/www.camaeleon.org\/de\/#\/schema\/logo\/image\/"},"sameAs":["https:\/\/www.facebook.com\/camaeleon.org\/","https:\/\/x.com\/camaeleonOrg","https:\/\/www.instagram.com\/camaeleon.dfg\/","https:\/\/www.youtube.com\/channel\/UCl3TAUDdGuu_c7CD6ax6hYg"]},{"@type":"Person","@id":"https:\/\/www.camaeleon.org\/de\/#\/schema\/person\/c0e4c10df183f86520b8c5cae19d3744","name":"Valentin Verstappen Tourtet","image":{"@type":"ImageObject","inLanguage":"de","@id":"https:\/\/www.camaeleon.org\/de\/wp-content\/uploads\/2025\/05\/valentin-150x150.jpg516ebdb4929b5d6bf406d4e777539a4d","url":"https:\/\/www.camaeleon.org\/wp-content\/uploads\/2025\/05\/valentin-150x150.jpg","contentUrl":"https:\/\/www.camaeleon.org\/wp-content\/uploads\/2025\/05\/valentin-150x150.jpg","caption":"Valentin Verstappen Tourtet"},"description":"Hallo, mein Name ist Valentin, ich bin 13 Jahre alt und ich bin in der 8S2. Ich bin seit Januar 2025 in Cam\u00e4l\u00e9on. Ich spiele Harfe und gehe klettern.","url":"https:\/\/www.camaeleon.org\/de\/author\/valentin-verstappen-tourtet\/"}]}},"_links":{"self":[{"href":"https:\/\/www.camaeleon.org\/de\/wp-json\/wp\/v2\/posts\/33885","targetHints":{"allow":["GET"]}}],"collection":[{"href":"https:\/\/www.camaeleon.org\/de\/wp-json\/wp\/v2\/posts"}],"about":[{"href":"https:\/\/www.camaeleon.org\/de\/wp-json\/wp\/v2\/types\/post"}],"author":[{"embeddable":true,"href":"https:\/\/www.camaeleon.org\/de\/wp-json\/wp\/v2\/users\/190"}],"replies":[{"embeddable":true,"href":"https:\/\/www.camaeleon.org\/de\/wp-json\/wp\/v2\/comments?post=33885"}],"version-history":[{"count":6,"href":"https:\/\/www.camaeleon.org\/de\/wp-json\/wp\/v2\/posts\/33885\/revisions"}],"predecessor-version":[{"id":33956,"href":"https:\/\/www.camaeleon.org\/de\/wp-json\/wp\/v2\/posts\/33885\/revisions\/33956"}],"wp:featuredmedia":[{"embeddable":true,"href":"https:\/\/www.camaeleon.org\/de\/wp-json\/wp\/v2\/media\/33953"}],"wp:attachment":[{"href":"https:\/\/www.camaeleon.org\/de\/wp-json\/wp\/v2\/media?parent=33885"}],"wp:term":[{"taxonomy":"category","embeddable":true,"href":"https:\/\/www.camaeleon.org\/de\/wp-json\/wp\/v2\/categories?post=33885"},{"taxonomy":"post_tag","embeddable":true,"href":"https:\/\/www.camaeleon.org\/de\/wp-json\/wp\/v2\/tags?post=33885"},{"taxonomy":"author","embeddable":true,"href":"https:\/\/www.camaeleon.org\/de\/wp-json\/wp\/v2\/coauthors?post=33885"}],"curies":[{"name":"wp","href":"https:\/\/api.w.org\/{rel}","templated":true}]}}