{"id":33155,"date":"2025-12-05T13:38:37","date_gmt":"2025-12-05T12:38:37","guid":{"rendered":"https:\/\/www.camaeleon.org\/?p=33155"},"modified":"2025-12-06T22:20:53","modified_gmt":"2025-12-06T21:20:53","slug":"jai-reve-denseigner-ici-interview-de-mme-thoraval-heine","status":"publish","type":"post","link":"https:\/\/www.camaeleon.org\/de\/2025\/12\/05\/jai-reve-denseigner-ici-interview-de-mme-thoraval-heine\/","title":{"rendered":"&#8220;J\u00b4ai r\u00eav\u00e9 d&#8217;enseigner ici&#8220; &#8211; Interview de Madame Thoraval-Heine"},"content":{"rendered":"\r\n<p>Mme Thoraval-Heine, professeure d&#8217;allemand et de fran\u00e7ais, effectue un remplacement au LFA depuis septembre 2025. Voici une interview dans laquelle elle nous explique notamment pourquoi elle est venue enseigner ici, ce qu&#8217;elle fait contre les \u00e9l\u00e8ves turbulents et pourquoi elle ne m\u00e9lange plus les deux langues.\u00a0Bon visionnage !\u00a0<\/p>\r\n<div class=\"lyte-wrapper\" style=\"width:1280px;max-width:100%;margin:5px auto;\"><div class=\"lyMe hidef\" id=\"WYL_3PPsIOAIATs\"><div id=\"lyte_3PPsIOAIATs\" data-src=\"https:\/\/www.camaeleon.org\/wp-content\/plugins\/wp-youtube-lyte\/lyteCache.php?origThumbUrl=%2F%2Fi.ytimg.com%2Fvi%2F3PPsIOAIATs%2Fhqdefault.jpg\" class=\"pL\"><div class=\"tC\"><div class=\"tT\"><\/div><\/div><div class=\"play\"><\/div><div class=\"ctrl\"><div class=\"Lctrl\"><\/div><div class=\"Rctrl\"><\/div><\/div><\/div><noscript><a href=\"https:\/\/youtu.be\/3PPsIOAIATs\" rel=\"nofollow\"><img loading=\"lazy\" decoding=\"async\" src=\"https:\/\/www.camaeleon.org\/wp-content\/plugins\/wp-youtube-lyte\/lyteCache.php?origThumbUrl=https%3A%2F%2Fi.ytimg.com%2Fvi%2F3PPsIOAIATs%2F0.jpg\" alt=\"YouTube-Video-Vorschaubild\" width=\"1280\" height=\"700\" \/><br \/>Dieses Video auf YouTube ansehen<\/a><\/noscript><\/div><\/div><div class=\"lL\" style=\"max-width:100%;width:1280px;margin:5px auto;\"><br\/><span class=\"lyte_disclaimer\">Mit dem Klick auf das Video wird eine Verbindung zu YouTube hergestellt. Weitere Infos in der <a href=\"https:\/\/www.camaeleon.org\/de\/mentions-legales\/declaration-de-protection-des-donnees\/\">Datenschutzerkl\u00e4rung<\/a>.<\/span><\/div><\/p>\r\n","protected":false},"excerpt":{"rendered":"<p>Mme Thoraval-Heine, professeure d&#8217;allemand et de fran\u00e7ais, effectue un remplacement au LFA depuis septembre 2025. Voici une interview dans laquelle elle nous explique notamment pourquoi<\/p>\n","protected":false},"author":198,"featured_media":33219,"comment_status":"open","ping_status":"closed","sticky":false,"template":"","format":"standard","meta":{"colormag_page_container_layout":"default_layout","colormag_page_sidebar_layout":"default_layout","footnotes":""},"categories":[3,908],"tags":[1381,2693],"coauthors":[2673],"class_list":["post-33155","post","type-post","status-publish","format-standard","has-post-thumbnail","hentry","category-ecole","category-camaeleon-video","tag-lehrer-interview","tag-thoraval-heine"],"yoast_head":"<!-- This site is optimized with the Yoast SEO plugin v27.4 - https:\/\/yoast.com\/product\/yoast-seo-wordpress\/ -->\n<title>&quot;J\u00b4ai r\u00eav\u00e9 d&#039;enseigner ici&quot; - Interview de Madame Thoraval-Heine - Cam\u00e4l\u00e9on<\/title>\n<meta name=\"robots\" content=\"index, follow, max-snippet:-1, max-image-preview:large, max-video-preview:-1\" \/>\n<link rel=\"canonical\" href=\"https:\/\/www.camaeleon.org\/de\/2025\/12\/05\/jai-reve-denseigner-ici-interview-de-mme-thoraval-heine\/\" \/>\n<meta property=\"og:locale\" content=\"de_DE\" \/>\n<meta property=\"og:type\" content=\"article\" \/>\n<meta property=\"og:title\" content=\"&quot;J\u00b4ai r\u00eav\u00e9 d&#039;enseigner ici&quot; - Interview de Madame Thoraval-Heine - Cam\u00e4l\u00e9on\" \/>\n<meta property=\"og:description\" content=\"Mme Thoraval-Heine, professeure d&#8217;allemand et de fran\u00e7ais, effectue un remplacement au LFA depuis septembre 2025. Voici une interview dans laquelle elle nous explique notamment pourquoi\" \/>\n<meta property=\"og:url\" content=\"https:\/\/www.camaeleon.org\/de\/2025\/12\/05\/jai-reve-denseigner-ici-interview-de-mme-thoraval-heine\/\" \/>\n<meta property=\"og:site_name\" content=\"Cam\u00e4l\u00e9on\" \/>\n<meta property=\"article:publisher\" content=\"https:\/\/www.facebook.com\/camaeleon.org\/\" \/>\n<meta property=\"article:published_time\" content=\"2025-12-05T12:38:37+00:00\" \/>\n<meta property=\"article:modified_time\" content=\"2025-12-06T21:20:53+00:00\" \/>\n<meta property=\"og:image\" content=\"https:\/\/www.camaeleon.org\/wp-content\/uploads\/2025\/12\/SnapShot3.jpg\" \/>\n\t<meta property=\"og:image:width\" content=\"1920\" \/>\n\t<meta property=\"og:image:height\" content=\"1080\" \/>\n\t<meta property=\"og:image:type\" content=\"image\/jpeg\" \/>\n<meta name=\"author\" content=\"Marie Fassbender\" \/>\n<meta name=\"twitter:card\" content=\"summary_large_image\" \/>\n<meta name=\"twitter:creator\" content=\"@camaeleonOrg\" \/>\n<meta name=\"twitter:site\" content=\"@camaeleonOrg\" \/>\n<script type=\"application\/ld+json\" class=\"yoast-schema-graph\">{\"@context\":\"https:\\\/\\\/schema.org\",\"@graph\":[{\"@type\":\"Article\",\"@id\":\"https:\\\/\\\/www.camaeleon.org\\\/2025\\\/12\\\/05\\\/jai-reve-denseigner-ici-interview-de-mme-thoraval-heine\\\/#article\",\"isPartOf\":{\"@id\":\"https:\\\/\\\/www.camaeleon.org\\\/2025\\\/12\\\/05\\\/jai-reve-denseigner-ici-interview-de-mme-thoraval-heine\\\/\"},\"author\":{\"name\":\"Marie Fassbender\",\"@id\":\"https:\\\/\\\/www.camaeleon.org\\\/de\\\/#\\\/schema\\\/person\\\/a0016c84292114d4ca410f1cf0489d3a\"},\"headline\":\"&#8220;J\u00b4ai r\u00eav\u00e9 d&#8217;enseigner ici&#8220; &#8211; Interview de Madame Thoraval-Heine\",\"datePublished\":\"2025-12-05T12:38:37+00:00\",\"dateModified\":\"2025-12-06T21:20:53+00:00\",\"mainEntityOfPage\":{\"@id\":\"https:\\\/\\\/www.camaeleon.org\\\/2025\\\/12\\\/05\\\/jai-reve-denseigner-ici-interview-de-mme-thoraval-heine\\\/\"},\"wordCount\":95,\"commentCount\":0,\"publisher\":{\"@id\":\"https:\\\/\\\/www.camaeleon.org\\\/de\\\/#organization\"},\"image\":{\"@id\":\"https:\\\/\\\/www.camaeleon.org\\\/2025\\\/12\\\/05\\\/jai-reve-denseigner-ici-interview-de-mme-thoraval-heine\\\/#primaryimage\"},\"thumbnailUrl\":\"https:\\\/\\\/www.camaeleon.org\\\/wp-content\\\/uploads\\\/2025\\\/12\\\/SnapShot3.jpg\",\"keywords\":[\"Lehrer-Interview\",\"Thoraval-Heine\"],\"articleSection\":[\"Schule\",\"Video\"],\"inLanguage\":\"de\",\"potentialAction\":[{\"@type\":\"CommentAction\",\"name\":\"Comment\",\"target\":[\"https:\\\/\\\/www.camaeleon.org\\\/2025\\\/12\\\/05\\\/jai-reve-denseigner-ici-interview-de-mme-thoraval-heine\\\/#respond\"]}]},{\"@type\":\"WebPage\",\"@id\":\"https:\\\/\\\/www.camaeleon.org\\\/de\\\/2025\\\/12\\\/05\\\/jai-reve-denseigner-ici-interview-de-mme-thoraval-heine\\\/\",\"url\":\"https:\\\/\\\/www.camaeleon.org\\\/de\\\/2025\\\/12\\\/05\\\/jai-reve-denseigner-ici-interview-de-mme-thoraval-heine\\\/\",\"name\":\"\\\"J\u00b4ai r\u00eav\u00e9 d'enseigner ici\\\" - Interview de Madame Thoraval-Heine - Cam\u00e4l\u00e9on\",\"isPartOf\":{\"@id\":\"https:\\\/\\\/www.camaeleon.org\\\/de\\\/#website\"},\"primaryImageOfPage\":{\"@id\":\"https:\\\/\\\/www.camaeleon.org\\\/de\\\/2025\\\/12\\\/05\\\/jai-reve-denseigner-ici-interview-de-mme-thoraval-heine\\\/#primaryimage\"},\"image\":{\"@id\":\"https:\\\/\\\/www.camaeleon.org\\\/2025\\\/12\\\/05\\\/jai-reve-denseigner-ici-interview-de-mme-thoraval-heine\\\/#primaryimage\"},\"thumbnailUrl\":\"https:\\\/\\\/www.camaeleon.org\\\/wp-content\\\/uploads\\\/2025\\\/12\\\/SnapShot3.jpg\",\"datePublished\":\"2025-12-05T12:38:37+00:00\",\"dateModified\":\"2025-12-06T21:20:53+00:00\",\"breadcrumb\":{\"@id\":\"https:\\\/\\\/www.camaeleon.org\\\/de\\\/2025\\\/12\\\/05\\\/jai-reve-denseigner-ici-interview-de-mme-thoraval-heine\\\/#breadcrumb\"},\"inLanguage\":\"de\",\"potentialAction\":[{\"@type\":\"ReadAction\",\"target\":[[\"https:\\\/\\\/www.camaeleon.org\\\/de\\\/2025\\\/12\\\/05\\\/jai-reve-denseigner-ici-interview-de-mme-thoraval-heine\\\/\"]]}]},{\"@type\":\"ImageObject\",\"inLanguage\":\"de\",\"@id\":\"https:\\\/\\\/www.camaeleon.org\\\/de\\\/2025\\\/12\\\/05\\\/jai-reve-denseigner-ici-interview-de-mme-thoraval-heine\\\/#primaryimage\",\"url\":\"https:\\\/\\\/www.camaeleon.org\\\/wp-content\\\/uploads\\\/2025\\\/12\\\/SnapShot3.jpg\",\"contentUrl\":\"https:\\\/\\\/www.camaeleon.org\\\/wp-content\\\/uploads\\\/2025\\\/12\\\/SnapShot3.jpg\",\"width\":1920,\"height\":1080,\"caption\":\"Interview de Madame Thoraval-Heine\"},{\"@type\":\"BreadcrumbList\",\"@id\":\"https:\\\/\\\/www.camaeleon.org\\\/de\\\/2025\\\/12\\\/05\\\/jai-reve-denseigner-ici-interview-de-mme-thoraval-heine\\\/#breadcrumb\",\"itemListElement\":[{\"@type\":\"ListItem\",\"position\":1,\"name\":\"Home\",\"item\":\"https:\\\/\\\/www.camaeleon.org\\\/de\\\/\"},{\"@type\":\"ListItem\",\"position\":2,\"name\":\"\u00ab\u00a0J\u00b4ai r\u00eav\u00e9 d&rsquo;enseigner ici\u00a0\u00bb &#8211; Interview de Mme Thoraval-Heine\"}]},{\"@type\":\"WebSite\",\"@id\":\"https:\\\/\\\/www.camaeleon.org\\\/de\\\/#website\",\"url\":\"https:\\\/\\\/www.camaeleon.org\\\/de\\\/\",\"name\":\"Cam\u00e4l\u00e9on\",\"description\":\"Das Sch\u00fclermagazin des Deutsch-Franz\u00f6sischen Gymnasiums Saarbr\u00fccken\",\"publisher\":{\"@id\":\"https:\\\/\\\/www.camaeleon.org\\\/de\\\/#organization\"},\"potentialAction\":[{\"@type\":\"SearchAction\",\"target\":{\"@type\":\"EntryPoint\",\"urlTemplate\":\"https:\\\/\\\/www.camaeleon.org\\\/de\\\/?s={search_term_string}\"},\"query-input\":{\"@type\":\"PropertyValueSpecification\",\"valueRequired\":true,\"valueName\":\"search_term_string\"}}],\"inLanguage\":\"de\"},{\"@type\":\"Organization\",\"@id\":\"https:\\\/\\\/www.camaeleon.org\\\/de\\\/#organization\",\"name\":\"Cam\u00e4l\u00e9on\",\"url\":\"https:\\\/\\\/www.camaeleon.org\\\/de\\\/\",\"logo\":{\"@type\":\"ImageObject\",\"inLanguage\":\"de\",\"@id\":\"https:\\\/\\\/www.camaeleon.org\\\/de\\\/#\\\/schema\\\/logo\\\/image\\\/\",\"url\":\"https:\\\/\\\/www.camaeleon.org\\\/wp-content\\\/uploads\\\/2011\\\/11\\\/CAM\u00c4LEON.jpg\",\"contentUrl\":\"https:\\\/\\\/www.camaeleon.org\\\/wp-content\\\/uploads\\\/2011\\\/11\\\/CAM\u00c4LEON.jpg\",\"width\":959,\"height\":959,\"caption\":\"Cam\u00e4l\u00e9on\"},\"image\":{\"@id\":\"https:\\\/\\\/www.camaeleon.org\\\/de\\\/#\\\/schema\\\/logo\\\/image\\\/\"},\"sameAs\":[\"https:\\\/\\\/www.facebook.com\\\/camaeleon.org\\\/\",\"https:\\\/\\\/x.com\\\/camaeleonOrg\",\"https:\\\/\\\/www.instagram.com\\\/camaeleon.dfg\\\/\",\"https:\\\/\\\/www.youtube.com\\\/channel\\\/UCl3TAUDdGuu_c7CD6ax6hYg\"]},{\"@type\":\"Person\",\"@id\":\"https:\\\/\\\/www.camaeleon.org\\\/de\\\/#\\\/schema\\\/person\\\/a0016c84292114d4ca410f1cf0489d3a\",\"name\":\"Marie Fassbender\",\"image\":{\"@type\":\"ImageObject\",\"inLanguage\":\"de\",\"@id\":\"https:\\\/\\\/www.camaeleon.org\\\/de\\\/wp-content\\\/uploads\\\/2025\\\/12\\\/IMG-20251128-WA0017.jpg79d972fe6bd47990b8e47ba4392406ed\",\"url\":\"https:\\\/\\\/www.camaeleon.org\\\/wp-content\\\/uploads\\\/2025\\\/12\\\/IMG-20251128-WA0017.jpg\",\"contentUrl\":\"https:\\\/\\\/www.camaeleon.org\\\/wp-content\\\/uploads\\\/2025\\\/12\\\/IMG-20251128-WA0017.jpg\",\"caption\":\"Marie Fassbender\"},\"description\":\"Hallo zusammen! Mein Name ist Marie Fassbender, ich bin 15 Jahre alt und gehe in die 10. Klasse. Ich liebe es zu lesen, zu zeichnen, im Garten zu arbeiten, zu singen, zu tanzen, zu n\u00e4hen, Theater zu spielen und nat\u00fcrlich zu schreiben. Seit September 2025 bin ich bei Cam\u00e4l\u00e9on.\",\"url\":\"https:\\\/\\\/www.camaeleon.org\\\/de\\\/author\\\/marie-fassbender\\\/\"}]}<\/script>\n<!-- \/ Yoast SEO plugin. -->","yoast_head_json":{"title":"\"J\u00b4ai r\u00eav\u00e9 d'enseigner ici\" - Interview de Madame Thoraval-Heine - Cam\u00e4l\u00e9on","robots":{"index":"index","follow":"follow","max-snippet":"max-snippet:-1","max-image-preview":"max-image-preview:large","max-video-preview":"max-video-preview:-1"},"canonical":"https:\/\/www.camaeleon.org\/de\/2025\/12\/05\/jai-reve-denseigner-ici-interview-de-mme-thoraval-heine\/","og_locale":"de_DE","og_type":"article","og_title":"\"J\u00b4ai r\u00eav\u00e9 d'enseigner ici\" - Interview de Madame Thoraval-Heine - Cam\u00e4l\u00e9on","og_description":"Mme Thoraval-Heine, professeure d&#8217;allemand et de fran\u00e7ais, effectue un remplacement au LFA depuis septembre 2025. Voici une interview dans laquelle elle nous explique notamment pourquoi","og_url":"https:\/\/www.camaeleon.org\/de\/2025\/12\/05\/jai-reve-denseigner-ici-interview-de-mme-thoraval-heine\/","og_site_name":"Cam\u00e4l\u00e9on","article_publisher":"https:\/\/www.facebook.com\/camaeleon.org\/","article_published_time":"2025-12-05T12:38:37+00:00","article_modified_time":"2025-12-06T21:20:53+00:00","og_image":[{"width":1920,"height":1080,"url":"https:\/\/www.camaeleon.org\/wp-content\/uploads\/2025\/12\/SnapShot3.jpg","type":"image\/jpeg"}],"author":"Marie Fassbender","twitter_card":"summary_large_image","twitter_creator":"@camaeleonOrg","twitter_site":"@camaeleonOrg","schema":{"@context":"https:\/\/schema.org","@graph":[{"@type":"Article","@id":"https:\/\/www.camaeleon.org\/2025\/12\/05\/jai-reve-denseigner-ici-interview-de-mme-thoraval-heine\/#article","isPartOf":{"@id":"https:\/\/www.camaeleon.org\/2025\/12\/05\/jai-reve-denseigner-ici-interview-de-mme-thoraval-heine\/"},"author":{"name":"Marie Fassbender","@id":"https:\/\/www.camaeleon.org\/de\/#\/schema\/person\/a0016c84292114d4ca410f1cf0489d3a"},"headline":"&#8220;J\u00b4ai r\u00eav\u00e9 d&#8217;enseigner ici&#8220; &#8211; Interview de Madame Thoraval-Heine","datePublished":"2025-12-05T12:38:37+00:00","dateModified":"2025-12-06T21:20:53+00:00","mainEntityOfPage":{"@id":"https:\/\/www.camaeleon.org\/2025\/12\/05\/jai-reve-denseigner-ici-interview-de-mme-thoraval-heine\/"},"wordCount":95,"commentCount":0,"publisher":{"@id":"https:\/\/www.camaeleon.org\/de\/#organization"},"image":{"@id":"https:\/\/www.camaeleon.org\/2025\/12\/05\/jai-reve-denseigner-ici-interview-de-mme-thoraval-heine\/#primaryimage"},"thumbnailUrl":"https:\/\/www.camaeleon.org\/wp-content\/uploads\/2025\/12\/SnapShot3.jpg","keywords":["Lehrer-Interview","Thoraval-Heine"],"articleSection":["Schule","Video"],"inLanguage":"de","potentialAction":[{"@type":"CommentAction","name":"Comment","target":["https:\/\/www.camaeleon.org\/2025\/12\/05\/jai-reve-denseigner-ici-interview-de-mme-thoraval-heine\/#respond"]}]},{"@type":"WebPage","@id":"https:\/\/www.camaeleon.org\/de\/2025\/12\/05\/jai-reve-denseigner-ici-interview-de-mme-thoraval-heine\/","url":"https:\/\/www.camaeleon.org\/de\/2025\/12\/05\/jai-reve-denseigner-ici-interview-de-mme-thoraval-heine\/","name":"\"J\u00b4ai r\u00eav\u00e9 d'enseigner ici\" - Interview de Madame Thoraval-Heine - Cam\u00e4l\u00e9on","isPartOf":{"@id":"https:\/\/www.camaeleon.org\/de\/#website"},"primaryImageOfPage":{"@id":"https:\/\/www.camaeleon.org\/de\/2025\/12\/05\/jai-reve-denseigner-ici-interview-de-mme-thoraval-heine\/#primaryimage"},"image":{"@id":"https:\/\/www.camaeleon.org\/2025\/12\/05\/jai-reve-denseigner-ici-interview-de-mme-thoraval-heine\/#primaryimage"},"thumbnailUrl":"https:\/\/www.camaeleon.org\/wp-content\/uploads\/2025\/12\/SnapShot3.jpg","datePublished":"2025-12-05T12:38:37+00:00","dateModified":"2025-12-06T21:20:53+00:00","breadcrumb":{"@id":"https:\/\/www.camaeleon.org\/de\/2025\/12\/05\/jai-reve-denseigner-ici-interview-de-mme-thoraval-heine\/#breadcrumb"},"inLanguage":"de","potentialAction":[{"@type":"ReadAction","target":[["https:\/\/www.camaeleon.org\/de\/2025\/12\/05\/jai-reve-denseigner-ici-interview-de-mme-thoraval-heine\/"]]}]},{"@type":"ImageObject","inLanguage":"de","@id":"https:\/\/www.camaeleon.org\/de\/2025\/12\/05\/jai-reve-denseigner-ici-interview-de-mme-thoraval-heine\/#primaryimage","url":"https:\/\/www.camaeleon.org\/wp-content\/uploads\/2025\/12\/SnapShot3.jpg","contentUrl":"https:\/\/www.camaeleon.org\/wp-content\/uploads\/2025\/12\/SnapShot3.jpg","width":1920,"height":1080,"caption":"Interview de Madame Thoraval-Heine"},{"@type":"BreadcrumbList","@id":"https:\/\/www.camaeleon.org\/de\/2025\/12\/05\/jai-reve-denseigner-ici-interview-de-mme-thoraval-heine\/#breadcrumb","itemListElement":[{"@type":"ListItem","position":1,"name":"Home","item":"https:\/\/www.camaeleon.org\/de\/"},{"@type":"ListItem","position":2,"name":"\u00ab\u00a0J\u00b4ai r\u00eav\u00e9 d&rsquo;enseigner ici\u00a0\u00bb &#8211; Interview de Mme Thoraval-Heine"}]},{"@type":"WebSite","@id":"https:\/\/www.camaeleon.org\/de\/#website","url":"https:\/\/www.camaeleon.org\/de\/","name":"Cam\u00e4l\u00e9on","description":"Das Sch\u00fclermagazin des Deutsch-Franz\u00f6sischen Gymnasiums Saarbr\u00fccken","publisher":{"@id":"https:\/\/www.camaeleon.org\/de\/#organization"},"potentialAction":[{"@type":"SearchAction","target":{"@type":"EntryPoint","urlTemplate":"https:\/\/www.camaeleon.org\/de\/?s={search_term_string}"},"query-input":{"@type":"PropertyValueSpecification","valueRequired":true,"valueName":"search_term_string"}}],"inLanguage":"de"},{"@type":"Organization","@id":"https:\/\/www.camaeleon.org\/de\/#organization","name":"Cam\u00e4l\u00e9on","url":"https:\/\/www.camaeleon.org\/de\/","logo":{"@type":"ImageObject","inLanguage":"de","@id":"https:\/\/www.camaeleon.org\/de\/#\/schema\/logo\/image\/","url":"https:\/\/www.camaeleon.org\/wp-content\/uploads\/2011\/11\/CAM\u00c4LEON.jpg","contentUrl":"https:\/\/www.camaeleon.org\/wp-content\/uploads\/2011\/11\/CAM\u00c4LEON.jpg","width":959,"height":959,"caption":"Cam\u00e4l\u00e9on"},"image":{"@id":"https:\/\/www.camaeleon.org\/de\/#\/schema\/logo\/image\/"},"sameAs":["https:\/\/www.facebook.com\/camaeleon.org\/","https:\/\/x.com\/camaeleonOrg","https:\/\/www.instagram.com\/camaeleon.dfg\/","https:\/\/www.youtube.com\/channel\/UCl3TAUDdGuu_c7CD6ax6hYg"]},{"@type":"Person","@id":"https:\/\/www.camaeleon.org\/de\/#\/schema\/person\/a0016c84292114d4ca410f1cf0489d3a","name":"Marie Fassbender","image":{"@type":"ImageObject","inLanguage":"de","@id":"https:\/\/www.camaeleon.org\/de\/wp-content\/uploads\/2025\/12\/IMG-20251128-WA0017.jpg79d972fe6bd47990b8e47ba4392406ed","url":"https:\/\/www.camaeleon.org\/wp-content\/uploads\/2025\/12\/IMG-20251128-WA0017.jpg","contentUrl":"https:\/\/www.camaeleon.org\/wp-content\/uploads\/2025\/12\/IMG-20251128-WA0017.jpg","caption":"Marie Fassbender"},"description":"Hallo zusammen! Mein Name ist Marie Fassbender, ich bin 15 Jahre alt und gehe in die 10. Klasse. Ich liebe es zu lesen, zu zeichnen, im Garten zu arbeiten, zu singen, zu tanzen, zu n\u00e4hen, Theater zu spielen und nat\u00fcrlich zu schreiben. Seit September 2025 bin ich bei Cam\u00e4l\u00e9on.","url":"https:\/\/www.camaeleon.org\/de\/author\/marie-fassbender\/"}]}},"_links":{"self":[{"href":"https:\/\/www.camaeleon.org\/de\/wp-json\/wp\/v2\/posts\/33155","targetHints":{"allow":["GET"]}}],"collection":[{"href":"https:\/\/www.camaeleon.org\/de\/wp-json\/wp\/v2\/posts"}],"about":[{"href":"https:\/\/www.camaeleon.org\/de\/wp-json\/wp\/v2\/types\/post"}],"author":[{"embeddable":true,"href":"https:\/\/www.camaeleon.org\/de\/wp-json\/wp\/v2\/users\/198"}],"replies":[{"embeddable":true,"href":"https:\/\/www.camaeleon.org\/de\/wp-json\/wp\/v2\/comments?post=33155"}],"version-history":[{"count":13,"href":"https:\/\/www.camaeleon.org\/de\/wp-json\/wp\/v2\/posts\/33155\/revisions"}],"predecessor-version":[{"id":33297,"href":"https:\/\/www.camaeleon.org\/de\/wp-json\/wp\/v2\/posts\/33155\/revisions\/33297"}],"wp:featuredmedia":[{"embeddable":true,"href":"https:\/\/www.camaeleon.org\/de\/wp-json\/wp\/v2\/media\/33219"}],"wp:attachment":[{"href":"https:\/\/www.camaeleon.org\/de\/wp-json\/wp\/v2\/media?parent=33155"}],"wp:term":[{"taxonomy":"category","embeddable":true,"href":"https:\/\/www.camaeleon.org\/de\/wp-json\/wp\/v2\/categories?post=33155"},{"taxonomy":"post_tag","embeddable":true,"href":"https:\/\/www.camaeleon.org\/de\/wp-json\/wp\/v2\/tags?post=33155"},{"taxonomy":"author","embeddable":true,"href":"https:\/\/www.camaeleon.org\/de\/wp-json\/wp\/v2\/coauthors?post=33155"}],"curies":[{"name":"wp","href":"https:\/\/api.w.org\/{rel}","templated":true}]}}