{"id":32444,"date":"2025-06-12T23:32:57","date_gmt":"2025-06-12T21:32:57","guid":{"rendered":"https:\/\/www.camaeleon.org\/?p=32444"},"modified":"2025-06-12T23:32:57","modified_gmt":"2025-06-12T21:32:57","slug":"le-mot-de-la-semaine-semaine-de-la-sante","status":"publish","type":"post","link":"https:\/\/www.camaeleon.org\/de\/2025\/06\/12\/le-mot-de-la-semaine-semaine-de-la-sante\/","title":{"rendered":"Le mot de la semaine : #Semaine de la sant\u00e9"},"content":{"rendered":"<figure id=\"attachment_32613\" aria-describedby=\"caption-attachment-32613\" style=\"width: 300px\" class=\"wp-caption alignleft\"><a href=\"https:\/\/www.camaeleon.org\/wp-content\/uploads\/2025\/06\/20250604_125017.jpg\"><img loading=\"lazy\" decoding=\"async\" class=\"size-medium wp-image-32613\" src=\"https:\/\/www.camaeleon.org\/wp-content\/uploads\/2025\/06\/20250604_125017-300x225.jpg\" alt=\"\u201eEcht Krass\u201c pr\u00e9vention des abus sexuels.\" width=\"300\" height=\"225\" srcset=\"https:\/\/www.camaeleon.org\/wp-content\/uploads\/2025\/06\/20250604_125017-300x225.jpg 300w, https:\/\/www.camaeleon.org\/wp-content\/uploads\/2025\/06\/20250604_125017-800x600.jpg 800w, https:\/\/www.camaeleon.org\/wp-content\/uploads\/2025\/06\/20250604_125017-1536x1152.jpg 1536w, https:\/\/www.camaeleon.org\/wp-content\/uploads\/2025\/06\/20250604_125017.jpg 2000w\" sizes=\"auto, (max-width: 300px) 100vw, 300px\" \/><\/a><figcaption id=\"caption-attachment-32613\" class=\"wp-caption-text\">\u201eEcht Krass\u201c &#8211; pr\u00e9vention des abus sexuels (Photo: Cam\u00e4l\u00e9on)<\/figcaption><\/figure>\n<p>Tout au long de la semaine du 2 au 6 juin 2025, les diff\u00e9rentes classes -de la 6\u00e8me \u00e0 la 1\u00e8re- ont b\u00e9n\u00e9fici\u00e9 des cours de pr\u00e9vention et des formations suivantes, organis\u00e9s par les professeur.es de sciences du LFA, les \u00e9l\u00e8ves-infirmi\u00e8r.e.s et des intervenant.e.s ext\u00e9rieur.e.s :<\/p>\n<p>6\u00e8me : <span lang=\"FR\">Comment bien pr\u00e9parer son go\u00fbter.<\/span><\/p>\n<p><span lang=\"FR\">5\u00e8me : <\/span><span lang=\"FR\">\u00a0Pr\u00e9vention aux addictions<\/span><\/p>\n<p class=\"yiv6555106444MsoNormal\"><span lang=\"FR\">4\u00e8me : Formation aux premiers secours<\/span><\/p>\n<p class=\"yiv6555106444MsoNormal\"><span lang=\"FR\">3\u00e8me : Pr\u00e9vention des maladies sexuellement transmissibles<\/span><\/p>\n<p class=\"yiv6555106444MsoNormal\"><span lang=\"FR\">2de et 1\u00e8re : \u201eEcht Krass\u201c pr\u00e9vention des abus sexuels.<\/span><\/p>\n<p>Le <a href=\"https:\/\/dfg-lfa.org\/2025\/04\/einladung-zum-dfg-science-slam-2025\/\">SCIENCES SLAM<\/a>, &#8222;concours&#8220; de sciences devenu une institution au LFA et existant depuis 2018, a \u00e9galement eu lieu lors de cette semaine.<\/p>\n","protected":false},"excerpt":{"rendered":"<p>Tout au long de la semaine du 2 au 6 juin 2025, les diff\u00e9rentes classes -de la 6\u00e8me \u00e0 la 1\u00e8re- ont b\u00e9n\u00e9fici\u00e9 des cours<\/p>\n","protected":false},"author":174,"featured_media":32613,"comment_status":"open","ping_status":"closed","sticky":false,"template":"","format":"standard","meta":{"colormag_page_container_layout":"default_layout","colormag_page_sidebar_layout":"default_layout","footnotes":""},"categories":[864],"tags":[2650,2648,388,2649,1174,474,2647],"coauthors":[2249],"class_list":["post-32444","post","type-post","status-publish","format-standard","has-post-thumbnail","hentry","category-le-mot-de-la-semaine","tag-echt-krass","tag-erste-hilfe","tag-gesundheit","tag-premiers-secours","tag-sante","tag-schulsanitater","tag-semaine-de-la-sante"],"yoast_head":"<!-- This site is optimized with the Yoast SEO plugin v27.5 - https:\/\/yoast.com\/product\/yoast-seo-wordpress\/ -->\n<title>Le mot de la semaine : #Semaine de la sant\u00e9 - Cam\u00e4l\u00e9on<\/title>\n<meta name=\"description\" content=\"Tout au long de la semaine du 2 au 6 juin 2025, les diff\u00e9rentes classes du LFA ont b\u00e9n\u00e9fici\u00e9 des cours de pr\u00e9vention et des formations suivantes.\" \/>\n<meta name=\"robots\" content=\"index, follow, max-snippet:-1, max-image-preview:large, max-video-preview:-1\" \/>\n<link rel=\"canonical\" href=\"https:\/\/www.camaeleon.org\/de\/2025\/06\/12\/le-mot-de-la-semaine-semaine-de-la-sante\/\" \/>\n<meta property=\"og:locale\" content=\"de_DE\" \/>\n<meta property=\"og:type\" content=\"article\" \/>\n<meta property=\"og:title\" content=\"Le mot de la semaine : #Semaine de la sant\u00e9 - Cam\u00e4l\u00e9on\" \/>\n<meta property=\"og:description\" content=\"Tout au long de la semaine du 2 au 6 juin 2025, les diff\u00e9rentes classes du LFA ont b\u00e9n\u00e9fici\u00e9 des cours de pr\u00e9vention et des formations suivantes.\" \/>\n<meta property=\"og:url\" content=\"https:\/\/www.camaeleon.org\/de\/2025\/06\/12\/le-mot-de-la-semaine-semaine-de-la-sante\/\" \/>\n<meta property=\"og:site_name\" content=\"Cam\u00e4l\u00e9on\" \/>\n<meta property=\"article:publisher\" content=\"https:\/\/www.facebook.com\/camaeleon.org\/\" \/>\n<meta property=\"article:published_time\" content=\"2025-06-12T21:32:57+00:00\" \/>\n<meta property=\"og:image\" content=\"https:\/\/www.camaeleon.org\/wp-content\/uploads\/2025\/06\/20250604_125017.jpg\" \/>\n\t<meta property=\"og:image:width\" content=\"2000\" \/>\n\t<meta property=\"og:image:height\" content=\"1500\" \/>\n\t<meta property=\"og:image:type\" content=\"image\/jpeg\" \/>\n<meta name=\"author\" content=\"Louis Huff-Andr\u00e9\" \/>\n<meta name=\"twitter:card\" content=\"summary_large_image\" \/>\n<meta name=\"twitter:creator\" content=\"@camaeleonOrg\" \/>\n<meta name=\"twitter:site\" content=\"@camaeleonOrg\" \/>\n<script type=\"application\/ld+json\" class=\"yoast-schema-graph\">{\"@context\":\"https:\\\/\\\/schema.org\",\"@graph\":[{\"@type\":\"Article\",\"@id\":\"https:\\\/\\\/www.camaeleon.org\\\/2025\\\/06\\\/12\\\/le-mot-de-la-semaine-semaine-de-la-sante\\\/#article\",\"isPartOf\":{\"@id\":\"https:\\\/\\\/www.camaeleon.org\\\/2025\\\/06\\\/12\\\/le-mot-de-la-semaine-semaine-de-la-sante\\\/\"},\"author\":{\"name\":\"Louis Huff-Andr\u00e9\",\"@id\":\"https:\\\/\\\/www.camaeleon.org\\\/de\\\/#\\\/schema\\\/person\\\/cd46c7f8b1d7fe75eff89acdafc86cdd\"},\"headline\":\"Le mot de la semaine : #Semaine de la sant\u00e9\",\"datePublished\":\"2025-06-12T21:32:57+00:00\",\"mainEntityOfPage\":{\"@id\":\"https:\\\/\\\/www.camaeleon.org\\\/2025\\\/06\\\/12\\\/le-mot-de-la-semaine-semaine-de-la-sante\\\/\"},\"wordCount\":141,\"commentCount\":0,\"publisher\":{\"@id\":\"https:\\\/\\\/www.camaeleon.org\\\/de\\\/#organization\"},\"image\":{\"@id\":\"https:\\\/\\\/www.camaeleon.org\\\/2025\\\/06\\\/12\\\/le-mot-de-la-semaine-semaine-de-la-sante\\\/#primaryimage\"},\"thumbnailUrl\":\"https:\\\/\\\/www.camaeleon.org\\\/wp-content\\\/uploads\\\/2025\\\/06\\\/20250604_125017.jpg\",\"keywords\":[\"Echt Krass\",\"Erste Hilfe\",\"Gesundheit\",\"premiers secours\",\"sant\u00e9\",\"Schulsanit\u00e4ter\",\"Semaine de la sant\u00e9\"],\"articleSection\":[\"Das Wort der Woche\"],\"inLanguage\":\"de\",\"potentialAction\":[{\"@type\":\"CommentAction\",\"name\":\"Comment\",\"target\":[\"https:\\\/\\\/www.camaeleon.org\\\/2025\\\/06\\\/12\\\/le-mot-de-la-semaine-semaine-de-la-sante\\\/#respond\"]}]},{\"@type\":\"WebPage\",\"@id\":\"https:\\\/\\\/www.camaeleon.org\\\/de\\\/2025\\\/06\\\/12\\\/le-mot-de-la-semaine-semaine-de-la-sante\\\/\",\"url\":\"https:\\\/\\\/www.camaeleon.org\\\/de\\\/2025\\\/06\\\/12\\\/le-mot-de-la-semaine-semaine-de-la-sante\\\/\",\"name\":\"Le mot de la semaine : #Semaine de la sant\u00e9 - Cam\u00e4l\u00e9on\",\"isPartOf\":{\"@id\":\"https:\\\/\\\/www.camaeleon.org\\\/de\\\/#website\"},\"primaryImageOfPage\":{\"@id\":\"https:\\\/\\\/www.camaeleon.org\\\/de\\\/2025\\\/06\\\/12\\\/le-mot-de-la-semaine-semaine-de-la-sante\\\/#primaryimage\"},\"image\":{\"@id\":\"https:\\\/\\\/www.camaeleon.org\\\/2025\\\/06\\\/12\\\/le-mot-de-la-semaine-semaine-de-la-sante\\\/#primaryimage\"},\"thumbnailUrl\":\"https:\\\/\\\/www.camaeleon.org\\\/wp-content\\\/uploads\\\/2025\\\/06\\\/20250604_125017.jpg\",\"datePublished\":\"2025-06-12T21:32:57+00:00\",\"description\":\"Tout au long de la semaine du 2 au 6 juin 2025, les diff\u00e9rentes classes du LFA ont b\u00e9n\u00e9fici\u00e9 des cours de pr\u00e9vention et des formations suivantes.\",\"breadcrumb\":{\"@id\":\"https:\\\/\\\/www.camaeleon.org\\\/de\\\/2025\\\/06\\\/12\\\/le-mot-de-la-semaine-semaine-de-la-sante\\\/#breadcrumb\"},\"inLanguage\":\"de\",\"potentialAction\":[{\"@type\":\"ReadAction\",\"target\":[[\"https:\\\/\\\/www.camaeleon.org\\\/de\\\/2025\\\/06\\\/12\\\/le-mot-de-la-semaine-semaine-de-la-sante\\\/\"]]}]},{\"@type\":\"ImageObject\",\"inLanguage\":\"de\",\"@id\":\"https:\\\/\\\/www.camaeleon.org\\\/de\\\/2025\\\/06\\\/12\\\/le-mot-de-la-semaine-semaine-de-la-sante\\\/#primaryimage\",\"url\":\"https:\\\/\\\/www.camaeleon.org\\\/wp-content\\\/uploads\\\/2025\\\/06\\\/20250604_125017.jpg\",\"contentUrl\":\"https:\\\/\\\/www.camaeleon.org\\\/wp-content\\\/uploads\\\/2025\\\/06\\\/20250604_125017.jpg\",\"width\":2000,\"height\":1500,\"caption\":\"\u201eEcht Krass\u201c - pr\u00e9vention des abus sexuels (Photo: Cam\u00e4l\u00e9on)\"},{\"@type\":\"BreadcrumbList\",\"@id\":\"https:\\\/\\\/www.camaeleon.org\\\/de\\\/2025\\\/06\\\/12\\\/le-mot-de-la-semaine-semaine-de-la-sante\\\/#breadcrumb\",\"itemListElement\":[{\"@type\":\"ListItem\",\"position\":1,\"name\":\"Home\",\"item\":\"https:\\\/\\\/www.camaeleon.org\\\/de\\\/\"},{\"@type\":\"ListItem\",\"position\":2,\"name\":\"Le mot de la semaine : #Semaine de la sant\u00e9\"}]},{\"@type\":\"WebSite\",\"@id\":\"https:\\\/\\\/www.camaeleon.org\\\/de\\\/#website\",\"url\":\"https:\\\/\\\/www.camaeleon.org\\\/de\\\/\",\"name\":\"Cam\u00e4l\u00e9on\",\"description\":\"Das Sch\u00fclermagazin des Deutsch-Franz\u00f6sischen Gymnasiums Saarbr\u00fccken\",\"publisher\":{\"@id\":\"https:\\\/\\\/www.camaeleon.org\\\/de\\\/#organization\"},\"potentialAction\":[{\"@type\":\"SearchAction\",\"target\":{\"@type\":\"EntryPoint\",\"urlTemplate\":\"https:\\\/\\\/www.camaeleon.org\\\/de\\\/?s={search_term_string}\"},\"query-input\":{\"@type\":\"PropertyValueSpecification\",\"valueRequired\":true,\"valueName\":\"search_term_string\"}}],\"inLanguage\":\"de\"},{\"@type\":\"Organization\",\"@id\":\"https:\\\/\\\/www.camaeleon.org\\\/de\\\/#organization\",\"name\":\"Cam\u00e4l\u00e9on\",\"url\":\"https:\\\/\\\/www.camaeleon.org\\\/de\\\/\",\"logo\":{\"@type\":\"ImageObject\",\"inLanguage\":\"de\",\"@id\":\"https:\\\/\\\/www.camaeleon.org\\\/de\\\/#\\\/schema\\\/logo\\\/image\\\/\",\"url\":\"https:\\\/\\\/www.camaeleon.org\\\/wp-content\\\/uploads\\\/2011\\\/11\\\/CAM\u00c4LEON.jpg\",\"contentUrl\":\"https:\\\/\\\/www.camaeleon.org\\\/wp-content\\\/uploads\\\/2011\\\/11\\\/CAM\u00c4LEON.jpg\",\"width\":959,\"height\":959,\"caption\":\"Cam\u00e4l\u00e9on\"},\"image\":{\"@id\":\"https:\\\/\\\/www.camaeleon.org\\\/de\\\/#\\\/schema\\\/logo\\\/image\\\/\"},\"sameAs\":[\"https:\\\/\\\/www.facebook.com\\\/camaeleon.org\\\/\",\"https:\\\/\\\/x.com\\\/camaeleonOrg\",\"https:\\\/\\\/www.instagram.com\\\/camaeleon.dfg\\\/\",\"https:\\\/\\\/www.youtube.com\\\/channel\\\/UCl3TAUDdGuu_c7CD6ax6hYg\"]},{\"@type\":\"Person\",\"@id\":\"https:\\\/\\\/www.camaeleon.org\\\/de\\\/#\\\/schema\\\/person\\\/cd46c7f8b1d7fe75eff89acdafc86cdd\",\"name\":\"Louis Huff-Andr\u00e9\",\"image\":{\"@type\":\"ImageObject\",\"inLanguage\":\"de\",\"@id\":\"https:\\\/\\\/www.camaeleon.org\\\/de\\\/wp-content\\\/uploads\\\/2023\\\/10\\\/andre-150x150.jpg9e7cb8ff4a023d8b2775108b6d99a22d\",\"url\":\"https:\\\/\\\/www.camaeleon.org\\\/wp-content\\\/uploads\\\/2023\\\/10\\\/andre-150x150.jpg\",\"contentUrl\":\"https:\\\/\\\/www.camaeleon.org\\\/wp-content\\\/uploads\\\/2023\\\/10\\\/andre-150x150.jpg\",\"caption\":\"Louis Huff-Andr\u00e9\"},\"description\":\"Hallo, mein Name ist Louis Huff-Andr\u00e9 und ich bin 13 Jahre alt. Ich gehe in die 9S2 und bin seit drei Jahren im Cam\u00e4leon. Ich lese gerne deutsche und franz\u00f6sische Comics und Krimis. Ich h\u00f6re mir auch gerne verschiedene Musikst\u00fccke an und versuche, sie auf dem Klavier zu spielen, wenn sie mir gefallen !\",\"url\":\"https:\\\/\\\/www.camaeleon.org\\\/de\\\/author\\\/louis-huff-andre\\\/\"}]}<\/script>\n<!-- \/ Yoast SEO plugin. -->","yoast_head_json":{"title":"Le mot de la semaine : #Semaine de la sant\u00e9 - Cam\u00e4l\u00e9on","description":"Tout au long de la semaine du 2 au 6 juin 2025, les diff\u00e9rentes classes du LFA ont b\u00e9n\u00e9fici\u00e9 des cours de pr\u00e9vention et des formations suivantes.","robots":{"index":"index","follow":"follow","max-snippet":"max-snippet:-1","max-image-preview":"max-image-preview:large","max-video-preview":"max-video-preview:-1"},"canonical":"https:\/\/www.camaeleon.org\/de\/2025\/06\/12\/le-mot-de-la-semaine-semaine-de-la-sante\/","og_locale":"de_DE","og_type":"article","og_title":"Le mot de la semaine : #Semaine de la sant\u00e9 - Cam\u00e4l\u00e9on","og_description":"Tout au long de la semaine du 2 au 6 juin 2025, les diff\u00e9rentes classes du LFA ont b\u00e9n\u00e9fici\u00e9 des cours de pr\u00e9vention et des formations suivantes.","og_url":"https:\/\/www.camaeleon.org\/de\/2025\/06\/12\/le-mot-de-la-semaine-semaine-de-la-sante\/","og_site_name":"Cam\u00e4l\u00e9on","article_publisher":"https:\/\/www.facebook.com\/camaeleon.org\/","article_published_time":"2025-06-12T21:32:57+00:00","og_image":[{"width":2000,"height":1500,"url":"https:\/\/www.camaeleon.org\/wp-content\/uploads\/2025\/06\/20250604_125017.jpg","type":"image\/jpeg"}],"author":"Louis Huff-Andr\u00e9","twitter_card":"summary_large_image","twitter_creator":"@camaeleonOrg","twitter_site":"@camaeleonOrg","schema":{"@context":"https:\/\/schema.org","@graph":[{"@type":"Article","@id":"https:\/\/www.camaeleon.org\/2025\/06\/12\/le-mot-de-la-semaine-semaine-de-la-sante\/#article","isPartOf":{"@id":"https:\/\/www.camaeleon.org\/2025\/06\/12\/le-mot-de-la-semaine-semaine-de-la-sante\/"},"author":{"name":"Louis Huff-Andr\u00e9","@id":"https:\/\/www.camaeleon.org\/de\/#\/schema\/person\/cd46c7f8b1d7fe75eff89acdafc86cdd"},"headline":"Le mot de la semaine : #Semaine de la sant\u00e9","datePublished":"2025-06-12T21:32:57+00:00","mainEntityOfPage":{"@id":"https:\/\/www.camaeleon.org\/2025\/06\/12\/le-mot-de-la-semaine-semaine-de-la-sante\/"},"wordCount":141,"commentCount":0,"publisher":{"@id":"https:\/\/www.camaeleon.org\/de\/#organization"},"image":{"@id":"https:\/\/www.camaeleon.org\/2025\/06\/12\/le-mot-de-la-semaine-semaine-de-la-sante\/#primaryimage"},"thumbnailUrl":"https:\/\/www.camaeleon.org\/wp-content\/uploads\/2025\/06\/20250604_125017.jpg","keywords":["Echt Krass","Erste Hilfe","Gesundheit","premiers secours","sant\u00e9","Schulsanit\u00e4ter","Semaine de la sant\u00e9"],"articleSection":["Das Wort der Woche"],"inLanguage":"de","potentialAction":[{"@type":"CommentAction","name":"Comment","target":["https:\/\/www.camaeleon.org\/2025\/06\/12\/le-mot-de-la-semaine-semaine-de-la-sante\/#respond"]}]},{"@type":"WebPage","@id":"https:\/\/www.camaeleon.org\/de\/2025\/06\/12\/le-mot-de-la-semaine-semaine-de-la-sante\/","url":"https:\/\/www.camaeleon.org\/de\/2025\/06\/12\/le-mot-de-la-semaine-semaine-de-la-sante\/","name":"Le mot de la semaine : #Semaine de la sant\u00e9 - Cam\u00e4l\u00e9on","isPartOf":{"@id":"https:\/\/www.camaeleon.org\/de\/#website"},"primaryImageOfPage":{"@id":"https:\/\/www.camaeleon.org\/de\/2025\/06\/12\/le-mot-de-la-semaine-semaine-de-la-sante\/#primaryimage"},"image":{"@id":"https:\/\/www.camaeleon.org\/2025\/06\/12\/le-mot-de-la-semaine-semaine-de-la-sante\/#primaryimage"},"thumbnailUrl":"https:\/\/www.camaeleon.org\/wp-content\/uploads\/2025\/06\/20250604_125017.jpg","datePublished":"2025-06-12T21:32:57+00:00","description":"Tout au long de la semaine du 2 au 6 juin 2025, les diff\u00e9rentes classes du LFA ont b\u00e9n\u00e9fici\u00e9 des cours de pr\u00e9vention et des formations suivantes.","breadcrumb":{"@id":"https:\/\/www.camaeleon.org\/de\/2025\/06\/12\/le-mot-de-la-semaine-semaine-de-la-sante\/#breadcrumb"},"inLanguage":"de","potentialAction":[{"@type":"ReadAction","target":[["https:\/\/www.camaeleon.org\/de\/2025\/06\/12\/le-mot-de-la-semaine-semaine-de-la-sante\/"]]}]},{"@type":"ImageObject","inLanguage":"de","@id":"https:\/\/www.camaeleon.org\/de\/2025\/06\/12\/le-mot-de-la-semaine-semaine-de-la-sante\/#primaryimage","url":"https:\/\/www.camaeleon.org\/wp-content\/uploads\/2025\/06\/20250604_125017.jpg","contentUrl":"https:\/\/www.camaeleon.org\/wp-content\/uploads\/2025\/06\/20250604_125017.jpg","width":2000,"height":1500,"caption":"\u201eEcht Krass\u201c - pr\u00e9vention des abus sexuels (Photo: Cam\u00e4l\u00e9on)"},{"@type":"BreadcrumbList","@id":"https:\/\/www.camaeleon.org\/de\/2025\/06\/12\/le-mot-de-la-semaine-semaine-de-la-sante\/#breadcrumb","itemListElement":[{"@type":"ListItem","position":1,"name":"Home","item":"https:\/\/www.camaeleon.org\/de\/"},{"@type":"ListItem","position":2,"name":"Le mot de la semaine : #Semaine de la sant\u00e9"}]},{"@type":"WebSite","@id":"https:\/\/www.camaeleon.org\/de\/#website","url":"https:\/\/www.camaeleon.org\/de\/","name":"Cam\u00e4l\u00e9on","description":"Das Sch\u00fclermagazin des Deutsch-Franz\u00f6sischen Gymnasiums Saarbr\u00fccken","publisher":{"@id":"https:\/\/www.camaeleon.org\/de\/#organization"},"potentialAction":[{"@type":"SearchAction","target":{"@type":"EntryPoint","urlTemplate":"https:\/\/www.camaeleon.org\/de\/?s={search_term_string}"},"query-input":{"@type":"PropertyValueSpecification","valueRequired":true,"valueName":"search_term_string"}}],"inLanguage":"de"},{"@type":"Organization","@id":"https:\/\/www.camaeleon.org\/de\/#organization","name":"Cam\u00e4l\u00e9on","url":"https:\/\/www.camaeleon.org\/de\/","logo":{"@type":"ImageObject","inLanguage":"de","@id":"https:\/\/www.camaeleon.org\/de\/#\/schema\/logo\/image\/","url":"https:\/\/www.camaeleon.org\/wp-content\/uploads\/2011\/11\/CAM\u00c4LEON.jpg","contentUrl":"https:\/\/www.camaeleon.org\/wp-content\/uploads\/2011\/11\/CAM\u00c4LEON.jpg","width":959,"height":959,"caption":"Cam\u00e4l\u00e9on"},"image":{"@id":"https:\/\/www.camaeleon.org\/de\/#\/schema\/logo\/image\/"},"sameAs":["https:\/\/www.facebook.com\/camaeleon.org\/","https:\/\/x.com\/camaeleonOrg","https:\/\/www.instagram.com\/camaeleon.dfg\/","https:\/\/www.youtube.com\/channel\/UCl3TAUDdGuu_c7CD6ax6hYg"]},{"@type":"Person","@id":"https:\/\/www.camaeleon.org\/de\/#\/schema\/person\/cd46c7f8b1d7fe75eff89acdafc86cdd","name":"Louis Huff-Andr\u00e9","image":{"@type":"ImageObject","inLanguage":"de","@id":"https:\/\/www.camaeleon.org\/de\/wp-content\/uploads\/2023\/10\/andre-150x150.jpg9e7cb8ff4a023d8b2775108b6d99a22d","url":"https:\/\/www.camaeleon.org\/wp-content\/uploads\/2023\/10\/andre-150x150.jpg","contentUrl":"https:\/\/www.camaeleon.org\/wp-content\/uploads\/2023\/10\/andre-150x150.jpg","caption":"Louis Huff-Andr\u00e9"},"description":"Hallo, mein Name ist Louis Huff-Andr\u00e9 und ich bin 13 Jahre alt. Ich gehe in die 9S2 und bin seit drei Jahren im Cam\u00e4leon. Ich lese gerne deutsche und franz\u00f6sische Comics und Krimis. Ich h\u00f6re mir auch gerne verschiedene Musikst\u00fccke an und versuche, sie auf dem Klavier zu spielen, wenn sie mir gefallen !","url":"https:\/\/www.camaeleon.org\/de\/author\/louis-huff-andre\/"}]}},"_links":{"self":[{"href":"https:\/\/www.camaeleon.org\/de\/wp-json\/wp\/v2\/posts\/32444","targetHints":{"allow":["GET"]}}],"collection":[{"href":"https:\/\/www.camaeleon.org\/de\/wp-json\/wp\/v2\/posts"}],"about":[{"href":"https:\/\/www.camaeleon.org\/de\/wp-json\/wp\/v2\/types\/post"}],"author":[{"embeddable":true,"href":"https:\/\/www.camaeleon.org\/de\/wp-json\/wp\/v2\/users\/174"}],"replies":[{"embeddable":true,"href":"https:\/\/www.camaeleon.org\/de\/wp-json\/wp\/v2\/comments?post=32444"}],"version-history":[{"count":2,"href":"https:\/\/www.camaeleon.org\/de\/wp-json\/wp\/v2\/posts\/32444\/revisions"}],"predecessor-version":[{"id":32614,"href":"https:\/\/www.camaeleon.org\/de\/wp-json\/wp\/v2\/posts\/32444\/revisions\/32614"}],"wp:featuredmedia":[{"embeddable":true,"href":"https:\/\/www.camaeleon.org\/de\/wp-json\/wp\/v2\/media\/32613"}],"wp:attachment":[{"href":"https:\/\/www.camaeleon.org\/de\/wp-json\/wp\/v2\/media?parent=32444"}],"wp:term":[{"taxonomy":"category","embeddable":true,"href":"https:\/\/www.camaeleon.org\/de\/wp-json\/wp\/v2\/categories?post=32444"},{"taxonomy":"post_tag","embeddable":true,"href":"https:\/\/www.camaeleon.org\/de\/wp-json\/wp\/v2\/tags?post=32444"},{"taxonomy":"author","embeddable":true,"href":"https:\/\/www.camaeleon.org\/de\/wp-json\/wp\/v2\/coauthors?post=32444"}],"curies":[{"name":"wp","href":"https:\/\/api.w.org\/{rel}","templated":true}]}}