{"id":32334,"date":"2025-05-17T23:59:07","date_gmt":"2025-05-17T21:59:07","guid":{"rendered":"https:\/\/www.camaeleon.org\/?p=32334"},"modified":"2025-05-22T10:53:13","modified_gmt":"2025-05-22T08:53:13","slug":"das-wort-der-woche-schulsamstag","status":"publish","type":"post","link":"https:\/\/www.camaeleon.org\/de\/2025\/05\/17\/das-wort-der-woche-schulsamstag\/","title":{"rendered":"Das Wort der Woche : #Schulsamstag"},"content":{"rendered":"<figure id=\"attachment_32429\" aria-describedby=\"caption-attachment-32429\" style=\"width: 300px\" class=\"wp-caption alignleft\"><a href=\"https:\/\/www.camaeleon.org\/wp-content\/uploads\/2025\/05\/untis.jpg\"><img loading=\"lazy\" decoding=\"async\" class=\"size-medium wp-image-32429\" src=\"https:\/\/www.camaeleon.org\/wp-content\/uploads\/2025\/05\/untis-300x200.jpg\" alt=\"Stundenplan\" width=\"300\" height=\"200\" srcset=\"https:\/\/www.camaeleon.org\/wp-content\/uploads\/2025\/05\/untis-300x200.jpg 300w, https:\/\/www.camaeleon.org\/wp-content\/uploads\/2025\/05\/untis-880x587.jpg 880w, https:\/\/www.camaeleon.org\/wp-content\/uploads\/2025\/05\/untis-1536x1024.jpg 1536w, https:\/\/www.camaeleon.org\/wp-content\/uploads\/2025\/05\/untis.jpg 1920w\" sizes=\"auto, (max-width: 300px) 100vw, 300px\" \/><\/a><figcaption id=\"caption-attachment-32429\" class=\"wp-caption-text\">Foto: fbogner \/ pixabay \/ Cam\u00e4l\u00e9on<\/figcaption><\/figure>\n<p>Ab n\u00e4chstem Schuljahr wird es eine gro\u00dfe Ver\u00e4nderung am DFG geben: In der Gesamtkonferenz (Lehrer*innen, Schulleitung, SV und Elternvertretung) vom 8. Mai wurde entschieden, dass ab dem Schuljahr 2025-26 an Schulsamstagen h\u00f6chstens 4 Stunden Unterricht (bis 11:25) stattfinden wird.<\/p>\n<p>Ein Argument daf\u00fcr ist, dass alle ein l\u00e4ngeres Wochenende haben werden.<\/p>\n<p>Wenn dieser \u00c4nderung gut l\u00e4uft, werden im Schuljahr 2026-2027 Schulsamstags ganz ausfallen. Dies ist aber noch nicht sicher, weil einige Auswirkungen dieser Entscheidung noch untersucht werden m\u00fcssen,<\/p>\n<p>Ein komplett schulfreies Wochenende w\u00fcrde den Sch\u00fcler*innen\u00a0 mehr Zeit f\u00fcr die Hausaufgaben geben, das Schulgeb\u00e4ude m\u00fcsste nicht mehr beheizt werden und die Hausmeister m\u00fcssten nicht im Einsatz sein.<\/p>\n<p>Alles, was Vorteile hat, hat aber auch Nachteile: Wenn die Schulsamstage k\u00fcrzer werden bzw. ausfallen, wird nachmittags mehr Unterricht stattfinden.<\/p>\n<p><strong>Umfrage:<\/strong><\/p>\n<div id=\"polls-126\" class=\"wp-polls\">\n\t<form id=\"polls_form_126\" class=\"wp-polls-form\" action=\"\/index.php\" method=\"post\">\n\t\t<p style=\"display: none;\"><input type=\"hidden\" id=\"poll_126_nonce\" name=\"wp-polls-nonce\" value=\"b3082fa8b5\" \/><\/p>\n\t\t<p style=\"display: none;\"><input type=\"hidden\" name=\"poll_id\" value=\"126\" \/><\/p>\n\t\t<p style=\"text-align: left\"><strong>Thema Schulsamstage: Was ist dir lieber?<\/strong><\/p><div id=\"polls-126-ans\" class=\"wp-polls-ans\"><ul class=\"wp-polls-ul\"><br>\n\t\t<li><input type=\"radio\" id=\"poll-answer-500\" name=\"poll_126\" value=\"500\" \/> <label for=\"poll-answer-500\">Weniger bzw. kein Samstagsunterricht, aber daf\u00fcr mehr Nachmittagsunterricht<\/label><\/li><br>\n\t\t<li><input type=\"radio\" id=\"poll-answer-501\" name=\"poll_126\" value=\"501\" \/> <label for=\"poll-answer-501\">Weniger Nachmittagsunterricht, aber daf\u00fcr Samstagsunterricht<\/label><\/li><br>\n\t\t<p style=\"text-align: left\"><input type=\"button\" name=\"vote\" value=\"   Abstimmen   \" class=\"Buttons\" onclick=\"poll_vote(126);\" \/><\/p>\r\n<p style=\"text-align: left\"><a href=\"#ViewPollResults\" onclick=\"poll_result(126); return false;\" title=\"Ergebnisse dieser Umfrage sehen\">Ergebnisse ansehen<\/a><\/p>\n\t<\/form>\n<\/div>\n<div id=\"polls-126-loading\" class=\"wp-polls-loading\"><img loading=\"lazy\" decoding=\"async\" src=\"https:\/\/www.camaeleon.org\/wp-content\/plugins\/wp-polls\/images\/loading.gif\" width=\"16\" height=\"16\" alt=\"Wird geladen ...\" title=\"Wird geladen ...\" class=\"wp-polls-image\" \/>&nbsp;Wird geladen ...<\/div>\n\n","protected":false},"excerpt":{"rendered":"<p>Ab n\u00e4chstem Schuljahr wird es eine gro\u00dfe Ver\u00e4nderung am DFG geben: In der Gesamtkonferenz (Lehrer*innen, Schulleitung, SV und Elternvertretung) vom 8. Mai wurde entschieden, dass<\/p>\n","protected":false},"author":190,"featured_media":32429,"comment_status":"open","ping_status":"closed","sticky":false,"template":"","format":"standard","meta":{"colormag_page_container_layout":"default_layout","colormag_page_sidebar_layout":"default_layout","footnotes":""},"categories":[3],"tags":[1063,1062,1061,538],"coauthors":[2597],"class_list":["post-32334","post","type-post","status-publish","format-standard","has-post-thumbnail","hentry","category-ecole","tag-emploi-du-temps","tag-samedi-travaille","tag-schulsamstag","tag-stundenplan"],"yoast_head":"<!-- This site is optimized with the Yoast SEO plugin v27.5 - https:\/\/yoast.com\/product\/yoast-seo-wordpress\/ -->\n<title>Das Wort der Woche : #Schulsamstag - Cam\u00e4l\u00e9on<\/title>\n<meta name=\"description\" content=\"Ab dem Schuljahr 2025-26 wird es am DFG an Schulsamstagen h\u00f6chstens 4 Stunden Unterricht (bis 11:25) geben.\" \/>\n<meta name=\"robots\" content=\"index, follow, max-snippet:-1, max-image-preview:large, max-video-preview:-1\" \/>\n<link rel=\"canonical\" href=\"https:\/\/www.camaeleon.org\/de\/2025\/05\/17\/das-wort-der-woche-schulsamstag\/\" \/>\n<meta property=\"og:locale\" content=\"de_DE\" \/>\n<meta property=\"og:type\" content=\"article\" \/>\n<meta property=\"og:title\" content=\"Das Wort der Woche : #Schulsamstag - Cam\u00e4l\u00e9on\" \/>\n<meta property=\"og:description\" content=\"Ab dem Schuljahr 2025-26 wird es am DFG an Schulsamstagen h\u00f6chstens 4 Stunden Unterricht (bis 11:25) geben.\" \/>\n<meta property=\"og:url\" content=\"https:\/\/www.camaeleon.org\/de\/2025\/05\/17\/das-wort-der-woche-schulsamstag\/\" \/>\n<meta property=\"og:site_name\" content=\"Cam\u00e4l\u00e9on\" \/>\n<meta property=\"article:publisher\" content=\"https:\/\/www.facebook.com\/camaeleon.org\/\" \/>\n<meta property=\"article:published_time\" content=\"2025-05-17T21:59:07+00:00\" \/>\n<meta property=\"article:modified_time\" content=\"2025-05-22T08:53:13+00:00\" \/>\n<meta property=\"og:image\" content=\"https:\/\/www.camaeleon.org\/wp-content\/uploads\/2025\/05\/untis.jpg\" \/>\n\t<meta property=\"og:image:width\" content=\"1920\" \/>\n\t<meta property=\"og:image:height\" content=\"1280\" \/>\n\t<meta property=\"og:image:type\" content=\"image\/jpeg\" \/>\n<meta name=\"author\" content=\"Valentin Verstappen Tourtet\" \/>\n<meta name=\"twitter:card\" content=\"summary_large_image\" \/>\n<meta name=\"twitter:creator\" content=\"@camaeleonOrg\" \/>\n<meta name=\"twitter:site\" content=\"@camaeleonOrg\" \/>\n<script type=\"application\/ld+json\" class=\"yoast-schema-graph\">{\"@context\":\"https:\\\/\\\/schema.org\",\"@graph\":[{\"@type\":\"Article\",\"@id\":\"https:\\\/\\\/www.camaeleon.org\\\/2025\\\/05\\\/17\\\/das-wort-der-woche-schulsamstag\\\/#article\",\"isPartOf\":{\"@id\":\"https:\\\/\\\/www.camaeleon.org\\\/2025\\\/05\\\/17\\\/das-wort-der-woche-schulsamstag\\\/\"},\"author\":{\"name\":\"Valentin Verstappen Tourtet\",\"@id\":\"https:\\\/\\\/www.camaeleon.org\\\/de\\\/#\\\/schema\\\/person\\\/c0e4c10df183f86520b8c5cae19d3744\"},\"headline\":\"Das Wort der Woche : #Schulsamstag\",\"datePublished\":\"2025-05-17T21:59:07+00:00\",\"dateModified\":\"2025-05-22T08:53:13+00:00\",\"mainEntityOfPage\":{\"@id\":\"https:\\\/\\\/www.camaeleon.org\\\/2025\\\/05\\\/17\\\/das-wort-der-woche-schulsamstag\\\/\"},\"wordCount\":160,\"commentCount\":0,\"publisher\":{\"@id\":\"https:\\\/\\\/www.camaeleon.org\\\/de\\\/#organization\"},\"image\":{\"@id\":\"https:\\\/\\\/www.camaeleon.org\\\/2025\\\/05\\\/17\\\/das-wort-der-woche-schulsamstag\\\/#primaryimage\"},\"thumbnailUrl\":\"https:\\\/\\\/www.camaeleon.org\\\/wp-content\\\/uploads\\\/2025\\\/05\\\/untis.jpg\",\"keywords\":[\"Emploi du temps\",\"Samedi travaill\u00e9\",\"Schulsamstag\",\"Stundenplan\"],\"articleSection\":[\"Schule\"],\"inLanguage\":\"de\",\"potentialAction\":[{\"@type\":\"CommentAction\",\"name\":\"Comment\",\"target\":[\"https:\\\/\\\/www.camaeleon.org\\\/2025\\\/05\\\/17\\\/das-wort-der-woche-schulsamstag\\\/#respond\"]}]},{\"@type\":\"WebPage\",\"@id\":\"https:\\\/\\\/www.camaeleon.org\\\/de\\\/2025\\\/05\\\/17\\\/das-wort-der-woche-schulsamstag\\\/\",\"url\":\"https:\\\/\\\/www.camaeleon.org\\\/de\\\/2025\\\/05\\\/17\\\/das-wort-der-woche-schulsamstag\\\/\",\"name\":\"Das Wort der Woche : #Schulsamstag - Cam\u00e4l\u00e9on\",\"isPartOf\":{\"@id\":\"https:\\\/\\\/www.camaeleon.org\\\/de\\\/#website\"},\"primaryImageOfPage\":{\"@id\":\"https:\\\/\\\/www.camaeleon.org\\\/de\\\/2025\\\/05\\\/17\\\/das-wort-der-woche-schulsamstag\\\/#primaryimage\"},\"image\":{\"@id\":\"https:\\\/\\\/www.camaeleon.org\\\/2025\\\/05\\\/17\\\/das-wort-der-woche-schulsamstag\\\/#primaryimage\"},\"thumbnailUrl\":\"https:\\\/\\\/www.camaeleon.org\\\/wp-content\\\/uploads\\\/2025\\\/05\\\/untis.jpg\",\"datePublished\":\"2025-05-17T21:59:07+00:00\",\"dateModified\":\"2025-05-22T08:53:13+00:00\",\"description\":\"Ab dem Schuljahr 2025-26 wird es am DFG an Schulsamstagen h\u00f6chstens 4 Stunden Unterricht (bis 11:25) geben.\",\"breadcrumb\":{\"@id\":\"https:\\\/\\\/www.camaeleon.org\\\/de\\\/2025\\\/05\\\/17\\\/das-wort-der-woche-schulsamstag\\\/#breadcrumb\"},\"inLanguage\":\"de\",\"potentialAction\":[{\"@type\":\"ReadAction\",\"target\":[[\"https:\\\/\\\/www.camaeleon.org\\\/de\\\/2025\\\/05\\\/17\\\/das-wort-der-woche-schulsamstag\\\/\"]]}]},{\"@type\":\"ImageObject\",\"inLanguage\":\"de\",\"@id\":\"https:\\\/\\\/www.camaeleon.org\\\/de\\\/2025\\\/05\\\/17\\\/das-wort-der-woche-schulsamstag\\\/#primaryimage\",\"url\":\"https:\\\/\\\/www.camaeleon.org\\\/wp-content\\\/uploads\\\/2025\\\/05\\\/untis.jpg\",\"contentUrl\":\"https:\\\/\\\/www.camaeleon.org\\\/wp-content\\\/uploads\\\/2025\\\/05\\\/untis.jpg\",\"width\":1920,\"height\":1280,\"caption\":\"Foto: fbogner \\\/ pixabay \\\/ Cam\u00e4l\u00e9on\"},{\"@type\":\"BreadcrumbList\",\"@id\":\"https:\\\/\\\/www.camaeleon.org\\\/de\\\/2025\\\/05\\\/17\\\/das-wort-der-woche-schulsamstag\\\/#breadcrumb\",\"itemListElement\":[{\"@type\":\"ListItem\",\"position\":1,\"name\":\"Home\",\"item\":\"https:\\\/\\\/www.camaeleon.org\\\/de\\\/\"},{\"@type\":\"ListItem\",\"position\":2,\"name\":\"Das Wort der Woche : #Schulsamstag\"}]},{\"@type\":\"WebSite\",\"@id\":\"https:\\\/\\\/www.camaeleon.org\\\/de\\\/#website\",\"url\":\"https:\\\/\\\/www.camaeleon.org\\\/de\\\/\",\"name\":\"Cam\u00e4l\u00e9on\",\"description\":\"Das Sch\u00fclermagazin des Deutsch-Franz\u00f6sischen Gymnasiums Saarbr\u00fccken\",\"publisher\":{\"@id\":\"https:\\\/\\\/www.camaeleon.org\\\/de\\\/#organization\"},\"potentialAction\":[{\"@type\":\"SearchAction\",\"target\":{\"@type\":\"EntryPoint\",\"urlTemplate\":\"https:\\\/\\\/www.camaeleon.org\\\/de\\\/?s={search_term_string}\"},\"query-input\":{\"@type\":\"PropertyValueSpecification\",\"valueRequired\":true,\"valueName\":\"search_term_string\"}}],\"inLanguage\":\"de\"},{\"@type\":\"Organization\",\"@id\":\"https:\\\/\\\/www.camaeleon.org\\\/de\\\/#organization\",\"name\":\"Cam\u00e4l\u00e9on\",\"url\":\"https:\\\/\\\/www.camaeleon.org\\\/de\\\/\",\"logo\":{\"@type\":\"ImageObject\",\"inLanguage\":\"de\",\"@id\":\"https:\\\/\\\/www.camaeleon.org\\\/de\\\/#\\\/schema\\\/logo\\\/image\\\/\",\"url\":\"https:\\\/\\\/www.camaeleon.org\\\/wp-content\\\/uploads\\\/2011\\\/11\\\/CAM\u00c4LEON.jpg\",\"contentUrl\":\"https:\\\/\\\/www.camaeleon.org\\\/wp-content\\\/uploads\\\/2011\\\/11\\\/CAM\u00c4LEON.jpg\",\"width\":959,\"height\":959,\"caption\":\"Cam\u00e4l\u00e9on\"},\"image\":{\"@id\":\"https:\\\/\\\/www.camaeleon.org\\\/de\\\/#\\\/schema\\\/logo\\\/image\\\/\"},\"sameAs\":[\"https:\\\/\\\/www.facebook.com\\\/camaeleon.org\\\/\",\"https:\\\/\\\/x.com\\\/camaeleonOrg\",\"https:\\\/\\\/www.instagram.com\\\/camaeleon.dfg\\\/\",\"https:\\\/\\\/www.youtube.com\\\/channel\\\/UCl3TAUDdGuu_c7CD6ax6hYg\"]},{\"@type\":\"Person\",\"@id\":\"https:\\\/\\\/www.camaeleon.org\\\/de\\\/#\\\/schema\\\/person\\\/c0e4c10df183f86520b8c5cae19d3744\",\"name\":\"Valentin Verstappen Tourtet\",\"image\":{\"@type\":\"ImageObject\",\"inLanguage\":\"de\",\"@id\":\"https:\\\/\\\/www.camaeleon.org\\\/de\\\/wp-content\\\/uploads\\\/2025\\\/05\\\/valentin-150x150.jpg516ebdb4929b5d6bf406d4e777539a4d\",\"url\":\"https:\\\/\\\/www.camaeleon.org\\\/wp-content\\\/uploads\\\/2025\\\/05\\\/valentin-150x150.jpg\",\"contentUrl\":\"https:\\\/\\\/www.camaeleon.org\\\/wp-content\\\/uploads\\\/2025\\\/05\\\/valentin-150x150.jpg\",\"caption\":\"Valentin Verstappen Tourtet\"},\"description\":\"Hallo, mein Name ist Valentin, ich bin 13 Jahre alt und ich bin in der 8S2. Ich bin seit Januar 2025 in Cam\u00e4l\u00e9on. Ich spiele Harfe und gehe klettern.\",\"url\":\"https:\\\/\\\/www.camaeleon.org\\\/de\\\/author\\\/valentin-verstappen-tourtet\\\/\"}]}<\/script>\n<!-- \/ Yoast SEO plugin. -->","yoast_head_json":{"title":"Das Wort der Woche : #Schulsamstag - Cam\u00e4l\u00e9on","description":"Ab dem Schuljahr 2025-26 wird es am DFG an Schulsamstagen h\u00f6chstens 4 Stunden Unterricht (bis 11:25) geben.","robots":{"index":"index","follow":"follow","max-snippet":"max-snippet:-1","max-image-preview":"max-image-preview:large","max-video-preview":"max-video-preview:-1"},"canonical":"https:\/\/www.camaeleon.org\/de\/2025\/05\/17\/das-wort-der-woche-schulsamstag\/","og_locale":"de_DE","og_type":"article","og_title":"Das Wort der Woche : #Schulsamstag - Cam\u00e4l\u00e9on","og_description":"Ab dem Schuljahr 2025-26 wird es am DFG an Schulsamstagen h\u00f6chstens 4 Stunden Unterricht (bis 11:25) geben.","og_url":"https:\/\/www.camaeleon.org\/de\/2025\/05\/17\/das-wort-der-woche-schulsamstag\/","og_site_name":"Cam\u00e4l\u00e9on","article_publisher":"https:\/\/www.facebook.com\/camaeleon.org\/","article_published_time":"2025-05-17T21:59:07+00:00","article_modified_time":"2025-05-22T08:53:13+00:00","og_image":[{"width":1920,"height":1280,"url":"https:\/\/www.camaeleon.org\/wp-content\/uploads\/2025\/05\/untis.jpg","type":"image\/jpeg"}],"author":"Valentin Verstappen Tourtet","twitter_card":"summary_large_image","twitter_creator":"@camaeleonOrg","twitter_site":"@camaeleonOrg","schema":{"@context":"https:\/\/schema.org","@graph":[{"@type":"Article","@id":"https:\/\/www.camaeleon.org\/2025\/05\/17\/das-wort-der-woche-schulsamstag\/#article","isPartOf":{"@id":"https:\/\/www.camaeleon.org\/2025\/05\/17\/das-wort-der-woche-schulsamstag\/"},"author":{"name":"Valentin Verstappen Tourtet","@id":"https:\/\/www.camaeleon.org\/de\/#\/schema\/person\/c0e4c10df183f86520b8c5cae19d3744"},"headline":"Das Wort der Woche : #Schulsamstag","datePublished":"2025-05-17T21:59:07+00:00","dateModified":"2025-05-22T08:53:13+00:00","mainEntityOfPage":{"@id":"https:\/\/www.camaeleon.org\/2025\/05\/17\/das-wort-der-woche-schulsamstag\/"},"wordCount":160,"commentCount":0,"publisher":{"@id":"https:\/\/www.camaeleon.org\/de\/#organization"},"image":{"@id":"https:\/\/www.camaeleon.org\/2025\/05\/17\/das-wort-der-woche-schulsamstag\/#primaryimage"},"thumbnailUrl":"https:\/\/www.camaeleon.org\/wp-content\/uploads\/2025\/05\/untis.jpg","keywords":["Emploi du temps","Samedi travaill\u00e9","Schulsamstag","Stundenplan"],"articleSection":["Schule"],"inLanguage":"de","potentialAction":[{"@type":"CommentAction","name":"Comment","target":["https:\/\/www.camaeleon.org\/2025\/05\/17\/das-wort-der-woche-schulsamstag\/#respond"]}]},{"@type":"WebPage","@id":"https:\/\/www.camaeleon.org\/de\/2025\/05\/17\/das-wort-der-woche-schulsamstag\/","url":"https:\/\/www.camaeleon.org\/de\/2025\/05\/17\/das-wort-der-woche-schulsamstag\/","name":"Das Wort der Woche : #Schulsamstag - Cam\u00e4l\u00e9on","isPartOf":{"@id":"https:\/\/www.camaeleon.org\/de\/#website"},"primaryImageOfPage":{"@id":"https:\/\/www.camaeleon.org\/de\/2025\/05\/17\/das-wort-der-woche-schulsamstag\/#primaryimage"},"image":{"@id":"https:\/\/www.camaeleon.org\/2025\/05\/17\/das-wort-der-woche-schulsamstag\/#primaryimage"},"thumbnailUrl":"https:\/\/www.camaeleon.org\/wp-content\/uploads\/2025\/05\/untis.jpg","datePublished":"2025-05-17T21:59:07+00:00","dateModified":"2025-05-22T08:53:13+00:00","description":"Ab dem Schuljahr 2025-26 wird es am DFG an Schulsamstagen h\u00f6chstens 4 Stunden Unterricht (bis 11:25) geben.","breadcrumb":{"@id":"https:\/\/www.camaeleon.org\/de\/2025\/05\/17\/das-wort-der-woche-schulsamstag\/#breadcrumb"},"inLanguage":"de","potentialAction":[{"@type":"ReadAction","target":[["https:\/\/www.camaeleon.org\/de\/2025\/05\/17\/das-wort-der-woche-schulsamstag\/"]]}]},{"@type":"ImageObject","inLanguage":"de","@id":"https:\/\/www.camaeleon.org\/de\/2025\/05\/17\/das-wort-der-woche-schulsamstag\/#primaryimage","url":"https:\/\/www.camaeleon.org\/wp-content\/uploads\/2025\/05\/untis.jpg","contentUrl":"https:\/\/www.camaeleon.org\/wp-content\/uploads\/2025\/05\/untis.jpg","width":1920,"height":1280,"caption":"Foto: fbogner \/ pixabay \/ Cam\u00e4l\u00e9on"},{"@type":"BreadcrumbList","@id":"https:\/\/www.camaeleon.org\/de\/2025\/05\/17\/das-wort-der-woche-schulsamstag\/#breadcrumb","itemListElement":[{"@type":"ListItem","position":1,"name":"Home","item":"https:\/\/www.camaeleon.org\/de\/"},{"@type":"ListItem","position":2,"name":"Das Wort der Woche : #Schulsamstag"}]},{"@type":"WebSite","@id":"https:\/\/www.camaeleon.org\/de\/#website","url":"https:\/\/www.camaeleon.org\/de\/","name":"Cam\u00e4l\u00e9on","description":"Das Sch\u00fclermagazin des Deutsch-Franz\u00f6sischen Gymnasiums Saarbr\u00fccken","publisher":{"@id":"https:\/\/www.camaeleon.org\/de\/#organization"},"potentialAction":[{"@type":"SearchAction","target":{"@type":"EntryPoint","urlTemplate":"https:\/\/www.camaeleon.org\/de\/?s={search_term_string}"},"query-input":{"@type":"PropertyValueSpecification","valueRequired":true,"valueName":"search_term_string"}}],"inLanguage":"de"},{"@type":"Organization","@id":"https:\/\/www.camaeleon.org\/de\/#organization","name":"Cam\u00e4l\u00e9on","url":"https:\/\/www.camaeleon.org\/de\/","logo":{"@type":"ImageObject","inLanguage":"de","@id":"https:\/\/www.camaeleon.org\/de\/#\/schema\/logo\/image\/","url":"https:\/\/www.camaeleon.org\/wp-content\/uploads\/2011\/11\/CAM\u00c4LEON.jpg","contentUrl":"https:\/\/www.camaeleon.org\/wp-content\/uploads\/2011\/11\/CAM\u00c4LEON.jpg","width":959,"height":959,"caption":"Cam\u00e4l\u00e9on"},"image":{"@id":"https:\/\/www.camaeleon.org\/de\/#\/schema\/logo\/image\/"},"sameAs":["https:\/\/www.facebook.com\/camaeleon.org\/","https:\/\/x.com\/camaeleonOrg","https:\/\/www.instagram.com\/camaeleon.dfg\/","https:\/\/www.youtube.com\/channel\/UCl3TAUDdGuu_c7CD6ax6hYg"]},{"@type":"Person","@id":"https:\/\/www.camaeleon.org\/de\/#\/schema\/person\/c0e4c10df183f86520b8c5cae19d3744","name":"Valentin Verstappen Tourtet","image":{"@type":"ImageObject","inLanguage":"de","@id":"https:\/\/www.camaeleon.org\/de\/wp-content\/uploads\/2025\/05\/valentin-150x150.jpg516ebdb4929b5d6bf406d4e777539a4d","url":"https:\/\/www.camaeleon.org\/wp-content\/uploads\/2025\/05\/valentin-150x150.jpg","contentUrl":"https:\/\/www.camaeleon.org\/wp-content\/uploads\/2025\/05\/valentin-150x150.jpg","caption":"Valentin Verstappen Tourtet"},"description":"Hallo, mein Name ist Valentin, ich bin 13 Jahre alt und ich bin in der 8S2. Ich bin seit Januar 2025 in Cam\u00e4l\u00e9on. Ich spiele Harfe und gehe klettern.","url":"https:\/\/www.camaeleon.org\/de\/author\/valentin-verstappen-tourtet\/"}]}},"_links":{"self":[{"href":"https:\/\/www.camaeleon.org\/de\/wp-json\/wp\/v2\/posts\/32334","targetHints":{"allow":["GET"]}}],"collection":[{"href":"https:\/\/www.camaeleon.org\/de\/wp-json\/wp\/v2\/posts"}],"about":[{"href":"https:\/\/www.camaeleon.org\/de\/wp-json\/wp\/v2\/types\/post"}],"author":[{"embeddable":true,"href":"https:\/\/www.camaeleon.org\/de\/wp-json\/wp\/v2\/users\/190"}],"replies":[{"embeddable":true,"href":"https:\/\/www.camaeleon.org\/de\/wp-json\/wp\/v2\/comments?post=32334"}],"version-history":[{"count":13,"href":"https:\/\/www.camaeleon.org\/de\/wp-json\/wp\/v2\/posts\/32334\/revisions"}],"predecessor-version":[{"id":32431,"href":"https:\/\/www.camaeleon.org\/de\/wp-json\/wp\/v2\/posts\/32334\/revisions\/32431"}],"wp:featuredmedia":[{"embeddable":true,"href":"https:\/\/www.camaeleon.org\/de\/wp-json\/wp\/v2\/media\/32429"}],"wp:attachment":[{"href":"https:\/\/www.camaeleon.org\/de\/wp-json\/wp\/v2\/media?parent=32334"}],"wp:term":[{"taxonomy":"category","embeddable":true,"href":"https:\/\/www.camaeleon.org\/de\/wp-json\/wp\/v2\/categories?post=32334"},{"taxonomy":"post_tag","embeddable":true,"href":"https:\/\/www.camaeleon.org\/de\/wp-json\/wp\/v2\/tags?post=32334"},{"taxonomy":"author","embeddable":true,"href":"https:\/\/www.camaeleon.org\/de\/wp-json\/wp\/v2\/coauthors?post=32334"}],"curies":[{"name":"wp","href":"https:\/\/api.w.org\/{rel}","templated":true}]}}