{"id":32326,"date":"2025-05-09T15:00:36","date_gmt":"2025-05-09T13:00:36","guid":{"rendered":"https:\/\/www.camaeleon.org\/?p=32326"},"modified":"2025-05-11T12:41:28","modified_gmt":"2025-05-11T10:41:28","slug":"axel-buchholz-preis-2025-fuer-camaeleon","status":"publish","type":"post","link":"https:\/\/www.camaeleon.org\/de\/2025\/05\/09\/axel-buchholz-preis-2025-fuer-camaeleon\/","title":{"rendered":"Axel Buchholz Preis 2025 f\u00fcr Cam\u00e4l\u00e9on"},"content":{"rendered":"<figure id=\"attachment_32352\" aria-describedby=\"caption-attachment-32352\" style=\"width: 300px\" class=\"wp-caption alignleft\"><a href=\"https:\/\/www.camaeleon.org\/wp-content\/uploads\/2025\/05\/DSC_9312.jpg\"><img loading=\"lazy\" decoding=\"async\" class=\"size-medium wp-image-32352\" src=\"https:\/\/www.camaeleon.org\/wp-content\/uploads\/2025\/05\/DSC_9312-300x200.jpg\" alt=\"Axel Buchholz Preis 2025\" width=\"300\" height=\"200\" srcset=\"https:\/\/www.camaeleon.org\/wp-content\/uploads\/2025\/05\/DSC_9312-300x200.jpg 300w, https:\/\/www.camaeleon.org\/wp-content\/uploads\/2025\/05\/DSC_9312-880x587.jpg 880w, https:\/\/www.camaeleon.org\/wp-content\/uploads\/2025\/05\/DSC_9312-1536x1024.jpg 1536w, https:\/\/www.camaeleon.org\/wp-content\/uploads\/2025\/05\/DSC_9312.jpg 2000w\" sizes=\"auto, (max-width: 300px) 100vw, 300px\" \/><\/a><figcaption id=\"caption-attachment-32352\" class=\"wp-caption-text\">Anouk und Julian bei der Verleihung des Axel Buchholz Preises 2025 (\u00a9 SR\/Pasquale D`Angiolillo)<\/figcaption><\/figure>\n<p>Vier Mitglieder unserer Redaktion wurden am 07. Mai 2025 mit dem<a href=\"https:\/\/axel-buchholz-preis.de\/\"><strong> Axel Buchholz Preis<\/strong> <\/a>f\u00fcr journalistischen Sch\u00fclernachwuchs des Saarlandes ausgezeichnet.<\/p>\n<p>Den mit 1.000 Euro dotierten Sport-Preis des Landessportverbandes f\u00fcr das Saarland gewannen Julian Bidot, Lili Carteron, Max Ernst und Anouk Viero f\u00fcr ein <a href=\"https:\/\/www.camaeleon.org\/de\/2024\/10\/21\/neunter-der-weltrangliste-und-olympia-silber-interview-mit-patrick-franziska\/\"><strong>Interview mit Tischtennis-Star Patrick Franziska<\/strong><\/a>, das im Oktober 2024 ver\u00f6ffentlicht wurde.<\/p>\n<p>Die Jury begr\u00fcndete die Auszeichnung mit folgenden Worten :<\/p>\n<p>\u201eWir freuen uns, dass der Preistr\u00e4ger unseres Sportpreises einen unserer prominentesten Athleten in Mittelpunkt stellt, der sich auf dem Sportcampus Saar auf internationale Turniere vorbereitet. Das Interview der vier Sch\u00fcler arbeitet den Menschen Patrick Franziska sehr sch\u00f6n heraus. Es beleuchtet, dass dem Tischtennisprofi nicht nur die eigene sportliche Karriere wichtig ist, sondern dass es ihm auch eine Herzensangelegenheit ist, sich als Botschafter f\u00fcr den Vereinssport zu engagieren.\u201c<\/p>\n<figure id=\"attachment_31217\" aria-describedby=\"caption-attachment-31217\" style=\"width: 300px\" class=\"wp-caption alignright\"><a href=\"https:\/\/www.camaeleon.org\/wp-content\/uploads\/2024\/06\/franziska-patrick.png\"><img loading=\"lazy\" decoding=\"async\" class=\"size-medium wp-image-31217\" src=\"https:\/\/www.camaeleon.org\/wp-content\/uploads\/2024\/06\/franziska-patrick-300x226.png\" alt=\"Cam\u00e4l\u00e9on-Redakteure mit Patrick Franziska\" width=\"300\" height=\"226\" srcset=\"https:\/\/www.camaeleon.org\/wp-content\/uploads\/2024\/06\/franziska-patrick-300x226.png 300w, https:\/\/www.camaeleon.org\/wp-content\/uploads\/2024\/06\/franziska-patrick-796x600.png 796w, https:\/\/www.camaeleon.org\/wp-content\/uploads\/2024\/06\/franziska-patrick.png 1204w\" sizes=\"auto, (max-width: 300px) 100vw, 300px\" \/><\/a><figcaption id=\"caption-attachment-31217\" class=\"wp-caption-text\">Cam\u00e4l\u00e9on-Redakteure mit Patrick Franziska (Foto: Cam\u00e4l\u00e9on)<\/figcaption><\/figure>\n<p>Der \u201eAxel Buchholz Preis\u201c ist benannt nach dem ehemaligen Chefredakteur und stellvertretenden H\u00f6rfunkdirektor des Saarl\u00e4ndischen Rundfunks. Als Honorarprofessor unterrichtete er unter anderem an den Universit\u00e4ten Mainz und Trier. Erste journalistische Erfahrungen sammelte Axel Buchholz als stellvertretender Chefredakteur einer Sch\u00fclerzeitung.<\/p>\n<p>Hier setzt auch der Wettbewerb an: Er will bei den Sch\u00fclerinnen und Sch\u00fclern das Interesse daran wecken, journalistisch zu arbeiten, sich aktueller Themen anzunehmen und diese aufzuarbeiten. Der Wettbewerb will auch einen Beitrag dazu leisten, die Medienkompetenz junger Menschen zu st\u00e4rken und den journalistischen Nachwuchs des Saarlandes zu f\u00f6rdern.<\/p>\n<p>Die Preisverleihung fand im Studio Eins des Saarl\u00e4ndischen Rundfunks statt.<\/p>\n<p>Der preisgekr\u00f6nte Artikel sowie alle anderen ausgezeichneten journalistischen Beitr\u00e4ge werden ab Sonntag, 11. Mai, im Deutschen Zeitungsmuseum in Wadgassen pr\u00e4sentiert.<\/p>\n<p>Wir gratulieren Lili, Max, Anouk und Julian zu diesem tollen Erfolg !<\/p>\n","protected":false},"excerpt":{"rendered":"<p>Vier Mitglieder unserer Redaktion wurden am 07. Mai 2025 mit dem Axel Buchholz Preis f\u00fcr journalistischen Sch\u00fclernachwuchs des Saarlandes ausgezeichnet. Den mit 1.000 Euro dotierten<\/p>\n","protected":false},"author":190,"featured_media":32352,"comment_status":"open","ping_status":"closed","sticky":false,"template":"","format":"standard","meta":{"colormag_page_container_layout":"default_layout","colormag_page_sidebar_layout":"default_layout","footnotes":""},"categories":[199],"tags":[1085,559,1234],"coauthors":[2597],"class_list":["post-32326","post","type-post","status-publish","format-standard","has-post-thumbnail","hentry","category-a-propos-de-nous","tag-axel-buchholz","tag-axel-buchholz-preis","tag-schuelerjournalismus"],"yoast_head":"<!-- This site is optimized with the Yoast SEO plugin v27.5 - https:\/\/yoast.com\/product\/yoast-seo-wordpress\/ -->\n<title>Axel Buchholz Preis 2025 f\u00fcr Cam\u00e4l\u00e9on - Cam\u00e4l\u00e9on<\/title>\n<meta name=\"description\" content=\"Vier Mitglieder der Redaktion unser Redaktion wurden am 7. Mai 2025 mit dem Axel Buchholz Preis 2025 ausgezeichnet.\" \/>\n<meta name=\"robots\" content=\"index, follow, max-snippet:-1, max-image-preview:large, max-video-preview:-1\" \/>\n<link rel=\"canonical\" href=\"https:\/\/www.camaeleon.org\/de\/2025\/05\/09\/axel-buchholz-preis-2025-fuer-camaeleon\/\" \/>\n<meta property=\"og:locale\" content=\"de_DE\" \/>\n<meta property=\"og:type\" content=\"article\" \/>\n<meta property=\"og:title\" content=\"Axel Buchholz Preis 2025 f\u00fcr Cam\u00e4l\u00e9on - Cam\u00e4l\u00e9on\" \/>\n<meta property=\"og:description\" content=\"Vier Mitglieder der Redaktion unser Redaktion wurden am 7. Mai 2025 mit dem Axel Buchholz Preis 2025 ausgezeichnet.\" \/>\n<meta property=\"og:url\" content=\"https:\/\/www.camaeleon.org\/de\/2025\/05\/09\/axel-buchholz-preis-2025-fuer-camaeleon\/\" \/>\n<meta property=\"og:site_name\" content=\"Cam\u00e4l\u00e9on\" \/>\n<meta property=\"article:publisher\" content=\"https:\/\/www.facebook.com\/camaeleon.org\/\" \/>\n<meta property=\"article:published_time\" content=\"2025-05-09T13:00:36+00:00\" \/>\n<meta property=\"article:modified_time\" content=\"2025-05-11T10:41:28+00:00\" \/>\n<meta property=\"og:image\" content=\"https:\/\/www.camaeleon.org\/wp-content\/uploads\/2025\/05\/DSC_9312.jpg\" \/>\n\t<meta property=\"og:image:width\" content=\"2000\" \/>\n\t<meta property=\"og:image:height\" content=\"1333\" \/>\n\t<meta property=\"og:image:type\" content=\"image\/jpeg\" \/>\n<meta name=\"author\" content=\"Valentin Verstappen Tourtet\" \/>\n<meta name=\"twitter:card\" content=\"summary_large_image\" \/>\n<meta name=\"twitter:creator\" content=\"@camaeleonOrg\" \/>\n<meta name=\"twitter:site\" content=\"@camaeleonOrg\" \/>\n<script type=\"application\/ld+json\" class=\"yoast-schema-graph\">{\"@context\":\"https:\\\/\\\/schema.org\",\"@graph\":[{\"@type\":\"Article\",\"@id\":\"https:\\\/\\\/www.camaeleon.org\\\/2025\\\/05\\\/09\\\/axel-buchholz-preis-2025-fuer-camaeleon\\\/#article\",\"isPartOf\":{\"@id\":\"https:\\\/\\\/www.camaeleon.org\\\/2025\\\/05\\\/09\\\/axel-buchholz-preis-2025-fuer-camaeleon\\\/\"},\"author\":{\"name\":\"Valentin Verstappen Tourtet\",\"@id\":\"https:\\\/\\\/www.camaeleon.org\\\/de\\\/#\\\/schema\\\/person\\\/c0e4c10df183f86520b8c5cae19d3744\"},\"headline\":\"Axel Buchholz Preis 2025 f\u00fcr Cam\u00e4l\u00e9on\",\"datePublished\":\"2025-05-09T13:00:36+00:00\",\"dateModified\":\"2025-05-11T10:41:28+00:00\",\"mainEntityOfPage\":{\"@id\":\"https:\\\/\\\/www.camaeleon.org\\\/2025\\\/05\\\/09\\\/axel-buchholz-preis-2025-fuer-camaeleon\\\/\"},\"wordCount\":321,\"commentCount\":0,\"publisher\":{\"@id\":\"https:\\\/\\\/www.camaeleon.org\\\/de\\\/#organization\"},\"image\":{\"@id\":\"https:\\\/\\\/www.camaeleon.org\\\/2025\\\/05\\\/09\\\/axel-buchholz-preis-2025-fuer-camaeleon\\\/#primaryimage\"},\"thumbnailUrl\":\"https:\\\/\\\/www.camaeleon.org\\\/wp-content\\\/uploads\\\/2025\\\/05\\\/DSC_9312.jpg\",\"keywords\":[\"Axel Buchholz\",\"Axel Buchholz-Preis\",\"Sch\u00fclerjournalismus\"],\"articleSection\":[\"Wir \u00fcber uns\"],\"inLanguage\":\"de\",\"potentialAction\":[{\"@type\":\"CommentAction\",\"name\":\"Comment\",\"target\":[\"https:\\\/\\\/www.camaeleon.org\\\/2025\\\/05\\\/09\\\/axel-buchholz-preis-2025-fuer-camaeleon\\\/#respond\"]}]},{\"@type\":\"WebPage\",\"@id\":\"https:\\\/\\\/www.camaeleon.org\\\/de\\\/2025\\\/05\\\/09\\\/axel-buchholz-preis-2025-fuer-camaeleon\\\/\",\"url\":\"https:\\\/\\\/www.camaeleon.org\\\/de\\\/2025\\\/05\\\/09\\\/axel-buchholz-preis-2025-fuer-camaeleon\\\/\",\"name\":\"Axel Buchholz Preis 2025 f\u00fcr Cam\u00e4l\u00e9on - Cam\u00e4l\u00e9on\",\"isPartOf\":{\"@id\":\"https:\\\/\\\/www.camaeleon.org\\\/de\\\/#website\"},\"primaryImageOfPage\":{\"@id\":\"https:\\\/\\\/www.camaeleon.org\\\/de\\\/2025\\\/05\\\/09\\\/axel-buchholz-preis-2025-fuer-camaeleon\\\/#primaryimage\"},\"image\":{\"@id\":\"https:\\\/\\\/www.camaeleon.org\\\/2025\\\/05\\\/09\\\/axel-buchholz-preis-2025-fuer-camaeleon\\\/#primaryimage\"},\"thumbnailUrl\":\"https:\\\/\\\/www.camaeleon.org\\\/wp-content\\\/uploads\\\/2025\\\/05\\\/DSC_9312.jpg\",\"datePublished\":\"2025-05-09T13:00:36+00:00\",\"dateModified\":\"2025-05-11T10:41:28+00:00\",\"description\":\"Vier Mitglieder der Redaktion unser Redaktion wurden am 7. Mai 2025 mit dem Axel Buchholz Preis 2025 ausgezeichnet.\",\"breadcrumb\":{\"@id\":\"https:\\\/\\\/www.camaeleon.org\\\/de\\\/2025\\\/05\\\/09\\\/axel-buchholz-preis-2025-fuer-camaeleon\\\/#breadcrumb\"},\"inLanguage\":\"de\",\"potentialAction\":[{\"@type\":\"ReadAction\",\"target\":[[\"https:\\\/\\\/www.camaeleon.org\\\/de\\\/2025\\\/05\\\/09\\\/axel-buchholz-preis-2025-fuer-camaeleon\\\/\"]]}]},{\"@type\":\"ImageObject\",\"inLanguage\":\"de\",\"@id\":\"https:\\\/\\\/www.camaeleon.org\\\/de\\\/2025\\\/05\\\/09\\\/axel-buchholz-preis-2025-fuer-camaeleon\\\/#primaryimage\",\"url\":\"https:\\\/\\\/www.camaeleon.org\\\/wp-content\\\/uploads\\\/2025\\\/05\\\/DSC_9312.jpg\",\"contentUrl\":\"https:\\\/\\\/www.camaeleon.org\\\/wp-content\\\/uploads\\\/2025\\\/05\\\/DSC_9312.jpg\",\"width\":2000,\"height\":1333,\"caption\":\"Anouk und Julian bei der Verleihung des Axel Buchholz Preises 2025 (\u00a9 SR\\\/Pasquale D`Angiolillo)\"},{\"@type\":\"BreadcrumbList\",\"@id\":\"https:\\\/\\\/www.camaeleon.org\\\/de\\\/2025\\\/05\\\/09\\\/axel-buchholz-preis-2025-fuer-camaeleon\\\/#breadcrumb\",\"itemListElement\":[{\"@type\":\"ListItem\",\"position\":1,\"name\":\"Home\",\"item\":\"https:\\\/\\\/www.camaeleon.org\\\/de\\\/\"},{\"@type\":\"ListItem\",\"position\":2,\"name\":\"Axel Buchholz Preis 2025 f\u00fcr Cam\u00e4l\u00e9on\"}]},{\"@type\":\"WebSite\",\"@id\":\"https:\\\/\\\/www.camaeleon.org\\\/de\\\/#website\",\"url\":\"https:\\\/\\\/www.camaeleon.org\\\/de\\\/\",\"name\":\"Cam\u00e4l\u00e9on\",\"description\":\"Das Sch\u00fclermagazin des Deutsch-Franz\u00f6sischen Gymnasiums Saarbr\u00fccken\",\"publisher\":{\"@id\":\"https:\\\/\\\/www.camaeleon.org\\\/de\\\/#organization\"},\"potentialAction\":[{\"@type\":\"SearchAction\",\"target\":{\"@type\":\"EntryPoint\",\"urlTemplate\":\"https:\\\/\\\/www.camaeleon.org\\\/de\\\/?s={search_term_string}\"},\"query-input\":{\"@type\":\"PropertyValueSpecification\",\"valueRequired\":true,\"valueName\":\"search_term_string\"}}],\"inLanguage\":\"de\"},{\"@type\":\"Organization\",\"@id\":\"https:\\\/\\\/www.camaeleon.org\\\/de\\\/#organization\",\"name\":\"Cam\u00e4l\u00e9on\",\"url\":\"https:\\\/\\\/www.camaeleon.org\\\/de\\\/\",\"logo\":{\"@type\":\"ImageObject\",\"inLanguage\":\"de\",\"@id\":\"https:\\\/\\\/www.camaeleon.org\\\/de\\\/#\\\/schema\\\/logo\\\/image\\\/\",\"url\":\"https:\\\/\\\/www.camaeleon.org\\\/wp-content\\\/uploads\\\/2011\\\/11\\\/CAM\u00c4LEON.jpg\",\"contentUrl\":\"https:\\\/\\\/www.camaeleon.org\\\/wp-content\\\/uploads\\\/2011\\\/11\\\/CAM\u00c4LEON.jpg\",\"width\":959,\"height\":959,\"caption\":\"Cam\u00e4l\u00e9on\"},\"image\":{\"@id\":\"https:\\\/\\\/www.camaeleon.org\\\/de\\\/#\\\/schema\\\/logo\\\/image\\\/\"},\"sameAs\":[\"https:\\\/\\\/www.facebook.com\\\/camaeleon.org\\\/\",\"https:\\\/\\\/x.com\\\/camaeleonOrg\",\"https:\\\/\\\/www.instagram.com\\\/camaeleon.dfg\\\/\",\"https:\\\/\\\/www.youtube.com\\\/channel\\\/UCl3TAUDdGuu_c7CD6ax6hYg\"]},{\"@type\":\"Person\",\"@id\":\"https:\\\/\\\/www.camaeleon.org\\\/de\\\/#\\\/schema\\\/person\\\/c0e4c10df183f86520b8c5cae19d3744\",\"name\":\"Valentin Verstappen Tourtet\",\"image\":{\"@type\":\"ImageObject\",\"inLanguage\":\"de\",\"@id\":\"https:\\\/\\\/www.camaeleon.org\\\/de\\\/wp-content\\\/uploads\\\/2025\\\/05\\\/valentin-150x150.jpg516ebdb4929b5d6bf406d4e777539a4d\",\"url\":\"https:\\\/\\\/www.camaeleon.org\\\/wp-content\\\/uploads\\\/2025\\\/05\\\/valentin-150x150.jpg\",\"contentUrl\":\"https:\\\/\\\/www.camaeleon.org\\\/wp-content\\\/uploads\\\/2025\\\/05\\\/valentin-150x150.jpg\",\"caption\":\"Valentin Verstappen Tourtet\"},\"description\":\"Hallo, mein Name ist Valentin, ich bin 13 Jahre alt und ich bin in der 8S2. Ich bin seit Januar 2025 in Cam\u00e4l\u00e9on. Ich spiele Harfe und gehe klettern.\",\"url\":\"https:\\\/\\\/www.camaeleon.org\\\/de\\\/author\\\/valentin-verstappen-tourtet\\\/\"}]}<\/script>\n<!-- \/ Yoast SEO plugin. -->","yoast_head_json":{"title":"Axel Buchholz Preis 2025 f\u00fcr Cam\u00e4l\u00e9on - Cam\u00e4l\u00e9on","description":"Vier Mitglieder der Redaktion unser Redaktion wurden am 7. Mai 2025 mit dem Axel Buchholz Preis 2025 ausgezeichnet.","robots":{"index":"index","follow":"follow","max-snippet":"max-snippet:-1","max-image-preview":"max-image-preview:large","max-video-preview":"max-video-preview:-1"},"canonical":"https:\/\/www.camaeleon.org\/de\/2025\/05\/09\/axel-buchholz-preis-2025-fuer-camaeleon\/","og_locale":"de_DE","og_type":"article","og_title":"Axel Buchholz Preis 2025 f\u00fcr Cam\u00e4l\u00e9on - Cam\u00e4l\u00e9on","og_description":"Vier Mitglieder der Redaktion unser Redaktion wurden am 7. Mai 2025 mit dem Axel Buchholz Preis 2025 ausgezeichnet.","og_url":"https:\/\/www.camaeleon.org\/de\/2025\/05\/09\/axel-buchholz-preis-2025-fuer-camaeleon\/","og_site_name":"Cam\u00e4l\u00e9on","article_publisher":"https:\/\/www.facebook.com\/camaeleon.org\/","article_published_time":"2025-05-09T13:00:36+00:00","article_modified_time":"2025-05-11T10:41:28+00:00","og_image":[{"width":2000,"height":1333,"url":"https:\/\/www.camaeleon.org\/wp-content\/uploads\/2025\/05\/DSC_9312.jpg","type":"image\/jpeg"}],"author":"Valentin Verstappen Tourtet","twitter_card":"summary_large_image","twitter_creator":"@camaeleonOrg","twitter_site":"@camaeleonOrg","schema":{"@context":"https:\/\/schema.org","@graph":[{"@type":"Article","@id":"https:\/\/www.camaeleon.org\/2025\/05\/09\/axel-buchholz-preis-2025-fuer-camaeleon\/#article","isPartOf":{"@id":"https:\/\/www.camaeleon.org\/2025\/05\/09\/axel-buchholz-preis-2025-fuer-camaeleon\/"},"author":{"name":"Valentin Verstappen Tourtet","@id":"https:\/\/www.camaeleon.org\/de\/#\/schema\/person\/c0e4c10df183f86520b8c5cae19d3744"},"headline":"Axel Buchholz Preis 2025 f\u00fcr Cam\u00e4l\u00e9on","datePublished":"2025-05-09T13:00:36+00:00","dateModified":"2025-05-11T10:41:28+00:00","mainEntityOfPage":{"@id":"https:\/\/www.camaeleon.org\/2025\/05\/09\/axel-buchholz-preis-2025-fuer-camaeleon\/"},"wordCount":321,"commentCount":0,"publisher":{"@id":"https:\/\/www.camaeleon.org\/de\/#organization"},"image":{"@id":"https:\/\/www.camaeleon.org\/2025\/05\/09\/axel-buchholz-preis-2025-fuer-camaeleon\/#primaryimage"},"thumbnailUrl":"https:\/\/www.camaeleon.org\/wp-content\/uploads\/2025\/05\/DSC_9312.jpg","keywords":["Axel Buchholz","Axel Buchholz-Preis","Sch\u00fclerjournalismus"],"articleSection":["Wir \u00fcber uns"],"inLanguage":"de","potentialAction":[{"@type":"CommentAction","name":"Comment","target":["https:\/\/www.camaeleon.org\/2025\/05\/09\/axel-buchholz-preis-2025-fuer-camaeleon\/#respond"]}]},{"@type":"WebPage","@id":"https:\/\/www.camaeleon.org\/de\/2025\/05\/09\/axel-buchholz-preis-2025-fuer-camaeleon\/","url":"https:\/\/www.camaeleon.org\/de\/2025\/05\/09\/axel-buchholz-preis-2025-fuer-camaeleon\/","name":"Axel Buchholz Preis 2025 f\u00fcr Cam\u00e4l\u00e9on - Cam\u00e4l\u00e9on","isPartOf":{"@id":"https:\/\/www.camaeleon.org\/de\/#website"},"primaryImageOfPage":{"@id":"https:\/\/www.camaeleon.org\/de\/2025\/05\/09\/axel-buchholz-preis-2025-fuer-camaeleon\/#primaryimage"},"image":{"@id":"https:\/\/www.camaeleon.org\/2025\/05\/09\/axel-buchholz-preis-2025-fuer-camaeleon\/#primaryimage"},"thumbnailUrl":"https:\/\/www.camaeleon.org\/wp-content\/uploads\/2025\/05\/DSC_9312.jpg","datePublished":"2025-05-09T13:00:36+00:00","dateModified":"2025-05-11T10:41:28+00:00","description":"Vier Mitglieder der Redaktion unser Redaktion wurden am 7. Mai 2025 mit dem Axel Buchholz Preis 2025 ausgezeichnet.","breadcrumb":{"@id":"https:\/\/www.camaeleon.org\/de\/2025\/05\/09\/axel-buchholz-preis-2025-fuer-camaeleon\/#breadcrumb"},"inLanguage":"de","potentialAction":[{"@type":"ReadAction","target":[["https:\/\/www.camaeleon.org\/de\/2025\/05\/09\/axel-buchholz-preis-2025-fuer-camaeleon\/"]]}]},{"@type":"ImageObject","inLanguage":"de","@id":"https:\/\/www.camaeleon.org\/de\/2025\/05\/09\/axel-buchholz-preis-2025-fuer-camaeleon\/#primaryimage","url":"https:\/\/www.camaeleon.org\/wp-content\/uploads\/2025\/05\/DSC_9312.jpg","contentUrl":"https:\/\/www.camaeleon.org\/wp-content\/uploads\/2025\/05\/DSC_9312.jpg","width":2000,"height":1333,"caption":"Anouk und Julian bei der Verleihung des Axel Buchholz Preises 2025 (\u00a9 SR\/Pasquale D`Angiolillo)"},{"@type":"BreadcrumbList","@id":"https:\/\/www.camaeleon.org\/de\/2025\/05\/09\/axel-buchholz-preis-2025-fuer-camaeleon\/#breadcrumb","itemListElement":[{"@type":"ListItem","position":1,"name":"Home","item":"https:\/\/www.camaeleon.org\/de\/"},{"@type":"ListItem","position":2,"name":"Axel Buchholz Preis 2025 f\u00fcr Cam\u00e4l\u00e9on"}]},{"@type":"WebSite","@id":"https:\/\/www.camaeleon.org\/de\/#website","url":"https:\/\/www.camaeleon.org\/de\/","name":"Cam\u00e4l\u00e9on","description":"Das Sch\u00fclermagazin des Deutsch-Franz\u00f6sischen Gymnasiums Saarbr\u00fccken","publisher":{"@id":"https:\/\/www.camaeleon.org\/de\/#organization"},"potentialAction":[{"@type":"SearchAction","target":{"@type":"EntryPoint","urlTemplate":"https:\/\/www.camaeleon.org\/de\/?s={search_term_string}"},"query-input":{"@type":"PropertyValueSpecification","valueRequired":true,"valueName":"search_term_string"}}],"inLanguage":"de"},{"@type":"Organization","@id":"https:\/\/www.camaeleon.org\/de\/#organization","name":"Cam\u00e4l\u00e9on","url":"https:\/\/www.camaeleon.org\/de\/","logo":{"@type":"ImageObject","inLanguage":"de","@id":"https:\/\/www.camaeleon.org\/de\/#\/schema\/logo\/image\/","url":"https:\/\/www.camaeleon.org\/wp-content\/uploads\/2011\/11\/CAM\u00c4LEON.jpg","contentUrl":"https:\/\/www.camaeleon.org\/wp-content\/uploads\/2011\/11\/CAM\u00c4LEON.jpg","width":959,"height":959,"caption":"Cam\u00e4l\u00e9on"},"image":{"@id":"https:\/\/www.camaeleon.org\/de\/#\/schema\/logo\/image\/"},"sameAs":["https:\/\/www.facebook.com\/camaeleon.org\/","https:\/\/x.com\/camaeleonOrg","https:\/\/www.instagram.com\/camaeleon.dfg\/","https:\/\/www.youtube.com\/channel\/UCl3TAUDdGuu_c7CD6ax6hYg"]},{"@type":"Person","@id":"https:\/\/www.camaeleon.org\/de\/#\/schema\/person\/c0e4c10df183f86520b8c5cae19d3744","name":"Valentin Verstappen Tourtet","image":{"@type":"ImageObject","inLanguage":"de","@id":"https:\/\/www.camaeleon.org\/de\/wp-content\/uploads\/2025\/05\/valentin-150x150.jpg516ebdb4929b5d6bf406d4e777539a4d","url":"https:\/\/www.camaeleon.org\/wp-content\/uploads\/2025\/05\/valentin-150x150.jpg","contentUrl":"https:\/\/www.camaeleon.org\/wp-content\/uploads\/2025\/05\/valentin-150x150.jpg","caption":"Valentin Verstappen Tourtet"},"description":"Hallo, mein Name ist Valentin, ich bin 13 Jahre alt und ich bin in der 8S2. Ich bin seit Januar 2025 in Cam\u00e4l\u00e9on. Ich spiele Harfe und gehe klettern.","url":"https:\/\/www.camaeleon.org\/de\/author\/valentin-verstappen-tourtet\/"}]}},"_links":{"self":[{"href":"https:\/\/www.camaeleon.org\/de\/wp-json\/wp\/v2\/posts\/32326","targetHints":{"allow":["GET"]}}],"collection":[{"href":"https:\/\/www.camaeleon.org\/de\/wp-json\/wp\/v2\/posts"}],"about":[{"href":"https:\/\/www.camaeleon.org\/de\/wp-json\/wp\/v2\/types\/post"}],"author":[{"embeddable":true,"href":"https:\/\/www.camaeleon.org\/de\/wp-json\/wp\/v2\/users\/190"}],"replies":[{"embeddable":true,"href":"https:\/\/www.camaeleon.org\/de\/wp-json\/wp\/v2\/comments?post=32326"}],"version-history":[{"count":8,"href":"https:\/\/www.camaeleon.org\/de\/wp-json\/wp\/v2\/posts\/32326\/revisions"}],"predecessor-version":[{"id":32381,"href":"https:\/\/www.camaeleon.org\/de\/wp-json\/wp\/v2\/posts\/32326\/revisions\/32381"}],"wp:featuredmedia":[{"embeddable":true,"href":"https:\/\/www.camaeleon.org\/de\/wp-json\/wp\/v2\/media\/32352"}],"wp:attachment":[{"href":"https:\/\/www.camaeleon.org\/de\/wp-json\/wp\/v2\/media?parent=32326"}],"wp:term":[{"taxonomy":"category","embeddable":true,"href":"https:\/\/www.camaeleon.org\/de\/wp-json\/wp\/v2\/categories?post=32326"},{"taxonomy":"post_tag","embeddable":true,"href":"https:\/\/www.camaeleon.org\/de\/wp-json\/wp\/v2\/tags?post=32326"},{"taxonomy":"author","embeddable":true,"href":"https:\/\/www.camaeleon.org\/de\/wp-json\/wp\/v2\/coauthors?post=32326"}],"curies":[{"name":"wp","href":"https:\/\/api.w.org\/{rel}","templated":true}]}}