{"id":32262,"date":"2025-04-08T14:35:16","date_gmt":"2025-04-08T12:35:16","guid":{"rendered":"https:\/\/www.camaeleon.org\/?p=32262"},"modified":"2025-04-08T20:17:18","modified_gmt":"2025-04-08T18:17:18","slug":"le-mot-de-la-semaine-detournementdefondspublics","status":"publish","type":"post","link":"https:\/\/www.camaeleon.org\/de\/2025\/04\/08\/le-mot-de-la-semaine-detournementdefondspublics\/","title":{"rendered":"Le mot de la semaine : #D\u00e9tournementDeFondsPublics"},"content":{"rendered":"<figure id=\"attachment_32263\" aria-describedby=\"caption-attachment-32263\" style=\"width: 225px\" class=\"wp-caption alignleft\"><img loading=\"lazy\" decoding=\"async\" class=\"size-medium wp-image-32263\" src=\"https:\/\/www.camaeleon.org\/wp-content\/uploads\/2025\/04\/SAVE_20250404_142632-225x300.jpg\" alt=\"\" width=\"225\" height=\"300\" srcset=\"https:\/\/www.camaeleon.org\/wp-content\/uploads\/2025\/04\/SAVE_20250404_142632-225x300.jpg 225w, https:\/\/www.camaeleon.org\/wp-content\/uploads\/2025\/04\/SAVE_20250404_142632-450x600.jpg 450w, https:\/\/www.camaeleon.org\/wp-content\/uploads\/2025\/04\/SAVE_20250404_142632-1152x1536.jpg 1152w, https:\/\/www.camaeleon.org\/wp-content\/uploads\/2025\/04\/SAVE_20250404_142632.jpg 1280w\" sizes=\"auto, (max-width: 225px) 100vw, 225px\" \/><figcaption id=\"caption-attachment-32263\" class=\"wp-caption-text\">Photo : <a href=\"https:\/\/www.flickr.com\/photos\/voxespana\/54314871070\/\">Flickr<\/a> <a href=\"https:\/\/creativecommons.org\/publicdomain\/zero\/1.0\/deed.en\">( CC0 )<\/a><\/figcaption><\/figure>\n<p>Le lundi 31 mars 2025, dans l\u2019affaire des assistants parlementaires du Rassemblement National, le verdict de la justice est tomb\u00e9. Marine Le Pen a \u00e9t\u00e9 condamn\u00e9e \u00e0 quatre ans de prison, dont deux fermes, et \u00e0 5 ans d\u2019in\u00e9ligibilit\u00e9 avec ex\u00e9cution provisoire pour d\u00e9tournement de fonds publics. Montant : plus de 4,1 millions d\u2019euros.<\/p>\n<p>La cheffe de file de l\u2019extr\u00eame droite est, en effet, jug\u00e9e coupable d\u2019avoir jou\u00e9 un r\u00f4le d\u00e9terminant \u00ab dans le d\u00e9tournement des fonds vers\u00e9s par l\u2019Union europ\u00e9enne au profit de son parti entre 2004 et 2016 \u00bb &#8211; article Le Monde publi\u00e9 le 01 avril. Elle a d\u00e9cid\u00e9 de faire appel.<\/p>\n<p>&nbsp;<\/p>\n","protected":false},"excerpt":{"rendered":"<p>Le lundi 31 mars 2025, dans l\u2019affaire des assistants parlementaires du Rassemblement National, le verdict de la justice est tomb\u00e9. Marine Le Pen a \u00e9t\u00e9<\/p>\n","protected":false},"author":174,"featured_media":32263,"comment_status":"open","ping_status":"closed","sticky":false,"template":"","format":"standard","meta":{"colormag_page_container_layout":"default_layout","colormag_page_sidebar_layout":"default_layout","footnotes":""},"categories":[864],"tags":[2622,2623,2621,2577],"coauthors":[2249],"class_list":["post-32262","post","type-post","status-publish","format-standard","has-post-thumbnail","hentry","category-le-mot-de-la-semaine","tag-assemblee-nationale","tag-extreme-droite","tag-marine-le-pen","tag-rassemblement-national"],"yoast_head":"<!-- This site is optimized with the Yoast SEO plugin v27.5 - https:\/\/yoast.com\/product\/yoast-seo-wordpress\/ -->\n<title>Le mot de la semaine : #D\u00e9tournementDeFondsPublics - Cam\u00e4l\u00e9on<\/title>\n<meta name=\"robots\" content=\"index, follow, max-snippet:-1, max-image-preview:large, max-video-preview:-1\" \/>\n<link rel=\"canonical\" href=\"https:\/\/www.camaeleon.org\/de\/2025\/04\/08\/le-mot-de-la-semaine-detournementdefondspublics\/\" \/>\n<meta property=\"og:locale\" content=\"de_DE\" \/>\n<meta property=\"og:type\" content=\"article\" \/>\n<meta property=\"og:title\" content=\"Le mot de la semaine : #D\u00e9tournementDeFondsPublics - Cam\u00e4l\u00e9on\" \/>\n<meta property=\"og:description\" content=\"Le lundi 31 mars 2025, dans l\u2019affaire des assistants parlementaires du Rassemblement National, le verdict de la justice est tomb\u00e9. Marine Le Pen a \u00e9t\u00e9\" \/>\n<meta property=\"og:url\" content=\"https:\/\/www.camaeleon.org\/de\/2025\/04\/08\/le-mot-de-la-semaine-detournementdefondspublics\/\" \/>\n<meta property=\"og:site_name\" content=\"Cam\u00e4l\u00e9on\" \/>\n<meta property=\"article:publisher\" content=\"https:\/\/www.facebook.com\/camaeleon.org\/\" \/>\n<meta property=\"article:published_time\" content=\"2025-04-08T12:35:16+00:00\" \/>\n<meta property=\"article:modified_time\" content=\"2025-04-08T18:17:18+00:00\" \/>\n<meta property=\"og:image\" content=\"https:\/\/www.camaeleon.org\/wp-content\/uploads\/2025\/04\/SAVE_20250404_142632.jpg\" \/>\n\t<meta property=\"og:image:width\" content=\"1280\" \/>\n\t<meta property=\"og:image:height\" content=\"1706\" \/>\n\t<meta property=\"og:image:type\" content=\"image\/jpeg\" \/>\n<meta name=\"author\" content=\"Louis Huff-Andr\u00e9\" \/>\n<meta name=\"twitter:card\" content=\"summary_large_image\" \/>\n<meta name=\"twitter:creator\" content=\"@camaeleonOrg\" \/>\n<meta name=\"twitter:site\" content=\"@camaeleonOrg\" \/>\n<script type=\"application\/ld+json\" class=\"yoast-schema-graph\">{\"@context\":\"https:\\\/\\\/schema.org\",\"@graph\":[{\"@type\":\"Article\",\"@id\":\"https:\\\/\\\/www.camaeleon.org\\\/2025\\\/04\\\/08\\\/le-mot-de-la-semaine-detournementdefondspublics\\\/#article\",\"isPartOf\":{\"@id\":\"https:\\\/\\\/www.camaeleon.org\\\/2025\\\/04\\\/08\\\/le-mot-de-la-semaine-detournementdefondspublics\\\/\"},\"author\":{\"name\":\"Louis Huff-Andr\u00e9\",\"@id\":\"https:\\\/\\\/www.camaeleon.org\\\/de\\\/#\\\/schema\\\/person\\\/cd46c7f8b1d7fe75eff89acdafc86cdd\"},\"headline\":\"Le mot de la semaine : #D\u00e9tournementDeFondsPublics\",\"datePublished\":\"2025-04-08T12:35:16+00:00\",\"dateModified\":\"2025-04-08T18:17:18+00:00\",\"mainEntityOfPage\":{\"@id\":\"https:\\\/\\\/www.camaeleon.org\\\/2025\\\/04\\\/08\\\/le-mot-de-la-semaine-detournementdefondspublics\\\/\"},\"wordCount\":129,\"commentCount\":0,\"publisher\":{\"@id\":\"https:\\\/\\\/www.camaeleon.org\\\/de\\\/#organization\"},\"image\":{\"@id\":\"https:\\\/\\\/www.camaeleon.org\\\/2025\\\/04\\\/08\\\/le-mot-de-la-semaine-detournementdefondspublics\\\/#primaryimage\"},\"thumbnailUrl\":\"https:\\\/\\\/www.camaeleon.org\\\/wp-content\\\/uploads\\\/2025\\\/04\\\/SAVE_20250404_142632.jpg\",\"keywords\":[\"Assembl\u00e9e nationale\",\"extr\u00eame droite\",\"Marine Le Pen\",\"Rassemblement National\"],\"articleSection\":[\"Das Wort der Woche\"],\"inLanguage\":\"de\",\"potentialAction\":[{\"@type\":\"CommentAction\",\"name\":\"Comment\",\"target\":[\"https:\\\/\\\/www.camaeleon.org\\\/2025\\\/04\\\/08\\\/le-mot-de-la-semaine-detournementdefondspublics\\\/#respond\"]}]},{\"@type\":\"WebPage\",\"@id\":\"https:\\\/\\\/www.camaeleon.org\\\/de\\\/2025\\\/04\\\/08\\\/le-mot-de-la-semaine-detournementdefondspublics\\\/\",\"url\":\"https:\\\/\\\/www.camaeleon.org\\\/de\\\/2025\\\/04\\\/08\\\/le-mot-de-la-semaine-detournementdefondspublics\\\/\",\"name\":\"Le mot de la semaine : #D\u00e9tournementDeFondsPublics - Cam\u00e4l\u00e9on\",\"isPartOf\":{\"@id\":\"https:\\\/\\\/www.camaeleon.org\\\/de\\\/#website\"},\"primaryImageOfPage\":{\"@id\":\"https:\\\/\\\/www.camaeleon.org\\\/de\\\/2025\\\/04\\\/08\\\/le-mot-de-la-semaine-detournementdefondspublics\\\/#primaryimage\"},\"image\":{\"@id\":\"https:\\\/\\\/www.camaeleon.org\\\/2025\\\/04\\\/08\\\/le-mot-de-la-semaine-detournementdefondspublics\\\/#primaryimage\"},\"thumbnailUrl\":\"https:\\\/\\\/www.camaeleon.org\\\/wp-content\\\/uploads\\\/2025\\\/04\\\/SAVE_20250404_142632.jpg\",\"datePublished\":\"2025-04-08T12:35:16+00:00\",\"dateModified\":\"2025-04-08T18:17:18+00:00\",\"breadcrumb\":{\"@id\":\"https:\\\/\\\/www.camaeleon.org\\\/de\\\/2025\\\/04\\\/08\\\/le-mot-de-la-semaine-detournementdefondspublics\\\/#breadcrumb\"},\"inLanguage\":\"de\",\"potentialAction\":[{\"@type\":\"ReadAction\",\"target\":[[\"https:\\\/\\\/www.camaeleon.org\\\/de\\\/2025\\\/04\\\/08\\\/le-mot-de-la-semaine-detournementdefondspublics\\\/\"]]}]},{\"@type\":\"ImageObject\",\"inLanguage\":\"de\",\"@id\":\"https:\\\/\\\/www.camaeleon.org\\\/de\\\/2025\\\/04\\\/08\\\/le-mot-de-la-semaine-detournementdefondspublics\\\/#primaryimage\",\"url\":\"https:\\\/\\\/www.camaeleon.org\\\/wp-content\\\/uploads\\\/2025\\\/04\\\/SAVE_20250404_142632.jpg\",\"contentUrl\":\"https:\\\/\\\/www.camaeleon.org\\\/wp-content\\\/uploads\\\/2025\\\/04\\\/SAVE_20250404_142632.jpg\",\"width\":1280,\"height\":1706,\"caption\":\"https:\\\/\\\/www.flickr.com\\\/photos\\\/voxespana\\\/54314871070\\\/ CC0\u00a0\"},{\"@type\":\"BreadcrumbList\",\"@id\":\"https:\\\/\\\/www.camaeleon.org\\\/de\\\/2025\\\/04\\\/08\\\/le-mot-de-la-semaine-detournementdefondspublics\\\/#breadcrumb\",\"itemListElement\":[{\"@type\":\"ListItem\",\"position\":1,\"name\":\"Home\",\"item\":\"https:\\\/\\\/www.camaeleon.org\\\/de\\\/\"},{\"@type\":\"ListItem\",\"position\":2,\"name\":\"Le mot de la semaine : #D\u00e9tournementDeFondsPublics\"}]},{\"@type\":\"WebSite\",\"@id\":\"https:\\\/\\\/www.camaeleon.org\\\/de\\\/#website\",\"url\":\"https:\\\/\\\/www.camaeleon.org\\\/de\\\/\",\"name\":\"Cam\u00e4l\u00e9on\",\"description\":\"Das Sch\u00fclermagazin des Deutsch-Franz\u00f6sischen Gymnasiums Saarbr\u00fccken\",\"publisher\":{\"@id\":\"https:\\\/\\\/www.camaeleon.org\\\/de\\\/#organization\"},\"potentialAction\":[{\"@type\":\"SearchAction\",\"target\":{\"@type\":\"EntryPoint\",\"urlTemplate\":\"https:\\\/\\\/www.camaeleon.org\\\/de\\\/?s={search_term_string}\"},\"query-input\":{\"@type\":\"PropertyValueSpecification\",\"valueRequired\":true,\"valueName\":\"search_term_string\"}}],\"inLanguage\":\"de\"},{\"@type\":\"Organization\",\"@id\":\"https:\\\/\\\/www.camaeleon.org\\\/de\\\/#organization\",\"name\":\"Cam\u00e4l\u00e9on\",\"url\":\"https:\\\/\\\/www.camaeleon.org\\\/de\\\/\",\"logo\":{\"@type\":\"ImageObject\",\"inLanguage\":\"de\",\"@id\":\"https:\\\/\\\/www.camaeleon.org\\\/de\\\/#\\\/schema\\\/logo\\\/image\\\/\",\"url\":\"https:\\\/\\\/www.camaeleon.org\\\/wp-content\\\/uploads\\\/2011\\\/11\\\/CAM\u00c4LEON.jpg\",\"contentUrl\":\"https:\\\/\\\/www.camaeleon.org\\\/wp-content\\\/uploads\\\/2011\\\/11\\\/CAM\u00c4LEON.jpg\",\"width\":959,\"height\":959,\"caption\":\"Cam\u00e4l\u00e9on\"},\"image\":{\"@id\":\"https:\\\/\\\/www.camaeleon.org\\\/de\\\/#\\\/schema\\\/logo\\\/image\\\/\"},\"sameAs\":[\"https:\\\/\\\/www.facebook.com\\\/camaeleon.org\\\/\",\"https:\\\/\\\/x.com\\\/camaeleonOrg\",\"https:\\\/\\\/www.instagram.com\\\/camaeleon.dfg\\\/\",\"https:\\\/\\\/www.youtube.com\\\/channel\\\/UCl3TAUDdGuu_c7CD6ax6hYg\"]},{\"@type\":\"Person\",\"@id\":\"https:\\\/\\\/www.camaeleon.org\\\/de\\\/#\\\/schema\\\/person\\\/cd46c7f8b1d7fe75eff89acdafc86cdd\",\"name\":\"Louis Huff-Andr\u00e9\",\"image\":{\"@type\":\"ImageObject\",\"inLanguage\":\"de\",\"@id\":\"https:\\\/\\\/www.camaeleon.org\\\/de\\\/wp-content\\\/uploads\\\/2023\\\/10\\\/andre-150x150.jpg9e7cb8ff4a023d8b2775108b6d99a22d\",\"url\":\"https:\\\/\\\/www.camaeleon.org\\\/wp-content\\\/uploads\\\/2023\\\/10\\\/andre-150x150.jpg\",\"contentUrl\":\"https:\\\/\\\/www.camaeleon.org\\\/wp-content\\\/uploads\\\/2023\\\/10\\\/andre-150x150.jpg\",\"caption\":\"Louis Huff-Andr\u00e9\"},\"description\":\"Hallo, mein Name ist Louis Huff-Andr\u00e9 und ich bin 13 Jahre alt. Ich gehe in die 9S2 und bin seit drei Jahren im Cam\u00e4leon. Ich lese gerne deutsche und franz\u00f6sische Comics und Krimis. Ich h\u00f6re mir auch gerne verschiedene Musikst\u00fccke an und versuche, sie auf dem Klavier zu spielen, wenn sie mir gefallen !\",\"url\":\"https:\\\/\\\/www.camaeleon.org\\\/de\\\/author\\\/louis-huff-andre\\\/\"}]}<\/script>\n<!-- \/ Yoast SEO plugin. -->","yoast_head_json":{"title":"Le mot de la semaine : #D\u00e9tournementDeFondsPublics - Cam\u00e4l\u00e9on","robots":{"index":"index","follow":"follow","max-snippet":"max-snippet:-1","max-image-preview":"max-image-preview:large","max-video-preview":"max-video-preview:-1"},"canonical":"https:\/\/www.camaeleon.org\/de\/2025\/04\/08\/le-mot-de-la-semaine-detournementdefondspublics\/","og_locale":"de_DE","og_type":"article","og_title":"Le mot de la semaine : #D\u00e9tournementDeFondsPublics - Cam\u00e4l\u00e9on","og_description":"Le lundi 31 mars 2025, dans l\u2019affaire des assistants parlementaires du Rassemblement National, le verdict de la justice est tomb\u00e9. Marine Le Pen a \u00e9t\u00e9","og_url":"https:\/\/www.camaeleon.org\/de\/2025\/04\/08\/le-mot-de-la-semaine-detournementdefondspublics\/","og_site_name":"Cam\u00e4l\u00e9on","article_publisher":"https:\/\/www.facebook.com\/camaeleon.org\/","article_published_time":"2025-04-08T12:35:16+00:00","article_modified_time":"2025-04-08T18:17:18+00:00","og_image":[{"width":1280,"height":1706,"url":"https:\/\/www.camaeleon.org\/wp-content\/uploads\/2025\/04\/SAVE_20250404_142632.jpg","type":"image\/jpeg"}],"author":"Louis Huff-Andr\u00e9","twitter_card":"summary_large_image","twitter_creator":"@camaeleonOrg","twitter_site":"@camaeleonOrg","schema":{"@context":"https:\/\/schema.org","@graph":[{"@type":"Article","@id":"https:\/\/www.camaeleon.org\/2025\/04\/08\/le-mot-de-la-semaine-detournementdefondspublics\/#article","isPartOf":{"@id":"https:\/\/www.camaeleon.org\/2025\/04\/08\/le-mot-de-la-semaine-detournementdefondspublics\/"},"author":{"name":"Louis Huff-Andr\u00e9","@id":"https:\/\/www.camaeleon.org\/de\/#\/schema\/person\/cd46c7f8b1d7fe75eff89acdafc86cdd"},"headline":"Le mot de la semaine : #D\u00e9tournementDeFondsPublics","datePublished":"2025-04-08T12:35:16+00:00","dateModified":"2025-04-08T18:17:18+00:00","mainEntityOfPage":{"@id":"https:\/\/www.camaeleon.org\/2025\/04\/08\/le-mot-de-la-semaine-detournementdefondspublics\/"},"wordCount":129,"commentCount":0,"publisher":{"@id":"https:\/\/www.camaeleon.org\/de\/#organization"},"image":{"@id":"https:\/\/www.camaeleon.org\/2025\/04\/08\/le-mot-de-la-semaine-detournementdefondspublics\/#primaryimage"},"thumbnailUrl":"https:\/\/www.camaeleon.org\/wp-content\/uploads\/2025\/04\/SAVE_20250404_142632.jpg","keywords":["Assembl\u00e9e nationale","extr\u00eame droite","Marine Le Pen","Rassemblement National"],"articleSection":["Das Wort der Woche"],"inLanguage":"de","potentialAction":[{"@type":"CommentAction","name":"Comment","target":["https:\/\/www.camaeleon.org\/2025\/04\/08\/le-mot-de-la-semaine-detournementdefondspublics\/#respond"]}]},{"@type":"WebPage","@id":"https:\/\/www.camaeleon.org\/de\/2025\/04\/08\/le-mot-de-la-semaine-detournementdefondspublics\/","url":"https:\/\/www.camaeleon.org\/de\/2025\/04\/08\/le-mot-de-la-semaine-detournementdefondspublics\/","name":"Le mot de la semaine : #D\u00e9tournementDeFondsPublics - Cam\u00e4l\u00e9on","isPartOf":{"@id":"https:\/\/www.camaeleon.org\/de\/#website"},"primaryImageOfPage":{"@id":"https:\/\/www.camaeleon.org\/de\/2025\/04\/08\/le-mot-de-la-semaine-detournementdefondspublics\/#primaryimage"},"image":{"@id":"https:\/\/www.camaeleon.org\/2025\/04\/08\/le-mot-de-la-semaine-detournementdefondspublics\/#primaryimage"},"thumbnailUrl":"https:\/\/www.camaeleon.org\/wp-content\/uploads\/2025\/04\/SAVE_20250404_142632.jpg","datePublished":"2025-04-08T12:35:16+00:00","dateModified":"2025-04-08T18:17:18+00:00","breadcrumb":{"@id":"https:\/\/www.camaeleon.org\/de\/2025\/04\/08\/le-mot-de-la-semaine-detournementdefondspublics\/#breadcrumb"},"inLanguage":"de","potentialAction":[{"@type":"ReadAction","target":[["https:\/\/www.camaeleon.org\/de\/2025\/04\/08\/le-mot-de-la-semaine-detournementdefondspublics\/"]]}]},{"@type":"ImageObject","inLanguage":"de","@id":"https:\/\/www.camaeleon.org\/de\/2025\/04\/08\/le-mot-de-la-semaine-detournementdefondspublics\/#primaryimage","url":"https:\/\/www.camaeleon.org\/wp-content\/uploads\/2025\/04\/SAVE_20250404_142632.jpg","contentUrl":"https:\/\/www.camaeleon.org\/wp-content\/uploads\/2025\/04\/SAVE_20250404_142632.jpg","width":1280,"height":1706,"caption":"https:\/\/www.flickr.com\/photos\/voxespana\/54314871070\/ CC0\u00a0"},{"@type":"BreadcrumbList","@id":"https:\/\/www.camaeleon.org\/de\/2025\/04\/08\/le-mot-de-la-semaine-detournementdefondspublics\/#breadcrumb","itemListElement":[{"@type":"ListItem","position":1,"name":"Home","item":"https:\/\/www.camaeleon.org\/de\/"},{"@type":"ListItem","position":2,"name":"Le mot de la semaine : #D\u00e9tournementDeFondsPublics"}]},{"@type":"WebSite","@id":"https:\/\/www.camaeleon.org\/de\/#website","url":"https:\/\/www.camaeleon.org\/de\/","name":"Cam\u00e4l\u00e9on","description":"Das Sch\u00fclermagazin des Deutsch-Franz\u00f6sischen Gymnasiums Saarbr\u00fccken","publisher":{"@id":"https:\/\/www.camaeleon.org\/de\/#organization"},"potentialAction":[{"@type":"SearchAction","target":{"@type":"EntryPoint","urlTemplate":"https:\/\/www.camaeleon.org\/de\/?s={search_term_string}"},"query-input":{"@type":"PropertyValueSpecification","valueRequired":true,"valueName":"search_term_string"}}],"inLanguage":"de"},{"@type":"Organization","@id":"https:\/\/www.camaeleon.org\/de\/#organization","name":"Cam\u00e4l\u00e9on","url":"https:\/\/www.camaeleon.org\/de\/","logo":{"@type":"ImageObject","inLanguage":"de","@id":"https:\/\/www.camaeleon.org\/de\/#\/schema\/logo\/image\/","url":"https:\/\/www.camaeleon.org\/wp-content\/uploads\/2011\/11\/CAM\u00c4LEON.jpg","contentUrl":"https:\/\/www.camaeleon.org\/wp-content\/uploads\/2011\/11\/CAM\u00c4LEON.jpg","width":959,"height":959,"caption":"Cam\u00e4l\u00e9on"},"image":{"@id":"https:\/\/www.camaeleon.org\/de\/#\/schema\/logo\/image\/"},"sameAs":["https:\/\/www.facebook.com\/camaeleon.org\/","https:\/\/x.com\/camaeleonOrg","https:\/\/www.instagram.com\/camaeleon.dfg\/","https:\/\/www.youtube.com\/channel\/UCl3TAUDdGuu_c7CD6ax6hYg"]},{"@type":"Person","@id":"https:\/\/www.camaeleon.org\/de\/#\/schema\/person\/cd46c7f8b1d7fe75eff89acdafc86cdd","name":"Louis Huff-Andr\u00e9","image":{"@type":"ImageObject","inLanguage":"de","@id":"https:\/\/www.camaeleon.org\/de\/wp-content\/uploads\/2023\/10\/andre-150x150.jpg9e7cb8ff4a023d8b2775108b6d99a22d","url":"https:\/\/www.camaeleon.org\/wp-content\/uploads\/2023\/10\/andre-150x150.jpg","contentUrl":"https:\/\/www.camaeleon.org\/wp-content\/uploads\/2023\/10\/andre-150x150.jpg","caption":"Louis Huff-Andr\u00e9"},"description":"Hallo, mein Name ist Louis Huff-Andr\u00e9 und ich bin 13 Jahre alt. Ich gehe in die 9S2 und bin seit drei Jahren im Cam\u00e4leon. Ich lese gerne deutsche und franz\u00f6sische Comics und Krimis. Ich h\u00f6re mir auch gerne verschiedene Musikst\u00fccke an und versuche, sie auf dem Klavier zu spielen, wenn sie mir gefallen !","url":"https:\/\/www.camaeleon.org\/de\/author\/louis-huff-andre\/"}]}},"_links":{"self":[{"href":"https:\/\/www.camaeleon.org\/de\/wp-json\/wp\/v2\/posts\/32262","targetHints":{"allow":["GET"]}}],"collection":[{"href":"https:\/\/www.camaeleon.org\/de\/wp-json\/wp\/v2\/posts"}],"about":[{"href":"https:\/\/www.camaeleon.org\/de\/wp-json\/wp\/v2\/types\/post"}],"author":[{"embeddable":true,"href":"https:\/\/www.camaeleon.org\/de\/wp-json\/wp\/v2\/users\/174"}],"replies":[{"embeddable":true,"href":"https:\/\/www.camaeleon.org\/de\/wp-json\/wp\/v2\/comments?post=32262"}],"version-history":[{"count":2,"href":"https:\/\/www.camaeleon.org\/de\/wp-json\/wp\/v2\/posts\/32262\/revisions"}],"predecessor-version":[{"id":32286,"href":"https:\/\/www.camaeleon.org\/de\/wp-json\/wp\/v2\/posts\/32262\/revisions\/32286"}],"wp:featuredmedia":[{"embeddable":true,"href":"https:\/\/www.camaeleon.org\/de\/wp-json\/wp\/v2\/media\/32263"}],"wp:attachment":[{"href":"https:\/\/www.camaeleon.org\/de\/wp-json\/wp\/v2\/media?parent=32262"}],"wp:term":[{"taxonomy":"category","embeddable":true,"href":"https:\/\/www.camaeleon.org\/de\/wp-json\/wp\/v2\/categories?post=32262"},{"taxonomy":"post_tag","embeddable":true,"href":"https:\/\/www.camaeleon.org\/de\/wp-json\/wp\/v2\/tags?post=32262"},{"taxonomy":"author","embeddable":true,"href":"https:\/\/www.camaeleon.org\/de\/wp-json\/wp\/v2\/coauthors?post=32262"}],"curies":[{"name":"wp","href":"https:\/\/api.w.org\/{rel}","templated":true}]}}