{"id":32184,"date":"2025-03-21T14:38:50","date_gmt":"2025-03-21T13:38:50","guid":{"rendered":"https:\/\/www.camaeleon.org\/?p=32184"},"modified":"2025-03-27T07:40:33","modified_gmt":"2025-03-27T06:40:33","slug":"kuenstliche-intelligenz-am-dfg-das-steiger-ki-projekt","status":"publish","type":"post","link":"https:\/\/www.camaeleon.org\/de\/2025\/03\/21\/kuenstliche-intelligenz-am-dfg-das-steiger-ki-projekt\/","title":{"rendered":"K\u00fcnstliche Intelligenz am DFG: Das &#8222;Steiger-KI&#8220;-Projekt"},"content":{"rendered":"<p>K\u00fcnstliche Intelligenz ist mehr als nur ChatGPT: Aus vielen Bereichen des allt\u00e4glichen Lebens ist sie nicht mehr wegzudenken &#8211; und gewinnt weiter an Bedeutung.<\/p>\n<p>Vor diesem Hintergrund ist es umso wichtiger, die Technologie zu verstehen. <a href=\"https:\/\/www.mcgill.ca\/surgicalandinterventionalsciences\/dr-thomas-hemmerling\">Prof. Dr. med. Thomas Hemmerling<\/a>, geb\u00fcrtiger Saarl\u00e4nder und Professor an der kanadischen <a href=\"https:\/\/www.mcgill.ca\/\">McGill University<\/a>, hat daher den Wettbewerb &#8222;<a href=\"https:\/\/steigerki.com\/\">Steiger-KI<\/a>&#8220; ins Leben gerufen. Als erste Schule durfte das DFG daran teilnehmen.<\/p>\n<p>Neben einer ausf\u00fchrlichen Einf\u00fchrung in die Grundlagen und Funktionsweisen der K\u00fcnstlichen Intelligenz konnten die Sch\u00fclerinnen und Sch\u00fcler dabei selbst aktiv werden und eigene Anwendungen konzipieren und programmieren. Im April 2025 wird dann schlie\u00dflich eine Jury die besten Projekte auszeichnen.<\/p>\n<p>Im Interview erkl\u00e4rt Thomas Hemmerling, wie der Wettbewerb entstanden ist, welches Ziel er damit verfolgt und warum es wichtiger denn je ist, K\u00fcnstliche Intelligenz zu verstehen. Au\u00dferdem er\u00f6rtert er die verschiedenen Einsatzm\u00f6glichkeiten der KI in der Medizin.<\/p>\n<p>Herr K\u00f6nig, Geschichts- und Ethik- bzw. Religionslehrer am DFG, betreut das Projekt vor Ort. Im Video erkl\u00e4rt er, was sich durch die KI konkret im Schulalltag ver\u00e4ndert und stellt <a href=\"https:\/\/www.friedrich-verlag.de\/shop\/upgrade-ki-paedagogik-31836\">sein Buch<\/a> dazu vor.<\/p>\n<p>Monsieur Nahon begleitete als Informatiklehrer eine Sch\u00fclergruppe bei der Erstellung einer Anwendung zur Fr\u00fcherkennung von Autounf\u00e4llen durch Verkehrskameras und berichtet dar\u00fcber ebenfalls im Interview.<\/p>\n<div class=\"lyte-wrapper\" style=\"width:1280px;max-width:100%;margin:5px auto;\"><div class=\"lyMe hidef\" id=\"WYL_-ZzUx_qDDio\"><div id=\"lyte_-ZzUx_qDDio\" data-src=\"https:\/\/www.camaeleon.org\/wp-content\/plugins\/wp-youtube-lyte\/lyteCache.php?origThumbUrl=%2F%2Fi.ytimg.com%2Fvi%2F-ZzUx_qDDio%2Fhqdefault.jpg\" class=\"pL\"><div class=\"tC\"><div class=\"tT\"><\/div><\/div><div class=\"play\"><\/div><div class=\"ctrl\"><div class=\"Lctrl\"><\/div><div class=\"Rctrl\"><\/div><\/div><\/div><noscript><a href=\"https:\/\/youtu.be\/-ZzUx_qDDio\" rel=\"nofollow\"><img loading=\"lazy\" decoding=\"async\" src=\"https:\/\/www.camaeleon.org\/wp-content\/plugins\/wp-youtube-lyte\/lyteCache.php?origThumbUrl=https%3A%2F%2Fi.ytimg.com%2Fvi%2F-ZzUx_qDDio%2F0.jpg\" alt=\"YouTube-Video-Vorschaubild\" width=\"1280\" height=\"700\" \/><br \/>Dieses Video auf YouTube ansehen<\/a><\/noscript><\/div><\/div><div class=\"lL\" style=\"max-width:100%;width:1280px;margin:5px auto;\"><br\/><span class=\"lyte_disclaimer\">Mit dem Klick auf das Video wird eine Verbindung zu YouTube hergestellt. Weitere Infos in der <a href=\"https:\/\/www.camaeleon.org\/de\/mentions-legales\/declaration-de-protection-des-donnees\/\">Datenschutzerkl\u00e4rung<\/a>.<\/span><\/div><\/p>\n<p>Thumbnail: KI-generiertes Foto (DALL-E, OpenAI)<\/p>\n<p><a href=\"https:\/\/steigerki.godaddysites.com\">Hier geht es zur Website des Projekts &#8222;Steiger-KI&#8220;<\/a><\/p>\n","protected":false},"excerpt":{"rendered":"<p>K\u00fcnstliche Intelligenz ist mehr als nur ChatGPT: Aus vielen Bereichen des allt\u00e4glichen Lebens ist sie nicht mehr wegzudenken &#8211; und gewinnt weiter an Bedeutung. Vor<\/p>\n","protected":false},"author":143,"featured_media":32186,"comment_status":"open","ping_status":"closed","sticky":false,"template":"","format":"standard","meta":{"colormag_page_container_layout":"default_layout","colormag_page_sidebar_layout":"default_layout","footnotes":""},"categories":[3,7,11,908],"tags":[2619,1110,2613,2614,1377,1378,2615,2617,2612,1962],"coauthors":[1208],"class_list":["post-32184","post","type-post","status-publish","format-standard","has-post-thumbnail","hentry","category-ecole","category-internet","category-technique","category-camaeleon-video","tag-alexander-konig","tag-digitalisierung","tag-dr-thomas-hemmerling","tag-herr-koenig","tag-ki","tag-kuenstliche-intelligenz","tag-m-nahon","tag-paedagogik","tag-steiger-ki","tag-video"],"yoast_head":"<!-- This site is optimized with the Yoast SEO plugin v27.5 - https:\/\/yoast.com\/product\/yoast-seo-wordpress\/ -->\n<title>K\u00fcnstliche Intelligenz am DFG: Das &quot;Steiger-KI&quot;-Projekt - Cam\u00e4l\u00e9on<\/title>\n<meta name=\"description\" content=\"Aus dem t\u00e4glichen Leben ist KI nicht mehr wegzudenken. Prof. Hemmerling von der McGill University hat daher den Wettbewerb &quot;Steiger-KI&quot; ins Leben gerufen.\" \/>\n<meta name=\"robots\" content=\"index, follow, max-snippet:-1, max-image-preview:large, max-video-preview:-1\" \/>\n<link rel=\"canonical\" href=\"https:\/\/www.camaeleon.org\/de\/2025\/03\/21\/kuenstliche-intelligenz-am-dfg-das-steiger-ki-projekt\/\" \/>\n<meta property=\"og:locale\" content=\"de_DE\" \/>\n<meta property=\"og:type\" content=\"article\" \/>\n<meta property=\"og:title\" content=\"K\u00fcnstliche Intelligenz am DFG: Das &quot;Steiger-KI&quot;-Projekt - Cam\u00e4l\u00e9on\" \/>\n<meta property=\"og:description\" content=\"Aus dem t\u00e4glichen Leben ist KI nicht mehr wegzudenken. Prof. Hemmerling von der McGill University hat daher den Wettbewerb &quot;Steiger-KI&quot; ins Leben gerufen.\" \/>\n<meta property=\"og:url\" content=\"https:\/\/www.camaeleon.org\/de\/2025\/03\/21\/kuenstliche-intelligenz-am-dfg-das-steiger-ki-projekt\/\" \/>\n<meta property=\"og:site_name\" content=\"Cam\u00e4l\u00e9on\" \/>\n<meta property=\"article:publisher\" content=\"https:\/\/www.facebook.com\/camaeleon.org\/\" \/>\n<meta property=\"article:published_time\" content=\"2025-03-21T13:38:50+00:00\" \/>\n<meta property=\"article:modified_time\" content=\"2025-03-27T06:40:33+00:00\" \/>\n<meta property=\"og:image\" content=\"https:\/\/www.camaeleon.org\/wp-content\/uploads\/2025\/03\/36832079-1056-44d4-8239-b288a3538db5-Kopie.jpg\" \/>\n\t<meta property=\"og:image:width\" content=\"1792\" \/>\n\t<meta property=\"og:image:height\" content=\"1024\" \/>\n\t<meta property=\"og:image:type\" content=\"image\/jpeg\" \/>\n<meta name=\"author\" content=\"Julian Bidot\" \/>\n<meta name=\"twitter:card\" content=\"summary_large_image\" \/>\n<meta name=\"twitter:creator\" content=\"@camaeleonOrg\" \/>\n<meta name=\"twitter:site\" content=\"@camaeleonOrg\" \/>\n<script type=\"application\/ld+json\" class=\"yoast-schema-graph\">{\"@context\":\"https:\\\/\\\/schema.org\",\"@graph\":[{\"@type\":\"Article\",\"@id\":\"https:\\\/\\\/www.camaeleon.org\\\/2025\\\/03\\\/21\\\/kuenstliche-intelligenz-am-dfg-das-steiger-ki-projekt\\\/#article\",\"isPartOf\":{\"@id\":\"https:\\\/\\\/www.camaeleon.org\\\/2025\\\/03\\\/21\\\/kuenstliche-intelligenz-am-dfg-das-steiger-ki-projekt\\\/\"},\"author\":{\"name\":\"Julian Bidot\",\"@id\":\"https:\\\/\\\/www.camaeleon.org\\\/de\\\/#\\\/schema\\\/person\\\/4df212263ca8d70a0a60b3cdf9cb792e\"},\"headline\":\"K\u00fcnstliche Intelligenz am DFG: Das &#8222;Steiger-KI&#8220;-Projekt\",\"datePublished\":\"2025-03-21T13:38:50+00:00\",\"dateModified\":\"2025-03-27T06:40:33+00:00\",\"mainEntityOfPage\":{\"@id\":\"https:\\\/\\\/www.camaeleon.org\\\/2025\\\/03\\\/21\\\/kuenstliche-intelligenz-am-dfg-das-steiger-ki-projekt\\\/\"},\"wordCount\":248,\"commentCount\":0,\"publisher\":{\"@id\":\"https:\\\/\\\/www.camaeleon.org\\\/de\\\/#organization\"},\"image\":{\"@id\":\"https:\\\/\\\/www.camaeleon.org\\\/2025\\\/03\\\/21\\\/kuenstliche-intelligenz-am-dfg-das-steiger-ki-projekt\\\/#primaryimage\"},\"thumbnailUrl\":\"https:\\\/\\\/www.camaeleon.org\\\/wp-content\\\/uploads\\\/2025\\\/03\\\/36832079-1056-44d4-8239-b288a3538db5-Kopie.jpg\",\"keywords\":[\"Alexander K\u00f6nig\",\"Digitalisierung\",\"Dr. Thomas Hemmerling\",\"Herr K\u00f6nig\",\"KI\",\"K\u00fcnstliche Intelligenz\",\"M. Nahon\",\"P\u00e4dagogik\",\"Steiger-KI\",\"Video\"],\"articleSection\":[\"Schule\",\"Internet\",\"Digital\",\"Video\"],\"inLanguage\":\"de\",\"potentialAction\":[{\"@type\":\"CommentAction\",\"name\":\"Comment\",\"target\":[\"https:\\\/\\\/www.camaeleon.org\\\/2025\\\/03\\\/21\\\/kuenstliche-intelligenz-am-dfg-das-steiger-ki-projekt\\\/#respond\"]}]},{\"@type\":\"WebPage\",\"@id\":\"https:\\\/\\\/www.camaeleon.org\\\/de\\\/2025\\\/03\\\/21\\\/kuenstliche-intelligenz-am-dfg-das-steiger-ki-projekt\\\/\",\"url\":\"https:\\\/\\\/www.camaeleon.org\\\/de\\\/2025\\\/03\\\/21\\\/kuenstliche-intelligenz-am-dfg-das-steiger-ki-projekt\\\/\",\"name\":\"K\u00fcnstliche Intelligenz am DFG: Das \\\"Steiger-KI\\\"-Projekt - Cam\u00e4l\u00e9on\",\"isPartOf\":{\"@id\":\"https:\\\/\\\/www.camaeleon.org\\\/de\\\/#website\"},\"primaryImageOfPage\":{\"@id\":\"https:\\\/\\\/www.camaeleon.org\\\/de\\\/2025\\\/03\\\/21\\\/kuenstliche-intelligenz-am-dfg-das-steiger-ki-projekt\\\/#primaryimage\"},\"image\":{\"@id\":\"https:\\\/\\\/www.camaeleon.org\\\/2025\\\/03\\\/21\\\/kuenstliche-intelligenz-am-dfg-das-steiger-ki-projekt\\\/#primaryimage\"},\"thumbnailUrl\":\"https:\\\/\\\/www.camaeleon.org\\\/wp-content\\\/uploads\\\/2025\\\/03\\\/36832079-1056-44d4-8239-b288a3538db5-Kopie.jpg\",\"datePublished\":\"2025-03-21T13:38:50+00:00\",\"dateModified\":\"2025-03-27T06:40:33+00:00\",\"description\":\"Aus dem t\u00e4glichen Leben ist KI nicht mehr wegzudenken. Prof. Hemmerling von der McGill University hat daher den Wettbewerb \\\"Steiger-KI\\\" ins Leben gerufen.\",\"breadcrumb\":{\"@id\":\"https:\\\/\\\/www.camaeleon.org\\\/de\\\/2025\\\/03\\\/21\\\/kuenstliche-intelligenz-am-dfg-das-steiger-ki-projekt\\\/#breadcrumb\"},\"inLanguage\":\"de\",\"potentialAction\":[{\"@type\":\"ReadAction\",\"target\":[[\"https:\\\/\\\/www.camaeleon.org\\\/de\\\/2025\\\/03\\\/21\\\/kuenstliche-intelligenz-am-dfg-das-steiger-ki-projekt\\\/\"]]}]},{\"@type\":\"ImageObject\",\"inLanguage\":\"de\",\"@id\":\"https:\\\/\\\/www.camaeleon.org\\\/de\\\/2025\\\/03\\\/21\\\/kuenstliche-intelligenz-am-dfg-das-steiger-ki-projekt\\\/#primaryimage\",\"url\":\"https:\\\/\\\/www.camaeleon.org\\\/wp-content\\\/uploads\\\/2025\\\/03\\\/36832079-1056-44d4-8239-b288a3538db5-Kopie.jpg\",\"contentUrl\":\"https:\\\/\\\/www.camaeleon.org\\\/wp-content\\\/uploads\\\/2025\\\/03\\\/36832079-1056-44d4-8239-b288a3538db5-Kopie.jpg\",\"width\":1792,\"height\":1024},{\"@type\":\"BreadcrumbList\",\"@id\":\"https:\\\/\\\/www.camaeleon.org\\\/de\\\/2025\\\/03\\\/21\\\/kuenstliche-intelligenz-am-dfg-das-steiger-ki-projekt\\\/#breadcrumb\",\"itemListElement\":[{\"@type\":\"ListItem\",\"position\":1,\"name\":\"Home\",\"item\":\"https:\\\/\\\/www.camaeleon.org\\\/de\\\/\"},{\"@type\":\"ListItem\",\"position\":2,\"name\":\"K\u00fcnstliche Intelligenz am DFG: Das &#8222;Steiger-KI&#8220;-Projekt\"}]},{\"@type\":\"WebSite\",\"@id\":\"https:\\\/\\\/www.camaeleon.org\\\/de\\\/#website\",\"url\":\"https:\\\/\\\/www.camaeleon.org\\\/de\\\/\",\"name\":\"Cam\u00e4l\u00e9on\",\"description\":\"Das Sch\u00fclermagazin des Deutsch-Franz\u00f6sischen Gymnasiums Saarbr\u00fccken\",\"publisher\":{\"@id\":\"https:\\\/\\\/www.camaeleon.org\\\/de\\\/#organization\"},\"potentialAction\":[{\"@type\":\"SearchAction\",\"target\":{\"@type\":\"EntryPoint\",\"urlTemplate\":\"https:\\\/\\\/www.camaeleon.org\\\/de\\\/?s={search_term_string}\"},\"query-input\":{\"@type\":\"PropertyValueSpecification\",\"valueRequired\":true,\"valueName\":\"search_term_string\"}}],\"inLanguage\":\"de\"},{\"@type\":\"Organization\",\"@id\":\"https:\\\/\\\/www.camaeleon.org\\\/de\\\/#organization\",\"name\":\"Cam\u00e4l\u00e9on\",\"url\":\"https:\\\/\\\/www.camaeleon.org\\\/de\\\/\",\"logo\":{\"@type\":\"ImageObject\",\"inLanguage\":\"de\",\"@id\":\"https:\\\/\\\/www.camaeleon.org\\\/de\\\/#\\\/schema\\\/logo\\\/image\\\/\",\"url\":\"https:\\\/\\\/www.camaeleon.org\\\/wp-content\\\/uploads\\\/2011\\\/11\\\/CAM\u00c4LEON.jpg\",\"contentUrl\":\"https:\\\/\\\/www.camaeleon.org\\\/wp-content\\\/uploads\\\/2011\\\/11\\\/CAM\u00c4LEON.jpg\",\"width\":959,\"height\":959,\"caption\":\"Cam\u00e4l\u00e9on\"},\"image\":{\"@id\":\"https:\\\/\\\/www.camaeleon.org\\\/de\\\/#\\\/schema\\\/logo\\\/image\\\/\"},\"sameAs\":[\"https:\\\/\\\/www.facebook.com\\\/camaeleon.org\\\/\",\"https:\\\/\\\/x.com\\\/camaeleonOrg\",\"https:\\\/\\\/www.instagram.com\\\/camaeleon.dfg\\\/\",\"https:\\\/\\\/www.youtube.com\\\/channel\\\/UCl3TAUDdGuu_c7CD6ax6hYg\"]},{\"@type\":\"Person\",\"@id\":\"https:\\\/\\\/www.camaeleon.org\\\/de\\\/#\\\/schema\\\/person\\\/4df212263ca8d70a0a60b3cdf9cb792e\",\"name\":\"Julian Bidot\",\"image\":{\"@type\":\"ImageObject\",\"inLanguage\":\"de\",\"@id\":\"https:\\\/\\\/www.camaeleon.org\\\/de\\\/wp-content\\\/uploads\\\/2020\\\/12\\\/julian.jpgeeb77fb6f9ba90c8300a9123a3909722\",\"url\":\"https:\\\/\\\/www.camaeleon.org\\\/wp-content\\\/uploads\\\/2020\\\/12\\\/julian.jpg\",\"contentUrl\":\"https:\\\/\\\/www.camaeleon.org\\\/wp-content\\\/uploads\\\/2020\\\/12\\\/julian.jpg\",\"caption\":\"Julian Bidot\"},\"description\":\"Hallo! Ich bin Julian und 18 Jahre alt. Seit 2020 bin ich bei Cam\u00e4l\u00e9on aktiv. Gerade Politik interessiert mich sehr; aber auch Ver\u00e4nderungen an unserer Schule bzw. in der Region. Mittlerweile gehe ich in die TL. Schreibt mir gerne Kommentare oder eine Mail! Viel Spa\u00df auf Cam\u00e4l\u00e9on!\",\"url\":\"https:\\\/\\\/www.camaeleon.org\\\/de\\\/author\\\/julian-bidot\\\/\"}]}<\/script>\n<!-- \/ Yoast SEO plugin. -->","yoast_head_json":{"title":"K\u00fcnstliche Intelligenz am DFG: Das \"Steiger-KI\"-Projekt - Cam\u00e4l\u00e9on","description":"Aus dem t\u00e4glichen Leben ist KI nicht mehr wegzudenken. Prof. Hemmerling von der McGill University hat daher den Wettbewerb \"Steiger-KI\" ins Leben gerufen.","robots":{"index":"index","follow":"follow","max-snippet":"max-snippet:-1","max-image-preview":"max-image-preview:large","max-video-preview":"max-video-preview:-1"},"canonical":"https:\/\/www.camaeleon.org\/de\/2025\/03\/21\/kuenstliche-intelligenz-am-dfg-das-steiger-ki-projekt\/","og_locale":"de_DE","og_type":"article","og_title":"K\u00fcnstliche Intelligenz am DFG: Das \"Steiger-KI\"-Projekt - Cam\u00e4l\u00e9on","og_description":"Aus dem t\u00e4glichen Leben ist KI nicht mehr wegzudenken. Prof. Hemmerling von der McGill University hat daher den Wettbewerb \"Steiger-KI\" ins Leben gerufen.","og_url":"https:\/\/www.camaeleon.org\/de\/2025\/03\/21\/kuenstliche-intelligenz-am-dfg-das-steiger-ki-projekt\/","og_site_name":"Cam\u00e4l\u00e9on","article_publisher":"https:\/\/www.facebook.com\/camaeleon.org\/","article_published_time":"2025-03-21T13:38:50+00:00","article_modified_time":"2025-03-27T06:40:33+00:00","og_image":[{"width":1792,"height":1024,"url":"https:\/\/www.camaeleon.org\/wp-content\/uploads\/2025\/03\/36832079-1056-44d4-8239-b288a3538db5-Kopie.jpg","type":"image\/jpeg"}],"author":"Julian Bidot","twitter_card":"summary_large_image","twitter_creator":"@camaeleonOrg","twitter_site":"@camaeleonOrg","schema":{"@context":"https:\/\/schema.org","@graph":[{"@type":"Article","@id":"https:\/\/www.camaeleon.org\/2025\/03\/21\/kuenstliche-intelligenz-am-dfg-das-steiger-ki-projekt\/#article","isPartOf":{"@id":"https:\/\/www.camaeleon.org\/2025\/03\/21\/kuenstliche-intelligenz-am-dfg-das-steiger-ki-projekt\/"},"author":{"name":"Julian Bidot","@id":"https:\/\/www.camaeleon.org\/de\/#\/schema\/person\/4df212263ca8d70a0a60b3cdf9cb792e"},"headline":"K\u00fcnstliche Intelligenz am DFG: Das &#8222;Steiger-KI&#8220;-Projekt","datePublished":"2025-03-21T13:38:50+00:00","dateModified":"2025-03-27T06:40:33+00:00","mainEntityOfPage":{"@id":"https:\/\/www.camaeleon.org\/2025\/03\/21\/kuenstliche-intelligenz-am-dfg-das-steiger-ki-projekt\/"},"wordCount":248,"commentCount":0,"publisher":{"@id":"https:\/\/www.camaeleon.org\/de\/#organization"},"image":{"@id":"https:\/\/www.camaeleon.org\/2025\/03\/21\/kuenstliche-intelligenz-am-dfg-das-steiger-ki-projekt\/#primaryimage"},"thumbnailUrl":"https:\/\/www.camaeleon.org\/wp-content\/uploads\/2025\/03\/36832079-1056-44d4-8239-b288a3538db5-Kopie.jpg","keywords":["Alexander K\u00f6nig","Digitalisierung","Dr. Thomas Hemmerling","Herr K\u00f6nig","KI","K\u00fcnstliche Intelligenz","M. Nahon","P\u00e4dagogik","Steiger-KI","Video"],"articleSection":["Schule","Internet","Digital","Video"],"inLanguage":"de","potentialAction":[{"@type":"CommentAction","name":"Comment","target":["https:\/\/www.camaeleon.org\/2025\/03\/21\/kuenstliche-intelligenz-am-dfg-das-steiger-ki-projekt\/#respond"]}]},{"@type":"WebPage","@id":"https:\/\/www.camaeleon.org\/de\/2025\/03\/21\/kuenstliche-intelligenz-am-dfg-das-steiger-ki-projekt\/","url":"https:\/\/www.camaeleon.org\/de\/2025\/03\/21\/kuenstliche-intelligenz-am-dfg-das-steiger-ki-projekt\/","name":"K\u00fcnstliche Intelligenz am DFG: Das \"Steiger-KI\"-Projekt - Cam\u00e4l\u00e9on","isPartOf":{"@id":"https:\/\/www.camaeleon.org\/de\/#website"},"primaryImageOfPage":{"@id":"https:\/\/www.camaeleon.org\/de\/2025\/03\/21\/kuenstliche-intelligenz-am-dfg-das-steiger-ki-projekt\/#primaryimage"},"image":{"@id":"https:\/\/www.camaeleon.org\/2025\/03\/21\/kuenstliche-intelligenz-am-dfg-das-steiger-ki-projekt\/#primaryimage"},"thumbnailUrl":"https:\/\/www.camaeleon.org\/wp-content\/uploads\/2025\/03\/36832079-1056-44d4-8239-b288a3538db5-Kopie.jpg","datePublished":"2025-03-21T13:38:50+00:00","dateModified":"2025-03-27T06:40:33+00:00","description":"Aus dem t\u00e4glichen Leben ist KI nicht mehr wegzudenken. Prof. Hemmerling von der McGill University hat daher den Wettbewerb \"Steiger-KI\" ins Leben gerufen.","breadcrumb":{"@id":"https:\/\/www.camaeleon.org\/de\/2025\/03\/21\/kuenstliche-intelligenz-am-dfg-das-steiger-ki-projekt\/#breadcrumb"},"inLanguage":"de","potentialAction":[{"@type":"ReadAction","target":[["https:\/\/www.camaeleon.org\/de\/2025\/03\/21\/kuenstliche-intelligenz-am-dfg-das-steiger-ki-projekt\/"]]}]},{"@type":"ImageObject","inLanguage":"de","@id":"https:\/\/www.camaeleon.org\/de\/2025\/03\/21\/kuenstliche-intelligenz-am-dfg-das-steiger-ki-projekt\/#primaryimage","url":"https:\/\/www.camaeleon.org\/wp-content\/uploads\/2025\/03\/36832079-1056-44d4-8239-b288a3538db5-Kopie.jpg","contentUrl":"https:\/\/www.camaeleon.org\/wp-content\/uploads\/2025\/03\/36832079-1056-44d4-8239-b288a3538db5-Kopie.jpg","width":1792,"height":1024},{"@type":"BreadcrumbList","@id":"https:\/\/www.camaeleon.org\/de\/2025\/03\/21\/kuenstliche-intelligenz-am-dfg-das-steiger-ki-projekt\/#breadcrumb","itemListElement":[{"@type":"ListItem","position":1,"name":"Home","item":"https:\/\/www.camaeleon.org\/de\/"},{"@type":"ListItem","position":2,"name":"K\u00fcnstliche Intelligenz am DFG: Das &#8222;Steiger-KI&#8220;-Projekt"}]},{"@type":"WebSite","@id":"https:\/\/www.camaeleon.org\/de\/#website","url":"https:\/\/www.camaeleon.org\/de\/","name":"Cam\u00e4l\u00e9on","description":"Das Sch\u00fclermagazin des Deutsch-Franz\u00f6sischen Gymnasiums Saarbr\u00fccken","publisher":{"@id":"https:\/\/www.camaeleon.org\/de\/#organization"},"potentialAction":[{"@type":"SearchAction","target":{"@type":"EntryPoint","urlTemplate":"https:\/\/www.camaeleon.org\/de\/?s={search_term_string}"},"query-input":{"@type":"PropertyValueSpecification","valueRequired":true,"valueName":"search_term_string"}}],"inLanguage":"de"},{"@type":"Organization","@id":"https:\/\/www.camaeleon.org\/de\/#organization","name":"Cam\u00e4l\u00e9on","url":"https:\/\/www.camaeleon.org\/de\/","logo":{"@type":"ImageObject","inLanguage":"de","@id":"https:\/\/www.camaeleon.org\/de\/#\/schema\/logo\/image\/","url":"https:\/\/www.camaeleon.org\/wp-content\/uploads\/2011\/11\/CAM\u00c4LEON.jpg","contentUrl":"https:\/\/www.camaeleon.org\/wp-content\/uploads\/2011\/11\/CAM\u00c4LEON.jpg","width":959,"height":959,"caption":"Cam\u00e4l\u00e9on"},"image":{"@id":"https:\/\/www.camaeleon.org\/de\/#\/schema\/logo\/image\/"},"sameAs":["https:\/\/www.facebook.com\/camaeleon.org\/","https:\/\/x.com\/camaeleonOrg","https:\/\/www.instagram.com\/camaeleon.dfg\/","https:\/\/www.youtube.com\/channel\/UCl3TAUDdGuu_c7CD6ax6hYg"]},{"@type":"Person","@id":"https:\/\/www.camaeleon.org\/de\/#\/schema\/person\/4df212263ca8d70a0a60b3cdf9cb792e","name":"Julian Bidot","image":{"@type":"ImageObject","inLanguage":"de","@id":"https:\/\/www.camaeleon.org\/de\/wp-content\/uploads\/2020\/12\/julian.jpgeeb77fb6f9ba90c8300a9123a3909722","url":"https:\/\/www.camaeleon.org\/wp-content\/uploads\/2020\/12\/julian.jpg","contentUrl":"https:\/\/www.camaeleon.org\/wp-content\/uploads\/2020\/12\/julian.jpg","caption":"Julian Bidot"},"description":"Hallo! Ich bin Julian und 18 Jahre alt. Seit 2020 bin ich bei Cam\u00e4l\u00e9on aktiv. Gerade Politik interessiert mich sehr; aber auch Ver\u00e4nderungen an unserer Schule bzw. in der Region. Mittlerweile gehe ich in die TL. Schreibt mir gerne Kommentare oder eine Mail! Viel Spa\u00df auf Cam\u00e4l\u00e9on!","url":"https:\/\/www.camaeleon.org\/de\/author\/julian-bidot\/"}]}},"_links":{"self":[{"href":"https:\/\/www.camaeleon.org\/de\/wp-json\/wp\/v2\/posts\/32184","targetHints":{"allow":["GET"]}}],"collection":[{"href":"https:\/\/www.camaeleon.org\/de\/wp-json\/wp\/v2\/posts"}],"about":[{"href":"https:\/\/www.camaeleon.org\/de\/wp-json\/wp\/v2\/types\/post"}],"author":[{"embeddable":true,"href":"https:\/\/www.camaeleon.org\/de\/wp-json\/wp\/v2\/users\/143"}],"replies":[{"embeddable":true,"href":"https:\/\/www.camaeleon.org\/de\/wp-json\/wp\/v2\/comments?post=32184"}],"version-history":[{"count":10,"href":"https:\/\/www.camaeleon.org\/de\/wp-json\/wp\/v2\/posts\/32184\/revisions"}],"predecessor-version":[{"id":32209,"href":"https:\/\/www.camaeleon.org\/de\/wp-json\/wp\/v2\/posts\/32184\/revisions\/32209"}],"wp:featuredmedia":[{"embeddable":true,"href":"https:\/\/www.camaeleon.org\/de\/wp-json\/wp\/v2\/media\/32186"}],"wp:attachment":[{"href":"https:\/\/www.camaeleon.org\/de\/wp-json\/wp\/v2\/media?parent=32184"}],"wp:term":[{"taxonomy":"category","embeddable":true,"href":"https:\/\/www.camaeleon.org\/de\/wp-json\/wp\/v2\/categories?post=32184"},{"taxonomy":"post_tag","embeddable":true,"href":"https:\/\/www.camaeleon.org\/de\/wp-json\/wp\/v2\/tags?post=32184"},{"taxonomy":"author","embeddable":true,"href":"https:\/\/www.camaeleon.org\/de\/wp-json\/wp\/v2\/coauthors?post=32184"}],"curies":[{"name":"wp","href":"https:\/\/api.w.org\/{rel}","templated":true}]}}