{"id":32149,"date":"2025-12-27T15:18:19","date_gmt":"2025-12-27T14:18:19","guid":{"rendered":"https:\/\/www.camaeleon.org\/?p=32149"},"modified":"2026-02-24T19:22:37","modified_gmt":"2026-02-24T18:22:37","slug":"une-capitale-culturelle-europeenne-savez-vous-ce-que-cest","status":"publish","type":"post","link":"https:\/\/www.camaeleon.org\/de\/2025\/12\/27\/une-capitale-culturelle-europeenne-savez-vous-ce-que-cest\/","title":{"rendered":"Eine Kulturhauptstadt Europas: Was ist das eigentlich genau?"},"content":{"rendered":"<p><figure id=\"attachment_33503\" aria-describedby=\"caption-attachment-33503\" style=\"width: 326px\" class=\"wp-caption alignright\"><img loading=\"lazy\" decoding=\"async\" class=\"wp-image-33503\" src=\"https:\/\/www.camaeleon.org\/wp-content\/uploads\/2026\/01\/26_Chemnitz-2025_Eroffnungsshow_Foto_Christian-Nopper_1-300x200.jpg\" alt=\"\" width=\"326\" height=\"217\" srcset=\"https:\/\/www.camaeleon.org\/wp-content\/uploads\/2026\/01\/26_Chemnitz-2025_Eroffnungsshow_Foto_Christian-Nopper_1-300x200.jpg 300w, https:\/\/www.camaeleon.org\/wp-content\/uploads\/2026\/01\/26_Chemnitz-2025_Eroffnungsshow_Foto_Christian-Nopper_1-880x587.jpg 880w, https:\/\/www.camaeleon.org\/wp-content\/uploads\/2026\/01\/26_Chemnitz-2025_Eroffnungsshow_Foto_Christian-Nopper_1-1536x1024.jpg 1536w, https:\/\/www.camaeleon.org\/wp-content\/uploads\/2026\/01\/26_Chemnitz-2025_Eroffnungsshow_Foto_Christian-Nopper_1-2048x1365.jpg 2048w\" sizes=\"auto, (max-width: 326px) 100vw, 326px\" \/><figcaption id=\"caption-attachment-33503\" class=\"wp-caption-text\">Chemnitz 2025 &#8211; Er\u00f6ffnungsshow (Photo : <a href=\"https:\/\/chemnitz2025.de\">Christian Nopper<\/a>)<\/figcaption><\/figure><\/p>\n<p>Habt ihr schon einmal von den Kulturhauptst\u00e4dten Europas geh\u00f6rt? Wahrscheinlich nicht! Tats\u00e4chlich wissen die meisten Sch\u00fcler nicht, dass bestimmte St\u00e4dte daf\u00fcr ausgew\u00e4hlt werden.<\/p>\n<p>In diesem Jahr sind es Nova Gorica in Slowenien und Chemnitz in Deutschland.<\/p>\n<p>N\u00e4chstes Jahr, 2026, sind es Oulu in Finnland und Tren\u010d\u00edn in der Slowakei, die beide 2021 ausgew\u00e4hlt wurden. Die europ\u00e4ischen Kulturhauptst\u00e4dte werden n\u00e4mlich 4 bis 5 Jahre im Voraus bestimmt, da dies f\u00fcr die Verwaltung von Budgets in H\u00f6he von mehreren zehn Millionen Euro erforderlich ist. Oulu 2026 verf\u00fcgt beispielsweise \u00fcber ein Budget von rund 50 Millionen Euro.<\/p>\n<p>Aber wie bereiten sich diese europ\u00e4ischen Kulturhauptst\u00e4dte auf ein solches Ereignis vor? Welche Vorteile haben sie davon? Wie schaffen sie es, ihre Infrastruktur in ihre Stadtplanung zu integrieren? Um diese und viele andere Fragen zu beantworten, hat Cam\u00e4l\u00e9on eine Reportage \u00fcber Chemnitz 2025 gedreht.<\/p>\n<p>Viel Spa\u00df beim Anschauen!<\/p>\n<p>https:\/\/youtu.be\/u17PWCLfPEA<\/p>","protected":false},"excerpt":{"rendered":"<p>Habt ihr schon einmal von den Kulturhauptst\u00e4dten Europas geh\u00f6rt? Wahrscheinlich nicht! Tats\u00e4chlich wissen die meisten Sch\u00fcler nicht, dass bestimmte St\u00e4dte daf\u00fcr ausgew\u00e4hlt werden. In diesem<\/p>\n","protected":false},"author":174,"featured_media":33503,"comment_status":"open","ping_status":"closed","sticky":false,"template":"","format":"standard","meta":{"colormag_page_container_layout":"default_layout","colormag_page_sidebar_layout":"default_layout","footnotes":""},"categories":[8],"tags":[2711,891,2712,2723],"coauthors":[2249],"class_list":["post-32149","post","type-post","status-publish","format-standard","has-post-thumbnail","hentry","category-culture","tag-capitale-europeenne-de-la-culture","tag-chemnitz","tag-chemnitz-25","tag-kulturhauptstadt"],"yoast_head":"<!-- This site is optimized with the Yoast SEO plugin v27.5 - https:\/\/yoast.com\/product\/yoast-seo-wordpress\/ -->\n<title>Eine Kulturhauptstadt Europas: Was ist das eigentlich genau? - Cam\u00e4l\u00e9on<\/title>\n<meta name=\"description\" content=\"Oulu, Tren\u010d\u00edn, Chemnitz\u2026 Qu\u2019est-ce qu\u2019une capitale europ\u00e9enne de la culture ? A travers l&#039;exemple de Chemnitz 2025, d\u00e9couvrez comment les villes sont choisies, se pr\u00e9parent et ce qu\u2019elles y gagnent.\" \/>\n<meta name=\"robots\" content=\"index, follow, max-snippet:-1, max-image-preview:large, max-video-preview:-1\" \/>\n<link rel=\"canonical\" href=\"https:\/\/www.camaeleon.org\/de\/2025\/12\/27\/une-capitale-culturelle-europeenne-savez-vous-ce-que-cest\/\" \/>\n<meta property=\"og:locale\" content=\"de_DE\" \/>\n<meta property=\"og:type\" content=\"article\" \/>\n<meta property=\"og:title\" content=\"Eine Kulturhauptstadt Europas: Was ist das eigentlich genau? - Cam\u00e4l\u00e9on\" \/>\n<meta property=\"og:description\" content=\"Oulu, Tren\u010d\u00edn, Chemnitz\u2026 Qu\u2019est-ce qu\u2019une capitale europ\u00e9enne de la culture ? A travers l&#039;exemple de Chemnitz 2025, d\u00e9couvrez comment les villes sont choisies, se pr\u00e9parent et ce qu\u2019elles y gagnent.\" \/>\n<meta property=\"og:url\" content=\"https:\/\/www.camaeleon.org\/de\/2025\/12\/27\/une-capitale-culturelle-europeenne-savez-vous-ce-que-cest\/\" \/>\n<meta property=\"og:site_name\" content=\"Cam\u00e4l\u00e9on\" \/>\n<meta property=\"article:publisher\" content=\"https:\/\/www.facebook.com\/camaeleon.org\/\" \/>\n<meta property=\"article:published_time\" content=\"2025-12-27T14:18:19+00:00\" \/>\n<meta property=\"article:modified_time\" content=\"2026-02-24T18:22:37+00:00\" \/>\n<meta property=\"og:image\" content=\"https:\/\/www.camaeleon.org\/wp-content\/uploads\/2026\/01\/26_Chemnitz-2025_Eroffnungsshow_Foto_Christian-Nopper_1-scaled.jpg\" \/>\n\t<meta property=\"og:image:width\" content=\"2560\" \/>\n\t<meta property=\"og:image:height\" content=\"1707\" \/>\n\t<meta property=\"og:image:type\" content=\"image\/jpeg\" \/>\n<meta name=\"author\" content=\"Louis Huff-Andr\u00e9\" \/>\n<meta name=\"twitter:card\" content=\"summary_large_image\" \/>\n<meta name=\"twitter:creator\" content=\"@camaeleonOrg\" \/>\n<meta name=\"twitter:site\" content=\"@camaeleonOrg\" \/>\n<script type=\"application\/ld+json\" class=\"yoast-schema-graph\">{\"@context\":\"https:\\\/\\\/schema.org\",\"@graph\":[{\"@type\":\"Article\",\"@id\":\"https:\\\/\\\/www.camaeleon.org\\\/2025\\\/12\\\/27\\\/une-capitale-culturelle-europeenne-savez-vous-ce-que-cest\\\/#article\",\"isPartOf\":{\"@id\":\"https:\\\/\\\/www.camaeleon.org\\\/2025\\\/12\\\/27\\\/une-capitale-culturelle-europeenne-savez-vous-ce-que-cest\\\/\"},\"author\":{\"name\":\"Louis Huff-Andr\u00e9\",\"@id\":\"https:\\\/\\\/www.camaeleon.org\\\/de\\\/#\\\/schema\\\/person\\\/cd46c7f8b1d7fe75eff89acdafc86cdd\"},\"headline\":\"Eine Kulturhauptstadt Europas: Was ist das eigentlich genau?\",\"datePublished\":\"2025-12-27T14:18:19+00:00\",\"dateModified\":\"2026-02-24T18:22:37+00:00\",\"mainEntityOfPage\":{\"@id\":\"https:\\\/\\\/www.camaeleon.org\\\/2025\\\/12\\\/27\\\/une-capitale-culturelle-europeenne-savez-vous-ce-que-cest\\\/\"},\"wordCount\":590,\"commentCount\":0,\"publisher\":{\"@id\":\"https:\\\/\\\/www.camaeleon.org\\\/de\\\/#organization\"},\"image\":{\"@id\":\"https:\\\/\\\/www.camaeleon.org\\\/2025\\\/12\\\/27\\\/une-capitale-culturelle-europeenne-savez-vous-ce-que-cest\\\/#primaryimage\"},\"thumbnailUrl\":\"https:\\\/\\\/www.camaeleon.org\\\/wp-content\\\/uploads\\\/2026\\\/01\\\/26_Chemnitz-2025_Eroffnungsshow_Foto_Christian-Nopper_1-scaled.jpg\",\"keywords\":[\"Capitale europ\u00e9enne de la culture\",\"Chemnitz\",\"Chemnitz 25\",\"Kulturhauptstadt\"],\"articleSection\":[\"Kultur\"],\"inLanguage\":\"de\",\"potentialAction\":[{\"@type\":\"CommentAction\",\"name\":\"Comment\",\"target\":[\"https:\\\/\\\/www.camaeleon.org\\\/2025\\\/12\\\/27\\\/une-capitale-culturelle-europeenne-savez-vous-ce-que-cest\\\/#respond\"]}]},{\"@type\":\"WebPage\",\"@id\":\"https:\\\/\\\/www.camaeleon.org\\\/de\\\/2025\\\/12\\\/27\\\/une-capitale-culturelle-europeenne-savez-vous-ce-que-cest\\\/\",\"url\":\"https:\\\/\\\/www.camaeleon.org\\\/de\\\/2025\\\/12\\\/27\\\/une-capitale-culturelle-europeenne-savez-vous-ce-que-cest\\\/\",\"name\":\"Eine Kulturhauptstadt Europas: Was ist das eigentlich genau? - Cam\u00e4l\u00e9on\",\"isPartOf\":{\"@id\":\"https:\\\/\\\/www.camaeleon.org\\\/de\\\/#website\"},\"primaryImageOfPage\":{\"@id\":\"https:\\\/\\\/www.camaeleon.org\\\/de\\\/2025\\\/12\\\/27\\\/une-capitale-culturelle-europeenne-savez-vous-ce-que-cest\\\/#primaryimage\"},\"image\":{\"@id\":\"https:\\\/\\\/www.camaeleon.org\\\/2025\\\/12\\\/27\\\/une-capitale-culturelle-europeenne-savez-vous-ce-que-cest\\\/#primaryimage\"},\"thumbnailUrl\":\"https:\\\/\\\/www.camaeleon.org\\\/wp-content\\\/uploads\\\/2026\\\/01\\\/26_Chemnitz-2025_Eroffnungsshow_Foto_Christian-Nopper_1-scaled.jpg\",\"datePublished\":\"2025-12-27T14:18:19+00:00\",\"dateModified\":\"2026-02-24T18:22:37+00:00\",\"description\":\"Oulu, Tren\u010d\u00edn, Chemnitz\u2026 Qu\u2019est-ce qu\u2019une capitale europ\u00e9enne de la culture ? A travers l'exemple de Chemnitz 2025, d\u00e9couvrez comment les villes sont choisies, se pr\u00e9parent et ce qu\u2019elles y gagnent.\",\"breadcrumb\":{\"@id\":\"https:\\\/\\\/www.camaeleon.org\\\/de\\\/2025\\\/12\\\/27\\\/une-capitale-culturelle-europeenne-savez-vous-ce-que-cest\\\/#breadcrumb\"},\"inLanguage\":\"de\",\"potentialAction\":[{\"@type\":\"ReadAction\",\"target\":[[\"https:\\\/\\\/www.camaeleon.org\\\/de\\\/2025\\\/12\\\/27\\\/une-capitale-culturelle-europeenne-savez-vous-ce-que-cest\\\/\"]]}]},{\"@type\":\"ImageObject\",\"inLanguage\":\"de\",\"@id\":\"https:\\\/\\\/www.camaeleon.org\\\/de\\\/2025\\\/12\\\/27\\\/une-capitale-culturelle-europeenne-savez-vous-ce-que-cest\\\/#primaryimage\",\"url\":\"https:\\\/\\\/www.camaeleon.org\\\/wp-content\\\/uploads\\\/2026\\\/01\\\/26_Chemnitz-2025_Eroffnungsshow_Foto_Christian-Nopper_1-scaled.jpg\",\"contentUrl\":\"https:\\\/\\\/www.camaeleon.org\\\/wp-content\\\/uploads\\\/2026\\\/01\\\/26_Chemnitz-2025_Eroffnungsshow_Foto_Christian-Nopper_1-scaled.jpg\",\"width\":2560,\"height\":1707,\"caption\":\"26_Chemnitz 2025_Er\u00f6ffnungsshow_Foto_Christian Nopper_1 https:\\\/\\\/chemnitz2025gmbh.sharepoint.com\\\/sites\\\/EXTERN\\\/Freigegebene%20Dokumente\\\/Forms\\\/AllItems.aspx?id=%2Fsites%2FEXTERN%2FFreigegebene%20Dokumente%2FC2025%5FPresse%2FC2025%5FPresskit%2FPress%20Photos%2FBest%20of%20Chemnitz%202025%2F26%5FChemnitz%202025%5FEr\u00f6ffnungsshow%5FFoto%5FChristian%20Nopper%5F1%2Ejpg&viewid=4184b2d0%2D8a37%2D4a21%2D9a7d%2Dc214b2862f83&parent=%2Fsites%2FEXTERN%2FFreigegebene%20Dokumente%2FC2025%5FPresse%2FC2025%5FPresskit%2FPress%20Photos%2FBest%20of%20Chemnitz%202025\"},{\"@type\":\"BreadcrumbList\",\"@id\":\"https:\\\/\\\/www.camaeleon.org\\\/de\\\/2025\\\/12\\\/27\\\/une-capitale-culturelle-europeenne-savez-vous-ce-que-cest\\\/#breadcrumb\",\"itemListElement\":[{\"@type\":\"ListItem\",\"position\":1,\"name\":\"Home\",\"item\":\"https:\\\/\\\/www.camaeleon.org\\\/de\\\/\"},{\"@type\":\"ListItem\",\"position\":2,\"name\":\"Eine Kulturhauptstadt Europas: Was ist das eigentlich genau?\"}]},{\"@type\":\"WebSite\",\"@id\":\"https:\\\/\\\/www.camaeleon.org\\\/de\\\/#website\",\"url\":\"https:\\\/\\\/www.camaeleon.org\\\/de\\\/\",\"name\":\"Cam\u00e4l\u00e9on\",\"description\":\"Das Sch\u00fclermagazin des Deutsch-Franz\u00f6sischen Gymnasiums Saarbr\u00fccken\",\"publisher\":{\"@id\":\"https:\\\/\\\/www.camaeleon.org\\\/de\\\/#organization\"},\"potentialAction\":[{\"@type\":\"SearchAction\",\"target\":{\"@type\":\"EntryPoint\",\"urlTemplate\":\"https:\\\/\\\/www.camaeleon.org\\\/de\\\/?s={search_term_string}\"},\"query-input\":{\"@type\":\"PropertyValueSpecification\",\"valueRequired\":true,\"valueName\":\"search_term_string\"}}],\"inLanguage\":\"de\"},{\"@type\":\"Organization\",\"@id\":\"https:\\\/\\\/www.camaeleon.org\\\/de\\\/#organization\",\"name\":\"Cam\u00e4l\u00e9on\",\"url\":\"https:\\\/\\\/www.camaeleon.org\\\/de\\\/\",\"logo\":{\"@type\":\"ImageObject\",\"inLanguage\":\"de\",\"@id\":\"https:\\\/\\\/www.camaeleon.org\\\/de\\\/#\\\/schema\\\/logo\\\/image\\\/\",\"url\":\"https:\\\/\\\/www.camaeleon.org\\\/wp-content\\\/uploads\\\/2011\\\/11\\\/CAM\u00c4LEON.jpg\",\"contentUrl\":\"https:\\\/\\\/www.camaeleon.org\\\/wp-content\\\/uploads\\\/2011\\\/11\\\/CAM\u00c4LEON.jpg\",\"width\":959,\"height\":959,\"caption\":\"Cam\u00e4l\u00e9on\"},\"image\":{\"@id\":\"https:\\\/\\\/www.camaeleon.org\\\/de\\\/#\\\/schema\\\/logo\\\/image\\\/\"},\"sameAs\":[\"https:\\\/\\\/www.facebook.com\\\/camaeleon.org\\\/\",\"https:\\\/\\\/x.com\\\/camaeleonOrg\",\"https:\\\/\\\/www.instagram.com\\\/camaeleon.dfg\\\/\",\"https:\\\/\\\/www.youtube.com\\\/channel\\\/UCl3TAUDdGuu_c7CD6ax6hYg\"]},{\"@type\":\"Person\",\"@id\":\"https:\\\/\\\/www.camaeleon.org\\\/de\\\/#\\\/schema\\\/person\\\/cd46c7f8b1d7fe75eff89acdafc86cdd\",\"name\":\"Louis Huff-Andr\u00e9\",\"image\":{\"@type\":\"ImageObject\",\"inLanguage\":\"de\",\"@id\":\"https:\\\/\\\/www.camaeleon.org\\\/de\\\/wp-content\\\/uploads\\\/2023\\\/10\\\/andre-150x150.jpg9e7cb8ff4a023d8b2775108b6d99a22d\",\"url\":\"https:\\\/\\\/www.camaeleon.org\\\/wp-content\\\/uploads\\\/2023\\\/10\\\/andre-150x150.jpg\",\"contentUrl\":\"https:\\\/\\\/www.camaeleon.org\\\/wp-content\\\/uploads\\\/2023\\\/10\\\/andre-150x150.jpg\",\"caption\":\"Louis Huff-Andr\u00e9\"},\"description\":\"Hallo, mein Name ist Louis Huff-Andr\u00e9 und ich bin 13 Jahre alt. Ich gehe in die 9S2 und bin seit drei Jahren im Cam\u00e4leon. Ich lese gerne deutsche und franz\u00f6sische Comics und Krimis. Ich h\u00f6re mir auch gerne verschiedene Musikst\u00fccke an und versuche, sie auf dem Klavier zu spielen, wenn sie mir gefallen !\",\"url\":\"https:\\\/\\\/www.camaeleon.org\\\/de\\\/author\\\/louis-huff-andre\\\/\"}]}<\/script>\n<!-- \/ Yoast SEO plugin. -->","yoast_head_json":{"title":"Eine Kulturhauptstadt Europas: Was ist das eigentlich genau? - Cam\u00e4l\u00e9on","description":"Oulu, Tren\u010d\u00edn, Chemnitz\u2026 Qu\u2019est-ce qu\u2019une capitale europ\u00e9enne de la culture ? A travers l'exemple de Chemnitz 2025, d\u00e9couvrez comment les villes sont choisies, se pr\u00e9parent et ce qu\u2019elles y gagnent.","robots":{"index":"index","follow":"follow","max-snippet":"max-snippet:-1","max-image-preview":"max-image-preview:large","max-video-preview":"max-video-preview:-1"},"canonical":"https:\/\/www.camaeleon.org\/de\/2025\/12\/27\/une-capitale-culturelle-europeenne-savez-vous-ce-que-cest\/","og_locale":"de_DE","og_type":"article","og_title":"Eine Kulturhauptstadt Europas: Was ist das eigentlich genau? - Cam\u00e4l\u00e9on","og_description":"Oulu, Tren\u010d\u00edn, Chemnitz\u2026 Qu\u2019est-ce qu\u2019une capitale europ\u00e9enne de la culture ? A travers l'exemple de Chemnitz 2025, d\u00e9couvrez comment les villes sont choisies, se pr\u00e9parent et ce qu\u2019elles y gagnent.","og_url":"https:\/\/www.camaeleon.org\/de\/2025\/12\/27\/une-capitale-culturelle-europeenne-savez-vous-ce-que-cest\/","og_site_name":"Cam\u00e4l\u00e9on","article_publisher":"https:\/\/www.facebook.com\/camaeleon.org\/","article_published_time":"2025-12-27T14:18:19+00:00","article_modified_time":"2026-02-24T18:22:37+00:00","og_image":[{"width":2560,"height":1707,"url":"https:\/\/www.camaeleon.org\/wp-content\/uploads\/2026\/01\/26_Chemnitz-2025_Eroffnungsshow_Foto_Christian-Nopper_1-scaled.jpg","type":"image\/jpeg"}],"author":"Louis Huff-Andr\u00e9","twitter_card":"summary_large_image","twitter_creator":"@camaeleonOrg","twitter_site":"@camaeleonOrg","schema":{"@context":"https:\/\/schema.org","@graph":[{"@type":"Article","@id":"https:\/\/www.camaeleon.org\/2025\/12\/27\/une-capitale-culturelle-europeenne-savez-vous-ce-que-cest\/#article","isPartOf":{"@id":"https:\/\/www.camaeleon.org\/2025\/12\/27\/une-capitale-culturelle-europeenne-savez-vous-ce-que-cest\/"},"author":{"name":"Louis Huff-Andr\u00e9","@id":"https:\/\/www.camaeleon.org\/de\/#\/schema\/person\/cd46c7f8b1d7fe75eff89acdafc86cdd"},"headline":"Eine Kulturhauptstadt Europas: Was ist das eigentlich genau?","datePublished":"2025-12-27T14:18:19+00:00","dateModified":"2026-02-24T18:22:37+00:00","mainEntityOfPage":{"@id":"https:\/\/www.camaeleon.org\/2025\/12\/27\/une-capitale-culturelle-europeenne-savez-vous-ce-que-cest\/"},"wordCount":590,"commentCount":0,"publisher":{"@id":"https:\/\/www.camaeleon.org\/de\/#organization"},"image":{"@id":"https:\/\/www.camaeleon.org\/2025\/12\/27\/une-capitale-culturelle-europeenne-savez-vous-ce-que-cest\/#primaryimage"},"thumbnailUrl":"https:\/\/www.camaeleon.org\/wp-content\/uploads\/2026\/01\/26_Chemnitz-2025_Eroffnungsshow_Foto_Christian-Nopper_1-scaled.jpg","keywords":["Capitale europ\u00e9enne de la culture","Chemnitz","Chemnitz 25","Kulturhauptstadt"],"articleSection":["Kultur"],"inLanguage":"de","potentialAction":[{"@type":"CommentAction","name":"Comment","target":["https:\/\/www.camaeleon.org\/2025\/12\/27\/une-capitale-culturelle-europeenne-savez-vous-ce-que-cest\/#respond"]}]},{"@type":"WebPage","@id":"https:\/\/www.camaeleon.org\/de\/2025\/12\/27\/une-capitale-culturelle-europeenne-savez-vous-ce-que-cest\/","url":"https:\/\/www.camaeleon.org\/de\/2025\/12\/27\/une-capitale-culturelle-europeenne-savez-vous-ce-que-cest\/","name":"Eine Kulturhauptstadt Europas: Was ist das eigentlich genau? - Cam\u00e4l\u00e9on","isPartOf":{"@id":"https:\/\/www.camaeleon.org\/de\/#website"},"primaryImageOfPage":{"@id":"https:\/\/www.camaeleon.org\/de\/2025\/12\/27\/une-capitale-culturelle-europeenne-savez-vous-ce-que-cest\/#primaryimage"},"image":{"@id":"https:\/\/www.camaeleon.org\/2025\/12\/27\/une-capitale-culturelle-europeenne-savez-vous-ce-que-cest\/#primaryimage"},"thumbnailUrl":"https:\/\/www.camaeleon.org\/wp-content\/uploads\/2026\/01\/26_Chemnitz-2025_Eroffnungsshow_Foto_Christian-Nopper_1-scaled.jpg","datePublished":"2025-12-27T14:18:19+00:00","dateModified":"2026-02-24T18:22:37+00:00","description":"Oulu, Tren\u010d\u00edn, Chemnitz\u2026 Qu\u2019est-ce qu\u2019une capitale europ\u00e9enne de la culture ? A travers l'exemple de Chemnitz 2025, d\u00e9couvrez comment les villes sont choisies, se pr\u00e9parent et ce qu\u2019elles y gagnent.","breadcrumb":{"@id":"https:\/\/www.camaeleon.org\/de\/2025\/12\/27\/une-capitale-culturelle-europeenne-savez-vous-ce-que-cest\/#breadcrumb"},"inLanguage":"de","potentialAction":[{"@type":"ReadAction","target":[["https:\/\/www.camaeleon.org\/de\/2025\/12\/27\/une-capitale-culturelle-europeenne-savez-vous-ce-que-cest\/"]]}]},{"@type":"ImageObject","inLanguage":"de","@id":"https:\/\/www.camaeleon.org\/de\/2025\/12\/27\/une-capitale-culturelle-europeenne-savez-vous-ce-que-cest\/#primaryimage","url":"https:\/\/www.camaeleon.org\/wp-content\/uploads\/2026\/01\/26_Chemnitz-2025_Eroffnungsshow_Foto_Christian-Nopper_1-scaled.jpg","contentUrl":"https:\/\/www.camaeleon.org\/wp-content\/uploads\/2026\/01\/26_Chemnitz-2025_Eroffnungsshow_Foto_Christian-Nopper_1-scaled.jpg","width":2560,"height":1707,"caption":"26_Chemnitz 2025_Er\u00f6ffnungsshow_Foto_Christian Nopper_1 https:\/\/chemnitz2025gmbh.sharepoint.com\/sites\/EXTERN\/Freigegebene%20Dokumente\/Forms\/AllItems.aspx?id=%2Fsites%2FEXTERN%2FFreigegebene%20Dokumente%2FC2025%5FPresse%2FC2025%5FPresskit%2FPress%20Photos%2FBest%20of%20Chemnitz%202025%2F26%5FChemnitz%202025%5FEr\u00f6ffnungsshow%5FFoto%5FChristian%20Nopper%5F1%2Ejpg&viewid=4184b2d0%2D8a37%2D4a21%2D9a7d%2Dc214b2862f83&parent=%2Fsites%2FEXTERN%2FFreigegebene%20Dokumente%2FC2025%5FPresse%2FC2025%5FPresskit%2FPress%20Photos%2FBest%20of%20Chemnitz%202025"},{"@type":"BreadcrumbList","@id":"https:\/\/www.camaeleon.org\/de\/2025\/12\/27\/une-capitale-culturelle-europeenne-savez-vous-ce-que-cest\/#breadcrumb","itemListElement":[{"@type":"ListItem","position":1,"name":"Home","item":"https:\/\/www.camaeleon.org\/de\/"},{"@type":"ListItem","position":2,"name":"Eine Kulturhauptstadt Europas: Was ist das eigentlich genau?"}]},{"@type":"WebSite","@id":"https:\/\/www.camaeleon.org\/de\/#website","url":"https:\/\/www.camaeleon.org\/de\/","name":"Cam\u00e4l\u00e9on","description":"Das Sch\u00fclermagazin des Deutsch-Franz\u00f6sischen Gymnasiums Saarbr\u00fccken","publisher":{"@id":"https:\/\/www.camaeleon.org\/de\/#organization"},"potentialAction":[{"@type":"SearchAction","target":{"@type":"EntryPoint","urlTemplate":"https:\/\/www.camaeleon.org\/de\/?s={search_term_string}"},"query-input":{"@type":"PropertyValueSpecification","valueRequired":true,"valueName":"search_term_string"}}],"inLanguage":"de"},{"@type":"Organization","@id":"https:\/\/www.camaeleon.org\/de\/#organization","name":"Cam\u00e4l\u00e9on","url":"https:\/\/www.camaeleon.org\/de\/","logo":{"@type":"ImageObject","inLanguage":"de","@id":"https:\/\/www.camaeleon.org\/de\/#\/schema\/logo\/image\/","url":"https:\/\/www.camaeleon.org\/wp-content\/uploads\/2011\/11\/CAM\u00c4LEON.jpg","contentUrl":"https:\/\/www.camaeleon.org\/wp-content\/uploads\/2011\/11\/CAM\u00c4LEON.jpg","width":959,"height":959,"caption":"Cam\u00e4l\u00e9on"},"image":{"@id":"https:\/\/www.camaeleon.org\/de\/#\/schema\/logo\/image\/"},"sameAs":["https:\/\/www.facebook.com\/camaeleon.org\/","https:\/\/x.com\/camaeleonOrg","https:\/\/www.instagram.com\/camaeleon.dfg\/","https:\/\/www.youtube.com\/channel\/UCl3TAUDdGuu_c7CD6ax6hYg"]},{"@type":"Person","@id":"https:\/\/www.camaeleon.org\/de\/#\/schema\/person\/cd46c7f8b1d7fe75eff89acdafc86cdd","name":"Louis Huff-Andr\u00e9","image":{"@type":"ImageObject","inLanguage":"de","@id":"https:\/\/www.camaeleon.org\/de\/wp-content\/uploads\/2023\/10\/andre-150x150.jpg9e7cb8ff4a023d8b2775108b6d99a22d","url":"https:\/\/www.camaeleon.org\/wp-content\/uploads\/2023\/10\/andre-150x150.jpg","contentUrl":"https:\/\/www.camaeleon.org\/wp-content\/uploads\/2023\/10\/andre-150x150.jpg","caption":"Louis Huff-Andr\u00e9"},"description":"Hallo, mein Name ist Louis Huff-Andr\u00e9 und ich bin 13 Jahre alt. Ich gehe in die 9S2 und bin seit drei Jahren im Cam\u00e4leon. Ich lese gerne deutsche und franz\u00f6sische Comics und Krimis. Ich h\u00f6re mir auch gerne verschiedene Musikst\u00fccke an und versuche, sie auf dem Klavier zu spielen, wenn sie mir gefallen !","url":"https:\/\/www.camaeleon.org\/de\/author\/louis-huff-andre\/"}]}},"_links":{"self":[{"href":"https:\/\/www.camaeleon.org\/de\/wp-json\/wp\/v2\/posts\/32149","targetHints":{"allow":["GET"]}}],"collection":[{"href":"https:\/\/www.camaeleon.org\/de\/wp-json\/wp\/v2\/posts"}],"about":[{"href":"https:\/\/www.camaeleon.org\/de\/wp-json\/wp\/v2\/types\/post"}],"author":[{"embeddable":true,"href":"https:\/\/www.camaeleon.org\/de\/wp-json\/wp\/v2\/users\/174"}],"replies":[{"embeddable":true,"href":"https:\/\/www.camaeleon.org\/de\/wp-json\/wp\/v2\/comments?post=32149"}],"version-history":[{"count":7,"href":"https:\/\/www.camaeleon.org\/de\/wp-json\/wp\/v2\/posts\/32149\/revisions"}],"predecessor-version":[{"id":33685,"href":"https:\/\/www.camaeleon.org\/de\/wp-json\/wp\/v2\/posts\/32149\/revisions\/33685"}],"wp:featuredmedia":[{"embeddable":true,"href":"https:\/\/www.camaeleon.org\/de\/wp-json\/wp\/v2\/media\/33503"}],"wp:attachment":[{"href":"https:\/\/www.camaeleon.org\/de\/wp-json\/wp\/v2\/media?parent=32149"}],"wp:term":[{"taxonomy":"category","embeddable":true,"href":"https:\/\/www.camaeleon.org\/de\/wp-json\/wp\/v2\/categories?post=32149"},{"taxonomy":"post_tag","embeddable":true,"href":"https:\/\/www.camaeleon.org\/de\/wp-json\/wp\/v2\/tags?post=32149"},{"taxonomy":"author","embeddable":true,"href":"https:\/\/www.camaeleon.org\/de\/wp-json\/wp\/v2\/coauthors?post=32149"}],"curies":[{"name":"wp","href":"https:\/\/api.w.org\/{rel}","templated":true}]}}