{"id":32141,"date":"2025-03-06T22:24:29","date_gmt":"2025-03-06T21:24:29","guid":{"rendered":"https:\/\/www.camaeleon.org\/?p=32141"},"modified":"2025-10-22T01:07:11","modified_gmt":"2025-10-21T23:07:11","slug":"folge-6-lass-mal-das-klima-schuetzen","status":"publish","type":"post","link":"https:\/\/www.camaeleon.org\/de\/2025\/03\/06\/folge-6-lass-mal-das-klima-schuetzen\/","title":{"rendered":"Folge 6: Lass mal \u2026 das Klima sch\u00fctzen"},"content":{"rendered":"<figure id=\"attachment_30978\" aria-describedby=\"caption-attachment-30978\" style=\"width: 300px\" class=\"wp-caption alignleft\"><a href=\"https:\/\/www.camaeleon.org\/wp-content\/uploads\/2024\/04\/lass_mal-1.jpg\"><img loading=\"lazy\" decoding=\"async\" class=\"size-medium wp-image-30978\" src=\"https:\/\/www.camaeleon.org\/wp-content\/uploads\/2024\/04\/lass_mal-1-300x300.jpg\" alt=\"Lass mal... Podcast \u00fcber Politik und Gesellschaft von und f\u00fcr Jugendliche\" width=\"300\" height=\"300\" srcset=\"https:\/\/www.camaeleon.org\/wp-content\/uploads\/2024\/04\/lass_mal-1-300x300.jpg 300w, https:\/\/www.camaeleon.org\/wp-content\/uploads\/2024\/04\/lass_mal-1-150x150.jpg 150w, https:\/\/www.camaeleon.org\/wp-content\/uploads\/2024\/04\/lass_mal-1.jpg 480w\" sizes=\"auto, (max-width: 300px) 100vw, 300px\" \/><\/a><figcaption id=\"caption-attachment-30978\" class=\"wp-caption-text\">Foto: LpB Saarland<\/figcaption><\/figure>\n<p>In dieser Episode widmen wir uns dem Thema Klimawandel, das in letzter Zeit oft in den Hintergrund ger\u00fcckt ist, aber dringend im Fokus stehen sollte. Wir sprechen mit Dr. Andrea Amri-Henkel, einer Expertin f\u00fcr Nachhaltigkeitspolitik, die am Konzept f\u00fcr das Klimaschutzgesetz des Saarlandes mitgearbeitet hat.<\/p>\n<p>Wir beleuchten den demokratischen Prozess der Entwicklung des Klimaschutzkonzepts f\u00fcr das Saarland und die notwendigen Ma\u00dfnahmen zur Reduzierung der CO\u2082-Emissionen und diskutieren die Rolle des Saarlands im Vergleich zu anderen Bundesl\u00e4ndern und die Chancen, die sich aus einer Transformation der Stahlindustrie ergeben.<\/p>\n<p>Shownotes:<\/p>\n<p><a href=\"https:\/\/www.innovative-frauen.de\/expertinnen\/andrea-amri-henkel\">https:\/\/www.innovative-frauen.de\/expertinnen\/andrea-amri-henkel<\/a><br \/>\n<a href=\"https:\/\/izes.eu\/\">https:\/\/izes.eu\/<\/a><br \/>\n<a href=\"https:\/\/www.saarland.de\/lpb\/DE\/Home\">https:\/\/www.saarland.de\/lpb\/DE\/Home<\/a><br \/>\n<a href=\"https:\/\/www.camaeleon.org\/de\/\">https:\/\/www.camaeleon.org\/de\/ <\/a><\/p>\n<p><iframe loading=\"lazy\" style=\"border: 0;\" src=\"https:\/\/lass-mal-podcast.podigee.io\/6-new-episode\/embed?context=website\" width=\"100%\" height=\"270\"><br \/>\n<\/iframe><\/p>\n","protected":false},"excerpt":{"rendered":"<p>In dieser Episode widmen wir uns dem Thema Klimawandel, das in letzter Zeit oft in den Hintergrund ger\u00fcckt ist, aber dringend im Fokus stehen sollte.<\/p>\n","protected":false},"author":112,"featured_media":31194,"comment_status":"open","ping_status":"closed","sticky":false,"template":"","format":"standard","meta":{"colormag_page_container_layout":"default_layout","colormag_page_sidebar_layout":"default_layout","footnotes":""},"categories":[200,10,2039],"tags":[236,2101,1674,1911,1673,1030,2538],"coauthors":[748],"class_list":["post-32141","post","type-post","status-publish","format-standard","has-post-thumbnail","hentry","category-audio","category-politique","category-zeitlos","tag-klima","tag-klimakrise","tag-klimapolitik","tag-klimaschutz","tag-klimaschutzgesetz","tag-klimawandel","tag-lass-mal"],"yoast_head":"<!-- This site is optimized with the Yoast SEO plugin v27.5 - https:\/\/yoast.com\/product\/yoast-seo-wordpress\/ -->\n<title>Folge 6: Lass mal \u2026 das Klima sch\u00fctzen - Cam\u00e4l\u00e9on<\/title>\n<meta name=\"description\" content=\"In dieser Episode widmen wir uns dem Thema Klimawandel, das in letzter Zeit oft in den Hintergrund ger\u00fcckt ist, aber dringend im Fokus stehen sollte.\" \/>\n<meta name=\"robots\" content=\"index, follow, max-snippet:-1, max-image-preview:large, max-video-preview:-1\" \/>\n<link rel=\"canonical\" href=\"https:\/\/www.camaeleon.org\/de\/2025\/03\/06\/folge-6-lass-mal-das-klima-schuetzen\/\" \/>\n<meta property=\"og:locale\" content=\"de_DE\" \/>\n<meta property=\"og:type\" content=\"article\" \/>\n<meta property=\"og:title\" content=\"Folge 6: Lass mal \u2026 das Klima sch\u00fctzen - Cam\u00e4l\u00e9on\" \/>\n<meta property=\"og:description\" content=\"In dieser Episode widmen wir uns dem Thema Klimawandel, das in letzter Zeit oft in den Hintergrund ger\u00fcckt ist, aber dringend im Fokus stehen sollte.\" \/>\n<meta property=\"og:url\" content=\"https:\/\/www.camaeleon.org\/de\/2025\/03\/06\/folge-6-lass-mal-das-klima-schuetzen\/\" \/>\n<meta property=\"og:site_name\" content=\"Cam\u00e4l\u00e9on\" \/>\n<meta property=\"article:publisher\" content=\"https:\/\/www.facebook.com\/camaeleon.org\/\" \/>\n<meta property=\"article:published_time\" content=\"2025-03-06T21:24:29+00:00\" \/>\n<meta property=\"article:modified_time\" content=\"2025-10-21T23:07:11+00:00\" \/>\n<meta property=\"og:image\" content=\"https:\/\/www.camaeleon.org\/wp-content\/uploads\/2024\/06\/LpB-Podcast.jpg\" \/>\n\t<meta property=\"og:image:width\" content=\"1440\" \/>\n\t<meta property=\"og:image:height\" content=\"810\" \/>\n\t<meta property=\"og:image:type\" content=\"image\/jpeg\" \/>\n<meta name=\"author\" content=\"Camaeleon\" \/>\n<meta name=\"twitter:card\" content=\"summary_large_image\" \/>\n<meta name=\"twitter:creator\" content=\"@camaeleonOrg\" \/>\n<meta name=\"twitter:site\" content=\"@camaeleonOrg\" \/>\n<script type=\"application\/ld+json\" class=\"yoast-schema-graph\">{\"@context\":\"https:\\\/\\\/schema.org\",\"@graph\":[{\"@type\":\"Article\",\"@id\":\"https:\\\/\\\/www.camaeleon.org\\\/2025\\\/03\\\/06\\\/folge-6-lass-mal-das-klima-schuetzen\\\/#article\",\"isPartOf\":{\"@id\":\"https:\\\/\\\/www.camaeleon.org\\\/2025\\\/03\\\/06\\\/folge-6-lass-mal-das-klima-schuetzen\\\/\"},\"author\":{\"name\":\"Camaeleon\",\"@id\":\"https:\\\/\\\/www.camaeleon.org\\\/de\\\/#\\\/schema\\\/person\\\/60395ed8f80aa90ba2fd3b59ba600065\"},\"headline\":\"Folge 6: Lass mal \u2026 das Klima sch\u00fctzen\",\"datePublished\":\"2025-03-06T21:24:29+00:00\",\"dateModified\":\"2025-10-21T23:07:11+00:00\",\"mainEntityOfPage\":{\"@id\":\"https:\\\/\\\/www.camaeleon.org\\\/2025\\\/03\\\/06\\\/folge-6-lass-mal-das-klima-schuetzen\\\/\"},\"wordCount\":133,\"commentCount\":0,\"publisher\":{\"@id\":\"https:\\\/\\\/www.camaeleon.org\\\/de\\\/#organization\"},\"image\":{\"@id\":\"https:\\\/\\\/www.camaeleon.org\\\/2025\\\/03\\\/06\\\/folge-6-lass-mal-das-klima-schuetzen\\\/#primaryimage\"},\"thumbnailUrl\":\"https:\\\/\\\/www.camaeleon.org\\\/wp-content\\\/uploads\\\/2024\\\/06\\\/LpB-Podcast.jpg\",\"keywords\":[\"Klima\",\"Klimakrise\",\"Klimapolitik\",\"Klimaschutz\",\"Klimaschutzgesetz\",\"Klimawandel\",\"Lass mal\"],\"articleSection\":[\"Podcast\",\"Politik\",\"Zeitlos\"],\"inLanguage\":\"de\",\"potentialAction\":[{\"@type\":\"CommentAction\",\"name\":\"Comment\",\"target\":[\"https:\\\/\\\/www.camaeleon.org\\\/2025\\\/03\\\/06\\\/folge-6-lass-mal-das-klima-schuetzen\\\/#respond\"]}]},{\"@type\":\"WebPage\",\"@id\":\"https:\\\/\\\/www.camaeleon.org\\\/de\\\/2025\\\/03\\\/06\\\/folge-6-lass-mal-das-klima-schuetzen\\\/\",\"url\":\"https:\\\/\\\/www.camaeleon.org\\\/de\\\/2025\\\/03\\\/06\\\/folge-6-lass-mal-das-klima-schuetzen\\\/\",\"name\":\"Folge 6: Lass mal \u2026 das Klima sch\u00fctzen - Cam\u00e4l\u00e9on\",\"isPartOf\":{\"@id\":\"https:\\\/\\\/www.camaeleon.org\\\/de\\\/#website\"},\"primaryImageOfPage\":{\"@id\":\"https:\\\/\\\/www.camaeleon.org\\\/de\\\/2025\\\/03\\\/06\\\/folge-6-lass-mal-das-klima-schuetzen\\\/#primaryimage\"},\"image\":{\"@id\":\"https:\\\/\\\/www.camaeleon.org\\\/2025\\\/03\\\/06\\\/folge-6-lass-mal-das-klima-schuetzen\\\/#primaryimage\"},\"thumbnailUrl\":\"https:\\\/\\\/www.camaeleon.org\\\/wp-content\\\/uploads\\\/2024\\\/06\\\/LpB-Podcast.jpg\",\"datePublished\":\"2025-03-06T21:24:29+00:00\",\"dateModified\":\"2025-10-21T23:07:11+00:00\",\"description\":\"In dieser Episode widmen wir uns dem Thema Klimawandel, das in letzter Zeit oft in den Hintergrund ger\u00fcckt ist, aber dringend im Fokus stehen sollte.\",\"breadcrumb\":{\"@id\":\"https:\\\/\\\/www.camaeleon.org\\\/de\\\/2025\\\/03\\\/06\\\/folge-6-lass-mal-das-klima-schuetzen\\\/#breadcrumb\"},\"inLanguage\":\"de\",\"potentialAction\":[{\"@type\":\"ReadAction\",\"target\":[[\"https:\\\/\\\/www.camaeleon.org\\\/de\\\/2025\\\/03\\\/06\\\/folge-6-lass-mal-das-klima-schuetzen\\\/\"]]}]},{\"@type\":\"ImageObject\",\"inLanguage\":\"de\",\"@id\":\"https:\\\/\\\/www.camaeleon.org\\\/de\\\/2025\\\/03\\\/06\\\/folge-6-lass-mal-das-klima-schuetzen\\\/#primaryimage\",\"url\":\"https:\\\/\\\/www.camaeleon.org\\\/wp-content\\\/uploads\\\/2024\\\/06\\\/LpB-Podcast.jpg\",\"contentUrl\":\"https:\\\/\\\/www.camaeleon.org\\\/wp-content\\\/uploads\\\/2024\\\/06\\\/LpB-Podcast.jpg\",\"width\":1440,\"height\":810,\"caption\":\"Lass mal... Podcast \u00fcber Politik und Gesellschaft von und f\u00fcr Jugendliche\"},{\"@type\":\"BreadcrumbList\",\"@id\":\"https:\\\/\\\/www.camaeleon.org\\\/de\\\/2025\\\/03\\\/06\\\/folge-6-lass-mal-das-klima-schuetzen\\\/#breadcrumb\",\"itemListElement\":[{\"@type\":\"ListItem\",\"position\":1,\"name\":\"Home\",\"item\":\"https:\\\/\\\/www.camaeleon.org\\\/de\\\/\"},{\"@type\":\"ListItem\",\"position\":2,\"name\":\"Folge 6: Lass mal \u2026 das Klima sch\u00fctzen\"}]},{\"@type\":\"WebSite\",\"@id\":\"https:\\\/\\\/www.camaeleon.org\\\/de\\\/#website\",\"url\":\"https:\\\/\\\/www.camaeleon.org\\\/de\\\/\",\"name\":\"Cam\u00e4l\u00e9on\",\"description\":\"Das Sch\u00fclermagazin des Deutsch-Franz\u00f6sischen Gymnasiums Saarbr\u00fccken\",\"publisher\":{\"@id\":\"https:\\\/\\\/www.camaeleon.org\\\/de\\\/#organization\"},\"potentialAction\":[{\"@type\":\"SearchAction\",\"target\":{\"@type\":\"EntryPoint\",\"urlTemplate\":\"https:\\\/\\\/www.camaeleon.org\\\/de\\\/?s={search_term_string}\"},\"query-input\":{\"@type\":\"PropertyValueSpecification\",\"valueRequired\":true,\"valueName\":\"search_term_string\"}}],\"inLanguage\":\"de\"},{\"@type\":\"Organization\",\"@id\":\"https:\\\/\\\/www.camaeleon.org\\\/de\\\/#organization\",\"name\":\"Cam\u00e4l\u00e9on\",\"url\":\"https:\\\/\\\/www.camaeleon.org\\\/de\\\/\",\"logo\":{\"@type\":\"ImageObject\",\"inLanguage\":\"de\",\"@id\":\"https:\\\/\\\/www.camaeleon.org\\\/de\\\/#\\\/schema\\\/logo\\\/image\\\/\",\"url\":\"https:\\\/\\\/www.camaeleon.org\\\/wp-content\\\/uploads\\\/2011\\\/11\\\/CAM\u00c4LEON.jpg\",\"contentUrl\":\"https:\\\/\\\/www.camaeleon.org\\\/wp-content\\\/uploads\\\/2011\\\/11\\\/CAM\u00c4LEON.jpg\",\"width\":959,\"height\":959,\"caption\":\"Cam\u00e4l\u00e9on\"},\"image\":{\"@id\":\"https:\\\/\\\/www.camaeleon.org\\\/de\\\/#\\\/schema\\\/logo\\\/image\\\/\"},\"sameAs\":[\"https:\\\/\\\/www.facebook.com\\\/camaeleon.org\\\/\",\"https:\\\/\\\/x.com\\\/camaeleonOrg\",\"https:\\\/\\\/www.instagram.com\\\/camaeleon.dfg\\\/\",\"https:\\\/\\\/www.youtube.com\\\/channel\\\/UCl3TAUDdGuu_c7CD6ax6hYg\"]},{\"@type\":\"Person\",\"@id\":\"https:\\\/\\\/www.camaeleon.org\\\/de\\\/#\\\/schema\\\/person\\\/60395ed8f80aa90ba2fd3b59ba600065\",\"name\":\"Camaeleon\",\"image\":{\"@type\":\"ImageObject\",\"inLanguage\":\"de\",\"@id\":\"https:\\\/\\\/www.camaeleon.org\\\/de\\\/wp-content\\\/uploads\\\/2021\\\/10\\\/android-chrome-192x192-1-150x150.pngc02040f5fb6e1c5fd767b6cfe6c8be66\",\"url\":\"https:\\\/\\\/www.camaeleon.org\\\/wp-content\\\/uploads\\\/2021\\\/10\\\/android-chrome-192x192-1-150x150.png\",\"contentUrl\":\"https:\\\/\\\/www.camaeleon.org\\\/wp-content\\\/uploads\\\/2021\\\/10\\\/android-chrome-192x192-1-150x150.png\",\"caption\":\"Camaeleon\"},\"url\":\"https:\\\/\\\/www.camaeleon.org\\\/de\\\/author\\\/camaeleon\\\/\"}]}<\/script>\n<!-- \/ Yoast SEO plugin. -->","yoast_head_json":{"title":"Folge 6: Lass mal \u2026 das Klima sch\u00fctzen - Cam\u00e4l\u00e9on","description":"In dieser Episode widmen wir uns dem Thema Klimawandel, das in letzter Zeit oft in den Hintergrund ger\u00fcckt ist, aber dringend im Fokus stehen sollte.","robots":{"index":"index","follow":"follow","max-snippet":"max-snippet:-1","max-image-preview":"max-image-preview:large","max-video-preview":"max-video-preview:-1"},"canonical":"https:\/\/www.camaeleon.org\/de\/2025\/03\/06\/folge-6-lass-mal-das-klima-schuetzen\/","og_locale":"de_DE","og_type":"article","og_title":"Folge 6: Lass mal \u2026 das Klima sch\u00fctzen - Cam\u00e4l\u00e9on","og_description":"In dieser Episode widmen wir uns dem Thema Klimawandel, das in letzter Zeit oft in den Hintergrund ger\u00fcckt ist, aber dringend im Fokus stehen sollte.","og_url":"https:\/\/www.camaeleon.org\/de\/2025\/03\/06\/folge-6-lass-mal-das-klima-schuetzen\/","og_site_name":"Cam\u00e4l\u00e9on","article_publisher":"https:\/\/www.facebook.com\/camaeleon.org\/","article_published_time":"2025-03-06T21:24:29+00:00","article_modified_time":"2025-10-21T23:07:11+00:00","og_image":[{"width":1440,"height":810,"url":"https:\/\/www.camaeleon.org\/wp-content\/uploads\/2024\/06\/LpB-Podcast.jpg","type":"image\/jpeg"}],"author":"Camaeleon","twitter_card":"summary_large_image","twitter_creator":"@camaeleonOrg","twitter_site":"@camaeleonOrg","schema":{"@context":"https:\/\/schema.org","@graph":[{"@type":"Article","@id":"https:\/\/www.camaeleon.org\/2025\/03\/06\/folge-6-lass-mal-das-klima-schuetzen\/#article","isPartOf":{"@id":"https:\/\/www.camaeleon.org\/2025\/03\/06\/folge-6-lass-mal-das-klima-schuetzen\/"},"author":{"name":"Camaeleon","@id":"https:\/\/www.camaeleon.org\/de\/#\/schema\/person\/60395ed8f80aa90ba2fd3b59ba600065"},"headline":"Folge 6: Lass mal \u2026 das Klima sch\u00fctzen","datePublished":"2025-03-06T21:24:29+00:00","dateModified":"2025-10-21T23:07:11+00:00","mainEntityOfPage":{"@id":"https:\/\/www.camaeleon.org\/2025\/03\/06\/folge-6-lass-mal-das-klima-schuetzen\/"},"wordCount":133,"commentCount":0,"publisher":{"@id":"https:\/\/www.camaeleon.org\/de\/#organization"},"image":{"@id":"https:\/\/www.camaeleon.org\/2025\/03\/06\/folge-6-lass-mal-das-klima-schuetzen\/#primaryimage"},"thumbnailUrl":"https:\/\/www.camaeleon.org\/wp-content\/uploads\/2024\/06\/LpB-Podcast.jpg","keywords":["Klima","Klimakrise","Klimapolitik","Klimaschutz","Klimaschutzgesetz","Klimawandel","Lass mal"],"articleSection":["Podcast","Politik","Zeitlos"],"inLanguage":"de","potentialAction":[{"@type":"CommentAction","name":"Comment","target":["https:\/\/www.camaeleon.org\/2025\/03\/06\/folge-6-lass-mal-das-klima-schuetzen\/#respond"]}]},{"@type":"WebPage","@id":"https:\/\/www.camaeleon.org\/de\/2025\/03\/06\/folge-6-lass-mal-das-klima-schuetzen\/","url":"https:\/\/www.camaeleon.org\/de\/2025\/03\/06\/folge-6-lass-mal-das-klima-schuetzen\/","name":"Folge 6: Lass mal \u2026 das Klima sch\u00fctzen - Cam\u00e4l\u00e9on","isPartOf":{"@id":"https:\/\/www.camaeleon.org\/de\/#website"},"primaryImageOfPage":{"@id":"https:\/\/www.camaeleon.org\/de\/2025\/03\/06\/folge-6-lass-mal-das-klima-schuetzen\/#primaryimage"},"image":{"@id":"https:\/\/www.camaeleon.org\/2025\/03\/06\/folge-6-lass-mal-das-klima-schuetzen\/#primaryimage"},"thumbnailUrl":"https:\/\/www.camaeleon.org\/wp-content\/uploads\/2024\/06\/LpB-Podcast.jpg","datePublished":"2025-03-06T21:24:29+00:00","dateModified":"2025-10-21T23:07:11+00:00","description":"In dieser Episode widmen wir uns dem Thema Klimawandel, das in letzter Zeit oft in den Hintergrund ger\u00fcckt ist, aber dringend im Fokus stehen sollte.","breadcrumb":{"@id":"https:\/\/www.camaeleon.org\/de\/2025\/03\/06\/folge-6-lass-mal-das-klima-schuetzen\/#breadcrumb"},"inLanguage":"de","potentialAction":[{"@type":"ReadAction","target":[["https:\/\/www.camaeleon.org\/de\/2025\/03\/06\/folge-6-lass-mal-das-klima-schuetzen\/"]]}]},{"@type":"ImageObject","inLanguage":"de","@id":"https:\/\/www.camaeleon.org\/de\/2025\/03\/06\/folge-6-lass-mal-das-klima-schuetzen\/#primaryimage","url":"https:\/\/www.camaeleon.org\/wp-content\/uploads\/2024\/06\/LpB-Podcast.jpg","contentUrl":"https:\/\/www.camaeleon.org\/wp-content\/uploads\/2024\/06\/LpB-Podcast.jpg","width":1440,"height":810,"caption":"Lass mal... Podcast \u00fcber Politik und Gesellschaft von und f\u00fcr Jugendliche"},{"@type":"BreadcrumbList","@id":"https:\/\/www.camaeleon.org\/de\/2025\/03\/06\/folge-6-lass-mal-das-klima-schuetzen\/#breadcrumb","itemListElement":[{"@type":"ListItem","position":1,"name":"Home","item":"https:\/\/www.camaeleon.org\/de\/"},{"@type":"ListItem","position":2,"name":"Folge 6: Lass mal \u2026 das Klima sch\u00fctzen"}]},{"@type":"WebSite","@id":"https:\/\/www.camaeleon.org\/de\/#website","url":"https:\/\/www.camaeleon.org\/de\/","name":"Cam\u00e4l\u00e9on","description":"Das Sch\u00fclermagazin des Deutsch-Franz\u00f6sischen Gymnasiums Saarbr\u00fccken","publisher":{"@id":"https:\/\/www.camaeleon.org\/de\/#organization"},"potentialAction":[{"@type":"SearchAction","target":{"@type":"EntryPoint","urlTemplate":"https:\/\/www.camaeleon.org\/de\/?s={search_term_string}"},"query-input":{"@type":"PropertyValueSpecification","valueRequired":true,"valueName":"search_term_string"}}],"inLanguage":"de"},{"@type":"Organization","@id":"https:\/\/www.camaeleon.org\/de\/#organization","name":"Cam\u00e4l\u00e9on","url":"https:\/\/www.camaeleon.org\/de\/","logo":{"@type":"ImageObject","inLanguage":"de","@id":"https:\/\/www.camaeleon.org\/de\/#\/schema\/logo\/image\/","url":"https:\/\/www.camaeleon.org\/wp-content\/uploads\/2011\/11\/CAM\u00c4LEON.jpg","contentUrl":"https:\/\/www.camaeleon.org\/wp-content\/uploads\/2011\/11\/CAM\u00c4LEON.jpg","width":959,"height":959,"caption":"Cam\u00e4l\u00e9on"},"image":{"@id":"https:\/\/www.camaeleon.org\/de\/#\/schema\/logo\/image\/"},"sameAs":["https:\/\/www.facebook.com\/camaeleon.org\/","https:\/\/x.com\/camaeleonOrg","https:\/\/www.instagram.com\/camaeleon.dfg\/","https:\/\/www.youtube.com\/channel\/UCl3TAUDdGuu_c7CD6ax6hYg"]},{"@type":"Person","@id":"https:\/\/www.camaeleon.org\/de\/#\/schema\/person\/60395ed8f80aa90ba2fd3b59ba600065","name":"Camaeleon","image":{"@type":"ImageObject","inLanguage":"de","@id":"https:\/\/www.camaeleon.org\/de\/wp-content\/uploads\/2021\/10\/android-chrome-192x192-1-150x150.pngc02040f5fb6e1c5fd767b6cfe6c8be66","url":"https:\/\/www.camaeleon.org\/wp-content\/uploads\/2021\/10\/android-chrome-192x192-1-150x150.png","contentUrl":"https:\/\/www.camaeleon.org\/wp-content\/uploads\/2021\/10\/android-chrome-192x192-1-150x150.png","caption":"Camaeleon"},"url":"https:\/\/www.camaeleon.org\/de\/author\/camaeleon\/"}]}},"_links":{"self":[{"href":"https:\/\/www.camaeleon.org\/de\/wp-json\/wp\/v2\/posts\/32141","targetHints":{"allow":["GET"]}}],"collection":[{"href":"https:\/\/www.camaeleon.org\/de\/wp-json\/wp\/v2\/posts"}],"about":[{"href":"https:\/\/www.camaeleon.org\/de\/wp-json\/wp\/v2\/types\/post"}],"author":[{"embeddable":true,"href":"https:\/\/www.camaeleon.org\/de\/wp-json\/wp\/v2\/users\/112"}],"replies":[{"embeddable":true,"href":"https:\/\/www.camaeleon.org\/de\/wp-json\/wp\/v2\/comments?post=32141"}],"version-history":[{"count":5,"href":"https:\/\/www.camaeleon.org\/de\/wp-json\/wp\/v2\/posts\/32141\/revisions"}],"predecessor-version":[{"id":32146,"href":"https:\/\/www.camaeleon.org\/de\/wp-json\/wp\/v2\/posts\/32141\/revisions\/32146"}],"wp:featuredmedia":[{"embeddable":true,"href":"https:\/\/www.camaeleon.org\/de\/wp-json\/wp\/v2\/media\/31194"}],"wp:attachment":[{"href":"https:\/\/www.camaeleon.org\/de\/wp-json\/wp\/v2\/media?parent=32141"}],"wp:term":[{"taxonomy":"category","embeddable":true,"href":"https:\/\/www.camaeleon.org\/de\/wp-json\/wp\/v2\/categories?post=32141"},{"taxonomy":"post_tag","embeddable":true,"href":"https:\/\/www.camaeleon.org\/de\/wp-json\/wp\/v2\/tags?post=32141"},{"taxonomy":"author","embeddable":true,"href":"https:\/\/www.camaeleon.org\/de\/wp-json\/wp\/v2\/coauthors?post=32141"}],"curies":[{"name":"wp","href":"https:\/\/api.w.org\/{rel}","templated":true}]}}