{"id":31855,"date":"2025-01-11T18:28:39","date_gmt":"2025-01-11T17:28:39","guid":{"rendered":"https:\/\/www.camaeleon.org\/?p=31855"},"modified":"2025-01-11T18:33:31","modified_gmt":"2025-01-11T17:33:31","slug":"le-mot-de-la-semaine-liberte-dexpression","status":"publish","type":"post","link":"https:\/\/www.camaeleon.org\/de\/2025\/01\/11\/le-mot-de-la-semaine-liberte-dexpression\/","title":{"rendered":"Le mot de la semaine : #Libert\u00e9 d&#8217;expression"},"content":{"rendered":"<figure id=\"attachment_31883\" aria-describedby=\"caption-attachment-31883\" style=\"width: 300px\" class=\"wp-caption alignleft\"><a href=\"https:\/\/www.camaeleon.org\/wp-content\/uploads\/2025\/01\/melany-rochester-FAQ4RE76Nvs-unsplash-scaled.jpg\"><img loading=\"lazy\" decoding=\"async\" class=\"wp-image-31883 size-medium\" src=\"https:\/\/www.camaeleon.org\/wp-content\/uploads\/2025\/01\/melany-rochester-FAQ4RE76Nvs-unsplash-300x200.jpg\" alt=\"Libert\u00e9 d'expression\" width=\"300\" height=\"200\" srcset=\"https:\/\/www.camaeleon.org\/wp-content\/uploads\/2025\/01\/melany-rochester-FAQ4RE76Nvs-unsplash-300x200.jpg 300w, https:\/\/www.camaeleon.org\/wp-content\/uploads\/2025\/01\/melany-rochester-FAQ4RE76Nvs-unsplash-880x587.jpg 880w, https:\/\/www.camaeleon.org\/wp-content\/uploads\/2025\/01\/melany-rochester-FAQ4RE76Nvs-unsplash-1536x1024.jpg 1536w, https:\/\/www.camaeleon.org\/wp-content\/uploads\/2025\/01\/melany-rochester-FAQ4RE76Nvs-unsplash-2048x1365.jpg 2048w\" sizes=\"auto, (max-width: 300px) 100vw, 300px\" \/><\/a><figcaption id=\"caption-attachment-31883\" class=\"wp-caption-text\">Photo : <a href=\"https:\/\/unsplash.com\/de\/@melanyrochester?utm_content=creditCopyText&amp;utm_medium=referral&amp;utm_source=unsplash\">Melany Rochester<\/a> sur <a href=\"https:\/\/unsplash.com\/de\/fotos\/selektive-fokusfotografie-eines-mannes-der-einen-lautsprecher-neben-dem-gebaude-halt-FAQ4RE76Nvs?utm_content=creditCopyText&amp;utm_medium=referral&amp;utm_source=unsplash\">Unsplash<\/a><\/figcaption><\/figure>\n<p>\u00ab Le 7 janvier 2015, le terrorisme frappait Charlie Hebdo (magazine satirique fran\u00e7ais). Douze morts dont huit membres de la r\u00e9daction succombaient \u00e0 une fusillade qui dura moins de 2 minutes\u00bb, peut-on lire sur le site du Minist\u00e8re de la Culture.<\/p>\n<p>Cela fait dix ans. La ministre de la culture de l&#8217;\u00e9poque, Mme Fleur Pellerin, \u00e9crivait : \u00ab Je veux saluer le courage de toutes les femmes et de tous les hommes qui portent haut les valeurs de la libert\u00e9 d&#8217;expression dans l&#8217;exercice quotidien de leur m\u00e9tier \u00bb. En effet, en prenant pour cible les dessinateurs de presse, ceux qui ont commis cet acte ont voulu attaquer la libert\u00e9 d&#8217;expression.\u00a0Rachida Dati, ministre de la culture actuelle, a soulign\u00e9 \u00e0 l&#8217;occasion de la comm\u00e9moration : \u00ab Le dessin de presse est une forme \u00e9labor\u00e9e et pr\u00e9cieuse de l&#8217;impertinence d\u00e9mocratique que nous devons d\u00e9fendre \u00bb.<\/p>\n<figure id=\"attachment_31887\" aria-describedby=\"caption-attachment-31887\" style=\"width: 393px\" class=\"wp-caption alignright\"><img loading=\"lazy\" decoding=\"async\" class=\" wp-image-31887\" src=\"https:\/\/www.camaeleon.org\/wp-content\/uploads\/2025\/01\/Charlie.-Photo-johnyksslr.-Pixabay.com_-300x169.jpg\" alt=\"\" width=\"393\" height=\"222\" srcset=\"https:\/\/www.camaeleon.org\/wp-content\/uploads\/2025\/01\/Charlie.-Photo-johnyksslr.-Pixabay.com_-300x169.jpg 300w, https:\/\/www.camaeleon.org\/wp-content\/uploads\/2025\/01\/Charlie.-Photo-johnyksslr.-Pixabay.com_-880x495.jpg 880w, https:\/\/www.camaeleon.org\/wp-content\/uploads\/2025\/01\/Charlie.-Photo-johnyksslr.-Pixabay.com_.jpg 1280w\" sizes=\"auto, (max-width: 393px) 100vw, 393px\" \/><figcaption id=\"caption-attachment-31887\" class=\"wp-caption-text\">Charlie. Photo : johnyksslr. Pixabay.com<\/figcaption><\/figure>\n<p>Dans les heures qui ont suivi l&#8217;attentat, un slogan \u00ab JE SUIS CHARLIE \u00bb a tr\u00e8s rapidement \u00e9t\u00e9 con\u00e7u et diffus\u00e9.<br \/>\nSon cr\u00e9ateur, un graphiste fran\u00e7ais, Joachim Roncin explique : \u00ab J&#8217;ai juste accol\u00e9 les mots \u201cJe suis\u201d \u00e0 celui de \u201cCharlie\u201d pour exprimer un sentiment d&#8217;appartenance. \u00bb Aujourd&#8217;hui encore, ce logo repr\u00e9sentant la phrase \u00ab JE SUIS CHARLIE \u00bb en blanc et gris sur fond noir, sensibilise sans \u00e9quivoque et se lit, avec ses diff\u00e9rentes variantes, sur les r\u00e9seaux sociaux. (Source : <a href=\"https:\/\/fr.wikipedia.org\/wiki\/Je_suis_Charlie\">wikipedia<\/a>)<\/p>\n<p>Cette semaine, en Allemagne, le chancelier Olaf Scholz a \u00e9crit sur X, en fran\u00e7ais, \u00ab #JesuisCharlie a fait le tour du monde apr\u00e8s l&#8217;attaque barbare contre Charlie Hebdo il y a 10 ans. Aujourd&#8217;hui comme \u00e0 l&#8217;\u00e9poque, nous partageons la douleur de nos amis fran\u00e7ais. L&#8217;attaque visait nos valeurs communes de libert\u00e9 et de d\u00e9mocratie \u00bb.\u00a0Pour rappel, la libert\u00e9 d&#8217;expression est un droit qui\u00a0est inscrit dans la D\u00e9claration des droits de l&#8217;homme et du citoyen de 1789 :<em>\u00ab libre communication des pens\u00e9es et des opinions \u00bb<\/em>.\u00a0La libert\u00e9 de la presse, quant \u00e0 elle, d\u00e9coule de la libert\u00e9 d&#8217;expression et a \u00e9t\u00e9 proclam\u00e9e par la loi du 29 juillet 1881.<\/p>\n<p>\u00c0 Francfort, Hanovre, Kassel, Dortmund et \u00e0 la Ludwigsgalerie du ch\u00e2teau d&#8217;Oberhausen, cinq mus\u00e9es rendent un hommage aux victimes \u00e0 travers une<a href=\"https:\/\/www.tagesschau.de\/inland\/regional\/hessen\/hr-10-jahre-nach-attentat-karikatur-ausstellungen-erinnern-an-charlie-hebdo-100.html\"> exposition<\/a> qui souhaite \u00e9galement &#8222;favoriser la discussion et la r\u00e9flexion sur la libert\u00e9 de l&#8217;art&#8220;. &#8222;Depuis plusieurs si\u00e8cles, la caricature et la satire sont des compagnes essentielles de la soci\u00e9t\u00e9, elles critiquent, elles interrogent et elles lancent des d\u00e9bats. Elles ont apport\u00e9 une contribution majeure \u00e0 ce que les soci\u00e9t\u00e9s europ\u00e9ennes se lib\u00e8rent des contraintes de la censure \u00bb, rappelle le Caricatura Museum de Francfort dans l&#8216;<a href=\"https:\/\/allemagneenfrance.diplo.de\/fr-fr\/actualites-nouvelles-d-allemagne\/08-breves-de-la-semaine\/2692872-2692872\">article publi\u00e9 par le Minist\u00e8re allemand des Affaires \u00e9trang\u00e8res<\/a>.<\/p>\n<p>C&#8217;est dans ce contexte que la r\u00e9daction de Cam\u00e4l\u00e9on a d\u00e9cid\u00e9, hier, de mettre un terme \u00e0 ses contributions sur X (ex-twitter) puisque cette plateforme n&#8217;est non seulement plus signataire du code de bonnes pratiques contre la d\u00e9sinformation de l&#8217;Union Europ\u00e9enne, le <a href=\"https:\/\/commission.europa.eu\/strategy-and-policy\/priorities-2019-2024\/europe-fit-digital-age\/digital-services-act_en\">Digital Services Act<\/a>, mais favorise, en outre, la diffusion des id\u00e9es d&#8217;extr\u00eame droite au d\u00e9triment des valeurs humanistes, en soutenant notamment la candidature d&#8217;Alice Weidel (AfD) \u00e0 la chancellerie allemande. Dans les jours qui viennent, nous ferons une derni\u00e8re d\u00e9claration sur ce r\u00e9seau social que nous publierons \u00e9galement sur notre site. D\u00e8s \u00e0 pr\u00e9sent, nous invitons nos lectrices et lecteurs \u00e0 quitter X, devenu, selon <a href=\"https:\/\/rsf.org\/fr\/de-twitter-\u00e0-x-elon-musk-achev\u00e9-sa-mue-de-d\u00e9fenseur-de-la-libert\u00e9-d-expression-en-champion-de-la\">Reporters sans fronti\u00e8res<\/a>, &#8222;l&#8217;incarnation de la menace que font peser les plateformes sur la d\u00e9mocratie&#8220;.<\/p>\n","protected":false},"excerpt":{"rendered":"<p>\u00ab Le 7 janvier 2015, le terrorisme frappait Charlie Hebdo (magazine satirique fran\u00e7ais). Douze morts dont huit membres de la r\u00e9daction succombaient \u00e0 une fusillade<\/p>\n","protected":false},"author":174,"featured_media":31883,"comment_status":"open","ping_status":"closed","sticky":false,"template":"","format":"standard","meta":{"colormag_page_container_layout":"default_layout","colormag_page_sidebar_layout":"default_layout","footnotes":""},"categories":[864],"tags":[1444,2589,2588,2587],"coauthors":[2249],"class_list":["post-31855","post","type-post","status-publish","format-standard","has-post-thumbnail","hentry","category-le-mot-de-la-semaine","tag-charlie-hebdo","tag-digital-services-act","tag-je-suis-charlie","tag-liberte-dexpression"],"yoast_head":"<!-- This site is optimized with the Yoast SEO plugin v27.5 - https:\/\/yoast.com\/product\/yoast-seo-wordpress\/ -->\n<title>Le mot de la semaine : #Libert\u00e9 d&#039;expression - Cam\u00e4l\u00e9on<\/title>\n<meta name=\"description\" content=\"\u00ab Le 7 janvier 2015, le terrorisme frappait Charlie Hebdo (magazine satirique fran\u00e7ais). Douze morts dont huit membres de la r\u00e9daction succombaient \u00e0 une fusillade qui dura moins de 2 minutes\u00bb, peut-on lire sur le site du Minist\u00e8re de la Culture.\" \/>\n<meta name=\"robots\" content=\"index, follow, max-snippet:-1, max-image-preview:large, max-video-preview:-1\" \/>\n<link rel=\"canonical\" href=\"https:\/\/www.camaeleon.org\/de\/2025\/01\/11\/le-mot-de-la-semaine-liberte-dexpression\/\" \/>\n<meta property=\"og:locale\" content=\"de_DE\" \/>\n<meta property=\"og:type\" content=\"article\" \/>\n<meta property=\"og:title\" content=\"Le mot de la semaine : #Libert\u00e9 d&#039;expression - Cam\u00e4l\u00e9on\" \/>\n<meta property=\"og:description\" content=\"\u00ab Le 7 janvier 2015, le terrorisme frappait Charlie Hebdo (magazine satirique fran\u00e7ais). Douze morts dont huit membres de la r\u00e9daction succombaient \u00e0 une fusillade qui dura moins de 2 minutes\u00bb, peut-on lire sur le site du Minist\u00e8re de la Culture.\" \/>\n<meta property=\"og:url\" content=\"https:\/\/www.camaeleon.org\/de\/2025\/01\/11\/le-mot-de-la-semaine-liberte-dexpression\/\" \/>\n<meta property=\"og:site_name\" content=\"Cam\u00e4l\u00e9on\" \/>\n<meta property=\"article:publisher\" content=\"https:\/\/www.facebook.com\/camaeleon.org\/\" \/>\n<meta property=\"article:published_time\" content=\"2025-01-11T17:28:39+00:00\" \/>\n<meta property=\"article:modified_time\" content=\"2025-01-11T17:33:31+00:00\" \/>\n<meta property=\"og:image\" content=\"https:\/\/www.camaeleon.org\/wp-content\/uploads\/2025\/01\/melany-rochester-FAQ4RE76Nvs-unsplash-scaled.jpg\" \/>\n\t<meta property=\"og:image:width\" content=\"2560\" \/>\n\t<meta property=\"og:image:height\" content=\"1707\" \/>\n\t<meta property=\"og:image:type\" content=\"image\/jpeg\" \/>\n<meta name=\"author\" content=\"Louis Huff-Andr\u00e9\" \/>\n<meta name=\"twitter:card\" content=\"summary_large_image\" \/>\n<meta name=\"twitter:creator\" content=\"@camaeleonOrg\" \/>\n<meta name=\"twitter:site\" content=\"@camaeleonOrg\" \/>\n<script type=\"application\/ld+json\" class=\"yoast-schema-graph\">{\"@context\":\"https:\\\/\\\/schema.org\",\"@graph\":[{\"@type\":\"Article\",\"@id\":\"https:\\\/\\\/www.camaeleon.org\\\/2025\\\/01\\\/11\\\/le-mot-de-la-semaine-liberte-dexpression\\\/#article\",\"isPartOf\":{\"@id\":\"https:\\\/\\\/www.camaeleon.org\\\/2025\\\/01\\\/11\\\/le-mot-de-la-semaine-liberte-dexpression\\\/\"},\"author\":{\"name\":\"Louis Huff-Andr\u00e9\",\"@id\":\"https:\\\/\\\/www.camaeleon.org\\\/de\\\/#\\\/schema\\\/person\\\/cd46c7f8b1d7fe75eff89acdafc86cdd\"},\"headline\":\"Le mot de la semaine : #Libert\u00e9 d&#8217;expression\",\"datePublished\":\"2025-01-11T17:28:39+00:00\",\"dateModified\":\"2025-01-11T17:33:31+00:00\",\"mainEntityOfPage\":{\"@id\":\"https:\\\/\\\/www.camaeleon.org\\\/2025\\\/01\\\/11\\\/le-mot-de-la-semaine-liberte-dexpression\\\/\"},\"wordCount\":629,\"commentCount\":0,\"publisher\":{\"@id\":\"https:\\\/\\\/www.camaeleon.org\\\/de\\\/#organization\"},\"image\":{\"@id\":\"https:\\\/\\\/www.camaeleon.org\\\/2025\\\/01\\\/11\\\/le-mot-de-la-semaine-liberte-dexpression\\\/#primaryimage\"},\"thumbnailUrl\":\"https:\\\/\\\/www.camaeleon.org\\\/wp-content\\\/uploads\\\/2025\\\/01\\\/melany-rochester-FAQ4RE76Nvs-unsplash-scaled.jpg\",\"keywords\":[\"Charlie Hebdo\",\"Digital Services Act\",\"Je suis Charlie\",\"libert\u00e9 d'expression\"],\"articleSection\":[\"Das Wort der Woche\"],\"inLanguage\":\"de\",\"potentialAction\":[{\"@type\":\"CommentAction\",\"name\":\"Comment\",\"target\":[\"https:\\\/\\\/www.camaeleon.org\\\/2025\\\/01\\\/11\\\/le-mot-de-la-semaine-liberte-dexpression\\\/#respond\"]}]},{\"@type\":\"WebPage\",\"@id\":\"https:\\\/\\\/www.camaeleon.org\\\/de\\\/2025\\\/01\\\/11\\\/le-mot-de-la-semaine-liberte-dexpression\\\/\",\"url\":\"https:\\\/\\\/www.camaeleon.org\\\/de\\\/2025\\\/01\\\/11\\\/le-mot-de-la-semaine-liberte-dexpression\\\/\",\"name\":\"Le mot de la semaine : #Libert\u00e9 d'expression - Cam\u00e4l\u00e9on\",\"isPartOf\":{\"@id\":\"https:\\\/\\\/www.camaeleon.org\\\/de\\\/#website\"},\"primaryImageOfPage\":{\"@id\":\"https:\\\/\\\/www.camaeleon.org\\\/de\\\/2025\\\/01\\\/11\\\/le-mot-de-la-semaine-liberte-dexpression\\\/#primaryimage\"},\"image\":{\"@id\":\"https:\\\/\\\/www.camaeleon.org\\\/2025\\\/01\\\/11\\\/le-mot-de-la-semaine-liberte-dexpression\\\/#primaryimage\"},\"thumbnailUrl\":\"https:\\\/\\\/www.camaeleon.org\\\/wp-content\\\/uploads\\\/2025\\\/01\\\/melany-rochester-FAQ4RE76Nvs-unsplash-scaled.jpg\",\"datePublished\":\"2025-01-11T17:28:39+00:00\",\"dateModified\":\"2025-01-11T17:33:31+00:00\",\"description\":\"\u00ab Le 7 janvier 2015, le terrorisme frappait Charlie Hebdo (magazine satirique fran\u00e7ais). Douze morts dont huit membres de la r\u00e9daction succombaient \u00e0 une fusillade qui dura moins de 2 minutes\u00bb, peut-on lire sur le site du Minist\u00e8re de la Culture.\",\"breadcrumb\":{\"@id\":\"https:\\\/\\\/www.camaeleon.org\\\/de\\\/2025\\\/01\\\/11\\\/le-mot-de-la-semaine-liberte-dexpression\\\/#breadcrumb\"},\"inLanguage\":\"de\",\"potentialAction\":[{\"@type\":\"ReadAction\",\"target\":[[\"https:\\\/\\\/www.camaeleon.org\\\/de\\\/2025\\\/01\\\/11\\\/le-mot-de-la-semaine-liberte-dexpression\\\/\"]]}]},{\"@type\":\"ImageObject\",\"inLanguage\":\"de\",\"@id\":\"https:\\\/\\\/www.camaeleon.org\\\/de\\\/2025\\\/01\\\/11\\\/le-mot-de-la-semaine-liberte-dexpression\\\/#primaryimage\",\"url\":\"https:\\\/\\\/www.camaeleon.org\\\/wp-content\\\/uploads\\\/2025\\\/01\\\/melany-rochester-FAQ4RE76Nvs-unsplash-scaled.jpg\",\"contentUrl\":\"https:\\\/\\\/www.camaeleon.org\\\/wp-content\\\/uploads\\\/2025\\\/01\\\/melany-rochester-FAQ4RE76Nvs-unsplash-scaled.jpg\",\"width\":2560,\"height\":1707,\"caption\":\"Photo : Foto von Melany Rochester auf Unsplash\"},{\"@type\":\"BreadcrumbList\",\"@id\":\"https:\\\/\\\/www.camaeleon.org\\\/de\\\/2025\\\/01\\\/11\\\/le-mot-de-la-semaine-liberte-dexpression\\\/#breadcrumb\",\"itemListElement\":[{\"@type\":\"ListItem\",\"position\":1,\"name\":\"Home\",\"item\":\"https:\\\/\\\/www.camaeleon.org\\\/de\\\/\"},{\"@type\":\"ListItem\",\"position\":2,\"name\":\"Le mot de la semaine : #Libert\u00e9 d&#8217;expression\"}]},{\"@type\":\"WebSite\",\"@id\":\"https:\\\/\\\/www.camaeleon.org\\\/de\\\/#website\",\"url\":\"https:\\\/\\\/www.camaeleon.org\\\/de\\\/\",\"name\":\"Cam\u00e4l\u00e9on\",\"description\":\"Das Sch\u00fclermagazin des Deutsch-Franz\u00f6sischen Gymnasiums Saarbr\u00fccken\",\"publisher\":{\"@id\":\"https:\\\/\\\/www.camaeleon.org\\\/de\\\/#organization\"},\"potentialAction\":[{\"@type\":\"SearchAction\",\"target\":{\"@type\":\"EntryPoint\",\"urlTemplate\":\"https:\\\/\\\/www.camaeleon.org\\\/de\\\/?s={search_term_string}\"},\"query-input\":{\"@type\":\"PropertyValueSpecification\",\"valueRequired\":true,\"valueName\":\"search_term_string\"}}],\"inLanguage\":\"de\"},{\"@type\":\"Organization\",\"@id\":\"https:\\\/\\\/www.camaeleon.org\\\/de\\\/#organization\",\"name\":\"Cam\u00e4l\u00e9on\",\"url\":\"https:\\\/\\\/www.camaeleon.org\\\/de\\\/\",\"logo\":{\"@type\":\"ImageObject\",\"inLanguage\":\"de\",\"@id\":\"https:\\\/\\\/www.camaeleon.org\\\/de\\\/#\\\/schema\\\/logo\\\/image\\\/\",\"url\":\"https:\\\/\\\/www.camaeleon.org\\\/wp-content\\\/uploads\\\/2011\\\/11\\\/CAM\u00c4LEON.jpg\",\"contentUrl\":\"https:\\\/\\\/www.camaeleon.org\\\/wp-content\\\/uploads\\\/2011\\\/11\\\/CAM\u00c4LEON.jpg\",\"width\":959,\"height\":959,\"caption\":\"Cam\u00e4l\u00e9on\"},\"image\":{\"@id\":\"https:\\\/\\\/www.camaeleon.org\\\/de\\\/#\\\/schema\\\/logo\\\/image\\\/\"},\"sameAs\":[\"https:\\\/\\\/www.facebook.com\\\/camaeleon.org\\\/\",\"https:\\\/\\\/x.com\\\/camaeleonOrg\",\"https:\\\/\\\/www.instagram.com\\\/camaeleon.dfg\\\/\",\"https:\\\/\\\/www.youtube.com\\\/channel\\\/UCl3TAUDdGuu_c7CD6ax6hYg\"]},{\"@type\":\"Person\",\"@id\":\"https:\\\/\\\/www.camaeleon.org\\\/de\\\/#\\\/schema\\\/person\\\/cd46c7f8b1d7fe75eff89acdafc86cdd\",\"name\":\"Louis Huff-Andr\u00e9\",\"image\":{\"@type\":\"ImageObject\",\"inLanguage\":\"de\",\"@id\":\"https:\\\/\\\/www.camaeleon.org\\\/de\\\/wp-content\\\/uploads\\\/2023\\\/10\\\/andre-150x150.jpg9e7cb8ff4a023d8b2775108b6d99a22d\",\"url\":\"https:\\\/\\\/www.camaeleon.org\\\/wp-content\\\/uploads\\\/2023\\\/10\\\/andre-150x150.jpg\",\"contentUrl\":\"https:\\\/\\\/www.camaeleon.org\\\/wp-content\\\/uploads\\\/2023\\\/10\\\/andre-150x150.jpg\",\"caption\":\"Louis Huff-Andr\u00e9\"},\"description\":\"Hallo, mein Name ist Louis Huff-Andr\u00e9 und ich bin 13 Jahre alt. Ich gehe in die 9S2 und bin seit drei Jahren im Cam\u00e4leon. Ich lese gerne deutsche und franz\u00f6sische Comics und Krimis. Ich h\u00f6re mir auch gerne verschiedene Musikst\u00fccke an und versuche, sie auf dem Klavier zu spielen, wenn sie mir gefallen !\",\"url\":\"https:\\\/\\\/www.camaeleon.org\\\/de\\\/author\\\/louis-huff-andre\\\/\"}]}<\/script>\n<!-- \/ Yoast SEO plugin. -->","yoast_head_json":{"title":"Le mot de la semaine : #Libert\u00e9 d'expression - Cam\u00e4l\u00e9on","description":"\u00ab Le 7 janvier 2015, le terrorisme frappait Charlie Hebdo (magazine satirique fran\u00e7ais). Douze morts dont huit membres de la r\u00e9daction succombaient \u00e0 une fusillade qui dura moins de 2 minutes\u00bb, peut-on lire sur le site du Minist\u00e8re de la Culture.","robots":{"index":"index","follow":"follow","max-snippet":"max-snippet:-1","max-image-preview":"max-image-preview:large","max-video-preview":"max-video-preview:-1"},"canonical":"https:\/\/www.camaeleon.org\/de\/2025\/01\/11\/le-mot-de-la-semaine-liberte-dexpression\/","og_locale":"de_DE","og_type":"article","og_title":"Le mot de la semaine : #Libert\u00e9 d'expression - Cam\u00e4l\u00e9on","og_description":"\u00ab Le 7 janvier 2015, le terrorisme frappait Charlie Hebdo (magazine satirique fran\u00e7ais). Douze morts dont huit membres de la r\u00e9daction succombaient \u00e0 une fusillade qui dura moins de 2 minutes\u00bb, peut-on lire sur le site du Minist\u00e8re de la Culture.","og_url":"https:\/\/www.camaeleon.org\/de\/2025\/01\/11\/le-mot-de-la-semaine-liberte-dexpression\/","og_site_name":"Cam\u00e4l\u00e9on","article_publisher":"https:\/\/www.facebook.com\/camaeleon.org\/","article_published_time":"2025-01-11T17:28:39+00:00","article_modified_time":"2025-01-11T17:33:31+00:00","og_image":[{"width":2560,"height":1707,"url":"https:\/\/www.camaeleon.org\/wp-content\/uploads\/2025\/01\/melany-rochester-FAQ4RE76Nvs-unsplash-scaled.jpg","type":"image\/jpeg"}],"author":"Louis Huff-Andr\u00e9","twitter_card":"summary_large_image","twitter_creator":"@camaeleonOrg","twitter_site":"@camaeleonOrg","schema":{"@context":"https:\/\/schema.org","@graph":[{"@type":"Article","@id":"https:\/\/www.camaeleon.org\/2025\/01\/11\/le-mot-de-la-semaine-liberte-dexpression\/#article","isPartOf":{"@id":"https:\/\/www.camaeleon.org\/2025\/01\/11\/le-mot-de-la-semaine-liberte-dexpression\/"},"author":{"name":"Louis Huff-Andr\u00e9","@id":"https:\/\/www.camaeleon.org\/de\/#\/schema\/person\/cd46c7f8b1d7fe75eff89acdafc86cdd"},"headline":"Le mot de la semaine : #Libert\u00e9 d&#8217;expression","datePublished":"2025-01-11T17:28:39+00:00","dateModified":"2025-01-11T17:33:31+00:00","mainEntityOfPage":{"@id":"https:\/\/www.camaeleon.org\/2025\/01\/11\/le-mot-de-la-semaine-liberte-dexpression\/"},"wordCount":629,"commentCount":0,"publisher":{"@id":"https:\/\/www.camaeleon.org\/de\/#organization"},"image":{"@id":"https:\/\/www.camaeleon.org\/2025\/01\/11\/le-mot-de-la-semaine-liberte-dexpression\/#primaryimage"},"thumbnailUrl":"https:\/\/www.camaeleon.org\/wp-content\/uploads\/2025\/01\/melany-rochester-FAQ4RE76Nvs-unsplash-scaled.jpg","keywords":["Charlie Hebdo","Digital Services Act","Je suis Charlie","libert\u00e9 d'expression"],"articleSection":["Das Wort der Woche"],"inLanguage":"de","potentialAction":[{"@type":"CommentAction","name":"Comment","target":["https:\/\/www.camaeleon.org\/2025\/01\/11\/le-mot-de-la-semaine-liberte-dexpression\/#respond"]}]},{"@type":"WebPage","@id":"https:\/\/www.camaeleon.org\/de\/2025\/01\/11\/le-mot-de-la-semaine-liberte-dexpression\/","url":"https:\/\/www.camaeleon.org\/de\/2025\/01\/11\/le-mot-de-la-semaine-liberte-dexpression\/","name":"Le mot de la semaine : #Libert\u00e9 d'expression - Cam\u00e4l\u00e9on","isPartOf":{"@id":"https:\/\/www.camaeleon.org\/de\/#website"},"primaryImageOfPage":{"@id":"https:\/\/www.camaeleon.org\/de\/2025\/01\/11\/le-mot-de-la-semaine-liberte-dexpression\/#primaryimage"},"image":{"@id":"https:\/\/www.camaeleon.org\/2025\/01\/11\/le-mot-de-la-semaine-liberte-dexpression\/#primaryimage"},"thumbnailUrl":"https:\/\/www.camaeleon.org\/wp-content\/uploads\/2025\/01\/melany-rochester-FAQ4RE76Nvs-unsplash-scaled.jpg","datePublished":"2025-01-11T17:28:39+00:00","dateModified":"2025-01-11T17:33:31+00:00","description":"\u00ab Le 7 janvier 2015, le terrorisme frappait Charlie Hebdo (magazine satirique fran\u00e7ais). Douze morts dont huit membres de la r\u00e9daction succombaient \u00e0 une fusillade qui dura moins de 2 minutes\u00bb, peut-on lire sur le site du Minist\u00e8re de la Culture.","breadcrumb":{"@id":"https:\/\/www.camaeleon.org\/de\/2025\/01\/11\/le-mot-de-la-semaine-liberte-dexpression\/#breadcrumb"},"inLanguage":"de","potentialAction":[{"@type":"ReadAction","target":[["https:\/\/www.camaeleon.org\/de\/2025\/01\/11\/le-mot-de-la-semaine-liberte-dexpression\/"]]}]},{"@type":"ImageObject","inLanguage":"de","@id":"https:\/\/www.camaeleon.org\/de\/2025\/01\/11\/le-mot-de-la-semaine-liberte-dexpression\/#primaryimage","url":"https:\/\/www.camaeleon.org\/wp-content\/uploads\/2025\/01\/melany-rochester-FAQ4RE76Nvs-unsplash-scaled.jpg","contentUrl":"https:\/\/www.camaeleon.org\/wp-content\/uploads\/2025\/01\/melany-rochester-FAQ4RE76Nvs-unsplash-scaled.jpg","width":2560,"height":1707,"caption":"Photo : Foto von Melany Rochester auf Unsplash"},{"@type":"BreadcrumbList","@id":"https:\/\/www.camaeleon.org\/de\/2025\/01\/11\/le-mot-de-la-semaine-liberte-dexpression\/#breadcrumb","itemListElement":[{"@type":"ListItem","position":1,"name":"Home","item":"https:\/\/www.camaeleon.org\/de\/"},{"@type":"ListItem","position":2,"name":"Le mot de la semaine : #Libert\u00e9 d&#8217;expression"}]},{"@type":"WebSite","@id":"https:\/\/www.camaeleon.org\/de\/#website","url":"https:\/\/www.camaeleon.org\/de\/","name":"Cam\u00e4l\u00e9on","description":"Das Sch\u00fclermagazin des Deutsch-Franz\u00f6sischen Gymnasiums Saarbr\u00fccken","publisher":{"@id":"https:\/\/www.camaeleon.org\/de\/#organization"},"potentialAction":[{"@type":"SearchAction","target":{"@type":"EntryPoint","urlTemplate":"https:\/\/www.camaeleon.org\/de\/?s={search_term_string}"},"query-input":{"@type":"PropertyValueSpecification","valueRequired":true,"valueName":"search_term_string"}}],"inLanguage":"de"},{"@type":"Organization","@id":"https:\/\/www.camaeleon.org\/de\/#organization","name":"Cam\u00e4l\u00e9on","url":"https:\/\/www.camaeleon.org\/de\/","logo":{"@type":"ImageObject","inLanguage":"de","@id":"https:\/\/www.camaeleon.org\/de\/#\/schema\/logo\/image\/","url":"https:\/\/www.camaeleon.org\/wp-content\/uploads\/2011\/11\/CAM\u00c4LEON.jpg","contentUrl":"https:\/\/www.camaeleon.org\/wp-content\/uploads\/2011\/11\/CAM\u00c4LEON.jpg","width":959,"height":959,"caption":"Cam\u00e4l\u00e9on"},"image":{"@id":"https:\/\/www.camaeleon.org\/de\/#\/schema\/logo\/image\/"},"sameAs":["https:\/\/www.facebook.com\/camaeleon.org\/","https:\/\/x.com\/camaeleonOrg","https:\/\/www.instagram.com\/camaeleon.dfg\/","https:\/\/www.youtube.com\/channel\/UCl3TAUDdGuu_c7CD6ax6hYg"]},{"@type":"Person","@id":"https:\/\/www.camaeleon.org\/de\/#\/schema\/person\/cd46c7f8b1d7fe75eff89acdafc86cdd","name":"Louis Huff-Andr\u00e9","image":{"@type":"ImageObject","inLanguage":"de","@id":"https:\/\/www.camaeleon.org\/de\/wp-content\/uploads\/2023\/10\/andre-150x150.jpg9e7cb8ff4a023d8b2775108b6d99a22d","url":"https:\/\/www.camaeleon.org\/wp-content\/uploads\/2023\/10\/andre-150x150.jpg","contentUrl":"https:\/\/www.camaeleon.org\/wp-content\/uploads\/2023\/10\/andre-150x150.jpg","caption":"Louis Huff-Andr\u00e9"},"description":"Hallo, mein Name ist Louis Huff-Andr\u00e9 und ich bin 13 Jahre alt. Ich gehe in die 9S2 und bin seit drei Jahren im Cam\u00e4leon. Ich lese gerne deutsche und franz\u00f6sische Comics und Krimis. Ich h\u00f6re mir auch gerne verschiedene Musikst\u00fccke an und versuche, sie auf dem Klavier zu spielen, wenn sie mir gefallen !","url":"https:\/\/www.camaeleon.org\/de\/author\/louis-huff-andre\/"}]}},"_links":{"self":[{"href":"https:\/\/www.camaeleon.org\/de\/wp-json\/wp\/v2\/posts\/31855","targetHints":{"allow":["GET"]}}],"collection":[{"href":"https:\/\/www.camaeleon.org\/de\/wp-json\/wp\/v2\/posts"}],"about":[{"href":"https:\/\/www.camaeleon.org\/de\/wp-json\/wp\/v2\/types\/post"}],"author":[{"embeddable":true,"href":"https:\/\/www.camaeleon.org\/de\/wp-json\/wp\/v2\/users\/174"}],"replies":[{"embeddable":true,"href":"https:\/\/www.camaeleon.org\/de\/wp-json\/wp\/v2\/comments?post=31855"}],"version-history":[{"count":7,"href":"https:\/\/www.camaeleon.org\/de\/wp-json\/wp\/v2\/posts\/31855\/revisions"}],"predecessor-version":[{"id":31897,"href":"https:\/\/www.camaeleon.org\/de\/wp-json\/wp\/v2\/posts\/31855\/revisions\/31897"}],"wp:featuredmedia":[{"embeddable":true,"href":"https:\/\/www.camaeleon.org\/de\/wp-json\/wp\/v2\/media\/31883"}],"wp:attachment":[{"href":"https:\/\/www.camaeleon.org\/de\/wp-json\/wp\/v2\/media?parent=31855"}],"wp:term":[{"taxonomy":"category","embeddable":true,"href":"https:\/\/www.camaeleon.org\/de\/wp-json\/wp\/v2\/categories?post=31855"},{"taxonomy":"post_tag","embeddable":true,"href":"https:\/\/www.camaeleon.org\/de\/wp-json\/wp\/v2\/tags?post=31855"},{"taxonomy":"author","embeddable":true,"href":"https:\/\/www.camaeleon.org\/de\/wp-json\/wp\/v2\/coauthors?post=31855"}],"curies":[{"name":"wp","href":"https:\/\/api.w.org\/{rel}","templated":true}]}}