{"id":31761,"date":"2024-12-21T17:53:34","date_gmt":"2024-12-21T16:53:34","guid":{"rendered":"https:\/\/www.camaeleon.org\/?p=31761"},"modified":"2025-01-11T09:26:49","modified_gmt":"2025-01-11T08:26:49","slug":"mayotte-devastee-aidons-mayotte","status":"publish","type":"post","link":"https:\/\/www.camaeleon.org\/de\/2024\/12\/21\/mayotte-devastee-aidons-mayotte\/","title":{"rendered":"Le mot de la semaine : #Mayotte-d\u00e9vast\u00e9e. Aidons-Mayotte!"},"content":{"rendered":"<figure id=\"attachment_31762\" aria-describedby=\"caption-attachment-31762\" style=\"width: 300px\" class=\"wp-caption alignleft\"><img loading=\"lazy\" decoding=\"async\" class=\"wp-image-31762 size-medium\" src=\"https:\/\/www.camaeleon.org\/wp-content\/uploads\/2024\/12\/hurricane-matthew-1769040_1280.PaulBr75jpg-300x200.jpg\" alt=\"\" width=\"300\" height=\"200\" srcset=\"https:\/\/www.camaeleon.org\/wp-content\/uploads\/2024\/12\/hurricane-matthew-1769040_1280.PaulBr75jpg-300x200.jpg 300w, https:\/\/www.camaeleon.org\/wp-content\/uploads\/2024\/12\/hurricane-matthew-1769040_1280.PaulBr75jpg-880x586.jpg 880w, https:\/\/www.camaeleon.org\/wp-content\/uploads\/2024\/12\/hurricane-matthew-1769040_1280.PaulBr75jpg.jpg 1280w\" sizes=\"auto, (max-width: 300px) 100vw, 300px\" \/><figcaption id=\"caption-attachment-31762\" class=\"wp-caption-text\">Hurricane Matthew. Photo de Paulbr75. Pixabay.com<\/figcaption><\/figure>\n<p>Le samedi 14 d\u00e9cembre, le cyclone Chido a d\u00e9vast\u00e9 l&#8217;\u00eele fran\u00e7aise de Mayotte qui se situe dans l&#8217;oc\u00e9an Indien. Avec des vents soufflant \u00e0 plus de 220 km\/h, les d\u00e9g\u00e2ts provoqu\u00e9s en quelques heures sont consid\u00e9rables, les cons\u00e9quences humaines et mat\u00e9rielles colossales. Selon le pr\u00e9fet de l&#8217;\u00eele, on peut craindre des centaines, voire des milliers de morts. L&#8217;\u00eele n&#8217;est actuellement qu&#8217;un champ de ruines et, en raison de sa localisation, toute intervention d&#8217;ONG est tr\u00e8s on\u00e9reuse. C&#8217;est pourquoi, avant de vous souhaiter de tr\u00e8s belles f\u00eates de Noel et de fin d&#8217;ann\u00e9e ainsi qu&#8217;une ann\u00e9e 2025 sous le signe de l&#8217;action contre le r\u00e9chauffement climatique, Cam\u00e4l\u00e9on s&#8217;adresse \u00e0 vous pour un appel aux dons, en vous soumettant la liste d&#8217;ONG suivante :\u00a0<a href=\"https:\/\/www.associations.gouv.fr\/urgence-mayotte.html\">https:\/\/www.associations.gouv.fr\/urgence-mayotte.html<\/a><\/p>\n<p>Avant cette catastrophe climatique, 77% de la population mahoraise vivait d\u00e9j\u00e0 sous le seuil de pauvret\u00e9.<\/p>\n<div class=\"lyte-wrapper\" style=\"width:1280px;max-width:100%;margin:5px auto;\"><div class=\"lyMe hidef\" id=\"WYL_O1BWJlZ5U5k\"><div id=\"lyte_O1BWJlZ5U5k\" data-src=\"https:\/\/www.camaeleon.org\/wp-content\/plugins\/wp-youtube-lyte\/lyteCache.php?origThumbUrl=%2F%2Fi.ytimg.com%2Fvi%2FO1BWJlZ5U5k%2Fhqdefault.jpg\" class=\"pL\"><div class=\"tC\"><div class=\"tT\"><\/div><\/div><div class=\"play\"><\/div><div class=\"ctrl\"><div class=\"Lctrl\"><\/div><div class=\"Rctrl\"><\/div><\/div><\/div><noscript><a href=\"https:\/\/youtu.be\/O1BWJlZ5U5k\" rel=\"nofollow\"><img loading=\"lazy\" decoding=\"async\" src=\"https:\/\/www.camaeleon.org\/wp-content\/plugins\/wp-youtube-lyte\/lyteCache.php?origThumbUrl=https%3A%2F%2Fi.ytimg.com%2Fvi%2FO1BWJlZ5U5k%2F0.jpg\" alt=\"YouTube-Video-Vorschaubild\" width=\"1280\" height=\"700\" \/><br \/>Dieses Video auf YouTube ansehen<\/a><\/noscript><\/div><\/div><div class=\"lL\" style=\"max-width:100%;width:1280px;margin:5px auto;\"><br\/><span class=\"lyte_disclaimer\">Mit dem Klick auf das Video wird eine Verbindung zu YouTube hergestellt. Weitere Infos in der <a href=\"https:\/\/www.camaeleon.org\/de\/mentions-legales\/declaration-de-protection-des-donnees\/\">Datenschutzerkl\u00e4rung<\/a>.<\/span><\/div><\/p>\n","protected":false},"excerpt":{"rendered":"<p>Le samedi 14 d\u00e9cembre, le cyclone Chido a d\u00e9vast\u00e9 l&#8217;\u00eele fran\u00e7aise de Mayotte qui se situe dans l&#8217;oc\u00e9an Indien. Avec des vents soufflant \u00e0 plus<\/p>\n","protected":false},"author":177,"featured_media":31762,"comment_status":"open","ping_status":"closed","sticky":false,"template":"","format":"standard","meta":{"colormag_page_container_layout":"default_layout","colormag_page_sidebar_layout":"default_layout","footnotes":""},"categories":[864],"tags":[2582,2581,2101,1030,2580,1032],"coauthors":[2257],"class_list":["post-31761","post","type-post","status-publish","format-standard","has-post-thumbnail","hentry","category-le-mot-de-la-semaine","tag-chido","tag-cyclone","tag-klimakrise","tag-klimawandel","tag-mayotte","tag-rechauffement-climatique"],"yoast_head":"<!-- This site is optimized with the Yoast SEO plugin v27.5 - https:\/\/yoast.com\/product\/yoast-seo-wordpress\/ -->\n<title>Le mot de la semaine : #Mayotte-d\u00e9vast\u00e9e. Aidons-Mayotte! - Cam\u00e4l\u00e9on<\/title>\n<meta name=\"description\" content=\"Le samedi 14 d\u00e9cembre, le cyclone Chido a d\u00e9vast\u00e9 l&#039;\u00eele fran\u00e7aise de Mayotte qui se situe dans l&#039;oc\u00e9an Indien. Avec des vents soufflant \u00e0 plus de 220 km\/h, les d\u00e9g\u00e2ts provoqu\u00e9s en quelques heures sont consid\u00e9rables, les cons\u00e9quences mat\u00e9rielles et humaines colossales.\" \/>\n<meta name=\"robots\" content=\"index, follow, max-snippet:-1, max-image-preview:large, max-video-preview:-1\" \/>\n<link rel=\"canonical\" href=\"https:\/\/www.camaeleon.org\/de\/2024\/12\/21\/mayotte-devastee-aidons-mayotte\/\" \/>\n<meta property=\"og:locale\" content=\"de_DE\" \/>\n<meta property=\"og:type\" content=\"article\" \/>\n<meta property=\"og:title\" content=\"Le mot de la semaine : #Mayotte-d\u00e9vast\u00e9e. Aidons-Mayotte! - Cam\u00e4l\u00e9on\" \/>\n<meta property=\"og:description\" content=\"Le samedi 14 d\u00e9cembre, le cyclone Chido a d\u00e9vast\u00e9 l&#039;\u00eele fran\u00e7aise de Mayotte qui se situe dans l&#039;oc\u00e9an Indien. Avec des vents soufflant \u00e0 plus de 220 km\/h, les d\u00e9g\u00e2ts provoqu\u00e9s en quelques heures sont consid\u00e9rables, les cons\u00e9quences mat\u00e9rielles et humaines colossales.\" \/>\n<meta property=\"og:url\" content=\"https:\/\/www.camaeleon.org\/de\/2024\/12\/21\/mayotte-devastee-aidons-mayotte\/\" \/>\n<meta property=\"og:site_name\" content=\"Cam\u00e4l\u00e9on\" \/>\n<meta property=\"article:publisher\" content=\"https:\/\/www.facebook.com\/camaeleon.org\/\" \/>\n<meta property=\"article:published_time\" content=\"2024-12-21T16:53:34+00:00\" \/>\n<meta property=\"article:modified_time\" content=\"2025-01-11T08:26:49+00:00\" \/>\n<meta property=\"og:image\" content=\"https:\/\/www.camaeleon.org\/wp-content\/uploads\/2024\/12\/hurricane-matthew-1769040_1280.PaulBr75jpg.jpg\" \/>\n\t<meta property=\"og:image:width\" content=\"1280\" \/>\n\t<meta property=\"og:image:height\" content=\"853\" \/>\n\t<meta property=\"og:image:type\" content=\"image\/jpeg\" \/>\n<meta name=\"author\" content=\"Noah Deguilhem-Siebenborn\" \/>\n<meta name=\"twitter:card\" content=\"summary_large_image\" \/>\n<meta name=\"twitter:creator\" content=\"@camaeleonOrg\" \/>\n<meta name=\"twitter:site\" content=\"@camaeleonOrg\" \/>\n<script type=\"application\/ld+json\" class=\"yoast-schema-graph\">{\"@context\":\"https:\\\/\\\/schema.org\",\"@graph\":[{\"@type\":\"Article\",\"@id\":\"https:\\\/\\\/www.camaeleon.org\\\/2024\\\/12\\\/21\\\/mayotte-devastee-aidons-mayotte\\\/#article\",\"isPartOf\":{\"@id\":\"https:\\\/\\\/www.camaeleon.org\\\/2024\\\/12\\\/21\\\/mayotte-devastee-aidons-mayotte\\\/\"},\"author\":{\"name\":\"Noah Deguilhem-Siebenborn\",\"@id\":\"https:\\\/\\\/www.camaeleon.org\\\/de\\\/#\\\/schema\\\/person\\\/e9aac5847be7c1ae8e97fbc2fbdfd11d\"},\"headline\":\"Le mot de la semaine : #Mayotte-d\u00e9vast\u00e9e. Aidons-Mayotte!\",\"datePublished\":\"2024-12-21T16:53:34+00:00\",\"dateModified\":\"2025-01-11T08:26:49+00:00\",\"mainEntityOfPage\":{\"@id\":\"https:\\\/\\\/www.camaeleon.org\\\/2024\\\/12\\\/21\\\/mayotte-devastee-aidons-mayotte\\\/\"},\"wordCount\":196,\"commentCount\":0,\"publisher\":{\"@id\":\"https:\\\/\\\/www.camaeleon.org\\\/de\\\/#organization\"},\"image\":{\"@id\":\"https:\\\/\\\/www.camaeleon.org\\\/2024\\\/12\\\/21\\\/mayotte-devastee-aidons-mayotte\\\/#primaryimage\"},\"thumbnailUrl\":\"https:\\\/\\\/www.camaeleon.org\\\/wp-content\\\/uploads\\\/2024\\\/12\\\/hurricane-matthew-1769040_1280.PaulBr75jpg.jpg\",\"keywords\":[\"Chido\",\"cyclone\",\"Klimakrise\",\"Klimawandel\",\"Mayotte\",\"r\u00e9chauffement climatique\"],\"articleSection\":[\"Das Wort der Woche\"],\"inLanguage\":\"de\",\"potentialAction\":[{\"@type\":\"CommentAction\",\"name\":\"Comment\",\"target\":[\"https:\\\/\\\/www.camaeleon.org\\\/2024\\\/12\\\/21\\\/mayotte-devastee-aidons-mayotte\\\/#respond\"]}]},{\"@type\":\"WebPage\",\"@id\":\"https:\\\/\\\/www.camaeleon.org\\\/de\\\/2024\\\/12\\\/21\\\/mayotte-devastee-aidons-mayotte\\\/\",\"url\":\"https:\\\/\\\/www.camaeleon.org\\\/de\\\/2024\\\/12\\\/21\\\/mayotte-devastee-aidons-mayotte\\\/\",\"name\":\"Le mot de la semaine : #Mayotte-d\u00e9vast\u00e9e. Aidons-Mayotte! - Cam\u00e4l\u00e9on\",\"isPartOf\":{\"@id\":\"https:\\\/\\\/www.camaeleon.org\\\/de\\\/#website\"},\"primaryImageOfPage\":{\"@id\":\"https:\\\/\\\/www.camaeleon.org\\\/de\\\/2024\\\/12\\\/21\\\/mayotte-devastee-aidons-mayotte\\\/#primaryimage\"},\"image\":{\"@id\":\"https:\\\/\\\/www.camaeleon.org\\\/2024\\\/12\\\/21\\\/mayotte-devastee-aidons-mayotte\\\/#primaryimage\"},\"thumbnailUrl\":\"https:\\\/\\\/www.camaeleon.org\\\/wp-content\\\/uploads\\\/2024\\\/12\\\/hurricane-matthew-1769040_1280.PaulBr75jpg.jpg\",\"datePublished\":\"2024-12-21T16:53:34+00:00\",\"dateModified\":\"2025-01-11T08:26:49+00:00\",\"description\":\"Le samedi 14 d\u00e9cembre, le cyclone Chido a d\u00e9vast\u00e9 l'\u00eele fran\u00e7aise de Mayotte qui se situe dans l'oc\u00e9an Indien. Avec des vents soufflant \u00e0 plus de 220 km\\\/h, les d\u00e9g\u00e2ts provoqu\u00e9s en quelques heures sont consid\u00e9rables, les cons\u00e9quences mat\u00e9rielles et humaines colossales.\",\"breadcrumb\":{\"@id\":\"https:\\\/\\\/www.camaeleon.org\\\/de\\\/2024\\\/12\\\/21\\\/mayotte-devastee-aidons-mayotte\\\/#breadcrumb\"},\"inLanguage\":\"de\",\"potentialAction\":[{\"@type\":\"ReadAction\",\"target\":[[\"https:\\\/\\\/www.camaeleon.org\\\/de\\\/2024\\\/12\\\/21\\\/mayotte-devastee-aidons-mayotte\\\/\"]]}]},{\"@type\":\"ImageObject\",\"inLanguage\":\"de\",\"@id\":\"https:\\\/\\\/www.camaeleon.org\\\/de\\\/2024\\\/12\\\/21\\\/mayotte-devastee-aidons-mayotte\\\/#primaryimage\",\"url\":\"https:\\\/\\\/www.camaeleon.org\\\/wp-content\\\/uploads\\\/2024\\\/12\\\/hurricane-matthew-1769040_1280.PaulBr75jpg.jpg\",\"contentUrl\":\"https:\\\/\\\/www.camaeleon.org\\\/wp-content\\\/uploads\\\/2024\\\/12\\\/hurricane-matthew-1769040_1280.PaulBr75jpg.jpg\",\"width\":1280,\"height\":853},{\"@type\":\"BreadcrumbList\",\"@id\":\"https:\\\/\\\/www.camaeleon.org\\\/de\\\/2024\\\/12\\\/21\\\/mayotte-devastee-aidons-mayotte\\\/#breadcrumb\",\"itemListElement\":[{\"@type\":\"ListItem\",\"position\":1,\"name\":\"Home\",\"item\":\"https:\\\/\\\/www.camaeleon.org\\\/de\\\/\"},{\"@type\":\"ListItem\",\"position\":2,\"name\":\"Le mot de la semaine : #Mayotte-d\u00e9vast\u00e9e. Aidons-Mayotte!\"}]},{\"@type\":\"WebSite\",\"@id\":\"https:\\\/\\\/www.camaeleon.org\\\/de\\\/#website\",\"url\":\"https:\\\/\\\/www.camaeleon.org\\\/de\\\/\",\"name\":\"Cam\u00e4l\u00e9on\",\"description\":\"Das Sch\u00fclermagazin des Deutsch-Franz\u00f6sischen Gymnasiums Saarbr\u00fccken\",\"publisher\":{\"@id\":\"https:\\\/\\\/www.camaeleon.org\\\/de\\\/#organization\"},\"potentialAction\":[{\"@type\":\"SearchAction\",\"target\":{\"@type\":\"EntryPoint\",\"urlTemplate\":\"https:\\\/\\\/www.camaeleon.org\\\/de\\\/?s={search_term_string}\"},\"query-input\":{\"@type\":\"PropertyValueSpecification\",\"valueRequired\":true,\"valueName\":\"search_term_string\"}}],\"inLanguage\":\"de\"},{\"@type\":\"Organization\",\"@id\":\"https:\\\/\\\/www.camaeleon.org\\\/de\\\/#organization\",\"name\":\"Cam\u00e4l\u00e9on\",\"url\":\"https:\\\/\\\/www.camaeleon.org\\\/de\\\/\",\"logo\":{\"@type\":\"ImageObject\",\"inLanguage\":\"de\",\"@id\":\"https:\\\/\\\/www.camaeleon.org\\\/de\\\/#\\\/schema\\\/logo\\\/image\\\/\",\"url\":\"https:\\\/\\\/www.camaeleon.org\\\/wp-content\\\/uploads\\\/2011\\\/11\\\/CAM\u00c4LEON.jpg\",\"contentUrl\":\"https:\\\/\\\/www.camaeleon.org\\\/wp-content\\\/uploads\\\/2011\\\/11\\\/CAM\u00c4LEON.jpg\",\"width\":959,\"height\":959,\"caption\":\"Cam\u00e4l\u00e9on\"},\"image\":{\"@id\":\"https:\\\/\\\/www.camaeleon.org\\\/de\\\/#\\\/schema\\\/logo\\\/image\\\/\"},\"sameAs\":[\"https:\\\/\\\/www.facebook.com\\\/camaeleon.org\\\/\",\"https:\\\/\\\/x.com\\\/camaeleonOrg\",\"https:\\\/\\\/www.instagram.com\\\/camaeleon.dfg\\\/\",\"https:\\\/\\\/www.youtube.com\\\/channel\\\/UCl3TAUDdGuu_c7CD6ax6hYg\"]},{\"@type\":\"Person\",\"@id\":\"https:\\\/\\\/www.camaeleon.org\\\/de\\\/#\\\/schema\\\/person\\\/e9aac5847be7c1ae8e97fbc2fbdfd11d\",\"name\":\"Noah Deguilhem-Siebenborn\",\"image\":{\"@type\":\"ImageObject\",\"inLanguage\":\"de\",\"@id\":\"https:\\\/\\\/www.camaeleon.org\\\/de\\\/wp-content\\\/uploads\\\/2023\\\/10\\\/noah-150x150.jpeg01e8de72907416dc5036380f8bd03dae\",\"url\":\"https:\\\/\\\/www.camaeleon.org\\\/wp-content\\\/uploads\\\/2023\\\/10\\\/noah-150x150.jpeg\",\"contentUrl\":\"https:\\\/\\\/www.camaeleon.org\\\/wp-content\\\/uploads\\\/2023\\\/10\\\/noah-150x150.jpeg\",\"caption\":\"Noah Deguilhem-Siebenborn\"},\"description\":\"Hallo! Ich hei\u00dfe Noah. Ich bin 11 Jahre alt. Ich bin seit 2023 bei Cam\u00e4l\u00e9on. Ich spiele gern Klavier, Theater, lese gern Comics und Romane, zeichne und bastle gern und mache Fechten.\",\"url\":\"https:\\\/\\\/www.camaeleon.org\\\/de\\\/author\\\/noah-deguilhem-siebenborn\\\/\"}]}<\/script>\n<!-- \/ Yoast SEO plugin. -->","yoast_head_json":{"title":"Le mot de la semaine : #Mayotte-d\u00e9vast\u00e9e. Aidons-Mayotte! - Cam\u00e4l\u00e9on","description":"Le samedi 14 d\u00e9cembre, le cyclone Chido a d\u00e9vast\u00e9 l'\u00eele fran\u00e7aise de Mayotte qui se situe dans l'oc\u00e9an Indien. Avec des vents soufflant \u00e0 plus de 220 km\/h, les d\u00e9g\u00e2ts provoqu\u00e9s en quelques heures sont consid\u00e9rables, les cons\u00e9quences mat\u00e9rielles et humaines colossales.","robots":{"index":"index","follow":"follow","max-snippet":"max-snippet:-1","max-image-preview":"max-image-preview:large","max-video-preview":"max-video-preview:-1"},"canonical":"https:\/\/www.camaeleon.org\/de\/2024\/12\/21\/mayotte-devastee-aidons-mayotte\/","og_locale":"de_DE","og_type":"article","og_title":"Le mot de la semaine : #Mayotte-d\u00e9vast\u00e9e. Aidons-Mayotte! - Cam\u00e4l\u00e9on","og_description":"Le samedi 14 d\u00e9cembre, le cyclone Chido a d\u00e9vast\u00e9 l'\u00eele fran\u00e7aise de Mayotte qui se situe dans l'oc\u00e9an Indien. Avec des vents soufflant \u00e0 plus de 220 km\/h, les d\u00e9g\u00e2ts provoqu\u00e9s en quelques heures sont consid\u00e9rables, les cons\u00e9quences mat\u00e9rielles et humaines colossales.","og_url":"https:\/\/www.camaeleon.org\/de\/2024\/12\/21\/mayotte-devastee-aidons-mayotte\/","og_site_name":"Cam\u00e4l\u00e9on","article_publisher":"https:\/\/www.facebook.com\/camaeleon.org\/","article_published_time":"2024-12-21T16:53:34+00:00","article_modified_time":"2025-01-11T08:26:49+00:00","og_image":[{"width":1280,"height":853,"url":"https:\/\/www.camaeleon.org\/wp-content\/uploads\/2024\/12\/hurricane-matthew-1769040_1280.PaulBr75jpg.jpg","type":"image\/jpeg"}],"author":"Noah Deguilhem-Siebenborn","twitter_card":"summary_large_image","twitter_creator":"@camaeleonOrg","twitter_site":"@camaeleonOrg","schema":{"@context":"https:\/\/schema.org","@graph":[{"@type":"Article","@id":"https:\/\/www.camaeleon.org\/2024\/12\/21\/mayotte-devastee-aidons-mayotte\/#article","isPartOf":{"@id":"https:\/\/www.camaeleon.org\/2024\/12\/21\/mayotte-devastee-aidons-mayotte\/"},"author":{"name":"Noah Deguilhem-Siebenborn","@id":"https:\/\/www.camaeleon.org\/de\/#\/schema\/person\/e9aac5847be7c1ae8e97fbc2fbdfd11d"},"headline":"Le mot de la semaine : #Mayotte-d\u00e9vast\u00e9e. Aidons-Mayotte!","datePublished":"2024-12-21T16:53:34+00:00","dateModified":"2025-01-11T08:26:49+00:00","mainEntityOfPage":{"@id":"https:\/\/www.camaeleon.org\/2024\/12\/21\/mayotte-devastee-aidons-mayotte\/"},"wordCount":196,"commentCount":0,"publisher":{"@id":"https:\/\/www.camaeleon.org\/de\/#organization"},"image":{"@id":"https:\/\/www.camaeleon.org\/2024\/12\/21\/mayotte-devastee-aidons-mayotte\/#primaryimage"},"thumbnailUrl":"https:\/\/www.camaeleon.org\/wp-content\/uploads\/2024\/12\/hurricane-matthew-1769040_1280.PaulBr75jpg.jpg","keywords":["Chido","cyclone","Klimakrise","Klimawandel","Mayotte","r\u00e9chauffement climatique"],"articleSection":["Das Wort der Woche"],"inLanguage":"de","potentialAction":[{"@type":"CommentAction","name":"Comment","target":["https:\/\/www.camaeleon.org\/2024\/12\/21\/mayotte-devastee-aidons-mayotte\/#respond"]}]},{"@type":"WebPage","@id":"https:\/\/www.camaeleon.org\/de\/2024\/12\/21\/mayotte-devastee-aidons-mayotte\/","url":"https:\/\/www.camaeleon.org\/de\/2024\/12\/21\/mayotte-devastee-aidons-mayotte\/","name":"Le mot de la semaine : #Mayotte-d\u00e9vast\u00e9e. Aidons-Mayotte! - Cam\u00e4l\u00e9on","isPartOf":{"@id":"https:\/\/www.camaeleon.org\/de\/#website"},"primaryImageOfPage":{"@id":"https:\/\/www.camaeleon.org\/de\/2024\/12\/21\/mayotte-devastee-aidons-mayotte\/#primaryimage"},"image":{"@id":"https:\/\/www.camaeleon.org\/2024\/12\/21\/mayotte-devastee-aidons-mayotte\/#primaryimage"},"thumbnailUrl":"https:\/\/www.camaeleon.org\/wp-content\/uploads\/2024\/12\/hurricane-matthew-1769040_1280.PaulBr75jpg.jpg","datePublished":"2024-12-21T16:53:34+00:00","dateModified":"2025-01-11T08:26:49+00:00","description":"Le samedi 14 d\u00e9cembre, le cyclone Chido a d\u00e9vast\u00e9 l'\u00eele fran\u00e7aise de Mayotte qui se situe dans l'oc\u00e9an Indien. Avec des vents soufflant \u00e0 plus de 220 km\/h, les d\u00e9g\u00e2ts provoqu\u00e9s en quelques heures sont consid\u00e9rables, les cons\u00e9quences mat\u00e9rielles et humaines colossales.","breadcrumb":{"@id":"https:\/\/www.camaeleon.org\/de\/2024\/12\/21\/mayotte-devastee-aidons-mayotte\/#breadcrumb"},"inLanguage":"de","potentialAction":[{"@type":"ReadAction","target":[["https:\/\/www.camaeleon.org\/de\/2024\/12\/21\/mayotte-devastee-aidons-mayotte\/"]]}]},{"@type":"ImageObject","inLanguage":"de","@id":"https:\/\/www.camaeleon.org\/de\/2024\/12\/21\/mayotte-devastee-aidons-mayotte\/#primaryimage","url":"https:\/\/www.camaeleon.org\/wp-content\/uploads\/2024\/12\/hurricane-matthew-1769040_1280.PaulBr75jpg.jpg","contentUrl":"https:\/\/www.camaeleon.org\/wp-content\/uploads\/2024\/12\/hurricane-matthew-1769040_1280.PaulBr75jpg.jpg","width":1280,"height":853},{"@type":"BreadcrumbList","@id":"https:\/\/www.camaeleon.org\/de\/2024\/12\/21\/mayotte-devastee-aidons-mayotte\/#breadcrumb","itemListElement":[{"@type":"ListItem","position":1,"name":"Home","item":"https:\/\/www.camaeleon.org\/de\/"},{"@type":"ListItem","position":2,"name":"Le mot de la semaine : #Mayotte-d\u00e9vast\u00e9e. Aidons-Mayotte!"}]},{"@type":"WebSite","@id":"https:\/\/www.camaeleon.org\/de\/#website","url":"https:\/\/www.camaeleon.org\/de\/","name":"Cam\u00e4l\u00e9on","description":"Das Sch\u00fclermagazin des Deutsch-Franz\u00f6sischen Gymnasiums Saarbr\u00fccken","publisher":{"@id":"https:\/\/www.camaeleon.org\/de\/#organization"},"potentialAction":[{"@type":"SearchAction","target":{"@type":"EntryPoint","urlTemplate":"https:\/\/www.camaeleon.org\/de\/?s={search_term_string}"},"query-input":{"@type":"PropertyValueSpecification","valueRequired":true,"valueName":"search_term_string"}}],"inLanguage":"de"},{"@type":"Organization","@id":"https:\/\/www.camaeleon.org\/de\/#organization","name":"Cam\u00e4l\u00e9on","url":"https:\/\/www.camaeleon.org\/de\/","logo":{"@type":"ImageObject","inLanguage":"de","@id":"https:\/\/www.camaeleon.org\/de\/#\/schema\/logo\/image\/","url":"https:\/\/www.camaeleon.org\/wp-content\/uploads\/2011\/11\/CAM\u00c4LEON.jpg","contentUrl":"https:\/\/www.camaeleon.org\/wp-content\/uploads\/2011\/11\/CAM\u00c4LEON.jpg","width":959,"height":959,"caption":"Cam\u00e4l\u00e9on"},"image":{"@id":"https:\/\/www.camaeleon.org\/de\/#\/schema\/logo\/image\/"},"sameAs":["https:\/\/www.facebook.com\/camaeleon.org\/","https:\/\/x.com\/camaeleonOrg","https:\/\/www.instagram.com\/camaeleon.dfg\/","https:\/\/www.youtube.com\/channel\/UCl3TAUDdGuu_c7CD6ax6hYg"]},{"@type":"Person","@id":"https:\/\/www.camaeleon.org\/de\/#\/schema\/person\/e9aac5847be7c1ae8e97fbc2fbdfd11d","name":"Noah Deguilhem-Siebenborn","image":{"@type":"ImageObject","inLanguage":"de","@id":"https:\/\/www.camaeleon.org\/de\/wp-content\/uploads\/2023\/10\/noah-150x150.jpeg01e8de72907416dc5036380f8bd03dae","url":"https:\/\/www.camaeleon.org\/wp-content\/uploads\/2023\/10\/noah-150x150.jpeg","contentUrl":"https:\/\/www.camaeleon.org\/wp-content\/uploads\/2023\/10\/noah-150x150.jpeg","caption":"Noah Deguilhem-Siebenborn"},"description":"Hallo! Ich hei\u00dfe Noah. Ich bin 11 Jahre alt. Ich bin seit 2023 bei Cam\u00e4l\u00e9on. Ich spiele gern Klavier, Theater, lese gern Comics und Romane, zeichne und bastle gern und mache Fechten.","url":"https:\/\/www.camaeleon.org\/de\/author\/noah-deguilhem-siebenborn\/"}]}},"_links":{"self":[{"href":"https:\/\/www.camaeleon.org\/de\/wp-json\/wp\/v2\/posts\/31761","targetHints":{"allow":["GET"]}}],"collection":[{"href":"https:\/\/www.camaeleon.org\/de\/wp-json\/wp\/v2\/posts"}],"about":[{"href":"https:\/\/www.camaeleon.org\/de\/wp-json\/wp\/v2\/types\/post"}],"author":[{"embeddable":true,"href":"https:\/\/www.camaeleon.org\/de\/wp-json\/wp\/v2\/users\/177"}],"replies":[{"embeddable":true,"href":"https:\/\/www.camaeleon.org\/de\/wp-json\/wp\/v2\/comments?post=31761"}],"version-history":[{"count":3,"href":"https:\/\/www.camaeleon.org\/de\/wp-json\/wp\/v2\/posts\/31761\/revisions"}],"predecessor-version":[{"id":31766,"href":"https:\/\/www.camaeleon.org\/de\/wp-json\/wp\/v2\/posts\/31761\/revisions\/31766"}],"wp:featuredmedia":[{"embeddable":true,"href":"https:\/\/www.camaeleon.org\/de\/wp-json\/wp\/v2\/media\/31762"}],"wp:attachment":[{"href":"https:\/\/www.camaeleon.org\/de\/wp-json\/wp\/v2\/media?parent=31761"}],"wp:term":[{"taxonomy":"category","embeddable":true,"href":"https:\/\/www.camaeleon.org\/de\/wp-json\/wp\/v2\/categories?post=31761"},{"taxonomy":"post_tag","embeddable":true,"href":"https:\/\/www.camaeleon.org\/de\/wp-json\/wp\/v2\/tags?post=31761"},{"taxonomy":"author","embeddable":true,"href":"https:\/\/www.camaeleon.org\/de\/wp-json\/wp\/v2\/coauthors?post=31761"}],"curies":[{"name":"wp","href":"https:\/\/api.w.org\/{rel}","templated":true}]}}