{"id":31698,"date":"2024-12-08T20:48:59","date_gmt":"2024-12-08T19:48:59","guid":{"rendered":"https:\/\/www.camaeleon.org\/?p=31698"},"modified":"2024-12-10T08:33:50","modified_gmt":"2024-12-10T07:33:50","slug":"das-wort-der-woche-regierungskrise-in-frankreich","status":"publish","type":"post","link":"https:\/\/www.camaeleon.org\/de\/2024\/12\/08\/das-wort-der-woche-regierungskrise-in-frankreich\/","title":{"rendered":"Das Wort der Woche: #Regierungskrise in Frankreich"},"content":{"rendered":"<figure id=\"attachment_31730\" aria-describedby=\"caption-attachment-31730\" style=\"width: 400px\" class=\"wp-caption alignleft\"><a href=\"https:\/\/www.camaeleon.org\/wp-content\/uploads\/2024\/12\/Colonnade-5.jpg\"><img loading=\"lazy\" decoding=\"async\" class=\"wp-image-31730\" src=\"https:\/\/www.camaeleon.org\/wp-content\/uploads\/2024\/12\/Colonnade-5-300x167.jpg\" alt=\"Assembl\u00e9e Nationale\" width=\"400\" height=\"223\" srcset=\"https:\/\/www.camaeleon.org\/wp-content\/uploads\/2024\/12\/Colonnade-5-300x167.jpg 300w, https:\/\/www.camaeleon.org\/wp-content\/uploads\/2024\/12\/Colonnade-5-880x490.jpg 880w, https:\/\/www.camaeleon.org\/wp-content\/uploads\/2024\/12\/Colonnade-5-1536x855.jpg 1536w, https:\/\/www.camaeleon.org\/wp-content\/uploads\/2024\/12\/Colonnade-5-800x445.jpg 800w, https:\/\/www.camaeleon.org\/wp-content\/uploads\/2024\/12\/Colonnade-5.jpg 2000w\" sizes=\"auto, (max-width: 400px) 100vw, 400px\" \/><\/a><figcaption id=\"caption-attachment-31730\" class=\"wp-caption-text\">Photo: Assembl\u00e9e Nationale<\/figcaption><\/figure>\n<p>Mit einem Misstrauensvotum hat die Opposition den franz\u00f6sischen Premierminister Michel Barnier zu Fall gebracht. Nach nur drei Monaten im Amt muss Barnier seinen R\u00fccktritt einreichen. Hintergrund war der Streit um den Haushalt. Aufgrund der hohen Staatsverschuldung hatte Barnier massive Sparpl\u00e4ne vorgeschlagen.<\/p>\n<p>Diese Pl\u00e4ne wollte das Parlament allerdings nicht mittragen. Seit den von Macron ausgerufenen Neuwahlen nach den Europawahlen hat seine Regierung keine Mehrheit mehr im Parlament. Damals hatte das links-gr\u00fcne B\u00fcndnis &#8222;Nouveau Front Populaire&#8220; (NFP) die meisten Sitze erhalten, jedoch keine Mehrheit erzielt. Pr\u00e4sident Macron forderte sie allerdings nicht, wie sonst \u00fcblich, zur Regierungsbildung auf.<\/p>\n<p>Durch Zugest\u00e4ndnisse an die extreme Rechte im Parlament versuchte sich Premierminister Barnier hingegen die Zustimmung f\u00fcr einzelne Gesetzesvorhaben zu sichern. Dieser Versuch scheiterte. Trotz der Ann\u00e4herung an das rechtsextreme Lager fand Barnier keinen R\u00fcckhalt f\u00fcr seine Pl\u00e4ne im Parlament.<\/p>\n<p>Mit einem Dekret wollte Barnier am Parlament vorbei seine Haushaltspl\u00e4ne durchsetzen. Die Opposition wollte das verhindern. Aus den Reihen der Linken und des Rassemblement National (RN) kam daher jeweils ein Misstrauensantrag. Da der Antrag der Linken die meisten Unterschriften der Abgeordneten erhalten hatte, wurde dar\u00fcber zuerst abgestimmt. Das extrem-rechte Rassemblement National (RN) stimmte diesem zu.<\/p>\n<p>Von Barniers Haushaltspl\u00e4nen w\u00e4ren unter anderem Beamte, d.h. auch Lehrerinnen und Lehrer betroffen gewesen. Um den angeschlagenen Haushalt aufzubessern, sollte die Karenzzeit der Lehrkr\u00e4fte auf 3 Tage erh\u00f6ht werden. Im Falle einer Krankheit sollten diese also zuk\u00fcnftig &#8211; trotz \u00e4rztlichen Attests &#8211; f\u00fcr die ersten drei Tage nicht mehr bezahlt werden. Im Falle einer \u00fcber die drei Tage hinausgehenden Krankschreibung sollte ihr Lohn dar\u00fcber hinaus um 10% gek\u00fcrzt werden. Das sorgte f\u00fcr massiven Unmut. Lehrerinnen und Lehrer bef\u00fcrchteten eine weitere Verschlechterung der Arbeitsbedingungen und der Bezahlung. Auch am DFG streikten unter anderem daher am Mittwoch die franz\u00f6sischen Lehrerinnen und Lehrer.<\/p>\n<p>Die politische Unzufriedenheit in Frankreich scheint gro\u00df. Unterdessen hat Macron trotz des fehlenden R\u00fcckhalts im Parlament angek\u00fcndigt, nicht zur\u00fccktreten zu wollen. Die politische Situation scheint ausweglos. Neuwahlen sind erst im Sommer des n\u00e4chsten Jahres wieder m\u00f6glich. Bis Pr\u00e4sident Macron eine Nachfolgerin oder einen Nachfolger f\u00fcr Barnier gefunden hat, bleibt dieser vor\u00fcbergehend im Amt.<\/p>\n","protected":false},"excerpt":{"rendered":"<p>Mit einem Misstrauensvotum hat die Opposition den franz\u00f6sischen Premierminister Michel Barnier zu Fall gebracht. Nach nur drei Monaten im Amt muss Barnier seinen R\u00fccktritt einreichen.<\/p>\n","protected":false},"author":143,"featured_media":31730,"comment_status":"open","ping_status":"closed","sticky":false,"template":"","format":"standard","meta":{"colormag_page_container_layout":"default_layout","colormag_page_sidebar_layout":"default_layout","footnotes":""},"categories":[864],"tags":[2214,2575,2573,2576,2577,2574,2215],"coauthors":[1208],"class_list":["post-31698","post","type-post","status-publish","format-standard","has-post-thumbnail","hentry","category-le-mot-de-la-semaine","tag-greve","tag-macron","tag-michel-barnier","tag-nouveau-front-populaire","tag-rassemblement-national","tag-staatsverschuldung","tag-streik"],"yoast_head":"<!-- This site is optimized with the Yoast SEO plugin v27.4 - https:\/\/yoast.com\/product\/yoast-seo-wordpress\/ -->\n<title>Das Wort der Woche: #Regierungskrise in Frankreich - Cam\u00e4l\u00e9on<\/title>\n<meta name=\"robots\" content=\"index, follow, max-snippet:-1, max-image-preview:large, max-video-preview:-1\" \/>\n<link rel=\"canonical\" href=\"https:\/\/www.camaeleon.org\/de\/2024\/12\/08\/das-wort-der-woche-regierungskrise-in-frankreich\/\" \/>\n<meta property=\"og:locale\" content=\"de_DE\" \/>\n<meta property=\"og:type\" content=\"article\" \/>\n<meta property=\"og:title\" content=\"Das Wort der Woche: #Regierungskrise in Frankreich - Cam\u00e4l\u00e9on\" \/>\n<meta property=\"og:description\" content=\"Mit einem Misstrauensvotum hat die Opposition den franz\u00f6sischen Premierminister Michel Barnier zu Fall gebracht. Nach nur drei Monaten im Amt muss Barnier seinen R\u00fccktritt einreichen.\" \/>\n<meta property=\"og:url\" content=\"https:\/\/www.camaeleon.org\/de\/2024\/12\/08\/das-wort-der-woche-regierungskrise-in-frankreich\/\" \/>\n<meta property=\"og:site_name\" content=\"Cam\u00e4l\u00e9on\" \/>\n<meta property=\"article:publisher\" content=\"https:\/\/www.facebook.com\/camaeleon.org\/\" \/>\n<meta property=\"article:published_time\" content=\"2024-12-08T19:48:59+00:00\" \/>\n<meta property=\"article:modified_time\" content=\"2024-12-10T07:33:50+00:00\" \/>\n<meta property=\"og:image\" content=\"https:\/\/www.camaeleon.org\/wp-content\/uploads\/2024\/12\/Colonnade-5.jpg\" \/>\n\t<meta property=\"og:image:width\" content=\"2000\" \/>\n\t<meta property=\"og:image:height\" content=\"1113\" \/>\n\t<meta property=\"og:image:type\" content=\"image\/jpeg\" \/>\n<meta name=\"author\" content=\"Julian Bidot\" \/>\n<meta name=\"twitter:card\" content=\"summary_large_image\" \/>\n<meta name=\"twitter:creator\" content=\"@camaeleonOrg\" \/>\n<meta name=\"twitter:site\" content=\"@camaeleonOrg\" \/>\n<script type=\"application\/ld+json\" class=\"yoast-schema-graph\">{\"@context\":\"https:\\\/\\\/schema.org\",\"@graph\":[{\"@type\":\"Article\",\"@id\":\"https:\\\/\\\/www.camaeleon.org\\\/2024\\\/12\\\/08\\\/das-wort-der-woche-regierungskrise-in-frankreich\\\/#article\",\"isPartOf\":{\"@id\":\"https:\\\/\\\/www.camaeleon.org\\\/2024\\\/12\\\/08\\\/das-wort-der-woche-regierungskrise-in-frankreich\\\/\"},\"author\":{\"name\":\"Julian Bidot\",\"@id\":\"https:\\\/\\\/www.camaeleon.org\\\/de\\\/#\\\/schema\\\/person\\\/4df212263ca8d70a0a60b3cdf9cb792e\"},\"headline\":\"Das Wort der Woche: #Regierungskrise in Frankreich\",\"datePublished\":\"2024-12-08T19:48:59+00:00\",\"dateModified\":\"2024-12-10T07:33:50+00:00\",\"mainEntityOfPage\":{\"@id\":\"https:\\\/\\\/www.camaeleon.org\\\/2024\\\/12\\\/08\\\/das-wort-der-woche-regierungskrise-in-frankreich\\\/\"},\"wordCount\":393,\"commentCount\":0,\"publisher\":{\"@id\":\"https:\\\/\\\/www.camaeleon.org\\\/de\\\/#organization\"},\"image\":{\"@id\":\"https:\\\/\\\/www.camaeleon.org\\\/2024\\\/12\\\/08\\\/das-wort-der-woche-regierungskrise-in-frankreich\\\/#primaryimage\"},\"thumbnailUrl\":\"https:\\\/\\\/www.camaeleon.org\\\/wp-content\\\/uploads\\\/2024\\\/12\\\/Colonnade-5.jpg\",\"keywords\":[\"Gr\u00e8ve\",\"Macron\",\"Michel Barnier\",\"Nouveau Front Populaire\",\"Rassemblement National\",\"Staatsverschuldung\",\"Streik\"],\"articleSection\":[\"Das Wort der Woche\"],\"inLanguage\":\"de\",\"potentialAction\":[{\"@type\":\"CommentAction\",\"name\":\"Comment\",\"target\":[\"https:\\\/\\\/www.camaeleon.org\\\/2024\\\/12\\\/08\\\/das-wort-der-woche-regierungskrise-in-frankreich\\\/#respond\"]}]},{\"@type\":\"WebPage\",\"@id\":\"https:\\\/\\\/www.camaeleon.org\\\/de\\\/2024\\\/12\\\/08\\\/das-wort-der-woche-regierungskrise-in-frankreich\\\/\",\"url\":\"https:\\\/\\\/www.camaeleon.org\\\/de\\\/2024\\\/12\\\/08\\\/das-wort-der-woche-regierungskrise-in-frankreich\\\/\",\"name\":\"Das Wort der Woche: #Regierungskrise in Frankreich - Cam\u00e4l\u00e9on\",\"isPartOf\":{\"@id\":\"https:\\\/\\\/www.camaeleon.org\\\/de\\\/#website\"},\"primaryImageOfPage\":{\"@id\":\"https:\\\/\\\/www.camaeleon.org\\\/de\\\/2024\\\/12\\\/08\\\/das-wort-der-woche-regierungskrise-in-frankreich\\\/#primaryimage\"},\"image\":{\"@id\":\"https:\\\/\\\/www.camaeleon.org\\\/2024\\\/12\\\/08\\\/das-wort-der-woche-regierungskrise-in-frankreich\\\/#primaryimage\"},\"thumbnailUrl\":\"https:\\\/\\\/www.camaeleon.org\\\/wp-content\\\/uploads\\\/2024\\\/12\\\/Colonnade-5.jpg\",\"datePublished\":\"2024-12-08T19:48:59+00:00\",\"dateModified\":\"2024-12-10T07:33:50+00:00\",\"breadcrumb\":{\"@id\":\"https:\\\/\\\/www.camaeleon.org\\\/de\\\/2024\\\/12\\\/08\\\/das-wort-der-woche-regierungskrise-in-frankreich\\\/#breadcrumb\"},\"inLanguage\":\"de\",\"potentialAction\":[{\"@type\":\"ReadAction\",\"target\":[[\"https:\\\/\\\/www.camaeleon.org\\\/de\\\/2024\\\/12\\\/08\\\/das-wort-der-woche-regierungskrise-in-frankreich\\\/\"]]}]},{\"@type\":\"ImageObject\",\"inLanguage\":\"de\",\"@id\":\"https:\\\/\\\/www.camaeleon.org\\\/de\\\/2024\\\/12\\\/08\\\/das-wort-der-woche-regierungskrise-in-frankreich\\\/#primaryimage\",\"url\":\"https:\\\/\\\/www.camaeleon.org\\\/wp-content\\\/uploads\\\/2024\\\/12\\\/Colonnade-5.jpg\",\"contentUrl\":\"https:\\\/\\\/www.camaeleon.org\\\/wp-content\\\/uploads\\\/2024\\\/12\\\/Colonnade-5.jpg\",\"width\":2000,\"height\":1113,\"caption\":\"Photo: Assembl\u00e9e Nationale\"},{\"@type\":\"BreadcrumbList\",\"@id\":\"https:\\\/\\\/www.camaeleon.org\\\/de\\\/2024\\\/12\\\/08\\\/das-wort-der-woche-regierungskrise-in-frankreich\\\/#breadcrumb\",\"itemListElement\":[{\"@type\":\"ListItem\",\"position\":1,\"name\":\"Home\",\"item\":\"https:\\\/\\\/www.camaeleon.org\\\/de\\\/\"},{\"@type\":\"ListItem\",\"position\":2,\"name\":\"Das Wort der Woche: #Regierungskrise in Frankreich\"}]},{\"@type\":\"WebSite\",\"@id\":\"https:\\\/\\\/www.camaeleon.org\\\/de\\\/#website\",\"url\":\"https:\\\/\\\/www.camaeleon.org\\\/de\\\/\",\"name\":\"Cam\u00e4l\u00e9on\",\"description\":\"Das Sch\u00fclermagazin des Deutsch-Franz\u00f6sischen Gymnasiums Saarbr\u00fccken\",\"publisher\":{\"@id\":\"https:\\\/\\\/www.camaeleon.org\\\/de\\\/#organization\"},\"potentialAction\":[{\"@type\":\"SearchAction\",\"target\":{\"@type\":\"EntryPoint\",\"urlTemplate\":\"https:\\\/\\\/www.camaeleon.org\\\/de\\\/?s={search_term_string}\"},\"query-input\":{\"@type\":\"PropertyValueSpecification\",\"valueRequired\":true,\"valueName\":\"search_term_string\"}}],\"inLanguage\":\"de\"},{\"@type\":\"Organization\",\"@id\":\"https:\\\/\\\/www.camaeleon.org\\\/de\\\/#organization\",\"name\":\"Cam\u00e4l\u00e9on\",\"url\":\"https:\\\/\\\/www.camaeleon.org\\\/de\\\/\",\"logo\":{\"@type\":\"ImageObject\",\"inLanguage\":\"de\",\"@id\":\"https:\\\/\\\/www.camaeleon.org\\\/de\\\/#\\\/schema\\\/logo\\\/image\\\/\",\"url\":\"https:\\\/\\\/www.camaeleon.org\\\/wp-content\\\/uploads\\\/2011\\\/11\\\/CAM\u00c4LEON.jpg\",\"contentUrl\":\"https:\\\/\\\/www.camaeleon.org\\\/wp-content\\\/uploads\\\/2011\\\/11\\\/CAM\u00c4LEON.jpg\",\"width\":959,\"height\":959,\"caption\":\"Cam\u00e4l\u00e9on\"},\"image\":{\"@id\":\"https:\\\/\\\/www.camaeleon.org\\\/de\\\/#\\\/schema\\\/logo\\\/image\\\/\"},\"sameAs\":[\"https:\\\/\\\/www.facebook.com\\\/camaeleon.org\\\/\",\"https:\\\/\\\/x.com\\\/camaeleonOrg\",\"https:\\\/\\\/www.instagram.com\\\/camaeleon.dfg\\\/\",\"https:\\\/\\\/www.youtube.com\\\/channel\\\/UCl3TAUDdGuu_c7CD6ax6hYg\"]},{\"@type\":\"Person\",\"@id\":\"https:\\\/\\\/www.camaeleon.org\\\/de\\\/#\\\/schema\\\/person\\\/4df212263ca8d70a0a60b3cdf9cb792e\",\"name\":\"Julian Bidot\",\"image\":{\"@type\":\"ImageObject\",\"inLanguage\":\"de\",\"@id\":\"https:\\\/\\\/www.camaeleon.org\\\/de\\\/wp-content\\\/uploads\\\/2020\\\/12\\\/julian.jpgeeb77fb6f9ba90c8300a9123a3909722\",\"url\":\"https:\\\/\\\/www.camaeleon.org\\\/wp-content\\\/uploads\\\/2020\\\/12\\\/julian.jpg\",\"contentUrl\":\"https:\\\/\\\/www.camaeleon.org\\\/wp-content\\\/uploads\\\/2020\\\/12\\\/julian.jpg\",\"caption\":\"Julian Bidot\"},\"description\":\"Hallo! Ich bin Julian und 18 Jahre alt. Seit 2020 bin ich bei Cam\u00e4l\u00e9on aktiv. Gerade Politik interessiert mich sehr; aber auch Ver\u00e4nderungen an unserer Schule bzw. in der Region. Mittlerweile gehe ich in die TL. Schreibt mir gerne Kommentare oder eine Mail! Viel Spa\u00df auf Cam\u00e4l\u00e9on!\",\"url\":\"https:\\\/\\\/www.camaeleon.org\\\/de\\\/author\\\/julian-bidot\\\/\"}]}<\/script>\n<!-- \/ Yoast SEO plugin. -->","yoast_head_json":{"title":"Das Wort der Woche: #Regierungskrise in Frankreich - Cam\u00e4l\u00e9on","robots":{"index":"index","follow":"follow","max-snippet":"max-snippet:-1","max-image-preview":"max-image-preview:large","max-video-preview":"max-video-preview:-1"},"canonical":"https:\/\/www.camaeleon.org\/de\/2024\/12\/08\/das-wort-der-woche-regierungskrise-in-frankreich\/","og_locale":"de_DE","og_type":"article","og_title":"Das Wort der Woche: #Regierungskrise in Frankreich - Cam\u00e4l\u00e9on","og_description":"Mit einem Misstrauensvotum hat die Opposition den franz\u00f6sischen Premierminister Michel Barnier zu Fall gebracht. Nach nur drei Monaten im Amt muss Barnier seinen R\u00fccktritt einreichen.","og_url":"https:\/\/www.camaeleon.org\/de\/2024\/12\/08\/das-wort-der-woche-regierungskrise-in-frankreich\/","og_site_name":"Cam\u00e4l\u00e9on","article_publisher":"https:\/\/www.facebook.com\/camaeleon.org\/","article_published_time":"2024-12-08T19:48:59+00:00","article_modified_time":"2024-12-10T07:33:50+00:00","og_image":[{"width":2000,"height":1113,"url":"https:\/\/www.camaeleon.org\/wp-content\/uploads\/2024\/12\/Colonnade-5.jpg","type":"image\/jpeg"}],"author":"Julian Bidot","twitter_card":"summary_large_image","twitter_creator":"@camaeleonOrg","twitter_site":"@camaeleonOrg","schema":{"@context":"https:\/\/schema.org","@graph":[{"@type":"Article","@id":"https:\/\/www.camaeleon.org\/2024\/12\/08\/das-wort-der-woche-regierungskrise-in-frankreich\/#article","isPartOf":{"@id":"https:\/\/www.camaeleon.org\/2024\/12\/08\/das-wort-der-woche-regierungskrise-in-frankreich\/"},"author":{"name":"Julian Bidot","@id":"https:\/\/www.camaeleon.org\/de\/#\/schema\/person\/4df212263ca8d70a0a60b3cdf9cb792e"},"headline":"Das Wort der Woche: #Regierungskrise in Frankreich","datePublished":"2024-12-08T19:48:59+00:00","dateModified":"2024-12-10T07:33:50+00:00","mainEntityOfPage":{"@id":"https:\/\/www.camaeleon.org\/2024\/12\/08\/das-wort-der-woche-regierungskrise-in-frankreich\/"},"wordCount":393,"commentCount":0,"publisher":{"@id":"https:\/\/www.camaeleon.org\/de\/#organization"},"image":{"@id":"https:\/\/www.camaeleon.org\/2024\/12\/08\/das-wort-der-woche-regierungskrise-in-frankreich\/#primaryimage"},"thumbnailUrl":"https:\/\/www.camaeleon.org\/wp-content\/uploads\/2024\/12\/Colonnade-5.jpg","keywords":["Gr\u00e8ve","Macron","Michel Barnier","Nouveau Front Populaire","Rassemblement National","Staatsverschuldung","Streik"],"articleSection":["Das Wort der Woche"],"inLanguage":"de","potentialAction":[{"@type":"CommentAction","name":"Comment","target":["https:\/\/www.camaeleon.org\/2024\/12\/08\/das-wort-der-woche-regierungskrise-in-frankreich\/#respond"]}]},{"@type":"WebPage","@id":"https:\/\/www.camaeleon.org\/de\/2024\/12\/08\/das-wort-der-woche-regierungskrise-in-frankreich\/","url":"https:\/\/www.camaeleon.org\/de\/2024\/12\/08\/das-wort-der-woche-regierungskrise-in-frankreich\/","name":"Das Wort der Woche: #Regierungskrise in Frankreich - Cam\u00e4l\u00e9on","isPartOf":{"@id":"https:\/\/www.camaeleon.org\/de\/#website"},"primaryImageOfPage":{"@id":"https:\/\/www.camaeleon.org\/de\/2024\/12\/08\/das-wort-der-woche-regierungskrise-in-frankreich\/#primaryimage"},"image":{"@id":"https:\/\/www.camaeleon.org\/2024\/12\/08\/das-wort-der-woche-regierungskrise-in-frankreich\/#primaryimage"},"thumbnailUrl":"https:\/\/www.camaeleon.org\/wp-content\/uploads\/2024\/12\/Colonnade-5.jpg","datePublished":"2024-12-08T19:48:59+00:00","dateModified":"2024-12-10T07:33:50+00:00","breadcrumb":{"@id":"https:\/\/www.camaeleon.org\/de\/2024\/12\/08\/das-wort-der-woche-regierungskrise-in-frankreich\/#breadcrumb"},"inLanguage":"de","potentialAction":[{"@type":"ReadAction","target":[["https:\/\/www.camaeleon.org\/de\/2024\/12\/08\/das-wort-der-woche-regierungskrise-in-frankreich\/"]]}]},{"@type":"ImageObject","inLanguage":"de","@id":"https:\/\/www.camaeleon.org\/de\/2024\/12\/08\/das-wort-der-woche-regierungskrise-in-frankreich\/#primaryimage","url":"https:\/\/www.camaeleon.org\/wp-content\/uploads\/2024\/12\/Colonnade-5.jpg","contentUrl":"https:\/\/www.camaeleon.org\/wp-content\/uploads\/2024\/12\/Colonnade-5.jpg","width":2000,"height":1113,"caption":"Photo: Assembl\u00e9e Nationale"},{"@type":"BreadcrumbList","@id":"https:\/\/www.camaeleon.org\/de\/2024\/12\/08\/das-wort-der-woche-regierungskrise-in-frankreich\/#breadcrumb","itemListElement":[{"@type":"ListItem","position":1,"name":"Home","item":"https:\/\/www.camaeleon.org\/de\/"},{"@type":"ListItem","position":2,"name":"Das Wort der Woche: #Regierungskrise in Frankreich"}]},{"@type":"WebSite","@id":"https:\/\/www.camaeleon.org\/de\/#website","url":"https:\/\/www.camaeleon.org\/de\/","name":"Cam\u00e4l\u00e9on","description":"Das Sch\u00fclermagazin des Deutsch-Franz\u00f6sischen Gymnasiums Saarbr\u00fccken","publisher":{"@id":"https:\/\/www.camaeleon.org\/de\/#organization"},"potentialAction":[{"@type":"SearchAction","target":{"@type":"EntryPoint","urlTemplate":"https:\/\/www.camaeleon.org\/de\/?s={search_term_string}"},"query-input":{"@type":"PropertyValueSpecification","valueRequired":true,"valueName":"search_term_string"}}],"inLanguage":"de"},{"@type":"Organization","@id":"https:\/\/www.camaeleon.org\/de\/#organization","name":"Cam\u00e4l\u00e9on","url":"https:\/\/www.camaeleon.org\/de\/","logo":{"@type":"ImageObject","inLanguage":"de","@id":"https:\/\/www.camaeleon.org\/de\/#\/schema\/logo\/image\/","url":"https:\/\/www.camaeleon.org\/wp-content\/uploads\/2011\/11\/CAM\u00c4LEON.jpg","contentUrl":"https:\/\/www.camaeleon.org\/wp-content\/uploads\/2011\/11\/CAM\u00c4LEON.jpg","width":959,"height":959,"caption":"Cam\u00e4l\u00e9on"},"image":{"@id":"https:\/\/www.camaeleon.org\/de\/#\/schema\/logo\/image\/"},"sameAs":["https:\/\/www.facebook.com\/camaeleon.org\/","https:\/\/x.com\/camaeleonOrg","https:\/\/www.instagram.com\/camaeleon.dfg\/","https:\/\/www.youtube.com\/channel\/UCl3TAUDdGuu_c7CD6ax6hYg"]},{"@type":"Person","@id":"https:\/\/www.camaeleon.org\/de\/#\/schema\/person\/4df212263ca8d70a0a60b3cdf9cb792e","name":"Julian Bidot","image":{"@type":"ImageObject","inLanguage":"de","@id":"https:\/\/www.camaeleon.org\/de\/wp-content\/uploads\/2020\/12\/julian.jpgeeb77fb6f9ba90c8300a9123a3909722","url":"https:\/\/www.camaeleon.org\/wp-content\/uploads\/2020\/12\/julian.jpg","contentUrl":"https:\/\/www.camaeleon.org\/wp-content\/uploads\/2020\/12\/julian.jpg","caption":"Julian Bidot"},"description":"Hallo! Ich bin Julian und 18 Jahre alt. Seit 2020 bin ich bei Cam\u00e4l\u00e9on aktiv. Gerade Politik interessiert mich sehr; aber auch Ver\u00e4nderungen an unserer Schule bzw. in der Region. Mittlerweile gehe ich in die TL. Schreibt mir gerne Kommentare oder eine Mail! Viel Spa\u00df auf Cam\u00e4l\u00e9on!","url":"https:\/\/www.camaeleon.org\/de\/author\/julian-bidot\/"}]}},"_links":{"self":[{"href":"https:\/\/www.camaeleon.org\/de\/wp-json\/wp\/v2\/posts\/31698","targetHints":{"allow":["GET"]}}],"collection":[{"href":"https:\/\/www.camaeleon.org\/de\/wp-json\/wp\/v2\/posts"}],"about":[{"href":"https:\/\/www.camaeleon.org\/de\/wp-json\/wp\/v2\/types\/post"}],"author":[{"embeddable":true,"href":"https:\/\/www.camaeleon.org\/de\/wp-json\/wp\/v2\/users\/143"}],"replies":[{"embeddable":true,"href":"https:\/\/www.camaeleon.org\/de\/wp-json\/wp\/v2\/comments?post=31698"}],"version-history":[{"count":16,"href":"https:\/\/www.camaeleon.org\/de\/wp-json\/wp\/v2\/posts\/31698\/revisions"}],"predecessor-version":[{"id":31743,"href":"https:\/\/www.camaeleon.org\/de\/wp-json\/wp\/v2\/posts\/31698\/revisions\/31743"}],"wp:featuredmedia":[{"embeddable":true,"href":"https:\/\/www.camaeleon.org\/de\/wp-json\/wp\/v2\/media\/31730"}],"wp:attachment":[{"href":"https:\/\/www.camaeleon.org\/de\/wp-json\/wp\/v2\/media?parent=31698"}],"wp:term":[{"taxonomy":"category","embeddable":true,"href":"https:\/\/www.camaeleon.org\/de\/wp-json\/wp\/v2\/categories?post=31698"},{"taxonomy":"post_tag","embeddable":true,"href":"https:\/\/www.camaeleon.org\/de\/wp-json\/wp\/v2\/tags?post=31698"},{"taxonomy":"author","embeddable":true,"href":"https:\/\/www.camaeleon.org\/de\/wp-json\/wp\/v2\/coauthors?post=31698"}],"curies":[{"name":"wp","href":"https:\/\/api.w.org\/{rel}","templated":true}]}}