{"id":31695,"date":"2024-12-06T15:16:18","date_gmt":"2024-12-06T14:16:18","guid":{"rendered":"https:\/\/www.camaeleon.org\/?p=31695"},"modified":"2024-12-06T15:17:33","modified_gmt":"2024-12-06T14:17:33","slug":"marche-de-seconde-main-version-2024","status":"publish","type":"post","link":"https:\/\/www.camaeleon.org\/de\/2024\/12\/06\/marche-de-seconde-main-version-2024\/","title":{"rendered":"March\u00e9 de seconde main\u00a0: version 2024\u00a0!"},"content":{"rendered":"<figure id=\"attachment_31707\" aria-describedby=\"caption-attachment-31707\" style=\"width: 283px\" class=\"wp-caption alignleft\"><img loading=\"lazy\" decoding=\"async\" class=\" wp-image-31707\" src=\"https:\/\/www.camaeleon.org\/wp-content\/uploads\/2024\/12\/1-300x225.jpg\" alt=\"\" width=\"283\" height=\"212\" srcset=\"https:\/\/www.camaeleon.org\/wp-content\/uploads\/2024\/12\/1-300x225.jpg 300w, https:\/\/www.camaeleon.org\/wp-content\/uploads\/2024\/12\/1-800x600.jpg 800w, https:\/\/www.camaeleon.org\/wp-content\/uploads\/2024\/12\/1-1536x1152.jpg 1536w, https:\/\/www.camaeleon.org\/wp-content\/uploads\/2024\/12\/1.jpg 2048w\" sizes=\"auto, (max-width: 283px) 100vw, 283px\" \/><figcaption id=\"caption-attachment-31707\" class=\"wp-caption-text\">Transformation du hall. Photo : Louis Huff-Andr\u00e9<\/figcaption><\/figure>\n<p>Samedi 30 novembre 2024 s\u2019est tenu le march\u00e9 de seconde main de v\u00eatements, de chaussures et de livres dans le hall du lyc\u00e9e.<\/p>\n<p>Les deux professeures d\u2019anglais, Caroline K\u00f6wenig et Leslie Roig , repr\u00e9sentantes des lyc\u00e9ens organisant l\u2019\u00e9v\u00e9nement avaient envoy\u00e9 un e-mail aux parents de tous les \u00e9l\u00e8ves afin de leur rappeler la raison pour laquelle cette vente \u00e9tait offerte et pourquoi il \u00e9tait judicieux de s\u2019y rendre. Ainsi, elles rappelaient que tous les b\u00e9n\u00e9fices permettent aux \u00e9l\u00e8ves de financer des projets de classe et \u00e9galement qu\u2019un consommateur &#8211; seconde main participe \u00ab \u00e0 une \u00e9conomie du recyclage, plus vertueuse pour la plan\u00e8te et ses habitants \u00bb. Elles pr\u00e9cisaient aussi que \u00ab les invendus iront \u00e0 des associations qui revendent \u00e0 des petits prix ou distribuent les v\u00eatements \u00e0 ceux qui en ont besoin. \u00bb<\/p>\n<p>L\u2019\u00e9quipe des lyc\u00e9ens est bien r\u00f4d\u00e9e : en t\u00e9moigne l\u2019aisance avec laquelle tous s\u2019affairent d\u00e8s la fin des cours. Quelles animation et \u00e9nergie dans le hall du lyc\u00e9e ! \u00a0C\u2019est presque un ballet qui est donn\u00e9 en 3 actes !<\/p>\n<figure id=\"attachment_31708\" aria-describedby=\"caption-attachment-31708\" style=\"width: 195px\" class=\"wp-caption alignright\"><img loading=\"lazy\" decoding=\"async\" class=\" wp-image-31708\" src=\"https:\/\/www.camaeleon.org\/wp-content\/uploads\/2024\/12\/2-225x300.jpg\" alt=\"\" width=\"195\" height=\"260\" srcset=\"https:\/\/www.camaeleon.org\/wp-content\/uploads\/2024\/12\/2-225x300.jpg 225w, https:\/\/www.camaeleon.org\/wp-content\/uploads\/2024\/12\/2-450x600.jpg 450w, https:\/\/www.camaeleon.org\/wp-content\/uploads\/2024\/12\/2-1152x1536.jpg 1152w, https:\/\/www.camaeleon.org\/wp-content\/uploads\/2024\/12\/2.jpg 1500w\" sizes=\"auto, (max-width: 195px) 100vw, 195px\" \/><figcaption id=\"caption-attachment-31708\" class=\"wp-caption-text\">Photo : L. H.-A.<\/figcaption><\/figure>\n<p>Tout d\u2019abord, des tables, des chaises quittent la salle 0.07 et se retrouvent agenc\u00e9es dans le hall, des tableaux d\u2019affichage sont d\u00e9plac\u00e9s, des portants arrivent par la grande porte et roulent vers leur nouvel emplacement, des cartons, des caisses, des grands sacs les suivent et sont vid\u00e9s de leur contenu. On entend des \u00ab Oui, exactement, par-l\u00e0\u00a0!\u00a0\u00bb, ou \u00ab Cette table va pr\u00e8s de l\u2019entr\u00e9e.\u00a0\u00bb, ou bien encore \u00ab\u00a0Celle-ci, c\u2019est pour la platine\u00a0et tu penses \u00e0 laisser un espace qui permettra de se rendre facilement aux toilettes pour les essayages \u00bb.<\/p>\n<p>Puis, les personnes d\u00e9j\u00e0 pr\u00e9sentes pour \u00ab\u00a0d\u00e9nicher de belles affaires\u00a0\u00bb comme l\u2019explique Judith, m\u00e8re de deux enfants, assistent aux derniers pr\u00e9paratifs (avant l\u2019ouverture de la vente) . Les v\u00eatements \u00ab\u00a0donn\u00e9s par les lyc\u00e9ens organisant la vente ou collect\u00e9s car tous les \u00e9l\u00e8ves du lyc\u00e9e peuvent en apporter\u00a0\u00bb pr\u00e9cise L\u00e9a, quittent les emballages et sont pos\u00e9s en jolies piles ou mis sur cintres, des paires de chaussures sont align\u00e9es, des livres pr\u00e9sent\u00e9s.<\/p>\n<p>Enfin, derni\u00e8re touche\u00a0: des gaufriers, des cr\u00eapi\u00e8res sont branch\u00e9s, un buffet est dress\u00e9 et le DJ \u2013 un \u00e9l\u00e8ve de terminale, qui apporte son mat\u00e9riel &#8211; est aux manettes. Les organisateurs font tout\u00a0pour que l\u2019\u00e9v\u00e8nement soit tr\u00e8s convivial. Les lyc\u00e9ennes proposant gaufres et cr\u00eapes expliquent \u00ab\u00a0\u00eatre l\u00e0 pour la premi\u00e8re fois cette ann\u00e9e\u00a0; leur b\u00e9n\u00e9fice servira \u00e0 financer la c\u00e9r\u00e9monie de la remise des dipl\u00f4mes \u00bb.<\/p>\n<p>Le hall du lyc\u00e9e devient presque un march\u00e9 couvert, un dressing plut\u00f4t singulier, un lieu unique.<\/p>\n<p>Les acheteurs, munis de tickets d\u2019une valeur de 1 euro, font leurs premi\u00e8res affaires.<\/p>\n<p>Julie d\u00e9clare \u00ab venir chaque ann\u00e9e accompagn\u00e9e de sa m\u00e8re, la grand-m\u00e8re de l\u2019\u00e9l\u00e8ve inscrite au lyc\u00e9e \u00bb. Elles sont venues avec deux grands sacs et \u00ab ach\u00e8tent pour toute la famille \u00bb. Pedro, le p\u00e8re d\u2019une \u00e9l\u00e8ve revient cette ann\u00e9e car, explique &#8211; t-il \u00ab certains lyc\u00e9ens sont d\u00e9j\u00e0 tr\u00e8s grands et portent des jeans de taille similaire \u00e0 la mienne ! \u00bb. Bianca, aussi est une habitu\u00e9e ; elle r\u00e9pond \u00ab Ich komme zum dritten Mal, kaufe Kleidung und B\u00fccher. Ich bin froh, hier zu sein \u00bb.<\/p>\n<figure id=\"attachment_31711\" aria-describedby=\"caption-attachment-31711\" style=\"width: 285px\" class=\"wp-caption alignleft\"><img loading=\"lazy\" decoding=\"async\" class=\" wp-image-31711\" src=\"https:\/\/www.camaeleon.org\/wp-content\/uploads\/2024\/12\/4-300x225.jpg\" alt=\"\" width=\"285\" height=\"214\" srcset=\"https:\/\/www.camaeleon.org\/wp-content\/uploads\/2024\/12\/4-300x225.jpg 300w, https:\/\/www.camaeleon.org\/wp-content\/uploads\/2024\/12\/4-800x600.jpg 800w, https:\/\/www.camaeleon.org\/wp-content\/uploads\/2024\/12\/4-1536x1152.jpg 1536w, https:\/\/www.camaeleon.org\/wp-content\/uploads\/2024\/12\/4.jpg 2000w\" sizes=\"auto, (max-width: 285px) 100vw, 285px\" \/><figcaption id=\"caption-attachment-31711\" class=\"wp-caption-text\">Photo : L. H.-A.<\/figcaption><\/figure>\n<p>Les organisateurs \u00ab\u00a0ach\u00e8tent \u00e9galement des articles\u00a0\u00bb commente Emma et prennent plaisir \u00e0 les essayer. Prenant l\u2019avis d\u2019une professeure d\u2019espagnol pr\u00e9sente dans le hall, une \u00e9l\u00e8ve,\u00a0 tenant une robe, lui demande son avis\u00a0: \u00ab\u00a0Y este vestido\u00a0? Muy bonito, no\u00a0?\u00a0\u00bb.<\/p>\n<p>Si tous les clients ne trouvent pas ce qu\u2019ils auraient souhait\u00e9, ils passent tout de m\u00eame un bon moment. Ainsi, Fatima qui aurait \u00ab\u00a0aim\u00e9 trouv\u00e9 des articles pour la sortie ski\u00a0organis\u00e9e en mars \u00bb reconna\u00eet \u00eatre un peu d\u00e9\u00e7ue mais appr\u00e9cie la convivialit\u00e9 de l\u2019\u00e9v\u00e9nement. En plus, ajoute-t-elle, \u00ab\u00a0mon fils a trouv\u00e9 un roman\u00a0; c\u2019est tr\u00e8s bien.\u00a0\u00bb<\/p>\n<p>Un professeur, venu pour la premi\u00e8re fois ressent une \u00ab tr\u00e8s bonne ambiance\u00a0\u00bb.<\/p>\n<p>Nouveaut\u00e9 2024 : une tombola. Andr\u00e9 en explique le principe \u00ab des tickets sont vendus \u00e0 50 centimes et permettent de choisir 6 articles s\u2019ils sont gagnants \u00bb.<\/p>\n<p>Avis aux amateurs pour la version Second Hand 2025.<\/p>\n","protected":false},"excerpt":{"rendered":"<p>Samedi 30 novembre 2024 s\u2019est tenu le march\u00e9 de seconde main de v\u00eatements, de chaussures et de livres dans le hall du lyc\u00e9e. Les deux<\/p>\n","protected":false},"author":174,"featured_media":31709,"comment_status":"open","ping_status":"closed","sticky":false,"template":"","format":"standard","meta":{"colormag_page_container_layout":"default_layout","colormag_page_sidebar_layout":"default_layout","footnotes":""},"categories":[3],"tags":[2572,2571],"coauthors":[2249],"class_list":["post-31695","post","type-post","status-publish","format-standard","has-post-thumbnail","hentry","category-ecole","tag-developpement-durable-lfa","tag-marche-de-seconde-main-au-lfa"],"yoast_head":"<!-- This site is optimized with the Yoast SEO plugin v27.5 - https:\/\/yoast.com\/product\/yoast-seo-wordpress\/ -->\n<title>March\u00e9 de seconde main\u00a0: version 2024\u00a0! - Cam\u00e4l\u00e9on<\/title>\n<meta name=\"description\" content=\"Samedi 30 novembre 2024 s\u2019est tenu le march\u00e9 de seconde main de v\u00eatements, de chaussures et de livres dans le hall du lyc\u00e9e.\" \/>\n<meta name=\"robots\" content=\"index, follow, max-snippet:-1, max-image-preview:large, max-video-preview:-1\" \/>\n<link rel=\"canonical\" href=\"https:\/\/www.camaeleon.org\/de\/2024\/12\/06\/marche-de-seconde-main-version-2024\/\" \/>\n<meta property=\"og:locale\" content=\"de_DE\" \/>\n<meta property=\"og:type\" content=\"article\" \/>\n<meta property=\"og:title\" content=\"March\u00e9 de seconde main\u00a0: version 2024\u00a0! - Cam\u00e4l\u00e9on\" \/>\n<meta property=\"og:description\" content=\"Samedi 30 novembre 2024 s\u2019est tenu le march\u00e9 de seconde main de v\u00eatements, de chaussures et de livres dans le hall du lyc\u00e9e.\" \/>\n<meta property=\"og:url\" content=\"https:\/\/www.camaeleon.org\/de\/2024\/12\/06\/marche-de-seconde-main-version-2024\/\" \/>\n<meta property=\"og:site_name\" content=\"Cam\u00e4l\u00e9on\" \/>\n<meta property=\"article:publisher\" content=\"https:\/\/www.facebook.com\/camaeleon.org\/\" \/>\n<meta property=\"article:published_time\" content=\"2024-12-06T14:16:18+00:00\" \/>\n<meta property=\"article:modified_time\" content=\"2024-12-06T14:17:33+00:00\" \/>\n<meta property=\"og:image\" content=\"https:\/\/www.camaeleon.org\/wp-content\/uploads\/2024\/12\/3.jpg\" \/>\n\t<meta property=\"og:image:width\" content=\"2000\" \/>\n\t<meta property=\"og:image:height\" content=\"1500\" \/>\n\t<meta property=\"og:image:type\" content=\"image\/jpeg\" \/>\n<meta name=\"author\" content=\"Louis Huff-Andr\u00e9\" \/>\n<meta name=\"twitter:card\" content=\"summary_large_image\" \/>\n<meta name=\"twitter:creator\" content=\"@camaeleonOrg\" \/>\n<meta name=\"twitter:site\" content=\"@camaeleonOrg\" \/>\n<script type=\"application\/ld+json\" class=\"yoast-schema-graph\">{\"@context\":\"https:\\\/\\\/schema.org\",\"@graph\":[{\"@type\":\"Article\",\"@id\":\"https:\\\/\\\/www.camaeleon.org\\\/2024\\\/12\\\/06\\\/marche-de-seconde-main-version-2024\\\/#article\",\"isPartOf\":{\"@id\":\"https:\\\/\\\/www.camaeleon.org\\\/2024\\\/12\\\/06\\\/marche-de-seconde-main-version-2024\\\/\"},\"author\":{\"name\":\"Louis Huff-Andr\u00e9\",\"@id\":\"https:\\\/\\\/www.camaeleon.org\\\/de\\\/#\\\/schema\\\/person\\\/cd46c7f8b1d7fe75eff89acdafc86cdd\"},\"headline\":\"March\u00e9 de seconde main\u00a0: version 2024\u00a0!\",\"datePublished\":\"2024-12-06T14:16:18+00:00\",\"dateModified\":\"2024-12-06T14:17:33+00:00\",\"mainEntityOfPage\":{\"@id\":\"https:\\\/\\\/www.camaeleon.org\\\/2024\\\/12\\\/06\\\/marche-de-seconde-main-version-2024\\\/\"},\"wordCount\":780,\"commentCount\":0,\"publisher\":{\"@id\":\"https:\\\/\\\/www.camaeleon.org\\\/de\\\/#organization\"},\"image\":{\"@id\":\"https:\\\/\\\/www.camaeleon.org\\\/2024\\\/12\\\/06\\\/marche-de-seconde-main-version-2024\\\/#primaryimage\"},\"thumbnailUrl\":\"https:\\\/\\\/www.camaeleon.org\\\/wp-content\\\/uploads\\\/2024\\\/12\\\/3.jpg\",\"keywords\":[\"d\u00e9veloppement durable LFA\",\"March\u00e9 de seconde main au LFA\"],\"articleSection\":[\"Schule\"],\"inLanguage\":\"de\",\"potentialAction\":[{\"@type\":\"CommentAction\",\"name\":\"Comment\",\"target\":[\"https:\\\/\\\/www.camaeleon.org\\\/2024\\\/12\\\/06\\\/marche-de-seconde-main-version-2024\\\/#respond\"]}]},{\"@type\":\"WebPage\",\"@id\":\"https:\\\/\\\/www.camaeleon.org\\\/de\\\/2024\\\/12\\\/06\\\/marche-de-seconde-main-version-2024\\\/\",\"url\":\"https:\\\/\\\/www.camaeleon.org\\\/de\\\/2024\\\/12\\\/06\\\/marche-de-seconde-main-version-2024\\\/\",\"name\":\"March\u00e9 de seconde main\u00a0: version 2024\u00a0! - Cam\u00e4l\u00e9on\",\"isPartOf\":{\"@id\":\"https:\\\/\\\/www.camaeleon.org\\\/de\\\/#website\"},\"primaryImageOfPage\":{\"@id\":\"https:\\\/\\\/www.camaeleon.org\\\/de\\\/2024\\\/12\\\/06\\\/marche-de-seconde-main-version-2024\\\/#primaryimage\"},\"image\":{\"@id\":\"https:\\\/\\\/www.camaeleon.org\\\/2024\\\/12\\\/06\\\/marche-de-seconde-main-version-2024\\\/#primaryimage\"},\"thumbnailUrl\":\"https:\\\/\\\/www.camaeleon.org\\\/wp-content\\\/uploads\\\/2024\\\/12\\\/3.jpg\",\"datePublished\":\"2024-12-06T14:16:18+00:00\",\"dateModified\":\"2024-12-06T14:17:33+00:00\",\"description\":\"Samedi 30 novembre 2024 s\u2019est tenu le march\u00e9 de seconde main de v\u00eatements, de chaussures et de livres dans le hall du lyc\u00e9e.\",\"breadcrumb\":{\"@id\":\"https:\\\/\\\/www.camaeleon.org\\\/de\\\/2024\\\/12\\\/06\\\/marche-de-seconde-main-version-2024\\\/#breadcrumb\"},\"inLanguage\":\"de\",\"potentialAction\":[{\"@type\":\"ReadAction\",\"target\":[[\"https:\\\/\\\/www.camaeleon.org\\\/de\\\/2024\\\/12\\\/06\\\/marche-de-seconde-main-version-2024\\\/\"]]}]},{\"@type\":\"ImageObject\",\"inLanguage\":\"de\",\"@id\":\"https:\\\/\\\/www.camaeleon.org\\\/de\\\/2024\\\/12\\\/06\\\/marche-de-seconde-main-version-2024\\\/#primaryimage\",\"url\":\"https:\\\/\\\/www.camaeleon.org\\\/wp-content\\\/uploads\\\/2024\\\/12\\\/3.jpg\",\"contentUrl\":\"https:\\\/\\\/www.camaeleon.org\\\/wp-content\\\/uploads\\\/2024\\\/12\\\/3.jpg\",\"width\":2000,\"height\":1500,\"caption\":\"Le hall ressemble \u00e0 un march\u00e9 couvert. Photo : L. H.-A.\"},{\"@type\":\"BreadcrumbList\",\"@id\":\"https:\\\/\\\/www.camaeleon.org\\\/de\\\/2024\\\/12\\\/06\\\/marche-de-seconde-main-version-2024\\\/#breadcrumb\",\"itemListElement\":[{\"@type\":\"ListItem\",\"position\":1,\"name\":\"Home\",\"item\":\"https:\\\/\\\/www.camaeleon.org\\\/de\\\/\"},{\"@type\":\"ListItem\",\"position\":2,\"name\":\"March\u00e9 de seconde main\u00a0: version 2024\u00a0!\"}]},{\"@type\":\"WebSite\",\"@id\":\"https:\\\/\\\/www.camaeleon.org\\\/de\\\/#website\",\"url\":\"https:\\\/\\\/www.camaeleon.org\\\/de\\\/\",\"name\":\"Cam\u00e4l\u00e9on\",\"description\":\"Das Sch\u00fclermagazin des Deutsch-Franz\u00f6sischen Gymnasiums Saarbr\u00fccken\",\"publisher\":{\"@id\":\"https:\\\/\\\/www.camaeleon.org\\\/de\\\/#organization\"},\"potentialAction\":[{\"@type\":\"SearchAction\",\"target\":{\"@type\":\"EntryPoint\",\"urlTemplate\":\"https:\\\/\\\/www.camaeleon.org\\\/de\\\/?s={search_term_string}\"},\"query-input\":{\"@type\":\"PropertyValueSpecification\",\"valueRequired\":true,\"valueName\":\"search_term_string\"}}],\"inLanguage\":\"de\"},{\"@type\":\"Organization\",\"@id\":\"https:\\\/\\\/www.camaeleon.org\\\/de\\\/#organization\",\"name\":\"Cam\u00e4l\u00e9on\",\"url\":\"https:\\\/\\\/www.camaeleon.org\\\/de\\\/\",\"logo\":{\"@type\":\"ImageObject\",\"inLanguage\":\"de\",\"@id\":\"https:\\\/\\\/www.camaeleon.org\\\/de\\\/#\\\/schema\\\/logo\\\/image\\\/\",\"url\":\"https:\\\/\\\/www.camaeleon.org\\\/wp-content\\\/uploads\\\/2011\\\/11\\\/CAM\u00c4LEON.jpg\",\"contentUrl\":\"https:\\\/\\\/www.camaeleon.org\\\/wp-content\\\/uploads\\\/2011\\\/11\\\/CAM\u00c4LEON.jpg\",\"width\":959,\"height\":959,\"caption\":\"Cam\u00e4l\u00e9on\"},\"image\":{\"@id\":\"https:\\\/\\\/www.camaeleon.org\\\/de\\\/#\\\/schema\\\/logo\\\/image\\\/\"},\"sameAs\":[\"https:\\\/\\\/www.facebook.com\\\/camaeleon.org\\\/\",\"https:\\\/\\\/x.com\\\/camaeleonOrg\",\"https:\\\/\\\/www.instagram.com\\\/camaeleon.dfg\\\/\",\"https:\\\/\\\/www.youtube.com\\\/channel\\\/UCl3TAUDdGuu_c7CD6ax6hYg\"]},{\"@type\":\"Person\",\"@id\":\"https:\\\/\\\/www.camaeleon.org\\\/de\\\/#\\\/schema\\\/person\\\/cd46c7f8b1d7fe75eff89acdafc86cdd\",\"name\":\"Louis Huff-Andr\u00e9\",\"image\":{\"@type\":\"ImageObject\",\"inLanguage\":\"de\",\"@id\":\"https:\\\/\\\/www.camaeleon.org\\\/de\\\/wp-content\\\/uploads\\\/2023\\\/10\\\/andre-150x150.jpg9e7cb8ff4a023d8b2775108b6d99a22d\",\"url\":\"https:\\\/\\\/www.camaeleon.org\\\/wp-content\\\/uploads\\\/2023\\\/10\\\/andre-150x150.jpg\",\"contentUrl\":\"https:\\\/\\\/www.camaeleon.org\\\/wp-content\\\/uploads\\\/2023\\\/10\\\/andre-150x150.jpg\",\"caption\":\"Louis Huff-Andr\u00e9\"},\"description\":\"Hallo, mein Name ist Louis Huff-Andr\u00e9 und ich bin 13 Jahre alt. Ich gehe in die 9S2 und bin seit drei Jahren im Cam\u00e4leon. Ich lese gerne deutsche und franz\u00f6sische Comics und Krimis. Ich h\u00f6re mir auch gerne verschiedene Musikst\u00fccke an und versuche, sie auf dem Klavier zu spielen, wenn sie mir gefallen !\",\"url\":\"https:\\\/\\\/www.camaeleon.org\\\/de\\\/author\\\/louis-huff-andre\\\/\"}]}<\/script>\n<!-- \/ Yoast SEO plugin. -->","yoast_head_json":{"title":"March\u00e9 de seconde main\u00a0: version 2024\u00a0! - Cam\u00e4l\u00e9on","description":"Samedi 30 novembre 2024 s\u2019est tenu le march\u00e9 de seconde main de v\u00eatements, de chaussures et de livres dans le hall du lyc\u00e9e.","robots":{"index":"index","follow":"follow","max-snippet":"max-snippet:-1","max-image-preview":"max-image-preview:large","max-video-preview":"max-video-preview:-1"},"canonical":"https:\/\/www.camaeleon.org\/de\/2024\/12\/06\/marche-de-seconde-main-version-2024\/","og_locale":"de_DE","og_type":"article","og_title":"March\u00e9 de seconde main\u00a0: version 2024\u00a0! - Cam\u00e4l\u00e9on","og_description":"Samedi 30 novembre 2024 s\u2019est tenu le march\u00e9 de seconde main de v\u00eatements, de chaussures et de livres dans le hall du lyc\u00e9e.","og_url":"https:\/\/www.camaeleon.org\/de\/2024\/12\/06\/marche-de-seconde-main-version-2024\/","og_site_name":"Cam\u00e4l\u00e9on","article_publisher":"https:\/\/www.facebook.com\/camaeleon.org\/","article_published_time":"2024-12-06T14:16:18+00:00","article_modified_time":"2024-12-06T14:17:33+00:00","og_image":[{"width":2000,"height":1500,"url":"https:\/\/www.camaeleon.org\/wp-content\/uploads\/2024\/12\/3.jpg","type":"image\/jpeg"}],"author":"Louis Huff-Andr\u00e9","twitter_card":"summary_large_image","twitter_creator":"@camaeleonOrg","twitter_site":"@camaeleonOrg","schema":{"@context":"https:\/\/schema.org","@graph":[{"@type":"Article","@id":"https:\/\/www.camaeleon.org\/2024\/12\/06\/marche-de-seconde-main-version-2024\/#article","isPartOf":{"@id":"https:\/\/www.camaeleon.org\/2024\/12\/06\/marche-de-seconde-main-version-2024\/"},"author":{"name":"Louis Huff-Andr\u00e9","@id":"https:\/\/www.camaeleon.org\/de\/#\/schema\/person\/cd46c7f8b1d7fe75eff89acdafc86cdd"},"headline":"March\u00e9 de seconde main\u00a0: version 2024\u00a0!","datePublished":"2024-12-06T14:16:18+00:00","dateModified":"2024-12-06T14:17:33+00:00","mainEntityOfPage":{"@id":"https:\/\/www.camaeleon.org\/2024\/12\/06\/marche-de-seconde-main-version-2024\/"},"wordCount":780,"commentCount":0,"publisher":{"@id":"https:\/\/www.camaeleon.org\/de\/#organization"},"image":{"@id":"https:\/\/www.camaeleon.org\/2024\/12\/06\/marche-de-seconde-main-version-2024\/#primaryimage"},"thumbnailUrl":"https:\/\/www.camaeleon.org\/wp-content\/uploads\/2024\/12\/3.jpg","keywords":["d\u00e9veloppement durable LFA","March\u00e9 de seconde main au LFA"],"articleSection":["Schule"],"inLanguage":"de","potentialAction":[{"@type":"CommentAction","name":"Comment","target":["https:\/\/www.camaeleon.org\/2024\/12\/06\/marche-de-seconde-main-version-2024\/#respond"]}]},{"@type":"WebPage","@id":"https:\/\/www.camaeleon.org\/de\/2024\/12\/06\/marche-de-seconde-main-version-2024\/","url":"https:\/\/www.camaeleon.org\/de\/2024\/12\/06\/marche-de-seconde-main-version-2024\/","name":"March\u00e9 de seconde main\u00a0: version 2024\u00a0! - Cam\u00e4l\u00e9on","isPartOf":{"@id":"https:\/\/www.camaeleon.org\/de\/#website"},"primaryImageOfPage":{"@id":"https:\/\/www.camaeleon.org\/de\/2024\/12\/06\/marche-de-seconde-main-version-2024\/#primaryimage"},"image":{"@id":"https:\/\/www.camaeleon.org\/2024\/12\/06\/marche-de-seconde-main-version-2024\/#primaryimage"},"thumbnailUrl":"https:\/\/www.camaeleon.org\/wp-content\/uploads\/2024\/12\/3.jpg","datePublished":"2024-12-06T14:16:18+00:00","dateModified":"2024-12-06T14:17:33+00:00","description":"Samedi 30 novembre 2024 s\u2019est tenu le march\u00e9 de seconde main de v\u00eatements, de chaussures et de livres dans le hall du lyc\u00e9e.","breadcrumb":{"@id":"https:\/\/www.camaeleon.org\/de\/2024\/12\/06\/marche-de-seconde-main-version-2024\/#breadcrumb"},"inLanguage":"de","potentialAction":[{"@type":"ReadAction","target":[["https:\/\/www.camaeleon.org\/de\/2024\/12\/06\/marche-de-seconde-main-version-2024\/"]]}]},{"@type":"ImageObject","inLanguage":"de","@id":"https:\/\/www.camaeleon.org\/de\/2024\/12\/06\/marche-de-seconde-main-version-2024\/#primaryimage","url":"https:\/\/www.camaeleon.org\/wp-content\/uploads\/2024\/12\/3.jpg","contentUrl":"https:\/\/www.camaeleon.org\/wp-content\/uploads\/2024\/12\/3.jpg","width":2000,"height":1500,"caption":"Le hall ressemble \u00e0 un march\u00e9 couvert. Photo : L. H.-A."},{"@type":"BreadcrumbList","@id":"https:\/\/www.camaeleon.org\/de\/2024\/12\/06\/marche-de-seconde-main-version-2024\/#breadcrumb","itemListElement":[{"@type":"ListItem","position":1,"name":"Home","item":"https:\/\/www.camaeleon.org\/de\/"},{"@type":"ListItem","position":2,"name":"March\u00e9 de seconde main\u00a0: version 2024\u00a0!"}]},{"@type":"WebSite","@id":"https:\/\/www.camaeleon.org\/de\/#website","url":"https:\/\/www.camaeleon.org\/de\/","name":"Cam\u00e4l\u00e9on","description":"Das Sch\u00fclermagazin des Deutsch-Franz\u00f6sischen Gymnasiums Saarbr\u00fccken","publisher":{"@id":"https:\/\/www.camaeleon.org\/de\/#organization"},"potentialAction":[{"@type":"SearchAction","target":{"@type":"EntryPoint","urlTemplate":"https:\/\/www.camaeleon.org\/de\/?s={search_term_string}"},"query-input":{"@type":"PropertyValueSpecification","valueRequired":true,"valueName":"search_term_string"}}],"inLanguage":"de"},{"@type":"Organization","@id":"https:\/\/www.camaeleon.org\/de\/#organization","name":"Cam\u00e4l\u00e9on","url":"https:\/\/www.camaeleon.org\/de\/","logo":{"@type":"ImageObject","inLanguage":"de","@id":"https:\/\/www.camaeleon.org\/de\/#\/schema\/logo\/image\/","url":"https:\/\/www.camaeleon.org\/wp-content\/uploads\/2011\/11\/CAM\u00c4LEON.jpg","contentUrl":"https:\/\/www.camaeleon.org\/wp-content\/uploads\/2011\/11\/CAM\u00c4LEON.jpg","width":959,"height":959,"caption":"Cam\u00e4l\u00e9on"},"image":{"@id":"https:\/\/www.camaeleon.org\/de\/#\/schema\/logo\/image\/"},"sameAs":["https:\/\/www.facebook.com\/camaeleon.org\/","https:\/\/x.com\/camaeleonOrg","https:\/\/www.instagram.com\/camaeleon.dfg\/","https:\/\/www.youtube.com\/channel\/UCl3TAUDdGuu_c7CD6ax6hYg"]},{"@type":"Person","@id":"https:\/\/www.camaeleon.org\/de\/#\/schema\/person\/cd46c7f8b1d7fe75eff89acdafc86cdd","name":"Louis Huff-Andr\u00e9","image":{"@type":"ImageObject","inLanguage":"de","@id":"https:\/\/www.camaeleon.org\/de\/wp-content\/uploads\/2023\/10\/andre-150x150.jpg9e7cb8ff4a023d8b2775108b6d99a22d","url":"https:\/\/www.camaeleon.org\/wp-content\/uploads\/2023\/10\/andre-150x150.jpg","contentUrl":"https:\/\/www.camaeleon.org\/wp-content\/uploads\/2023\/10\/andre-150x150.jpg","caption":"Louis Huff-Andr\u00e9"},"description":"Hallo, mein Name ist Louis Huff-Andr\u00e9 und ich bin 13 Jahre alt. Ich gehe in die 9S2 und bin seit drei Jahren im Cam\u00e4leon. Ich lese gerne deutsche und franz\u00f6sische Comics und Krimis. Ich h\u00f6re mir auch gerne verschiedene Musikst\u00fccke an und versuche, sie auf dem Klavier zu spielen, wenn sie mir gefallen !","url":"https:\/\/www.camaeleon.org\/de\/author\/louis-huff-andre\/"}]}},"_links":{"self":[{"href":"https:\/\/www.camaeleon.org\/de\/wp-json\/wp\/v2\/posts\/31695","targetHints":{"allow":["GET"]}}],"collection":[{"href":"https:\/\/www.camaeleon.org\/de\/wp-json\/wp\/v2\/posts"}],"about":[{"href":"https:\/\/www.camaeleon.org\/de\/wp-json\/wp\/v2\/types\/post"}],"author":[{"embeddable":true,"href":"https:\/\/www.camaeleon.org\/de\/wp-json\/wp\/v2\/users\/174"}],"replies":[{"embeddable":true,"href":"https:\/\/www.camaeleon.org\/de\/wp-json\/wp\/v2\/comments?post=31695"}],"version-history":[{"count":1,"href":"https:\/\/www.camaeleon.org\/de\/wp-json\/wp\/v2\/posts\/31695\/revisions"}],"predecessor-version":[{"id":31716,"href":"https:\/\/www.camaeleon.org\/de\/wp-json\/wp\/v2\/posts\/31695\/revisions\/31716"}],"wp:featuredmedia":[{"embeddable":true,"href":"https:\/\/www.camaeleon.org\/de\/wp-json\/wp\/v2\/media\/31709"}],"wp:attachment":[{"href":"https:\/\/www.camaeleon.org\/de\/wp-json\/wp\/v2\/media?parent=31695"}],"wp:term":[{"taxonomy":"category","embeddable":true,"href":"https:\/\/www.camaeleon.org\/de\/wp-json\/wp\/v2\/categories?post=31695"},{"taxonomy":"post_tag","embeddable":true,"href":"https:\/\/www.camaeleon.org\/de\/wp-json\/wp\/v2\/tags?post=31695"},{"taxonomy":"author","embeddable":true,"href":"https:\/\/www.camaeleon.org\/de\/wp-json\/wp\/v2\/coauthors?post=31695"}],"curies":[{"name":"wp","href":"https:\/\/api.w.org\/{rel}","templated":true}]}}