{"id":31499,"date":"2024-09-27T22:43:09","date_gmt":"2024-09-27T20:43:09","guid":{"rendered":"https:\/\/www.camaeleon.org\/?p=31499"},"modified":"2024-09-29T22:32:36","modified_gmt":"2024-09-29T20:32:36","slug":"das-wort-der-woche-wandertag","status":"publish","type":"post","link":"https:\/\/www.camaeleon.org\/de\/2024\/09\/27\/das-wort-der-woche-wandertag\/","title":{"rendered":"Das Wort der Woche: #Wandertag"},"content":{"rendered":"<figure id=\"attachment_31508\" aria-describedby=\"caption-attachment-31508\" style=\"width: 300px\" class=\"wp-caption alignleft\"><img loading=\"lazy\" decoding=\"async\" class=\"size-medium wp-image-31508\" src=\"https:\/\/www.camaeleon.org\/wp-content\/uploads\/2024\/09\/teenager-959125_1920-300x201.jpg\" alt=\"Wandertag\" width=\"300\" height=\"201\" srcset=\"https:\/\/www.camaeleon.org\/wp-content\/uploads\/2024\/09\/teenager-959125_1920-300x201.jpg 300w, https:\/\/www.camaeleon.org\/wp-content\/uploads\/2024\/09\/teenager-959125_1920-880x589.jpg 880w, https:\/\/www.camaeleon.org\/wp-content\/uploads\/2024\/09\/teenager-959125_1920-1536x1028.jpg 1536w, https:\/\/www.camaeleon.org\/wp-content\/uploads\/2024\/09\/teenager-959125_1920.jpg 1920w\" sizes=\"auto, (max-width: 300px) 100vw, 300px\" \/><figcaption id=\"caption-attachment-31508\" class=\"wp-caption-text\"><\/em> <em>Foto: Ortrun_Lenz \/ pixabay.com<\/em><\/figcaption><\/figure>\n<p>An diesem Mittwoch fand der Wandertag statt. W\u00e4hrend manche Klassen in einige St\u00e4dte wie Trier oder Stra\u00dfburg reisten, blieben andere in der Schule und verbrachten den Tag mit Gesellschaftsspielen.<\/p>\n<p>Im Schuljahr hat man an einer deutschen Schule in der Regel zwei Wandertage. Diese d\u00fcrfen die Klassenlehrer*innen individuell mit ihren Klassen gestalten. Dabei fragen sich die meisten Sch\u00fcler*innen: &#8222;Wieso gibt es den Wandertag?&#8220;. Die Antwort auf diese Frage ist simpel: Es geht darum die Klassengemeinschaft zu st\u00e4rken und seine Mitsch\u00fcler*innen sowie seine Klassenlehrer*innen besser kennenzulernen.<\/p>\n<p>Als der Wandertag 1833 eingef\u00fchrt wurde, war dieser Tag auch lediglich ein reiner Tag zum Wandern. Die Absichten hinter diesem Ausflug hatten sich jedoch nie ge\u00e4ndert. Heutzutage d\u00fcrfen die Klassenlehrer*innen mit ihren Klassen fast \u00fcberall hin reisen, solange ein Lerneffekt entsteht.<\/p>\n","protected":false},"excerpt":{"rendered":"<p>An diesem Mittwoch fand der Wandertag statt. W\u00e4hrend manche Klassen in einige St\u00e4dte wie Trier oder Stra\u00dfburg reisten, blieben andere in der Schule und verbrachten<\/p>\n","protected":false},"author":175,"featured_media":31508,"comment_status":"open","ping_status":"closed","sticky":false,"template":"","format":"standard","meta":{"colormag_page_container_layout":"default_layout","colormag_page_sidebar_layout":"default_layout","footnotes":""},"categories":[864],"tags":[2548,2549,2547],"coauthors":[2250],"class_list":["post-31499","post","type-post","status-publish","format-standard","has-post-thumbnail","hentry","category-le-mot-de-la-semaine","tag-klassenlehrer","tag-klassenlehrerin","tag-wandertag"],"yoast_head":"<!-- This site is optimized with the Yoast SEO plugin v27.5 - https:\/\/yoast.com\/product\/yoast-seo-wordpress\/ -->\n<title>Das Wort der Woche: #Wandertag - Cam\u00e4l\u00e9on<\/title>\n<meta name=\"robots\" content=\"index, follow, max-snippet:-1, max-image-preview:large, max-video-preview:-1\" \/>\n<link rel=\"canonical\" href=\"https:\/\/www.camaeleon.org\/de\/2024\/09\/27\/das-wort-der-woche-wandertag\/\" \/>\n<meta property=\"og:locale\" content=\"de_DE\" \/>\n<meta property=\"og:type\" content=\"article\" \/>\n<meta property=\"og:title\" content=\"Das Wort der Woche: #Wandertag - Cam\u00e4l\u00e9on\" \/>\n<meta property=\"og:description\" content=\"An diesem Mittwoch fand der Wandertag statt. W\u00e4hrend manche Klassen in einige St\u00e4dte wie Trier oder Stra\u00dfburg reisten, blieben andere in der Schule und verbrachten\" \/>\n<meta property=\"og:url\" content=\"https:\/\/www.camaeleon.org\/de\/2024\/09\/27\/das-wort-der-woche-wandertag\/\" \/>\n<meta property=\"og:site_name\" content=\"Cam\u00e4l\u00e9on\" \/>\n<meta property=\"article:publisher\" content=\"https:\/\/www.facebook.com\/camaeleon.org\/\" \/>\n<meta property=\"article:published_time\" content=\"2024-09-27T20:43:09+00:00\" \/>\n<meta property=\"article:modified_time\" content=\"2024-09-29T20:32:36+00:00\" \/>\n<meta property=\"og:image\" content=\"https:\/\/www.camaeleon.org\/wp-content\/uploads\/2024\/09\/teenager-959125_1920.jpg\" \/>\n\t<meta property=\"og:image:width\" content=\"1920\" \/>\n\t<meta property=\"og:image:height\" content=\"1285\" \/>\n\t<meta property=\"og:image:type\" content=\"image\/jpeg\" \/>\n<meta name=\"author\" content=\"Lea J\u00e4ger\" \/>\n<meta name=\"twitter:card\" content=\"summary_large_image\" \/>\n<meta name=\"twitter:creator\" content=\"@camaeleonOrg\" \/>\n<meta name=\"twitter:site\" content=\"@camaeleonOrg\" \/>\n<script type=\"application\/ld+json\" class=\"yoast-schema-graph\">{\"@context\":\"https:\\\/\\\/schema.org\",\"@graph\":[{\"@type\":\"Article\",\"@id\":\"https:\\\/\\\/www.camaeleon.org\\\/2024\\\/09\\\/27\\\/das-wort-der-woche-wandertag\\\/#article\",\"isPartOf\":{\"@id\":\"https:\\\/\\\/www.camaeleon.org\\\/2024\\\/09\\\/27\\\/das-wort-der-woche-wandertag\\\/\"},\"author\":{\"name\":\"Lea J\u00e4ger\",\"@id\":\"https:\\\/\\\/www.camaeleon.org\\\/de\\\/#\\\/schema\\\/person\\\/4e4a9df4c123a475336b31d5d33331ab\"},\"headline\":\"Das Wort der Woche: #Wandertag\",\"datePublished\":\"2024-09-27T20:43:09+00:00\",\"dateModified\":\"2024-09-29T20:32:36+00:00\",\"mainEntityOfPage\":{\"@id\":\"https:\\\/\\\/www.camaeleon.org\\\/2024\\\/09\\\/27\\\/das-wort-der-woche-wandertag\\\/\"},\"wordCount\":156,\"commentCount\":0,\"publisher\":{\"@id\":\"https:\\\/\\\/www.camaeleon.org\\\/de\\\/#organization\"},\"image\":{\"@id\":\"https:\\\/\\\/www.camaeleon.org\\\/2024\\\/09\\\/27\\\/das-wort-der-woche-wandertag\\\/#primaryimage\"},\"thumbnailUrl\":\"https:\\\/\\\/www.camaeleon.org\\\/wp-content\\\/uploads\\\/2024\\\/09\\\/teenager-959125_1920.jpg\",\"keywords\":[\"Klassenlehrer\",\"Klassenlehrerin\",\"Wandertag\"],\"articleSection\":[\"Das Wort der Woche\"],\"inLanguage\":\"de\",\"potentialAction\":[{\"@type\":\"CommentAction\",\"name\":\"Comment\",\"target\":[\"https:\\\/\\\/www.camaeleon.org\\\/2024\\\/09\\\/27\\\/das-wort-der-woche-wandertag\\\/#respond\"]}]},{\"@type\":\"WebPage\",\"@id\":\"https:\\\/\\\/www.camaeleon.org\\\/de\\\/2024\\\/09\\\/27\\\/das-wort-der-woche-wandertag\\\/\",\"url\":\"https:\\\/\\\/www.camaeleon.org\\\/de\\\/2024\\\/09\\\/27\\\/das-wort-der-woche-wandertag\\\/\",\"name\":\"Das Wort der Woche: #Wandertag - Cam\u00e4l\u00e9on\",\"isPartOf\":{\"@id\":\"https:\\\/\\\/www.camaeleon.org\\\/de\\\/#website\"},\"primaryImageOfPage\":{\"@id\":\"https:\\\/\\\/www.camaeleon.org\\\/de\\\/2024\\\/09\\\/27\\\/das-wort-der-woche-wandertag\\\/#primaryimage\"},\"image\":{\"@id\":\"https:\\\/\\\/www.camaeleon.org\\\/2024\\\/09\\\/27\\\/das-wort-der-woche-wandertag\\\/#primaryimage\"},\"thumbnailUrl\":\"https:\\\/\\\/www.camaeleon.org\\\/wp-content\\\/uploads\\\/2024\\\/09\\\/teenager-959125_1920.jpg\",\"datePublished\":\"2024-09-27T20:43:09+00:00\",\"dateModified\":\"2024-09-29T20:32:36+00:00\",\"breadcrumb\":{\"@id\":\"https:\\\/\\\/www.camaeleon.org\\\/de\\\/2024\\\/09\\\/27\\\/das-wort-der-woche-wandertag\\\/#breadcrumb\"},\"inLanguage\":\"de\",\"potentialAction\":[{\"@type\":\"ReadAction\",\"target\":[[\"https:\\\/\\\/www.camaeleon.org\\\/de\\\/2024\\\/09\\\/27\\\/das-wort-der-woche-wandertag\\\/\"]]}]},{\"@type\":\"ImageObject\",\"inLanguage\":\"de\",\"@id\":\"https:\\\/\\\/www.camaeleon.org\\\/de\\\/2024\\\/09\\\/27\\\/das-wort-der-woche-wandertag\\\/#primaryimage\",\"url\":\"https:\\\/\\\/www.camaeleon.org\\\/wp-content\\\/uploads\\\/2024\\\/09\\\/teenager-959125_1920.jpg\",\"contentUrl\":\"https:\\\/\\\/www.camaeleon.org\\\/wp-content\\\/uploads\\\/2024\\\/09\\\/teenager-959125_1920.jpg\",\"width\":1920,\"height\":1285,\"caption\":\"Foto: Ortrun_Lenz \\\/ pixabay.com\"},{\"@type\":\"BreadcrumbList\",\"@id\":\"https:\\\/\\\/www.camaeleon.org\\\/de\\\/2024\\\/09\\\/27\\\/das-wort-der-woche-wandertag\\\/#breadcrumb\",\"itemListElement\":[{\"@type\":\"ListItem\",\"position\":1,\"name\":\"Home\",\"item\":\"https:\\\/\\\/www.camaeleon.org\\\/de\\\/\"},{\"@type\":\"ListItem\",\"position\":2,\"name\":\"Das Wort der Woche: #Wandertag\"}]},{\"@type\":\"WebSite\",\"@id\":\"https:\\\/\\\/www.camaeleon.org\\\/de\\\/#website\",\"url\":\"https:\\\/\\\/www.camaeleon.org\\\/de\\\/\",\"name\":\"Cam\u00e4l\u00e9on\",\"description\":\"Das Sch\u00fclermagazin des Deutsch-Franz\u00f6sischen Gymnasiums Saarbr\u00fccken\",\"publisher\":{\"@id\":\"https:\\\/\\\/www.camaeleon.org\\\/de\\\/#organization\"},\"potentialAction\":[{\"@type\":\"SearchAction\",\"target\":{\"@type\":\"EntryPoint\",\"urlTemplate\":\"https:\\\/\\\/www.camaeleon.org\\\/de\\\/?s={search_term_string}\"},\"query-input\":{\"@type\":\"PropertyValueSpecification\",\"valueRequired\":true,\"valueName\":\"search_term_string\"}}],\"inLanguage\":\"de\"},{\"@type\":\"Organization\",\"@id\":\"https:\\\/\\\/www.camaeleon.org\\\/de\\\/#organization\",\"name\":\"Cam\u00e4l\u00e9on\",\"url\":\"https:\\\/\\\/www.camaeleon.org\\\/de\\\/\",\"logo\":{\"@type\":\"ImageObject\",\"inLanguage\":\"de\",\"@id\":\"https:\\\/\\\/www.camaeleon.org\\\/de\\\/#\\\/schema\\\/logo\\\/image\\\/\",\"url\":\"https:\\\/\\\/www.camaeleon.org\\\/wp-content\\\/uploads\\\/2011\\\/11\\\/CAM\u00c4LEON.jpg\",\"contentUrl\":\"https:\\\/\\\/www.camaeleon.org\\\/wp-content\\\/uploads\\\/2011\\\/11\\\/CAM\u00c4LEON.jpg\",\"width\":959,\"height\":959,\"caption\":\"Cam\u00e4l\u00e9on\"},\"image\":{\"@id\":\"https:\\\/\\\/www.camaeleon.org\\\/de\\\/#\\\/schema\\\/logo\\\/image\\\/\"},\"sameAs\":[\"https:\\\/\\\/www.facebook.com\\\/camaeleon.org\\\/\",\"https:\\\/\\\/x.com\\\/camaeleonOrg\",\"https:\\\/\\\/www.instagram.com\\\/camaeleon.dfg\\\/\",\"https:\\\/\\\/www.youtube.com\\\/channel\\\/UCl3TAUDdGuu_c7CD6ax6hYg\"]},{\"@type\":\"Person\",\"@id\":\"https:\\\/\\\/www.camaeleon.org\\\/de\\\/#\\\/schema\\\/person\\\/4e4a9df4c123a475336b31d5d33331ab\",\"name\":\"Lea J\u00e4ger\",\"image\":{\"@type\":\"ImageObject\",\"inLanguage\":\"de\",\"@id\":\"https:\\\/\\\/www.camaeleon.org\\\/de\\\/wp-content\\\/uploads\\\/2021\\\/10\\\/cropped-android-chrome-512x512-2-150x150.pngb111c6b8db723f506736f05d8fadbe0c\",\"url\":\"https:\\\/\\\/www.camaeleon.org\\\/wp-content\\\/uploads\\\/2021\\\/10\\\/cropped-android-chrome-512x512-2-150x150.png\",\"contentUrl\":\"https:\\\/\\\/www.camaeleon.org\\\/wp-content\\\/uploads\\\/2021\\\/10\\\/cropped-android-chrome-512x512-2-150x150.png\",\"caption\":\"Lea J\u00e4ger\"},\"description\":\"Hi ich bin Lea. Ich bin 14 jahre alt und bin in der 9SL3. Meine Hobbys sind Klavier, E-Gittare und Volleyball spielen. Meine Interessen sind Formel 1, Muik und Klassische Literatur\",\"url\":\"https:\\\/\\\/www.camaeleon.org\\\/de\\\/author\\\/lea-jaeger\\\/\"}]}<\/script>\n<!-- \/ Yoast SEO plugin. -->","yoast_head_json":{"title":"Das Wort der Woche: #Wandertag - Cam\u00e4l\u00e9on","robots":{"index":"index","follow":"follow","max-snippet":"max-snippet:-1","max-image-preview":"max-image-preview:large","max-video-preview":"max-video-preview:-1"},"canonical":"https:\/\/www.camaeleon.org\/de\/2024\/09\/27\/das-wort-der-woche-wandertag\/","og_locale":"de_DE","og_type":"article","og_title":"Das Wort der Woche: #Wandertag - Cam\u00e4l\u00e9on","og_description":"An diesem Mittwoch fand der Wandertag statt. W\u00e4hrend manche Klassen in einige St\u00e4dte wie Trier oder Stra\u00dfburg reisten, blieben andere in der Schule und verbrachten","og_url":"https:\/\/www.camaeleon.org\/de\/2024\/09\/27\/das-wort-der-woche-wandertag\/","og_site_name":"Cam\u00e4l\u00e9on","article_publisher":"https:\/\/www.facebook.com\/camaeleon.org\/","article_published_time":"2024-09-27T20:43:09+00:00","article_modified_time":"2024-09-29T20:32:36+00:00","og_image":[{"width":1920,"height":1285,"url":"https:\/\/www.camaeleon.org\/wp-content\/uploads\/2024\/09\/teenager-959125_1920.jpg","type":"image\/jpeg"}],"author":"Lea J\u00e4ger","twitter_card":"summary_large_image","twitter_creator":"@camaeleonOrg","twitter_site":"@camaeleonOrg","schema":{"@context":"https:\/\/schema.org","@graph":[{"@type":"Article","@id":"https:\/\/www.camaeleon.org\/2024\/09\/27\/das-wort-der-woche-wandertag\/#article","isPartOf":{"@id":"https:\/\/www.camaeleon.org\/2024\/09\/27\/das-wort-der-woche-wandertag\/"},"author":{"name":"Lea J\u00e4ger","@id":"https:\/\/www.camaeleon.org\/de\/#\/schema\/person\/4e4a9df4c123a475336b31d5d33331ab"},"headline":"Das Wort der Woche: #Wandertag","datePublished":"2024-09-27T20:43:09+00:00","dateModified":"2024-09-29T20:32:36+00:00","mainEntityOfPage":{"@id":"https:\/\/www.camaeleon.org\/2024\/09\/27\/das-wort-der-woche-wandertag\/"},"wordCount":156,"commentCount":0,"publisher":{"@id":"https:\/\/www.camaeleon.org\/de\/#organization"},"image":{"@id":"https:\/\/www.camaeleon.org\/2024\/09\/27\/das-wort-der-woche-wandertag\/#primaryimage"},"thumbnailUrl":"https:\/\/www.camaeleon.org\/wp-content\/uploads\/2024\/09\/teenager-959125_1920.jpg","keywords":["Klassenlehrer","Klassenlehrerin","Wandertag"],"articleSection":["Das Wort der Woche"],"inLanguage":"de","potentialAction":[{"@type":"CommentAction","name":"Comment","target":["https:\/\/www.camaeleon.org\/2024\/09\/27\/das-wort-der-woche-wandertag\/#respond"]}]},{"@type":"WebPage","@id":"https:\/\/www.camaeleon.org\/de\/2024\/09\/27\/das-wort-der-woche-wandertag\/","url":"https:\/\/www.camaeleon.org\/de\/2024\/09\/27\/das-wort-der-woche-wandertag\/","name":"Das Wort der Woche: #Wandertag - Cam\u00e4l\u00e9on","isPartOf":{"@id":"https:\/\/www.camaeleon.org\/de\/#website"},"primaryImageOfPage":{"@id":"https:\/\/www.camaeleon.org\/de\/2024\/09\/27\/das-wort-der-woche-wandertag\/#primaryimage"},"image":{"@id":"https:\/\/www.camaeleon.org\/2024\/09\/27\/das-wort-der-woche-wandertag\/#primaryimage"},"thumbnailUrl":"https:\/\/www.camaeleon.org\/wp-content\/uploads\/2024\/09\/teenager-959125_1920.jpg","datePublished":"2024-09-27T20:43:09+00:00","dateModified":"2024-09-29T20:32:36+00:00","breadcrumb":{"@id":"https:\/\/www.camaeleon.org\/de\/2024\/09\/27\/das-wort-der-woche-wandertag\/#breadcrumb"},"inLanguage":"de","potentialAction":[{"@type":"ReadAction","target":[["https:\/\/www.camaeleon.org\/de\/2024\/09\/27\/das-wort-der-woche-wandertag\/"]]}]},{"@type":"ImageObject","inLanguage":"de","@id":"https:\/\/www.camaeleon.org\/de\/2024\/09\/27\/das-wort-der-woche-wandertag\/#primaryimage","url":"https:\/\/www.camaeleon.org\/wp-content\/uploads\/2024\/09\/teenager-959125_1920.jpg","contentUrl":"https:\/\/www.camaeleon.org\/wp-content\/uploads\/2024\/09\/teenager-959125_1920.jpg","width":1920,"height":1285,"caption":"Foto: Ortrun_Lenz \/ pixabay.com"},{"@type":"BreadcrumbList","@id":"https:\/\/www.camaeleon.org\/de\/2024\/09\/27\/das-wort-der-woche-wandertag\/#breadcrumb","itemListElement":[{"@type":"ListItem","position":1,"name":"Home","item":"https:\/\/www.camaeleon.org\/de\/"},{"@type":"ListItem","position":2,"name":"Das Wort der Woche: #Wandertag"}]},{"@type":"WebSite","@id":"https:\/\/www.camaeleon.org\/de\/#website","url":"https:\/\/www.camaeleon.org\/de\/","name":"Cam\u00e4l\u00e9on","description":"Das Sch\u00fclermagazin des Deutsch-Franz\u00f6sischen Gymnasiums Saarbr\u00fccken","publisher":{"@id":"https:\/\/www.camaeleon.org\/de\/#organization"},"potentialAction":[{"@type":"SearchAction","target":{"@type":"EntryPoint","urlTemplate":"https:\/\/www.camaeleon.org\/de\/?s={search_term_string}"},"query-input":{"@type":"PropertyValueSpecification","valueRequired":true,"valueName":"search_term_string"}}],"inLanguage":"de"},{"@type":"Organization","@id":"https:\/\/www.camaeleon.org\/de\/#organization","name":"Cam\u00e4l\u00e9on","url":"https:\/\/www.camaeleon.org\/de\/","logo":{"@type":"ImageObject","inLanguage":"de","@id":"https:\/\/www.camaeleon.org\/de\/#\/schema\/logo\/image\/","url":"https:\/\/www.camaeleon.org\/wp-content\/uploads\/2011\/11\/CAM\u00c4LEON.jpg","contentUrl":"https:\/\/www.camaeleon.org\/wp-content\/uploads\/2011\/11\/CAM\u00c4LEON.jpg","width":959,"height":959,"caption":"Cam\u00e4l\u00e9on"},"image":{"@id":"https:\/\/www.camaeleon.org\/de\/#\/schema\/logo\/image\/"},"sameAs":["https:\/\/www.facebook.com\/camaeleon.org\/","https:\/\/x.com\/camaeleonOrg","https:\/\/www.instagram.com\/camaeleon.dfg\/","https:\/\/www.youtube.com\/channel\/UCl3TAUDdGuu_c7CD6ax6hYg"]},{"@type":"Person","@id":"https:\/\/www.camaeleon.org\/de\/#\/schema\/person\/4e4a9df4c123a475336b31d5d33331ab","name":"Lea J\u00e4ger","image":{"@type":"ImageObject","inLanguage":"de","@id":"https:\/\/www.camaeleon.org\/de\/wp-content\/uploads\/2021\/10\/cropped-android-chrome-512x512-2-150x150.pngb111c6b8db723f506736f05d8fadbe0c","url":"https:\/\/www.camaeleon.org\/wp-content\/uploads\/2021\/10\/cropped-android-chrome-512x512-2-150x150.png","contentUrl":"https:\/\/www.camaeleon.org\/wp-content\/uploads\/2021\/10\/cropped-android-chrome-512x512-2-150x150.png","caption":"Lea J\u00e4ger"},"description":"Hi ich bin Lea. Ich bin 14 jahre alt und bin in der 9SL3. Meine Hobbys sind Klavier, E-Gittare und Volleyball spielen. Meine Interessen sind Formel 1, Muik und Klassische Literatur","url":"https:\/\/www.camaeleon.org\/de\/author\/lea-jaeger\/"}]}},"_links":{"self":[{"href":"https:\/\/www.camaeleon.org\/de\/wp-json\/wp\/v2\/posts\/31499","targetHints":{"allow":["GET"]}}],"collection":[{"href":"https:\/\/www.camaeleon.org\/de\/wp-json\/wp\/v2\/posts"}],"about":[{"href":"https:\/\/www.camaeleon.org\/de\/wp-json\/wp\/v2\/types\/post"}],"author":[{"embeddable":true,"href":"https:\/\/www.camaeleon.org\/de\/wp-json\/wp\/v2\/users\/175"}],"replies":[{"embeddable":true,"href":"https:\/\/www.camaeleon.org\/de\/wp-json\/wp\/v2\/comments?post=31499"}],"version-history":[{"count":6,"href":"https:\/\/www.camaeleon.org\/de\/wp-json\/wp\/v2\/posts\/31499\/revisions"}],"predecessor-version":[{"id":31513,"href":"https:\/\/www.camaeleon.org\/de\/wp-json\/wp\/v2\/posts\/31499\/revisions\/31513"}],"wp:featuredmedia":[{"embeddable":true,"href":"https:\/\/www.camaeleon.org\/de\/wp-json\/wp\/v2\/media\/31508"}],"wp:attachment":[{"href":"https:\/\/www.camaeleon.org\/de\/wp-json\/wp\/v2\/media?parent=31499"}],"wp:term":[{"taxonomy":"category","embeddable":true,"href":"https:\/\/www.camaeleon.org\/de\/wp-json\/wp\/v2\/categories?post=31499"},{"taxonomy":"post_tag","embeddable":true,"href":"https:\/\/www.camaeleon.org\/de\/wp-json\/wp\/v2\/tags?post=31499"},{"taxonomy":"author","embeddable":true,"href":"https:\/\/www.camaeleon.org\/de\/wp-json\/wp\/v2\/coauthors?post=31499"}],"curies":[{"name":"wp","href":"https:\/\/api.w.org\/{rel}","templated":true}]}}