{"id":31418,"date":"2024-08-30T23:42:15","date_gmt":"2024-08-30T21:42:15","guid":{"rendered":"https:\/\/www.camaeleon.org\/?p=31418"},"modified":"2025-10-22T01:08:49","modified_gmt":"2025-10-21T23:08:49","slug":"folge-5-lass-mal-die-europawahl-analysieren","status":"publish","type":"post","link":"https:\/\/www.camaeleon.org\/de\/2024\/08\/30\/folge-5-lass-mal-die-europawahl-analysieren\/","title":{"rendered":"Folge 5: Lass mal &#8230; die Europawahl analysieren"},"content":{"rendered":"<p><figure id=\"attachment_30978\" aria-describedby=\"caption-attachment-30978\" style=\"width: 300px\" class=\"wp-caption alignleft\"><img loading=\"lazy\" decoding=\"async\" class=\"size-medium wp-image-30978\" src=\"https:\/\/www.camaeleon.org\/wp-content\/uploads\/2024\/04\/lass_mal-1-300x300.jpg\" alt=\"Lass mal... Podcast \u00fcber Politik und Gesellschaft von und f\u00fcr Jugendliche\" width=\"300\" height=\"300\" srcset=\"https:\/\/www.camaeleon.org\/wp-content\/uploads\/2024\/04\/lass_mal-1-300x300.jpg 300w, https:\/\/www.camaeleon.org\/wp-content\/uploads\/2024\/04\/lass_mal-1-150x150.jpg 150w, https:\/\/www.camaeleon.org\/wp-content\/uploads\/2024\/04\/lass_mal-1.jpg 480w\" sizes=\"auto, (max-width: 300px) 100vw, 300px\" \/><figcaption id=\"caption-attachment-30978\" class=\"wp-caption-text\">Foto: LpB Saarland<\/figcaption><\/figure><\/p>\n<div id=\"audiblePodcastChildEpisodeTitle_0_desc_desc\" class=\"a-column a-span6 a-pull1 a-spacing-top-large a-ws-span7 audPodcastDescriptionLeftMargin\">\n<div id=\"0_desc\" class=\"a-expander-collapsed-height a-row a-expander-container a-expander-partial-collapse-container\" data-node-id=\"childEpisodeTrimmedDescription_0_desc\" aria-label=\"Read More About Episode Description\" data-a-expander-name=\"podcast_description_expander\" data-a-expander-collapsed-height=\"82.4\">\n<div class=\"a-expander-content a-expander-partial-collapse-content a-expander-content-expanded\" data-expanded=\"true\">In dieser Folge von &#8222;Lass Mal&#8230;&#8220; beleuchten wir die Ergebnisse der Europawahlen und die Neuwahlen in Frankreich. Dr. Stephan Lutzenberger, Studienleiter an der Europ\u00e4ischen Akademie in Otzenhausen, teilt seine Expertise \u00fcber die Hintergr\u00fcnde des aktuellen Wahlverhaltens und m\u00f6gliche Gr\u00fcnde f\u00fcr die politische Landschaft Europas. Wir diskutieren, wie Jugendliche die Politik ver\u00e4ndern und wie politische Bildung als Reaktion auf Populismus genutzt werden kann. H\u00f6rt rein, um mehr \u00fcber die Zukunft der europ\u00e4ischen Zusammenarbeit zu erfahren und wie wir als Einzelne zu einer aktiveren und informierten Gesellschaft beitragen k\u00f6nnen.<\/div>\n<\/div>\n<\/div>\n<p>Shownotes:<\/p>\n<p><a href=\"https:\/\/www.saarland.de\/lpb\/DE\/Home\" target=\"_parent\" rel=\"noopener\">https:\/\/www.saarland.de\/lpb\/DE\/Home<\/a><\/p>\n<p><a href=\"https:\/\/www.eao-otzenhausen.de\/team\/bildungsprogramm\/mitarbeiter\/address\/dr-stephan-lutzenberger\" target=\"_parent\" rel=\"noopener\">https:\/\/www.eao-otzenhausen.de\/team\/bildungsprogramm\/mitarbeiter\/address\/dr-stephan-lutzenberger<\/a><\/p>\n<p><a href=\"https:\/\/www.instagram.com\/eao.otzenhausen\/?hl=de\" target=\"_parent\" rel=\"noopener\">https:\/\/www.instagram.com\/eao.otzenhausen\/?hl=de<\/a><\/p>\n<p><iframe loading=\"lazy\" style=\"border: 0;\" src=\"https:\/\/lass-mal-podcast.podigee.io\/5-new-episode\/embed?context=website\" width=\"100%\" height=\"270\"><br \/>\n<\/iframe><\/p>","protected":false},"excerpt":{"rendered":"<p>In dieser Folge von &#8222;Lass Mal&#8230;&#8220; beleuchten wir die Ergebnisse der Europawahlen und die Neuwahlen in Frankreich. Dr. Stephan Lutzenberger, Studienleiter an der Europ\u00e4ischen Akademie<\/p>\n","protected":false},"author":112,"featured_media":31194,"comment_status":"open","ping_status":"closed","sticky":false,"template":"","format":"standard","meta":{"colormag_page_container_layout":"default_layout","colormag_page_sidebar_layout":"default_layout","footnotes":""},"categories":[200,10,2039],"tags":[1060,1075,2538,2537],"coauthors":[748],"class_list":["post-31418","post","type-post","status-publish","format-standard","has-post-thumbnail","hentry","category-audio","category-politique","category-zeitlos","tag-europaische-wahlen","tag-europawahl","tag-lass-mal","tag-stephan-lutzenberger"],"yoast_head":"<!-- This site is optimized with the Yoast SEO plugin v27.5 - https:\/\/yoast.com\/product\/yoast-seo-wordpress\/ -->\n<title>Folge 5: Lass mal ... die Europawahl analysieren - Cam\u00e4l\u00e9on<\/title>\n<meta name=\"description\" content=\"In dieser Folge von &quot;Lass Mal...&quot; beleuchten wir die Ergebnisse der Europawahlen und die Neuwahlen in Frankreich.\" \/>\n<meta name=\"robots\" content=\"index, follow, max-snippet:-1, max-image-preview:large, max-video-preview:-1\" \/>\n<link rel=\"canonical\" href=\"https:\/\/www.camaeleon.org\/de\/2024\/08\/30\/folge-5-lass-mal-die-europawahl-analysieren\/\" \/>\n<meta property=\"og:locale\" content=\"de_DE\" \/>\n<meta property=\"og:type\" content=\"article\" \/>\n<meta property=\"og:title\" content=\"Folge 5: Lass mal ... die Europawahl analysieren - Cam\u00e4l\u00e9on\" \/>\n<meta property=\"og:description\" content=\"In dieser Folge von &quot;Lass Mal...&quot; beleuchten wir die Ergebnisse der Europawahlen und die Neuwahlen in Frankreich.\" \/>\n<meta property=\"og:url\" content=\"https:\/\/www.camaeleon.org\/de\/2024\/08\/30\/folge-5-lass-mal-die-europawahl-analysieren\/\" \/>\n<meta property=\"og:site_name\" content=\"Cam\u00e4l\u00e9on\" \/>\n<meta property=\"article:publisher\" content=\"https:\/\/www.facebook.com\/camaeleon.org\/\" \/>\n<meta property=\"article:published_time\" content=\"2024-08-30T21:42:15+00:00\" \/>\n<meta property=\"article:modified_time\" content=\"2025-10-21T23:08:49+00:00\" \/>\n<meta property=\"og:image\" content=\"https:\/\/www.camaeleon.org\/wp-content\/uploads\/2024\/06\/LpB-Podcast.jpg\" \/>\n\t<meta property=\"og:image:width\" content=\"1440\" \/>\n\t<meta property=\"og:image:height\" content=\"810\" \/>\n\t<meta property=\"og:image:type\" content=\"image\/jpeg\" \/>\n<meta name=\"author\" content=\"Camaeleon\" \/>\n<meta name=\"twitter:card\" content=\"summary_large_image\" \/>\n<meta name=\"twitter:creator\" content=\"@camaeleonOrg\" \/>\n<meta name=\"twitter:site\" content=\"@camaeleonOrg\" \/>\n<script type=\"application\/ld+json\" class=\"yoast-schema-graph\">{\"@context\":\"https:\\\/\\\/schema.org\",\"@graph\":[{\"@type\":\"Article\",\"@id\":\"https:\\\/\\\/www.camaeleon.org\\\/2024\\\/08\\\/30\\\/folge-5-lass-mal-die-europawahl-analysieren\\\/#article\",\"isPartOf\":{\"@id\":\"https:\\\/\\\/www.camaeleon.org\\\/2024\\\/08\\\/30\\\/folge-5-lass-mal-die-europawahl-analysieren\\\/\"},\"author\":{\"name\":\"Camaeleon\",\"@id\":\"https:\\\/\\\/www.camaeleon.org\\\/de\\\/#\\\/schema\\\/person\\\/60395ed8f80aa90ba2fd3b59ba600065\"},\"headline\":\"Folge 5: Lass mal &#8230; die Europawahl analysieren\",\"datePublished\":\"2024-08-30T21:42:15+00:00\",\"dateModified\":\"2025-10-21T23:08:49+00:00\",\"mainEntityOfPage\":{\"@id\":\"https:\\\/\\\/www.camaeleon.org\\\/2024\\\/08\\\/30\\\/folge-5-lass-mal-die-europawahl-analysieren\\\/\"},\"wordCount\":404,\"commentCount\":0,\"publisher\":{\"@id\":\"https:\\\/\\\/www.camaeleon.org\\\/de\\\/#organization\"},\"image\":{\"@id\":\"https:\\\/\\\/www.camaeleon.org\\\/2024\\\/08\\\/30\\\/folge-5-lass-mal-die-europawahl-analysieren\\\/#primaryimage\"},\"thumbnailUrl\":\"https:\\\/\\\/www.camaeleon.org\\\/wp-content\\\/uploads\\\/2024\\\/06\\\/LpB-Podcast.jpg\",\"keywords\":[\"europ\u00e4ische Wahlen\",\"Europawahl\",\"Lass mal\",\"Stephan Lutzenberger\"],\"articleSection\":[\"Podcast\",\"Politik\",\"Zeitlos\"],\"inLanguage\":\"de\",\"potentialAction\":[{\"@type\":\"CommentAction\",\"name\":\"Comment\",\"target\":[\"https:\\\/\\\/www.camaeleon.org\\\/2024\\\/08\\\/30\\\/folge-5-lass-mal-die-europawahl-analysieren\\\/#respond\"]}]},{\"@type\":\"WebPage\",\"@id\":\"https:\\\/\\\/www.camaeleon.org\\\/de\\\/2024\\\/08\\\/30\\\/folge-5-lass-mal-die-europawahl-analysieren\\\/\",\"url\":\"https:\\\/\\\/www.camaeleon.org\\\/de\\\/2024\\\/08\\\/30\\\/folge-5-lass-mal-die-europawahl-analysieren\\\/\",\"name\":\"Folge 5: Lass mal ... die Europawahl analysieren - Cam\u00e4l\u00e9on\",\"isPartOf\":{\"@id\":\"https:\\\/\\\/www.camaeleon.org\\\/de\\\/#website\"},\"primaryImageOfPage\":{\"@id\":\"https:\\\/\\\/www.camaeleon.org\\\/de\\\/2024\\\/08\\\/30\\\/folge-5-lass-mal-die-europawahl-analysieren\\\/#primaryimage\"},\"image\":{\"@id\":\"https:\\\/\\\/www.camaeleon.org\\\/2024\\\/08\\\/30\\\/folge-5-lass-mal-die-europawahl-analysieren\\\/#primaryimage\"},\"thumbnailUrl\":\"https:\\\/\\\/www.camaeleon.org\\\/wp-content\\\/uploads\\\/2024\\\/06\\\/LpB-Podcast.jpg\",\"datePublished\":\"2024-08-30T21:42:15+00:00\",\"dateModified\":\"2025-10-21T23:08:49+00:00\",\"description\":\"In dieser Folge von \\\"Lass Mal...\\\" beleuchten wir die Ergebnisse der Europawahlen und die Neuwahlen in Frankreich.\",\"breadcrumb\":{\"@id\":\"https:\\\/\\\/www.camaeleon.org\\\/de\\\/2024\\\/08\\\/30\\\/folge-5-lass-mal-die-europawahl-analysieren\\\/#breadcrumb\"},\"inLanguage\":\"de\",\"potentialAction\":[{\"@type\":\"ReadAction\",\"target\":[[\"https:\\\/\\\/www.camaeleon.org\\\/de\\\/2024\\\/08\\\/30\\\/folge-5-lass-mal-die-europawahl-analysieren\\\/\"]]}]},{\"@type\":\"ImageObject\",\"inLanguage\":\"de\",\"@id\":\"https:\\\/\\\/www.camaeleon.org\\\/de\\\/2024\\\/08\\\/30\\\/folge-5-lass-mal-die-europawahl-analysieren\\\/#primaryimage\",\"url\":\"https:\\\/\\\/www.camaeleon.org\\\/wp-content\\\/uploads\\\/2024\\\/06\\\/LpB-Podcast.jpg\",\"contentUrl\":\"https:\\\/\\\/www.camaeleon.org\\\/wp-content\\\/uploads\\\/2024\\\/06\\\/LpB-Podcast.jpg\",\"width\":1440,\"height\":810,\"caption\":\"Lass mal... Podcast \u00fcber Politik und Gesellschaft von und f\u00fcr Jugendliche\"},{\"@type\":\"BreadcrumbList\",\"@id\":\"https:\\\/\\\/www.camaeleon.org\\\/de\\\/2024\\\/08\\\/30\\\/folge-5-lass-mal-die-europawahl-analysieren\\\/#breadcrumb\",\"itemListElement\":[{\"@type\":\"ListItem\",\"position\":1,\"name\":\"Home\",\"item\":\"https:\\\/\\\/www.camaeleon.org\\\/de\\\/\"},{\"@type\":\"ListItem\",\"position\":2,\"name\":\"Folge 5: Lass mal &#8230; die Europawahl analysieren\"}]},{\"@type\":\"WebSite\",\"@id\":\"https:\\\/\\\/www.camaeleon.org\\\/de\\\/#website\",\"url\":\"https:\\\/\\\/www.camaeleon.org\\\/de\\\/\",\"name\":\"Cam\u00e4l\u00e9on\",\"description\":\"Das Sch\u00fclermagazin des Deutsch-Franz\u00f6sischen Gymnasiums Saarbr\u00fccken\",\"publisher\":{\"@id\":\"https:\\\/\\\/www.camaeleon.org\\\/de\\\/#organization\"},\"potentialAction\":[{\"@type\":\"SearchAction\",\"target\":{\"@type\":\"EntryPoint\",\"urlTemplate\":\"https:\\\/\\\/www.camaeleon.org\\\/de\\\/?s={search_term_string}\"},\"query-input\":{\"@type\":\"PropertyValueSpecification\",\"valueRequired\":true,\"valueName\":\"search_term_string\"}}],\"inLanguage\":\"de\"},{\"@type\":\"Organization\",\"@id\":\"https:\\\/\\\/www.camaeleon.org\\\/de\\\/#organization\",\"name\":\"Cam\u00e4l\u00e9on\",\"url\":\"https:\\\/\\\/www.camaeleon.org\\\/de\\\/\",\"logo\":{\"@type\":\"ImageObject\",\"inLanguage\":\"de\",\"@id\":\"https:\\\/\\\/www.camaeleon.org\\\/de\\\/#\\\/schema\\\/logo\\\/image\\\/\",\"url\":\"https:\\\/\\\/www.camaeleon.org\\\/wp-content\\\/uploads\\\/2011\\\/11\\\/CAM\u00c4LEON.jpg\",\"contentUrl\":\"https:\\\/\\\/www.camaeleon.org\\\/wp-content\\\/uploads\\\/2011\\\/11\\\/CAM\u00c4LEON.jpg\",\"width\":959,\"height\":959,\"caption\":\"Cam\u00e4l\u00e9on\"},\"image\":{\"@id\":\"https:\\\/\\\/www.camaeleon.org\\\/de\\\/#\\\/schema\\\/logo\\\/image\\\/\"},\"sameAs\":[\"https:\\\/\\\/www.facebook.com\\\/camaeleon.org\\\/\",\"https:\\\/\\\/x.com\\\/camaeleonOrg\",\"https:\\\/\\\/www.instagram.com\\\/camaeleon.dfg\\\/\",\"https:\\\/\\\/www.youtube.com\\\/channel\\\/UCl3TAUDdGuu_c7CD6ax6hYg\"]},{\"@type\":\"Person\",\"@id\":\"https:\\\/\\\/www.camaeleon.org\\\/de\\\/#\\\/schema\\\/person\\\/60395ed8f80aa90ba2fd3b59ba600065\",\"name\":\"Camaeleon\",\"image\":{\"@type\":\"ImageObject\",\"inLanguage\":\"de\",\"@id\":\"https:\\\/\\\/www.camaeleon.org\\\/de\\\/wp-content\\\/uploads\\\/2021\\\/10\\\/android-chrome-192x192-1-150x150.pngc02040f5fb6e1c5fd767b6cfe6c8be66\",\"url\":\"https:\\\/\\\/www.camaeleon.org\\\/wp-content\\\/uploads\\\/2021\\\/10\\\/android-chrome-192x192-1-150x150.png\",\"contentUrl\":\"https:\\\/\\\/www.camaeleon.org\\\/wp-content\\\/uploads\\\/2021\\\/10\\\/android-chrome-192x192-1-150x150.png\",\"caption\":\"Camaeleon\"},\"url\":\"https:\\\/\\\/www.camaeleon.org\\\/de\\\/author\\\/camaeleon\\\/\"}]}<\/script>\n<!-- \/ Yoast SEO plugin. -->","yoast_head_json":{"title":"Folge 5: Lass mal ... die Europawahl analysieren - Cam\u00e4l\u00e9on","description":"In dieser Folge von \"Lass Mal...\" beleuchten wir die Ergebnisse der Europawahlen und die Neuwahlen in Frankreich.","robots":{"index":"index","follow":"follow","max-snippet":"max-snippet:-1","max-image-preview":"max-image-preview:large","max-video-preview":"max-video-preview:-1"},"canonical":"https:\/\/www.camaeleon.org\/de\/2024\/08\/30\/folge-5-lass-mal-die-europawahl-analysieren\/","og_locale":"de_DE","og_type":"article","og_title":"Folge 5: Lass mal ... die Europawahl analysieren - Cam\u00e4l\u00e9on","og_description":"In dieser Folge von \"Lass Mal...\" beleuchten wir die Ergebnisse der Europawahlen und die Neuwahlen in Frankreich.","og_url":"https:\/\/www.camaeleon.org\/de\/2024\/08\/30\/folge-5-lass-mal-die-europawahl-analysieren\/","og_site_name":"Cam\u00e4l\u00e9on","article_publisher":"https:\/\/www.facebook.com\/camaeleon.org\/","article_published_time":"2024-08-30T21:42:15+00:00","article_modified_time":"2025-10-21T23:08:49+00:00","og_image":[{"width":1440,"height":810,"url":"https:\/\/www.camaeleon.org\/wp-content\/uploads\/2024\/06\/LpB-Podcast.jpg","type":"image\/jpeg"}],"author":"Camaeleon","twitter_card":"summary_large_image","twitter_creator":"@camaeleonOrg","twitter_site":"@camaeleonOrg","schema":{"@context":"https:\/\/schema.org","@graph":[{"@type":"Article","@id":"https:\/\/www.camaeleon.org\/2024\/08\/30\/folge-5-lass-mal-die-europawahl-analysieren\/#article","isPartOf":{"@id":"https:\/\/www.camaeleon.org\/2024\/08\/30\/folge-5-lass-mal-die-europawahl-analysieren\/"},"author":{"name":"Camaeleon","@id":"https:\/\/www.camaeleon.org\/de\/#\/schema\/person\/60395ed8f80aa90ba2fd3b59ba600065"},"headline":"Folge 5: Lass mal &#8230; die Europawahl analysieren","datePublished":"2024-08-30T21:42:15+00:00","dateModified":"2025-10-21T23:08:49+00:00","mainEntityOfPage":{"@id":"https:\/\/www.camaeleon.org\/2024\/08\/30\/folge-5-lass-mal-die-europawahl-analysieren\/"},"wordCount":404,"commentCount":0,"publisher":{"@id":"https:\/\/www.camaeleon.org\/de\/#organization"},"image":{"@id":"https:\/\/www.camaeleon.org\/2024\/08\/30\/folge-5-lass-mal-die-europawahl-analysieren\/#primaryimage"},"thumbnailUrl":"https:\/\/www.camaeleon.org\/wp-content\/uploads\/2024\/06\/LpB-Podcast.jpg","keywords":["europ\u00e4ische Wahlen","Europawahl","Lass mal","Stephan Lutzenberger"],"articleSection":["Podcast","Politik","Zeitlos"],"inLanguage":"de","potentialAction":[{"@type":"CommentAction","name":"Comment","target":["https:\/\/www.camaeleon.org\/2024\/08\/30\/folge-5-lass-mal-die-europawahl-analysieren\/#respond"]}]},{"@type":"WebPage","@id":"https:\/\/www.camaeleon.org\/de\/2024\/08\/30\/folge-5-lass-mal-die-europawahl-analysieren\/","url":"https:\/\/www.camaeleon.org\/de\/2024\/08\/30\/folge-5-lass-mal-die-europawahl-analysieren\/","name":"Folge 5: Lass mal ... die Europawahl analysieren - Cam\u00e4l\u00e9on","isPartOf":{"@id":"https:\/\/www.camaeleon.org\/de\/#website"},"primaryImageOfPage":{"@id":"https:\/\/www.camaeleon.org\/de\/2024\/08\/30\/folge-5-lass-mal-die-europawahl-analysieren\/#primaryimage"},"image":{"@id":"https:\/\/www.camaeleon.org\/2024\/08\/30\/folge-5-lass-mal-die-europawahl-analysieren\/#primaryimage"},"thumbnailUrl":"https:\/\/www.camaeleon.org\/wp-content\/uploads\/2024\/06\/LpB-Podcast.jpg","datePublished":"2024-08-30T21:42:15+00:00","dateModified":"2025-10-21T23:08:49+00:00","description":"In dieser Folge von \"Lass Mal...\" beleuchten wir die Ergebnisse der Europawahlen und die Neuwahlen in Frankreich.","breadcrumb":{"@id":"https:\/\/www.camaeleon.org\/de\/2024\/08\/30\/folge-5-lass-mal-die-europawahl-analysieren\/#breadcrumb"},"inLanguage":"de","potentialAction":[{"@type":"ReadAction","target":[["https:\/\/www.camaeleon.org\/de\/2024\/08\/30\/folge-5-lass-mal-die-europawahl-analysieren\/"]]}]},{"@type":"ImageObject","inLanguage":"de","@id":"https:\/\/www.camaeleon.org\/de\/2024\/08\/30\/folge-5-lass-mal-die-europawahl-analysieren\/#primaryimage","url":"https:\/\/www.camaeleon.org\/wp-content\/uploads\/2024\/06\/LpB-Podcast.jpg","contentUrl":"https:\/\/www.camaeleon.org\/wp-content\/uploads\/2024\/06\/LpB-Podcast.jpg","width":1440,"height":810,"caption":"Lass mal... Podcast \u00fcber Politik und Gesellschaft von und f\u00fcr Jugendliche"},{"@type":"BreadcrumbList","@id":"https:\/\/www.camaeleon.org\/de\/2024\/08\/30\/folge-5-lass-mal-die-europawahl-analysieren\/#breadcrumb","itemListElement":[{"@type":"ListItem","position":1,"name":"Home","item":"https:\/\/www.camaeleon.org\/de\/"},{"@type":"ListItem","position":2,"name":"Folge 5: Lass mal &#8230; die Europawahl analysieren"}]},{"@type":"WebSite","@id":"https:\/\/www.camaeleon.org\/de\/#website","url":"https:\/\/www.camaeleon.org\/de\/","name":"Cam\u00e4l\u00e9on","description":"Das Sch\u00fclermagazin des Deutsch-Franz\u00f6sischen Gymnasiums Saarbr\u00fccken","publisher":{"@id":"https:\/\/www.camaeleon.org\/de\/#organization"},"potentialAction":[{"@type":"SearchAction","target":{"@type":"EntryPoint","urlTemplate":"https:\/\/www.camaeleon.org\/de\/?s={search_term_string}"},"query-input":{"@type":"PropertyValueSpecification","valueRequired":true,"valueName":"search_term_string"}}],"inLanguage":"de"},{"@type":"Organization","@id":"https:\/\/www.camaeleon.org\/de\/#organization","name":"Cam\u00e4l\u00e9on","url":"https:\/\/www.camaeleon.org\/de\/","logo":{"@type":"ImageObject","inLanguage":"de","@id":"https:\/\/www.camaeleon.org\/de\/#\/schema\/logo\/image\/","url":"https:\/\/www.camaeleon.org\/wp-content\/uploads\/2011\/11\/CAM\u00c4LEON.jpg","contentUrl":"https:\/\/www.camaeleon.org\/wp-content\/uploads\/2011\/11\/CAM\u00c4LEON.jpg","width":959,"height":959,"caption":"Cam\u00e4l\u00e9on"},"image":{"@id":"https:\/\/www.camaeleon.org\/de\/#\/schema\/logo\/image\/"},"sameAs":["https:\/\/www.facebook.com\/camaeleon.org\/","https:\/\/x.com\/camaeleonOrg","https:\/\/www.instagram.com\/camaeleon.dfg\/","https:\/\/www.youtube.com\/channel\/UCl3TAUDdGuu_c7CD6ax6hYg"]},{"@type":"Person","@id":"https:\/\/www.camaeleon.org\/de\/#\/schema\/person\/60395ed8f80aa90ba2fd3b59ba600065","name":"Camaeleon","image":{"@type":"ImageObject","inLanguage":"de","@id":"https:\/\/www.camaeleon.org\/de\/wp-content\/uploads\/2021\/10\/android-chrome-192x192-1-150x150.pngc02040f5fb6e1c5fd767b6cfe6c8be66","url":"https:\/\/www.camaeleon.org\/wp-content\/uploads\/2021\/10\/android-chrome-192x192-1-150x150.png","contentUrl":"https:\/\/www.camaeleon.org\/wp-content\/uploads\/2021\/10\/android-chrome-192x192-1-150x150.png","caption":"Camaeleon"},"url":"https:\/\/www.camaeleon.org\/de\/author\/camaeleon\/"}]}},"_links":{"self":[{"href":"https:\/\/www.camaeleon.org\/de\/wp-json\/wp\/v2\/posts\/31418","targetHints":{"allow":["GET"]}}],"collection":[{"href":"https:\/\/www.camaeleon.org\/de\/wp-json\/wp\/v2\/posts"}],"about":[{"href":"https:\/\/www.camaeleon.org\/de\/wp-json\/wp\/v2\/types\/post"}],"author":[{"embeddable":true,"href":"https:\/\/www.camaeleon.org\/de\/wp-json\/wp\/v2\/users\/112"}],"replies":[{"embeddable":true,"href":"https:\/\/www.camaeleon.org\/de\/wp-json\/wp\/v2\/comments?post=31418"}],"version-history":[{"count":1,"href":"https:\/\/www.camaeleon.org\/de\/wp-json\/wp\/v2\/posts\/31418\/revisions"}],"predecessor-version":[{"id":31423,"href":"https:\/\/www.camaeleon.org\/de\/wp-json\/wp\/v2\/posts\/31418\/revisions\/31423"}],"wp:featuredmedia":[{"embeddable":true,"href":"https:\/\/www.camaeleon.org\/de\/wp-json\/wp\/v2\/media\/31194"}],"wp:attachment":[{"href":"https:\/\/www.camaeleon.org\/de\/wp-json\/wp\/v2\/media?parent=31418"}],"wp:term":[{"taxonomy":"category","embeddable":true,"href":"https:\/\/www.camaeleon.org\/de\/wp-json\/wp\/v2\/categories?post=31418"},{"taxonomy":"post_tag","embeddable":true,"href":"https:\/\/www.camaeleon.org\/de\/wp-json\/wp\/v2\/tags?post=31418"},{"taxonomy":"author","embeddable":true,"href":"https:\/\/www.camaeleon.org\/de\/wp-json\/wp\/v2\/coauthors?post=31418"}],"curies":[{"name":"wp","href":"https:\/\/api.w.org\/{rel}","templated":true}]}}