{"id":31416,"date":"2024-08-23T22:56:22","date_gmt":"2024-08-23T20:56:22","guid":{"rendered":"https:\/\/www.camaeleon.org\/?p=31416"},"modified":"2025-10-22T01:10:06","modified_gmt":"2025-10-21T23:10:06","slug":"folge-4-lass-mal-politisch-mitreden","status":"publish","type":"post","link":"https:\/\/www.camaeleon.org\/de\/2024\/08\/23\/folge-4-lass-mal-politisch-mitreden\/","title":{"rendered":"Folge 4: Lass mal &#8230; politisch mitreden"},"content":{"rendered":"<figure id=\"attachment_30978\" aria-describedby=\"caption-attachment-30978\" style=\"width: 300px\" class=\"wp-caption alignleft\"><img loading=\"lazy\" decoding=\"async\" class=\"size-medium wp-image-30978\" src=\"https:\/\/www.camaeleon.org\/wp-content\/uploads\/2024\/04\/lass_mal-1-300x300.jpg\" alt=\"Lass mal... Podcast \u00fcber Politik und Gesellschaft von und f\u00fcr Jugendliche\" width=\"300\" height=\"300\" srcset=\"https:\/\/www.camaeleon.org\/wp-content\/uploads\/2024\/04\/lass_mal-1-300x300.jpg 300w, https:\/\/www.camaeleon.org\/wp-content\/uploads\/2024\/04\/lass_mal-1-150x150.jpg 150w, https:\/\/www.camaeleon.org\/wp-content\/uploads\/2024\/04\/lass_mal-1.jpg 480w\" sizes=\"auto, (max-width: 300px) 100vw, 300px\" \/><figcaption id=\"caption-attachment-30978\" class=\"wp-caption-text\">Foto: LpB Saarland<\/figcaption><\/figure>\n<p>In dieser Episode unseres &#8222;Lass Mal&#8220;-Podcasts begr\u00fc\u00dfen wir Am\u00e9lie Pont, eine ehemalige Sch\u00fclerin des Deutsch-Franz\u00f6sichen Gymnasiums und junge Studentin, um \u00fcber ihre frischen Erfahrungen mit der politischen Partizipation zu sprechen. Gerade hat sie an den Europawahlen teilgenommen und ihre Sicht zur Stimmabgabe unter 18 gibt wertvolle Einblicke. Aber auch Julian und Max kommen heute stark zu Wort, denn die Jugendlichen stehen vor gro\u00dfen Herausforderungen: politische Bildung, Wahlbeteiligung und die Repr\u00e4sentation ihrer Interessen in einem sich st\u00e4ndig wandelnden politischen Klima. Taucht mit uns in eine Diskussion \u00fcber Social Media, Debattenkultur und die wichtigen politischen Themen ein, die junge Menschen heute bewegen.<\/p>\n<p><iframe loading=\"lazy\" style=\"border: 0;\" src=\"https:\/\/lass-mal-podcast.podigee.io\/4-new-episode\/embed?context=website\" width=\"100%\" height=\"270\"><br \/>\n<\/iframe><\/p>\n<p>Shownotes:<\/p>\n<p><a href=\"https:\/\/www.saarland.de\/lpb\/DE\/MeinungBilden\/lass-mal\">https:\/\/www.saarland.de\/lpb\/DE\/MeinungBilden\/lass-mal<\/a><\/p>\n<p>Alle Folgen finden sich auf der <strong><a class=\"RichTextExtLink ExternalLink\" title=\"Externer Link Digitalisierung im Saarland (\u00d6ffnet neues Fenster)\" href=\"https:\/\/lass-mal-podcast.podigee.io\/\" target=\"_blank\" rel=\"noopener noreferrer\">Podcast-Webseite<\/a><\/strong> und auf den g\u00e4ngigen Plattformen: <a href=\"https:\/\/spoti.fi\/4azumlc\"><strong>Spotify<\/strong><\/a> \/ <a href=\"https:\/\/apple.co\/3xAl5uv\"><strong>Apple<\/strong><\/a> \/ <a href=\"https:\/\/bit.ly\/3Uci10r\"><strong>Google<\/strong><\/a><\/p>\n","protected":false},"excerpt":{"rendered":"<p>In dieser Episode unseres &#8222;Lass Mal&#8220;-Podcasts begr\u00fc\u00dfen wir Am\u00e9lie Pont, eine ehemalige Sch\u00fclerin des Deutsch-Franz\u00f6sichen Gymnasiums und junge Studentin, um \u00fcber ihre frischen Erfahrungen mit<\/p>\n","protected":false},"author":112,"featured_media":31194,"comment_status":"open","ping_status":"closed","sticky":false,"template":"","format":"standard","meta":{"colormag_page_container_layout":"default_layout","colormag_page_sidebar_layout":"default_layout","footnotes":""},"categories":[200,10,2039],"tags":[2535,2503,2538,2536],"coauthors":[748],"class_list":["post-31416","post","type-post","status-publish","format-standard","has-post-thumbnail","hentry","category-audio","category-politique","category-zeitlos","tag-europawahlen","tag-joerg-tremmel","tag-lass-mal","tag-politische-bildung"],"yoast_head":"<!-- This site is optimized with the Yoast SEO plugin v27.5 - https:\/\/yoast.com\/product\/yoast-seo-wordpress\/ -->\n<title>Folge 4: Lass mal ... politisch mitreden - Cam\u00e4l\u00e9on<\/title>\n<meta name=\"description\" content=\"In dieser Episode unseres Podcasts begr\u00fc\u00dfen wir Studentin Am\u00e9lie Pont, um \u00fcber ihre Erfahrungen mit politischer Partizipation zu sprechen.\" \/>\n<meta name=\"robots\" content=\"index, follow, max-snippet:-1, max-image-preview:large, max-video-preview:-1\" \/>\n<link rel=\"canonical\" href=\"https:\/\/www.camaeleon.org\/de\/2024\/08\/23\/folge-4-lass-mal-politisch-mitreden\/\" \/>\n<meta property=\"og:locale\" content=\"de_DE\" \/>\n<meta property=\"og:type\" content=\"article\" \/>\n<meta property=\"og:title\" content=\"Folge 4: Lass mal ... politisch mitreden - Cam\u00e4l\u00e9on\" \/>\n<meta property=\"og:description\" content=\"In dieser Episode unseres Podcasts begr\u00fc\u00dfen wir Studentin Am\u00e9lie Pont, um \u00fcber ihre Erfahrungen mit politischer Partizipation zu sprechen.\" \/>\n<meta property=\"og:url\" content=\"https:\/\/www.camaeleon.org\/de\/2024\/08\/23\/folge-4-lass-mal-politisch-mitreden\/\" \/>\n<meta property=\"og:site_name\" content=\"Cam\u00e4l\u00e9on\" \/>\n<meta property=\"article:publisher\" content=\"https:\/\/www.facebook.com\/camaeleon.org\/\" \/>\n<meta property=\"article:published_time\" content=\"2024-08-23T20:56:22+00:00\" \/>\n<meta property=\"article:modified_time\" content=\"2025-10-21T23:10:06+00:00\" \/>\n<meta property=\"og:image\" content=\"https:\/\/www.camaeleon.org\/wp-content\/uploads\/2024\/06\/LpB-Podcast.jpg\" \/>\n\t<meta property=\"og:image:width\" content=\"1440\" \/>\n\t<meta property=\"og:image:height\" content=\"810\" \/>\n\t<meta property=\"og:image:type\" content=\"image\/jpeg\" \/>\n<meta name=\"author\" content=\"Camaeleon\" \/>\n<meta name=\"twitter:card\" content=\"summary_large_image\" \/>\n<meta name=\"twitter:creator\" content=\"@camaeleonOrg\" \/>\n<meta name=\"twitter:site\" content=\"@camaeleonOrg\" \/>\n<script type=\"application\/ld+json\" class=\"yoast-schema-graph\">{\"@context\":\"https:\\\/\\\/schema.org\",\"@graph\":[{\"@type\":\"Article\",\"@id\":\"https:\\\/\\\/www.camaeleon.org\\\/2024\\\/08\\\/23\\\/folge-4-lass-mal-politisch-mitreden\\\/#article\",\"isPartOf\":{\"@id\":\"https:\\\/\\\/www.camaeleon.org\\\/2024\\\/08\\\/23\\\/folge-4-lass-mal-politisch-mitreden\\\/\"},\"author\":{\"name\":\"Camaeleon\",\"@id\":\"https:\\\/\\\/www.camaeleon.org\\\/de\\\/#\\\/schema\\\/person\\\/60395ed8f80aa90ba2fd3b59ba600065\"},\"headline\":\"Folge 4: Lass mal &#8230; politisch mitreden\",\"datePublished\":\"2024-08-23T20:56:22+00:00\",\"dateModified\":\"2025-10-21T23:10:06+00:00\",\"mainEntityOfPage\":{\"@id\":\"https:\\\/\\\/www.camaeleon.org\\\/2024\\\/08\\\/23\\\/folge-4-lass-mal-politisch-mitreden\\\/\"},\"wordCount\":147,\"commentCount\":0,\"publisher\":{\"@id\":\"https:\\\/\\\/www.camaeleon.org\\\/de\\\/#organization\"},\"image\":{\"@id\":\"https:\\\/\\\/www.camaeleon.org\\\/2024\\\/08\\\/23\\\/folge-4-lass-mal-politisch-mitreden\\\/#primaryimage\"},\"thumbnailUrl\":\"https:\\\/\\\/www.camaeleon.org\\\/wp-content\\\/uploads\\\/2024\\\/06\\\/LpB-Podcast.jpg\",\"keywords\":[\"Europawahlen\",\"J\u00f6rg Tremmel\",\"Lass mal\",\"politische Bildung\"],\"articleSection\":[\"Podcast\",\"Politik\",\"Zeitlos\"],\"inLanguage\":\"de\",\"potentialAction\":[{\"@type\":\"CommentAction\",\"name\":\"Comment\",\"target\":[\"https:\\\/\\\/www.camaeleon.org\\\/2024\\\/08\\\/23\\\/folge-4-lass-mal-politisch-mitreden\\\/#respond\"]}]},{\"@type\":\"WebPage\",\"@id\":\"https:\\\/\\\/www.camaeleon.org\\\/de\\\/2024\\\/08\\\/23\\\/folge-4-lass-mal-politisch-mitreden\\\/\",\"url\":\"https:\\\/\\\/www.camaeleon.org\\\/de\\\/2024\\\/08\\\/23\\\/folge-4-lass-mal-politisch-mitreden\\\/\",\"name\":\"Folge 4: Lass mal ... politisch mitreden - Cam\u00e4l\u00e9on\",\"isPartOf\":{\"@id\":\"https:\\\/\\\/www.camaeleon.org\\\/de\\\/#website\"},\"primaryImageOfPage\":{\"@id\":\"https:\\\/\\\/www.camaeleon.org\\\/de\\\/2024\\\/08\\\/23\\\/folge-4-lass-mal-politisch-mitreden\\\/#primaryimage\"},\"image\":{\"@id\":\"https:\\\/\\\/www.camaeleon.org\\\/2024\\\/08\\\/23\\\/folge-4-lass-mal-politisch-mitreden\\\/#primaryimage\"},\"thumbnailUrl\":\"https:\\\/\\\/www.camaeleon.org\\\/wp-content\\\/uploads\\\/2024\\\/06\\\/LpB-Podcast.jpg\",\"datePublished\":\"2024-08-23T20:56:22+00:00\",\"dateModified\":\"2025-10-21T23:10:06+00:00\",\"description\":\"In dieser Episode unseres Podcasts begr\u00fc\u00dfen wir Studentin Am\u00e9lie Pont, um \u00fcber ihre Erfahrungen mit politischer Partizipation zu sprechen.\",\"breadcrumb\":{\"@id\":\"https:\\\/\\\/www.camaeleon.org\\\/de\\\/2024\\\/08\\\/23\\\/folge-4-lass-mal-politisch-mitreden\\\/#breadcrumb\"},\"inLanguage\":\"de\",\"potentialAction\":[{\"@type\":\"ReadAction\",\"target\":[[\"https:\\\/\\\/www.camaeleon.org\\\/de\\\/2024\\\/08\\\/23\\\/folge-4-lass-mal-politisch-mitreden\\\/\"]]}]},{\"@type\":\"ImageObject\",\"inLanguage\":\"de\",\"@id\":\"https:\\\/\\\/www.camaeleon.org\\\/de\\\/2024\\\/08\\\/23\\\/folge-4-lass-mal-politisch-mitreden\\\/#primaryimage\",\"url\":\"https:\\\/\\\/www.camaeleon.org\\\/wp-content\\\/uploads\\\/2024\\\/06\\\/LpB-Podcast.jpg\",\"contentUrl\":\"https:\\\/\\\/www.camaeleon.org\\\/wp-content\\\/uploads\\\/2024\\\/06\\\/LpB-Podcast.jpg\",\"width\":1440,\"height\":810,\"caption\":\"Lass mal... Podcast \u00fcber Politik und Gesellschaft von und f\u00fcr Jugendliche\"},{\"@type\":\"BreadcrumbList\",\"@id\":\"https:\\\/\\\/www.camaeleon.org\\\/de\\\/2024\\\/08\\\/23\\\/folge-4-lass-mal-politisch-mitreden\\\/#breadcrumb\",\"itemListElement\":[{\"@type\":\"ListItem\",\"position\":1,\"name\":\"Home\",\"item\":\"https:\\\/\\\/www.camaeleon.org\\\/de\\\/\"},{\"@type\":\"ListItem\",\"position\":2,\"name\":\"Folge 4: Lass mal &#8230; politisch mitreden\"}]},{\"@type\":\"WebSite\",\"@id\":\"https:\\\/\\\/www.camaeleon.org\\\/de\\\/#website\",\"url\":\"https:\\\/\\\/www.camaeleon.org\\\/de\\\/\",\"name\":\"Cam\u00e4l\u00e9on\",\"description\":\"Das Sch\u00fclermagazin des Deutsch-Franz\u00f6sischen Gymnasiums Saarbr\u00fccken\",\"publisher\":{\"@id\":\"https:\\\/\\\/www.camaeleon.org\\\/de\\\/#organization\"},\"potentialAction\":[{\"@type\":\"SearchAction\",\"target\":{\"@type\":\"EntryPoint\",\"urlTemplate\":\"https:\\\/\\\/www.camaeleon.org\\\/de\\\/?s={search_term_string}\"},\"query-input\":{\"@type\":\"PropertyValueSpecification\",\"valueRequired\":true,\"valueName\":\"search_term_string\"}}],\"inLanguage\":\"de\"},{\"@type\":\"Organization\",\"@id\":\"https:\\\/\\\/www.camaeleon.org\\\/de\\\/#organization\",\"name\":\"Cam\u00e4l\u00e9on\",\"url\":\"https:\\\/\\\/www.camaeleon.org\\\/de\\\/\",\"logo\":{\"@type\":\"ImageObject\",\"inLanguage\":\"de\",\"@id\":\"https:\\\/\\\/www.camaeleon.org\\\/de\\\/#\\\/schema\\\/logo\\\/image\\\/\",\"url\":\"https:\\\/\\\/www.camaeleon.org\\\/wp-content\\\/uploads\\\/2011\\\/11\\\/CAM\u00c4LEON.jpg\",\"contentUrl\":\"https:\\\/\\\/www.camaeleon.org\\\/wp-content\\\/uploads\\\/2011\\\/11\\\/CAM\u00c4LEON.jpg\",\"width\":959,\"height\":959,\"caption\":\"Cam\u00e4l\u00e9on\"},\"image\":{\"@id\":\"https:\\\/\\\/www.camaeleon.org\\\/de\\\/#\\\/schema\\\/logo\\\/image\\\/\"},\"sameAs\":[\"https:\\\/\\\/www.facebook.com\\\/camaeleon.org\\\/\",\"https:\\\/\\\/x.com\\\/camaeleonOrg\",\"https:\\\/\\\/www.instagram.com\\\/camaeleon.dfg\\\/\",\"https:\\\/\\\/www.youtube.com\\\/channel\\\/UCl3TAUDdGuu_c7CD6ax6hYg\"]},{\"@type\":\"Person\",\"@id\":\"https:\\\/\\\/www.camaeleon.org\\\/de\\\/#\\\/schema\\\/person\\\/60395ed8f80aa90ba2fd3b59ba600065\",\"name\":\"Camaeleon\",\"image\":{\"@type\":\"ImageObject\",\"inLanguage\":\"de\",\"@id\":\"https:\\\/\\\/www.camaeleon.org\\\/de\\\/wp-content\\\/uploads\\\/2021\\\/10\\\/android-chrome-192x192-1-150x150.pngc02040f5fb6e1c5fd767b6cfe6c8be66\",\"url\":\"https:\\\/\\\/www.camaeleon.org\\\/wp-content\\\/uploads\\\/2021\\\/10\\\/android-chrome-192x192-1-150x150.png\",\"contentUrl\":\"https:\\\/\\\/www.camaeleon.org\\\/wp-content\\\/uploads\\\/2021\\\/10\\\/android-chrome-192x192-1-150x150.png\",\"caption\":\"Camaeleon\"},\"url\":\"https:\\\/\\\/www.camaeleon.org\\\/de\\\/author\\\/camaeleon\\\/\"}]}<\/script>\n<!-- \/ Yoast SEO plugin. -->","yoast_head_json":{"title":"Folge 4: Lass mal ... politisch mitreden - Cam\u00e4l\u00e9on","description":"In dieser Episode unseres Podcasts begr\u00fc\u00dfen wir Studentin Am\u00e9lie Pont, um \u00fcber ihre Erfahrungen mit politischer Partizipation zu sprechen.","robots":{"index":"index","follow":"follow","max-snippet":"max-snippet:-1","max-image-preview":"max-image-preview:large","max-video-preview":"max-video-preview:-1"},"canonical":"https:\/\/www.camaeleon.org\/de\/2024\/08\/23\/folge-4-lass-mal-politisch-mitreden\/","og_locale":"de_DE","og_type":"article","og_title":"Folge 4: Lass mal ... politisch mitreden - Cam\u00e4l\u00e9on","og_description":"In dieser Episode unseres Podcasts begr\u00fc\u00dfen wir Studentin Am\u00e9lie Pont, um \u00fcber ihre Erfahrungen mit politischer Partizipation zu sprechen.","og_url":"https:\/\/www.camaeleon.org\/de\/2024\/08\/23\/folge-4-lass-mal-politisch-mitreden\/","og_site_name":"Cam\u00e4l\u00e9on","article_publisher":"https:\/\/www.facebook.com\/camaeleon.org\/","article_published_time":"2024-08-23T20:56:22+00:00","article_modified_time":"2025-10-21T23:10:06+00:00","og_image":[{"width":1440,"height":810,"url":"https:\/\/www.camaeleon.org\/wp-content\/uploads\/2024\/06\/LpB-Podcast.jpg","type":"image\/jpeg"}],"author":"Camaeleon","twitter_card":"summary_large_image","twitter_creator":"@camaeleonOrg","twitter_site":"@camaeleonOrg","schema":{"@context":"https:\/\/schema.org","@graph":[{"@type":"Article","@id":"https:\/\/www.camaeleon.org\/2024\/08\/23\/folge-4-lass-mal-politisch-mitreden\/#article","isPartOf":{"@id":"https:\/\/www.camaeleon.org\/2024\/08\/23\/folge-4-lass-mal-politisch-mitreden\/"},"author":{"name":"Camaeleon","@id":"https:\/\/www.camaeleon.org\/de\/#\/schema\/person\/60395ed8f80aa90ba2fd3b59ba600065"},"headline":"Folge 4: Lass mal &#8230; politisch mitreden","datePublished":"2024-08-23T20:56:22+00:00","dateModified":"2025-10-21T23:10:06+00:00","mainEntityOfPage":{"@id":"https:\/\/www.camaeleon.org\/2024\/08\/23\/folge-4-lass-mal-politisch-mitreden\/"},"wordCount":147,"commentCount":0,"publisher":{"@id":"https:\/\/www.camaeleon.org\/de\/#organization"},"image":{"@id":"https:\/\/www.camaeleon.org\/2024\/08\/23\/folge-4-lass-mal-politisch-mitreden\/#primaryimage"},"thumbnailUrl":"https:\/\/www.camaeleon.org\/wp-content\/uploads\/2024\/06\/LpB-Podcast.jpg","keywords":["Europawahlen","J\u00f6rg Tremmel","Lass mal","politische Bildung"],"articleSection":["Podcast","Politik","Zeitlos"],"inLanguage":"de","potentialAction":[{"@type":"CommentAction","name":"Comment","target":["https:\/\/www.camaeleon.org\/2024\/08\/23\/folge-4-lass-mal-politisch-mitreden\/#respond"]}]},{"@type":"WebPage","@id":"https:\/\/www.camaeleon.org\/de\/2024\/08\/23\/folge-4-lass-mal-politisch-mitreden\/","url":"https:\/\/www.camaeleon.org\/de\/2024\/08\/23\/folge-4-lass-mal-politisch-mitreden\/","name":"Folge 4: Lass mal ... politisch mitreden - Cam\u00e4l\u00e9on","isPartOf":{"@id":"https:\/\/www.camaeleon.org\/de\/#website"},"primaryImageOfPage":{"@id":"https:\/\/www.camaeleon.org\/de\/2024\/08\/23\/folge-4-lass-mal-politisch-mitreden\/#primaryimage"},"image":{"@id":"https:\/\/www.camaeleon.org\/2024\/08\/23\/folge-4-lass-mal-politisch-mitreden\/#primaryimage"},"thumbnailUrl":"https:\/\/www.camaeleon.org\/wp-content\/uploads\/2024\/06\/LpB-Podcast.jpg","datePublished":"2024-08-23T20:56:22+00:00","dateModified":"2025-10-21T23:10:06+00:00","description":"In dieser Episode unseres Podcasts begr\u00fc\u00dfen wir Studentin Am\u00e9lie Pont, um \u00fcber ihre Erfahrungen mit politischer Partizipation zu sprechen.","breadcrumb":{"@id":"https:\/\/www.camaeleon.org\/de\/2024\/08\/23\/folge-4-lass-mal-politisch-mitreden\/#breadcrumb"},"inLanguage":"de","potentialAction":[{"@type":"ReadAction","target":[["https:\/\/www.camaeleon.org\/de\/2024\/08\/23\/folge-4-lass-mal-politisch-mitreden\/"]]}]},{"@type":"ImageObject","inLanguage":"de","@id":"https:\/\/www.camaeleon.org\/de\/2024\/08\/23\/folge-4-lass-mal-politisch-mitreden\/#primaryimage","url":"https:\/\/www.camaeleon.org\/wp-content\/uploads\/2024\/06\/LpB-Podcast.jpg","contentUrl":"https:\/\/www.camaeleon.org\/wp-content\/uploads\/2024\/06\/LpB-Podcast.jpg","width":1440,"height":810,"caption":"Lass mal... Podcast \u00fcber Politik und Gesellschaft von und f\u00fcr Jugendliche"},{"@type":"BreadcrumbList","@id":"https:\/\/www.camaeleon.org\/de\/2024\/08\/23\/folge-4-lass-mal-politisch-mitreden\/#breadcrumb","itemListElement":[{"@type":"ListItem","position":1,"name":"Home","item":"https:\/\/www.camaeleon.org\/de\/"},{"@type":"ListItem","position":2,"name":"Folge 4: Lass mal &#8230; politisch mitreden"}]},{"@type":"WebSite","@id":"https:\/\/www.camaeleon.org\/de\/#website","url":"https:\/\/www.camaeleon.org\/de\/","name":"Cam\u00e4l\u00e9on","description":"Das Sch\u00fclermagazin des Deutsch-Franz\u00f6sischen Gymnasiums Saarbr\u00fccken","publisher":{"@id":"https:\/\/www.camaeleon.org\/de\/#organization"},"potentialAction":[{"@type":"SearchAction","target":{"@type":"EntryPoint","urlTemplate":"https:\/\/www.camaeleon.org\/de\/?s={search_term_string}"},"query-input":{"@type":"PropertyValueSpecification","valueRequired":true,"valueName":"search_term_string"}}],"inLanguage":"de"},{"@type":"Organization","@id":"https:\/\/www.camaeleon.org\/de\/#organization","name":"Cam\u00e4l\u00e9on","url":"https:\/\/www.camaeleon.org\/de\/","logo":{"@type":"ImageObject","inLanguage":"de","@id":"https:\/\/www.camaeleon.org\/de\/#\/schema\/logo\/image\/","url":"https:\/\/www.camaeleon.org\/wp-content\/uploads\/2011\/11\/CAM\u00c4LEON.jpg","contentUrl":"https:\/\/www.camaeleon.org\/wp-content\/uploads\/2011\/11\/CAM\u00c4LEON.jpg","width":959,"height":959,"caption":"Cam\u00e4l\u00e9on"},"image":{"@id":"https:\/\/www.camaeleon.org\/de\/#\/schema\/logo\/image\/"},"sameAs":["https:\/\/www.facebook.com\/camaeleon.org\/","https:\/\/x.com\/camaeleonOrg","https:\/\/www.instagram.com\/camaeleon.dfg\/","https:\/\/www.youtube.com\/channel\/UCl3TAUDdGuu_c7CD6ax6hYg"]},{"@type":"Person","@id":"https:\/\/www.camaeleon.org\/de\/#\/schema\/person\/60395ed8f80aa90ba2fd3b59ba600065","name":"Camaeleon","image":{"@type":"ImageObject","inLanguage":"de","@id":"https:\/\/www.camaeleon.org\/de\/wp-content\/uploads\/2021\/10\/android-chrome-192x192-1-150x150.pngc02040f5fb6e1c5fd767b6cfe6c8be66","url":"https:\/\/www.camaeleon.org\/wp-content\/uploads\/2021\/10\/android-chrome-192x192-1-150x150.png","contentUrl":"https:\/\/www.camaeleon.org\/wp-content\/uploads\/2021\/10\/android-chrome-192x192-1-150x150.png","caption":"Camaeleon"},"url":"https:\/\/www.camaeleon.org\/de\/author\/camaeleon\/"}]}},"_links":{"self":[{"href":"https:\/\/www.camaeleon.org\/de\/wp-json\/wp\/v2\/posts\/31416","targetHints":{"allow":["GET"]}}],"collection":[{"href":"https:\/\/www.camaeleon.org\/de\/wp-json\/wp\/v2\/posts"}],"about":[{"href":"https:\/\/www.camaeleon.org\/de\/wp-json\/wp\/v2\/types\/post"}],"author":[{"embeddable":true,"href":"https:\/\/www.camaeleon.org\/de\/wp-json\/wp\/v2\/users\/112"}],"replies":[{"embeddable":true,"href":"https:\/\/www.camaeleon.org\/de\/wp-json\/wp\/v2\/comments?post=31416"}],"version-history":[{"count":3,"href":"https:\/\/www.camaeleon.org\/de\/wp-json\/wp\/v2\/posts\/31416\/revisions"}],"predecessor-version":[{"id":31424,"href":"https:\/\/www.camaeleon.org\/de\/wp-json\/wp\/v2\/posts\/31416\/revisions\/31424"}],"wp:featuredmedia":[{"embeddable":true,"href":"https:\/\/www.camaeleon.org\/de\/wp-json\/wp\/v2\/media\/31194"}],"wp:attachment":[{"href":"https:\/\/www.camaeleon.org\/de\/wp-json\/wp\/v2\/media?parent=31416"}],"wp:term":[{"taxonomy":"category","embeddable":true,"href":"https:\/\/www.camaeleon.org\/de\/wp-json\/wp\/v2\/categories?post=31416"},{"taxonomy":"post_tag","embeddable":true,"href":"https:\/\/www.camaeleon.org\/de\/wp-json\/wp\/v2\/tags?post=31416"},{"taxonomy":"author","embeddable":true,"href":"https:\/\/www.camaeleon.org\/de\/wp-json\/wp\/v2\/coauthors?post=31416"}],"curies":[{"name":"wp","href":"https:\/\/api.w.org\/{rel}","templated":true}]}}