{"id":31311,"date":"2024-06-28T15:24:27","date_gmt":"2024-06-28T13:24:27","guid":{"rendered":"https:\/\/www.camaeleon.org\/?p=31311"},"modified":"2024-06-28T23:24:42","modified_gmt":"2024-06-28T21:24:42","slug":"le-mot-de-la-semaine-flamme-olympique-a-sarreguemines","status":"publish","type":"post","link":"https:\/\/www.camaeleon.org\/de\/2024\/06\/28\/le-mot-de-la-semaine-flamme-olympique-a-sarreguemines\/","title":{"rendered":"Le mot de la semaine : #Flamme-Olympique-\u00e0-Sarreguemines"},"content":{"rendered":"<figure id=\"attachment_31342\" aria-describedby=\"caption-attachment-31342\" style=\"width: 200px\" class=\"wp-caption alignright\"><img loading=\"lazy\" decoding=\"async\" class=\"size-medium wp-image-31342\" src=\"https:\/\/www.camaeleon.org\/wp-content\/uploads\/2024\/06\/carry-71256_1280-200x300.jpg\" alt=\"\" width=\"200\" height=\"300\" srcset=\"https:\/\/www.camaeleon.org\/wp-content\/uploads\/2024\/06\/carry-71256_1280-200x300.jpg 200w, https:\/\/www.camaeleon.org\/wp-content\/uploads\/2024\/06\/carry-71256_1280-400x600.jpg 400w, https:\/\/www.camaeleon.org\/wp-content\/uploads\/2024\/06\/carry-71256_1280.jpg 853w\" sizes=\"auto, (max-width: 200px) 100vw, 200px\" \/><figcaption id=\"caption-attachment-31342\" class=\"wp-caption-text\">Flamme olympique. PublicDomainPictures. Pixabay.com<\/figcaption><\/figure>\n<p>Si vous \u00eates all\u00e9.es \u00e0 Sarreguemines hier, entre 9h15 et 10h10, vous avez vu la flamme olympique !!! Le parcours de la flamme faisait 3,7 km, partait du Moulin de la Blies pour se terminer \u00e0 la mairie, avant de passer dans d&#8217;autres villages pour regagner le chaudron olympique \u00e0 Metz.<\/p>\n<p>A Sarreguemines, plus de 7000 personnes ont assist\u00e9 \u00e0 cet \u00e9v\u00e9nement exceptionnel, lors duquel on pouvait participer \u00e0 plusieurs ateliers, \u00e0 des animations et \u00e0 un spectacle. Vous trouverez des photos de cet \u00e9v\u00e9nement<a href=\"https:\/\/www.sarreguemines.fr\/articles\/7-sport\/1596-sarreguemines-en-liesse-lors-du-passage-de-la-flamme-olympique\"> ici<\/a>.<\/p>\n","protected":false},"excerpt":{"rendered":"<p>Si vous \u00eates all\u00e9.es \u00e0 Sarreguemines hier, entre 9h15 et 10h10, vous avez vu la flamme olympique !!! Le parcours de la flamme faisait 3,7<\/p>\n","protected":false},"author":178,"featured_media":31342,"comment_status":"open","ping_status":"closed","sticky":false,"template":"","format":"standard","meta":{"colormag_page_container_layout":"default_layout","colormag_page_sidebar_layout":"default_layout","footnotes":""},"categories":[864],"tags":[2526,2529,2528,2525],"coauthors":[2259],"class_list":["post-31311","post","type-post","status-publish","format-standard","has-post-thumbnail","hentry","category-le-mot-de-la-semaine","tag-flamme-olympique","tag-olympia","tag-olympiade","tag-sarreguemines"],"yoast_head":"<!-- This site is optimized with the Yoast SEO plugin v27.5 - https:\/\/yoast.com\/product\/yoast-seo-wordpress\/ -->\n<title>Le mot de la semaine : #Flamme-Olympique-\u00e0-Sarreguemines - Cam\u00e4l\u00e9on<\/title>\n<meta name=\"description\" content=\"Si vous \u00eates all\u00e9.es \u00e0 Sarreguemines aujourd&#039;hui, entre 9h15 et 10h10, vous avez vu la flamme olympique !!!\" \/>\n<meta name=\"robots\" content=\"index, follow, max-snippet:-1, max-image-preview:large, max-video-preview:-1\" \/>\n<link rel=\"canonical\" href=\"https:\/\/www.camaeleon.org\/de\/2024\/06\/28\/le-mot-de-la-semaine-flamme-olympique-a-sarreguemines\/\" \/>\n<meta property=\"og:locale\" content=\"de_DE\" \/>\n<meta property=\"og:type\" content=\"article\" \/>\n<meta property=\"og:title\" content=\"Le mot de la semaine : #Flamme-Olympique-\u00e0-Sarreguemines - Cam\u00e4l\u00e9on\" \/>\n<meta property=\"og:description\" content=\"Si vous \u00eates all\u00e9.es \u00e0 Sarreguemines aujourd&#039;hui, entre 9h15 et 10h10, vous avez vu la flamme olympique !!!\" \/>\n<meta property=\"og:url\" content=\"https:\/\/www.camaeleon.org\/de\/2024\/06\/28\/le-mot-de-la-semaine-flamme-olympique-a-sarreguemines\/\" \/>\n<meta property=\"og:site_name\" content=\"Cam\u00e4l\u00e9on\" \/>\n<meta property=\"article:publisher\" content=\"https:\/\/www.facebook.com\/camaeleon.org\/\" \/>\n<meta property=\"article:published_time\" content=\"2024-06-28T13:24:27+00:00\" \/>\n<meta property=\"article:modified_time\" content=\"2024-06-28T21:24:42+00:00\" \/>\n<meta property=\"og:image\" content=\"https:\/\/www.camaeleon.org\/wp-content\/uploads\/2024\/06\/carry-71256_1280.jpg\" \/>\n\t<meta property=\"og:image:width\" content=\"853\" \/>\n\t<meta property=\"og:image:height\" content=\"1280\" \/>\n\t<meta property=\"og:image:type\" content=\"image\/jpeg\" \/>\n<meta name=\"author\" content=\"William Feld-List\" \/>\n<meta name=\"twitter:card\" content=\"summary_large_image\" \/>\n<meta name=\"twitter:creator\" content=\"@camaeleonOrg\" \/>\n<meta name=\"twitter:site\" content=\"@camaeleonOrg\" \/>\n<script type=\"application\/ld+json\" class=\"yoast-schema-graph\">{\"@context\":\"https:\\\/\\\/schema.org\",\"@graph\":[{\"@type\":\"Article\",\"@id\":\"https:\\\/\\\/www.camaeleon.org\\\/2024\\\/06\\\/28\\\/le-mot-de-la-semaine-flamme-olympique-a-sarreguemines\\\/#article\",\"isPartOf\":{\"@id\":\"https:\\\/\\\/www.camaeleon.org\\\/2024\\\/06\\\/28\\\/le-mot-de-la-semaine-flamme-olympique-a-sarreguemines\\\/\"},\"author\":{\"name\":\"William Feld-List\",\"@id\":\"https:\\\/\\\/www.camaeleon.org\\\/de\\\/#\\\/schema\\\/person\\\/c43d382a0603df34500d6c387966dd46\"},\"headline\":\"Le mot de la semaine : #Flamme-Olympique-\u00e0-Sarreguemines\",\"datePublished\":\"2024-06-28T13:24:27+00:00\",\"dateModified\":\"2024-06-28T21:24:42+00:00\",\"mainEntityOfPage\":{\"@id\":\"https:\\\/\\\/www.camaeleon.org\\\/2024\\\/06\\\/28\\\/le-mot-de-la-semaine-flamme-olympique-a-sarreguemines\\\/\"},\"wordCount\":99,\"commentCount\":0,\"publisher\":{\"@id\":\"https:\\\/\\\/www.camaeleon.org\\\/de\\\/#organization\"},\"image\":{\"@id\":\"https:\\\/\\\/www.camaeleon.org\\\/2024\\\/06\\\/28\\\/le-mot-de-la-semaine-flamme-olympique-a-sarreguemines\\\/#primaryimage\"},\"thumbnailUrl\":\"https:\\\/\\\/www.camaeleon.org\\\/wp-content\\\/uploads\\\/2024\\\/06\\\/carry-71256_1280.jpg\",\"keywords\":[\"Flamme olympique\",\"Olympia\",\"Olympiade\",\"Sarreguemines\"],\"articleSection\":[\"Das Wort der Woche\"],\"inLanguage\":\"de\",\"potentialAction\":[{\"@type\":\"CommentAction\",\"name\":\"Comment\",\"target\":[\"https:\\\/\\\/www.camaeleon.org\\\/2024\\\/06\\\/28\\\/le-mot-de-la-semaine-flamme-olympique-a-sarreguemines\\\/#respond\"]}]},{\"@type\":\"WebPage\",\"@id\":\"https:\\\/\\\/www.camaeleon.org\\\/de\\\/2024\\\/06\\\/28\\\/le-mot-de-la-semaine-flamme-olympique-a-sarreguemines\\\/\",\"url\":\"https:\\\/\\\/www.camaeleon.org\\\/de\\\/2024\\\/06\\\/28\\\/le-mot-de-la-semaine-flamme-olympique-a-sarreguemines\\\/\",\"name\":\"Le mot de la semaine : #Flamme-Olympique-\u00e0-Sarreguemines - Cam\u00e4l\u00e9on\",\"isPartOf\":{\"@id\":\"https:\\\/\\\/www.camaeleon.org\\\/de\\\/#website\"},\"primaryImageOfPage\":{\"@id\":\"https:\\\/\\\/www.camaeleon.org\\\/de\\\/2024\\\/06\\\/28\\\/le-mot-de-la-semaine-flamme-olympique-a-sarreguemines\\\/#primaryimage\"},\"image\":{\"@id\":\"https:\\\/\\\/www.camaeleon.org\\\/2024\\\/06\\\/28\\\/le-mot-de-la-semaine-flamme-olympique-a-sarreguemines\\\/#primaryimage\"},\"thumbnailUrl\":\"https:\\\/\\\/www.camaeleon.org\\\/wp-content\\\/uploads\\\/2024\\\/06\\\/carry-71256_1280.jpg\",\"datePublished\":\"2024-06-28T13:24:27+00:00\",\"dateModified\":\"2024-06-28T21:24:42+00:00\",\"description\":\"Si vous \u00eates all\u00e9.es \u00e0 Sarreguemines aujourd'hui, entre 9h15 et 10h10, vous avez vu la flamme olympique !!!\",\"breadcrumb\":{\"@id\":\"https:\\\/\\\/www.camaeleon.org\\\/de\\\/2024\\\/06\\\/28\\\/le-mot-de-la-semaine-flamme-olympique-a-sarreguemines\\\/#breadcrumb\"},\"inLanguage\":\"de\",\"potentialAction\":[{\"@type\":\"ReadAction\",\"target\":[[\"https:\\\/\\\/www.camaeleon.org\\\/de\\\/2024\\\/06\\\/28\\\/le-mot-de-la-semaine-flamme-olympique-a-sarreguemines\\\/\"]]}]},{\"@type\":\"ImageObject\",\"inLanguage\":\"de\",\"@id\":\"https:\\\/\\\/www.camaeleon.org\\\/de\\\/2024\\\/06\\\/28\\\/le-mot-de-la-semaine-flamme-olympique-a-sarreguemines\\\/#primaryimage\",\"url\":\"https:\\\/\\\/www.camaeleon.org\\\/wp-content\\\/uploads\\\/2024\\\/06\\\/carry-71256_1280.jpg\",\"contentUrl\":\"https:\\\/\\\/www.camaeleon.org\\\/wp-content\\\/uploads\\\/2024\\\/06\\\/carry-71256_1280.jpg\",\"width\":853,\"height\":1280,\"caption\":\"Flamme olympique. PublicDomainPictures. Pixabay.com\"},{\"@type\":\"BreadcrumbList\",\"@id\":\"https:\\\/\\\/www.camaeleon.org\\\/de\\\/2024\\\/06\\\/28\\\/le-mot-de-la-semaine-flamme-olympique-a-sarreguemines\\\/#breadcrumb\",\"itemListElement\":[{\"@type\":\"ListItem\",\"position\":1,\"name\":\"Home\",\"item\":\"https:\\\/\\\/www.camaeleon.org\\\/de\\\/\"},{\"@type\":\"ListItem\",\"position\":2,\"name\":\"Le mot de la semaine : #Flamme-Olympique-\u00e0-Sarreguemines\"}]},{\"@type\":\"WebSite\",\"@id\":\"https:\\\/\\\/www.camaeleon.org\\\/de\\\/#website\",\"url\":\"https:\\\/\\\/www.camaeleon.org\\\/de\\\/\",\"name\":\"Cam\u00e4l\u00e9on\",\"description\":\"Das Sch\u00fclermagazin des Deutsch-Franz\u00f6sischen Gymnasiums Saarbr\u00fccken\",\"publisher\":{\"@id\":\"https:\\\/\\\/www.camaeleon.org\\\/de\\\/#organization\"},\"potentialAction\":[{\"@type\":\"SearchAction\",\"target\":{\"@type\":\"EntryPoint\",\"urlTemplate\":\"https:\\\/\\\/www.camaeleon.org\\\/de\\\/?s={search_term_string}\"},\"query-input\":{\"@type\":\"PropertyValueSpecification\",\"valueRequired\":true,\"valueName\":\"search_term_string\"}}],\"inLanguage\":\"de\"},{\"@type\":\"Organization\",\"@id\":\"https:\\\/\\\/www.camaeleon.org\\\/de\\\/#organization\",\"name\":\"Cam\u00e4l\u00e9on\",\"url\":\"https:\\\/\\\/www.camaeleon.org\\\/de\\\/\",\"logo\":{\"@type\":\"ImageObject\",\"inLanguage\":\"de\",\"@id\":\"https:\\\/\\\/www.camaeleon.org\\\/de\\\/#\\\/schema\\\/logo\\\/image\\\/\",\"url\":\"https:\\\/\\\/www.camaeleon.org\\\/wp-content\\\/uploads\\\/2011\\\/11\\\/CAM\u00c4LEON.jpg\",\"contentUrl\":\"https:\\\/\\\/www.camaeleon.org\\\/wp-content\\\/uploads\\\/2011\\\/11\\\/CAM\u00c4LEON.jpg\",\"width\":959,\"height\":959,\"caption\":\"Cam\u00e4l\u00e9on\"},\"image\":{\"@id\":\"https:\\\/\\\/www.camaeleon.org\\\/de\\\/#\\\/schema\\\/logo\\\/image\\\/\"},\"sameAs\":[\"https:\\\/\\\/www.facebook.com\\\/camaeleon.org\\\/\",\"https:\\\/\\\/x.com\\\/camaeleonOrg\",\"https:\\\/\\\/www.instagram.com\\\/camaeleon.dfg\\\/\",\"https:\\\/\\\/www.youtube.com\\\/channel\\\/UCl3TAUDdGuu_c7CD6ax6hYg\"]},{\"@type\":\"Person\",\"@id\":\"https:\\\/\\\/www.camaeleon.org\\\/de\\\/#\\\/schema\\\/person\\\/c43d382a0603df34500d6c387966dd46\",\"name\":\"William Feld-List\",\"image\":{\"@type\":\"ImageObject\",\"inLanguage\":\"de\",\"@id\":\"https:\\\/\\\/www.camaeleon.org\\\/de\\\/wp-content\\\/uploads\\\/2025\\\/11\\\/william-150x150.jpeg7a07d2f5120e1446e5a4c10bc1ca4751\",\"url\":\"https:\\\/\\\/www.camaeleon.org\\\/wp-content\\\/uploads\\\/2025\\\/11\\\/william-150x150.jpeg\",\"contentUrl\":\"https:\\\/\\\/www.camaeleon.org\\\/wp-content\\\/uploads\\\/2025\\\/11\\\/william-150x150.jpeg\",\"caption\":\"William Feld-List\"},\"description\":\"Hallo! Ich hei\u00dfe William Feld List. Ich bin 13 Jahre alt und bin seit 2 Jahren bei Cam\u00e4l\u00e9on. Und ich bin DJ.\",\"url\":\"https:\\\/\\\/www.camaeleon.org\\\/de\\\/author\\\/william-feld-list\\\/\"}]}<\/script>\n<!-- \/ Yoast SEO plugin. -->","yoast_head_json":{"title":"Le mot de la semaine : #Flamme-Olympique-\u00e0-Sarreguemines - Cam\u00e4l\u00e9on","description":"Si vous \u00eates all\u00e9.es \u00e0 Sarreguemines aujourd'hui, entre 9h15 et 10h10, vous avez vu la flamme olympique !!!","robots":{"index":"index","follow":"follow","max-snippet":"max-snippet:-1","max-image-preview":"max-image-preview:large","max-video-preview":"max-video-preview:-1"},"canonical":"https:\/\/www.camaeleon.org\/de\/2024\/06\/28\/le-mot-de-la-semaine-flamme-olympique-a-sarreguemines\/","og_locale":"de_DE","og_type":"article","og_title":"Le mot de la semaine : #Flamme-Olympique-\u00e0-Sarreguemines - Cam\u00e4l\u00e9on","og_description":"Si vous \u00eates all\u00e9.es \u00e0 Sarreguemines aujourd'hui, entre 9h15 et 10h10, vous avez vu la flamme olympique !!!","og_url":"https:\/\/www.camaeleon.org\/de\/2024\/06\/28\/le-mot-de-la-semaine-flamme-olympique-a-sarreguemines\/","og_site_name":"Cam\u00e4l\u00e9on","article_publisher":"https:\/\/www.facebook.com\/camaeleon.org\/","article_published_time":"2024-06-28T13:24:27+00:00","article_modified_time":"2024-06-28T21:24:42+00:00","og_image":[{"width":853,"height":1280,"url":"https:\/\/www.camaeleon.org\/wp-content\/uploads\/2024\/06\/carry-71256_1280.jpg","type":"image\/jpeg"}],"author":"William Feld-List","twitter_card":"summary_large_image","twitter_creator":"@camaeleonOrg","twitter_site":"@camaeleonOrg","schema":{"@context":"https:\/\/schema.org","@graph":[{"@type":"Article","@id":"https:\/\/www.camaeleon.org\/2024\/06\/28\/le-mot-de-la-semaine-flamme-olympique-a-sarreguemines\/#article","isPartOf":{"@id":"https:\/\/www.camaeleon.org\/2024\/06\/28\/le-mot-de-la-semaine-flamme-olympique-a-sarreguemines\/"},"author":{"name":"William Feld-List","@id":"https:\/\/www.camaeleon.org\/de\/#\/schema\/person\/c43d382a0603df34500d6c387966dd46"},"headline":"Le mot de la semaine : #Flamme-Olympique-\u00e0-Sarreguemines","datePublished":"2024-06-28T13:24:27+00:00","dateModified":"2024-06-28T21:24:42+00:00","mainEntityOfPage":{"@id":"https:\/\/www.camaeleon.org\/2024\/06\/28\/le-mot-de-la-semaine-flamme-olympique-a-sarreguemines\/"},"wordCount":99,"commentCount":0,"publisher":{"@id":"https:\/\/www.camaeleon.org\/de\/#organization"},"image":{"@id":"https:\/\/www.camaeleon.org\/2024\/06\/28\/le-mot-de-la-semaine-flamme-olympique-a-sarreguemines\/#primaryimage"},"thumbnailUrl":"https:\/\/www.camaeleon.org\/wp-content\/uploads\/2024\/06\/carry-71256_1280.jpg","keywords":["Flamme olympique","Olympia","Olympiade","Sarreguemines"],"articleSection":["Das Wort der Woche"],"inLanguage":"de","potentialAction":[{"@type":"CommentAction","name":"Comment","target":["https:\/\/www.camaeleon.org\/2024\/06\/28\/le-mot-de-la-semaine-flamme-olympique-a-sarreguemines\/#respond"]}]},{"@type":"WebPage","@id":"https:\/\/www.camaeleon.org\/de\/2024\/06\/28\/le-mot-de-la-semaine-flamme-olympique-a-sarreguemines\/","url":"https:\/\/www.camaeleon.org\/de\/2024\/06\/28\/le-mot-de-la-semaine-flamme-olympique-a-sarreguemines\/","name":"Le mot de la semaine : #Flamme-Olympique-\u00e0-Sarreguemines - Cam\u00e4l\u00e9on","isPartOf":{"@id":"https:\/\/www.camaeleon.org\/de\/#website"},"primaryImageOfPage":{"@id":"https:\/\/www.camaeleon.org\/de\/2024\/06\/28\/le-mot-de-la-semaine-flamme-olympique-a-sarreguemines\/#primaryimage"},"image":{"@id":"https:\/\/www.camaeleon.org\/2024\/06\/28\/le-mot-de-la-semaine-flamme-olympique-a-sarreguemines\/#primaryimage"},"thumbnailUrl":"https:\/\/www.camaeleon.org\/wp-content\/uploads\/2024\/06\/carry-71256_1280.jpg","datePublished":"2024-06-28T13:24:27+00:00","dateModified":"2024-06-28T21:24:42+00:00","description":"Si vous \u00eates all\u00e9.es \u00e0 Sarreguemines aujourd'hui, entre 9h15 et 10h10, vous avez vu la flamme olympique !!!","breadcrumb":{"@id":"https:\/\/www.camaeleon.org\/de\/2024\/06\/28\/le-mot-de-la-semaine-flamme-olympique-a-sarreguemines\/#breadcrumb"},"inLanguage":"de","potentialAction":[{"@type":"ReadAction","target":[["https:\/\/www.camaeleon.org\/de\/2024\/06\/28\/le-mot-de-la-semaine-flamme-olympique-a-sarreguemines\/"]]}]},{"@type":"ImageObject","inLanguage":"de","@id":"https:\/\/www.camaeleon.org\/de\/2024\/06\/28\/le-mot-de-la-semaine-flamme-olympique-a-sarreguemines\/#primaryimage","url":"https:\/\/www.camaeleon.org\/wp-content\/uploads\/2024\/06\/carry-71256_1280.jpg","contentUrl":"https:\/\/www.camaeleon.org\/wp-content\/uploads\/2024\/06\/carry-71256_1280.jpg","width":853,"height":1280,"caption":"Flamme olympique. PublicDomainPictures. Pixabay.com"},{"@type":"BreadcrumbList","@id":"https:\/\/www.camaeleon.org\/de\/2024\/06\/28\/le-mot-de-la-semaine-flamme-olympique-a-sarreguemines\/#breadcrumb","itemListElement":[{"@type":"ListItem","position":1,"name":"Home","item":"https:\/\/www.camaeleon.org\/de\/"},{"@type":"ListItem","position":2,"name":"Le mot de la semaine : #Flamme-Olympique-\u00e0-Sarreguemines"}]},{"@type":"WebSite","@id":"https:\/\/www.camaeleon.org\/de\/#website","url":"https:\/\/www.camaeleon.org\/de\/","name":"Cam\u00e4l\u00e9on","description":"Das Sch\u00fclermagazin des Deutsch-Franz\u00f6sischen Gymnasiums Saarbr\u00fccken","publisher":{"@id":"https:\/\/www.camaeleon.org\/de\/#organization"},"potentialAction":[{"@type":"SearchAction","target":{"@type":"EntryPoint","urlTemplate":"https:\/\/www.camaeleon.org\/de\/?s={search_term_string}"},"query-input":{"@type":"PropertyValueSpecification","valueRequired":true,"valueName":"search_term_string"}}],"inLanguage":"de"},{"@type":"Organization","@id":"https:\/\/www.camaeleon.org\/de\/#organization","name":"Cam\u00e4l\u00e9on","url":"https:\/\/www.camaeleon.org\/de\/","logo":{"@type":"ImageObject","inLanguage":"de","@id":"https:\/\/www.camaeleon.org\/de\/#\/schema\/logo\/image\/","url":"https:\/\/www.camaeleon.org\/wp-content\/uploads\/2011\/11\/CAM\u00c4LEON.jpg","contentUrl":"https:\/\/www.camaeleon.org\/wp-content\/uploads\/2011\/11\/CAM\u00c4LEON.jpg","width":959,"height":959,"caption":"Cam\u00e4l\u00e9on"},"image":{"@id":"https:\/\/www.camaeleon.org\/de\/#\/schema\/logo\/image\/"},"sameAs":["https:\/\/www.facebook.com\/camaeleon.org\/","https:\/\/x.com\/camaeleonOrg","https:\/\/www.instagram.com\/camaeleon.dfg\/","https:\/\/www.youtube.com\/channel\/UCl3TAUDdGuu_c7CD6ax6hYg"]},{"@type":"Person","@id":"https:\/\/www.camaeleon.org\/de\/#\/schema\/person\/c43d382a0603df34500d6c387966dd46","name":"William Feld-List","image":{"@type":"ImageObject","inLanguage":"de","@id":"https:\/\/www.camaeleon.org\/de\/wp-content\/uploads\/2025\/11\/william-150x150.jpeg7a07d2f5120e1446e5a4c10bc1ca4751","url":"https:\/\/www.camaeleon.org\/wp-content\/uploads\/2025\/11\/william-150x150.jpeg","contentUrl":"https:\/\/www.camaeleon.org\/wp-content\/uploads\/2025\/11\/william-150x150.jpeg","caption":"William Feld-List"},"description":"Hallo! Ich hei\u00dfe William Feld List. Ich bin 13 Jahre alt und bin seit 2 Jahren bei Cam\u00e4l\u00e9on. Und ich bin DJ.","url":"https:\/\/www.camaeleon.org\/de\/author\/william-feld-list\/"}]}},"_links":{"self":[{"href":"https:\/\/www.camaeleon.org\/de\/wp-json\/wp\/v2\/posts\/31311","targetHints":{"allow":["GET"]}}],"collection":[{"href":"https:\/\/www.camaeleon.org\/de\/wp-json\/wp\/v2\/posts"}],"about":[{"href":"https:\/\/www.camaeleon.org\/de\/wp-json\/wp\/v2\/types\/post"}],"author":[{"embeddable":true,"href":"https:\/\/www.camaeleon.org\/de\/wp-json\/wp\/v2\/users\/178"}],"replies":[{"embeddable":true,"href":"https:\/\/www.camaeleon.org\/de\/wp-json\/wp\/v2\/comments?post=31311"}],"version-history":[{"count":3,"href":"https:\/\/www.camaeleon.org\/de\/wp-json\/wp\/v2\/posts\/31311\/revisions"}],"predecessor-version":[{"id":31365,"href":"https:\/\/www.camaeleon.org\/de\/wp-json\/wp\/v2\/posts\/31311\/revisions\/31365"}],"wp:featuredmedia":[{"embeddable":true,"href":"https:\/\/www.camaeleon.org\/de\/wp-json\/wp\/v2\/media\/31342"}],"wp:attachment":[{"href":"https:\/\/www.camaeleon.org\/de\/wp-json\/wp\/v2\/media?parent=31311"}],"wp:term":[{"taxonomy":"category","embeddable":true,"href":"https:\/\/www.camaeleon.org\/de\/wp-json\/wp\/v2\/categories?post=31311"},{"taxonomy":"post_tag","embeddable":true,"href":"https:\/\/www.camaeleon.org\/de\/wp-json\/wp\/v2\/tags?post=31311"},{"taxonomy":"author","embeddable":true,"href":"https:\/\/www.camaeleon.org\/de\/wp-json\/wp\/v2\/coauthors?post=31311"}],"curies":[{"name":"wp","href":"https:\/\/api.w.org\/{rel}","templated":true}]}}