{"id":31292,"date":"2024-06-21T22:13:49","date_gmt":"2024-06-21T20:13:49","guid":{"rendered":"https:\/\/www.camaeleon.org\/?p=31292"},"modified":"2024-06-22T23:04:07","modified_gmt":"2024-06-22T21:04:07","slug":"journee-culturelle-au-lfa","status":"publish","type":"post","link":"https:\/\/www.camaeleon.org\/de\/2024\/06\/21\/journee-culturelle-au-lfa\/","title":{"rendered":"Kulturtag am DFG"},"content":{"rendered":"<p><figure id=\"attachment_31247\" aria-describedby=\"caption-attachment-31247\" style=\"width: 212px\" class=\"wp-caption alignleft\"><img loading=\"lazy\" decoding=\"async\" class=\"size-medium wp-image-31247\" src=\"https:\/\/www.camaeleon.org\/wp-content\/uploads\/2024\/06\/ddd4f620-8803-4310-a718-7e01feaffce6-212x300.jpeg\" alt=\"Journ\u00e9e culturelle au LFA\" width=\"212\" height=\"300\" srcset=\"https:\/\/www.camaeleon.org\/wp-content\/uploads\/2024\/06\/ddd4f620-8803-4310-a718-7e01feaffce6-212x300.jpeg 212w, https:\/\/www.camaeleon.org\/wp-content\/uploads\/2024\/06\/ddd4f620-8803-4310-a718-7e01feaffce6-425x600.jpeg 425w, https:\/\/www.camaeleon.org\/wp-content\/uploads\/2024\/06\/ddd4f620-8803-4310-a718-7e01feaffce6-1087x1536.jpeg 1087w, https:\/\/www.camaeleon.org\/wp-content\/uploads\/2024\/06\/ddd4f620-8803-4310-a718-7e01feaffce6.jpeg 1415w\" sizes=\"auto, (max-width: 212px) 100vw, 212px\" \/><figcaption id=\"caption-attachment-31247\" class=\"wp-caption-text\">Illustration: SV<\/figcaption><\/figure><\/p>\n<p>Multikulturalit\u00e4t wird am DFG ganz gro\u00df geschrieben. Um diese zu feiern, veranstaltet die SV unserer Schule am 02.07.24 einen Kulturtag.<\/p>\n<p>Alle Sch\u00fcler:innen werden dazu angeregt, ihre Kultur durch verschiedene Kleidungen oder Essen zu repr\u00e4sentieren. Ihr k\u00f6nnt zum Beispiel traditionelle Gerichte kochen und f\u00fcr eure Klasse mitbringen, sogar Flaggen eures Landes sind erw\u00fcnscht!<\/p>\n<p>Von der ersten bis zur zweiten Stunde werden Pr\u00e4sentationen stattfinden, in denen ihr eure Kultur vorstellen d\u00fcrft. Das kann gerne auch mit euren Freund:innen sein, ihr k\u00f6nntet euch in Gruppen traditionelle Kleidung anziehen und zusammen ein Land vorstellen!<\/p>\n<p>Wenn dies der Fall ist, k\u00f6nnt ihr euch gerne bei der SV daf\u00fcr anmelden, entweder \u00fcber die <a href=\"https:\/\/dfg-lfa.org\/personen\/schuler\/\">Schulwebsite<\/a> oder\u00a0oder auf <a href=\"https:\/\/lms-dfg-sb.online-schule.saarland\/course\/view.php?id=1473\">OSS<\/a>.<\/p>\n<p>Von der dritten bis zur sechsten Stunde werden Essensst\u00e4nde aufgebaut sein, bei denen ihr herzlich eingeladen seid, vorbeizuschauen.<\/p>\n<p>An diesem Tag habt ihr die Gelegenheit, eure Kultur und Geschichte mit anderen zu teilen und so als vielf\u00e4ltige Gemeinschaft noch n\u00e4her zusammenzur\u00fccken!<\/p>","protected":false},"excerpt":{"rendered":"<p>Multikulturalit\u00e4t wird am DFG ganz gro\u00df geschrieben. Um diese zu feiern, veranstaltet die SV unserer Schule am 02.07.24 einen Kulturtag. Alle Sch\u00fcler:innen werden dazu angeregt,<\/p>\n","protected":false},"author":146,"featured_media":31287,"comment_status":"open","ping_status":"closed","sticky":false,"template":"","format":"standard","meta":{"colormag_page_container_layout":"default_layout","colormag_page_sidebar_layout":"default_layout","footnotes":""},"categories":[3],"tags":[2513,2512,934,2511,933],"coauthors":[1209],"class_list":["post-31292","post","type-post","status-publish","format-standard","has-post-thumbnail","hentry","category-ecole","tag-culture-day","tag-journee-culturelle","tag-journee-des-langues","tag-kulturtag","tag-sprachentag"],"yoast_head":"<!-- This site is optimized with the Yoast SEO plugin v27.5 - https:\/\/yoast.com\/product\/yoast-seo-wordpress\/ -->\n<title>Kulturtag am DFG - Cam\u00e4l\u00e9on<\/title>\n<meta name=\"description\" content=\"Multikulturalit\u00e4t wird am DFG ganz gro\u00df geschrieben. Um diese zu feiern, veranstaltet die SV unserer Schule am 02.07.24 einen Kulturtag.\" \/>\n<meta name=\"robots\" content=\"index, follow, max-snippet:-1, max-image-preview:large, max-video-preview:-1\" \/>\n<link rel=\"canonical\" href=\"https:\/\/www.camaeleon.org\/de\/2024\/06\/21\/journee-culturelle-au-lfa\/\" \/>\n<meta property=\"og:locale\" content=\"de_DE\" \/>\n<meta property=\"og:type\" content=\"article\" \/>\n<meta property=\"og:title\" content=\"Kulturtag am DFG - Cam\u00e4l\u00e9on\" \/>\n<meta property=\"og:description\" content=\"Multikulturalit\u00e4t wird am DFG ganz gro\u00df geschrieben. Um diese zu feiern, veranstaltet die SV unserer Schule am 02.07.24 einen Kulturtag.\" \/>\n<meta property=\"og:url\" content=\"https:\/\/www.camaeleon.org\/de\/2024\/06\/21\/journee-culturelle-au-lfa\/\" \/>\n<meta property=\"og:site_name\" content=\"Cam\u00e4l\u00e9on\" \/>\n<meta property=\"article:publisher\" content=\"https:\/\/www.facebook.com\/camaeleon.org\/\" \/>\n<meta property=\"article:published_time\" content=\"2024-06-21T20:13:49+00:00\" \/>\n<meta property=\"article:modified_time\" content=\"2024-06-22T21:04:07+00:00\" \/>\n<meta property=\"og:image\" content=\"https:\/\/www.camaeleon.org\/wp-content\/uploads\/2024\/06\/journee-culturelle.jpeg\" \/>\n\t<meta property=\"og:image:width\" content=\"1415\" \/>\n\t<meta property=\"og:image:height\" content=\"1033\" \/>\n\t<meta property=\"og:image:type\" content=\"image\/jpeg\" \/>\n<meta name=\"author\" content=\"Anouk Viero\" \/>\n<meta name=\"twitter:card\" content=\"summary_large_image\" \/>\n<meta name=\"twitter:creator\" content=\"@camaeleonOrg\" \/>\n<meta name=\"twitter:site\" content=\"@camaeleonOrg\" \/>\n<script type=\"application\/ld+json\" class=\"yoast-schema-graph\">{\"@context\":\"https:\\\/\\\/schema.org\",\"@graph\":[{\"@type\":\"Article\",\"@id\":\"https:\\\/\\\/www.camaeleon.org\\\/2024\\\/06\\\/21\\\/journee-culturelle-au-lfa\\\/#article\",\"isPartOf\":{\"@id\":\"https:\\\/\\\/www.camaeleon.org\\\/2024\\\/06\\\/21\\\/journee-culturelle-au-lfa\\\/\"},\"author\":{\"name\":\"Anouk Viero\",\"@id\":\"https:\\\/\\\/www.camaeleon.org\\\/de\\\/#\\\/schema\\\/person\\\/34dd43503993f08eb39382df2c5b79b5\"},\"headline\":\"Kulturtag am DFG\",\"datePublished\":\"2024-06-21T20:13:49+00:00\",\"dateModified\":\"2024-06-22T21:04:07+00:00\",\"mainEntityOfPage\":{\"@id\":\"https:\\\/\\\/www.camaeleon.org\\\/2024\\\/06\\\/21\\\/journee-culturelle-au-lfa\\\/\"},\"wordCount\":563,\"commentCount\":0,\"publisher\":{\"@id\":\"https:\\\/\\\/www.camaeleon.org\\\/de\\\/#organization\"},\"image\":{\"@id\":\"https:\\\/\\\/www.camaeleon.org\\\/2024\\\/06\\\/21\\\/journee-culturelle-au-lfa\\\/#primaryimage\"},\"thumbnailUrl\":\"https:\\\/\\\/www.camaeleon.org\\\/wp-content\\\/uploads\\\/2024\\\/06\\\/journee-culturelle.jpeg\",\"keywords\":[\"Culture day\",\"Journ\u00e9e culturelle\",\"Journ\u00e9e des langues\",\"Kulturtag\",\"Sprachentag\"],\"articleSection\":[\"Schule\"],\"inLanguage\":\"de\",\"potentialAction\":[{\"@type\":\"CommentAction\",\"name\":\"Comment\",\"target\":[\"https:\\\/\\\/www.camaeleon.org\\\/2024\\\/06\\\/21\\\/journee-culturelle-au-lfa\\\/#respond\"]}]},{\"@type\":\"WebPage\",\"@id\":\"https:\\\/\\\/www.camaeleon.org\\\/de\\\/2024\\\/06\\\/21\\\/journee-culturelle-au-lfa\\\/\",\"url\":\"https:\\\/\\\/www.camaeleon.org\\\/de\\\/2024\\\/06\\\/21\\\/journee-culturelle-au-lfa\\\/\",\"name\":\"Kulturtag am DFG - Cam\u00e4l\u00e9on\",\"isPartOf\":{\"@id\":\"https:\\\/\\\/www.camaeleon.org\\\/de\\\/#website\"},\"primaryImageOfPage\":{\"@id\":\"https:\\\/\\\/www.camaeleon.org\\\/de\\\/2024\\\/06\\\/21\\\/journee-culturelle-au-lfa\\\/#primaryimage\"},\"image\":{\"@id\":\"https:\\\/\\\/www.camaeleon.org\\\/2024\\\/06\\\/21\\\/journee-culturelle-au-lfa\\\/#primaryimage\"},\"thumbnailUrl\":\"https:\\\/\\\/www.camaeleon.org\\\/wp-content\\\/uploads\\\/2024\\\/06\\\/journee-culturelle.jpeg\",\"datePublished\":\"2024-06-21T20:13:49+00:00\",\"dateModified\":\"2024-06-22T21:04:07+00:00\",\"description\":\"Multikulturalit\u00e4t wird am DFG ganz gro\u00df geschrieben. Um diese zu feiern, veranstaltet die SV unserer Schule am 02.07.24 einen Kulturtag.\",\"breadcrumb\":{\"@id\":\"https:\\\/\\\/www.camaeleon.org\\\/de\\\/2024\\\/06\\\/21\\\/journee-culturelle-au-lfa\\\/#breadcrumb\"},\"inLanguage\":\"de\",\"potentialAction\":[{\"@type\":\"ReadAction\",\"target\":[[\"https:\\\/\\\/www.camaeleon.org\\\/de\\\/2024\\\/06\\\/21\\\/journee-culturelle-au-lfa\\\/\"]]}]},{\"@type\":\"ImageObject\",\"inLanguage\":\"de\",\"@id\":\"https:\\\/\\\/www.camaeleon.org\\\/de\\\/2024\\\/06\\\/21\\\/journee-culturelle-au-lfa\\\/#primaryimage\",\"url\":\"https:\\\/\\\/www.camaeleon.org\\\/wp-content\\\/uploads\\\/2024\\\/06\\\/journee-culturelle.jpeg\",\"contentUrl\":\"https:\\\/\\\/www.camaeleon.org\\\/wp-content\\\/uploads\\\/2024\\\/06\\\/journee-culturelle.jpeg\",\"width\":1415,\"height\":1033,\"caption\":\"Illustration: SV\"},{\"@type\":\"BreadcrumbList\",\"@id\":\"https:\\\/\\\/www.camaeleon.org\\\/de\\\/2024\\\/06\\\/21\\\/journee-culturelle-au-lfa\\\/#breadcrumb\",\"itemListElement\":[{\"@type\":\"ListItem\",\"position\":1,\"name\":\"Home\",\"item\":\"https:\\\/\\\/www.camaeleon.org\\\/de\\\/\"},{\"@type\":\"ListItem\",\"position\":2,\"name\":\"Journ\u00e9e culturelle au LFA\"}]},{\"@type\":\"WebSite\",\"@id\":\"https:\\\/\\\/www.camaeleon.org\\\/de\\\/#website\",\"url\":\"https:\\\/\\\/www.camaeleon.org\\\/de\\\/\",\"name\":\"Cam\u00e4l\u00e9on\",\"description\":\"Das Sch\u00fclermagazin des Deutsch-Franz\u00f6sischen Gymnasiums Saarbr\u00fccken\",\"publisher\":{\"@id\":\"https:\\\/\\\/www.camaeleon.org\\\/de\\\/#organization\"},\"potentialAction\":[{\"@type\":\"SearchAction\",\"target\":{\"@type\":\"EntryPoint\",\"urlTemplate\":\"https:\\\/\\\/www.camaeleon.org\\\/de\\\/?s={search_term_string}\"},\"query-input\":{\"@type\":\"PropertyValueSpecification\",\"valueRequired\":true,\"valueName\":\"search_term_string\"}}],\"inLanguage\":\"de\"},{\"@type\":\"Organization\",\"@id\":\"https:\\\/\\\/www.camaeleon.org\\\/de\\\/#organization\",\"name\":\"Cam\u00e4l\u00e9on\",\"url\":\"https:\\\/\\\/www.camaeleon.org\\\/de\\\/\",\"logo\":{\"@type\":\"ImageObject\",\"inLanguage\":\"de\",\"@id\":\"https:\\\/\\\/www.camaeleon.org\\\/de\\\/#\\\/schema\\\/logo\\\/image\\\/\",\"url\":\"https:\\\/\\\/www.camaeleon.org\\\/wp-content\\\/uploads\\\/2011\\\/11\\\/CAM\u00c4LEON.jpg\",\"contentUrl\":\"https:\\\/\\\/www.camaeleon.org\\\/wp-content\\\/uploads\\\/2011\\\/11\\\/CAM\u00c4LEON.jpg\",\"width\":959,\"height\":959,\"caption\":\"Cam\u00e4l\u00e9on\"},\"image\":{\"@id\":\"https:\\\/\\\/www.camaeleon.org\\\/de\\\/#\\\/schema\\\/logo\\\/image\\\/\"},\"sameAs\":[\"https:\\\/\\\/www.facebook.com\\\/camaeleon.org\\\/\",\"https:\\\/\\\/x.com\\\/camaeleonOrg\",\"https:\\\/\\\/www.instagram.com\\\/camaeleon.dfg\\\/\",\"https:\\\/\\\/www.youtube.com\\\/channel\\\/UCl3TAUDdGuu_c7CD6ax6hYg\"]},{\"@type\":\"Person\",\"@id\":\"https:\\\/\\\/www.camaeleon.org\\\/de\\\/#\\\/schema\\\/person\\\/34dd43503993f08eb39382df2c5b79b5\",\"name\":\"Anouk Viero\",\"image\":{\"@type\":\"ImageObject\",\"inLanguage\":\"de\",\"@id\":\"https:\\\/\\\/www.camaeleon.org\\\/de\\\/wp-content\\\/uploads\\\/2023\\\/09\\\/0019AA6C-0ACA-452F-B897-A6B732B81B93-150x150.jpegeca926063efc1e3c52e5e4881ccb2d47\",\"url\":\"https:\\\/\\\/www.camaeleon.org\\\/wp-content\\\/uploads\\\/2023\\\/09\\\/0019AA6C-0ACA-452F-B897-A6B732B81B93-150x150.jpeg\",\"contentUrl\":\"https:\\\/\\\/www.camaeleon.org\\\/wp-content\\\/uploads\\\/2023\\\/09\\\/0019AA6C-0ACA-452F-B897-A6B732B81B93-150x150.jpeg\",\"caption\":\"Anouk Viero\"},\"description\":\"Hi, ich bin Anouk! Hier ein paar Infos \u00fcber mich: - Seit 2020 bei Cam\u00e4l\u00e9on - 15 Jahre alt - Klasse 1L Ich schreibe gerne Artikel im Bereich Kultur, Politik, Ern\u00e4hrung und privat tanze ich gerne Jazz Modern und spiele Gitarre.\",\"url\":\"https:\\\/\\\/www.camaeleon.org\\\/de\\\/author\\\/anouk-viero\\\/\"}]}<\/script>\n<!-- \/ Yoast SEO plugin. -->","yoast_head_json":{"title":"Kulturtag am DFG - Cam\u00e4l\u00e9on","description":"Multikulturalit\u00e4t wird am DFG ganz gro\u00df geschrieben. Um diese zu feiern, veranstaltet die SV unserer Schule am 02.07.24 einen Kulturtag.","robots":{"index":"index","follow":"follow","max-snippet":"max-snippet:-1","max-image-preview":"max-image-preview:large","max-video-preview":"max-video-preview:-1"},"canonical":"https:\/\/www.camaeleon.org\/de\/2024\/06\/21\/journee-culturelle-au-lfa\/","og_locale":"de_DE","og_type":"article","og_title":"Kulturtag am DFG - Cam\u00e4l\u00e9on","og_description":"Multikulturalit\u00e4t wird am DFG ganz gro\u00df geschrieben. Um diese zu feiern, veranstaltet die SV unserer Schule am 02.07.24 einen Kulturtag.","og_url":"https:\/\/www.camaeleon.org\/de\/2024\/06\/21\/journee-culturelle-au-lfa\/","og_site_name":"Cam\u00e4l\u00e9on","article_publisher":"https:\/\/www.facebook.com\/camaeleon.org\/","article_published_time":"2024-06-21T20:13:49+00:00","article_modified_time":"2024-06-22T21:04:07+00:00","og_image":[{"width":1415,"height":1033,"url":"https:\/\/www.camaeleon.org\/wp-content\/uploads\/2024\/06\/journee-culturelle.jpeg","type":"image\/jpeg"}],"author":"Anouk Viero","twitter_card":"summary_large_image","twitter_creator":"@camaeleonOrg","twitter_site":"@camaeleonOrg","schema":{"@context":"https:\/\/schema.org","@graph":[{"@type":"Article","@id":"https:\/\/www.camaeleon.org\/2024\/06\/21\/journee-culturelle-au-lfa\/#article","isPartOf":{"@id":"https:\/\/www.camaeleon.org\/2024\/06\/21\/journee-culturelle-au-lfa\/"},"author":{"name":"Anouk Viero","@id":"https:\/\/www.camaeleon.org\/de\/#\/schema\/person\/34dd43503993f08eb39382df2c5b79b5"},"headline":"Kulturtag am DFG","datePublished":"2024-06-21T20:13:49+00:00","dateModified":"2024-06-22T21:04:07+00:00","mainEntityOfPage":{"@id":"https:\/\/www.camaeleon.org\/2024\/06\/21\/journee-culturelle-au-lfa\/"},"wordCount":563,"commentCount":0,"publisher":{"@id":"https:\/\/www.camaeleon.org\/de\/#organization"},"image":{"@id":"https:\/\/www.camaeleon.org\/2024\/06\/21\/journee-culturelle-au-lfa\/#primaryimage"},"thumbnailUrl":"https:\/\/www.camaeleon.org\/wp-content\/uploads\/2024\/06\/journee-culturelle.jpeg","keywords":["Culture day","Journ\u00e9e culturelle","Journ\u00e9e des langues","Kulturtag","Sprachentag"],"articleSection":["Schule"],"inLanguage":"de","potentialAction":[{"@type":"CommentAction","name":"Comment","target":["https:\/\/www.camaeleon.org\/2024\/06\/21\/journee-culturelle-au-lfa\/#respond"]}]},{"@type":"WebPage","@id":"https:\/\/www.camaeleon.org\/de\/2024\/06\/21\/journee-culturelle-au-lfa\/","url":"https:\/\/www.camaeleon.org\/de\/2024\/06\/21\/journee-culturelle-au-lfa\/","name":"Kulturtag am DFG - Cam\u00e4l\u00e9on","isPartOf":{"@id":"https:\/\/www.camaeleon.org\/de\/#website"},"primaryImageOfPage":{"@id":"https:\/\/www.camaeleon.org\/de\/2024\/06\/21\/journee-culturelle-au-lfa\/#primaryimage"},"image":{"@id":"https:\/\/www.camaeleon.org\/2024\/06\/21\/journee-culturelle-au-lfa\/#primaryimage"},"thumbnailUrl":"https:\/\/www.camaeleon.org\/wp-content\/uploads\/2024\/06\/journee-culturelle.jpeg","datePublished":"2024-06-21T20:13:49+00:00","dateModified":"2024-06-22T21:04:07+00:00","description":"Multikulturalit\u00e4t wird am DFG ganz gro\u00df geschrieben. Um diese zu feiern, veranstaltet die SV unserer Schule am 02.07.24 einen Kulturtag.","breadcrumb":{"@id":"https:\/\/www.camaeleon.org\/de\/2024\/06\/21\/journee-culturelle-au-lfa\/#breadcrumb"},"inLanguage":"de","potentialAction":[{"@type":"ReadAction","target":[["https:\/\/www.camaeleon.org\/de\/2024\/06\/21\/journee-culturelle-au-lfa\/"]]}]},{"@type":"ImageObject","inLanguage":"de","@id":"https:\/\/www.camaeleon.org\/de\/2024\/06\/21\/journee-culturelle-au-lfa\/#primaryimage","url":"https:\/\/www.camaeleon.org\/wp-content\/uploads\/2024\/06\/journee-culturelle.jpeg","contentUrl":"https:\/\/www.camaeleon.org\/wp-content\/uploads\/2024\/06\/journee-culturelle.jpeg","width":1415,"height":1033,"caption":"Illustration: SV"},{"@type":"BreadcrumbList","@id":"https:\/\/www.camaeleon.org\/de\/2024\/06\/21\/journee-culturelle-au-lfa\/#breadcrumb","itemListElement":[{"@type":"ListItem","position":1,"name":"Home","item":"https:\/\/www.camaeleon.org\/de\/"},{"@type":"ListItem","position":2,"name":"Journ\u00e9e culturelle au LFA"}]},{"@type":"WebSite","@id":"https:\/\/www.camaeleon.org\/de\/#website","url":"https:\/\/www.camaeleon.org\/de\/","name":"Cam\u00e4l\u00e9on","description":"Das Sch\u00fclermagazin des Deutsch-Franz\u00f6sischen Gymnasiums Saarbr\u00fccken","publisher":{"@id":"https:\/\/www.camaeleon.org\/de\/#organization"},"potentialAction":[{"@type":"SearchAction","target":{"@type":"EntryPoint","urlTemplate":"https:\/\/www.camaeleon.org\/de\/?s={search_term_string}"},"query-input":{"@type":"PropertyValueSpecification","valueRequired":true,"valueName":"search_term_string"}}],"inLanguage":"de"},{"@type":"Organization","@id":"https:\/\/www.camaeleon.org\/de\/#organization","name":"Cam\u00e4l\u00e9on","url":"https:\/\/www.camaeleon.org\/de\/","logo":{"@type":"ImageObject","inLanguage":"de","@id":"https:\/\/www.camaeleon.org\/de\/#\/schema\/logo\/image\/","url":"https:\/\/www.camaeleon.org\/wp-content\/uploads\/2011\/11\/CAM\u00c4LEON.jpg","contentUrl":"https:\/\/www.camaeleon.org\/wp-content\/uploads\/2011\/11\/CAM\u00c4LEON.jpg","width":959,"height":959,"caption":"Cam\u00e4l\u00e9on"},"image":{"@id":"https:\/\/www.camaeleon.org\/de\/#\/schema\/logo\/image\/"},"sameAs":["https:\/\/www.facebook.com\/camaeleon.org\/","https:\/\/x.com\/camaeleonOrg","https:\/\/www.instagram.com\/camaeleon.dfg\/","https:\/\/www.youtube.com\/channel\/UCl3TAUDdGuu_c7CD6ax6hYg"]},{"@type":"Person","@id":"https:\/\/www.camaeleon.org\/de\/#\/schema\/person\/34dd43503993f08eb39382df2c5b79b5","name":"Anouk Viero","image":{"@type":"ImageObject","inLanguage":"de","@id":"https:\/\/www.camaeleon.org\/de\/wp-content\/uploads\/2023\/09\/0019AA6C-0ACA-452F-B897-A6B732B81B93-150x150.jpegeca926063efc1e3c52e5e4881ccb2d47","url":"https:\/\/www.camaeleon.org\/wp-content\/uploads\/2023\/09\/0019AA6C-0ACA-452F-B897-A6B732B81B93-150x150.jpeg","contentUrl":"https:\/\/www.camaeleon.org\/wp-content\/uploads\/2023\/09\/0019AA6C-0ACA-452F-B897-A6B732B81B93-150x150.jpeg","caption":"Anouk Viero"},"description":"Hi, ich bin Anouk! Hier ein paar Infos \u00fcber mich: - Seit 2020 bei Cam\u00e4l\u00e9on - 15 Jahre alt - Klasse 1L Ich schreibe gerne Artikel im Bereich Kultur, Politik, Ern\u00e4hrung und privat tanze ich gerne Jazz Modern und spiele Gitarre.","url":"https:\/\/www.camaeleon.org\/de\/author\/anouk-viero\/"}]}},"_links":{"self":[{"href":"https:\/\/www.camaeleon.org\/de\/wp-json\/wp\/v2\/posts\/31292","targetHints":{"allow":["GET"]}}],"collection":[{"href":"https:\/\/www.camaeleon.org\/de\/wp-json\/wp\/v2\/posts"}],"about":[{"href":"https:\/\/www.camaeleon.org\/de\/wp-json\/wp\/v2\/types\/post"}],"author":[{"embeddable":true,"href":"https:\/\/www.camaeleon.org\/de\/wp-json\/wp\/v2\/users\/146"}],"replies":[{"embeddable":true,"href":"https:\/\/www.camaeleon.org\/de\/wp-json\/wp\/v2\/comments?post=31292"}],"version-history":[{"count":5,"href":"https:\/\/www.camaeleon.org\/de\/wp-json\/wp\/v2\/posts\/31292\/revisions"}],"predecessor-version":[{"id":31305,"href":"https:\/\/www.camaeleon.org\/de\/wp-json\/wp\/v2\/posts\/31292\/revisions\/31305"}],"wp:featuredmedia":[{"embeddable":true,"href":"https:\/\/www.camaeleon.org\/de\/wp-json\/wp\/v2\/media\/31287"}],"wp:attachment":[{"href":"https:\/\/www.camaeleon.org\/de\/wp-json\/wp\/v2\/media?parent=31292"}],"wp:term":[{"taxonomy":"category","embeddable":true,"href":"https:\/\/www.camaeleon.org\/de\/wp-json\/wp\/v2\/categories?post=31292"},{"taxonomy":"post_tag","embeddable":true,"href":"https:\/\/www.camaeleon.org\/de\/wp-json\/wp\/v2\/tags?post=31292"},{"taxonomy":"author","embeddable":true,"href":"https:\/\/www.camaeleon.org\/de\/wp-json\/wp\/v2\/coauthors?post=31292"}],"curies":[{"name":"wp","href":"https:\/\/api.w.org\/{rel}","templated":true}]}}