{"id":31080,"date":"2024-05-17T15:46:56","date_gmt":"2024-05-17T13:46:56","guid":{"rendered":"https:\/\/www.camaeleon.org\/?p=31080"},"modified":"2024-05-18T16:23:59","modified_gmt":"2024-05-18T14:23:59","slug":"das-wort-der-woche-starkregen","status":"publish","type":"post","link":"https:\/\/www.camaeleon.org\/de\/2024\/05\/17\/das-wort-der-woche-starkregen\/","title":{"rendered":"Das Wort der Woche: #Starkregen"},"content":{"rendered":"<p>Es regnet. Ohne Pause. Seit heute Nacht f\u00fcllen sich die Pf\u00fctzen und Fl\u00fcsse im Saarland &#8211; und der Regen scheint kein Ende zu nehmen. Die Warn-App NINA des Bundesamtes f\u00fcr Bev\u00f6lkerungsschutz und Katastrophenhilfe warnt vor extremem Unwetter und Gefahr durch \u00dcberflutungen.<\/p>\n<figure id=\"attachment_31082\" aria-describedby=\"caption-attachment-31082\" style=\"width: 446px\" class=\"wp-caption aligncenter\"><img loading=\"lazy\" decoding=\"async\" class=\"wp-image-31082\" src=\"https:\/\/www.camaeleon.org\/wp-content\/uploads\/2024\/05\/IMG_5574-300x225.jpeg\" alt=\"\" width=\"446\" height=\"334\" srcset=\"https:\/\/www.camaeleon.org\/wp-content\/uploads\/2024\/05\/IMG_5574-300x225.jpeg 300w, https:\/\/www.camaeleon.org\/wp-content\/uploads\/2024\/05\/IMG_5574-800x600.jpeg 800w, https:\/\/www.camaeleon.org\/wp-content\/uploads\/2024\/05\/IMG_5574-1536x1152.jpeg 1536w, https:\/\/www.camaeleon.org\/wp-content\/uploads\/2024\/05\/IMG_5574-2048x1536.jpeg 2048w\" sizes=\"auto, (max-width: 446px) 100vw, 446px\" \/><figcaption id=\"caption-attachment-31082\" class=\"wp-caption-text\">Foto: Bidot \/ Cam\u00e4l\u00e9on<\/figcaption><\/figure>\n<p>Laut SR-Informationen sind die Einsatzkr\u00e4fte im Saarland bereits zu insgesamt 700 wetterbedingten Eins\u00e4tzen ausger\u00fcckt. H\u00e4user m\u00fcssen vielerorts evakuiert werden. Die Saar ist \u00fcber die Ufer getreten; die Stadtautobahn wurde wegen der \u00dcberschwemmungen gesperrt. Der Verkehr wird umgeleitet. Auch am DFG kam es in der Folge zu Verkehrsbehinderungen.<\/p>\n<figure id=\"attachment_31069\" aria-describedby=\"caption-attachment-31069\" style=\"width: 440px\" class=\"wp-caption aligncenter\"><img loading=\"lazy\" decoding=\"async\" class=\"wp-image-31069\" src=\"https:\/\/www.camaeleon.org\/wp-content\/uploads\/2024\/05\/IMG_5577-300x225.png\" alt=\"\" width=\"440\" height=\"330\" srcset=\"https:\/\/www.camaeleon.org\/wp-content\/uploads\/2024\/05\/IMG_5577-300x225.png 300w, https:\/\/www.camaeleon.org\/wp-content\/uploads\/2024\/05\/IMG_5577-800x600.png 800w, https:\/\/www.camaeleon.org\/wp-content\/uploads\/2024\/05\/IMG_5577-1536x1152.png 1536w, https:\/\/www.camaeleon.org\/wp-content\/uploads\/2024\/05\/IMG_5577-2048x1536.png 2048w\" sizes=\"auto, (max-width: 440px) 100vw, 440px\" \/><figcaption id=\"caption-attachment-31069\" class=\"wp-caption-text\">Foto: Bidot \/ Cam\u00e4l\u00e9on<\/figcaption><\/figure>\n<p>Wir hoffen, dass alle Sch\u00fclerInnen trotz der starken Regenf\u00e4lle und \u00dcberflutungen sicher nach Hause kommen!<\/p>\n<p>___________________<\/p>\n<p>Hier ein kurzer Videobericht zur Hochwasserlage in Saarbr\u00fccken am Samstag, den 18. Mai 2024:<\/p>\n<div class=\"lyte-wrapper\" style=\"width:1280px;max-width:100%;margin:5px auto;\"><div class=\"lyMe hidef\" id=\"WYL_Iql_Q7w3zac\"><div id=\"lyte_Iql_Q7w3zac\" data-src=\"https:\/\/www.camaeleon.org\/wp-content\/plugins\/wp-youtube-lyte\/lyteCache.php?origThumbUrl=%2F%2Fi.ytimg.com%2Fvi%2FIql_Q7w3zac%2Fhqdefault.jpg\" class=\"pL\"><div class=\"tC\"><div class=\"tT\"><\/div><\/div><div class=\"play\"><\/div><div class=\"ctrl\"><div class=\"Lctrl\"><\/div><div class=\"Rctrl\"><\/div><\/div><\/div><noscript><a href=\"https:\/\/youtu.be\/Iql_Q7w3zac\" rel=\"nofollow\"><img loading=\"lazy\" decoding=\"async\" src=\"https:\/\/www.camaeleon.org\/wp-content\/plugins\/wp-youtube-lyte\/lyteCache.php?origThumbUrl=https%3A%2F%2Fi.ytimg.com%2Fvi%2FIql_Q7w3zac%2F0.jpg\" alt=\"YouTube-Video-Vorschaubild\" width=\"1280\" height=\"700\" \/><br \/>Dieses Video auf YouTube ansehen<\/a><\/noscript><\/div><\/div><div class=\"lL\" style=\"max-width:100%;width:1280px;margin:5px auto;\"><br\/><span class=\"lyte_disclaimer\">Mit dem Klick auf das Video wird eine Verbindung zu YouTube hergestellt. Weitere Infos in der <a href=\"https:\/\/www.camaeleon.org\/de\/mentions-legales\/declaration-de-protection-des-donnees\/\">Datenschutzerkl\u00e4rung<\/a>.<\/span><\/div><\/p>\n","protected":false},"excerpt":{"rendered":"<p>Es regnet. Ohne Pause. Seit heute Nacht f\u00fcllen sich die Pf\u00fctzen und Fl\u00fcsse im Saarland &#8211; und der Regen scheint kein Ende zu nehmen. Die<\/p>\n","protected":false},"author":143,"featured_media":31082,"comment_status":"open","ping_status":"closed","sticky":false,"template":"","format":"standard","meta":{"colormag_page_container_layout":"default_layout","colormag_page_sidebar_layout":"default_layout","footnotes":""},"categories":[864,662],"tags":[2484,2485,2486,1912,2483,1913,2481,1120,2482],"coauthors":[1208],"class_list":["post-31080","post","type-post","status-publish","format-standard","has-post-thumbnail","hentry","category-le-mot-de-la-semaine","category-sarrebruck","tag-dauerregen","tag-einsaetze","tag-einsatzkraefte","tag-hochwasser","tag-regen","tag-starkregen","tag-ueberflutungen","tag-ueberschwemmung","tag-unfaelle"],"yoast_head":"<!-- This site is optimized with the Yoast SEO plugin v27.4 - https:\/\/yoast.com\/product\/yoast-seo-wordpress\/ -->\n<title>Das Wort der Woche: #Starkregen - Cam\u00e4l\u00e9on<\/title>\n<meta name=\"description\" content=\"Es regnet. Ohne Pause. Seit heute Nacht f\u00fcllen sich die Pf\u00fctzen und Fl\u00fcsse im Saarland - und der Regen scheint kein Ende zu nehmen.\" \/>\n<meta name=\"robots\" content=\"index, follow, max-snippet:-1, max-image-preview:large, max-video-preview:-1\" \/>\n<link rel=\"canonical\" href=\"https:\/\/www.camaeleon.org\/de\/2024\/05\/17\/das-wort-der-woche-starkregen\/\" \/>\n<meta property=\"og:locale\" content=\"de_DE\" \/>\n<meta property=\"og:type\" content=\"article\" \/>\n<meta property=\"og:title\" content=\"Das Wort der Woche: #Starkregen - Cam\u00e4l\u00e9on\" \/>\n<meta property=\"og:description\" content=\"Es regnet. Ohne Pause. Seit heute Nacht f\u00fcllen sich die Pf\u00fctzen und Fl\u00fcsse im Saarland - und der Regen scheint kein Ende zu nehmen.\" \/>\n<meta property=\"og:url\" content=\"https:\/\/www.camaeleon.org\/de\/2024\/05\/17\/das-wort-der-woche-starkregen\/\" \/>\n<meta property=\"og:site_name\" content=\"Cam\u00e4l\u00e9on\" \/>\n<meta property=\"article:publisher\" content=\"https:\/\/www.facebook.com\/camaeleon.org\/\" \/>\n<meta property=\"article:published_time\" content=\"2024-05-17T13:46:56+00:00\" \/>\n<meta property=\"article:modified_time\" content=\"2024-05-18T14:23:59+00:00\" \/>\n<meta property=\"og:image\" content=\"https:\/\/www.camaeleon.org\/wp-content\/uploads\/2024\/05\/IMG_5574-scaled.jpeg\" \/>\n\t<meta property=\"og:image:width\" content=\"2560\" \/>\n\t<meta property=\"og:image:height\" content=\"1920\" \/>\n\t<meta property=\"og:image:type\" content=\"image\/jpeg\" \/>\n<meta name=\"author\" content=\"Julian Bidot\" \/>\n<meta name=\"twitter:card\" content=\"summary_large_image\" \/>\n<meta name=\"twitter:creator\" content=\"@camaeleonOrg\" \/>\n<meta name=\"twitter:site\" content=\"@camaeleonOrg\" \/>\n<script type=\"application\/ld+json\" class=\"yoast-schema-graph\">{\"@context\":\"https:\\\/\\\/schema.org\",\"@graph\":[{\"@type\":\"Article\",\"@id\":\"https:\\\/\\\/www.camaeleon.org\\\/2024\\\/05\\\/17\\\/das-wort-der-woche-starkregen\\\/#article\",\"isPartOf\":{\"@id\":\"https:\\\/\\\/www.camaeleon.org\\\/2024\\\/05\\\/17\\\/das-wort-der-woche-starkregen\\\/\"},\"author\":{\"name\":\"Julian Bidot\",\"@id\":\"https:\\\/\\\/www.camaeleon.org\\\/de\\\/#\\\/schema\\\/person\\\/4df212263ca8d70a0a60b3cdf9cb792e\"},\"headline\":\"Das Wort der Woche: #Starkregen\",\"datePublished\":\"2024-05-17T13:46:56+00:00\",\"dateModified\":\"2024-05-18T14:23:59+00:00\",\"mainEntityOfPage\":{\"@id\":\"https:\\\/\\\/www.camaeleon.org\\\/2024\\\/05\\\/17\\\/das-wort-der-woche-starkregen\\\/\"},\"wordCount\":166,\"commentCount\":0,\"publisher\":{\"@id\":\"https:\\\/\\\/www.camaeleon.org\\\/de\\\/#organization\"},\"image\":{\"@id\":\"https:\\\/\\\/www.camaeleon.org\\\/2024\\\/05\\\/17\\\/das-wort-der-woche-starkregen\\\/#primaryimage\"},\"thumbnailUrl\":\"https:\\\/\\\/www.camaeleon.org\\\/wp-content\\\/uploads\\\/2024\\\/05\\\/IMG_5574-scaled.jpeg\",\"keywords\":[\"Dauerregen\",\"Eins\u00e4tze\",\"Einsatzkr\u00e4fte\",\"Hochwasser\",\"Regen\",\"Starkregen\",\"\u00dcberflutungen\",\"\u00dcberschwemmung\",\"Unf\u00e4lle\"],\"articleSection\":[\"Das Wort der Woche\",\"Saarbr\u00fccken\"],\"inLanguage\":\"de\",\"potentialAction\":[{\"@type\":\"CommentAction\",\"name\":\"Comment\",\"target\":[\"https:\\\/\\\/www.camaeleon.org\\\/2024\\\/05\\\/17\\\/das-wort-der-woche-starkregen\\\/#respond\"]}]},{\"@type\":\"WebPage\",\"@id\":\"https:\\\/\\\/www.camaeleon.org\\\/de\\\/2024\\\/05\\\/17\\\/das-wort-der-woche-starkregen\\\/\",\"url\":\"https:\\\/\\\/www.camaeleon.org\\\/de\\\/2024\\\/05\\\/17\\\/das-wort-der-woche-starkregen\\\/\",\"name\":\"Das Wort der Woche: #Starkregen - Cam\u00e4l\u00e9on\",\"isPartOf\":{\"@id\":\"https:\\\/\\\/www.camaeleon.org\\\/de\\\/#website\"},\"primaryImageOfPage\":{\"@id\":\"https:\\\/\\\/www.camaeleon.org\\\/de\\\/2024\\\/05\\\/17\\\/das-wort-der-woche-starkregen\\\/#primaryimage\"},\"image\":{\"@id\":\"https:\\\/\\\/www.camaeleon.org\\\/2024\\\/05\\\/17\\\/das-wort-der-woche-starkregen\\\/#primaryimage\"},\"thumbnailUrl\":\"https:\\\/\\\/www.camaeleon.org\\\/wp-content\\\/uploads\\\/2024\\\/05\\\/IMG_5574-scaled.jpeg\",\"datePublished\":\"2024-05-17T13:46:56+00:00\",\"dateModified\":\"2024-05-18T14:23:59+00:00\",\"description\":\"Es regnet. Ohne Pause. Seit heute Nacht f\u00fcllen sich die Pf\u00fctzen und Fl\u00fcsse im Saarland - und der Regen scheint kein Ende zu nehmen.\",\"breadcrumb\":{\"@id\":\"https:\\\/\\\/www.camaeleon.org\\\/de\\\/2024\\\/05\\\/17\\\/das-wort-der-woche-starkregen\\\/#breadcrumb\"},\"inLanguage\":\"de\",\"potentialAction\":[{\"@type\":\"ReadAction\",\"target\":[[\"https:\\\/\\\/www.camaeleon.org\\\/de\\\/2024\\\/05\\\/17\\\/das-wort-der-woche-starkregen\\\/\"]]}]},{\"@type\":\"ImageObject\",\"inLanguage\":\"de\",\"@id\":\"https:\\\/\\\/www.camaeleon.org\\\/de\\\/2024\\\/05\\\/17\\\/das-wort-der-woche-starkregen\\\/#primaryimage\",\"url\":\"https:\\\/\\\/www.camaeleon.org\\\/wp-content\\\/uploads\\\/2024\\\/05\\\/IMG_5574-scaled.jpeg\",\"contentUrl\":\"https:\\\/\\\/www.camaeleon.org\\\/wp-content\\\/uploads\\\/2024\\\/05\\\/IMG_5574-scaled.jpeg\",\"width\":2560,\"height\":1920},{\"@type\":\"BreadcrumbList\",\"@id\":\"https:\\\/\\\/www.camaeleon.org\\\/de\\\/2024\\\/05\\\/17\\\/das-wort-der-woche-starkregen\\\/#breadcrumb\",\"itemListElement\":[{\"@type\":\"ListItem\",\"position\":1,\"name\":\"Home\",\"item\":\"https:\\\/\\\/www.camaeleon.org\\\/de\\\/\"},{\"@type\":\"ListItem\",\"position\":2,\"name\":\"Das Wort der Woche: #Starkregen\"}]},{\"@type\":\"WebSite\",\"@id\":\"https:\\\/\\\/www.camaeleon.org\\\/de\\\/#website\",\"url\":\"https:\\\/\\\/www.camaeleon.org\\\/de\\\/\",\"name\":\"Cam\u00e4l\u00e9on\",\"description\":\"Das Sch\u00fclermagazin des Deutsch-Franz\u00f6sischen Gymnasiums Saarbr\u00fccken\",\"publisher\":{\"@id\":\"https:\\\/\\\/www.camaeleon.org\\\/de\\\/#organization\"},\"potentialAction\":[{\"@type\":\"SearchAction\",\"target\":{\"@type\":\"EntryPoint\",\"urlTemplate\":\"https:\\\/\\\/www.camaeleon.org\\\/de\\\/?s={search_term_string}\"},\"query-input\":{\"@type\":\"PropertyValueSpecification\",\"valueRequired\":true,\"valueName\":\"search_term_string\"}}],\"inLanguage\":\"de\"},{\"@type\":\"Organization\",\"@id\":\"https:\\\/\\\/www.camaeleon.org\\\/de\\\/#organization\",\"name\":\"Cam\u00e4l\u00e9on\",\"url\":\"https:\\\/\\\/www.camaeleon.org\\\/de\\\/\",\"logo\":{\"@type\":\"ImageObject\",\"inLanguage\":\"de\",\"@id\":\"https:\\\/\\\/www.camaeleon.org\\\/de\\\/#\\\/schema\\\/logo\\\/image\\\/\",\"url\":\"https:\\\/\\\/www.camaeleon.org\\\/wp-content\\\/uploads\\\/2011\\\/11\\\/CAM\u00c4LEON.jpg\",\"contentUrl\":\"https:\\\/\\\/www.camaeleon.org\\\/wp-content\\\/uploads\\\/2011\\\/11\\\/CAM\u00c4LEON.jpg\",\"width\":959,\"height\":959,\"caption\":\"Cam\u00e4l\u00e9on\"},\"image\":{\"@id\":\"https:\\\/\\\/www.camaeleon.org\\\/de\\\/#\\\/schema\\\/logo\\\/image\\\/\"},\"sameAs\":[\"https:\\\/\\\/www.facebook.com\\\/camaeleon.org\\\/\",\"https:\\\/\\\/x.com\\\/camaeleonOrg\",\"https:\\\/\\\/www.instagram.com\\\/camaeleon.dfg\\\/\",\"https:\\\/\\\/www.youtube.com\\\/channel\\\/UCl3TAUDdGuu_c7CD6ax6hYg\"]},{\"@type\":\"Person\",\"@id\":\"https:\\\/\\\/www.camaeleon.org\\\/de\\\/#\\\/schema\\\/person\\\/4df212263ca8d70a0a60b3cdf9cb792e\",\"name\":\"Julian Bidot\",\"image\":{\"@type\":\"ImageObject\",\"inLanguage\":\"de\",\"@id\":\"https:\\\/\\\/www.camaeleon.org\\\/de\\\/wp-content\\\/uploads\\\/2020\\\/12\\\/julian.jpgeeb77fb6f9ba90c8300a9123a3909722\",\"url\":\"https:\\\/\\\/www.camaeleon.org\\\/wp-content\\\/uploads\\\/2020\\\/12\\\/julian.jpg\",\"contentUrl\":\"https:\\\/\\\/www.camaeleon.org\\\/wp-content\\\/uploads\\\/2020\\\/12\\\/julian.jpg\",\"caption\":\"Julian Bidot\"},\"description\":\"Hallo! Ich bin Julian und 18 Jahre alt. Seit 2020 bin ich bei Cam\u00e4l\u00e9on aktiv. Gerade Politik interessiert mich sehr; aber auch Ver\u00e4nderungen an unserer Schule bzw. in der Region. Mittlerweile gehe ich in die TL. Schreibt mir gerne Kommentare oder eine Mail! Viel Spa\u00df auf Cam\u00e4l\u00e9on!\",\"url\":\"https:\\\/\\\/www.camaeleon.org\\\/de\\\/author\\\/julian-bidot\\\/\"}]}<\/script>\n<!-- \/ Yoast SEO plugin. -->","yoast_head_json":{"title":"Das Wort der Woche: #Starkregen - Cam\u00e4l\u00e9on","description":"Es regnet. Ohne Pause. Seit heute Nacht f\u00fcllen sich die Pf\u00fctzen und Fl\u00fcsse im Saarland - und der Regen scheint kein Ende zu nehmen.","robots":{"index":"index","follow":"follow","max-snippet":"max-snippet:-1","max-image-preview":"max-image-preview:large","max-video-preview":"max-video-preview:-1"},"canonical":"https:\/\/www.camaeleon.org\/de\/2024\/05\/17\/das-wort-der-woche-starkregen\/","og_locale":"de_DE","og_type":"article","og_title":"Das Wort der Woche: #Starkregen - Cam\u00e4l\u00e9on","og_description":"Es regnet. Ohne Pause. Seit heute Nacht f\u00fcllen sich die Pf\u00fctzen und Fl\u00fcsse im Saarland - und der Regen scheint kein Ende zu nehmen.","og_url":"https:\/\/www.camaeleon.org\/de\/2024\/05\/17\/das-wort-der-woche-starkregen\/","og_site_name":"Cam\u00e4l\u00e9on","article_publisher":"https:\/\/www.facebook.com\/camaeleon.org\/","article_published_time":"2024-05-17T13:46:56+00:00","article_modified_time":"2024-05-18T14:23:59+00:00","og_image":[{"width":2560,"height":1920,"url":"https:\/\/www.camaeleon.org\/wp-content\/uploads\/2024\/05\/IMG_5574-scaled.jpeg","type":"image\/jpeg"}],"author":"Julian Bidot","twitter_card":"summary_large_image","twitter_creator":"@camaeleonOrg","twitter_site":"@camaeleonOrg","schema":{"@context":"https:\/\/schema.org","@graph":[{"@type":"Article","@id":"https:\/\/www.camaeleon.org\/2024\/05\/17\/das-wort-der-woche-starkregen\/#article","isPartOf":{"@id":"https:\/\/www.camaeleon.org\/2024\/05\/17\/das-wort-der-woche-starkregen\/"},"author":{"name":"Julian Bidot","@id":"https:\/\/www.camaeleon.org\/de\/#\/schema\/person\/4df212263ca8d70a0a60b3cdf9cb792e"},"headline":"Das Wort der Woche: #Starkregen","datePublished":"2024-05-17T13:46:56+00:00","dateModified":"2024-05-18T14:23:59+00:00","mainEntityOfPage":{"@id":"https:\/\/www.camaeleon.org\/2024\/05\/17\/das-wort-der-woche-starkregen\/"},"wordCount":166,"commentCount":0,"publisher":{"@id":"https:\/\/www.camaeleon.org\/de\/#organization"},"image":{"@id":"https:\/\/www.camaeleon.org\/2024\/05\/17\/das-wort-der-woche-starkregen\/#primaryimage"},"thumbnailUrl":"https:\/\/www.camaeleon.org\/wp-content\/uploads\/2024\/05\/IMG_5574-scaled.jpeg","keywords":["Dauerregen","Eins\u00e4tze","Einsatzkr\u00e4fte","Hochwasser","Regen","Starkregen","\u00dcberflutungen","\u00dcberschwemmung","Unf\u00e4lle"],"articleSection":["Das Wort der Woche","Saarbr\u00fccken"],"inLanguage":"de","potentialAction":[{"@type":"CommentAction","name":"Comment","target":["https:\/\/www.camaeleon.org\/2024\/05\/17\/das-wort-der-woche-starkregen\/#respond"]}]},{"@type":"WebPage","@id":"https:\/\/www.camaeleon.org\/de\/2024\/05\/17\/das-wort-der-woche-starkregen\/","url":"https:\/\/www.camaeleon.org\/de\/2024\/05\/17\/das-wort-der-woche-starkregen\/","name":"Das Wort der Woche: #Starkregen - Cam\u00e4l\u00e9on","isPartOf":{"@id":"https:\/\/www.camaeleon.org\/de\/#website"},"primaryImageOfPage":{"@id":"https:\/\/www.camaeleon.org\/de\/2024\/05\/17\/das-wort-der-woche-starkregen\/#primaryimage"},"image":{"@id":"https:\/\/www.camaeleon.org\/2024\/05\/17\/das-wort-der-woche-starkregen\/#primaryimage"},"thumbnailUrl":"https:\/\/www.camaeleon.org\/wp-content\/uploads\/2024\/05\/IMG_5574-scaled.jpeg","datePublished":"2024-05-17T13:46:56+00:00","dateModified":"2024-05-18T14:23:59+00:00","description":"Es regnet. Ohne Pause. Seit heute Nacht f\u00fcllen sich die Pf\u00fctzen und Fl\u00fcsse im Saarland - und der Regen scheint kein Ende zu nehmen.","breadcrumb":{"@id":"https:\/\/www.camaeleon.org\/de\/2024\/05\/17\/das-wort-der-woche-starkregen\/#breadcrumb"},"inLanguage":"de","potentialAction":[{"@type":"ReadAction","target":[["https:\/\/www.camaeleon.org\/de\/2024\/05\/17\/das-wort-der-woche-starkregen\/"]]}]},{"@type":"ImageObject","inLanguage":"de","@id":"https:\/\/www.camaeleon.org\/de\/2024\/05\/17\/das-wort-der-woche-starkregen\/#primaryimage","url":"https:\/\/www.camaeleon.org\/wp-content\/uploads\/2024\/05\/IMG_5574-scaled.jpeg","contentUrl":"https:\/\/www.camaeleon.org\/wp-content\/uploads\/2024\/05\/IMG_5574-scaled.jpeg","width":2560,"height":1920},{"@type":"BreadcrumbList","@id":"https:\/\/www.camaeleon.org\/de\/2024\/05\/17\/das-wort-der-woche-starkregen\/#breadcrumb","itemListElement":[{"@type":"ListItem","position":1,"name":"Home","item":"https:\/\/www.camaeleon.org\/de\/"},{"@type":"ListItem","position":2,"name":"Das Wort der Woche: #Starkregen"}]},{"@type":"WebSite","@id":"https:\/\/www.camaeleon.org\/de\/#website","url":"https:\/\/www.camaeleon.org\/de\/","name":"Cam\u00e4l\u00e9on","description":"Das Sch\u00fclermagazin des Deutsch-Franz\u00f6sischen Gymnasiums Saarbr\u00fccken","publisher":{"@id":"https:\/\/www.camaeleon.org\/de\/#organization"},"potentialAction":[{"@type":"SearchAction","target":{"@type":"EntryPoint","urlTemplate":"https:\/\/www.camaeleon.org\/de\/?s={search_term_string}"},"query-input":{"@type":"PropertyValueSpecification","valueRequired":true,"valueName":"search_term_string"}}],"inLanguage":"de"},{"@type":"Organization","@id":"https:\/\/www.camaeleon.org\/de\/#organization","name":"Cam\u00e4l\u00e9on","url":"https:\/\/www.camaeleon.org\/de\/","logo":{"@type":"ImageObject","inLanguage":"de","@id":"https:\/\/www.camaeleon.org\/de\/#\/schema\/logo\/image\/","url":"https:\/\/www.camaeleon.org\/wp-content\/uploads\/2011\/11\/CAM\u00c4LEON.jpg","contentUrl":"https:\/\/www.camaeleon.org\/wp-content\/uploads\/2011\/11\/CAM\u00c4LEON.jpg","width":959,"height":959,"caption":"Cam\u00e4l\u00e9on"},"image":{"@id":"https:\/\/www.camaeleon.org\/de\/#\/schema\/logo\/image\/"},"sameAs":["https:\/\/www.facebook.com\/camaeleon.org\/","https:\/\/x.com\/camaeleonOrg","https:\/\/www.instagram.com\/camaeleon.dfg\/","https:\/\/www.youtube.com\/channel\/UCl3TAUDdGuu_c7CD6ax6hYg"]},{"@type":"Person","@id":"https:\/\/www.camaeleon.org\/de\/#\/schema\/person\/4df212263ca8d70a0a60b3cdf9cb792e","name":"Julian Bidot","image":{"@type":"ImageObject","inLanguage":"de","@id":"https:\/\/www.camaeleon.org\/de\/wp-content\/uploads\/2020\/12\/julian.jpgeeb77fb6f9ba90c8300a9123a3909722","url":"https:\/\/www.camaeleon.org\/wp-content\/uploads\/2020\/12\/julian.jpg","contentUrl":"https:\/\/www.camaeleon.org\/wp-content\/uploads\/2020\/12\/julian.jpg","caption":"Julian Bidot"},"description":"Hallo! Ich bin Julian und 18 Jahre alt. Seit 2020 bin ich bei Cam\u00e4l\u00e9on aktiv. Gerade Politik interessiert mich sehr; aber auch Ver\u00e4nderungen an unserer Schule bzw. in der Region. Mittlerweile gehe ich in die TL. Schreibt mir gerne Kommentare oder eine Mail! Viel Spa\u00df auf Cam\u00e4l\u00e9on!","url":"https:\/\/www.camaeleon.org\/de\/author\/julian-bidot\/"}]}},"_links":{"self":[{"href":"https:\/\/www.camaeleon.org\/de\/wp-json\/wp\/v2\/posts\/31080","targetHints":{"allow":["GET"]}}],"collection":[{"href":"https:\/\/www.camaeleon.org\/de\/wp-json\/wp\/v2\/posts"}],"about":[{"href":"https:\/\/www.camaeleon.org\/de\/wp-json\/wp\/v2\/types\/post"}],"author":[{"embeddable":true,"href":"https:\/\/www.camaeleon.org\/de\/wp-json\/wp\/v2\/users\/143"}],"replies":[{"embeddable":true,"href":"https:\/\/www.camaeleon.org\/de\/wp-json\/wp\/v2\/comments?post=31080"}],"version-history":[{"count":9,"href":"https:\/\/www.camaeleon.org\/de\/wp-json\/wp\/v2\/posts\/31080\/revisions"}],"predecessor-version":[{"id":31118,"href":"https:\/\/www.camaeleon.org\/de\/wp-json\/wp\/v2\/posts\/31080\/revisions\/31118"}],"wp:featuredmedia":[{"embeddable":true,"href":"https:\/\/www.camaeleon.org\/de\/wp-json\/wp\/v2\/media\/31082"}],"wp:attachment":[{"href":"https:\/\/www.camaeleon.org\/de\/wp-json\/wp\/v2\/media?parent=31080"}],"wp:term":[{"taxonomy":"category","embeddable":true,"href":"https:\/\/www.camaeleon.org\/de\/wp-json\/wp\/v2\/categories?post=31080"},{"taxonomy":"post_tag","embeddable":true,"href":"https:\/\/www.camaeleon.org\/de\/wp-json\/wp\/v2\/tags?post=31080"},{"taxonomy":"author","embeddable":true,"href":"https:\/\/www.camaeleon.org\/de\/wp-json\/wp\/v2\/coauthors?post=31080"}],"curies":[{"name":"wp","href":"https:\/\/api.w.org\/{rel}","templated":true}]}}