{"id":31055,"date":"2024-05-16T18:50:28","date_gmt":"2024-05-16T16:50:28","guid":{"rendered":"https:\/\/www.camaeleon.org\/?p=31055"},"modified":"2024-05-19T22:23:07","modified_gmt":"2024-05-19T20:23:07","slug":"la-musique-epique-comme-theme-concert-des-orchestres-du-lfa-de-sarrebruck-buc-et-fribourg-a-versailles","status":"publish","type":"post","link":"https:\/\/www.camaeleon.org\/de\/2024\/05\/16\/la-musique-epique-comme-theme-concert-des-orchestres-du-lfa-de-sarrebruck-buc-et-fribourg-a-versailles\/","title":{"rendered":"Epische Musik: Konzert der DFG-Orchester aus Saarbr\u00fccken, Buc und Freiburg in Versailles"},"content":{"rendered":"<p>Am Sonntag, 5. Mai bekam die wundervolle Acad\u00e9mie \u00c9questre de Versailles einen neuen Verwendungszweck: Wo normalerweise Pferde gegen\u00fcber dem Schloss von Versailles spektakul\u00e4re Darbietungen zeigen, spielten an dem Abend knapp 120 deutsch-franz\u00f6sische Musiker.<\/p>\n<p>Das Konzert war, wie bereits im vergangenen Jahr (siehe <a href=\"https:\/\/www.camaeleon.org\/2023\/06\/11\/konzert-der-dfg-schulorchester-aus-saarbruecken-und-buc-in-der-ludwigskirche\/\">hier<\/a>), das Highlight eines Schuljahres, in welchem die DFG-Orchester aus Saarbr\u00fccken, Freiburg und Buc intensiv ge\u00fcbt, auch gemeinsam im Januar in Giffaumont (Frankreich) geprobt haben und schlie\u00dflich vor einer Woche insgesamt f\u00fcnf Tage.<\/p>\n<p>Das gesamte Konzert im Replay befindet sich hier unterhalb.<\/p>\n<p>https:\/\/www.youtube.com\/watch?v=bcq_f-_EjOM","protected":false},"excerpt":{"rendered":"<p>Am Sonntag, 5. Mai bekam die wundervolle Acad\u00e9mie \u00c9questre de Versailles einen neuen Verwendungszweck: Wo normalerweise Pferde gegen\u00fcber dem Schloss von Versailles spektakul\u00e4re Darbietungen zeigen,<\/p>\n","protected":false},"author":128,"featured_media":31057,"comment_status":"open","ping_status":"closed","sticky":false,"template":"","format":"standard","meta":{"colormag_page_container_layout":"default_layout","colormag_page_sidebar_layout":"default_layout","footnotes":""},"categories":[8,3,195,6,908],"tags":[300,367,2244],"coauthors":[744],"class_list":["post-31055","post","type-post","status-publish","format-standard","has-post-thumbnail","hentry","category-culture","category-ecole","category-musique","category-vie","category-camaeleon-video","tag-konzert","tag-orchester","tag-schulorchester"],"yoast_head":"<!-- This site is optimized with the Yoast SEO plugin v27.5 - https:\/\/yoast.com\/product\/yoast-seo-wordpress\/ -->\n<title>Epische Musik: Konzert der DFG-Orchester aus Saarbr\u00fccken, Buc und Freiburg in Versailles - Cam\u00e4l\u00e9on<\/title>\n<meta name=\"description\" content=\"Am 5. Mai bekam die Acad\u00e9mie \u00c9questre de Versailles einen neuen Verwendungszweck: 120 deutsch-franz\u00f6sische Musiker spielten dort ein Konzert.\" \/>\n<meta name=\"robots\" content=\"index, follow, max-snippet:-1, max-image-preview:large, max-video-preview:-1\" \/>\n<link rel=\"canonical\" href=\"https:\/\/www.camaeleon.org\/de\/2024\/05\/16\/la-musique-epique-comme-theme-concert-des-orchestres-du-lfa-de-sarrebruck-buc-et-fribourg-a-versailles\/\" \/>\n<meta property=\"og:locale\" content=\"de_DE\" \/>\n<meta property=\"og:type\" content=\"article\" \/>\n<meta property=\"og:title\" content=\"Epische Musik: Konzert der DFG-Orchester aus Saarbr\u00fccken, Buc und Freiburg in Versailles - Cam\u00e4l\u00e9on\" \/>\n<meta property=\"og:description\" content=\"Am 5. Mai bekam die Acad\u00e9mie \u00c9questre de Versailles einen neuen Verwendungszweck: 120 deutsch-franz\u00f6sische Musiker spielten dort ein Konzert.\" \/>\n<meta property=\"og:url\" content=\"https:\/\/www.camaeleon.org\/de\/2024\/05\/16\/la-musique-epique-comme-theme-concert-des-orchestres-du-lfa-de-sarrebruck-buc-et-fribourg-a-versailles\/\" \/>\n<meta property=\"og:site_name\" content=\"Cam\u00e4l\u00e9on\" \/>\n<meta property=\"article:publisher\" content=\"https:\/\/www.facebook.com\/camaeleon.org\/\" \/>\n<meta property=\"article:published_time\" content=\"2024-05-16T16:50:28+00:00\" \/>\n<meta property=\"article:modified_time\" content=\"2024-05-19T20:23:07+00:00\" \/>\n<meta property=\"og:image\" content=\"https:\/\/www.camaeleon.org\/wp-content\/uploads\/2024\/05\/DSC06944-scaled.jpg\" \/>\n\t<meta property=\"og:image:width\" content=\"2560\" \/>\n\t<meta property=\"og:image:height\" content=\"1701\" \/>\n\t<meta property=\"og:image:type\" content=\"image\/jpeg\" \/>\n<meta name=\"author\" content=\"Max Ernst\" \/>\n<meta name=\"twitter:card\" content=\"summary_large_image\" \/>\n<meta name=\"twitter:creator\" content=\"@camaeleonOrg\" \/>\n<meta name=\"twitter:site\" content=\"@camaeleonOrg\" \/>\n<script type=\"application\/ld+json\" class=\"yoast-schema-graph\">{\"@context\":\"https:\\\/\\\/schema.org\",\"@graph\":[{\"@type\":\"Article\",\"@id\":\"https:\\\/\\\/www.camaeleon.org\\\/2024\\\/05\\\/16\\\/la-musique-epique-comme-theme-concert-des-orchestres-du-lfa-de-sarrebruck-buc-et-fribourg-a-versailles\\\/#article\",\"isPartOf\":{\"@id\":\"https:\\\/\\\/www.camaeleon.org\\\/2024\\\/05\\\/16\\\/la-musique-epique-comme-theme-concert-des-orchestres-du-lfa-de-sarrebruck-buc-et-fribourg-a-versailles\\\/\"},\"author\":{\"name\":\"Max Ernst\",\"@id\":\"https:\\\/\\\/www.camaeleon.org\\\/de\\\/#\\\/schema\\\/person\\\/052ee327c421b495af4657a44187a959\"},\"headline\":\"Epische Musik: Konzert der DFG-Orchester aus Saarbr\u00fccken, Buc und Freiburg in Versailles\",\"datePublished\":\"2024-05-16T16:50:28+00:00\",\"dateModified\":\"2024-05-19T20:23:07+00:00\",\"mainEntityOfPage\":{\"@id\":\"https:\\\/\\\/www.camaeleon.org\\\/2024\\\/05\\\/16\\\/la-musique-epique-comme-theme-concert-des-orchestres-du-lfa-de-sarrebruck-buc-et-fribourg-a-versailles\\\/\"},\"wordCount\":367,\"commentCount\":0,\"publisher\":{\"@id\":\"https:\\\/\\\/www.camaeleon.org\\\/de\\\/#organization\"},\"image\":{\"@id\":\"https:\\\/\\\/www.camaeleon.org\\\/2024\\\/05\\\/16\\\/la-musique-epique-comme-theme-concert-des-orchestres-du-lfa-de-sarrebruck-buc-et-fribourg-a-versailles\\\/#primaryimage\"},\"thumbnailUrl\":\"https:\\\/\\\/www.camaeleon.org\\\/wp-content\\\/uploads\\\/2024\\\/05\\\/DSC06944-scaled.jpg\",\"keywords\":[\"Konzert\",\"Orchester\",\"Schulorchester\"],\"articleSection\":[\"Kultur\",\"Schule\",\"Musik\",\"Leben\",\"Video\"],\"inLanguage\":\"de\",\"potentialAction\":[{\"@type\":\"CommentAction\",\"name\":\"Comment\",\"target\":[\"https:\\\/\\\/www.camaeleon.org\\\/2024\\\/05\\\/16\\\/la-musique-epique-comme-theme-concert-des-orchestres-du-lfa-de-sarrebruck-buc-et-fribourg-a-versailles\\\/#respond\"]}]},{\"@type\":\"WebPage\",\"@id\":\"https:\\\/\\\/www.camaeleon.org\\\/de\\\/2024\\\/05\\\/16\\\/la-musique-epique-comme-theme-concert-des-orchestres-du-lfa-de-sarrebruck-buc-et-fribourg-a-versailles\\\/\",\"url\":\"https:\\\/\\\/www.camaeleon.org\\\/de\\\/2024\\\/05\\\/16\\\/la-musique-epique-comme-theme-concert-des-orchestres-du-lfa-de-sarrebruck-buc-et-fribourg-a-versailles\\\/\",\"name\":\"Epische Musik: Konzert der DFG-Orchester aus Saarbr\u00fccken, Buc und Freiburg in Versailles - Cam\u00e4l\u00e9on\",\"isPartOf\":{\"@id\":\"https:\\\/\\\/www.camaeleon.org\\\/de\\\/#website\"},\"primaryImageOfPage\":{\"@id\":\"https:\\\/\\\/www.camaeleon.org\\\/de\\\/2024\\\/05\\\/16\\\/la-musique-epique-comme-theme-concert-des-orchestres-du-lfa-de-sarrebruck-buc-et-fribourg-a-versailles\\\/#primaryimage\"},\"image\":{\"@id\":\"https:\\\/\\\/www.camaeleon.org\\\/2024\\\/05\\\/16\\\/la-musique-epique-comme-theme-concert-des-orchestres-du-lfa-de-sarrebruck-buc-et-fribourg-a-versailles\\\/#primaryimage\"},\"thumbnailUrl\":\"https:\\\/\\\/www.camaeleon.org\\\/wp-content\\\/uploads\\\/2024\\\/05\\\/DSC06944-scaled.jpg\",\"datePublished\":\"2024-05-16T16:50:28+00:00\",\"dateModified\":\"2024-05-19T20:23:07+00:00\",\"description\":\"Am 5. Mai bekam die Acad\u00e9mie \u00c9questre de Versailles einen neuen Verwendungszweck: 120 deutsch-franz\u00f6sische Musiker spielten dort ein Konzert.\",\"breadcrumb\":{\"@id\":\"https:\\\/\\\/www.camaeleon.org\\\/de\\\/2024\\\/05\\\/16\\\/la-musique-epique-comme-theme-concert-des-orchestres-du-lfa-de-sarrebruck-buc-et-fribourg-a-versailles\\\/#breadcrumb\"},\"inLanguage\":\"de\",\"potentialAction\":[{\"@type\":\"ReadAction\",\"target\":[[\"https:\\\/\\\/www.camaeleon.org\\\/de\\\/2024\\\/05\\\/16\\\/la-musique-epique-comme-theme-concert-des-orchestres-du-lfa-de-sarrebruck-buc-et-fribourg-a-versailles\\\/\"]]}]},{\"@type\":\"ImageObject\",\"inLanguage\":\"de\",\"@id\":\"https:\\\/\\\/www.camaeleon.org\\\/de\\\/2024\\\/05\\\/16\\\/la-musique-epique-comme-theme-concert-des-orchestres-du-lfa-de-sarrebruck-buc-et-fribourg-a-versailles\\\/#primaryimage\",\"url\":\"https:\\\/\\\/www.camaeleon.org\\\/wp-content\\\/uploads\\\/2024\\\/05\\\/DSC06944-scaled.jpg\",\"contentUrl\":\"https:\\\/\\\/www.camaeleon.org\\\/wp-content\\\/uploads\\\/2024\\\/05\\\/DSC06944-scaled.jpg\",\"width\":2560,\"height\":1701},{\"@type\":\"BreadcrumbList\",\"@id\":\"https:\\\/\\\/www.camaeleon.org\\\/de\\\/2024\\\/05\\\/16\\\/la-musique-epique-comme-theme-concert-des-orchestres-du-lfa-de-sarrebruck-buc-et-fribourg-a-versailles\\\/#breadcrumb\",\"itemListElement\":[{\"@type\":\"ListItem\",\"position\":1,\"name\":\"Home\",\"item\":\"https:\\\/\\\/www.camaeleon.org\\\/de\\\/\"},{\"@type\":\"ListItem\",\"position\":2,\"name\":\"Epische Musik: Konzert der DFG-Orchester aus Saarbr\u00fccken, Buc und Freiburg in Versailles\"}]},{\"@type\":\"WebSite\",\"@id\":\"https:\\\/\\\/www.camaeleon.org\\\/de\\\/#website\",\"url\":\"https:\\\/\\\/www.camaeleon.org\\\/de\\\/\",\"name\":\"Cam\u00e4l\u00e9on\",\"description\":\"Das Sch\u00fclermagazin des Deutsch-Franz\u00f6sischen Gymnasiums Saarbr\u00fccken\",\"publisher\":{\"@id\":\"https:\\\/\\\/www.camaeleon.org\\\/de\\\/#organization\"},\"potentialAction\":[{\"@type\":\"SearchAction\",\"target\":{\"@type\":\"EntryPoint\",\"urlTemplate\":\"https:\\\/\\\/www.camaeleon.org\\\/de\\\/?s={search_term_string}\"},\"query-input\":{\"@type\":\"PropertyValueSpecification\",\"valueRequired\":true,\"valueName\":\"search_term_string\"}}],\"inLanguage\":\"de\"},{\"@type\":\"Organization\",\"@id\":\"https:\\\/\\\/www.camaeleon.org\\\/de\\\/#organization\",\"name\":\"Cam\u00e4l\u00e9on\",\"url\":\"https:\\\/\\\/www.camaeleon.org\\\/de\\\/\",\"logo\":{\"@type\":\"ImageObject\",\"inLanguage\":\"de\",\"@id\":\"https:\\\/\\\/www.camaeleon.org\\\/de\\\/#\\\/schema\\\/logo\\\/image\\\/\",\"url\":\"https:\\\/\\\/www.camaeleon.org\\\/wp-content\\\/uploads\\\/2011\\\/11\\\/CAM\u00c4LEON.jpg\",\"contentUrl\":\"https:\\\/\\\/www.camaeleon.org\\\/wp-content\\\/uploads\\\/2011\\\/11\\\/CAM\u00c4LEON.jpg\",\"width\":959,\"height\":959,\"caption\":\"Cam\u00e4l\u00e9on\"},\"image\":{\"@id\":\"https:\\\/\\\/www.camaeleon.org\\\/de\\\/#\\\/schema\\\/logo\\\/image\\\/\"},\"sameAs\":[\"https:\\\/\\\/www.facebook.com\\\/camaeleon.org\\\/\",\"https:\\\/\\\/x.com\\\/camaeleonOrg\",\"https:\\\/\\\/www.instagram.com\\\/camaeleon.dfg\\\/\",\"https:\\\/\\\/www.youtube.com\\\/channel\\\/UCl3TAUDdGuu_c7CD6ax6hYg\"]},{\"@type\":\"Person\",\"@id\":\"https:\\\/\\\/www.camaeleon.org\\\/de\\\/#\\\/schema\\\/person\\\/052ee327c421b495af4657a44187a959\",\"name\":\"Max Ernst\",\"image\":{\"@type\":\"ImageObject\",\"inLanguage\":\"de\",\"@id\":\"https:\\\/\\\/www.camaeleon.org\\\/de\\\/wp-content\\\/uploads\\\/2024\\\/01\\\/IMG-20231204-WA0001-01-150x150.jpeg3fc50e401fd745f06a8339d74db41d5e\",\"url\":\"https:\\\/\\\/www.camaeleon.org\\\/wp-content\\\/uploads\\\/2024\\\/01\\\/IMG-20231204-WA0001-01-150x150.jpeg\",\"contentUrl\":\"https:\\\/\\\/www.camaeleon.org\\\/wp-content\\\/uploads\\\/2024\\\/01\\\/IMG-20231204-WA0001-01-150x150.jpeg\",\"caption\":\"Max Ernst\"},\"description\":\"Hi! Ich bin Max Ernst, 16 Jahre alt, seit 2017 bei Cam\u00e4l\u00e9on dabei und gehe in die Klasse Tle ES. Meine Interessen sind Fotografie, Musik und alles Aktuelle. Mehr \u00fcber mich: www.maxmernst.de.\",\"sameAs\":[\"http:\\\/\\\/www.maxmernst.de\"],\"url\":\"https:\\\/\\\/www.camaeleon.org\\\/de\\\/author\\\/max-ernst\\\/\"}]}<\/script>\n<!-- \/ Yoast SEO plugin. -->","yoast_head_json":{"title":"Epische Musik: Konzert der DFG-Orchester aus Saarbr\u00fccken, Buc und Freiburg in Versailles - Cam\u00e4l\u00e9on","description":"Am 5. Mai bekam die Acad\u00e9mie \u00c9questre de Versailles einen neuen Verwendungszweck: 120 deutsch-franz\u00f6sische Musiker spielten dort ein Konzert.","robots":{"index":"index","follow":"follow","max-snippet":"max-snippet:-1","max-image-preview":"max-image-preview:large","max-video-preview":"max-video-preview:-1"},"canonical":"https:\/\/www.camaeleon.org\/de\/2024\/05\/16\/la-musique-epique-comme-theme-concert-des-orchestres-du-lfa-de-sarrebruck-buc-et-fribourg-a-versailles\/","og_locale":"de_DE","og_type":"article","og_title":"Epische Musik: Konzert der DFG-Orchester aus Saarbr\u00fccken, Buc und Freiburg in Versailles - Cam\u00e4l\u00e9on","og_description":"Am 5. Mai bekam die Acad\u00e9mie \u00c9questre de Versailles einen neuen Verwendungszweck: 120 deutsch-franz\u00f6sische Musiker spielten dort ein Konzert.","og_url":"https:\/\/www.camaeleon.org\/de\/2024\/05\/16\/la-musique-epique-comme-theme-concert-des-orchestres-du-lfa-de-sarrebruck-buc-et-fribourg-a-versailles\/","og_site_name":"Cam\u00e4l\u00e9on","article_publisher":"https:\/\/www.facebook.com\/camaeleon.org\/","article_published_time":"2024-05-16T16:50:28+00:00","article_modified_time":"2024-05-19T20:23:07+00:00","og_image":[{"width":2560,"height":1701,"url":"https:\/\/www.camaeleon.org\/wp-content\/uploads\/2024\/05\/DSC06944-scaled.jpg","type":"image\/jpeg"}],"author":"Max Ernst","twitter_card":"summary_large_image","twitter_creator":"@camaeleonOrg","twitter_site":"@camaeleonOrg","schema":{"@context":"https:\/\/schema.org","@graph":[{"@type":"Article","@id":"https:\/\/www.camaeleon.org\/2024\/05\/16\/la-musique-epique-comme-theme-concert-des-orchestres-du-lfa-de-sarrebruck-buc-et-fribourg-a-versailles\/#article","isPartOf":{"@id":"https:\/\/www.camaeleon.org\/2024\/05\/16\/la-musique-epique-comme-theme-concert-des-orchestres-du-lfa-de-sarrebruck-buc-et-fribourg-a-versailles\/"},"author":{"name":"Max Ernst","@id":"https:\/\/www.camaeleon.org\/de\/#\/schema\/person\/052ee327c421b495af4657a44187a959"},"headline":"Epische Musik: Konzert der DFG-Orchester aus Saarbr\u00fccken, Buc und Freiburg in Versailles","datePublished":"2024-05-16T16:50:28+00:00","dateModified":"2024-05-19T20:23:07+00:00","mainEntityOfPage":{"@id":"https:\/\/www.camaeleon.org\/2024\/05\/16\/la-musique-epique-comme-theme-concert-des-orchestres-du-lfa-de-sarrebruck-buc-et-fribourg-a-versailles\/"},"wordCount":367,"commentCount":0,"publisher":{"@id":"https:\/\/www.camaeleon.org\/de\/#organization"},"image":{"@id":"https:\/\/www.camaeleon.org\/2024\/05\/16\/la-musique-epique-comme-theme-concert-des-orchestres-du-lfa-de-sarrebruck-buc-et-fribourg-a-versailles\/#primaryimage"},"thumbnailUrl":"https:\/\/www.camaeleon.org\/wp-content\/uploads\/2024\/05\/DSC06944-scaled.jpg","keywords":["Konzert","Orchester","Schulorchester"],"articleSection":["Kultur","Schule","Musik","Leben","Video"],"inLanguage":"de","potentialAction":[{"@type":"CommentAction","name":"Comment","target":["https:\/\/www.camaeleon.org\/2024\/05\/16\/la-musique-epique-comme-theme-concert-des-orchestres-du-lfa-de-sarrebruck-buc-et-fribourg-a-versailles\/#respond"]}]},{"@type":"WebPage","@id":"https:\/\/www.camaeleon.org\/de\/2024\/05\/16\/la-musique-epique-comme-theme-concert-des-orchestres-du-lfa-de-sarrebruck-buc-et-fribourg-a-versailles\/","url":"https:\/\/www.camaeleon.org\/de\/2024\/05\/16\/la-musique-epique-comme-theme-concert-des-orchestres-du-lfa-de-sarrebruck-buc-et-fribourg-a-versailles\/","name":"Epische Musik: Konzert der DFG-Orchester aus Saarbr\u00fccken, Buc und Freiburg in Versailles - Cam\u00e4l\u00e9on","isPartOf":{"@id":"https:\/\/www.camaeleon.org\/de\/#website"},"primaryImageOfPage":{"@id":"https:\/\/www.camaeleon.org\/de\/2024\/05\/16\/la-musique-epique-comme-theme-concert-des-orchestres-du-lfa-de-sarrebruck-buc-et-fribourg-a-versailles\/#primaryimage"},"image":{"@id":"https:\/\/www.camaeleon.org\/2024\/05\/16\/la-musique-epique-comme-theme-concert-des-orchestres-du-lfa-de-sarrebruck-buc-et-fribourg-a-versailles\/#primaryimage"},"thumbnailUrl":"https:\/\/www.camaeleon.org\/wp-content\/uploads\/2024\/05\/DSC06944-scaled.jpg","datePublished":"2024-05-16T16:50:28+00:00","dateModified":"2024-05-19T20:23:07+00:00","description":"Am 5. Mai bekam die Acad\u00e9mie \u00c9questre de Versailles einen neuen Verwendungszweck: 120 deutsch-franz\u00f6sische Musiker spielten dort ein Konzert.","breadcrumb":{"@id":"https:\/\/www.camaeleon.org\/de\/2024\/05\/16\/la-musique-epique-comme-theme-concert-des-orchestres-du-lfa-de-sarrebruck-buc-et-fribourg-a-versailles\/#breadcrumb"},"inLanguage":"de","potentialAction":[{"@type":"ReadAction","target":[["https:\/\/www.camaeleon.org\/de\/2024\/05\/16\/la-musique-epique-comme-theme-concert-des-orchestres-du-lfa-de-sarrebruck-buc-et-fribourg-a-versailles\/"]]}]},{"@type":"ImageObject","inLanguage":"de","@id":"https:\/\/www.camaeleon.org\/de\/2024\/05\/16\/la-musique-epique-comme-theme-concert-des-orchestres-du-lfa-de-sarrebruck-buc-et-fribourg-a-versailles\/#primaryimage","url":"https:\/\/www.camaeleon.org\/wp-content\/uploads\/2024\/05\/DSC06944-scaled.jpg","contentUrl":"https:\/\/www.camaeleon.org\/wp-content\/uploads\/2024\/05\/DSC06944-scaled.jpg","width":2560,"height":1701},{"@type":"BreadcrumbList","@id":"https:\/\/www.camaeleon.org\/de\/2024\/05\/16\/la-musique-epique-comme-theme-concert-des-orchestres-du-lfa-de-sarrebruck-buc-et-fribourg-a-versailles\/#breadcrumb","itemListElement":[{"@type":"ListItem","position":1,"name":"Home","item":"https:\/\/www.camaeleon.org\/de\/"},{"@type":"ListItem","position":2,"name":"Epische Musik: Konzert der DFG-Orchester aus Saarbr\u00fccken, Buc und Freiburg in Versailles"}]},{"@type":"WebSite","@id":"https:\/\/www.camaeleon.org\/de\/#website","url":"https:\/\/www.camaeleon.org\/de\/","name":"Cam\u00e4l\u00e9on","description":"Das Sch\u00fclermagazin des Deutsch-Franz\u00f6sischen Gymnasiums Saarbr\u00fccken","publisher":{"@id":"https:\/\/www.camaeleon.org\/de\/#organization"},"potentialAction":[{"@type":"SearchAction","target":{"@type":"EntryPoint","urlTemplate":"https:\/\/www.camaeleon.org\/de\/?s={search_term_string}"},"query-input":{"@type":"PropertyValueSpecification","valueRequired":true,"valueName":"search_term_string"}}],"inLanguage":"de"},{"@type":"Organization","@id":"https:\/\/www.camaeleon.org\/de\/#organization","name":"Cam\u00e4l\u00e9on","url":"https:\/\/www.camaeleon.org\/de\/","logo":{"@type":"ImageObject","inLanguage":"de","@id":"https:\/\/www.camaeleon.org\/de\/#\/schema\/logo\/image\/","url":"https:\/\/www.camaeleon.org\/wp-content\/uploads\/2011\/11\/CAM\u00c4LEON.jpg","contentUrl":"https:\/\/www.camaeleon.org\/wp-content\/uploads\/2011\/11\/CAM\u00c4LEON.jpg","width":959,"height":959,"caption":"Cam\u00e4l\u00e9on"},"image":{"@id":"https:\/\/www.camaeleon.org\/de\/#\/schema\/logo\/image\/"},"sameAs":["https:\/\/www.facebook.com\/camaeleon.org\/","https:\/\/x.com\/camaeleonOrg","https:\/\/www.instagram.com\/camaeleon.dfg\/","https:\/\/www.youtube.com\/channel\/UCl3TAUDdGuu_c7CD6ax6hYg"]},{"@type":"Person","@id":"https:\/\/www.camaeleon.org\/de\/#\/schema\/person\/052ee327c421b495af4657a44187a959","name":"Max Ernst","image":{"@type":"ImageObject","inLanguage":"de","@id":"https:\/\/www.camaeleon.org\/de\/wp-content\/uploads\/2024\/01\/IMG-20231204-WA0001-01-150x150.jpeg3fc50e401fd745f06a8339d74db41d5e","url":"https:\/\/www.camaeleon.org\/wp-content\/uploads\/2024\/01\/IMG-20231204-WA0001-01-150x150.jpeg","contentUrl":"https:\/\/www.camaeleon.org\/wp-content\/uploads\/2024\/01\/IMG-20231204-WA0001-01-150x150.jpeg","caption":"Max Ernst"},"description":"Hi! Ich bin Max Ernst, 16 Jahre alt, seit 2017 bei Cam\u00e4l\u00e9on dabei und gehe in die Klasse Tle ES. Meine Interessen sind Fotografie, Musik und alles Aktuelle. Mehr \u00fcber mich: www.maxmernst.de.","sameAs":["http:\/\/www.maxmernst.de"],"url":"https:\/\/www.camaeleon.org\/de\/author\/max-ernst\/"}]}},"_links":{"self":[{"href":"https:\/\/www.camaeleon.org\/de\/wp-json\/wp\/v2\/posts\/31055","targetHints":{"allow":["GET"]}}],"collection":[{"href":"https:\/\/www.camaeleon.org\/de\/wp-json\/wp\/v2\/posts"}],"about":[{"href":"https:\/\/www.camaeleon.org\/de\/wp-json\/wp\/v2\/types\/post"}],"author":[{"embeddable":true,"href":"https:\/\/www.camaeleon.org\/de\/wp-json\/wp\/v2\/users\/128"}],"replies":[{"embeddable":true,"href":"https:\/\/www.camaeleon.org\/de\/wp-json\/wp\/v2\/comments?post=31055"}],"version-history":[{"count":8,"href":"https:\/\/www.camaeleon.org\/de\/wp-json\/wp\/v2\/posts\/31055\/revisions"}],"predecessor-version":[{"id":31115,"href":"https:\/\/www.camaeleon.org\/de\/wp-json\/wp\/v2\/posts\/31055\/revisions\/31115"}],"wp:featuredmedia":[{"embeddable":true,"href":"https:\/\/www.camaeleon.org\/de\/wp-json\/wp\/v2\/media\/31057"}],"wp:attachment":[{"href":"https:\/\/www.camaeleon.org\/de\/wp-json\/wp\/v2\/media?parent=31055"}],"wp:term":[{"taxonomy":"category","embeddable":true,"href":"https:\/\/www.camaeleon.org\/de\/wp-json\/wp\/v2\/categories?post=31055"},{"taxonomy":"post_tag","embeddable":true,"href":"https:\/\/www.camaeleon.org\/de\/wp-json\/wp\/v2\/tags?post=31055"},{"taxonomy":"author","embeddable":true,"href":"https:\/\/www.camaeleon.org\/de\/wp-json\/wp\/v2\/coauthors?post=31055"}],"curies":[{"name":"wp","href":"https:\/\/api.w.org\/{rel}","templated":true}]}}