{"id":31019,"date":"2024-06-28T15:05:28","date_gmt":"2024-06-28T13:05:28","guid":{"rendered":"https:\/\/www.camaeleon.org\/?p=31019"},"modified":"2024-06-28T16:47:46","modified_gmt":"2024-06-28T14:47:46","slug":"mon-sejour-au-canada-une-tres-belle-experience-a-laquelle-je-repenserai-encore-longtemps","status":"publish","type":"post","link":"https:\/\/www.camaeleon.org\/de\/2024\/06\/28\/mon-sejour-au-canada-une-tres-belle-experience-a-laquelle-je-repenserai-encore-longtemps\/","title":{"rendered":"Mon s\u00e9jour au Canada : une tr\u00e8s belle exp\u00e9rience \u00e0 laquelle je repenserai encore longtemps !"},"content":{"rendered":"<figure id=\"attachment_31326\" aria-describedby=\"caption-attachment-31326\" style=\"width: 300px\" class=\"wp-caption alignleft\"><img loading=\"lazy\" decoding=\"async\" class=\"size-medium wp-image-31326\" src=\"https:\/\/www.camaeleon.org\/wp-content\/uploads\/2024\/06\/Canada1-300x167.jpg\" alt=\"Mon s\u00e9jour au Canada\" width=\"300\" height=\"167\" srcset=\"https:\/\/www.camaeleon.org\/wp-content\/uploads\/2024\/06\/Canada1-300x167.jpg 300w, https:\/\/www.camaeleon.org\/wp-content\/uploads\/2024\/06\/Canada1.jpg 640w\" sizes=\"auto, (max-width: 300px) 100vw, 300px\" \/><figcaption id=\"caption-attachment-31326\" class=\"wp-caption-text\">Photo : Poetsch<\/figcaption><\/figure>\n<p>Peut-\u00eatre envisagez-vous un s\u00e9jour dans un pays anglophone ? J&#8217;ai saut\u00e9 le pas pour partir du 31 janvier au 10 mars 2024 dans une famille d&#8217;accueil au Canada, plus pr\u00e9cis\u00e9ment \u00e0 McDonald&#8217;s Corners, une centaine de kilom\u00e8tres au sud de la m\u00e9tropole et capitale Ottawa. Et je ne peux que vous recommander d&#8217;en faire autant !<\/p>\n<p>Au Canada, le syst\u00e8me scolaire varie d&#8217;une province \u00e0 l&#8217;autre, c&#8217;est pourquoi je ne parlerai que du syst\u00e8me scolaire de l&#8217;Ontario, car c&#8217;est l\u00e0 que j&#8217;ai moi-m\u00eame fr\u00e9quent\u00e9 une \u00e9cole. Pour d\u00e9crocher leur dipl\u00f4me, les \u00e9l\u00e8ves doivent obtenir un total de 30 points. Pour avoir un point, il faut suivre un cours d&#8217;un an, mais on obtient aussi des demi-points pour un semestre. Ces 30 points s&#8217;obtiennent gr\u00e2ce \u00e0 des mati\u00e8res obligatoires (18 points) et \u00e0 des mati\u00e8res facultatives (12 points). Au moins deux de ces cours doivent \u00eatre suivis num\u00e9riquement.<br \/>\nChaque \u00e9l\u00e8ve a des mati\u00e8res qui sont num\u00e9rot\u00e9es de 1 \u00e0 4, pour faciliter leur m\u00e9morisation. Chaque vendredi, l&#8217;emploi du temps varie, c&#8217;est-\u00e0-dire que le vendredi on a le m\u00eame emploi du temps qu&#8217;un autre jour de la semaine.<\/p>\n<figure id=\"attachment_31329\" aria-describedby=\"caption-attachment-31329\" style=\"width: 227px\" class=\"wp-caption alignright\"><img loading=\"lazy\" decoding=\"async\" class=\"size-medium wp-image-31329\" src=\"https:\/\/www.camaeleon.org\/wp-content\/uploads\/2024\/06\/Canada2-227x300.jpg\" alt=\"Mon s\u00e9jour au Canada\" width=\"227\" height=\"300\" srcset=\"https:\/\/www.camaeleon.org\/wp-content\/uploads\/2024\/06\/Canada2-227x300.jpg 227w, https:\/\/www.camaeleon.org\/wp-content\/uploads\/2024\/06\/Canada2-453x600.jpg 453w, https:\/\/www.camaeleon.org\/wp-content\/uploads\/2024\/06\/Canada2.jpg 640w\" sizes=\"auto, (max-width: 227px) 100vw, 227px\" \/><figcaption id=\"caption-attachment-31329\" class=\"wp-caption-text\">Photo : Poetsch<\/figcaption><\/figure>\n<p>Ce que je trouve \u00e9galement remarquable, ce sont les mati\u00e8res enseign\u00e9es qui, d&#8217;apr\u00e8s mon exp\u00e9rience, sont souvent plus faciles qu&#8217;en Allemagne. Cependant, le choix des mati\u00e8res facultatives est tr\u00e8s riche : des activit\u00e9s comme la menuiserie, la photographie et la pratique d&#8217;un instrument sont tout \u00e0 fait courantes. Une autre diff\u00e9rence avec les \u00e9coles allemandes, c&#8217;est l&#8217;environnement scolaire. Des affiches sur les soins personnels sont placard\u00e9es partout, les handicap\u00e9s physiques et psychiques sont int\u00e9gr\u00e9s et il existe plus d&#8217;activit\u00e9s de soutien \u00e0 la coh\u00e9sion du groupe, comme les bals scolaires.<\/p>\n<p>Ma journ\u00e9e d&#8217;\u00e9cole commen\u00e7ait toujours \u00e0 8 heures par un cours de 2h, puis j&#8217;avais les trois mati\u00e8res restantes jusqu&#8217;\u00e0 la fin de la journ\u00e9e, \u00e0 14 heures. Ce n&#8217;\u00e9tait pas tr\u00e8s pratique, car lorsque je rentrais chez moi, il \u00e9tait d\u00e9j\u00e0 tard en Allemagne. Difficile, dans ces conditions, de t\u00e9l\u00e9phoner \u00e0 ma famille ou \u00e0 mes amis !<\/p>\n<p>Le matin et l&#8217;apr\u00e8s-midi, la plupart des \u00e9l\u00e8ves prennent le bus scolaire. Cela a rarement \u00e9t\u00e9 mon cas, car il m&#8217;aurait fallu une heure et demie pour rentrer \u00e0 la maison. J&#8217;ai eu la chance que ma famille d&#8217;accueil m&#8217;y emm\u00e8ne la plupart du temps.<\/p>\n<p>Lors de mon arriv\u00e9e au Canada, j&#8217;\u00e9tais tr\u00e8s intimid\u00e9. Mais, rapidement, je me suis senti \u00e0 l&#8217;aise dans ma famille d&#8217;accueil, tr\u00e8s chaleureuse. J&#8217;avais ma propre chambre, mais souvent je me reposais dans le salon o\u00f9 se trouvait toujours au moins l&#8217;un des six enfants.<br \/>\nGr\u00e2ce \u00e0 ma famille d&#8217;accueil,\u00a0 j&#8217;ai pu participer \u00e0 un maximum d&#8217;activit\u00e9s culturelles et sportives et j&#8217;ai \u00e9galement eu la chance de vivre entour\u00e9 d&#8217;animaux, dans une ferme, avec 4 chiens, 4 chats, plusieurs chevaux, \u00e2nes, lapins, poules et environ une douzaine de vaches.<\/p>\n<figure id=\"attachment_31330\" aria-describedby=\"caption-attachment-31330\" style=\"width: 226px\" class=\"wp-caption alignleft\"><img loading=\"lazy\" decoding=\"async\" class=\"size-medium wp-image-31330\" src=\"https:\/\/www.camaeleon.org\/wp-content\/uploads\/2024\/06\/Canada3-226x300.jpg\" alt=\"Mon s\u00e9jour au Canada\" width=\"226\" height=\"300\" srcset=\"https:\/\/www.camaeleon.org\/wp-content\/uploads\/2024\/06\/Canada3-226x300.jpg 226w, https:\/\/www.camaeleon.org\/wp-content\/uploads\/2024\/06\/Canada3-451x600.jpg 451w, https:\/\/www.camaeleon.org\/wp-content\/uploads\/2024\/06\/Canada3.jpg 640w\" sizes=\"auto, (max-width: 226px) 100vw, 226px\" \/><figcaption id=\"caption-attachment-31330\" class=\"wp-caption-text\">Photo : Poetsch<\/figcaption><\/figure>\n<p>Mon impression du Canada est plut\u00f4t positive. Malgr\u00e9 des chocs culturels, j&#8217;ai appris \u00e0 appr\u00e9cier la vie \u00e0 l&#8217;am\u00e9ricaine. J&#8217;ai trouv\u00e9 les Canadiens plut\u00f4t insouciants et calmes. L&#8217;\u00e9cole a une ambiance de travail vraiment agr\u00e9able et je me suis senti moins jug\u00e9 qu&#8217;en Allemagne. Les activit\u00e9s extrascolaires sont amusantes et on peut \u00e9galement pratiquer d&#8217;autres sports comme le hockey sur glace ou m\u00eame exercer un m\u00e9tier \u00e0 temps partiel. Le Canada est un pays avec une culture riche, compos\u00e9e d&#8217;influences fran\u00e7aises et am\u00e9ricaines. N\u00e9anmoins, des aspect moins positifs se sont \u00e9galement grav\u00e9s dans ma m\u00e9moire : les espaces \u00e9tant vastes, sans voiture, il est presque impossible de se d\u00e9placer. Au bout d&#8217;un certain temps, on commence \u00e0 s&#8217;ennuyer. Les cours \u00e9tant d&#8217;un niveau moins avanc\u00e9 et la ville plus proche \u00e0 une heure, il est en effet difficile de se divertir . Les restaurants de fast-food sont omnipr\u00e9sents et dominent le centre ville, avec leur architecture d&#8217;un style brut et industriel.<\/p>\n<p>Mais ce s\u00e9jour m&#8217;a permis de vivre un grand nombre d&#8217;exp\u00e9riences nouvelles, d&#8217;intensifier mes connaissances en anglais, de me faire des amis \u00e0 l&#8217;autre bout du monde, tout en ayant un quotidien diff\u00e9rent. C&#8217;est un voyage auquel je repenserai encore souvent, tellement diff\u00e9rent de mon quotidien au LFA. A vous de vous lancer !<\/p>\n","protected":false},"excerpt":{"rendered":"<p>Peut-\u00eatre envisagez-vous un s\u00e9jour dans un pays anglophone ? J&#8217;ai saut\u00e9 le pas pour partir du 31 janvier au 10 mars 2024 dans une famille<\/p>\n","protected":false},"author":158,"featured_media":31326,"comment_status":"open","ping_status":"closed","sticky":false,"template":"","format":"standard","meta":{"colormag_page_container_layout":"default_layout","colormag_page_sidebar_layout":"default_layout","footnotes":""},"categories":[8],"tags":[2523,2522],"coauthors":[1854],"class_list":["post-31019","post","type-post","status-publish","format-standard","has-post-thumbnail","hentry","category-culture","tag-canada","tag-kanada"],"yoast_head":"<!-- This site is optimized with the Yoast SEO plugin v27.5 - https:\/\/yoast.com\/product\/yoast-seo-wordpress\/ -->\n<title>Mon s\u00e9jour au Canada : une tr\u00e8s belle exp\u00e9rience \u00e0 laquelle je repenserai encore longtemps ! - Cam\u00e4l\u00e9on<\/title>\n<meta name=\"description\" content=\"Peut-\u00eatre envisagez-vous un s\u00e9jour dans un pays anglophone ? J&#039;ai saut\u00e9 le pas pour partir dans une famille d&#039;accueil au Canada.\" \/>\n<meta name=\"robots\" content=\"index, follow, max-snippet:-1, max-image-preview:large, max-video-preview:-1\" \/>\n<link rel=\"canonical\" href=\"https:\/\/www.camaeleon.org\/de\/2024\/06\/28\/mon-sejour-au-canada-une-tres-belle-experience-a-laquelle-je-repenserai-encore-longtemps\/\" \/>\n<meta property=\"og:locale\" content=\"de_DE\" \/>\n<meta property=\"og:type\" content=\"article\" \/>\n<meta property=\"og:title\" content=\"Mon s\u00e9jour au Canada : une tr\u00e8s belle exp\u00e9rience \u00e0 laquelle je repenserai encore longtemps ! - Cam\u00e4l\u00e9on\" \/>\n<meta property=\"og:description\" content=\"Peut-\u00eatre envisagez-vous un s\u00e9jour dans un pays anglophone ? J&#039;ai saut\u00e9 le pas pour partir dans une famille d&#039;accueil au Canada.\" \/>\n<meta property=\"og:url\" content=\"https:\/\/www.camaeleon.org\/de\/2024\/06\/28\/mon-sejour-au-canada-une-tres-belle-experience-a-laquelle-je-repenserai-encore-longtemps\/\" \/>\n<meta property=\"og:site_name\" content=\"Cam\u00e4l\u00e9on\" \/>\n<meta property=\"article:publisher\" content=\"https:\/\/www.facebook.com\/camaeleon.org\/\" \/>\n<meta property=\"article:published_time\" content=\"2024-06-28T13:05:28+00:00\" \/>\n<meta property=\"article:modified_time\" content=\"2024-06-28T14:47:46+00:00\" \/>\n<meta property=\"og:image\" content=\"https:\/\/www.camaeleon.org\/wp-content\/uploads\/2024\/06\/Canada1.jpg\" \/>\n\t<meta property=\"og:image:width\" content=\"640\" \/>\n\t<meta property=\"og:image:height\" content=\"357\" \/>\n\t<meta property=\"og:image:type\" content=\"image\/jpeg\" \/>\n<meta name=\"author\" content=\"Timo Poetsch\" \/>\n<meta name=\"twitter:card\" content=\"summary_large_image\" \/>\n<meta name=\"twitter:creator\" content=\"@camaeleonOrg\" \/>\n<meta name=\"twitter:site\" content=\"@camaeleonOrg\" \/>\n<script type=\"application\/ld+json\" class=\"yoast-schema-graph\">{\"@context\":\"https:\\\/\\\/schema.org\",\"@graph\":[{\"@type\":\"Article\",\"@id\":\"https:\\\/\\\/www.camaeleon.org\\\/2024\\\/06\\\/28\\\/mon-sejour-au-canada-une-tres-belle-experience-a-laquelle-je-repenserai-encore-longtemps\\\/#article\",\"isPartOf\":{\"@id\":\"https:\\\/\\\/www.camaeleon.org\\\/2024\\\/06\\\/28\\\/mon-sejour-au-canada-une-tres-belle-experience-a-laquelle-je-repenserai-encore-longtemps\\\/\"},\"author\":{\"name\":\"Timo Poetsch\",\"@id\":\"https:\\\/\\\/www.camaeleon.org\\\/de\\\/#\\\/schema\\\/person\\\/a8330bcaad416dbc3bf7af5edd5aa8c8\"},\"headline\":\"Mon s\u00e9jour au Canada : une tr\u00e8s belle exp\u00e9rience \u00e0 laquelle je repenserai encore longtemps !\",\"datePublished\":\"2024-06-28T13:05:28+00:00\",\"dateModified\":\"2024-06-28T14:47:46+00:00\",\"mainEntityOfPage\":{\"@id\":\"https:\\\/\\\/www.camaeleon.org\\\/2024\\\/06\\\/28\\\/mon-sejour-au-canada-une-tres-belle-experience-a-laquelle-je-repenserai-encore-longtemps\\\/\"},\"wordCount\":815,\"commentCount\":0,\"publisher\":{\"@id\":\"https:\\\/\\\/www.camaeleon.org\\\/de\\\/#organization\"},\"image\":{\"@id\":\"https:\\\/\\\/www.camaeleon.org\\\/2024\\\/06\\\/28\\\/mon-sejour-au-canada-une-tres-belle-experience-a-laquelle-je-repenserai-encore-longtemps\\\/#primaryimage\"},\"thumbnailUrl\":\"https:\\\/\\\/www.camaeleon.org\\\/wp-content\\\/uploads\\\/2024\\\/06\\\/Canada1.jpg\",\"keywords\":[\"Canada\",\"Kanada\"],\"articleSection\":[\"Kultur\"],\"inLanguage\":\"de\",\"potentialAction\":[{\"@type\":\"CommentAction\",\"name\":\"Comment\",\"target\":[\"https:\\\/\\\/www.camaeleon.org\\\/2024\\\/06\\\/28\\\/mon-sejour-au-canada-une-tres-belle-experience-a-laquelle-je-repenserai-encore-longtemps\\\/#respond\"]}]},{\"@type\":\"WebPage\",\"@id\":\"https:\\\/\\\/www.camaeleon.org\\\/de\\\/2024\\\/06\\\/28\\\/mon-sejour-au-canada-une-tres-belle-experience-a-laquelle-je-repenserai-encore-longtemps\\\/\",\"url\":\"https:\\\/\\\/www.camaeleon.org\\\/de\\\/2024\\\/06\\\/28\\\/mon-sejour-au-canada-une-tres-belle-experience-a-laquelle-je-repenserai-encore-longtemps\\\/\",\"name\":\"Mon s\u00e9jour au Canada : une tr\u00e8s belle exp\u00e9rience \u00e0 laquelle je repenserai encore longtemps ! - Cam\u00e4l\u00e9on\",\"isPartOf\":{\"@id\":\"https:\\\/\\\/www.camaeleon.org\\\/de\\\/#website\"},\"primaryImageOfPage\":{\"@id\":\"https:\\\/\\\/www.camaeleon.org\\\/de\\\/2024\\\/06\\\/28\\\/mon-sejour-au-canada-une-tres-belle-experience-a-laquelle-je-repenserai-encore-longtemps\\\/#primaryimage\"},\"image\":{\"@id\":\"https:\\\/\\\/www.camaeleon.org\\\/2024\\\/06\\\/28\\\/mon-sejour-au-canada-une-tres-belle-experience-a-laquelle-je-repenserai-encore-longtemps\\\/#primaryimage\"},\"thumbnailUrl\":\"https:\\\/\\\/www.camaeleon.org\\\/wp-content\\\/uploads\\\/2024\\\/06\\\/Canada1.jpg\",\"datePublished\":\"2024-06-28T13:05:28+00:00\",\"dateModified\":\"2024-06-28T14:47:46+00:00\",\"description\":\"Peut-\u00eatre envisagez-vous un s\u00e9jour dans un pays anglophone ? J'ai saut\u00e9 le pas pour partir dans une famille d'accueil au Canada.\",\"breadcrumb\":{\"@id\":\"https:\\\/\\\/www.camaeleon.org\\\/de\\\/2024\\\/06\\\/28\\\/mon-sejour-au-canada-une-tres-belle-experience-a-laquelle-je-repenserai-encore-longtemps\\\/#breadcrumb\"},\"inLanguage\":\"de\",\"potentialAction\":[{\"@type\":\"ReadAction\",\"target\":[[\"https:\\\/\\\/www.camaeleon.org\\\/de\\\/2024\\\/06\\\/28\\\/mon-sejour-au-canada-une-tres-belle-experience-a-laquelle-je-repenserai-encore-longtemps\\\/\"]]}]},{\"@type\":\"ImageObject\",\"inLanguage\":\"de\",\"@id\":\"https:\\\/\\\/www.camaeleon.org\\\/de\\\/2024\\\/06\\\/28\\\/mon-sejour-au-canada-une-tres-belle-experience-a-laquelle-je-repenserai-encore-longtemps\\\/#primaryimage\",\"url\":\"https:\\\/\\\/www.camaeleon.org\\\/wp-content\\\/uploads\\\/2024\\\/06\\\/Canada1.jpg\",\"contentUrl\":\"https:\\\/\\\/www.camaeleon.org\\\/wp-content\\\/uploads\\\/2024\\\/06\\\/Canada1.jpg\",\"width\":640,\"height\":357,\"caption\":\"Photo : Poetsch\"},{\"@type\":\"BreadcrumbList\",\"@id\":\"https:\\\/\\\/www.camaeleon.org\\\/de\\\/2024\\\/06\\\/28\\\/mon-sejour-au-canada-une-tres-belle-experience-a-laquelle-je-repenserai-encore-longtemps\\\/#breadcrumb\",\"itemListElement\":[{\"@type\":\"ListItem\",\"position\":1,\"name\":\"Home\",\"item\":\"https:\\\/\\\/www.camaeleon.org\\\/de\\\/\"},{\"@type\":\"ListItem\",\"position\":2,\"name\":\"Mon s\u00e9jour au Canada : une tr\u00e8s belle exp\u00e9rience \u00e0 laquelle je repenserai encore longtemps !\"}]},{\"@type\":\"WebSite\",\"@id\":\"https:\\\/\\\/www.camaeleon.org\\\/de\\\/#website\",\"url\":\"https:\\\/\\\/www.camaeleon.org\\\/de\\\/\",\"name\":\"Cam\u00e4l\u00e9on\",\"description\":\"Das Sch\u00fclermagazin des Deutsch-Franz\u00f6sischen Gymnasiums Saarbr\u00fccken\",\"publisher\":{\"@id\":\"https:\\\/\\\/www.camaeleon.org\\\/de\\\/#organization\"},\"potentialAction\":[{\"@type\":\"SearchAction\",\"target\":{\"@type\":\"EntryPoint\",\"urlTemplate\":\"https:\\\/\\\/www.camaeleon.org\\\/de\\\/?s={search_term_string}\"},\"query-input\":{\"@type\":\"PropertyValueSpecification\",\"valueRequired\":true,\"valueName\":\"search_term_string\"}}],\"inLanguage\":\"de\"},{\"@type\":\"Organization\",\"@id\":\"https:\\\/\\\/www.camaeleon.org\\\/de\\\/#organization\",\"name\":\"Cam\u00e4l\u00e9on\",\"url\":\"https:\\\/\\\/www.camaeleon.org\\\/de\\\/\",\"logo\":{\"@type\":\"ImageObject\",\"inLanguage\":\"de\",\"@id\":\"https:\\\/\\\/www.camaeleon.org\\\/de\\\/#\\\/schema\\\/logo\\\/image\\\/\",\"url\":\"https:\\\/\\\/www.camaeleon.org\\\/wp-content\\\/uploads\\\/2011\\\/11\\\/CAM\u00c4LEON.jpg\",\"contentUrl\":\"https:\\\/\\\/www.camaeleon.org\\\/wp-content\\\/uploads\\\/2011\\\/11\\\/CAM\u00c4LEON.jpg\",\"width\":959,\"height\":959,\"caption\":\"Cam\u00e4l\u00e9on\"},\"image\":{\"@id\":\"https:\\\/\\\/www.camaeleon.org\\\/de\\\/#\\\/schema\\\/logo\\\/image\\\/\"},\"sameAs\":[\"https:\\\/\\\/www.facebook.com\\\/camaeleon.org\\\/\",\"https:\\\/\\\/x.com\\\/camaeleonOrg\",\"https:\\\/\\\/www.instagram.com\\\/camaeleon.dfg\\\/\",\"https:\\\/\\\/www.youtube.com\\\/channel\\\/UCl3TAUDdGuu_c7CD6ax6hYg\"]},{\"@type\":\"Person\",\"@id\":\"https:\\\/\\\/www.camaeleon.org\\\/de\\\/#\\\/schema\\\/person\\\/a8330bcaad416dbc3bf7af5edd5aa8c8\",\"name\":\"Timo Poetsch\",\"image\":{\"@type\":\"ImageObject\",\"inLanguage\":\"de\",\"@id\":\"https:\\\/\\\/www.camaeleon.org\\\/de\\\/wp-content\\\/uploads\\\/2022\\\/04\\\/timo-150x150.jpg78b95433316d6ff0a042cfbd3f994008\",\"url\":\"https:\\\/\\\/www.camaeleon.org\\\/wp-content\\\/uploads\\\/2022\\\/04\\\/timo-150x150.jpg\",\"contentUrl\":\"https:\\\/\\\/www.camaeleon.org\\\/wp-content\\\/uploads\\\/2022\\\/04\\\/timo-150x150.jpg\",\"caption\":\"Timo Poetsch\"},\"description\":\"Hallo, ich bin Timo Poetsch aus der 9S1. Ich bin dreizehn Jahre alt und interessiere mich f\u00fcr Informatik und auch f\u00fcr alle m\u00f6glichen wichtigen Themen aus dem Alltag, zum Beispiel Umweltschutz. Ich nehme an Cam\u00e4l\u00e9on teil, weil ich Journalismus mag. Meine Hobbys sind Badminton und Klavier spielen.\",\"url\":\"https:\\\/\\\/www.camaeleon.org\\\/de\\\/author\\\/timo-poetsch\\\/\"}]}<\/script>\n<!-- \/ Yoast SEO plugin. -->","yoast_head_json":{"title":"Mon s\u00e9jour au Canada : une tr\u00e8s belle exp\u00e9rience \u00e0 laquelle je repenserai encore longtemps ! - Cam\u00e4l\u00e9on","description":"Peut-\u00eatre envisagez-vous un s\u00e9jour dans un pays anglophone ? J'ai saut\u00e9 le pas pour partir dans une famille d'accueil au Canada.","robots":{"index":"index","follow":"follow","max-snippet":"max-snippet:-1","max-image-preview":"max-image-preview:large","max-video-preview":"max-video-preview:-1"},"canonical":"https:\/\/www.camaeleon.org\/de\/2024\/06\/28\/mon-sejour-au-canada-une-tres-belle-experience-a-laquelle-je-repenserai-encore-longtemps\/","og_locale":"de_DE","og_type":"article","og_title":"Mon s\u00e9jour au Canada : une tr\u00e8s belle exp\u00e9rience \u00e0 laquelle je repenserai encore longtemps ! - Cam\u00e4l\u00e9on","og_description":"Peut-\u00eatre envisagez-vous un s\u00e9jour dans un pays anglophone ? J'ai saut\u00e9 le pas pour partir dans une famille d'accueil au Canada.","og_url":"https:\/\/www.camaeleon.org\/de\/2024\/06\/28\/mon-sejour-au-canada-une-tres-belle-experience-a-laquelle-je-repenserai-encore-longtemps\/","og_site_name":"Cam\u00e4l\u00e9on","article_publisher":"https:\/\/www.facebook.com\/camaeleon.org\/","article_published_time":"2024-06-28T13:05:28+00:00","article_modified_time":"2024-06-28T14:47:46+00:00","og_image":[{"width":640,"height":357,"url":"https:\/\/www.camaeleon.org\/wp-content\/uploads\/2024\/06\/Canada1.jpg","type":"image\/jpeg"}],"author":"Timo Poetsch","twitter_card":"summary_large_image","twitter_creator":"@camaeleonOrg","twitter_site":"@camaeleonOrg","schema":{"@context":"https:\/\/schema.org","@graph":[{"@type":"Article","@id":"https:\/\/www.camaeleon.org\/2024\/06\/28\/mon-sejour-au-canada-une-tres-belle-experience-a-laquelle-je-repenserai-encore-longtemps\/#article","isPartOf":{"@id":"https:\/\/www.camaeleon.org\/2024\/06\/28\/mon-sejour-au-canada-une-tres-belle-experience-a-laquelle-je-repenserai-encore-longtemps\/"},"author":{"name":"Timo Poetsch","@id":"https:\/\/www.camaeleon.org\/de\/#\/schema\/person\/a8330bcaad416dbc3bf7af5edd5aa8c8"},"headline":"Mon s\u00e9jour au Canada : une tr\u00e8s belle exp\u00e9rience \u00e0 laquelle je repenserai encore longtemps !","datePublished":"2024-06-28T13:05:28+00:00","dateModified":"2024-06-28T14:47:46+00:00","mainEntityOfPage":{"@id":"https:\/\/www.camaeleon.org\/2024\/06\/28\/mon-sejour-au-canada-une-tres-belle-experience-a-laquelle-je-repenserai-encore-longtemps\/"},"wordCount":815,"commentCount":0,"publisher":{"@id":"https:\/\/www.camaeleon.org\/de\/#organization"},"image":{"@id":"https:\/\/www.camaeleon.org\/2024\/06\/28\/mon-sejour-au-canada-une-tres-belle-experience-a-laquelle-je-repenserai-encore-longtemps\/#primaryimage"},"thumbnailUrl":"https:\/\/www.camaeleon.org\/wp-content\/uploads\/2024\/06\/Canada1.jpg","keywords":["Canada","Kanada"],"articleSection":["Kultur"],"inLanguage":"de","potentialAction":[{"@type":"CommentAction","name":"Comment","target":["https:\/\/www.camaeleon.org\/2024\/06\/28\/mon-sejour-au-canada-une-tres-belle-experience-a-laquelle-je-repenserai-encore-longtemps\/#respond"]}]},{"@type":"WebPage","@id":"https:\/\/www.camaeleon.org\/de\/2024\/06\/28\/mon-sejour-au-canada-une-tres-belle-experience-a-laquelle-je-repenserai-encore-longtemps\/","url":"https:\/\/www.camaeleon.org\/de\/2024\/06\/28\/mon-sejour-au-canada-une-tres-belle-experience-a-laquelle-je-repenserai-encore-longtemps\/","name":"Mon s\u00e9jour au Canada : une tr\u00e8s belle exp\u00e9rience \u00e0 laquelle je repenserai encore longtemps ! - Cam\u00e4l\u00e9on","isPartOf":{"@id":"https:\/\/www.camaeleon.org\/de\/#website"},"primaryImageOfPage":{"@id":"https:\/\/www.camaeleon.org\/de\/2024\/06\/28\/mon-sejour-au-canada-une-tres-belle-experience-a-laquelle-je-repenserai-encore-longtemps\/#primaryimage"},"image":{"@id":"https:\/\/www.camaeleon.org\/2024\/06\/28\/mon-sejour-au-canada-une-tres-belle-experience-a-laquelle-je-repenserai-encore-longtemps\/#primaryimage"},"thumbnailUrl":"https:\/\/www.camaeleon.org\/wp-content\/uploads\/2024\/06\/Canada1.jpg","datePublished":"2024-06-28T13:05:28+00:00","dateModified":"2024-06-28T14:47:46+00:00","description":"Peut-\u00eatre envisagez-vous un s\u00e9jour dans un pays anglophone ? J'ai saut\u00e9 le pas pour partir dans une famille d'accueil au Canada.","breadcrumb":{"@id":"https:\/\/www.camaeleon.org\/de\/2024\/06\/28\/mon-sejour-au-canada-une-tres-belle-experience-a-laquelle-je-repenserai-encore-longtemps\/#breadcrumb"},"inLanguage":"de","potentialAction":[{"@type":"ReadAction","target":[["https:\/\/www.camaeleon.org\/de\/2024\/06\/28\/mon-sejour-au-canada-une-tres-belle-experience-a-laquelle-je-repenserai-encore-longtemps\/"]]}]},{"@type":"ImageObject","inLanguage":"de","@id":"https:\/\/www.camaeleon.org\/de\/2024\/06\/28\/mon-sejour-au-canada-une-tres-belle-experience-a-laquelle-je-repenserai-encore-longtemps\/#primaryimage","url":"https:\/\/www.camaeleon.org\/wp-content\/uploads\/2024\/06\/Canada1.jpg","contentUrl":"https:\/\/www.camaeleon.org\/wp-content\/uploads\/2024\/06\/Canada1.jpg","width":640,"height":357,"caption":"Photo : Poetsch"},{"@type":"BreadcrumbList","@id":"https:\/\/www.camaeleon.org\/de\/2024\/06\/28\/mon-sejour-au-canada-une-tres-belle-experience-a-laquelle-je-repenserai-encore-longtemps\/#breadcrumb","itemListElement":[{"@type":"ListItem","position":1,"name":"Home","item":"https:\/\/www.camaeleon.org\/de\/"},{"@type":"ListItem","position":2,"name":"Mon s\u00e9jour au Canada : une tr\u00e8s belle exp\u00e9rience \u00e0 laquelle je repenserai encore longtemps !"}]},{"@type":"WebSite","@id":"https:\/\/www.camaeleon.org\/de\/#website","url":"https:\/\/www.camaeleon.org\/de\/","name":"Cam\u00e4l\u00e9on","description":"Das Sch\u00fclermagazin des Deutsch-Franz\u00f6sischen Gymnasiums Saarbr\u00fccken","publisher":{"@id":"https:\/\/www.camaeleon.org\/de\/#organization"},"potentialAction":[{"@type":"SearchAction","target":{"@type":"EntryPoint","urlTemplate":"https:\/\/www.camaeleon.org\/de\/?s={search_term_string}"},"query-input":{"@type":"PropertyValueSpecification","valueRequired":true,"valueName":"search_term_string"}}],"inLanguage":"de"},{"@type":"Organization","@id":"https:\/\/www.camaeleon.org\/de\/#organization","name":"Cam\u00e4l\u00e9on","url":"https:\/\/www.camaeleon.org\/de\/","logo":{"@type":"ImageObject","inLanguage":"de","@id":"https:\/\/www.camaeleon.org\/de\/#\/schema\/logo\/image\/","url":"https:\/\/www.camaeleon.org\/wp-content\/uploads\/2011\/11\/CAM\u00c4LEON.jpg","contentUrl":"https:\/\/www.camaeleon.org\/wp-content\/uploads\/2011\/11\/CAM\u00c4LEON.jpg","width":959,"height":959,"caption":"Cam\u00e4l\u00e9on"},"image":{"@id":"https:\/\/www.camaeleon.org\/de\/#\/schema\/logo\/image\/"},"sameAs":["https:\/\/www.facebook.com\/camaeleon.org\/","https:\/\/x.com\/camaeleonOrg","https:\/\/www.instagram.com\/camaeleon.dfg\/","https:\/\/www.youtube.com\/channel\/UCl3TAUDdGuu_c7CD6ax6hYg"]},{"@type":"Person","@id":"https:\/\/www.camaeleon.org\/de\/#\/schema\/person\/a8330bcaad416dbc3bf7af5edd5aa8c8","name":"Timo Poetsch","image":{"@type":"ImageObject","inLanguage":"de","@id":"https:\/\/www.camaeleon.org\/de\/wp-content\/uploads\/2022\/04\/timo-150x150.jpg78b95433316d6ff0a042cfbd3f994008","url":"https:\/\/www.camaeleon.org\/wp-content\/uploads\/2022\/04\/timo-150x150.jpg","contentUrl":"https:\/\/www.camaeleon.org\/wp-content\/uploads\/2022\/04\/timo-150x150.jpg","caption":"Timo Poetsch"},"description":"Hallo, ich bin Timo Poetsch aus der 9S1. Ich bin dreizehn Jahre alt und interessiere mich f\u00fcr Informatik und auch f\u00fcr alle m\u00f6glichen wichtigen Themen aus dem Alltag, zum Beispiel Umweltschutz. Ich nehme an Cam\u00e4l\u00e9on teil, weil ich Journalismus mag. Meine Hobbys sind Badminton und Klavier spielen.","url":"https:\/\/www.camaeleon.org\/de\/author\/timo-poetsch\/"}]}},"_links":{"self":[{"href":"https:\/\/www.camaeleon.org\/de\/wp-json\/wp\/v2\/posts\/31019","targetHints":{"allow":["GET"]}}],"collection":[{"href":"https:\/\/www.camaeleon.org\/de\/wp-json\/wp\/v2\/posts"}],"about":[{"href":"https:\/\/www.camaeleon.org\/de\/wp-json\/wp\/v2\/types\/post"}],"author":[{"embeddable":true,"href":"https:\/\/www.camaeleon.org\/de\/wp-json\/wp\/v2\/users\/158"}],"replies":[{"embeddable":true,"href":"https:\/\/www.camaeleon.org\/de\/wp-json\/wp\/v2\/comments?post=31019"}],"version-history":[{"count":1,"href":"https:\/\/www.camaeleon.org\/de\/wp-json\/wp\/v2\/posts\/31019\/revisions"}],"predecessor-version":[{"id":31333,"href":"https:\/\/www.camaeleon.org\/de\/wp-json\/wp\/v2\/posts\/31019\/revisions\/31333"}],"wp:featuredmedia":[{"embeddable":true,"href":"https:\/\/www.camaeleon.org\/de\/wp-json\/wp\/v2\/media\/31326"}],"wp:attachment":[{"href":"https:\/\/www.camaeleon.org\/de\/wp-json\/wp\/v2\/media?parent=31019"}],"wp:term":[{"taxonomy":"category","embeddable":true,"href":"https:\/\/www.camaeleon.org\/de\/wp-json\/wp\/v2\/categories?post=31019"},{"taxonomy":"post_tag","embeddable":true,"href":"https:\/\/www.camaeleon.org\/de\/wp-json\/wp\/v2\/tags?post=31019"},{"taxonomy":"author","embeddable":true,"href":"https:\/\/www.camaeleon.org\/de\/wp-json\/wp\/v2\/coauthors?post=31019"}],"curies":[{"name":"wp","href":"https:\/\/api.w.org\/{rel}","templated":true}]}}