{"id":30673,"date":"2024-03-15T20:00:19","date_gmt":"2024-03-15T19:00:19","guid":{"rendered":"https:\/\/www.camaeleon.org\/?p=30673"},"modified":"2024-03-21T12:20:04","modified_gmt":"2024-03-21T11:20:04","slug":"das-wort-der-woche-tschuess-terminale","status":"publish","type":"post","link":"https:\/\/www.camaeleon.org\/de\/2024\/03\/15\/das-wort-der-woche-tschuess-terminale\/","title":{"rendered":"Das Wort der Woche: #Tsch\u00fcss-Terminale"},"content":{"rendered":"<p><figure id=\"attachment_30725\" aria-describedby=\"caption-attachment-30725\" style=\"width: 300px\" class=\"wp-caption alignleft\"><a href=\"https:\/\/www.camaeleon.org\/wp-content\/uploads\/2024\/03\/IMG-20240315-WA0014.jpg\"><img loading=\"lazy\" decoding=\"async\" class=\"wp-image-30725 size-medium\" src=\"https:\/\/www.camaeleon.org\/wp-content\/uploads\/2024\/03\/IMG-20240315-WA0014-300x169.jpg\" alt=\"Mottowoche 2024\" width=\"300\" height=\"169\" srcset=\"https:\/\/www.camaeleon.org\/wp-content\/uploads\/2024\/03\/IMG-20240315-WA0014-300x169.jpg 300w, https:\/\/www.camaeleon.org\/wp-content\/uploads\/2024\/03\/IMG-20240315-WA0014-880x495.jpg 880w, https:\/\/www.camaeleon.org\/wp-content\/uploads\/2024\/03\/IMG-20240315-WA0014-1536x864.jpg 1536w, https:\/\/www.camaeleon.org\/wp-content\/uploads\/2024\/03\/IMG-20240315-WA0014.jpg 2000w\" sizes=\"auto, (max-width: 300px) 100vw, 300px\" \/><\/a><figcaption id=\"caption-attachment-30725\" class=\"wp-caption-text\">Foto: Ernst \/ Cam\u00e4l\u00e9on<\/figcaption><\/figure><\/p>\n<p>Vom 11.03. bis 14.03.2024 fand die Mottowoche statt. Weil es die letzte Schulwoche f\u00fcr die Sch\u00fclerinnen und Sch\u00fcler der Klassenstufe Terminale war, zogen sie Kost\u00fcme an und machten laute Musik in jedem Flur, kamen manchmal in die Klassen hinein und tanzten dort. In den gro\u00dfen Pausen gab es viele j\u00fcngere Sch\u00fcler, die mit den Terminales feierten. Hoffentlich waren nicht zu viele zu sp\u00e4t zum Unterricht.<\/p>\n<p>Man nennt diese Woche Mottowoche aus einem Grund: Jeden Tag gibt es ein Motto. Das erste Motto war Pyjamas. Deswegen zogen die Terminales Schlafanz\u00fcge an und gingen damit zur Schule. Am Dienstag war das Motto &#8222;Zur\u00fcck in der Zeit&#8220;. So gab es beispielsweise Sch\u00fcler, die sich als ber\u00fchmte Menschen verkleideten, etwa als Albert Einstein. Das dritte Motto war &#8222;Gruppenverkleidung&#8220;. Dabei teilte sich der Abijahrgang in Gruppen auf, die jeweils zu einem Thema passten. Das letzte Thema war &#8222;Kindheitshelden&#8220;, f\u00fcr das die Zw\u00f6lftkl\u00e4ssler*innen zu Serien-, Film- oder Comicfiguren wurden.<\/p>\n<div id='gallery-2' class='gallery galleryid-30673 gallery-columns-3 gallery-size-large'><figure class='gallery-item'>\n\t\t\t<div class='gallery-icon landscape'>\n\t\t\t\t<a href='https:\/\/www.camaeleon.org\/wp-content\/uploads\/2024\/03\/IMG-20240315-WA0012.jpg'><img loading=\"lazy\" decoding=\"async\" width=\"800\" height=\"450\" src=\"https:\/\/www.camaeleon.org\/wp-content\/uploads\/2024\/03\/IMG-20240315-WA0012-880x495.jpg\" class=\"attachment-large size-large\" alt=\"Mottowoche 2024\" srcset=\"https:\/\/www.camaeleon.org\/wp-content\/uploads\/2024\/03\/IMG-20240315-WA0012-880x495.jpg 880w, https:\/\/www.camaeleon.org\/wp-content\/uploads\/2024\/03\/IMG-20240315-WA0012-300x169.jpg 300w, https:\/\/www.camaeleon.org\/wp-content\/uploads\/2024\/03\/IMG-20240315-WA0012-1536x864.jpg 1536w, https:\/\/www.camaeleon.org\/wp-content\/uploads\/2024\/03\/IMG-20240315-WA0012.jpg 2000w\" sizes=\"auto, (max-width: 800px) 100vw, 800px\" \/><\/a>\n\t\t\t<\/div><\/figure><figure class='gallery-item'>\n\t\t\t<div class='gallery-icon landscape'>\n\t\t\t\t<a href='https:\/\/www.camaeleon.org\/wp-content\/uploads\/2024\/03\/IMG-20240315-WA0009.jpg'><img loading=\"lazy\" decoding=\"async\" width=\"800\" height=\"450\" src=\"https:\/\/www.camaeleon.org\/wp-content\/uploads\/2024\/03\/IMG-20240315-WA0009-880x495.jpg\" class=\"attachment-large size-large\" alt=\"Mottowoche 2024\" srcset=\"https:\/\/www.camaeleon.org\/wp-content\/uploads\/2024\/03\/IMG-20240315-WA0009-880x495.jpg 880w, https:\/\/www.camaeleon.org\/wp-content\/uploads\/2024\/03\/IMG-20240315-WA0009-300x169.jpg 300w, https:\/\/www.camaeleon.org\/wp-content\/uploads\/2024\/03\/IMG-20240315-WA0009-1536x864.jpg 1536w, https:\/\/www.camaeleon.org\/wp-content\/uploads\/2024\/03\/IMG-20240315-WA0009.jpg 2000w\" sizes=\"auto, (max-width: 800px) 100vw, 800px\" \/><\/a>\n\t\t\t<\/div><\/figure><figure class='gallery-item'>\n\t\t\t<div class='gallery-icon landscape'>\n\t\t\t\t<a href='https:\/\/www.camaeleon.org\/wp-content\/uploads\/2024\/03\/IMG-20240315-WA0011.jpg'><img loading=\"lazy\" decoding=\"async\" width=\"800\" height=\"450\" src=\"https:\/\/www.camaeleon.org\/wp-content\/uploads\/2024\/03\/IMG-20240315-WA0011-880x495.jpg\" class=\"attachment-large size-large\" alt=\"Mottowoche 2024\" srcset=\"https:\/\/www.camaeleon.org\/wp-content\/uploads\/2024\/03\/IMG-20240315-WA0011-880x495.jpg 880w, https:\/\/www.camaeleon.org\/wp-content\/uploads\/2024\/03\/IMG-20240315-WA0011-300x169.jpg 300w, https:\/\/www.camaeleon.org\/wp-content\/uploads\/2024\/03\/IMG-20240315-WA0011-1536x864.jpg 1536w, https:\/\/www.camaeleon.org\/wp-content\/uploads\/2024\/03\/IMG-20240315-WA0011.jpg 2000w\" sizes=\"auto, (max-width: 800px) 100vw, 800px\" \/><\/a>\n\t\t\t<\/div><\/figure><figure class='gallery-item'>\n\t\t\t<div class='gallery-icon landscape'>\n\t\t\t\t<a href='https:\/\/www.camaeleon.org\/wp-content\/uploads\/2024\/03\/IMG-20240315-WA0013.jpg'><img loading=\"lazy\" decoding=\"async\" width=\"800\" height=\"450\" src=\"https:\/\/www.camaeleon.org\/wp-content\/uploads\/2024\/03\/IMG-20240315-WA0013-880x495.jpg\" class=\"attachment-large size-large\" alt=\"Mottowoche 2024\" srcset=\"https:\/\/www.camaeleon.org\/wp-content\/uploads\/2024\/03\/IMG-20240315-WA0013-880x495.jpg 880w, https:\/\/www.camaeleon.org\/wp-content\/uploads\/2024\/03\/IMG-20240315-WA0013-300x169.jpg 300w, https:\/\/www.camaeleon.org\/wp-content\/uploads\/2024\/03\/IMG-20240315-WA0013-1536x864.jpg 1536w, https:\/\/www.camaeleon.org\/wp-content\/uploads\/2024\/03\/IMG-20240315-WA0013.jpg 2000w\" sizes=\"auto, (max-width: 800px) 100vw, 800px\" \/><\/a>\n\t\t\t<\/div><\/figure><figure class='gallery-item'>\n\t\t\t<div class='gallery-icon landscape'>\n\t\t\t\t<a href='https:\/\/www.camaeleon.org\/wp-content\/uploads\/2024\/03\/IMG-20240315-WA0014.jpg'><img loading=\"lazy\" decoding=\"async\" width=\"800\" height=\"450\" src=\"https:\/\/www.camaeleon.org\/wp-content\/uploads\/2024\/03\/IMG-20240315-WA0014-880x495.jpg\" class=\"attachment-large size-large\" alt=\"Mottowoche 2024\" srcset=\"https:\/\/www.camaeleon.org\/wp-content\/uploads\/2024\/03\/IMG-20240315-WA0014-880x495.jpg 880w, https:\/\/www.camaeleon.org\/wp-content\/uploads\/2024\/03\/IMG-20240315-WA0014-300x169.jpg 300w, https:\/\/www.camaeleon.org\/wp-content\/uploads\/2024\/03\/IMG-20240315-WA0014-1536x864.jpg 1536w, https:\/\/www.camaeleon.org\/wp-content\/uploads\/2024\/03\/IMG-20240315-WA0014.jpg 2000w\" sizes=\"auto, (max-width: 800px) 100vw, 800px\" \/><\/a>\n\t\t\t<\/div><\/figure><figure class='gallery-item'>\n\t\t\t<div class='gallery-icon landscape'>\n\t\t\t\t<a href='https:\/\/www.camaeleon.org\/wp-content\/uploads\/2024\/03\/IMG-20240315-WA0010.jpg'><img loading=\"lazy\" decoding=\"async\" width=\"800\" height=\"450\" src=\"https:\/\/www.camaeleon.org\/wp-content\/uploads\/2024\/03\/IMG-20240315-WA0010-880x495.jpg\" class=\"attachment-large size-large\" alt=\"Mottowoche 2024\" srcset=\"https:\/\/www.camaeleon.org\/wp-content\/uploads\/2024\/03\/IMG-20240315-WA0010-880x495.jpg 880w, https:\/\/www.camaeleon.org\/wp-content\/uploads\/2024\/03\/IMG-20240315-WA0010-300x169.jpg 300w, https:\/\/www.camaeleon.org\/wp-content\/uploads\/2024\/03\/IMG-20240315-WA0010-1536x864.jpg 1536w, https:\/\/www.camaeleon.org\/wp-content\/uploads\/2024\/03\/IMG-20240315-WA0010.jpg 2000w\" sizes=\"auto, (max-width: 800px) 100vw, 800px\" \/><\/a>\n\t\t\t<\/div><\/figure>\n\t\t<\/div>\n\n<p style=\"text-align: center;\">Fotos: Ernst \/ Cam\u00e4l\u00e9on<\/p>\n<p>Am letzten Tag in der zweiten gro\u00dfen Pause gab es auch eine gro\u00dfe Party auf Schulhof, bei der Macarena getanzt wurde. Au\u00dferdem benutzten die Terminale-Sch\u00fcler die Lautsprecher in der Schule, um laute Musik zu spielen. Die Musik war so laut, dass die Lehrer\/innen nicht unterrichten konnten!<\/p>\n<p>Ab heute fangen die Terminale an, f\u00fcr das Abitur zu lernen. Ich werde sie vermissen. Geht es euch auch so? Oder vermisst ihr nur die Mottowoche?<\/p>","protected":false},"excerpt":{"rendered":"<p>Vom 11.03. bis 14.03.2024 fand die Mottowoche statt. Weil es die letzte Schulwoche f\u00fcr die Sch\u00fclerinnen und Sch\u00fcler der Klassenstufe Terminale war, zogen sie Kost\u00fcme<\/p>\n","protected":false},"author":165,"featured_media":30725,"comment_status":"open","ping_status":"closed","sticky":false,"template":"","format":"standard","meta":{"colormag_page_container_layout":"default_layout","colormag_page_sidebar_layout":"default_layout","footnotes":""},"categories":[3,864],"tags":[507,1005],"coauthors":[2062],"class_list":["post-30673","post","type-post","status-publish","format-standard","has-post-thumbnail","hentry","category-ecole","category-le-mot-de-la-semaine","tag-mottowoche","tag-themenwoche"],"yoast_head":"<!-- This site is optimized with the Yoast SEO plugin v27.5 - https:\/\/yoast.com\/product\/yoast-seo-wordpress\/ -->\n<title>Das Wort der Woche: #Tsch\u00fcss-Terminale - Cam\u00e4l\u00e9on<\/title>\n<meta name=\"description\" content=\"Vom 11.03. bis 14.03.2024 fand die Mottowoche statt. Die Terminale-Sch\u00fcler*innen zogen Kost\u00fcme an und machten laute Musik im Flur, kamen manchmal in die Klassen hinein und tanzten dort.\" \/>\n<meta name=\"robots\" content=\"index, follow, max-snippet:-1, max-image-preview:large, max-video-preview:-1\" \/>\n<link rel=\"canonical\" href=\"https:\/\/www.camaeleon.org\/de\/2024\/03\/15\/das-wort-der-woche-tschuess-terminale\/\" \/>\n<meta property=\"og:locale\" content=\"de_DE\" \/>\n<meta property=\"og:type\" content=\"article\" \/>\n<meta property=\"og:title\" content=\"Das Wort der Woche: #Tsch\u00fcss-Terminale - Cam\u00e4l\u00e9on\" \/>\n<meta property=\"og:description\" content=\"Vom 11.03. bis 14.03.2024 fand die Mottowoche statt. Die Terminale-Sch\u00fcler*innen zogen Kost\u00fcme an und machten laute Musik im Flur, kamen manchmal in die Klassen hinein und tanzten dort.\" \/>\n<meta property=\"og:url\" content=\"https:\/\/www.camaeleon.org\/de\/2024\/03\/15\/das-wort-der-woche-tschuess-terminale\/\" \/>\n<meta property=\"og:site_name\" content=\"Cam\u00e4l\u00e9on\" \/>\n<meta property=\"article:publisher\" content=\"https:\/\/www.facebook.com\/camaeleon.org\/\" \/>\n<meta property=\"article:published_time\" content=\"2024-03-15T19:00:19+00:00\" \/>\n<meta property=\"article:modified_time\" content=\"2024-03-21T11:20:04+00:00\" \/>\n<meta property=\"og:image\" content=\"https:\/\/www.camaeleon.org\/wp-content\/uploads\/2024\/03\/IMG-20240315-WA0014.jpg\" \/>\n\t<meta property=\"og:image:width\" content=\"2000\" \/>\n\t<meta property=\"og:image:height\" content=\"1125\" \/>\n\t<meta property=\"og:image:type\" content=\"image\/jpeg\" \/>\n<meta name=\"author\" content=\"Arto Tchalikian\" \/>\n<meta name=\"twitter:card\" content=\"summary_large_image\" \/>\n<meta name=\"twitter:creator\" content=\"@camaeleonOrg\" \/>\n<meta name=\"twitter:site\" content=\"@camaeleonOrg\" \/>\n<script type=\"application\/ld+json\" class=\"yoast-schema-graph\">{\"@context\":\"https:\\\/\\\/schema.org\",\"@graph\":[{\"@type\":\"Article\",\"@id\":\"https:\\\/\\\/www.camaeleon.org\\\/2024\\\/03\\\/15\\\/das-wort-der-woche-tschuess-terminale\\\/#article\",\"isPartOf\":{\"@id\":\"https:\\\/\\\/www.camaeleon.org\\\/2024\\\/03\\\/15\\\/das-wort-der-woche-tschuess-terminale\\\/\"},\"author\":{\"name\":\"Arto Tchalikian\",\"@id\":\"https:\\\/\\\/www.camaeleon.org\\\/de\\\/#\\\/schema\\\/person\\\/1d2b9fbf10a765a4c66baaacb0cf6aea\"},\"headline\":\"Das Wort der Woche: #Tsch\u00fcss-Terminale\",\"datePublished\":\"2024-03-15T19:00:19+00:00\",\"dateModified\":\"2024-03-21T11:20:04+00:00\",\"mainEntityOfPage\":{\"@id\":\"https:\\\/\\\/www.camaeleon.org\\\/2024\\\/03\\\/15\\\/das-wort-der-woche-tschuess-terminale\\\/\"},\"wordCount\":851,\"commentCount\":0,\"publisher\":{\"@id\":\"https:\\\/\\\/www.camaeleon.org\\\/de\\\/#organization\"},\"image\":{\"@id\":\"https:\\\/\\\/www.camaeleon.org\\\/2024\\\/03\\\/15\\\/das-wort-der-woche-tschuess-terminale\\\/#primaryimage\"},\"thumbnailUrl\":\"https:\\\/\\\/www.camaeleon.org\\\/wp-content\\\/uploads\\\/2024\\\/03\\\/IMG-20240315-WA0014.jpg\",\"keywords\":[\"Mottowoche\",\"Themenwoche\"],\"articleSection\":[\"Schule\",\"Das Wort der Woche\"],\"inLanguage\":\"de\",\"potentialAction\":[{\"@type\":\"CommentAction\",\"name\":\"Comment\",\"target\":[\"https:\\\/\\\/www.camaeleon.org\\\/2024\\\/03\\\/15\\\/das-wort-der-woche-tschuess-terminale\\\/#respond\"]}]},{\"@type\":\"WebPage\",\"@id\":\"https:\\\/\\\/www.camaeleon.org\\\/de\\\/2024\\\/03\\\/15\\\/das-wort-der-woche-tschuess-terminale\\\/\",\"url\":\"https:\\\/\\\/www.camaeleon.org\\\/de\\\/2024\\\/03\\\/15\\\/das-wort-der-woche-tschuess-terminale\\\/\",\"name\":\"Das Wort der Woche: #Tsch\u00fcss-Terminale - Cam\u00e4l\u00e9on\",\"isPartOf\":{\"@id\":\"https:\\\/\\\/www.camaeleon.org\\\/de\\\/#website\"},\"primaryImageOfPage\":{\"@id\":\"https:\\\/\\\/www.camaeleon.org\\\/de\\\/2024\\\/03\\\/15\\\/das-wort-der-woche-tschuess-terminale\\\/#primaryimage\"},\"image\":{\"@id\":\"https:\\\/\\\/www.camaeleon.org\\\/2024\\\/03\\\/15\\\/das-wort-der-woche-tschuess-terminale\\\/#primaryimage\"},\"thumbnailUrl\":\"https:\\\/\\\/www.camaeleon.org\\\/wp-content\\\/uploads\\\/2024\\\/03\\\/IMG-20240315-WA0014.jpg\",\"datePublished\":\"2024-03-15T19:00:19+00:00\",\"dateModified\":\"2024-03-21T11:20:04+00:00\",\"description\":\"Vom 11.03. bis 14.03.2024 fand die Mottowoche statt. Die Terminale-Sch\u00fcler*innen zogen Kost\u00fcme an und machten laute Musik im Flur, kamen manchmal in die Klassen hinein und tanzten dort.\",\"breadcrumb\":{\"@id\":\"https:\\\/\\\/www.camaeleon.org\\\/de\\\/2024\\\/03\\\/15\\\/das-wort-der-woche-tschuess-terminale\\\/#breadcrumb\"},\"inLanguage\":\"de\",\"potentialAction\":[{\"@type\":\"ReadAction\",\"target\":[[\"https:\\\/\\\/www.camaeleon.org\\\/de\\\/2024\\\/03\\\/15\\\/das-wort-der-woche-tschuess-terminale\\\/\"]]}]},{\"@type\":\"ImageObject\",\"inLanguage\":\"de\",\"@id\":\"https:\\\/\\\/www.camaeleon.org\\\/de\\\/2024\\\/03\\\/15\\\/das-wort-der-woche-tschuess-terminale\\\/#primaryimage\",\"url\":\"https:\\\/\\\/www.camaeleon.org\\\/wp-content\\\/uploads\\\/2024\\\/03\\\/IMG-20240315-WA0014.jpg\",\"contentUrl\":\"https:\\\/\\\/www.camaeleon.org\\\/wp-content\\\/uploads\\\/2024\\\/03\\\/IMG-20240315-WA0014.jpg\",\"width\":2000,\"height\":1125,\"caption\":\"Mottowoche 2024\"},{\"@type\":\"BreadcrumbList\",\"@id\":\"https:\\\/\\\/www.camaeleon.org\\\/de\\\/2024\\\/03\\\/15\\\/das-wort-der-woche-tschuess-terminale\\\/#breadcrumb\",\"itemListElement\":[{\"@type\":\"ListItem\",\"position\":1,\"name\":\"Home\",\"item\":\"https:\\\/\\\/www.camaeleon.org\\\/de\\\/\"},{\"@type\":\"ListItem\",\"position\":2,\"name\":\"Le mot de la semaine : #Tsch\u00fcss-Terminale\"}]},{\"@type\":\"WebSite\",\"@id\":\"https:\\\/\\\/www.camaeleon.org\\\/de\\\/#website\",\"url\":\"https:\\\/\\\/www.camaeleon.org\\\/de\\\/\",\"name\":\"Cam\u00e4l\u00e9on\",\"description\":\"Das Sch\u00fclermagazin des Deutsch-Franz\u00f6sischen Gymnasiums Saarbr\u00fccken\",\"publisher\":{\"@id\":\"https:\\\/\\\/www.camaeleon.org\\\/de\\\/#organization\"},\"potentialAction\":[{\"@type\":\"SearchAction\",\"target\":{\"@type\":\"EntryPoint\",\"urlTemplate\":\"https:\\\/\\\/www.camaeleon.org\\\/de\\\/?s={search_term_string}\"},\"query-input\":{\"@type\":\"PropertyValueSpecification\",\"valueRequired\":true,\"valueName\":\"search_term_string\"}}],\"inLanguage\":\"de\"},{\"@type\":\"Organization\",\"@id\":\"https:\\\/\\\/www.camaeleon.org\\\/de\\\/#organization\",\"name\":\"Cam\u00e4l\u00e9on\",\"url\":\"https:\\\/\\\/www.camaeleon.org\\\/de\\\/\",\"logo\":{\"@type\":\"ImageObject\",\"inLanguage\":\"de\",\"@id\":\"https:\\\/\\\/www.camaeleon.org\\\/de\\\/#\\\/schema\\\/logo\\\/image\\\/\",\"url\":\"https:\\\/\\\/www.camaeleon.org\\\/wp-content\\\/uploads\\\/2011\\\/11\\\/CAM\u00c4LEON.jpg\",\"contentUrl\":\"https:\\\/\\\/www.camaeleon.org\\\/wp-content\\\/uploads\\\/2011\\\/11\\\/CAM\u00c4LEON.jpg\",\"width\":959,\"height\":959,\"caption\":\"Cam\u00e4l\u00e9on\"},\"image\":{\"@id\":\"https:\\\/\\\/www.camaeleon.org\\\/de\\\/#\\\/schema\\\/logo\\\/image\\\/\"},\"sameAs\":[\"https:\\\/\\\/www.facebook.com\\\/camaeleon.org\\\/\",\"https:\\\/\\\/x.com\\\/camaeleonOrg\",\"https:\\\/\\\/www.instagram.com\\\/camaeleon.dfg\\\/\",\"https:\\\/\\\/www.youtube.com\\\/channel\\\/UCl3TAUDdGuu_c7CD6ax6hYg\"]},{\"@type\":\"Person\",\"@id\":\"https:\\\/\\\/www.camaeleon.org\\\/de\\\/#\\\/schema\\\/person\\\/1d2b9fbf10a765a4c66baaacb0cf6aea\",\"name\":\"Arto Tchalikian\",\"image\":{\"@type\":\"ImageObject\",\"inLanguage\":\"de\",\"@id\":\"https:\\\/\\\/www.camaeleon.org\\\/de\\\/wp-content\\\/uploads\\\/2022\\\/12\\\/screenshot-2022-12-01-170720-150x150.png1e22539bf1974b72b3d5ad862a7f0f1a\",\"url\":\"https:\\\/\\\/www.camaeleon.org\\\/wp-content\\\/uploads\\\/2022\\\/12\\\/screenshot-2022-12-01-170720-150x150.png\",\"contentUrl\":\"https:\\\/\\\/www.camaeleon.org\\\/wp-content\\\/uploads\\\/2022\\\/12\\\/screenshot-2022-12-01-170720-150x150.png\",\"caption\":\"Arto Tchalikian\"},\"description\":\"Hallo, ich bin Arto. Ich bin 13 Jahre alt, nehme seit 2022 an Cam\u00e4l\u00e9on teil und bin in der Klasse 8SL1. Ich spiele Trompete \ud83c\udfba. Au\u00dferdem komme ich aus China.\ud83d\ude42.\",\"url\":\"https:\\\/\\\/www.camaeleon.org\\\/de\\\/author\\\/arto-tchalikian\\\/\"}]}<\/script>\n<!-- \/ Yoast SEO plugin. -->","yoast_head_json":{"title":"Das Wort der Woche: #Tsch\u00fcss-Terminale - Cam\u00e4l\u00e9on","description":"Vom 11.03. bis 14.03.2024 fand die Mottowoche statt. Die Terminale-Sch\u00fcler*innen zogen Kost\u00fcme an und machten laute Musik im Flur, kamen manchmal in die Klassen hinein und tanzten dort.","robots":{"index":"index","follow":"follow","max-snippet":"max-snippet:-1","max-image-preview":"max-image-preview:large","max-video-preview":"max-video-preview:-1"},"canonical":"https:\/\/www.camaeleon.org\/de\/2024\/03\/15\/das-wort-der-woche-tschuess-terminale\/","og_locale":"de_DE","og_type":"article","og_title":"Das Wort der Woche: #Tsch\u00fcss-Terminale - Cam\u00e4l\u00e9on","og_description":"Vom 11.03. bis 14.03.2024 fand die Mottowoche statt. Die Terminale-Sch\u00fcler*innen zogen Kost\u00fcme an und machten laute Musik im Flur, kamen manchmal in die Klassen hinein und tanzten dort.","og_url":"https:\/\/www.camaeleon.org\/de\/2024\/03\/15\/das-wort-der-woche-tschuess-terminale\/","og_site_name":"Cam\u00e4l\u00e9on","article_publisher":"https:\/\/www.facebook.com\/camaeleon.org\/","article_published_time":"2024-03-15T19:00:19+00:00","article_modified_time":"2024-03-21T11:20:04+00:00","og_image":[{"width":2000,"height":1125,"url":"https:\/\/www.camaeleon.org\/wp-content\/uploads\/2024\/03\/IMG-20240315-WA0014.jpg","type":"image\/jpeg"}],"author":"Arto Tchalikian","twitter_card":"summary_large_image","twitter_creator":"@camaeleonOrg","twitter_site":"@camaeleonOrg","schema":{"@context":"https:\/\/schema.org","@graph":[{"@type":"Article","@id":"https:\/\/www.camaeleon.org\/2024\/03\/15\/das-wort-der-woche-tschuess-terminale\/#article","isPartOf":{"@id":"https:\/\/www.camaeleon.org\/2024\/03\/15\/das-wort-der-woche-tschuess-terminale\/"},"author":{"name":"Arto Tchalikian","@id":"https:\/\/www.camaeleon.org\/de\/#\/schema\/person\/1d2b9fbf10a765a4c66baaacb0cf6aea"},"headline":"Das Wort der Woche: #Tsch\u00fcss-Terminale","datePublished":"2024-03-15T19:00:19+00:00","dateModified":"2024-03-21T11:20:04+00:00","mainEntityOfPage":{"@id":"https:\/\/www.camaeleon.org\/2024\/03\/15\/das-wort-der-woche-tschuess-terminale\/"},"wordCount":851,"commentCount":0,"publisher":{"@id":"https:\/\/www.camaeleon.org\/de\/#organization"},"image":{"@id":"https:\/\/www.camaeleon.org\/2024\/03\/15\/das-wort-der-woche-tschuess-terminale\/#primaryimage"},"thumbnailUrl":"https:\/\/www.camaeleon.org\/wp-content\/uploads\/2024\/03\/IMG-20240315-WA0014.jpg","keywords":["Mottowoche","Themenwoche"],"articleSection":["Schule","Das Wort der Woche"],"inLanguage":"de","potentialAction":[{"@type":"CommentAction","name":"Comment","target":["https:\/\/www.camaeleon.org\/2024\/03\/15\/das-wort-der-woche-tschuess-terminale\/#respond"]}]},{"@type":"WebPage","@id":"https:\/\/www.camaeleon.org\/de\/2024\/03\/15\/das-wort-der-woche-tschuess-terminale\/","url":"https:\/\/www.camaeleon.org\/de\/2024\/03\/15\/das-wort-der-woche-tschuess-terminale\/","name":"Das Wort der Woche: #Tsch\u00fcss-Terminale - Cam\u00e4l\u00e9on","isPartOf":{"@id":"https:\/\/www.camaeleon.org\/de\/#website"},"primaryImageOfPage":{"@id":"https:\/\/www.camaeleon.org\/de\/2024\/03\/15\/das-wort-der-woche-tschuess-terminale\/#primaryimage"},"image":{"@id":"https:\/\/www.camaeleon.org\/2024\/03\/15\/das-wort-der-woche-tschuess-terminale\/#primaryimage"},"thumbnailUrl":"https:\/\/www.camaeleon.org\/wp-content\/uploads\/2024\/03\/IMG-20240315-WA0014.jpg","datePublished":"2024-03-15T19:00:19+00:00","dateModified":"2024-03-21T11:20:04+00:00","description":"Vom 11.03. bis 14.03.2024 fand die Mottowoche statt. Die Terminale-Sch\u00fcler*innen zogen Kost\u00fcme an und machten laute Musik im Flur, kamen manchmal in die Klassen hinein und tanzten dort.","breadcrumb":{"@id":"https:\/\/www.camaeleon.org\/de\/2024\/03\/15\/das-wort-der-woche-tschuess-terminale\/#breadcrumb"},"inLanguage":"de","potentialAction":[{"@type":"ReadAction","target":[["https:\/\/www.camaeleon.org\/de\/2024\/03\/15\/das-wort-der-woche-tschuess-terminale\/"]]}]},{"@type":"ImageObject","inLanguage":"de","@id":"https:\/\/www.camaeleon.org\/de\/2024\/03\/15\/das-wort-der-woche-tschuess-terminale\/#primaryimage","url":"https:\/\/www.camaeleon.org\/wp-content\/uploads\/2024\/03\/IMG-20240315-WA0014.jpg","contentUrl":"https:\/\/www.camaeleon.org\/wp-content\/uploads\/2024\/03\/IMG-20240315-WA0014.jpg","width":2000,"height":1125,"caption":"Mottowoche 2024"},{"@type":"BreadcrumbList","@id":"https:\/\/www.camaeleon.org\/de\/2024\/03\/15\/das-wort-der-woche-tschuess-terminale\/#breadcrumb","itemListElement":[{"@type":"ListItem","position":1,"name":"Home","item":"https:\/\/www.camaeleon.org\/de\/"},{"@type":"ListItem","position":2,"name":"Le mot de la semaine : #Tsch\u00fcss-Terminale"}]},{"@type":"WebSite","@id":"https:\/\/www.camaeleon.org\/de\/#website","url":"https:\/\/www.camaeleon.org\/de\/","name":"Cam\u00e4l\u00e9on","description":"Das Sch\u00fclermagazin des Deutsch-Franz\u00f6sischen Gymnasiums Saarbr\u00fccken","publisher":{"@id":"https:\/\/www.camaeleon.org\/de\/#organization"},"potentialAction":[{"@type":"SearchAction","target":{"@type":"EntryPoint","urlTemplate":"https:\/\/www.camaeleon.org\/de\/?s={search_term_string}"},"query-input":{"@type":"PropertyValueSpecification","valueRequired":true,"valueName":"search_term_string"}}],"inLanguage":"de"},{"@type":"Organization","@id":"https:\/\/www.camaeleon.org\/de\/#organization","name":"Cam\u00e4l\u00e9on","url":"https:\/\/www.camaeleon.org\/de\/","logo":{"@type":"ImageObject","inLanguage":"de","@id":"https:\/\/www.camaeleon.org\/de\/#\/schema\/logo\/image\/","url":"https:\/\/www.camaeleon.org\/wp-content\/uploads\/2011\/11\/CAM\u00c4LEON.jpg","contentUrl":"https:\/\/www.camaeleon.org\/wp-content\/uploads\/2011\/11\/CAM\u00c4LEON.jpg","width":959,"height":959,"caption":"Cam\u00e4l\u00e9on"},"image":{"@id":"https:\/\/www.camaeleon.org\/de\/#\/schema\/logo\/image\/"},"sameAs":["https:\/\/www.facebook.com\/camaeleon.org\/","https:\/\/x.com\/camaeleonOrg","https:\/\/www.instagram.com\/camaeleon.dfg\/","https:\/\/www.youtube.com\/channel\/UCl3TAUDdGuu_c7CD6ax6hYg"]},{"@type":"Person","@id":"https:\/\/www.camaeleon.org\/de\/#\/schema\/person\/1d2b9fbf10a765a4c66baaacb0cf6aea","name":"Arto Tchalikian","image":{"@type":"ImageObject","inLanguage":"de","@id":"https:\/\/www.camaeleon.org\/de\/wp-content\/uploads\/2022\/12\/screenshot-2022-12-01-170720-150x150.png1e22539bf1974b72b3d5ad862a7f0f1a","url":"https:\/\/www.camaeleon.org\/wp-content\/uploads\/2022\/12\/screenshot-2022-12-01-170720-150x150.png","contentUrl":"https:\/\/www.camaeleon.org\/wp-content\/uploads\/2022\/12\/screenshot-2022-12-01-170720-150x150.png","caption":"Arto Tchalikian"},"description":"Hallo, ich bin Arto. Ich bin 13 Jahre alt, nehme seit 2022 an Cam\u00e4l\u00e9on teil und bin in der Klasse 8SL1. Ich spiele Trompete \ud83c\udfba. Au\u00dferdem komme ich aus China.\ud83d\ude42.","url":"https:\/\/www.camaeleon.org\/de\/author\/arto-tchalikian\/"}]}},"_links":{"self":[{"href":"https:\/\/www.camaeleon.org\/de\/wp-json\/wp\/v2\/posts\/30673","targetHints":{"allow":["GET"]}}],"collection":[{"href":"https:\/\/www.camaeleon.org\/de\/wp-json\/wp\/v2\/posts"}],"about":[{"href":"https:\/\/www.camaeleon.org\/de\/wp-json\/wp\/v2\/types\/post"}],"author":[{"embeddable":true,"href":"https:\/\/www.camaeleon.org\/de\/wp-json\/wp\/v2\/users\/165"}],"replies":[{"embeddable":true,"href":"https:\/\/www.camaeleon.org\/de\/wp-json\/wp\/v2\/comments?post=30673"}],"version-history":[{"count":13,"href":"https:\/\/www.camaeleon.org\/de\/wp-json\/wp\/v2\/posts\/30673\/revisions"}],"predecessor-version":[{"id":30766,"href":"https:\/\/www.camaeleon.org\/de\/wp-json\/wp\/v2\/posts\/30673\/revisions\/30766"}],"wp:featuredmedia":[{"embeddable":true,"href":"https:\/\/www.camaeleon.org\/de\/wp-json\/wp\/v2\/media\/30725"}],"wp:attachment":[{"href":"https:\/\/www.camaeleon.org\/de\/wp-json\/wp\/v2\/media?parent=30673"}],"wp:term":[{"taxonomy":"category","embeddable":true,"href":"https:\/\/www.camaeleon.org\/de\/wp-json\/wp\/v2\/categories?post=30673"},{"taxonomy":"post_tag","embeddable":true,"href":"https:\/\/www.camaeleon.org\/de\/wp-json\/wp\/v2\/tags?post=30673"},{"taxonomy":"author","embeddable":true,"href":"https:\/\/www.camaeleon.org\/de\/wp-json\/wp\/v2\/coauthors?post=30673"}],"curies":[{"name":"wp","href":"https:\/\/api.w.org\/{rel}","templated":true}]}}