{"id":30561,"date":"2024-03-01T21:04:02","date_gmt":"2024-03-01T20:04:02","guid":{"rendered":"https:\/\/www.camaeleon.org\/?p=30561"},"modified":"2024-05-07T13:38:49","modified_gmt":"2024-05-07T11:38:49","slug":"das-wort-der-woche-nawalnystrauerfeier","status":"publish","type":"post","link":"https:\/\/www.camaeleon.org\/de\/2024\/03\/01\/das-wort-der-woche-nawalnystrauerfeier\/","title":{"rendered":"Das Wort der Woche: #NawalnysTrauerfeier"},"content":{"rendered":"<p><figure id=\"attachment_30583\" aria-describedby=\"caption-attachment-30583\" style=\"width: 300px\" class=\"wp-caption alignleft\"><img loading=\"lazy\" decoding=\"async\" class=\"wp-image-30583 size-medium\" src=\"https:\/\/www.camaeleon.org\/wp-content\/uploads\/2024\/03\/DangrafArt-alexei-navalny-8578358_1280-300x178.png\" alt=\"\" width=\"300\" height=\"178\" srcset=\"https:\/\/www.camaeleon.org\/wp-content\/uploads\/2024\/03\/DangrafArt-alexei-navalny-8578358_1280-300x178.png 300w, https:\/\/www.camaeleon.org\/wp-content\/uploads\/2024\/03\/DangrafArt-alexei-navalny-8578358_1280-880x523.png 880w, https:\/\/www.camaeleon.org\/wp-content\/uploads\/2024\/03\/DangrafArt-alexei-navalny-8578358_1280.png 1280w\" sizes=\"auto, (max-width: 300px) 100vw, 300px\" \/><figcaption id=\"caption-attachment-30583\" class=\"wp-caption-text\">Alexej Nawalny. Ein Foto von DangrafArt. Pixabay.com<\/figcaption><\/figure><\/p>\n<p>Am 16. Februar starb Alexej Nawalny, der 47-j\u00e4hrige russische Kremlkritiker, der in Russland zum Symbol der Hoffnung geworden war, in der Strafkolonie &#8222;Polarwolf&#8220; n\u00f6rdlich des Polarkreises. Seine Trauerfeier fand heute am 1. M\u00e4rz statt. Aus Sicherheitsgr\u00fcnden konnten seine Frau und seine Kinder nicht nach Russland.<\/p>\n<p style=\"text-align: left;\">Angeh\u00f6rige und Unterst\u00fctzer kamen zu Tausenden, um sich in Moskau von ihm zu verabschieden. Im Gegensatz zu dem, was bef\u00fcrchtet war, fanden keine massiven Festnahmen statt, auch wenn laut AFP immerhin 45 Personen festgenommen wurden. Die Menschen lie\u00dfen sich nicht von den zahlreichen Polizisten abschrecken und schrien sogar &#8222;Putin ist ein M\u00f6rder!&#8220; und &#8222;Russland wird wieder frei!&#8220;. Nawalny wird der Welt als ein unerschrockener, bis zum Schluss entschlossener Opponent in Erinnerung bleiben.<\/p>\n<p><\/p>","protected":false},"excerpt":{"rendered":"<p>Am 16. Februar starb Alexej Nawalny, der 47-j\u00e4hrige russische Kremlkritiker, der in Russland zum Symbol der Hoffnung geworden war, in der Strafkolonie &#8222;Polarwolf&#8220; n\u00f6rdlich des<\/p>\n","protected":false},"author":177,"featured_media":30583,"comment_status":"open","ping_status":"closed","sticky":false,"template":"","format":"image","meta":{"colormag_page_container_layout":"default_layout","colormag_page_sidebar_layout":"default_layout","footnotes":""},"categories":[864],"tags":[2416,2425,2423,2422,2421,2424,406],"coauthors":[2257],"class_list":["post-30561","post","type-post","status-publish","format-image","has-post-thumbnail","hentry","category-le-mot-de-la-semaine","tag-enterrement-de-navalny","tag-moskau","tag-navalny","tag-nawalny","tag-nawalnys-beerdigung","tag-putin","tag-russland","post_format-post-format-image"],"yoast_head":"<!-- This site is optimized with the Yoast SEO plugin v27.5 - https:\/\/yoast.com\/product\/yoast-seo-wordpress\/ -->\n<title>Das Wort der Woche: #NawalnysTrauerfeier - Cam\u00e4l\u00e9on<\/title>\n<meta name=\"description\" content=\"Am 16. Februar starb Alexei Nawalny, der 47-j\u00e4hrige russische Opponent, der in Russland zum Symbol der Hoffnung geworden war.\" \/>\n<meta name=\"robots\" content=\"index, follow, max-snippet:-1, max-image-preview:large, max-video-preview:-1\" \/>\n<link rel=\"canonical\" href=\"https:\/\/www.camaeleon.org\/de\/2024\/03\/01\/das-wort-der-woche-nawalnystrauerfeier\/\" \/>\n<meta property=\"og:locale\" content=\"de_DE\" \/>\n<meta property=\"og:type\" content=\"article\" \/>\n<meta property=\"og:title\" content=\"Das Wort der Woche: #NawalnysTrauerfeier - Cam\u00e4l\u00e9on\" \/>\n<meta property=\"og:description\" content=\"Am 16. Februar starb Alexei Nawalny, der 47-j\u00e4hrige russische Opponent, der in Russland zum Symbol der Hoffnung geworden war.\" \/>\n<meta property=\"og:url\" content=\"https:\/\/www.camaeleon.org\/de\/2024\/03\/01\/das-wort-der-woche-nawalnystrauerfeier\/\" \/>\n<meta property=\"og:site_name\" content=\"Cam\u00e4l\u00e9on\" \/>\n<meta property=\"article:publisher\" content=\"https:\/\/www.facebook.com\/camaeleon.org\/\" \/>\n<meta property=\"article:published_time\" content=\"2024-03-01T20:04:02+00:00\" \/>\n<meta property=\"article:modified_time\" content=\"2024-05-07T11:38:49+00:00\" \/>\n<meta property=\"og:image\" content=\"https:\/\/www.camaeleon.org\/wp-content\/uploads\/2024\/03\/DangrafArt-alexei-navalny-8578358_1280.png\" \/>\n\t<meta property=\"og:image:width\" content=\"1280\" \/>\n\t<meta property=\"og:image:height\" content=\"760\" \/>\n\t<meta property=\"og:image:type\" content=\"image\/png\" \/>\n<meta name=\"author\" content=\"Noah Deguilhem-Siebenborn\" \/>\n<meta name=\"twitter:card\" content=\"summary_large_image\" \/>\n<meta name=\"twitter:creator\" content=\"@camaeleonOrg\" \/>\n<meta name=\"twitter:site\" content=\"@camaeleonOrg\" \/>\n<script type=\"application\/ld+json\" class=\"yoast-schema-graph\">{\"@context\":\"https:\\\/\\\/schema.org\",\"@graph\":[{\"@type\":\"Article\",\"@id\":\"https:\\\/\\\/www.camaeleon.org\\\/2024\\\/03\\\/01\\\/das-wort-der-woche-nawalnystrauerfeier\\\/#article\",\"isPartOf\":{\"@id\":\"https:\\\/\\\/www.camaeleon.org\\\/2024\\\/03\\\/01\\\/das-wort-der-woche-nawalnystrauerfeier\\\/\"},\"author\":{\"name\":\"Noah Deguilhem-Siebenborn\",\"@id\":\"https:\\\/\\\/www.camaeleon.org\\\/de\\\/#\\\/schema\\\/person\\\/e9aac5847be7c1ae8e97fbc2fbdfd11d\"},\"headline\":\"Das Wort der Woche: #NawalnysTrauerfeier\",\"datePublished\":\"2024-03-01T20:04:02+00:00\",\"dateModified\":\"2024-05-07T11:38:49+00:00\",\"mainEntityOfPage\":{\"@id\":\"https:\\\/\\\/www.camaeleon.org\\\/2024\\\/03\\\/01\\\/das-wort-der-woche-nawalnystrauerfeier\\\/\"},\"wordCount\":478,\"commentCount\":0,\"publisher\":{\"@id\":\"https:\\\/\\\/www.camaeleon.org\\\/de\\\/#organization\"},\"image\":{\"@id\":\"https:\\\/\\\/www.camaeleon.org\\\/2024\\\/03\\\/01\\\/das-wort-der-woche-nawalnystrauerfeier\\\/#primaryimage\"},\"thumbnailUrl\":\"https:\\\/\\\/www.camaeleon.org\\\/wp-content\\\/uploads\\\/2024\\\/03\\\/DangrafArt-alexei-navalny-8578358_1280.png\",\"keywords\":[\"Enterrement de Navalny\",\"Moskau\",\"Navalny\",\"Nawalny\",\"Nawalnys Beerdigung\",\"Putin\",\"Russland\"],\"articleSection\":[\"Das Wort der Woche\"],\"inLanguage\":\"de\",\"potentialAction\":[{\"@type\":\"CommentAction\",\"name\":\"Comment\",\"target\":[\"https:\\\/\\\/www.camaeleon.org\\\/2024\\\/03\\\/01\\\/das-wort-der-woche-nawalnystrauerfeier\\\/#respond\"]}]},{\"@type\":\"WebPage\",\"@id\":\"https:\\\/\\\/www.camaeleon.org\\\/de\\\/2024\\\/03\\\/01\\\/das-wort-der-woche-nawalnystrauerfeier\\\/\",\"url\":\"https:\\\/\\\/www.camaeleon.org\\\/de\\\/2024\\\/03\\\/01\\\/das-wort-der-woche-nawalnystrauerfeier\\\/\",\"name\":\"Das Wort der Woche: #NawalnysTrauerfeier - Cam\u00e4l\u00e9on\",\"isPartOf\":{\"@id\":\"https:\\\/\\\/www.camaeleon.org\\\/de\\\/#website\"},\"primaryImageOfPage\":{\"@id\":\"https:\\\/\\\/www.camaeleon.org\\\/de\\\/2024\\\/03\\\/01\\\/das-wort-der-woche-nawalnystrauerfeier\\\/#primaryimage\"},\"image\":{\"@id\":\"https:\\\/\\\/www.camaeleon.org\\\/2024\\\/03\\\/01\\\/das-wort-der-woche-nawalnystrauerfeier\\\/#primaryimage\"},\"thumbnailUrl\":\"https:\\\/\\\/www.camaeleon.org\\\/wp-content\\\/uploads\\\/2024\\\/03\\\/DangrafArt-alexei-navalny-8578358_1280.png\",\"datePublished\":\"2024-03-01T20:04:02+00:00\",\"dateModified\":\"2024-05-07T11:38:49+00:00\",\"description\":\"Am 16. Februar starb Alexei Nawalny, der 47-j\u00e4hrige russische Opponent, der in Russland zum Symbol der Hoffnung geworden war.\",\"breadcrumb\":{\"@id\":\"https:\\\/\\\/www.camaeleon.org\\\/de\\\/2024\\\/03\\\/01\\\/das-wort-der-woche-nawalnystrauerfeier\\\/#breadcrumb\"},\"inLanguage\":\"de\",\"potentialAction\":[{\"@type\":\"ReadAction\",\"target\":[[\"https:\\\/\\\/www.camaeleon.org\\\/de\\\/2024\\\/03\\\/01\\\/das-wort-der-woche-nawalnystrauerfeier\\\/\"]]}]},{\"@type\":\"ImageObject\",\"inLanguage\":\"de\",\"@id\":\"https:\\\/\\\/www.camaeleon.org\\\/de\\\/2024\\\/03\\\/01\\\/das-wort-der-woche-nawalnystrauerfeier\\\/#primaryimage\",\"url\":\"https:\\\/\\\/www.camaeleon.org\\\/wp-content\\\/uploads\\\/2024\\\/03\\\/DangrafArt-alexei-navalny-8578358_1280.png\",\"contentUrl\":\"https:\\\/\\\/www.camaeleon.org\\\/wp-content\\\/uploads\\\/2024\\\/03\\\/DangrafArt-alexei-navalny-8578358_1280.png\",\"width\":1280,\"height\":760},{\"@type\":\"BreadcrumbList\",\"@id\":\"https:\\\/\\\/www.camaeleon.org\\\/de\\\/2024\\\/03\\\/01\\\/das-wort-der-woche-nawalnystrauerfeier\\\/#breadcrumb\",\"itemListElement\":[{\"@type\":\"ListItem\",\"position\":1,\"name\":\"Home\",\"item\":\"https:\\\/\\\/www.camaeleon.org\\\/de\\\/\"},{\"@type\":\"ListItem\",\"position\":2,\"name\":\"Das Wort der Woche: #NawalnysTrauerfeier\"}]},{\"@type\":\"WebSite\",\"@id\":\"https:\\\/\\\/www.camaeleon.org\\\/de\\\/#website\",\"url\":\"https:\\\/\\\/www.camaeleon.org\\\/de\\\/\",\"name\":\"Cam\u00e4l\u00e9on\",\"description\":\"Das Sch\u00fclermagazin des Deutsch-Franz\u00f6sischen Gymnasiums Saarbr\u00fccken\",\"publisher\":{\"@id\":\"https:\\\/\\\/www.camaeleon.org\\\/de\\\/#organization\"},\"potentialAction\":[{\"@type\":\"SearchAction\",\"target\":{\"@type\":\"EntryPoint\",\"urlTemplate\":\"https:\\\/\\\/www.camaeleon.org\\\/de\\\/?s={search_term_string}\"},\"query-input\":{\"@type\":\"PropertyValueSpecification\",\"valueRequired\":true,\"valueName\":\"search_term_string\"}}],\"inLanguage\":\"de\"},{\"@type\":\"Organization\",\"@id\":\"https:\\\/\\\/www.camaeleon.org\\\/de\\\/#organization\",\"name\":\"Cam\u00e4l\u00e9on\",\"url\":\"https:\\\/\\\/www.camaeleon.org\\\/de\\\/\",\"logo\":{\"@type\":\"ImageObject\",\"inLanguage\":\"de\",\"@id\":\"https:\\\/\\\/www.camaeleon.org\\\/de\\\/#\\\/schema\\\/logo\\\/image\\\/\",\"url\":\"https:\\\/\\\/www.camaeleon.org\\\/wp-content\\\/uploads\\\/2011\\\/11\\\/CAM\u00c4LEON.jpg\",\"contentUrl\":\"https:\\\/\\\/www.camaeleon.org\\\/wp-content\\\/uploads\\\/2011\\\/11\\\/CAM\u00c4LEON.jpg\",\"width\":959,\"height\":959,\"caption\":\"Cam\u00e4l\u00e9on\"},\"image\":{\"@id\":\"https:\\\/\\\/www.camaeleon.org\\\/de\\\/#\\\/schema\\\/logo\\\/image\\\/\"},\"sameAs\":[\"https:\\\/\\\/www.facebook.com\\\/camaeleon.org\\\/\",\"https:\\\/\\\/x.com\\\/camaeleonOrg\",\"https:\\\/\\\/www.instagram.com\\\/camaeleon.dfg\\\/\",\"https:\\\/\\\/www.youtube.com\\\/channel\\\/UCl3TAUDdGuu_c7CD6ax6hYg\"]},{\"@type\":\"Person\",\"@id\":\"https:\\\/\\\/www.camaeleon.org\\\/de\\\/#\\\/schema\\\/person\\\/e9aac5847be7c1ae8e97fbc2fbdfd11d\",\"name\":\"Noah Deguilhem-Siebenborn\",\"image\":{\"@type\":\"ImageObject\",\"inLanguage\":\"de\",\"@id\":\"https:\\\/\\\/www.camaeleon.org\\\/de\\\/wp-content\\\/uploads\\\/2023\\\/10\\\/noah-150x150.jpeg01e8de72907416dc5036380f8bd03dae\",\"url\":\"https:\\\/\\\/www.camaeleon.org\\\/wp-content\\\/uploads\\\/2023\\\/10\\\/noah-150x150.jpeg\",\"contentUrl\":\"https:\\\/\\\/www.camaeleon.org\\\/wp-content\\\/uploads\\\/2023\\\/10\\\/noah-150x150.jpeg\",\"caption\":\"Noah Deguilhem-Siebenborn\"},\"description\":\"Hallo! Ich hei\u00dfe Noah. Ich bin 11 Jahre alt. Ich bin seit 2023 bei Cam\u00e4l\u00e9on. Ich spiele gern Klavier, Theater, lese gern Comics und Romane, zeichne und bastle gern und mache Fechten.\",\"url\":\"https:\\\/\\\/www.camaeleon.org\\\/de\\\/author\\\/noah-deguilhem-siebenborn\\\/\"}]}<\/script>\n<!-- \/ Yoast SEO plugin. -->","yoast_head_json":{"title":"Das Wort der Woche: #NawalnysTrauerfeier - Cam\u00e4l\u00e9on","description":"Am 16. Februar starb Alexei Nawalny, der 47-j\u00e4hrige russische Opponent, der in Russland zum Symbol der Hoffnung geworden war.","robots":{"index":"index","follow":"follow","max-snippet":"max-snippet:-1","max-image-preview":"max-image-preview:large","max-video-preview":"max-video-preview:-1"},"canonical":"https:\/\/www.camaeleon.org\/de\/2024\/03\/01\/das-wort-der-woche-nawalnystrauerfeier\/","og_locale":"de_DE","og_type":"article","og_title":"Das Wort der Woche: #NawalnysTrauerfeier - Cam\u00e4l\u00e9on","og_description":"Am 16. Februar starb Alexei Nawalny, der 47-j\u00e4hrige russische Opponent, der in Russland zum Symbol der Hoffnung geworden war.","og_url":"https:\/\/www.camaeleon.org\/de\/2024\/03\/01\/das-wort-der-woche-nawalnystrauerfeier\/","og_site_name":"Cam\u00e4l\u00e9on","article_publisher":"https:\/\/www.facebook.com\/camaeleon.org\/","article_published_time":"2024-03-01T20:04:02+00:00","article_modified_time":"2024-05-07T11:38:49+00:00","og_image":[{"width":1280,"height":760,"url":"https:\/\/www.camaeleon.org\/wp-content\/uploads\/2024\/03\/DangrafArt-alexei-navalny-8578358_1280.png","type":"image\/png"}],"author":"Noah Deguilhem-Siebenborn","twitter_card":"summary_large_image","twitter_creator":"@camaeleonOrg","twitter_site":"@camaeleonOrg","schema":{"@context":"https:\/\/schema.org","@graph":[{"@type":"Article","@id":"https:\/\/www.camaeleon.org\/2024\/03\/01\/das-wort-der-woche-nawalnystrauerfeier\/#article","isPartOf":{"@id":"https:\/\/www.camaeleon.org\/2024\/03\/01\/das-wort-der-woche-nawalnystrauerfeier\/"},"author":{"name":"Noah Deguilhem-Siebenborn","@id":"https:\/\/www.camaeleon.org\/de\/#\/schema\/person\/e9aac5847be7c1ae8e97fbc2fbdfd11d"},"headline":"Das Wort der Woche: #NawalnysTrauerfeier","datePublished":"2024-03-01T20:04:02+00:00","dateModified":"2024-05-07T11:38:49+00:00","mainEntityOfPage":{"@id":"https:\/\/www.camaeleon.org\/2024\/03\/01\/das-wort-der-woche-nawalnystrauerfeier\/"},"wordCount":478,"commentCount":0,"publisher":{"@id":"https:\/\/www.camaeleon.org\/de\/#organization"},"image":{"@id":"https:\/\/www.camaeleon.org\/2024\/03\/01\/das-wort-der-woche-nawalnystrauerfeier\/#primaryimage"},"thumbnailUrl":"https:\/\/www.camaeleon.org\/wp-content\/uploads\/2024\/03\/DangrafArt-alexei-navalny-8578358_1280.png","keywords":["Enterrement de Navalny","Moskau","Navalny","Nawalny","Nawalnys Beerdigung","Putin","Russland"],"articleSection":["Das Wort der Woche"],"inLanguage":"de","potentialAction":[{"@type":"CommentAction","name":"Comment","target":["https:\/\/www.camaeleon.org\/2024\/03\/01\/das-wort-der-woche-nawalnystrauerfeier\/#respond"]}]},{"@type":"WebPage","@id":"https:\/\/www.camaeleon.org\/de\/2024\/03\/01\/das-wort-der-woche-nawalnystrauerfeier\/","url":"https:\/\/www.camaeleon.org\/de\/2024\/03\/01\/das-wort-der-woche-nawalnystrauerfeier\/","name":"Das Wort der Woche: #NawalnysTrauerfeier - Cam\u00e4l\u00e9on","isPartOf":{"@id":"https:\/\/www.camaeleon.org\/de\/#website"},"primaryImageOfPage":{"@id":"https:\/\/www.camaeleon.org\/de\/2024\/03\/01\/das-wort-der-woche-nawalnystrauerfeier\/#primaryimage"},"image":{"@id":"https:\/\/www.camaeleon.org\/2024\/03\/01\/das-wort-der-woche-nawalnystrauerfeier\/#primaryimage"},"thumbnailUrl":"https:\/\/www.camaeleon.org\/wp-content\/uploads\/2024\/03\/DangrafArt-alexei-navalny-8578358_1280.png","datePublished":"2024-03-01T20:04:02+00:00","dateModified":"2024-05-07T11:38:49+00:00","description":"Am 16. Februar starb Alexei Nawalny, der 47-j\u00e4hrige russische Opponent, der in Russland zum Symbol der Hoffnung geworden war.","breadcrumb":{"@id":"https:\/\/www.camaeleon.org\/de\/2024\/03\/01\/das-wort-der-woche-nawalnystrauerfeier\/#breadcrumb"},"inLanguage":"de","potentialAction":[{"@type":"ReadAction","target":[["https:\/\/www.camaeleon.org\/de\/2024\/03\/01\/das-wort-der-woche-nawalnystrauerfeier\/"]]}]},{"@type":"ImageObject","inLanguage":"de","@id":"https:\/\/www.camaeleon.org\/de\/2024\/03\/01\/das-wort-der-woche-nawalnystrauerfeier\/#primaryimage","url":"https:\/\/www.camaeleon.org\/wp-content\/uploads\/2024\/03\/DangrafArt-alexei-navalny-8578358_1280.png","contentUrl":"https:\/\/www.camaeleon.org\/wp-content\/uploads\/2024\/03\/DangrafArt-alexei-navalny-8578358_1280.png","width":1280,"height":760},{"@type":"BreadcrumbList","@id":"https:\/\/www.camaeleon.org\/de\/2024\/03\/01\/das-wort-der-woche-nawalnystrauerfeier\/#breadcrumb","itemListElement":[{"@type":"ListItem","position":1,"name":"Home","item":"https:\/\/www.camaeleon.org\/de\/"},{"@type":"ListItem","position":2,"name":"Das Wort der Woche: #NawalnysTrauerfeier"}]},{"@type":"WebSite","@id":"https:\/\/www.camaeleon.org\/de\/#website","url":"https:\/\/www.camaeleon.org\/de\/","name":"Cam\u00e4l\u00e9on","description":"Das Sch\u00fclermagazin des Deutsch-Franz\u00f6sischen Gymnasiums Saarbr\u00fccken","publisher":{"@id":"https:\/\/www.camaeleon.org\/de\/#organization"},"potentialAction":[{"@type":"SearchAction","target":{"@type":"EntryPoint","urlTemplate":"https:\/\/www.camaeleon.org\/de\/?s={search_term_string}"},"query-input":{"@type":"PropertyValueSpecification","valueRequired":true,"valueName":"search_term_string"}}],"inLanguage":"de"},{"@type":"Organization","@id":"https:\/\/www.camaeleon.org\/de\/#organization","name":"Cam\u00e4l\u00e9on","url":"https:\/\/www.camaeleon.org\/de\/","logo":{"@type":"ImageObject","inLanguage":"de","@id":"https:\/\/www.camaeleon.org\/de\/#\/schema\/logo\/image\/","url":"https:\/\/www.camaeleon.org\/wp-content\/uploads\/2011\/11\/CAM\u00c4LEON.jpg","contentUrl":"https:\/\/www.camaeleon.org\/wp-content\/uploads\/2011\/11\/CAM\u00c4LEON.jpg","width":959,"height":959,"caption":"Cam\u00e4l\u00e9on"},"image":{"@id":"https:\/\/www.camaeleon.org\/de\/#\/schema\/logo\/image\/"},"sameAs":["https:\/\/www.facebook.com\/camaeleon.org\/","https:\/\/x.com\/camaeleonOrg","https:\/\/www.instagram.com\/camaeleon.dfg\/","https:\/\/www.youtube.com\/channel\/UCl3TAUDdGuu_c7CD6ax6hYg"]},{"@type":"Person","@id":"https:\/\/www.camaeleon.org\/de\/#\/schema\/person\/e9aac5847be7c1ae8e97fbc2fbdfd11d","name":"Noah Deguilhem-Siebenborn","image":{"@type":"ImageObject","inLanguage":"de","@id":"https:\/\/www.camaeleon.org\/de\/wp-content\/uploads\/2023\/10\/noah-150x150.jpeg01e8de72907416dc5036380f8bd03dae","url":"https:\/\/www.camaeleon.org\/wp-content\/uploads\/2023\/10\/noah-150x150.jpeg","contentUrl":"https:\/\/www.camaeleon.org\/wp-content\/uploads\/2023\/10\/noah-150x150.jpeg","caption":"Noah Deguilhem-Siebenborn"},"description":"Hallo! Ich hei\u00dfe Noah. Ich bin 11 Jahre alt. Ich bin seit 2023 bei Cam\u00e4l\u00e9on. Ich spiele gern Klavier, Theater, lese gern Comics und Romane, zeichne und bastle gern und mache Fechten.","url":"https:\/\/www.camaeleon.org\/de\/author\/noah-deguilhem-siebenborn\/"}]}},"_links":{"self":[{"href":"https:\/\/www.camaeleon.org\/de\/wp-json\/wp\/v2\/posts\/30561","targetHints":{"allow":["GET"]}}],"collection":[{"href":"https:\/\/www.camaeleon.org\/de\/wp-json\/wp\/v2\/posts"}],"about":[{"href":"https:\/\/www.camaeleon.org\/de\/wp-json\/wp\/v2\/types\/post"}],"author":[{"embeddable":true,"href":"https:\/\/www.camaeleon.org\/de\/wp-json\/wp\/v2\/users\/177"}],"replies":[{"embeddable":true,"href":"https:\/\/www.camaeleon.org\/de\/wp-json\/wp\/v2\/comments?post=30561"}],"version-history":[{"count":5,"href":"https:\/\/www.camaeleon.org\/de\/wp-json\/wp\/v2\/posts\/30561\/revisions"}],"predecessor-version":[{"id":30774,"href":"https:\/\/www.camaeleon.org\/de\/wp-json\/wp\/v2\/posts\/30561\/revisions\/30774"}],"wp:featuredmedia":[{"embeddable":true,"href":"https:\/\/www.camaeleon.org\/de\/wp-json\/wp\/v2\/media\/30583"}],"wp:attachment":[{"href":"https:\/\/www.camaeleon.org\/de\/wp-json\/wp\/v2\/media?parent=30561"}],"wp:term":[{"taxonomy":"category","embeddable":true,"href":"https:\/\/www.camaeleon.org\/de\/wp-json\/wp\/v2\/categories?post=30561"},{"taxonomy":"post_tag","embeddable":true,"href":"https:\/\/www.camaeleon.org\/de\/wp-json\/wp\/v2\/tags?post=30561"},{"taxonomy":"author","embeddable":true,"href":"https:\/\/www.camaeleon.org\/de\/wp-json\/wp\/v2\/coauthors?post=30561"}],"curies":[{"name":"wp","href":"https:\/\/api.w.org\/{rel}","templated":true}]}}