{"id":30081,"date":"2024-01-18T21:00:01","date_gmt":"2024-01-18T20:00:01","guid":{"rendered":"https:\/\/www.camaeleon.org\/?p=30081"},"modified":"2024-03-01T22:27:46","modified_gmt":"2024-03-01T21:27:46","slug":"der-22-januar","status":"publish","type":"post","link":"https:\/\/www.camaeleon.org\/de\/2024\/01\/18\/der-22-januar\/","title":{"rendered":"Das Wort der Woche: #Deutsch-franz\u00f6sischer Freundschaftstag"},"content":{"rendered":"<p><figure id=\"attachment_30096\" aria-describedby=\"caption-attachment-30096\" style=\"width: 300px\" class=\"wp-caption alignleft\"><img loading=\"lazy\" decoding=\"async\" class=\"size-medium wp-image-30096\" src=\"https:\/\/www.camaeleon.org\/wp-content\/uploads\/2024\/01\/img_3042-300x200.jpg\" alt=\"Deutsch-franz\u00f6sischer Tag am DFG\" width=\"300\" height=\"200\" srcset=\"https:\/\/www.camaeleon.org\/wp-content\/uploads\/2024\/01\/img_3042-300x200.jpg 300w, https:\/\/www.camaeleon.org\/wp-content\/uploads\/2024\/01\/img_3042-880x587.jpg 880w, https:\/\/www.camaeleon.org\/wp-content\/uploads\/2024\/01\/img_3042.jpg 1000w\" sizes=\"auto, (max-width: 300px) 100vw, 300px\" \/><figcaption id=\"caption-attachment-30096\" class=\"wp-caption-text\">Photo: DFG<\/figcaption><\/figure><\/p>\n<p>Der 22. Januar ist der deutsch-franz\u00f6sische Freundschaftstag, der anl\u00e4sslich des 40. Jubil\u00e4ums des Elys\u00e9e-Vertrag eingef\u00fchrt wurde. Wir haben unseren Schulleiter, Herrn Hauter, zu diesem besonderen Tag an unserer deutsch-franz\u00f6sischen Schule interviewt.<\/p>\n<p>Einleitend haben wir ihn gefragt, was die deutsch-franz\u00f6sische Freundschaft am DFG bedeutet. F\u00fcr Herrn Hauter ist es die Grundlage und das Ziel der Schule, und diese w\u00fcrde nicht ohne den Elys\u00e9e-Vertrag vom 22. Januar 1963 existieren, der f\u00fcr Frieden zwischen Deutschland und Frankreich gesorgt hat. Dieser Vertrag hat den Multikulturismus am DFG befl\u00fcgelt, da es vorher, nach der Gr\u00fcndung 1961, vorwiegend eine franz\u00f6sische Schule war. Das DFG hat als Mission, Sch\u00fcler*innen zur Mehrsprachigkeit zu f\u00fchren und so die deutsch-franz\u00f6sischen Freundschaften zu entwickeln. Ein perfektes Beispiel f\u00fcr diese Sprachenvielfalt sei unsere Sch\u00fclerzeitung Cam\u00e4l\u00e9on.<\/p>\n<p>Zwar gibt es dieses Jahr an unserer Schule keine ausdr\u00fcckliche Feier am 22. Januar, jedoch findet im Juni ein Sprachentag statt. Noch dazu wurde bei der Dienstbesprechung vereinbart, dass die Lehrkr\u00e4fte am 22. Januar die deutsch-franz\u00f6sische Freundschaft in den Klassen ansprechen k\u00f6nnen.<\/p>\n<p>Das Cam\u00e4l\u00e9on-Team w\u00fcnscht allen einen frohen 22. Januar! Wir hoffen, dass wir euch mit diesem Artikel daran erinnern konnten, dass die deutsch-franz\u00f6sische Freundschaft viele Vorteile bringt und wir sie gut erhalten sollten.<\/p>\n\n<p><\/p>","protected":false},"excerpt":{"rendered":"<p>Der 22. Januar ist der deutsch-franz\u00f6sische Freundschaftstag, der anl\u00e4sslich des 40. Jubil\u00e4ums des Elys\u00e9e-Vertrag eingef\u00fchrt wurde. Wir haben unseren Schulleiter, Herrn Hauter, zu diesem besonderen<\/p>\n","protected":false},"author":150,"featured_media":30096,"comment_status":"open","ping_status":"closed","sticky":false,"template":"","format":"standard","meta":{"colormag_page_container_layout":"default_layout","colormag_page_sidebar_layout":"default_layout","footnotes":""},"categories":[864],"tags":[1535,1536,876,942,943],"coauthors":[1757,1854],"class_list":["post-30081","post","type-post","status-publish","format-standard","has-post-thumbnail","hentry","category-le-mot-de-la-semaine","tag-22-janvier","tag-22-januar","tag-deutsch-franzoesische-freundschaft","tag-deutsch-franzoesischer-tag","tag-journee-franco-allemande"],"yoast_head":"<!-- This site is optimized with the Yoast SEO plugin v27.5 - https:\/\/yoast.com\/product\/yoast-seo-wordpress\/ -->\n<title>Das Wort der Woche: #Deutsch-franz\u00f6sischer Freundschaftstag - Cam\u00e4l\u00e9on<\/title>\n<meta name=\"description\" content=\"Der 22. Januar ist der deutsch-franz\u00f6sische Freundschaftstag. Wir haben unseren Schulleiter Herrn Hauter zu diesem besonderen Tag interviewt.\" \/>\n<meta name=\"robots\" content=\"index, follow, max-snippet:-1, max-image-preview:large, max-video-preview:-1\" \/>\n<link rel=\"canonical\" href=\"https:\/\/www.camaeleon.org\/de\/2024\/01\/18\/der-22-januar\/\" \/>\n<meta property=\"og:locale\" content=\"de_DE\" \/>\n<meta property=\"og:type\" content=\"article\" \/>\n<meta property=\"og:title\" content=\"Das Wort der Woche: #Deutsch-franz\u00f6sischer Freundschaftstag - Cam\u00e4l\u00e9on\" \/>\n<meta property=\"og:description\" content=\"Der 22. Januar ist der deutsch-franz\u00f6sische Freundschaftstag. Wir haben unseren Schulleiter Herrn Hauter zu diesem besonderen Tag interviewt.\" \/>\n<meta property=\"og:url\" content=\"https:\/\/www.camaeleon.org\/de\/2024\/01\/18\/der-22-januar\/\" \/>\n<meta property=\"og:site_name\" content=\"Cam\u00e4l\u00e9on\" \/>\n<meta property=\"article:publisher\" content=\"https:\/\/www.facebook.com\/camaeleon.org\/\" \/>\n<meta property=\"article:published_time\" content=\"2024-01-18T20:00:01+00:00\" \/>\n<meta property=\"article:modified_time\" content=\"2024-03-01T21:27:46+00:00\" \/>\n<meta property=\"og:image\" content=\"https:\/\/www.camaeleon.org\/wp-content\/uploads\/2024\/01\/img_3042.jpg\" \/>\n\t<meta property=\"og:image:width\" content=\"1000\" \/>\n\t<meta property=\"og:image:height\" content=\"667\" \/>\n\t<meta property=\"og:image:type\" content=\"image\/jpeg\" \/>\n<meta name=\"author\" content=\"Alice Colin, Timo Poetsch\" \/>\n<meta name=\"twitter:card\" content=\"summary_large_image\" \/>\n<meta name=\"twitter:creator\" content=\"@camaeleonOrg\" \/>\n<meta name=\"twitter:site\" content=\"@camaeleonOrg\" \/>\n<script type=\"application\/ld+json\" class=\"yoast-schema-graph\">{\"@context\":\"https:\\\/\\\/schema.org\",\"@graph\":[{\"@type\":\"Article\",\"@id\":\"https:\\\/\\\/www.camaeleon.org\\\/2024\\\/01\\\/18\\\/der-22-januar\\\/#article\",\"isPartOf\":{\"@id\":\"https:\\\/\\\/www.camaeleon.org\\\/2024\\\/01\\\/18\\\/der-22-januar\\\/\"},\"author\":{\"name\":\"Alice Colin\",\"@id\":\"https:\\\/\\\/www.camaeleon.org\\\/de\\\/#\\\/schema\\\/person\\\/464e569d01be14890e1eb1cdd491d9ad\"},\"headline\":\"Das Wort der Woche: #Deutsch-franz\u00f6sischer Freundschaftstag\",\"datePublished\":\"2024-01-18T20:00:01+00:00\",\"dateModified\":\"2024-03-01T21:27:46+00:00\",\"mainEntityOfPage\":{\"@id\":\"https:\\\/\\\/www.camaeleon.org\\\/2024\\\/01\\\/18\\\/der-22-januar\\\/\"},\"wordCount\":774,\"commentCount\":0,\"publisher\":{\"@id\":\"https:\\\/\\\/www.camaeleon.org\\\/de\\\/#organization\"},\"image\":{\"@id\":\"https:\\\/\\\/www.camaeleon.org\\\/2024\\\/01\\\/18\\\/der-22-januar\\\/#primaryimage\"},\"thumbnailUrl\":\"https:\\\/\\\/www.camaeleon.org\\\/wp-content\\\/uploads\\\/2024\\\/01\\\/img_3042.jpg\",\"keywords\":[\"22 janvier\",\"22. Januar\",\"Deutsch-franz\u00f6sische Freundschaft\",\"Deutsch-franz\u00f6sischer Tag\",\"Journ\u00e9e franco-allemande\"],\"articleSection\":[\"Das Wort der Woche\"],\"inLanguage\":\"de\",\"potentialAction\":[{\"@type\":\"CommentAction\",\"name\":\"Comment\",\"target\":[\"https:\\\/\\\/www.camaeleon.org\\\/2024\\\/01\\\/18\\\/der-22-januar\\\/#respond\"]}]},{\"@type\":\"WebPage\",\"@id\":\"https:\\\/\\\/www.camaeleon.org\\\/de\\\/2024\\\/01\\\/18\\\/der-22-januar\\\/\",\"url\":\"https:\\\/\\\/www.camaeleon.org\\\/de\\\/2024\\\/01\\\/18\\\/der-22-januar\\\/\",\"name\":\"Das Wort der Woche: #Deutsch-franz\u00f6sischer Freundschaftstag - Cam\u00e4l\u00e9on\",\"isPartOf\":{\"@id\":\"https:\\\/\\\/www.camaeleon.org\\\/de\\\/#website\"},\"primaryImageOfPage\":{\"@id\":\"https:\\\/\\\/www.camaeleon.org\\\/de\\\/2024\\\/01\\\/18\\\/der-22-januar\\\/#primaryimage\"},\"image\":{\"@id\":\"https:\\\/\\\/www.camaeleon.org\\\/2024\\\/01\\\/18\\\/der-22-januar\\\/#primaryimage\"},\"thumbnailUrl\":\"https:\\\/\\\/www.camaeleon.org\\\/wp-content\\\/uploads\\\/2024\\\/01\\\/img_3042.jpg\",\"datePublished\":\"2024-01-18T20:00:01+00:00\",\"dateModified\":\"2024-03-01T21:27:46+00:00\",\"description\":\"Der 22. Januar ist der deutsch-franz\u00f6sische Freundschaftstag. Wir haben unseren Schulleiter Herrn Hauter zu diesem besonderen Tag interviewt.\",\"breadcrumb\":{\"@id\":\"https:\\\/\\\/www.camaeleon.org\\\/de\\\/2024\\\/01\\\/18\\\/der-22-januar\\\/#breadcrumb\"},\"inLanguage\":\"de\",\"potentialAction\":[{\"@type\":\"ReadAction\",\"target\":[[\"https:\\\/\\\/www.camaeleon.org\\\/de\\\/2024\\\/01\\\/18\\\/der-22-januar\\\/\"]]}]},{\"@type\":\"ImageObject\",\"inLanguage\":\"de\",\"@id\":\"https:\\\/\\\/www.camaeleon.org\\\/de\\\/2024\\\/01\\\/18\\\/der-22-januar\\\/#primaryimage\",\"url\":\"https:\\\/\\\/www.camaeleon.org\\\/wp-content\\\/uploads\\\/2024\\\/01\\\/img_3042.jpg\",\"contentUrl\":\"https:\\\/\\\/www.camaeleon.org\\\/wp-content\\\/uploads\\\/2024\\\/01\\\/img_3042.jpg\",\"width\":1000,\"height\":667,\"caption\":\"Photo: DFG\"},{\"@type\":\"BreadcrumbList\",\"@id\":\"https:\\\/\\\/www.camaeleon.org\\\/de\\\/2024\\\/01\\\/18\\\/der-22-januar\\\/#breadcrumb\",\"itemListElement\":[{\"@type\":\"ListItem\",\"position\":1,\"name\":\"Home\",\"item\":\"https:\\\/\\\/www.camaeleon.org\\\/de\\\/\"},{\"@type\":\"ListItem\",\"position\":2,\"name\":\"Das Wort der Woche: #Deutsch-franz\u00f6sischer Freundschaftstag\"}]},{\"@type\":\"WebSite\",\"@id\":\"https:\\\/\\\/www.camaeleon.org\\\/de\\\/#website\",\"url\":\"https:\\\/\\\/www.camaeleon.org\\\/de\\\/\",\"name\":\"Cam\u00e4l\u00e9on\",\"description\":\"Das Sch\u00fclermagazin des Deutsch-Franz\u00f6sischen Gymnasiums Saarbr\u00fccken\",\"publisher\":{\"@id\":\"https:\\\/\\\/www.camaeleon.org\\\/de\\\/#organization\"},\"potentialAction\":[{\"@type\":\"SearchAction\",\"target\":{\"@type\":\"EntryPoint\",\"urlTemplate\":\"https:\\\/\\\/www.camaeleon.org\\\/de\\\/?s={search_term_string}\"},\"query-input\":{\"@type\":\"PropertyValueSpecification\",\"valueRequired\":true,\"valueName\":\"search_term_string\"}}],\"inLanguage\":\"de\"},{\"@type\":\"Organization\",\"@id\":\"https:\\\/\\\/www.camaeleon.org\\\/de\\\/#organization\",\"name\":\"Cam\u00e4l\u00e9on\",\"url\":\"https:\\\/\\\/www.camaeleon.org\\\/de\\\/\",\"logo\":{\"@type\":\"ImageObject\",\"inLanguage\":\"de\",\"@id\":\"https:\\\/\\\/www.camaeleon.org\\\/de\\\/#\\\/schema\\\/logo\\\/image\\\/\",\"url\":\"https:\\\/\\\/www.camaeleon.org\\\/wp-content\\\/uploads\\\/2011\\\/11\\\/CAM\u00c4LEON.jpg\",\"contentUrl\":\"https:\\\/\\\/www.camaeleon.org\\\/wp-content\\\/uploads\\\/2011\\\/11\\\/CAM\u00c4LEON.jpg\",\"width\":959,\"height\":959,\"caption\":\"Cam\u00e4l\u00e9on\"},\"image\":{\"@id\":\"https:\\\/\\\/www.camaeleon.org\\\/de\\\/#\\\/schema\\\/logo\\\/image\\\/\"},\"sameAs\":[\"https:\\\/\\\/www.facebook.com\\\/camaeleon.org\\\/\",\"https:\\\/\\\/x.com\\\/camaeleonOrg\",\"https:\\\/\\\/www.instagram.com\\\/camaeleon.dfg\\\/\",\"https:\\\/\\\/www.youtube.com\\\/channel\\\/UCl3TAUDdGuu_c7CD6ax6hYg\"]},{\"@type\":\"Person\",\"@id\":\"https:\\\/\\\/www.camaeleon.org\\\/de\\\/#\\\/schema\\\/person\\\/464e569d01be14890e1eb1cdd491d9ad\",\"name\":\"Alice Colin\",\"image\":{\"@type\":\"ImageObject\",\"inLanguage\":\"de\",\"@id\":\"https:\\\/\\\/www.camaeleon.org\\\/de\\\/wp-content\\\/uploads\\\/2021\\\/10\\\/1633619312756-150x150.jpgc89c4b825a2cad2d46216cab17e90f48\",\"url\":\"https:\\\/\\\/www.camaeleon.org\\\/wp-content\\\/uploads\\\/2021\\\/10\\\/1633619312756-150x150.jpg\",\"contentUrl\":\"https:\\\/\\\/www.camaeleon.org\\\/wp-content\\\/uploads\\\/2021\\\/10\\\/1633619312756-150x150.jpg\",\"caption\":\"Alice Colin\"},\"description\":\"Hallo, ich hei\u00dfe Alice Colin und bin 14 Jahre alt. Ich bin Teil der Cam\u00e4l\u00e9on-Redaktion, weil ich schreiben und zeichnen liebe. In meiner Freizeit spiele ich Gitarre und lese gerne.\",\"url\":\"https:\\\/\\\/www.camaeleon.org\\\/de\\\/author\\\/alice-colin\\\/\"}]}<\/script>\n<!-- \/ Yoast SEO plugin. -->","yoast_head_json":{"title":"Das Wort der Woche: #Deutsch-franz\u00f6sischer Freundschaftstag - Cam\u00e4l\u00e9on","description":"Der 22. Januar ist der deutsch-franz\u00f6sische Freundschaftstag. Wir haben unseren Schulleiter Herrn Hauter zu diesem besonderen Tag interviewt.","robots":{"index":"index","follow":"follow","max-snippet":"max-snippet:-1","max-image-preview":"max-image-preview:large","max-video-preview":"max-video-preview:-1"},"canonical":"https:\/\/www.camaeleon.org\/de\/2024\/01\/18\/der-22-januar\/","og_locale":"de_DE","og_type":"article","og_title":"Das Wort der Woche: #Deutsch-franz\u00f6sischer Freundschaftstag - Cam\u00e4l\u00e9on","og_description":"Der 22. Januar ist der deutsch-franz\u00f6sische Freundschaftstag. Wir haben unseren Schulleiter Herrn Hauter zu diesem besonderen Tag interviewt.","og_url":"https:\/\/www.camaeleon.org\/de\/2024\/01\/18\/der-22-januar\/","og_site_name":"Cam\u00e4l\u00e9on","article_publisher":"https:\/\/www.facebook.com\/camaeleon.org\/","article_published_time":"2024-01-18T20:00:01+00:00","article_modified_time":"2024-03-01T21:27:46+00:00","og_image":[{"width":1000,"height":667,"url":"https:\/\/www.camaeleon.org\/wp-content\/uploads\/2024\/01\/img_3042.jpg","type":"image\/jpeg"}],"author":"Alice Colin, Timo Poetsch","twitter_card":"summary_large_image","twitter_creator":"@camaeleonOrg","twitter_site":"@camaeleonOrg","schema":{"@context":"https:\/\/schema.org","@graph":[{"@type":"Article","@id":"https:\/\/www.camaeleon.org\/2024\/01\/18\/der-22-januar\/#article","isPartOf":{"@id":"https:\/\/www.camaeleon.org\/2024\/01\/18\/der-22-januar\/"},"author":{"name":"Alice Colin","@id":"https:\/\/www.camaeleon.org\/de\/#\/schema\/person\/464e569d01be14890e1eb1cdd491d9ad"},"headline":"Das Wort der Woche: #Deutsch-franz\u00f6sischer Freundschaftstag","datePublished":"2024-01-18T20:00:01+00:00","dateModified":"2024-03-01T21:27:46+00:00","mainEntityOfPage":{"@id":"https:\/\/www.camaeleon.org\/2024\/01\/18\/der-22-januar\/"},"wordCount":774,"commentCount":0,"publisher":{"@id":"https:\/\/www.camaeleon.org\/de\/#organization"},"image":{"@id":"https:\/\/www.camaeleon.org\/2024\/01\/18\/der-22-januar\/#primaryimage"},"thumbnailUrl":"https:\/\/www.camaeleon.org\/wp-content\/uploads\/2024\/01\/img_3042.jpg","keywords":["22 janvier","22. Januar","Deutsch-franz\u00f6sische Freundschaft","Deutsch-franz\u00f6sischer Tag","Journ\u00e9e franco-allemande"],"articleSection":["Das Wort der Woche"],"inLanguage":"de","potentialAction":[{"@type":"CommentAction","name":"Comment","target":["https:\/\/www.camaeleon.org\/2024\/01\/18\/der-22-januar\/#respond"]}]},{"@type":"WebPage","@id":"https:\/\/www.camaeleon.org\/de\/2024\/01\/18\/der-22-januar\/","url":"https:\/\/www.camaeleon.org\/de\/2024\/01\/18\/der-22-januar\/","name":"Das Wort der Woche: #Deutsch-franz\u00f6sischer Freundschaftstag - Cam\u00e4l\u00e9on","isPartOf":{"@id":"https:\/\/www.camaeleon.org\/de\/#website"},"primaryImageOfPage":{"@id":"https:\/\/www.camaeleon.org\/de\/2024\/01\/18\/der-22-januar\/#primaryimage"},"image":{"@id":"https:\/\/www.camaeleon.org\/2024\/01\/18\/der-22-januar\/#primaryimage"},"thumbnailUrl":"https:\/\/www.camaeleon.org\/wp-content\/uploads\/2024\/01\/img_3042.jpg","datePublished":"2024-01-18T20:00:01+00:00","dateModified":"2024-03-01T21:27:46+00:00","description":"Der 22. Januar ist der deutsch-franz\u00f6sische Freundschaftstag. Wir haben unseren Schulleiter Herrn Hauter zu diesem besonderen Tag interviewt.","breadcrumb":{"@id":"https:\/\/www.camaeleon.org\/de\/2024\/01\/18\/der-22-januar\/#breadcrumb"},"inLanguage":"de","potentialAction":[{"@type":"ReadAction","target":[["https:\/\/www.camaeleon.org\/de\/2024\/01\/18\/der-22-januar\/"]]}]},{"@type":"ImageObject","inLanguage":"de","@id":"https:\/\/www.camaeleon.org\/de\/2024\/01\/18\/der-22-januar\/#primaryimage","url":"https:\/\/www.camaeleon.org\/wp-content\/uploads\/2024\/01\/img_3042.jpg","contentUrl":"https:\/\/www.camaeleon.org\/wp-content\/uploads\/2024\/01\/img_3042.jpg","width":1000,"height":667,"caption":"Photo: DFG"},{"@type":"BreadcrumbList","@id":"https:\/\/www.camaeleon.org\/de\/2024\/01\/18\/der-22-januar\/#breadcrumb","itemListElement":[{"@type":"ListItem","position":1,"name":"Home","item":"https:\/\/www.camaeleon.org\/de\/"},{"@type":"ListItem","position":2,"name":"Das Wort der Woche: #Deutsch-franz\u00f6sischer Freundschaftstag"}]},{"@type":"WebSite","@id":"https:\/\/www.camaeleon.org\/de\/#website","url":"https:\/\/www.camaeleon.org\/de\/","name":"Cam\u00e4l\u00e9on","description":"Das Sch\u00fclermagazin des Deutsch-Franz\u00f6sischen Gymnasiums Saarbr\u00fccken","publisher":{"@id":"https:\/\/www.camaeleon.org\/de\/#organization"},"potentialAction":[{"@type":"SearchAction","target":{"@type":"EntryPoint","urlTemplate":"https:\/\/www.camaeleon.org\/de\/?s={search_term_string}"},"query-input":{"@type":"PropertyValueSpecification","valueRequired":true,"valueName":"search_term_string"}}],"inLanguage":"de"},{"@type":"Organization","@id":"https:\/\/www.camaeleon.org\/de\/#organization","name":"Cam\u00e4l\u00e9on","url":"https:\/\/www.camaeleon.org\/de\/","logo":{"@type":"ImageObject","inLanguage":"de","@id":"https:\/\/www.camaeleon.org\/de\/#\/schema\/logo\/image\/","url":"https:\/\/www.camaeleon.org\/wp-content\/uploads\/2011\/11\/CAM\u00c4LEON.jpg","contentUrl":"https:\/\/www.camaeleon.org\/wp-content\/uploads\/2011\/11\/CAM\u00c4LEON.jpg","width":959,"height":959,"caption":"Cam\u00e4l\u00e9on"},"image":{"@id":"https:\/\/www.camaeleon.org\/de\/#\/schema\/logo\/image\/"},"sameAs":["https:\/\/www.facebook.com\/camaeleon.org\/","https:\/\/x.com\/camaeleonOrg","https:\/\/www.instagram.com\/camaeleon.dfg\/","https:\/\/www.youtube.com\/channel\/UCl3TAUDdGuu_c7CD6ax6hYg"]},{"@type":"Person","@id":"https:\/\/www.camaeleon.org\/de\/#\/schema\/person\/464e569d01be14890e1eb1cdd491d9ad","name":"Alice Colin","image":{"@type":"ImageObject","inLanguage":"de","@id":"https:\/\/www.camaeleon.org\/de\/wp-content\/uploads\/2021\/10\/1633619312756-150x150.jpgc89c4b825a2cad2d46216cab17e90f48","url":"https:\/\/www.camaeleon.org\/wp-content\/uploads\/2021\/10\/1633619312756-150x150.jpg","contentUrl":"https:\/\/www.camaeleon.org\/wp-content\/uploads\/2021\/10\/1633619312756-150x150.jpg","caption":"Alice Colin"},"description":"Hallo, ich hei\u00dfe Alice Colin und bin 14 Jahre alt. Ich bin Teil der Cam\u00e4l\u00e9on-Redaktion, weil ich schreiben und zeichnen liebe. In meiner Freizeit spiele ich Gitarre und lese gerne.","url":"https:\/\/www.camaeleon.org\/de\/author\/alice-colin\/"}]}},"_links":{"self":[{"href":"https:\/\/www.camaeleon.org\/de\/wp-json\/wp\/v2\/posts\/30081","targetHints":{"allow":["GET"]}}],"collection":[{"href":"https:\/\/www.camaeleon.org\/de\/wp-json\/wp\/v2\/posts"}],"about":[{"href":"https:\/\/www.camaeleon.org\/de\/wp-json\/wp\/v2\/types\/post"}],"author":[{"embeddable":true,"href":"https:\/\/www.camaeleon.org\/de\/wp-json\/wp\/v2\/users\/150"}],"replies":[{"embeddable":true,"href":"https:\/\/www.camaeleon.org\/de\/wp-json\/wp\/v2\/comments?post=30081"}],"version-history":[{"count":5,"href":"https:\/\/www.camaeleon.org\/de\/wp-json\/wp\/v2\/posts\/30081\/revisions"}],"predecessor-version":[{"id":30122,"href":"https:\/\/www.camaeleon.org\/de\/wp-json\/wp\/v2\/posts\/30081\/revisions\/30122"}],"wp:featuredmedia":[{"embeddable":true,"href":"https:\/\/www.camaeleon.org\/de\/wp-json\/wp\/v2\/media\/30096"}],"wp:attachment":[{"href":"https:\/\/www.camaeleon.org\/de\/wp-json\/wp\/v2\/media?parent=30081"}],"wp:term":[{"taxonomy":"category","embeddable":true,"href":"https:\/\/www.camaeleon.org\/de\/wp-json\/wp\/v2\/categories?post=30081"},{"taxonomy":"post_tag","embeddable":true,"href":"https:\/\/www.camaeleon.org\/de\/wp-json\/wp\/v2\/tags?post=30081"},{"taxonomy":"author","embeddable":true,"href":"https:\/\/www.camaeleon.org\/de\/wp-json\/wp\/v2\/coauthors?post=30081"}],"curies":[{"name":"wp","href":"https:\/\/api.w.org\/{rel}","templated":true}]}}