{"id":30050,"date":"2024-01-14T23:01:54","date_gmt":"2024-01-14T22:01:54","guid":{"rendered":"https:\/\/www.camaeleon.org\/?p=30050"},"modified":"2024-03-22T15:52:19","modified_gmt":"2024-03-22T14:52:19","slug":"ausgebremst-auf-dem-radweg-fahrradfahren-in-saarbruecken","status":"publish","type":"post","link":"https:\/\/www.camaeleon.org\/de\/2024\/01\/14\/ausgebremst-auf-dem-radweg-fahrradfahren-in-saarbruecken\/","title":{"rendered":"Ausgebremst auf dem Radweg? Fahrradfahren in Saarbr\u00fccken"},"content":{"rendered":"<p>Wie sicher ist Fahrradfahren in Saarbr\u00fccken? Julian Bidot, Cam\u00e4l\u00e9on-Journalist und selbst Alltagsradfahrer, geht in dieser Reportage unter anderem mit der Fahrrad-Dashcam dieser Frage auf den Grund.<\/p>\n<p>In einer so autodominierten Stadt wie Saarbr\u00fccken ist es umso wichtiger, dass auch die Interessen der schw\u00e4cheren VerkehrsteilnehmerInnen &#8211; Radfahrende &#8211; in der Verkehrsplanung st\u00e4rker ber\u00fccksichtigt werden. Daf\u00fcr setzt sich der ADFC ein. Die Ortsgruppe Saarbr\u00fccken trifft sich zweimal im Monat und engagiert sich f\u00fcr eine bessere und sichere Radinfrastruktur. Thomas Fl\u00e4schner, der Vorsitzende des ADFC Saar, zeigt au\u00dferdem Schwachstellen in der Infrastruktur rund um das DFG auf.<\/p>\n<p>Auch Yannick Seinsoth setzt sich f\u00fcr Radfahrende ein. Er ist seit April 2021 der Fahrradbeauftragte der Stadt. Im Interview erl\u00e4utert er die Strategie f\u00fcr den Ausbau der Radverkehrsinfrastruktur.<\/p>\n<div class=\"lyte-wrapper\" style=\"width:1280px;max-width:100%;margin:5px auto;\"><div class=\"lyMe hidef\" id=\"WYL_5_bQ9HTpl34\"><div id=\"lyte_5_bQ9HTpl34\" data-src=\"https:\/\/www.camaeleon.org\/wp-content\/plugins\/wp-youtube-lyte\/lyteCache.php?origThumbUrl=%2F%2Fi.ytimg.com%2Fvi%2F5_bQ9HTpl34%2Fhqdefault.jpg\" class=\"pL\"><div class=\"tC\"><div class=\"tT\"><\/div><\/div><div class=\"play\"><\/div><div class=\"ctrl\"><div class=\"Lctrl\"><\/div><div class=\"Rctrl\"><\/div><\/div><\/div><noscript><a href=\"https:\/\/youtu.be\/5_bQ9HTpl34\" rel=\"nofollow\"><img loading=\"lazy\" decoding=\"async\" src=\"https:\/\/www.camaeleon.org\/wp-content\/plugins\/wp-youtube-lyte\/lyteCache.php?origThumbUrl=https%3A%2F%2Fi.ytimg.com%2Fvi%2F5_bQ9HTpl34%2F0.jpg\" alt=\"YouTube-Video-Vorschaubild\" width=\"1280\" height=\"700\" \/><br \/>Dieses Video auf YouTube ansehen<\/a><\/noscript><\/div><\/div><div class=\"lL\" style=\"max-width:100%;width:1280px;margin:5px auto;\"><br\/><span class=\"lyte_disclaimer\">Mit dem Klick auf das Video wird eine Verbindung zu YouTube hergestellt. Weitere Infos in der <a href=\"https:\/\/www.camaeleon.org\/de\/mentions-legales\/declaration-de-protection-des-donnees\/\">Datenschutzerkl\u00e4rung<\/a>.<\/span><\/div><\/p>\n<p>&nbsp;<\/p>","protected":false},"excerpt":{"rendered":"<p>Wie sicher ist Fahrradfahren in Saarbr\u00fccken? Julian Bidot, Cam\u00e4l\u00e9on-Journalist und selbst Alltagsradfahrer, geht in dieser Reportage unter anderem mit der Fahrrad-Dashcam dieser Frage auf den<\/p>\n","protected":false},"author":143,"featured_media":30049,"comment_status":"open","ping_status":"closed","sticky":false,"template":"","format":"standard","meta":{"colormag_page_container_layout":"default_layout","colormag_page_sidebar_layout":"default_layout","footnotes":""},"categories":[10,662,908],"tags":[2356,2357,2361,2358,2362,299,2355,2350,2352,2351,302,2359,53,2354,2353,2360],"coauthors":[1208],"class_list":["post-30050","post","type-post","status-publish","format-standard","has-post-thumbnail","hentry","category-politique","category-sarrebruck","category-camaeleon-video","tag-adfc","tag-adfc-saarbruecken","tag-autodominanz","tag-autos","tag-dashcam","tag-fahrrad","tag-fahrradbeauftragter","tag-fahrradfahren","tag-fahrradunfaelle","tag-fahrradweg","tag-saarbruecken","tag-schulweg","tag-sicherheit","tag-vep","tag-verkehrsentwicklungsplan","tag-verkehrspolitik"],"yoast_head":"<!-- This site is optimized with the Yoast SEO plugin v27.5 - https:\/\/yoast.com\/product\/yoast-seo-wordpress\/ -->\n<title>Ausgebremst auf dem Radweg? Fahrradfahren in Saarbr\u00fccken - Cam\u00e4l\u00e9on<\/title>\n<meta name=\"robots\" content=\"index, follow, max-snippet:-1, max-image-preview:large, max-video-preview:-1\" \/>\n<link rel=\"canonical\" href=\"https:\/\/www.camaeleon.org\/de\/2024\/01\/14\/ausgebremst-auf-dem-radweg-fahrradfahren-in-saarbruecken\/\" \/>\n<meta property=\"og:locale\" content=\"de_DE\" \/>\n<meta property=\"og:type\" content=\"article\" \/>\n<meta property=\"og:title\" content=\"Ausgebremst auf dem Radweg? Fahrradfahren in Saarbr\u00fccken - Cam\u00e4l\u00e9on\" \/>\n<meta property=\"og:description\" content=\"Wie sicher ist Fahrradfahren in Saarbr\u00fccken? Julian Bidot, Cam\u00e4l\u00e9on-Journalist und selbst Alltagsradfahrer, geht in dieser Reportage unter anderem mit der Fahrrad-Dashcam dieser Frage auf den\" \/>\n<meta property=\"og:url\" content=\"https:\/\/www.camaeleon.org\/de\/2024\/01\/14\/ausgebremst-auf-dem-radweg-fahrradfahren-in-saarbruecken\/\" \/>\n<meta property=\"og:site_name\" content=\"Cam\u00e4l\u00e9on\" \/>\n<meta property=\"article:publisher\" content=\"https:\/\/www.facebook.com\/camaeleon.org\/\" \/>\n<meta property=\"article:published_time\" content=\"2024-01-14T22:01:54+00:00\" \/>\n<meta property=\"article:modified_time\" content=\"2024-03-22T14:52:19+00:00\" \/>\n<meta property=\"og:image\" content=\"https:\/\/www.camaeleon.org\/wp-content\/uploads\/2024\/01\/Bildschirmfoto-2023-12-01-um-14.13.22.png\" \/>\n\t<meta property=\"og:image:width\" content=\"1599\" \/>\n\t<meta property=\"og:image:height\" content=\"901\" \/>\n\t<meta property=\"og:image:type\" content=\"image\/png\" \/>\n<meta name=\"author\" content=\"Julian Bidot\" \/>\n<meta name=\"twitter:card\" content=\"summary_large_image\" \/>\n<meta name=\"twitter:creator\" content=\"@camaeleonOrg\" \/>\n<meta name=\"twitter:site\" content=\"@camaeleonOrg\" \/>\n<script type=\"application\/ld+json\" class=\"yoast-schema-graph\">{\"@context\":\"https:\\\/\\\/schema.org\",\"@graph\":[{\"@type\":\"Article\",\"@id\":\"https:\\\/\\\/www.camaeleon.org\\\/2024\\\/01\\\/14\\\/ausgebremst-auf-dem-radweg-fahrradfahren-in-saarbruecken\\\/#article\",\"isPartOf\":{\"@id\":\"https:\\\/\\\/www.camaeleon.org\\\/2024\\\/01\\\/14\\\/ausgebremst-auf-dem-radweg-fahrradfahren-in-saarbruecken\\\/\"},\"author\":{\"name\":\"Julian Bidot\",\"@id\":\"https:\\\/\\\/www.camaeleon.org\\\/de\\\/#\\\/schema\\\/person\\\/4df212263ca8d70a0a60b3cdf9cb792e\"},\"headline\":\"Ausgebremst auf dem Radweg? Fahrradfahren in Saarbr\u00fccken\",\"datePublished\":\"2024-01-14T22:01:54+00:00\",\"dateModified\":\"2024-03-22T14:52:19+00:00\",\"mainEntityOfPage\":{\"@id\":\"https:\\\/\\\/www.camaeleon.org\\\/2024\\\/01\\\/14\\\/ausgebremst-auf-dem-radweg-fahrradfahren-in-saarbruecken\\\/\"},\"wordCount\":530,\"commentCount\":1,\"publisher\":{\"@id\":\"https:\\\/\\\/www.camaeleon.org\\\/de\\\/#organization\"},\"image\":{\"@id\":\"https:\\\/\\\/www.camaeleon.org\\\/2024\\\/01\\\/14\\\/ausgebremst-auf-dem-radweg-fahrradfahren-in-saarbruecken\\\/#primaryimage\"},\"thumbnailUrl\":\"https:\\\/\\\/www.camaeleon.org\\\/wp-content\\\/uploads\\\/2024\\\/01\\\/Bildschirmfoto-2023-12-01-um-14.13.22.png\",\"keywords\":[\"ADFC\",\"ADFC Saarbr\u00fccken\",\"Autodominanz\",\"Autos\",\"Dashcam\",\"Fahrrad\",\"Fahrradbeauftragter\",\"Fahrradfahren\",\"Fahrradunf\u00e4lle\",\"Fahrradweg\",\"Saarbr\u00fccken\",\"Schulweg\",\"Sicherheit\",\"VEP\",\"Verkehrsentwicklungsplan\",\"Verkehrspolitik\"],\"articleSection\":[\"Politik\",\"Saarbr\u00fccken\",\"Video\"],\"inLanguage\":\"de\",\"potentialAction\":[{\"@type\":\"CommentAction\",\"name\":\"Comment\",\"target\":[\"https:\\\/\\\/www.camaeleon.org\\\/2024\\\/01\\\/14\\\/ausgebremst-auf-dem-radweg-fahrradfahren-in-saarbruecken\\\/#respond\"]}]},{\"@type\":\"WebPage\",\"@id\":\"https:\\\/\\\/www.camaeleon.org\\\/de\\\/2024\\\/01\\\/14\\\/ausgebremst-auf-dem-radweg-fahrradfahren-in-saarbruecken\\\/\",\"url\":\"https:\\\/\\\/www.camaeleon.org\\\/de\\\/2024\\\/01\\\/14\\\/ausgebremst-auf-dem-radweg-fahrradfahren-in-saarbruecken\\\/\",\"name\":\"Ausgebremst auf dem Radweg? Fahrradfahren in Saarbr\u00fccken - Cam\u00e4l\u00e9on\",\"isPartOf\":{\"@id\":\"https:\\\/\\\/www.camaeleon.org\\\/de\\\/#website\"},\"primaryImageOfPage\":{\"@id\":\"https:\\\/\\\/www.camaeleon.org\\\/de\\\/2024\\\/01\\\/14\\\/ausgebremst-auf-dem-radweg-fahrradfahren-in-saarbruecken\\\/#primaryimage\"},\"image\":{\"@id\":\"https:\\\/\\\/www.camaeleon.org\\\/2024\\\/01\\\/14\\\/ausgebremst-auf-dem-radweg-fahrradfahren-in-saarbruecken\\\/#primaryimage\"},\"thumbnailUrl\":\"https:\\\/\\\/www.camaeleon.org\\\/wp-content\\\/uploads\\\/2024\\\/01\\\/Bildschirmfoto-2023-12-01-um-14.13.22.png\",\"datePublished\":\"2024-01-14T22:01:54+00:00\",\"dateModified\":\"2024-03-22T14:52:19+00:00\",\"breadcrumb\":{\"@id\":\"https:\\\/\\\/www.camaeleon.org\\\/de\\\/2024\\\/01\\\/14\\\/ausgebremst-auf-dem-radweg-fahrradfahren-in-saarbruecken\\\/#breadcrumb\"},\"inLanguage\":\"de\",\"potentialAction\":[{\"@type\":\"ReadAction\",\"target\":[[\"https:\\\/\\\/www.camaeleon.org\\\/de\\\/2024\\\/01\\\/14\\\/ausgebremst-auf-dem-radweg-fahrradfahren-in-saarbruecken\\\/\"]]}]},{\"@type\":\"ImageObject\",\"inLanguage\":\"de\",\"@id\":\"https:\\\/\\\/www.camaeleon.org\\\/de\\\/2024\\\/01\\\/14\\\/ausgebremst-auf-dem-radweg-fahrradfahren-in-saarbruecken\\\/#primaryimage\",\"url\":\"https:\\\/\\\/www.camaeleon.org\\\/wp-content\\\/uploads\\\/2024\\\/01\\\/Bildschirmfoto-2023-12-01-um-14.13.22.png\",\"contentUrl\":\"https:\\\/\\\/www.camaeleon.org\\\/wp-content\\\/uploads\\\/2024\\\/01\\\/Bildschirmfoto-2023-12-01-um-14.13.22.png\",\"width\":1599,\"height\":901},{\"@type\":\"BreadcrumbList\",\"@id\":\"https:\\\/\\\/www.camaeleon.org\\\/de\\\/2024\\\/01\\\/14\\\/ausgebremst-auf-dem-radweg-fahrradfahren-in-saarbruecken\\\/#breadcrumb\",\"itemListElement\":[{\"@type\":\"ListItem\",\"position\":1,\"name\":\"Home\",\"item\":\"https:\\\/\\\/www.camaeleon.org\\\/de\\\/\"},{\"@type\":\"ListItem\",\"position\":2,\"name\":\"Ralentis sur les pistes cyclables ou de la situation des cyclistes \u00e0 Sarrebruck\"}]},{\"@type\":\"WebSite\",\"@id\":\"https:\\\/\\\/www.camaeleon.org\\\/de\\\/#website\",\"url\":\"https:\\\/\\\/www.camaeleon.org\\\/de\\\/\",\"name\":\"Cam\u00e4l\u00e9on\",\"description\":\"Das Sch\u00fclermagazin des Deutsch-Franz\u00f6sischen Gymnasiums Saarbr\u00fccken\",\"publisher\":{\"@id\":\"https:\\\/\\\/www.camaeleon.org\\\/de\\\/#organization\"},\"potentialAction\":[{\"@type\":\"SearchAction\",\"target\":{\"@type\":\"EntryPoint\",\"urlTemplate\":\"https:\\\/\\\/www.camaeleon.org\\\/de\\\/?s={search_term_string}\"},\"query-input\":{\"@type\":\"PropertyValueSpecification\",\"valueRequired\":true,\"valueName\":\"search_term_string\"}}],\"inLanguage\":\"de\"},{\"@type\":\"Organization\",\"@id\":\"https:\\\/\\\/www.camaeleon.org\\\/de\\\/#organization\",\"name\":\"Cam\u00e4l\u00e9on\",\"url\":\"https:\\\/\\\/www.camaeleon.org\\\/de\\\/\",\"logo\":{\"@type\":\"ImageObject\",\"inLanguage\":\"de\",\"@id\":\"https:\\\/\\\/www.camaeleon.org\\\/de\\\/#\\\/schema\\\/logo\\\/image\\\/\",\"url\":\"https:\\\/\\\/www.camaeleon.org\\\/wp-content\\\/uploads\\\/2011\\\/11\\\/CAM\u00c4LEON.jpg\",\"contentUrl\":\"https:\\\/\\\/www.camaeleon.org\\\/wp-content\\\/uploads\\\/2011\\\/11\\\/CAM\u00c4LEON.jpg\",\"width\":959,\"height\":959,\"caption\":\"Cam\u00e4l\u00e9on\"},\"image\":{\"@id\":\"https:\\\/\\\/www.camaeleon.org\\\/de\\\/#\\\/schema\\\/logo\\\/image\\\/\"},\"sameAs\":[\"https:\\\/\\\/www.facebook.com\\\/camaeleon.org\\\/\",\"https:\\\/\\\/x.com\\\/camaeleonOrg\",\"https:\\\/\\\/www.instagram.com\\\/camaeleon.dfg\\\/\",\"https:\\\/\\\/www.youtube.com\\\/channel\\\/UCl3TAUDdGuu_c7CD6ax6hYg\"]},{\"@type\":\"Person\",\"@id\":\"https:\\\/\\\/www.camaeleon.org\\\/de\\\/#\\\/schema\\\/person\\\/4df212263ca8d70a0a60b3cdf9cb792e\",\"name\":\"Julian Bidot\",\"image\":{\"@type\":\"ImageObject\",\"inLanguage\":\"de\",\"@id\":\"https:\\\/\\\/www.camaeleon.org\\\/de\\\/wp-content\\\/uploads\\\/2020\\\/12\\\/julian.jpgeeb77fb6f9ba90c8300a9123a3909722\",\"url\":\"https:\\\/\\\/www.camaeleon.org\\\/wp-content\\\/uploads\\\/2020\\\/12\\\/julian.jpg\",\"contentUrl\":\"https:\\\/\\\/www.camaeleon.org\\\/wp-content\\\/uploads\\\/2020\\\/12\\\/julian.jpg\",\"caption\":\"Julian Bidot\"},\"description\":\"Hallo! Ich bin Julian und 18 Jahre alt. Seit 2020 bin ich bei Cam\u00e4l\u00e9on aktiv. Gerade Politik interessiert mich sehr; aber auch Ver\u00e4nderungen an unserer Schule bzw. in der Region. Mittlerweile gehe ich in die TL. Schreibt mir gerne Kommentare oder eine Mail! Viel Spa\u00df auf Cam\u00e4l\u00e9on!\",\"url\":\"https:\\\/\\\/www.camaeleon.org\\\/de\\\/author\\\/julian-bidot\\\/\"}]}<\/script>\n<!-- \/ Yoast SEO plugin. -->","yoast_head_json":{"title":"Ausgebremst auf dem Radweg? Fahrradfahren in Saarbr\u00fccken - Cam\u00e4l\u00e9on","robots":{"index":"index","follow":"follow","max-snippet":"max-snippet:-1","max-image-preview":"max-image-preview:large","max-video-preview":"max-video-preview:-1"},"canonical":"https:\/\/www.camaeleon.org\/de\/2024\/01\/14\/ausgebremst-auf-dem-radweg-fahrradfahren-in-saarbruecken\/","og_locale":"de_DE","og_type":"article","og_title":"Ausgebremst auf dem Radweg? Fahrradfahren in Saarbr\u00fccken - Cam\u00e4l\u00e9on","og_description":"Wie sicher ist Fahrradfahren in Saarbr\u00fccken? Julian Bidot, Cam\u00e4l\u00e9on-Journalist und selbst Alltagsradfahrer, geht in dieser Reportage unter anderem mit der Fahrrad-Dashcam dieser Frage auf den","og_url":"https:\/\/www.camaeleon.org\/de\/2024\/01\/14\/ausgebremst-auf-dem-radweg-fahrradfahren-in-saarbruecken\/","og_site_name":"Cam\u00e4l\u00e9on","article_publisher":"https:\/\/www.facebook.com\/camaeleon.org\/","article_published_time":"2024-01-14T22:01:54+00:00","article_modified_time":"2024-03-22T14:52:19+00:00","og_image":[{"width":1599,"height":901,"url":"https:\/\/www.camaeleon.org\/wp-content\/uploads\/2024\/01\/Bildschirmfoto-2023-12-01-um-14.13.22.png","type":"image\/png"}],"author":"Julian Bidot","twitter_card":"summary_large_image","twitter_creator":"@camaeleonOrg","twitter_site":"@camaeleonOrg","schema":{"@context":"https:\/\/schema.org","@graph":[{"@type":"Article","@id":"https:\/\/www.camaeleon.org\/2024\/01\/14\/ausgebremst-auf-dem-radweg-fahrradfahren-in-saarbruecken\/#article","isPartOf":{"@id":"https:\/\/www.camaeleon.org\/2024\/01\/14\/ausgebremst-auf-dem-radweg-fahrradfahren-in-saarbruecken\/"},"author":{"name":"Julian Bidot","@id":"https:\/\/www.camaeleon.org\/de\/#\/schema\/person\/4df212263ca8d70a0a60b3cdf9cb792e"},"headline":"Ausgebremst auf dem Radweg? Fahrradfahren in Saarbr\u00fccken","datePublished":"2024-01-14T22:01:54+00:00","dateModified":"2024-03-22T14:52:19+00:00","mainEntityOfPage":{"@id":"https:\/\/www.camaeleon.org\/2024\/01\/14\/ausgebremst-auf-dem-radweg-fahrradfahren-in-saarbruecken\/"},"wordCount":530,"commentCount":1,"publisher":{"@id":"https:\/\/www.camaeleon.org\/de\/#organization"},"image":{"@id":"https:\/\/www.camaeleon.org\/2024\/01\/14\/ausgebremst-auf-dem-radweg-fahrradfahren-in-saarbruecken\/#primaryimage"},"thumbnailUrl":"https:\/\/www.camaeleon.org\/wp-content\/uploads\/2024\/01\/Bildschirmfoto-2023-12-01-um-14.13.22.png","keywords":["ADFC","ADFC Saarbr\u00fccken","Autodominanz","Autos","Dashcam","Fahrrad","Fahrradbeauftragter","Fahrradfahren","Fahrradunf\u00e4lle","Fahrradweg","Saarbr\u00fccken","Schulweg","Sicherheit","VEP","Verkehrsentwicklungsplan","Verkehrspolitik"],"articleSection":["Politik","Saarbr\u00fccken","Video"],"inLanguage":"de","potentialAction":[{"@type":"CommentAction","name":"Comment","target":["https:\/\/www.camaeleon.org\/2024\/01\/14\/ausgebremst-auf-dem-radweg-fahrradfahren-in-saarbruecken\/#respond"]}]},{"@type":"WebPage","@id":"https:\/\/www.camaeleon.org\/de\/2024\/01\/14\/ausgebremst-auf-dem-radweg-fahrradfahren-in-saarbruecken\/","url":"https:\/\/www.camaeleon.org\/de\/2024\/01\/14\/ausgebremst-auf-dem-radweg-fahrradfahren-in-saarbruecken\/","name":"Ausgebremst auf dem Radweg? Fahrradfahren in Saarbr\u00fccken - Cam\u00e4l\u00e9on","isPartOf":{"@id":"https:\/\/www.camaeleon.org\/de\/#website"},"primaryImageOfPage":{"@id":"https:\/\/www.camaeleon.org\/de\/2024\/01\/14\/ausgebremst-auf-dem-radweg-fahrradfahren-in-saarbruecken\/#primaryimage"},"image":{"@id":"https:\/\/www.camaeleon.org\/2024\/01\/14\/ausgebremst-auf-dem-radweg-fahrradfahren-in-saarbruecken\/#primaryimage"},"thumbnailUrl":"https:\/\/www.camaeleon.org\/wp-content\/uploads\/2024\/01\/Bildschirmfoto-2023-12-01-um-14.13.22.png","datePublished":"2024-01-14T22:01:54+00:00","dateModified":"2024-03-22T14:52:19+00:00","breadcrumb":{"@id":"https:\/\/www.camaeleon.org\/de\/2024\/01\/14\/ausgebremst-auf-dem-radweg-fahrradfahren-in-saarbruecken\/#breadcrumb"},"inLanguage":"de","potentialAction":[{"@type":"ReadAction","target":[["https:\/\/www.camaeleon.org\/de\/2024\/01\/14\/ausgebremst-auf-dem-radweg-fahrradfahren-in-saarbruecken\/"]]}]},{"@type":"ImageObject","inLanguage":"de","@id":"https:\/\/www.camaeleon.org\/de\/2024\/01\/14\/ausgebremst-auf-dem-radweg-fahrradfahren-in-saarbruecken\/#primaryimage","url":"https:\/\/www.camaeleon.org\/wp-content\/uploads\/2024\/01\/Bildschirmfoto-2023-12-01-um-14.13.22.png","contentUrl":"https:\/\/www.camaeleon.org\/wp-content\/uploads\/2024\/01\/Bildschirmfoto-2023-12-01-um-14.13.22.png","width":1599,"height":901},{"@type":"BreadcrumbList","@id":"https:\/\/www.camaeleon.org\/de\/2024\/01\/14\/ausgebremst-auf-dem-radweg-fahrradfahren-in-saarbruecken\/#breadcrumb","itemListElement":[{"@type":"ListItem","position":1,"name":"Home","item":"https:\/\/www.camaeleon.org\/de\/"},{"@type":"ListItem","position":2,"name":"Ralentis sur les pistes cyclables ou de la situation des cyclistes \u00e0 Sarrebruck"}]},{"@type":"WebSite","@id":"https:\/\/www.camaeleon.org\/de\/#website","url":"https:\/\/www.camaeleon.org\/de\/","name":"Cam\u00e4l\u00e9on","description":"Das Sch\u00fclermagazin des Deutsch-Franz\u00f6sischen Gymnasiums Saarbr\u00fccken","publisher":{"@id":"https:\/\/www.camaeleon.org\/de\/#organization"},"potentialAction":[{"@type":"SearchAction","target":{"@type":"EntryPoint","urlTemplate":"https:\/\/www.camaeleon.org\/de\/?s={search_term_string}"},"query-input":{"@type":"PropertyValueSpecification","valueRequired":true,"valueName":"search_term_string"}}],"inLanguage":"de"},{"@type":"Organization","@id":"https:\/\/www.camaeleon.org\/de\/#organization","name":"Cam\u00e4l\u00e9on","url":"https:\/\/www.camaeleon.org\/de\/","logo":{"@type":"ImageObject","inLanguage":"de","@id":"https:\/\/www.camaeleon.org\/de\/#\/schema\/logo\/image\/","url":"https:\/\/www.camaeleon.org\/wp-content\/uploads\/2011\/11\/CAM\u00c4LEON.jpg","contentUrl":"https:\/\/www.camaeleon.org\/wp-content\/uploads\/2011\/11\/CAM\u00c4LEON.jpg","width":959,"height":959,"caption":"Cam\u00e4l\u00e9on"},"image":{"@id":"https:\/\/www.camaeleon.org\/de\/#\/schema\/logo\/image\/"},"sameAs":["https:\/\/www.facebook.com\/camaeleon.org\/","https:\/\/x.com\/camaeleonOrg","https:\/\/www.instagram.com\/camaeleon.dfg\/","https:\/\/www.youtube.com\/channel\/UCl3TAUDdGuu_c7CD6ax6hYg"]},{"@type":"Person","@id":"https:\/\/www.camaeleon.org\/de\/#\/schema\/person\/4df212263ca8d70a0a60b3cdf9cb792e","name":"Julian Bidot","image":{"@type":"ImageObject","inLanguage":"de","@id":"https:\/\/www.camaeleon.org\/de\/wp-content\/uploads\/2020\/12\/julian.jpgeeb77fb6f9ba90c8300a9123a3909722","url":"https:\/\/www.camaeleon.org\/wp-content\/uploads\/2020\/12\/julian.jpg","contentUrl":"https:\/\/www.camaeleon.org\/wp-content\/uploads\/2020\/12\/julian.jpg","caption":"Julian Bidot"},"description":"Hallo! Ich bin Julian und 18 Jahre alt. Seit 2020 bin ich bei Cam\u00e4l\u00e9on aktiv. Gerade Politik interessiert mich sehr; aber auch Ver\u00e4nderungen an unserer Schule bzw. in der Region. Mittlerweile gehe ich in die TL. Schreibt mir gerne Kommentare oder eine Mail! Viel Spa\u00df auf Cam\u00e4l\u00e9on!","url":"https:\/\/www.camaeleon.org\/de\/author\/julian-bidot\/"}]}},"_links":{"self":[{"href":"https:\/\/www.camaeleon.org\/de\/wp-json\/wp\/v2\/posts\/30050","targetHints":{"allow":["GET"]}}],"collection":[{"href":"https:\/\/www.camaeleon.org\/de\/wp-json\/wp\/v2\/posts"}],"about":[{"href":"https:\/\/www.camaeleon.org\/de\/wp-json\/wp\/v2\/types\/post"}],"author":[{"embeddable":true,"href":"https:\/\/www.camaeleon.org\/de\/wp-json\/wp\/v2\/users\/143"}],"replies":[{"embeddable":true,"href":"https:\/\/www.camaeleon.org\/de\/wp-json\/wp\/v2\/comments?post=30050"}],"version-history":[{"count":9,"href":"https:\/\/www.camaeleon.org\/de\/wp-json\/wp\/v2\/posts\/30050\/revisions"}],"predecessor-version":[{"id":30799,"href":"https:\/\/www.camaeleon.org\/de\/wp-json\/wp\/v2\/posts\/30050\/revisions\/30799"}],"wp:featuredmedia":[{"embeddable":true,"href":"https:\/\/www.camaeleon.org\/de\/wp-json\/wp\/v2\/media\/30049"}],"wp:attachment":[{"href":"https:\/\/www.camaeleon.org\/de\/wp-json\/wp\/v2\/media?parent=30050"}],"wp:term":[{"taxonomy":"category","embeddable":true,"href":"https:\/\/www.camaeleon.org\/de\/wp-json\/wp\/v2\/categories?post=30050"},{"taxonomy":"post_tag","embeddable":true,"href":"https:\/\/www.camaeleon.org\/de\/wp-json\/wp\/v2\/tags?post=30050"},{"taxonomy":"author","embeddable":true,"href":"https:\/\/www.camaeleon.org\/de\/wp-json\/wp\/v2\/coauthors?post=30050"}],"curies":[{"name":"wp","href":"https:\/\/api.w.org\/{rel}","templated":true}]}}