{"id":28845,"date":"2023-06-16T23:18:07","date_gmt":"2023-06-16T21:18:07","guid":{"rendered":"https:\/\/www.camaeleon.org\/?p=28845"},"modified":"2023-10-18T23:50:25","modified_gmt":"2023-10-18T21:50:25","slug":"jugendwoerter-des-jahres-wer-benutzt-sie-wirklich","status":"publish","type":"post","link":"https:\/\/www.camaeleon.org\/de\/2023\/06\/16\/jugendwoerter-des-jahres-wer-benutzt-sie-wirklich\/","title":{"rendered":"Jugendw\u00f6rter des Jahres: Wer benutzt sie wirklich?"},"content":{"rendered":"<figure id=\"attachment_27769\" aria-describedby=\"caption-attachment-27769\" style=\"width: 300px\" class=\"wp-caption alignleft\"><img loading=\"lazy\" decoding=\"async\" class=\"size-medium wp-image-27769\" src=\"https:\/\/www.camaeleon.org\/wp-content\/uploads\/2022\/12\/smash-300x200.jpg\" alt=\"Jugendwort des Jahres 2022: Smash\" width=\"300\" height=\"200\" srcset=\"https:\/\/www.camaeleon.org\/wp-content\/uploads\/2022\/12\/smash-300x200.jpg 300w, https:\/\/www.camaeleon.org\/wp-content\/uploads\/2022\/12\/smash-880x587.jpg 880w, https:\/\/www.camaeleon.org\/wp-content\/uploads\/2022\/12\/smash-1536x1024.jpg 1536w, https:\/\/www.camaeleon.org\/wp-content\/uploads\/2022\/12\/smash.jpg 1920w\" sizes=\"auto, (max-width: 300px) 100vw, 300px\" \/><figcaption id=\"caption-attachment-27769\" class=\"wp-caption-text\">Illustration: motointermedia \/ pixabay.com \/ Cam\u00e4l\u00e9on<\/figcaption><\/figure>\n<p>Im Laufe der Jahre hat sich unsere Sprache immer wieder weiterentwickelt und so sind eben auch bestimmte W\u00f6rter in unseren Sprachgebrauch gerutscht, die wir vielleicht ganz unbewusst verwenden. Doch wer verwendet die angeblich so popul\u00e4ren &#8222;<a href=\"https:\/\/de.wikipedia.org\/wiki\/Jugendwort_des_Jahres_(Deutschland)\">Jugendw\u00f6rter des Jahres<\/a>&#8220; wirklich? Wir haben ein paar Sch\u00fcler des DFGs interviewt und hier sind die Ergebnisse.<\/p>\n<p><strong>1. Jugendwort: Smash<\/strong><br \/>\nDas Wort &#8222;Smash&#8220; wurde letztes Jahr (2022) auf Platz 1 der Jugendw\u00f6rter gesetzt. Tats\u00e4chlich benutzen sieben von acht interviewten Sch\u00fclern das Wort im Alltag. &#8222;Smash&#8220; bedeutet, dass man mit jemanden etwas anfangen will, also jemanden daten m\u00f6chte. Oft wird das Wort auch in dem Zusammenhang &#8222;Smash or Pass?&#8220; verwendet. Dieser Satz kam mit den sozialen Medien und entwickelte sich so zum Trend und hei\u00dft so viel wie annehmen oder ablehnen (z.B. beim Dating).<\/p>\n<p><strong>2. Jugendwort: bodenlos<br \/>\n<\/strong>Das Wort &#8222;bodenlos&#8220; hingegen benutzten nur die H\u00e4lfte der interviewten Personen (4 von 8). Das Wort hat eine negative Bedeutung und ist ein Synomym f\u00fcr &#8222;schlecht&#8220;, &#8222;mies&#8220; oder &#8222;unglaublich&#8220;. Ist eine Person bodenlos, wird sie als bescheuert oder dumm bezeichnet.<\/p>\n<p><strong>3. Jugendwort: Macher<br \/>\n<\/strong>Von den interviewten Personen benutzte nur eine Person das Wort &#8222;Macher&#8220; \u00f6fters. Ein &#8222;Macher&#8220; ist jemand, der Dinge umsetzt ohne zu z\u00f6gern oder auf Bitten von bestimmten Personen eingeht. Das Wort soll ein Lob f\u00fcr die Person sein, bezeichnet also etwas Positives.<\/p>\n<p><strong>4. Jugendwort: Bruder\/Bre\/Bro<br \/>\n<\/strong>Das Wort bzw. die W\u00f6rter &#8222;Bruder\/Bre\/Bro&#8220; benutzten alle interviewten Personen (8 von 8). Auch dieses Wort wird in unserer Gesellschaft als positives Wort angesehen. Oft wird es als Begriff f\u00fcr einen Kumpel, Freund oder eine Freundin verwendet.<\/p>\n<p><strong>5. Jugendwort: Diggah<br \/>\n<\/strong>Das Jugendwort Diggah benutzen sechs von den acht interviewten Personen. Es gibt zwei Arten, wie man das Wort verwenden kann. Einmal im positiven Sinn, wo man es wieder als Bezeichnung f\u00fcr einen Kumpel oder Freund verwendet und dann noch einmal im negativen Sinn. Dort sagt man oft &#8222;Diggah&#8220;, wenn man genervt oder ver\u00e4rgert ist.<\/p>\n<p><strong>6. Jugendwort: Gommemode<br \/>\n<\/strong>Dieses Jugendwort ist anscheinend zu Unrecht auf der Liste der Jugendw\u00f6rter, da niemand der interviewten Personen dieses Wort benutzt. Die meisten kannten es nicht einmal. Gommemode wird verwendet, wenn jemand unbesiegbar oder unendlich stark ist. Das Wort kommt von einem Minecraft-Youtuber namens &#8222;GommeHD&#8220;.<\/p>\n<p><strong>7. Jugendwort: SIU(UUU)<br \/>\n<\/strong>&#8222;SIU(UUU)&#8220; benutzten sechs von acht Personen. Also die Mehrheit! &#8222;SIU(UUU)&#8220; ist ein Ausruf, der verwendet wird, wenn etwas sehr Cooles passiert. Das Wort bzw. dieser Ausruf kommt von dem Fu\u00dfballprofi Cristiano Ronaldo.<\/p>\n<p><strong>8. Jugendwort: Slay<br \/>\n<\/strong>Dieses Wort wird benutzt wenn jemand selbstbewusst aussieht, selbstbewusst handelt oder etwas Spekatkul\u00e4res macht. Genau die H\u00e4lfte (vier von acht Personen) verwenden dieses Wort.<\/p>\n<p><strong>9. Jugendwort: Sus<br \/>\n<\/strong>Das Wort &#8222;Sus&#8220; benutzen auch sechs von acht Personen in ihrem Alltag. &#8222;Sus&#8220; ist ein Abk\u00fcrzung f\u00fcr das Wort &#8222;suspekt&#8220;, was verwendet wird, wenn man etwas verd\u00e4chtig findet. &#8222;Sus&#8220; stammt aus dem bekannten Spiel &#8222;Among Us&#8220;.<\/p>\n<p><strong>10. Jugendwort: Wild<br \/>\n<\/strong>Das letzte Jugendwort namens &#8222;wild&#8220; wurde von nur zwei Personen benutzt. Es hei\u00dft heftig bzw. krass.<\/p>\n","protected":false},"excerpt":{"rendered":"<p>Im Laufe der Jahre hat sich unsere Sprache immer wieder weiterentwickelt und so sind eben auch bestimmte W\u00f6rter in unseren Sprachgebrauch gerutscht, die wir vielleicht<\/p>\n","protected":false},"author":172,"featured_media":27769,"comment_status":"open","ping_status":"closed","sticky":false,"template":"","format":"standard","meta":{"colormag_page_container_layout":"default_layout","colormag_page_sidebar_layout":"default_layout","footnotes":""},"categories":[6,2039],"tags":[2235,2117,2118,2239,2236,529],"coauthors":[2224],"class_list":["post-28845","post","type-post","status-publish","format-standard","has-post-thumbnail","hentry","category-vie","category-zeitlos","tag-diggah","tag-jugendwort","tag-jugendwort-des-jahres","tag-langage","tag-slay","tag-sprache"],"yoast_head":"<!-- This site is optimized with the Yoast SEO plugin v27.4 - https:\/\/yoast.com\/product\/yoast-seo-wordpress\/ -->\n<title>Jugendw\u00f6rter des Jahres: Wer benutzt sie wirklich? - Cam\u00e4l\u00e9on<\/title>\n<meta name=\"description\" content=\"Wer verwendet die angeblich so popul\u00e4ren &quot;Jugendw\u00f6rter des Jahres&quot; wirklich? Wir haben Sch\u00fcler des DFG interviewt. Hier sind die Ergebnisse.\" \/>\n<meta name=\"robots\" content=\"index, follow, max-snippet:-1, max-image-preview:large, max-video-preview:-1\" \/>\n<link rel=\"canonical\" href=\"https:\/\/www.camaeleon.org\/de\/2023\/06\/16\/jugendwoerter-des-jahres-wer-benutzt-sie-wirklich\/\" \/>\n<meta property=\"og:locale\" content=\"de_DE\" \/>\n<meta property=\"og:type\" content=\"article\" \/>\n<meta property=\"og:title\" content=\"Jugendw\u00f6rter des Jahres: Wer benutzt sie wirklich? - Cam\u00e4l\u00e9on\" \/>\n<meta property=\"og:description\" content=\"Wer verwendet die angeblich so popul\u00e4ren &quot;Jugendw\u00f6rter des Jahres&quot; wirklich? Wir haben Sch\u00fcler des DFG interviewt. Hier sind die Ergebnisse.\" \/>\n<meta property=\"og:url\" content=\"https:\/\/www.camaeleon.org\/de\/2023\/06\/16\/jugendwoerter-des-jahres-wer-benutzt-sie-wirklich\/\" \/>\n<meta property=\"og:site_name\" content=\"Cam\u00e4l\u00e9on\" \/>\n<meta property=\"article:publisher\" content=\"https:\/\/www.facebook.com\/camaeleon.org\/\" \/>\n<meta property=\"article:published_time\" content=\"2023-06-16T21:18:07+00:00\" \/>\n<meta property=\"article:modified_time\" content=\"2023-10-18T21:50:25+00:00\" \/>\n<meta property=\"og:image\" content=\"https:\/\/www.camaeleon.org\/wp-content\/uploads\/2022\/12\/smash.jpg\" \/>\n\t<meta property=\"og:image:width\" content=\"1920\" \/>\n\t<meta property=\"og:image:height\" content=\"1280\" \/>\n\t<meta property=\"og:image:type\" content=\"image\/jpeg\" \/>\n<meta name=\"author\" content=\"Zoe Schmitt\" \/>\n<meta name=\"twitter:card\" content=\"summary_large_image\" \/>\n<meta name=\"twitter:creator\" content=\"@camaeleonOrg\" \/>\n<meta name=\"twitter:site\" content=\"@camaeleonOrg\" \/>\n<script type=\"application\/ld+json\" class=\"yoast-schema-graph\">{\"@context\":\"https:\\\/\\\/schema.org\",\"@graph\":[{\"@type\":\"Article\",\"@id\":\"https:\\\/\\\/www.camaeleon.org\\\/2023\\\/06\\\/16\\\/jugendwoerter-des-jahres-wer-benutzt-sie-wirklich\\\/#article\",\"isPartOf\":{\"@id\":\"https:\\\/\\\/www.camaeleon.org\\\/2023\\\/06\\\/16\\\/jugendwoerter-des-jahres-wer-benutzt-sie-wirklich\\\/\"},\"author\":{\"name\":\"Zoe Schmitt\",\"@id\":\"https:\\\/\\\/www.camaeleon.org\\\/de\\\/#\\\/schema\\\/person\\\/faf8f56822da4c3b38c43ada74630268\"},\"headline\":\"Jugendw\u00f6rter des Jahres: Wer benutzt sie wirklich?\",\"datePublished\":\"2023-06-16T21:18:07+00:00\",\"dateModified\":\"2023-10-18T21:50:25+00:00\",\"mainEntityOfPage\":{\"@id\":\"https:\\\/\\\/www.camaeleon.org\\\/2023\\\/06\\\/16\\\/jugendwoerter-des-jahres-wer-benutzt-sie-wirklich\\\/\"},\"wordCount\":518,\"commentCount\":0,\"publisher\":{\"@id\":\"https:\\\/\\\/www.camaeleon.org\\\/de\\\/#organization\"},\"image\":{\"@id\":\"https:\\\/\\\/www.camaeleon.org\\\/2023\\\/06\\\/16\\\/jugendwoerter-des-jahres-wer-benutzt-sie-wirklich\\\/#primaryimage\"},\"thumbnailUrl\":\"https:\\\/\\\/www.camaeleon.org\\\/wp-content\\\/uploads\\\/2022\\\/12\\\/smash.jpg\",\"keywords\":[\"Diggah\",\"Jugendwort\",\"Jugendwort des Jahres\",\"Langage\",\"Slay\",\"Sprache\"],\"articleSection\":[\"Leben\",\"Zeitlos\"],\"inLanguage\":\"de\",\"potentialAction\":[{\"@type\":\"CommentAction\",\"name\":\"Comment\",\"target\":[\"https:\\\/\\\/www.camaeleon.org\\\/2023\\\/06\\\/16\\\/jugendwoerter-des-jahres-wer-benutzt-sie-wirklich\\\/#respond\"]}]},{\"@type\":\"WebPage\",\"@id\":\"https:\\\/\\\/www.camaeleon.org\\\/de\\\/2023\\\/06\\\/16\\\/jugendwoerter-des-jahres-wer-benutzt-sie-wirklich\\\/\",\"url\":\"https:\\\/\\\/www.camaeleon.org\\\/de\\\/2023\\\/06\\\/16\\\/jugendwoerter-des-jahres-wer-benutzt-sie-wirklich\\\/\",\"name\":\"Jugendw\u00f6rter des Jahres: Wer benutzt sie wirklich? - Cam\u00e4l\u00e9on\",\"isPartOf\":{\"@id\":\"https:\\\/\\\/www.camaeleon.org\\\/de\\\/#website\"},\"primaryImageOfPage\":{\"@id\":\"https:\\\/\\\/www.camaeleon.org\\\/de\\\/2023\\\/06\\\/16\\\/jugendwoerter-des-jahres-wer-benutzt-sie-wirklich\\\/#primaryimage\"},\"image\":{\"@id\":\"https:\\\/\\\/www.camaeleon.org\\\/2023\\\/06\\\/16\\\/jugendwoerter-des-jahres-wer-benutzt-sie-wirklich\\\/#primaryimage\"},\"thumbnailUrl\":\"https:\\\/\\\/www.camaeleon.org\\\/wp-content\\\/uploads\\\/2022\\\/12\\\/smash.jpg\",\"datePublished\":\"2023-06-16T21:18:07+00:00\",\"dateModified\":\"2023-10-18T21:50:25+00:00\",\"description\":\"Wer verwendet die angeblich so popul\u00e4ren \\\"Jugendw\u00f6rter des Jahres\\\" wirklich? Wir haben Sch\u00fcler des DFG interviewt. Hier sind die Ergebnisse.\",\"breadcrumb\":{\"@id\":\"https:\\\/\\\/www.camaeleon.org\\\/de\\\/2023\\\/06\\\/16\\\/jugendwoerter-des-jahres-wer-benutzt-sie-wirklich\\\/#breadcrumb\"},\"inLanguage\":\"de\",\"potentialAction\":[{\"@type\":\"ReadAction\",\"target\":[[\"https:\\\/\\\/www.camaeleon.org\\\/de\\\/2023\\\/06\\\/16\\\/jugendwoerter-des-jahres-wer-benutzt-sie-wirklich\\\/\"]]}]},{\"@type\":\"ImageObject\",\"inLanguage\":\"de\",\"@id\":\"https:\\\/\\\/www.camaeleon.org\\\/de\\\/2023\\\/06\\\/16\\\/jugendwoerter-des-jahres-wer-benutzt-sie-wirklich\\\/#primaryimage\",\"url\":\"https:\\\/\\\/www.camaeleon.org\\\/wp-content\\\/uploads\\\/2022\\\/12\\\/smash.jpg\",\"contentUrl\":\"https:\\\/\\\/www.camaeleon.org\\\/wp-content\\\/uploads\\\/2022\\\/12\\\/smash.jpg\",\"width\":1920,\"height\":1280,\"caption\":\"Illustration: motointermedia \\\/ pixabay.com \\\/ Cam\u00e4l\u00e9on\"},{\"@type\":\"BreadcrumbList\",\"@id\":\"https:\\\/\\\/www.camaeleon.org\\\/de\\\/2023\\\/06\\\/16\\\/jugendwoerter-des-jahres-wer-benutzt-sie-wirklich\\\/#breadcrumb\",\"itemListElement\":[{\"@type\":\"ListItem\",\"position\":1,\"name\":\"Home\",\"item\":\"https:\\\/\\\/www.camaeleon.org\\\/de\\\/\"},{\"@type\":\"ListItem\",\"position\":2,\"name\":\"Jugendw\u00f6rter des Jahres: Wer benutzt sie wirklich?\"}]},{\"@type\":\"WebSite\",\"@id\":\"https:\\\/\\\/www.camaeleon.org\\\/de\\\/#website\",\"url\":\"https:\\\/\\\/www.camaeleon.org\\\/de\\\/\",\"name\":\"Cam\u00e4l\u00e9on\",\"description\":\"Das Sch\u00fclermagazin des Deutsch-Franz\u00f6sischen Gymnasiums Saarbr\u00fccken\",\"publisher\":{\"@id\":\"https:\\\/\\\/www.camaeleon.org\\\/de\\\/#organization\"},\"potentialAction\":[{\"@type\":\"SearchAction\",\"target\":{\"@type\":\"EntryPoint\",\"urlTemplate\":\"https:\\\/\\\/www.camaeleon.org\\\/de\\\/?s={search_term_string}\"},\"query-input\":{\"@type\":\"PropertyValueSpecification\",\"valueRequired\":true,\"valueName\":\"search_term_string\"}}],\"inLanguage\":\"de\"},{\"@type\":\"Organization\",\"@id\":\"https:\\\/\\\/www.camaeleon.org\\\/de\\\/#organization\",\"name\":\"Cam\u00e4l\u00e9on\",\"url\":\"https:\\\/\\\/www.camaeleon.org\\\/de\\\/\",\"logo\":{\"@type\":\"ImageObject\",\"inLanguage\":\"de\",\"@id\":\"https:\\\/\\\/www.camaeleon.org\\\/de\\\/#\\\/schema\\\/logo\\\/image\\\/\",\"url\":\"https:\\\/\\\/www.camaeleon.org\\\/wp-content\\\/uploads\\\/2011\\\/11\\\/CAM\u00c4LEON.jpg\",\"contentUrl\":\"https:\\\/\\\/www.camaeleon.org\\\/wp-content\\\/uploads\\\/2011\\\/11\\\/CAM\u00c4LEON.jpg\",\"width\":959,\"height\":959,\"caption\":\"Cam\u00e4l\u00e9on\"},\"image\":{\"@id\":\"https:\\\/\\\/www.camaeleon.org\\\/de\\\/#\\\/schema\\\/logo\\\/image\\\/\"},\"sameAs\":[\"https:\\\/\\\/www.facebook.com\\\/camaeleon.org\\\/\",\"https:\\\/\\\/x.com\\\/camaeleonOrg\",\"https:\\\/\\\/www.instagram.com\\\/camaeleon.dfg\\\/\",\"https:\\\/\\\/www.youtube.com\\\/channel\\\/UCl3TAUDdGuu_c7CD6ax6hYg\"]},{\"@type\":\"Person\",\"@id\":\"https:\\\/\\\/www.camaeleon.org\\\/de\\\/#\\\/schema\\\/person\\\/faf8f56822da4c3b38c43ada74630268\",\"name\":\"Zoe Schmitt\",\"image\":{\"@type\":\"ImageObject\",\"inLanguage\":\"de\",\"@id\":\"https:\\\/\\\/www.camaeleon.org\\\/de\\\/wp-content\\\/uploads\\\/2021\\\/10\\\/cropped-android-chrome-512x512-2-150x150.pngb111c6b8db723f506736f05d8fadbe0c\",\"url\":\"https:\\\/\\\/www.camaeleon.org\\\/wp-content\\\/uploads\\\/2021\\\/10\\\/cropped-android-chrome-512x512-2-150x150.png\",\"contentUrl\":\"https:\\\/\\\/www.camaeleon.org\\\/wp-content\\\/uploads\\\/2021\\\/10\\\/cropped-android-chrome-512x512-2-150x150.png\",\"caption\":\"Zoe Schmitt\"},\"url\":\"https:\\\/\\\/www.camaeleon.org\\\/de\\\/author\\\/zoe-schmitt\\\/\"}]}<\/script>\n<!-- \/ Yoast SEO plugin. -->","yoast_head_json":{"title":"Jugendw\u00f6rter des Jahres: Wer benutzt sie wirklich? - Cam\u00e4l\u00e9on","description":"Wer verwendet die angeblich so popul\u00e4ren \"Jugendw\u00f6rter des Jahres\" wirklich? Wir haben Sch\u00fcler des DFG interviewt. Hier sind die Ergebnisse.","robots":{"index":"index","follow":"follow","max-snippet":"max-snippet:-1","max-image-preview":"max-image-preview:large","max-video-preview":"max-video-preview:-1"},"canonical":"https:\/\/www.camaeleon.org\/de\/2023\/06\/16\/jugendwoerter-des-jahres-wer-benutzt-sie-wirklich\/","og_locale":"de_DE","og_type":"article","og_title":"Jugendw\u00f6rter des Jahres: Wer benutzt sie wirklich? - Cam\u00e4l\u00e9on","og_description":"Wer verwendet die angeblich so popul\u00e4ren \"Jugendw\u00f6rter des Jahres\" wirklich? Wir haben Sch\u00fcler des DFG interviewt. Hier sind die Ergebnisse.","og_url":"https:\/\/www.camaeleon.org\/de\/2023\/06\/16\/jugendwoerter-des-jahres-wer-benutzt-sie-wirklich\/","og_site_name":"Cam\u00e4l\u00e9on","article_publisher":"https:\/\/www.facebook.com\/camaeleon.org\/","article_published_time":"2023-06-16T21:18:07+00:00","article_modified_time":"2023-10-18T21:50:25+00:00","og_image":[{"width":1920,"height":1280,"url":"https:\/\/www.camaeleon.org\/wp-content\/uploads\/2022\/12\/smash.jpg","type":"image\/jpeg"}],"author":"Zoe Schmitt","twitter_card":"summary_large_image","twitter_creator":"@camaeleonOrg","twitter_site":"@camaeleonOrg","schema":{"@context":"https:\/\/schema.org","@graph":[{"@type":"Article","@id":"https:\/\/www.camaeleon.org\/2023\/06\/16\/jugendwoerter-des-jahres-wer-benutzt-sie-wirklich\/#article","isPartOf":{"@id":"https:\/\/www.camaeleon.org\/2023\/06\/16\/jugendwoerter-des-jahres-wer-benutzt-sie-wirklich\/"},"author":{"name":"Zoe Schmitt","@id":"https:\/\/www.camaeleon.org\/de\/#\/schema\/person\/faf8f56822da4c3b38c43ada74630268"},"headline":"Jugendw\u00f6rter des Jahres: Wer benutzt sie wirklich?","datePublished":"2023-06-16T21:18:07+00:00","dateModified":"2023-10-18T21:50:25+00:00","mainEntityOfPage":{"@id":"https:\/\/www.camaeleon.org\/2023\/06\/16\/jugendwoerter-des-jahres-wer-benutzt-sie-wirklich\/"},"wordCount":518,"commentCount":0,"publisher":{"@id":"https:\/\/www.camaeleon.org\/de\/#organization"},"image":{"@id":"https:\/\/www.camaeleon.org\/2023\/06\/16\/jugendwoerter-des-jahres-wer-benutzt-sie-wirklich\/#primaryimage"},"thumbnailUrl":"https:\/\/www.camaeleon.org\/wp-content\/uploads\/2022\/12\/smash.jpg","keywords":["Diggah","Jugendwort","Jugendwort des Jahres","Langage","Slay","Sprache"],"articleSection":["Leben","Zeitlos"],"inLanguage":"de","potentialAction":[{"@type":"CommentAction","name":"Comment","target":["https:\/\/www.camaeleon.org\/2023\/06\/16\/jugendwoerter-des-jahres-wer-benutzt-sie-wirklich\/#respond"]}]},{"@type":"WebPage","@id":"https:\/\/www.camaeleon.org\/de\/2023\/06\/16\/jugendwoerter-des-jahres-wer-benutzt-sie-wirklich\/","url":"https:\/\/www.camaeleon.org\/de\/2023\/06\/16\/jugendwoerter-des-jahres-wer-benutzt-sie-wirklich\/","name":"Jugendw\u00f6rter des Jahres: Wer benutzt sie wirklich? - Cam\u00e4l\u00e9on","isPartOf":{"@id":"https:\/\/www.camaeleon.org\/de\/#website"},"primaryImageOfPage":{"@id":"https:\/\/www.camaeleon.org\/de\/2023\/06\/16\/jugendwoerter-des-jahres-wer-benutzt-sie-wirklich\/#primaryimage"},"image":{"@id":"https:\/\/www.camaeleon.org\/2023\/06\/16\/jugendwoerter-des-jahres-wer-benutzt-sie-wirklich\/#primaryimage"},"thumbnailUrl":"https:\/\/www.camaeleon.org\/wp-content\/uploads\/2022\/12\/smash.jpg","datePublished":"2023-06-16T21:18:07+00:00","dateModified":"2023-10-18T21:50:25+00:00","description":"Wer verwendet die angeblich so popul\u00e4ren \"Jugendw\u00f6rter des Jahres\" wirklich? Wir haben Sch\u00fcler des DFG interviewt. Hier sind die Ergebnisse.","breadcrumb":{"@id":"https:\/\/www.camaeleon.org\/de\/2023\/06\/16\/jugendwoerter-des-jahres-wer-benutzt-sie-wirklich\/#breadcrumb"},"inLanguage":"de","potentialAction":[{"@type":"ReadAction","target":[["https:\/\/www.camaeleon.org\/de\/2023\/06\/16\/jugendwoerter-des-jahres-wer-benutzt-sie-wirklich\/"]]}]},{"@type":"ImageObject","inLanguage":"de","@id":"https:\/\/www.camaeleon.org\/de\/2023\/06\/16\/jugendwoerter-des-jahres-wer-benutzt-sie-wirklich\/#primaryimage","url":"https:\/\/www.camaeleon.org\/wp-content\/uploads\/2022\/12\/smash.jpg","contentUrl":"https:\/\/www.camaeleon.org\/wp-content\/uploads\/2022\/12\/smash.jpg","width":1920,"height":1280,"caption":"Illustration: motointermedia \/ pixabay.com \/ Cam\u00e4l\u00e9on"},{"@type":"BreadcrumbList","@id":"https:\/\/www.camaeleon.org\/de\/2023\/06\/16\/jugendwoerter-des-jahres-wer-benutzt-sie-wirklich\/#breadcrumb","itemListElement":[{"@type":"ListItem","position":1,"name":"Home","item":"https:\/\/www.camaeleon.org\/de\/"},{"@type":"ListItem","position":2,"name":"Jugendw\u00f6rter des Jahres: Wer benutzt sie wirklich?"}]},{"@type":"WebSite","@id":"https:\/\/www.camaeleon.org\/de\/#website","url":"https:\/\/www.camaeleon.org\/de\/","name":"Cam\u00e4l\u00e9on","description":"Das Sch\u00fclermagazin des Deutsch-Franz\u00f6sischen Gymnasiums Saarbr\u00fccken","publisher":{"@id":"https:\/\/www.camaeleon.org\/de\/#organization"},"potentialAction":[{"@type":"SearchAction","target":{"@type":"EntryPoint","urlTemplate":"https:\/\/www.camaeleon.org\/de\/?s={search_term_string}"},"query-input":{"@type":"PropertyValueSpecification","valueRequired":true,"valueName":"search_term_string"}}],"inLanguage":"de"},{"@type":"Organization","@id":"https:\/\/www.camaeleon.org\/de\/#organization","name":"Cam\u00e4l\u00e9on","url":"https:\/\/www.camaeleon.org\/de\/","logo":{"@type":"ImageObject","inLanguage":"de","@id":"https:\/\/www.camaeleon.org\/de\/#\/schema\/logo\/image\/","url":"https:\/\/www.camaeleon.org\/wp-content\/uploads\/2011\/11\/CAM\u00c4LEON.jpg","contentUrl":"https:\/\/www.camaeleon.org\/wp-content\/uploads\/2011\/11\/CAM\u00c4LEON.jpg","width":959,"height":959,"caption":"Cam\u00e4l\u00e9on"},"image":{"@id":"https:\/\/www.camaeleon.org\/de\/#\/schema\/logo\/image\/"},"sameAs":["https:\/\/www.facebook.com\/camaeleon.org\/","https:\/\/x.com\/camaeleonOrg","https:\/\/www.instagram.com\/camaeleon.dfg\/","https:\/\/www.youtube.com\/channel\/UCl3TAUDdGuu_c7CD6ax6hYg"]},{"@type":"Person","@id":"https:\/\/www.camaeleon.org\/de\/#\/schema\/person\/faf8f56822da4c3b38c43ada74630268","name":"Zoe Schmitt","image":{"@type":"ImageObject","inLanguage":"de","@id":"https:\/\/www.camaeleon.org\/de\/wp-content\/uploads\/2021\/10\/cropped-android-chrome-512x512-2-150x150.pngb111c6b8db723f506736f05d8fadbe0c","url":"https:\/\/www.camaeleon.org\/wp-content\/uploads\/2021\/10\/cropped-android-chrome-512x512-2-150x150.png","contentUrl":"https:\/\/www.camaeleon.org\/wp-content\/uploads\/2021\/10\/cropped-android-chrome-512x512-2-150x150.png","caption":"Zoe Schmitt"},"url":"https:\/\/www.camaeleon.org\/de\/author\/zoe-schmitt\/"}]}},"_links":{"self":[{"href":"https:\/\/www.camaeleon.org\/de\/wp-json\/wp\/v2\/posts\/28845","targetHints":{"allow":["GET"]}}],"collection":[{"href":"https:\/\/www.camaeleon.org\/de\/wp-json\/wp\/v2\/posts"}],"about":[{"href":"https:\/\/www.camaeleon.org\/de\/wp-json\/wp\/v2\/types\/post"}],"author":[{"embeddable":true,"href":"https:\/\/www.camaeleon.org\/de\/wp-json\/wp\/v2\/users\/172"}],"replies":[{"embeddable":true,"href":"https:\/\/www.camaeleon.org\/de\/wp-json\/wp\/v2\/comments?post=28845"}],"version-history":[{"count":25,"href":"https:\/\/www.camaeleon.org\/de\/wp-json\/wp\/v2\/posts\/28845\/revisions"}],"predecessor-version":[{"id":29007,"href":"https:\/\/www.camaeleon.org\/de\/wp-json\/wp\/v2\/posts\/28845\/revisions\/29007"}],"wp:featuredmedia":[{"embeddable":true,"href":"https:\/\/www.camaeleon.org\/de\/wp-json\/wp\/v2\/media\/27769"}],"wp:attachment":[{"href":"https:\/\/www.camaeleon.org\/de\/wp-json\/wp\/v2\/media?parent=28845"}],"wp:term":[{"taxonomy":"category","embeddable":true,"href":"https:\/\/www.camaeleon.org\/de\/wp-json\/wp\/v2\/categories?post=28845"},{"taxonomy":"post_tag","embeddable":true,"href":"https:\/\/www.camaeleon.org\/de\/wp-json\/wp\/v2\/tags?post=28845"},{"taxonomy":"author","embeddable":true,"href":"https:\/\/www.camaeleon.org\/de\/wp-json\/wp\/v2\/coauthors?post=28845"}],"curies":[{"name":"wp","href":"https:\/\/api.w.org\/{rel}","templated":true}]}}