{"id":28787,"date":"2023-05-07T10:59:28","date_gmt":"2023-05-07T08:59:28","guid":{"rendered":"https:\/\/www.camaeleon.org\/?p=28787"},"modified":"2023-07-30T23:59:33","modified_gmt":"2023-07-30T21:59:33","slug":"weltlachtag-fuer-weltfrieden-glueck-und-gesundheit","status":"publish","type":"post","link":"https:\/\/www.camaeleon.org\/de\/2023\/05\/07\/weltlachtag-fuer-weltfrieden-glueck-und-gesundheit\/","title":{"rendered":"Weltlachtag: F\u00fcr Weltfrieden, Gl\u00fcck und Gesundheit"},"content":{"rendered":"<figure id=\"attachment_28821\" aria-describedby=\"caption-attachment-28821\" style=\"width: 300px\" class=\"wp-caption alignleft\"><img loading=\"lazy\" decoding=\"async\" class=\"size-medium wp-image-28821\" src=\"https:\/\/www.camaeleon.org\/wp-content\/uploads\/2023\/05\/child-1633526_1920-300x200.jpg\" alt=\"7. Mai : Weltlachtag\" width=\"300\" height=\"200\" srcset=\"https:\/\/www.camaeleon.org\/wp-content\/uploads\/2023\/05\/child-1633526_1920-300x200.jpg 300w, https:\/\/www.camaeleon.org\/wp-content\/uploads\/2023\/05\/child-1633526_1920-880x587.jpg 880w, https:\/\/www.camaeleon.org\/wp-content\/uploads\/2023\/05\/child-1633526_1920-1536x1024.jpg 1536w, https:\/\/www.camaeleon.org\/wp-content\/uploads\/2023\/05\/child-1633526_1920.jpg 1920w\" sizes=\"auto, (max-width: 300px) 100vw, 300px\" \/><figcaption id=\"caption-attachment-28821\" class=\"wp-caption-text\">Foto: glucosala \/ pixabay.com<\/figcaption><\/figure>\n<p>Lachen \u2013 etwas, das wir alle sehr gerne machen, wenn etwas Witziges passiert, wenn jemand einen Witz erz\u00e4hlt oder einfach nur so.<\/p>\n<p>Jeder Tag is genau gesehen ein Lachtag, doch dank Madan Kataria haben wir jedes Jahr am ersten Sonntag im Mai, den sogenannten &#8222;Weltlachtag&#8220;.<\/p>\n<p>Weltlachtag? Was ist das? Lacht man da den ganzen Tag? Nein, das ist es nicht. Wenn du Lachen magst und am Weltlachtag teilnehmen willst, dann kannst du weiterlesen, um dich mehr dar\u00fcber zu informieren.<\/p>\n<p>Der Weltlachtag findet jedes Jahr am ersten Sonntag des Mais statt. Dieses Jahr f\u00e4llt er auf den 7. Mai. Gr\u00fcnderin dieses Welttages ist Madan Kataria, die am 11.Januar 1998 im Indischen Bombay den Lachtag ins Leben rief.<\/p>\n<p>Vor der Festlegung dieses Tags gab es schon die sogenannte &#8222;Lachyoga-Bewegung&#8220;, woraus der Lachtag auch stammt. Dabei geht es um motorisches Lachen. Man beginnt mit einem k\u00fcnstlichen Lachen das zu einem echten Lachen werden soll. Diese Art von Yoga wurde meistens in Lachclubs ausge\u00fcbt.<\/p>\n<p>Der Lachtag ist ein weltweites Zeichen des Weltfrieden, des Gl\u00fccks und der Gesundheit. Am ersten Sonntag im Mai wird jedes Jahr um Punkt 14 Uhr f\u00fcr eine Minute angefangen zu lachen.<\/p>\n<p>Falls ihr euer Wissen zum Lachtag testen wollt, haben wir hier ein kleines Quiz f\u00fcr euch vorbereitet.<\/p>\n<div id=\"watu_quiz\" class=\"quiz-area \">\n<form action=\"\" method=\"post\" class=\"quiz-form \" id=\"quiz-17\" >\n<div class='watu-question' id='question-1'><div class='question-content'><p><span class='watu_num'>1. <\/span><strong>Wer rief den Weltlachtag ins Leben?<\/strong><\/p>\n<\/div><input type='hidden' name='question_id[]' value='139' \/><div class='watu-questions-wrap '><input type='hidden' name='answer_ids[]' class='watu-answer-ids' value='1119' \/><div class='watu-question-choice'><input type='radio' name='answer-139[]' id='answer-id-1119' class='answer answer-1  answerof-139' value='1119' \/>&nbsp;<label for='answer-id-1119' id='answer-label-1119' class=' answer label-1'><span class='answer'>Madan Gowri<\/span><\/label><\/div>\n<input type='hidden' name='answer_ids[]' class='watu-answer-ids' value='1120' \/><div class='watu-question-choice'><input type='radio' name='answer-139[]' id='answer-id-1120' class='answer answer-1  answerof-139' value='1120' \/>&nbsp;<label for='answer-id-1120' id='answer-label-1120' class=' answer label-1'><span class='answer'>Madan Kataria<\/span><\/label><\/div>\n<input type='hidden' name='answer_ids[]' class='watu-answer-ids' value='1121' \/><div class='watu-question-choice'><input type='radio' name='answer-139[]' id='answer-id-1121' class='answer answer-1  answerof-139' value='1121' \/>&nbsp;<label for='answer-id-1121' id='answer-label-1121' class=' answer label-1'><span class='answer'>Madan Mohan<\/span><\/label><\/div>\n<\/div><input type='hidden' id='questionType1' value='radio' class=''><\/div><div class='watu-question' id='question-2'><div class='question-content'><p><span class='watu_num'>2. <\/span><strong>Wann ist der Weltlachtag?<\/strong><\/p>\n<\/div><input type='hidden' name='question_id[]' value='140' \/><div class='watu-questions-wrap '><input type='hidden' name='answer_ids[]' class='watu-answer-ids' value='1122' \/><div class='watu-question-choice'><input type='radio' name='answer-140[]' id='answer-id-1122' class='answer answer-2  answerof-140' value='1122' \/>&nbsp;<label for='answer-id-1122' id='answer-label-1122' class=' answer label-2'><span class='answer'>Jedes Jahr am zweiten Sonntag im Mai<\/span><\/label><\/div>\n<input type='hidden' name='answer_ids[]' class='watu-answer-ids' value='1123' \/><div class='watu-question-choice'><input type='radio' name='answer-140[]' id='answer-id-1123' class='answer answer-2  answerof-140' value='1123' \/>&nbsp;<label for='answer-id-1123' id='answer-label-1123' class=' answer label-2'><span class='answer'>Jedes Jahr am ersten Samstag im Mai<\/span><\/label><\/div>\n<input type='hidden' name='answer_ids[]' class='watu-answer-ids' value='1124' \/><div class='watu-question-choice'><input type='radio' name='answer-140[]' id='answer-id-1124' class='answer answer-2  answerof-140' value='1124' \/>&nbsp;<label for='answer-id-1124' id='answer-label-1124' class=' answer label-2'><span class='answer'>Jedes Jahr am ersten Sonntag im Mai<\/span><\/label><\/div>\n<\/div><input type='hidden' id='questionType2' value='radio' class=''><\/div><div class='watu-question' id='question-3'><div class='question-content'><p><span class='watu_num'>3. <\/span><strong>Um wieviel Uhr beginnt er?<\/strong><\/p>\n<\/div><input type='hidden' name='question_id[]' value='141' \/><div class='watu-questions-wrap '><input type='hidden' name='answer_ids[]' class='watu-answer-ids' value='1125' \/><div class='watu-question-choice'><input type='radio' name='answer-141[]' id='answer-id-1125' class='answer answer-3  answerof-141' value='1125' \/>&nbsp;<label for='answer-id-1125' id='answer-label-1125' class=' answer label-3'><span class='answer'>14:00 Uhr<\/span><\/label><\/div>\n<input type='hidden' name='answer_ids[]' class='watu-answer-ids' value='1126' \/><div class='watu-question-choice'><input type='radio' name='answer-141[]' id='answer-id-1126' class='answer answer-3  answerof-141' value='1126' \/>&nbsp;<label for='answer-id-1126' id='answer-label-1126' class=' answer label-3'><span class='answer'>2:00 Uhr<\/span><\/label><\/div>\n<input type='hidden' name='answer_ids[]' class='watu-answer-ids' value='1127' \/><div class='watu-question-choice'><input type='radio' name='answer-141[]' id='answer-id-1127' class='answer answer-3  answerof-141' value='1127' \/>&nbsp;<label for='answer-id-1127' id='answer-label-1127' class=' answer label-3'><span class='answer'>16:00 Uhr<\/span><\/label><\/div>\n<\/div><input type='hidden' id='questionType3' value='radio' class=''><\/div><div class='watu-question' id='question-4'><div class='question-content'><p><span class='watu_num'>4. <\/span><strong>Was passiert am Weltlachtag?<\/strong><\/p>\n<\/div><input type='hidden' name='question_id[]' value='142' \/><div class='watu-questions-wrap '><input type='hidden' name='answer_ids[]' class='watu-answer-ids' value='1128' \/><div class='watu-question-choice'><input type='radio' name='answer-142[]' id='answer-id-1128' class='answer answer-4  answerof-142' value='1128' \/>&nbsp;<label for='answer-id-1128' id='answer-label-1128' class=' answer label-4'><span class='answer'>Man lacht f\u00fcr eine Stunde.<\/span><\/label><\/div>\n<input type='hidden' name='answer_ids[]' class='watu-answer-ids' value='1129' \/><div class='watu-question-choice'><input type='radio' name='answer-142[]' id='answer-id-1129' class='answer answer-4  answerof-142' value='1129' \/>&nbsp;<label for='answer-id-1129' id='answer-label-1129' class=' answer label-4'><span class='answer'>Man lacht f\u00fcnf Minuten in jeder Stunde.<\/span><\/label><\/div>\n<input type='hidden' name='answer_ids[]' class='watu-answer-ids' value='1130' \/><div class='watu-question-choice'><input type='radio' name='answer-142[]' id='answer-id-1130' class='answer answer-4  answerof-142' value='1130' \/>&nbsp;<label for='answer-id-1130' id='answer-label-1130' class=' answer label-4'><span class='answer'>Man lacht f\u00fcr eine Minute.<\/span><\/label><\/div>\n<\/div><input type='hidden' id='questionType4' value='radio' class=''><\/div><div class='watu-question' id='question-5'><div class='question-content'><p><span class='watu_num'>5. <\/span><strong>Wann und wo fand der erste Welttag statt?<\/strong><\/p>\n<\/div><input type='hidden' name='question_id[]' value='143' \/><div class='watu-questions-wrap '><input type='hidden' name='answer_ids[]' class='watu-answer-ids' value='1131' \/><div class='watu-question-choice'><input type='radio' name='answer-143[]' id='answer-id-1131' class='answer answer-5  answerof-143' value='1131' \/>&nbsp;<label for='answer-id-1131' id='answer-label-1131' class=' answer label-5'><span class='answer'>Am 11 Mai 1998 in Argentinien<\/span><\/label><\/div>\n<input type='hidden' name='answer_ids[]' class='watu-answer-ids' value='1132' \/><div class='watu-question-choice'><input type='radio' name='answer-143[]' id='answer-id-1132' class='answer answer-5  answerof-143' value='1132' \/>&nbsp;<label for='answer-id-1132' id='answer-label-1132' class=' answer label-5'><span class='answer'>Am 11 M\u00e4rz 1998 in Indonesien<\/span><\/label><\/div>\n<input type='hidden' name='answer_ids[]' class='watu-answer-ids' value='1133' \/><div class='watu-question-choice'><input type='radio' name='answer-143[]' id='answer-id-1133' class='answer answer-5  answerof-143' value='1133' \/>&nbsp;<label for='answer-id-1133' id='answer-label-1133' class=' answer label-5'><span class='answer'>Am 11 Januar 1998 in Indien<\/span><\/label><\/div>\n<\/div><input type='hidden' id='questionType5' value='radio' class=''><\/div><div style='display:none' id='question-6'><br \/><div class='question-content'><img loading=\"lazy\" decoding=\"async\" src=\"https:\/\/www.camaeleon.org\/wp-content\/plugins\/watu\/loading.gif\" width=\"16\" height=\"16\" alt=\"Wird geladen ...\" title=\"Wird geladen ...\" \/>&nbsp;Wird geladen &#8230;<\/div><\/div><br \/>\n\t<p>Frage <span id='numQ'>1<\/span> von 5<\/p>\n\t\t\t<input type=\"button\" id=\"prev-question\" value=\"&lt; Vorherige\" onclick=\"Watu.nextQuestion(event, 'prev');\" style=\"display:none;\" \/>\n\t\t<input type=\"button\" id=\"next-question\" value=\"N\u00e4chste &gt;\"  \/>\n<input type=\"button\" name=\"action\" onclick=\"Watu.submitResult()\" id=\"action-button\" value=\"Senden\"  class=\"watu-submit-button\" \/>\n<input type=\"hidden\" name=\"no_ajax\" value=\"0\"><input type=\"hidden\" name=\"quiz_id\" value=\"17\" \/>\n<input type=\"hidden\" id=\"watuStartTime\" name=\"start_time\" value=\"2026-05-01 15:20:31\" \/>\n\t\t\n\t\t<input class=\"watu-beehive\" type=\"text\" value=\"_a67c57b3c1690a526914755c1644efdd\" id=\"watuAppSourceID17\">\n\t\t<input class=\"watu-beehive\" name=\"h_app_id\" type=\"text\" value=\"_0.81603300 1777641631\" id=\"watuAppID17\">\n<\/form>\n<\/div>\n<div id=\"watu-loading-result\" style=\"display:none;\">\n\t<p align=\"center\"><img loading=\"lazy\" decoding=\"async\" src=\"https:\/\/www.camaeleon.org\/wp-content\/plugins\/watu\/loading.gif\" width=\"16\" height=\"16\" alt=\"Wird geladen\" title=\"Wird geladen\" \/><\/p>\n<\/div>\t\n<script type=\"text\/javascript\">\nvar exam_id=0;\nvar question_ids='';\nvar watuURL='';\njQuery(function($){\nquestion_ids = \"139,140,141,142,143\";\nexam_id = 17;\nWatu.exam_id = exam_id;\nWatu.qArr = question_ids.split(',');\nWatu.post_id = 28787;\nWatu.singlePage = '0';\nWatu.hAppID = \"0.81604300 1777641631\";\nwatuURL = \"https:\/\/www.camaeleon.org\/wp-admin\/admin-ajax.php\";\nWatu.noAlertUnanswered = 0;\n});\n<\/script>\n\n\n","protected":false},"excerpt":{"rendered":"<p>Lachen \u2013 etwas, das wir alle sehr gerne machen, wenn etwas Witziges passiert, wenn jemand einen Witz erz\u00e4hlt oder einfach nur so. Jeder Tag is<\/p>\n","protected":false},"author":168,"featured_media":28821,"comment_status":"open","ping_status":"closed","sticky":false,"template":"","format":"standard","meta":{"colormag_page_container_layout":"default_layout","colormag_page_sidebar_layout":"default_layout","footnotes":""},"categories":[6],"tags":[1334,1211,1848,2246,2247],"coauthors":[2084,2108],"class_list":["post-28787","post","type-post","status-publish","format-standard","has-post-thumbnail","hentry","category-vie","tag-frieden","tag-glueck","tag-gluecksforschung","tag-lachen","tag-weltlachtag"],"yoast_head":"<!-- This site is optimized with the Yoast SEO plugin v27.5 - https:\/\/yoast.com\/product\/yoast-seo-wordpress\/ -->\n<title>Weltlachtag: F\u00fcr Weltfrieden, Gl\u00fcck und Gesundheit - Cam\u00e4l\u00e9on<\/title>\n<meta name=\"description\" content=\"Der Weltlachtag findet jedes Jahr am ersten Sonntag des Mais statt. Seine Erfinderin ist Madan Kataria, die ihn 1998 in Bombay ins Leben rief.\" \/>\n<meta name=\"robots\" content=\"index, follow, max-snippet:-1, max-image-preview:large, max-video-preview:-1\" \/>\n<link rel=\"canonical\" href=\"https:\/\/www.camaeleon.org\/de\/2023\/05\/07\/weltlachtag-fuer-weltfrieden-glueck-und-gesundheit\/\" \/>\n<meta property=\"og:locale\" content=\"de_DE\" \/>\n<meta property=\"og:type\" content=\"article\" \/>\n<meta property=\"og:title\" content=\"Weltlachtag: F\u00fcr Weltfrieden, Gl\u00fcck und Gesundheit - Cam\u00e4l\u00e9on\" \/>\n<meta property=\"og:description\" content=\"Der Weltlachtag findet jedes Jahr am ersten Sonntag des Mais statt. Seine Erfinderin ist Madan Kataria, die ihn 1998 in Bombay ins Leben rief.\" \/>\n<meta property=\"og:url\" content=\"https:\/\/www.camaeleon.org\/de\/2023\/05\/07\/weltlachtag-fuer-weltfrieden-glueck-und-gesundheit\/\" \/>\n<meta property=\"og:site_name\" content=\"Cam\u00e4l\u00e9on\" \/>\n<meta property=\"article:publisher\" content=\"https:\/\/www.facebook.com\/camaeleon.org\/\" \/>\n<meta property=\"article:published_time\" content=\"2023-05-07T08:59:28+00:00\" \/>\n<meta property=\"article:modified_time\" content=\"2023-07-30T21:59:33+00:00\" \/>\n<meta property=\"og:image\" content=\"https:\/\/www.camaeleon.org\/wp-content\/uploads\/2023\/05\/child-1633526_1920.jpg\" \/>\n\t<meta property=\"og:image:width\" content=\"1920\" \/>\n\t<meta property=\"og:image:height\" content=\"1280\" \/>\n\t<meta property=\"og:image:type\" content=\"image\/jpeg\" \/>\n<meta name=\"author\" content=\"Manuela Nwaha, Kahina Fuentes\" \/>\n<meta name=\"twitter:card\" content=\"summary_large_image\" \/>\n<meta name=\"twitter:creator\" content=\"@camaeleonOrg\" \/>\n<meta name=\"twitter:site\" content=\"@camaeleonOrg\" \/>\n<script type=\"application\/ld+json\" class=\"yoast-schema-graph\">{\"@context\":\"https:\\\/\\\/schema.org\",\"@graph\":[{\"@type\":\"Article\",\"@id\":\"https:\\\/\\\/www.camaeleon.org\\\/2023\\\/05\\\/07\\\/weltlachtag-fuer-weltfrieden-glueck-und-gesundheit\\\/#article\",\"isPartOf\":{\"@id\":\"https:\\\/\\\/www.camaeleon.org\\\/2023\\\/05\\\/07\\\/weltlachtag-fuer-weltfrieden-glueck-und-gesundheit\\\/\"},\"author\":{\"name\":\"Manuela Nwaha\",\"@id\":\"https:\\\/\\\/www.camaeleon.org\\\/de\\\/#\\\/schema\\\/person\\\/d9d309c5cd617f2a8aa1ba1742093008\"},\"headline\":\"Weltlachtag: F\u00fcr Weltfrieden, Gl\u00fcck und Gesundheit\",\"datePublished\":\"2023-05-07T08:59:28+00:00\",\"dateModified\":\"2023-07-30T21:59:33+00:00\",\"mainEntityOfPage\":{\"@id\":\"https:\\\/\\\/www.camaeleon.org\\\/2023\\\/05\\\/07\\\/weltlachtag-fuer-weltfrieden-glueck-und-gesundheit\\\/\"},\"wordCount\":241,\"commentCount\":0,\"publisher\":{\"@id\":\"https:\\\/\\\/www.camaeleon.org\\\/de\\\/#organization\"},\"image\":{\"@id\":\"https:\\\/\\\/www.camaeleon.org\\\/2023\\\/05\\\/07\\\/weltlachtag-fuer-weltfrieden-glueck-und-gesundheit\\\/#primaryimage\"},\"thumbnailUrl\":\"https:\\\/\\\/www.camaeleon.org\\\/wp-content\\\/uploads\\\/2023\\\/05\\\/child-1633526_1920.jpg\",\"keywords\":[\"Frieden\",\"Gl\u00fcck\",\"Gl\u00fccksforschung\",\"Lachen\",\"Weltlachtag\"],\"articleSection\":[\"Leben\"],\"inLanguage\":\"de\",\"potentialAction\":[{\"@type\":\"CommentAction\",\"name\":\"Comment\",\"target\":[\"https:\\\/\\\/www.camaeleon.org\\\/2023\\\/05\\\/07\\\/weltlachtag-fuer-weltfrieden-glueck-und-gesundheit\\\/#respond\"]}]},{\"@type\":\"WebPage\",\"@id\":\"https:\\\/\\\/www.camaeleon.org\\\/de\\\/2023\\\/05\\\/07\\\/weltlachtag-fuer-weltfrieden-glueck-und-gesundheit\\\/\",\"url\":\"https:\\\/\\\/www.camaeleon.org\\\/de\\\/2023\\\/05\\\/07\\\/weltlachtag-fuer-weltfrieden-glueck-und-gesundheit\\\/\",\"name\":\"Weltlachtag: F\u00fcr Weltfrieden, Gl\u00fcck und Gesundheit - Cam\u00e4l\u00e9on\",\"isPartOf\":{\"@id\":\"https:\\\/\\\/www.camaeleon.org\\\/de\\\/#website\"},\"primaryImageOfPage\":{\"@id\":\"https:\\\/\\\/www.camaeleon.org\\\/de\\\/2023\\\/05\\\/07\\\/weltlachtag-fuer-weltfrieden-glueck-und-gesundheit\\\/#primaryimage\"},\"image\":{\"@id\":\"https:\\\/\\\/www.camaeleon.org\\\/2023\\\/05\\\/07\\\/weltlachtag-fuer-weltfrieden-glueck-und-gesundheit\\\/#primaryimage\"},\"thumbnailUrl\":\"https:\\\/\\\/www.camaeleon.org\\\/wp-content\\\/uploads\\\/2023\\\/05\\\/child-1633526_1920.jpg\",\"datePublished\":\"2023-05-07T08:59:28+00:00\",\"dateModified\":\"2023-07-30T21:59:33+00:00\",\"description\":\"Der Weltlachtag findet jedes Jahr am ersten Sonntag des Mais statt. Seine Erfinderin ist Madan Kataria, die ihn 1998 in Bombay ins Leben rief.\",\"breadcrumb\":{\"@id\":\"https:\\\/\\\/www.camaeleon.org\\\/de\\\/2023\\\/05\\\/07\\\/weltlachtag-fuer-weltfrieden-glueck-und-gesundheit\\\/#breadcrumb\"},\"inLanguage\":\"de\",\"potentialAction\":[{\"@type\":\"ReadAction\",\"target\":[[\"https:\\\/\\\/www.camaeleon.org\\\/de\\\/2023\\\/05\\\/07\\\/weltlachtag-fuer-weltfrieden-glueck-und-gesundheit\\\/\"]]}]},{\"@type\":\"ImageObject\",\"inLanguage\":\"de\",\"@id\":\"https:\\\/\\\/www.camaeleon.org\\\/de\\\/2023\\\/05\\\/07\\\/weltlachtag-fuer-weltfrieden-glueck-und-gesundheit\\\/#primaryimage\",\"url\":\"https:\\\/\\\/www.camaeleon.org\\\/wp-content\\\/uploads\\\/2023\\\/05\\\/child-1633526_1920.jpg\",\"contentUrl\":\"https:\\\/\\\/www.camaeleon.org\\\/wp-content\\\/uploads\\\/2023\\\/05\\\/child-1633526_1920.jpg\",\"width\":1920,\"height\":1280,\"caption\":\"Foto: glucosala \\\/ pixabay.com\"},{\"@type\":\"BreadcrumbList\",\"@id\":\"https:\\\/\\\/www.camaeleon.org\\\/de\\\/2023\\\/05\\\/07\\\/weltlachtag-fuer-weltfrieden-glueck-und-gesundheit\\\/#breadcrumb\",\"itemListElement\":[{\"@type\":\"ListItem\",\"position\":1,\"name\":\"Home\",\"item\":\"https:\\\/\\\/www.camaeleon.org\\\/de\\\/\"},{\"@type\":\"ListItem\",\"position\":2,\"name\":\"Weltlachtag: F\u00fcr Weltfrieden, Gl\u00fcck und Gesundheit\"}]},{\"@type\":\"WebSite\",\"@id\":\"https:\\\/\\\/www.camaeleon.org\\\/de\\\/#website\",\"url\":\"https:\\\/\\\/www.camaeleon.org\\\/de\\\/\",\"name\":\"Cam\u00e4l\u00e9on\",\"description\":\"Das Sch\u00fclermagazin des Deutsch-Franz\u00f6sischen Gymnasiums Saarbr\u00fccken\",\"publisher\":{\"@id\":\"https:\\\/\\\/www.camaeleon.org\\\/de\\\/#organization\"},\"potentialAction\":[{\"@type\":\"SearchAction\",\"target\":{\"@type\":\"EntryPoint\",\"urlTemplate\":\"https:\\\/\\\/www.camaeleon.org\\\/de\\\/?s={search_term_string}\"},\"query-input\":{\"@type\":\"PropertyValueSpecification\",\"valueRequired\":true,\"valueName\":\"search_term_string\"}}],\"inLanguage\":\"de\"},{\"@type\":\"Organization\",\"@id\":\"https:\\\/\\\/www.camaeleon.org\\\/de\\\/#organization\",\"name\":\"Cam\u00e4l\u00e9on\",\"url\":\"https:\\\/\\\/www.camaeleon.org\\\/de\\\/\",\"logo\":{\"@type\":\"ImageObject\",\"inLanguage\":\"de\",\"@id\":\"https:\\\/\\\/www.camaeleon.org\\\/de\\\/#\\\/schema\\\/logo\\\/image\\\/\",\"url\":\"https:\\\/\\\/www.camaeleon.org\\\/wp-content\\\/uploads\\\/2011\\\/11\\\/CAM\u00c4LEON.jpg\",\"contentUrl\":\"https:\\\/\\\/www.camaeleon.org\\\/wp-content\\\/uploads\\\/2011\\\/11\\\/CAM\u00c4LEON.jpg\",\"width\":959,\"height\":959,\"caption\":\"Cam\u00e4l\u00e9on\"},\"image\":{\"@id\":\"https:\\\/\\\/www.camaeleon.org\\\/de\\\/#\\\/schema\\\/logo\\\/image\\\/\"},\"sameAs\":[\"https:\\\/\\\/www.facebook.com\\\/camaeleon.org\\\/\",\"https:\\\/\\\/x.com\\\/camaeleonOrg\",\"https:\\\/\\\/www.instagram.com\\\/camaeleon.dfg\\\/\",\"https:\\\/\\\/www.youtube.com\\\/channel\\\/UCl3TAUDdGuu_c7CD6ax6hYg\"]},{\"@type\":\"Person\",\"@id\":\"https:\\\/\\\/www.camaeleon.org\\\/de\\\/#\\\/schema\\\/person\\\/d9d309c5cd617f2a8aa1ba1742093008\",\"name\":\"Manuela Nwaha\",\"image\":{\"@type\":\"ImageObject\",\"inLanguage\":\"de\",\"@id\":\"https:\\\/\\\/www.camaeleon.org\\\/de\\\/wp-content\\\/uploads\\\/2022\\\/12\\\/IMG_8881-150x150.jpg9ce3e832743ec53be959b144b33179fb\",\"url\":\"https:\\\/\\\/www.camaeleon.org\\\/wp-content\\\/uploads\\\/2022\\\/12\\\/IMG_8881-150x150.jpg\",\"contentUrl\":\"https:\\\/\\\/www.camaeleon.org\\\/wp-content\\\/uploads\\\/2022\\\/12\\\/IMG_8881-150x150.jpg\",\"caption\":\"Manuela Nwaha\"},\"description\":\"Hallo, mein Name ist Manuela. Ich bin 12 Jahre alt und gehe in die 6b. Ich spiele gerne Klavier, h\u00f6re gerne Musik und lese B\u00fccher.\",\"url\":\"https:\\\/\\\/www.camaeleon.org\\\/de\\\/author\\\/manuela-nwaha\\\/\"}]}<\/script>\n<!-- \/ Yoast SEO plugin. -->","yoast_head_json":{"title":"Weltlachtag: F\u00fcr Weltfrieden, Gl\u00fcck und Gesundheit - Cam\u00e4l\u00e9on","description":"Der Weltlachtag findet jedes Jahr am ersten Sonntag des Mais statt. Seine Erfinderin ist Madan Kataria, die ihn 1998 in Bombay ins Leben rief.","robots":{"index":"index","follow":"follow","max-snippet":"max-snippet:-1","max-image-preview":"max-image-preview:large","max-video-preview":"max-video-preview:-1"},"canonical":"https:\/\/www.camaeleon.org\/de\/2023\/05\/07\/weltlachtag-fuer-weltfrieden-glueck-und-gesundheit\/","og_locale":"de_DE","og_type":"article","og_title":"Weltlachtag: F\u00fcr Weltfrieden, Gl\u00fcck und Gesundheit - Cam\u00e4l\u00e9on","og_description":"Der Weltlachtag findet jedes Jahr am ersten Sonntag des Mais statt. Seine Erfinderin ist Madan Kataria, die ihn 1998 in Bombay ins Leben rief.","og_url":"https:\/\/www.camaeleon.org\/de\/2023\/05\/07\/weltlachtag-fuer-weltfrieden-glueck-und-gesundheit\/","og_site_name":"Cam\u00e4l\u00e9on","article_publisher":"https:\/\/www.facebook.com\/camaeleon.org\/","article_published_time":"2023-05-07T08:59:28+00:00","article_modified_time":"2023-07-30T21:59:33+00:00","og_image":[{"width":1920,"height":1280,"url":"https:\/\/www.camaeleon.org\/wp-content\/uploads\/2023\/05\/child-1633526_1920.jpg","type":"image\/jpeg"}],"author":"Manuela Nwaha, Kahina Fuentes","twitter_card":"summary_large_image","twitter_creator":"@camaeleonOrg","twitter_site":"@camaeleonOrg","schema":{"@context":"https:\/\/schema.org","@graph":[{"@type":"Article","@id":"https:\/\/www.camaeleon.org\/2023\/05\/07\/weltlachtag-fuer-weltfrieden-glueck-und-gesundheit\/#article","isPartOf":{"@id":"https:\/\/www.camaeleon.org\/2023\/05\/07\/weltlachtag-fuer-weltfrieden-glueck-und-gesundheit\/"},"author":{"name":"Manuela Nwaha","@id":"https:\/\/www.camaeleon.org\/de\/#\/schema\/person\/d9d309c5cd617f2a8aa1ba1742093008"},"headline":"Weltlachtag: F\u00fcr Weltfrieden, Gl\u00fcck und Gesundheit","datePublished":"2023-05-07T08:59:28+00:00","dateModified":"2023-07-30T21:59:33+00:00","mainEntityOfPage":{"@id":"https:\/\/www.camaeleon.org\/2023\/05\/07\/weltlachtag-fuer-weltfrieden-glueck-und-gesundheit\/"},"wordCount":241,"commentCount":0,"publisher":{"@id":"https:\/\/www.camaeleon.org\/de\/#organization"},"image":{"@id":"https:\/\/www.camaeleon.org\/2023\/05\/07\/weltlachtag-fuer-weltfrieden-glueck-und-gesundheit\/#primaryimage"},"thumbnailUrl":"https:\/\/www.camaeleon.org\/wp-content\/uploads\/2023\/05\/child-1633526_1920.jpg","keywords":["Frieden","Gl\u00fcck","Gl\u00fccksforschung","Lachen","Weltlachtag"],"articleSection":["Leben"],"inLanguage":"de","potentialAction":[{"@type":"CommentAction","name":"Comment","target":["https:\/\/www.camaeleon.org\/2023\/05\/07\/weltlachtag-fuer-weltfrieden-glueck-und-gesundheit\/#respond"]}]},{"@type":"WebPage","@id":"https:\/\/www.camaeleon.org\/de\/2023\/05\/07\/weltlachtag-fuer-weltfrieden-glueck-und-gesundheit\/","url":"https:\/\/www.camaeleon.org\/de\/2023\/05\/07\/weltlachtag-fuer-weltfrieden-glueck-und-gesundheit\/","name":"Weltlachtag: F\u00fcr Weltfrieden, Gl\u00fcck und Gesundheit - Cam\u00e4l\u00e9on","isPartOf":{"@id":"https:\/\/www.camaeleon.org\/de\/#website"},"primaryImageOfPage":{"@id":"https:\/\/www.camaeleon.org\/de\/2023\/05\/07\/weltlachtag-fuer-weltfrieden-glueck-und-gesundheit\/#primaryimage"},"image":{"@id":"https:\/\/www.camaeleon.org\/2023\/05\/07\/weltlachtag-fuer-weltfrieden-glueck-und-gesundheit\/#primaryimage"},"thumbnailUrl":"https:\/\/www.camaeleon.org\/wp-content\/uploads\/2023\/05\/child-1633526_1920.jpg","datePublished":"2023-05-07T08:59:28+00:00","dateModified":"2023-07-30T21:59:33+00:00","description":"Der Weltlachtag findet jedes Jahr am ersten Sonntag des Mais statt. Seine Erfinderin ist Madan Kataria, die ihn 1998 in Bombay ins Leben rief.","breadcrumb":{"@id":"https:\/\/www.camaeleon.org\/de\/2023\/05\/07\/weltlachtag-fuer-weltfrieden-glueck-und-gesundheit\/#breadcrumb"},"inLanguage":"de","potentialAction":[{"@type":"ReadAction","target":[["https:\/\/www.camaeleon.org\/de\/2023\/05\/07\/weltlachtag-fuer-weltfrieden-glueck-und-gesundheit\/"]]}]},{"@type":"ImageObject","inLanguage":"de","@id":"https:\/\/www.camaeleon.org\/de\/2023\/05\/07\/weltlachtag-fuer-weltfrieden-glueck-und-gesundheit\/#primaryimage","url":"https:\/\/www.camaeleon.org\/wp-content\/uploads\/2023\/05\/child-1633526_1920.jpg","contentUrl":"https:\/\/www.camaeleon.org\/wp-content\/uploads\/2023\/05\/child-1633526_1920.jpg","width":1920,"height":1280,"caption":"Foto: glucosala \/ pixabay.com"},{"@type":"BreadcrumbList","@id":"https:\/\/www.camaeleon.org\/de\/2023\/05\/07\/weltlachtag-fuer-weltfrieden-glueck-und-gesundheit\/#breadcrumb","itemListElement":[{"@type":"ListItem","position":1,"name":"Home","item":"https:\/\/www.camaeleon.org\/de\/"},{"@type":"ListItem","position":2,"name":"Weltlachtag: F\u00fcr Weltfrieden, Gl\u00fcck und Gesundheit"}]},{"@type":"WebSite","@id":"https:\/\/www.camaeleon.org\/de\/#website","url":"https:\/\/www.camaeleon.org\/de\/","name":"Cam\u00e4l\u00e9on","description":"Das Sch\u00fclermagazin des Deutsch-Franz\u00f6sischen Gymnasiums Saarbr\u00fccken","publisher":{"@id":"https:\/\/www.camaeleon.org\/de\/#organization"},"potentialAction":[{"@type":"SearchAction","target":{"@type":"EntryPoint","urlTemplate":"https:\/\/www.camaeleon.org\/de\/?s={search_term_string}"},"query-input":{"@type":"PropertyValueSpecification","valueRequired":true,"valueName":"search_term_string"}}],"inLanguage":"de"},{"@type":"Organization","@id":"https:\/\/www.camaeleon.org\/de\/#organization","name":"Cam\u00e4l\u00e9on","url":"https:\/\/www.camaeleon.org\/de\/","logo":{"@type":"ImageObject","inLanguage":"de","@id":"https:\/\/www.camaeleon.org\/de\/#\/schema\/logo\/image\/","url":"https:\/\/www.camaeleon.org\/wp-content\/uploads\/2011\/11\/CAM\u00c4LEON.jpg","contentUrl":"https:\/\/www.camaeleon.org\/wp-content\/uploads\/2011\/11\/CAM\u00c4LEON.jpg","width":959,"height":959,"caption":"Cam\u00e4l\u00e9on"},"image":{"@id":"https:\/\/www.camaeleon.org\/de\/#\/schema\/logo\/image\/"},"sameAs":["https:\/\/www.facebook.com\/camaeleon.org\/","https:\/\/x.com\/camaeleonOrg","https:\/\/www.instagram.com\/camaeleon.dfg\/","https:\/\/www.youtube.com\/channel\/UCl3TAUDdGuu_c7CD6ax6hYg"]},{"@type":"Person","@id":"https:\/\/www.camaeleon.org\/de\/#\/schema\/person\/d9d309c5cd617f2a8aa1ba1742093008","name":"Manuela Nwaha","image":{"@type":"ImageObject","inLanguage":"de","@id":"https:\/\/www.camaeleon.org\/de\/wp-content\/uploads\/2022\/12\/IMG_8881-150x150.jpg9ce3e832743ec53be959b144b33179fb","url":"https:\/\/www.camaeleon.org\/wp-content\/uploads\/2022\/12\/IMG_8881-150x150.jpg","contentUrl":"https:\/\/www.camaeleon.org\/wp-content\/uploads\/2022\/12\/IMG_8881-150x150.jpg","caption":"Manuela Nwaha"},"description":"Hallo, mein Name ist Manuela. Ich bin 12 Jahre alt und gehe in die 6b. Ich spiele gerne Klavier, h\u00f6re gerne Musik und lese B\u00fccher.","url":"https:\/\/www.camaeleon.org\/de\/author\/manuela-nwaha\/"}]}},"_links":{"self":[{"href":"https:\/\/www.camaeleon.org\/de\/wp-json\/wp\/v2\/posts\/28787","targetHints":{"allow":["GET"]}}],"collection":[{"href":"https:\/\/www.camaeleon.org\/de\/wp-json\/wp\/v2\/posts"}],"about":[{"href":"https:\/\/www.camaeleon.org\/de\/wp-json\/wp\/v2\/types\/post"}],"author":[{"embeddable":true,"href":"https:\/\/www.camaeleon.org\/de\/wp-json\/wp\/v2\/users\/168"}],"replies":[{"embeddable":true,"href":"https:\/\/www.camaeleon.org\/de\/wp-json\/wp\/v2\/comments?post=28787"}],"version-history":[{"count":11,"href":"https:\/\/www.camaeleon.org\/de\/wp-json\/wp\/v2\/posts\/28787\/revisions"}],"predecessor-version":[{"id":28829,"href":"https:\/\/www.camaeleon.org\/de\/wp-json\/wp\/v2\/posts\/28787\/revisions\/28829"}],"wp:featuredmedia":[{"embeddable":true,"href":"https:\/\/www.camaeleon.org\/de\/wp-json\/wp\/v2\/media\/28821"}],"wp:attachment":[{"href":"https:\/\/www.camaeleon.org\/de\/wp-json\/wp\/v2\/media?parent=28787"}],"wp:term":[{"taxonomy":"category","embeddable":true,"href":"https:\/\/www.camaeleon.org\/de\/wp-json\/wp\/v2\/categories?post=28787"},{"taxonomy":"post_tag","embeddable":true,"href":"https:\/\/www.camaeleon.org\/de\/wp-json\/wp\/v2\/tags?post=28787"},{"taxonomy":"author","embeddable":true,"href":"https:\/\/www.camaeleon.org\/de\/wp-json\/wp\/v2\/coauthors?post=28787"}],"curies":[{"name":"wp","href":"https:\/\/api.w.org\/{rel}","templated":true}]}}