{"id":28713,"date":"2023-04-21T15:20:58","date_gmt":"2023-04-21T13:20:58","guid":{"rendered":"https:\/\/www.camaeleon.org\/?p=28713"},"modified":"2023-04-25T09:10:13","modified_gmt":"2023-04-25T07:10:13","slug":"mot-de-la-semaine-greve-et-perturbation-des-epreuves-du-bac","status":"publish","type":"post","link":"https:\/\/www.camaeleon.org\/de\/2023\/04\/21\/mot-de-la-semaine-greve-et-perturbation-des-epreuves-du-bac\/","title":{"rendered":"Le mot de la semaine: #gr\u00e8ve-et-perturbation-des-\u00e9preuves-du-bac?"},"content":{"rendered":"<figure id=\"attachment_28727\" aria-describedby=\"caption-attachment-28727\" style=\"width: 300px\" class=\"wp-caption alignleft\"><img loading=\"lazy\" decoding=\"async\" class=\"wp-image-28727 size-medium\" src=\"https:\/\/www.camaeleon.org\/wp-content\/uploads\/2023\/04\/DALL\u00b7E-2023-04-21-15.17.12-a-photo-of-a-student-in-a-hurry-running-with-a-schoolbag--300x300.png\" alt=\"\" width=\"300\" height=\"300\" srcset=\"https:\/\/www.camaeleon.org\/wp-content\/uploads\/2023\/04\/DALL\u00b7E-2023-04-21-15.17.12-a-photo-of-a-student-in-a-hurry-running-with-a-schoolbag--300x300.png 300w, https:\/\/www.camaeleon.org\/wp-content\/uploads\/2023\/04\/DALL\u00b7E-2023-04-21-15.17.12-a-photo-of-a-student-in-a-hurry-running-with-a-schoolbag--600x600.png 600w, https:\/\/www.camaeleon.org\/wp-content\/uploads\/2023\/04\/DALL\u00b7E-2023-04-21-15.17.12-a-photo-of-a-student-in-a-hurry-running-with-a-schoolbag--150x150.png 150w, https:\/\/www.camaeleon.org\/wp-content\/uploads\/2023\/04\/DALL\u00b7E-2023-04-21-15.17.12-a-photo-of-a-student-in-a-hurry-running-with-a-schoolbag-.png 1024w\" sizes=\"auto, (max-width: 300px) 100vw, 300px\" \/><figcaption id=\"caption-attachment-28727\" class=\"wp-caption-text\">Photo : labs.openai.com<\/figcaption><\/figure>\n<p>Perturbation g\u00e9n\u00e9rale pour les bacheliers du LFA : des trains de la Deutsche Bahn et des trams annul\u00e9s \u00e0 cause de la gr\u00e8ve nationale en Allemagne. Question qui se pose : les bacheliers du LFA ont-ils \u00e9t\u00e9 touch\u00e9s ? Quelles mesures ont \u00e9t\u00e9 prises pour les \u00e9l\u00e8ves arriv\u00e9s en retard ?<\/p>\n<p>Les \u00e9preuves du bac ont commenc\u00e9 \u00e0 9h30 aujourd&#8217;hui. Heureusement aucun \u00e9l\u00e8ve n\u2019est arriv\u00e9 en retard.\u00a0Si cela avait \u00e9t\u00e9 le cas, ils auraient pu participer \u00e0 leur \u00e9preuve, mais auraient-ils eu le temps de finir ? La question ne s\u2019est pas pos\u00e9e.<\/p>\n<p>M. Hauter, directeur du DFG\/LFA n\u2019\u00e9tait pas d\u2019avis d\u2019annuler les \u00e9preuves d\u2019aujourd\u2019hui : \u00ab Les gr\u00e8ves ont \u00e9t\u00e9 annonc\u00e9es il y a quelques jours, donc les \u00e9l\u00e8ves ont \u00e9t\u00e9 pr\u00e9venus et ont pu s\u2019arranger entre eux. Si un \u00e9l\u00e8ve n\u2019avait pas pu trouver de solution, nous nous serions arrang\u00e9s pour que tous les \u00e9l\u00e8ves soient pr\u00e9sents aux \u00e9preuves. \u00bb<\/p>\n<p>Ouf, tout est bien qui finit bien !<\/p>\n","protected":false},"excerpt":{"rendered":"<p>Perturbation g\u00e9n\u00e9rale pour les bacheliers du LFA : des trains de la Deutsche Bahn et des trams annul\u00e9s \u00e0 cause de la gr\u00e8ve nationale en<\/p>\n","protected":false},"author":161,"featured_media":28727,"comment_status":"open","ping_status":"closed","sticky":false,"template":"","format":"standard","meta":{"colormag_page_container_layout":"default_layout","colormag_page_sidebar_layout":"default_layout","footnotes":""},"categories":[864],"tags":[1044,261,479,2214,2215],"coauthors":[2041],"class_list":["post-28713","post","type-post","status-publish","format-standard","has-post-thumbnail","hentry","category-le-mot-de-la-semaine","tag-abi","tag-abitur","tag-bac","tag-greve","tag-streik"],"yoast_head":"<!-- This site is optimized with the Yoast SEO plugin v27.4 - https:\/\/yoast.com\/product\/yoast-seo-wordpress\/ -->\n<title>Le mot de la semaine: #gr\u00e8ve-et-perturbation-des-\u00e9preuves-du-bac? - Cam\u00e4l\u00e9on<\/title>\n<meta name=\"description\" content=\"Perturbation g\u00e9n\u00e9rale pour les bacheliers du LFA : des trains de la DB et des trams annul\u00e9s \u00e0 cause de la gr\u00e8ve nationale en Allemagne.\" \/>\n<meta name=\"robots\" content=\"index, follow, max-snippet:-1, max-image-preview:large, max-video-preview:-1\" \/>\n<link rel=\"canonical\" href=\"https:\/\/www.camaeleon.org\/de\/2023\/04\/21\/mot-de-la-semaine-greve-et-perturbation-des-epreuves-du-bac\/\" \/>\n<meta property=\"og:locale\" content=\"de_DE\" \/>\n<meta property=\"og:type\" content=\"article\" \/>\n<meta property=\"og:title\" content=\"Le mot de la semaine: #gr\u00e8ve-et-perturbation-des-\u00e9preuves-du-bac? - Cam\u00e4l\u00e9on\" \/>\n<meta property=\"og:description\" content=\"Perturbation g\u00e9n\u00e9rale pour les bacheliers du LFA : des trains de la DB et des trams annul\u00e9s \u00e0 cause de la gr\u00e8ve nationale en Allemagne.\" \/>\n<meta property=\"og:url\" content=\"https:\/\/www.camaeleon.org\/de\/2023\/04\/21\/mot-de-la-semaine-greve-et-perturbation-des-epreuves-du-bac\/\" \/>\n<meta property=\"og:site_name\" content=\"Cam\u00e4l\u00e9on\" \/>\n<meta property=\"article:publisher\" content=\"https:\/\/www.facebook.com\/camaeleon.org\/\" \/>\n<meta property=\"article:published_time\" content=\"2023-04-21T13:20:58+00:00\" \/>\n<meta property=\"article:modified_time\" content=\"2023-04-25T07:10:13+00:00\" \/>\n<meta property=\"og:image\" content=\"https:\/\/www.camaeleon.org\/wp-content\/uploads\/2023\/04\/DALL\u00b7E-2023-04-21-15.17.12-a-photo-of-a-student-in-a-hurry-running-with-a-schoolbag-.png\" \/>\n\t<meta property=\"og:image:width\" content=\"1024\" \/>\n\t<meta property=\"og:image:height\" content=\"1024\" \/>\n\t<meta property=\"og:image:type\" content=\"image\/png\" \/>\n<meta name=\"author\" content=\"M\u00e9lina Schmitt-Clanch\u00e9\" \/>\n<meta name=\"twitter:card\" content=\"summary_large_image\" \/>\n<meta name=\"twitter:creator\" content=\"@camaeleonOrg\" \/>\n<meta name=\"twitter:site\" content=\"@camaeleonOrg\" \/>\n<script type=\"application\/ld+json\" class=\"yoast-schema-graph\">{\"@context\":\"https:\\\/\\\/schema.org\",\"@graph\":[{\"@type\":\"Article\",\"@id\":\"https:\\\/\\\/www.camaeleon.org\\\/2023\\\/04\\\/21\\\/mot-de-la-semaine-greve-et-perturbation-des-epreuves-du-bac\\\/#article\",\"isPartOf\":{\"@id\":\"https:\\\/\\\/www.camaeleon.org\\\/2023\\\/04\\\/21\\\/mot-de-la-semaine-greve-et-perturbation-des-epreuves-du-bac\\\/\"},\"author\":{\"name\":\"M\u00e9lina Schmitt-Clanch\u00e9\",\"@id\":\"https:\\\/\\\/www.camaeleon.org\\\/de\\\/#\\\/schema\\\/person\\\/9ab272ff60efeba8059884189bf167f2\"},\"headline\":\"Le mot de la semaine: #gr\u00e8ve-et-perturbation-des-\u00e9preuves-du-bac?\",\"datePublished\":\"2023-04-21T13:20:58+00:00\",\"dateModified\":\"2023-04-25T07:10:13+00:00\",\"mainEntityOfPage\":{\"@id\":\"https:\\\/\\\/www.camaeleon.org\\\/2023\\\/04\\\/21\\\/mot-de-la-semaine-greve-et-perturbation-des-epreuves-du-bac\\\/\"},\"wordCount\":196,\"commentCount\":0,\"publisher\":{\"@id\":\"https:\\\/\\\/www.camaeleon.org\\\/de\\\/#organization\"},\"image\":{\"@id\":\"https:\\\/\\\/www.camaeleon.org\\\/2023\\\/04\\\/21\\\/mot-de-la-semaine-greve-et-perturbation-des-epreuves-du-bac\\\/#primaryimage\"},\"thumbnailUrl\":\"https:\\\/\\\/www.camaeleon.org\\\/wp-content\\\/uploads\\\/2023\\\/04\\\/DALL\u00b7E-2023-04-21-15.17.12-a-photo-of-a-student-in-a-hurry-running-with-a-schoolbag-.png\",\"keywords\":[\"Abi\",\"Abitur\",\"Bac\",\"Gr\u00e8ve\",\"Streik\"],\"articleSection\":[\"Das Wort der Woche\"],\"inLanguage\":\"de\",\"potentialAction\":[{\"@type\":\"CommentAction\",\"name\":\"Comment\",\"target\":[\"https:\\\/\\\/www.camaeleon.org\\\/2023\\\/04\\\/21\\\/mot-de-la-semaine-greve-et-perturbation-des-epreuves-du-bac\\\/#respond\"]}]},{\"@type\":\"WebPage\",\"@id\":\"https:\\\/\\\/www.camaeleon.org\\\/de\\\/2023\\\/04\\\/21\\\/mot-de-la-semaine-greve-et-perturbation-des-epreuves-du-bac\\\/\",\"url\":\"https:\\\/\\\/www.camaeleon.org\\\/de\\\/2023\\\/04\\\/21\\\/mot-de-la-semaine-greve-et-perturbation-des-epreuves-du-bac\\\/\",\"name\":\"Le mot de la semaine: #gr\u00e8ve-et-perturbation-des-\u00e9preuves-du-bac? - Cam\u00e4l\u00e9on\",\"isPartOf\":{\"@id\":\"https:\\\/\\\/www.camaeleon.org\\\/de\\\/#website\"},\"primaryImageOfPage\":{\"@id\":\"https:\\\/\\\/www.camaeleon.org\\\/de\\\/2023\\\/04\\\/21\\\/mot-de-la-semaine-greve-et-perturbation-des-epreuves-du-bac\\\/#primaryimage\"},\"image\":{\"@id\":\"https:\\\/\\\/www.camaeleon.org\\\/2023\\\/04\\\/21\\\/mot-de-la-semaine-greve-et-perturbation-des-epreuves-du-bac\\\/#primaryimage\"},\"thumbnailUrl\":\"https:\\\/\\\/www.camaeleon.org\\\/wp-content\\\/uploads\\\/2023\\\/04\\\/DALL\u00b7E-2023-04-21-15.17.12-a-photo-of-a-student-in-a-hurry-running-with-a-schoolbag-.png\",\"datePublished\":\"2023-04-21T13:20:58+00:00\",\"dateModified\":\"2023-04-25T07:10:13+00:00\",\"description\":\"Perturbation g\u00e9n\u00e9rale pour les bacheliers du LFA : des trains de la DB et des trams annul\u00e9s \u00e0 cause de la gr\u00e8ve nationale en Allemagne.\",\"breadcrumb\":{\"@id\":\"https:\\\/\\\/www.camaeleon.org\\\/de\\\/2023\\\/04\\\/21\\\/mot-de-la-semaine-greve-et-perturbation-des-epreuves-du-bac\\\/#breadcrumb\"},\"inLanguage\":\"de\",\"potentialAction\":[{\"@type\":\"ReadAction\",\"target\":[[\"https:\\\/\\\/www.camaeleon.org\\\/de\\\/2023\\\/04\\\/21\\\/mot-de-la-semaine-greve-et-perturbation-des-epreuves-du-bac\\\/\"]]}]},{\"@type\":\"ImageObject\",\"inLanguage\":\"de\",\"@id\":\"https:\\\/\\\/www.camaeleon.org\\\/de\\\/2023\\\/04\\\/21\\\/mot-de-la-semaine-greve-et-perturbation-des-epreuves-du-bac\\\/#primaryimage\",\"url\":\"https:\\\/\\\/www.camaeleon.org\\\/wp-content\\\/uploads\\\/2023\\\/04\\\/DALL\u00b7E-2023-04-21-15.17.12-a-photo-of-a-student-in-a-hurry-running-with-a-schoolbag-.png\",\"contentUrl\":\"https:\\\/\\\/www.camaeleon.org\\\/wp-content\\\/uploads\\\/2023\\\/04\\\/DALL\u00b7E-2023-04-21-15.17.12-a-photo-of-a-student-in-a-hurry-running-with-a-schoolbag-.png\",\"width\":1024,\"height\":1024},{\"@type\":\"BreadcrumbList\",\"@id\":\"https:\\\/\\\/www.camaeleon.org\\\/de\\\/2023\\\/04\\\/21\\\/mot-de-la-semaine-greve-et-perturbation-des-epreuves-du-bac\\\/#breadcrumb\",\"itemListElement\":[{\"@type\":\"ListItem\",\"position\":1,\"name\":\"Home\",\"item\":\"https:\\\/\\\/www.camaeleon.org\\\/de\\\/\"},{\"@type\":\"ListItem\",\"position\":2,\"name\":\"Le mot de la semaine: #gr\u00e8ve-et-perturbation-des-\u00e9preuves-du-bac?\"}]},{\"@type\":\"WebSite\",\"@id\":\"https:\\\/\\\/www.camaeleon.org\\\/de\\\/#website\",\"url\":\"https:\\\/\\\/www.camaeleon.org\\\/de\\\/\",\"name\":\"Cam\u00e4l\u00e9on\",\"description\":\"Das Sch\u00fclermagazin des Deutsch-Franz\u00f6sischen Gymnasiums Saarbr\u00fccken\",\"publisher\":{\"@id\":\"https:\\\/\\\/www.camaeleon.org\\\/de\\\/#organization\"},\"potentialAction\":[{\"@type\":\"SearchAction\",\"target\":{\"@type\":\"EntryPoint\",\"urlTemplate\":\"https:\\\/\\\/www.camaeleon.org\\\/de\\\/?s={search_term_string}\"},\"query-input\":{\"@type\":\"PropertyValueSpecification\",\"valueRequired\":true,\"valueName\":\"search_term_string\"}}],\"inLanguage\":\"de\"},{\"@type\":\"Organization\",\"@id\":\"https:\\\/\\\/www.camaeleon.org\\\/de\\\/#organization\",\"name\":\"Cam\u00e4l\u00e9on\",\"url\":\"https:\\\/\\\/www.camaeleon.org\\\/de\\\/\",\"logo\":{\"@type\":\"ImageObject\",\"inLanguage\":\"de\",\"@id\":\"https:\\\/\\\/www.camaeleon.org\\\/de\\\/#\\\/schema\\\/logo\\\/image\\\/\",\"url\":\"https:\\\/\\\/www.camaeleon.org\\\/wp-content\\\/uploads\\\/2011\\\/11\\\/CAM\u00c4LEON.jpg\",\"contentUrl\":\"https:\\\/\\\/www.camaeleon.org\\\/wp-content\\\/uploads\\\/2011\\\/11\\\/CAM\u00c4LEON.jpg\",\"width\":959,\"height\":959,\"caption\":\"Cam\u00e4l\u00e9on\"},\"image\":{\"@id\":\"https:\\\/\\\/www.camaeleon.org\\\/de\\\/#\\\/schema\\\/logo\\\/image\\\/\"},\"sameAs\":[\"https:\\\/\\\/www.facebook.com\\\/camaeleon.org\\\/\",\"https:\\\/\\\/x.com\\\/camaeleonOrg\",\"https:\\\/\\\/www.instagram.com\\\/camaeleon.dfg\\\/\",\"https:\\\/\\\/www.youtube.com\\\/channel\\\/UCl3TAUDdGuu_c7CD6ax6hYg\"]},{\"@type\":\"Person\",\"@id\":\"https:\\\/\\\/www.camaeleon.org\\\/de\\\/#\\\/schema\\\/person\\\/9ab272ff60efeba8059884189bf167f2\",\"name\":\"M\u00e9lina Schmitt-Clanch\u00e9\",\"image\":{\"@type\":\"ImageObject\",\"inLanguage\":\"de\",\"@id\":\"https:\\\/\\\/www.camaeleon.org\\\/de\\\/wp-content\\\/uploads\\\/2023\\\/02\\\/melina-150x150.jpgfe0604dd906a9d41bbbad597e0400c07\",\"url\":\"https:\\\/\\\/www.camaeleon.org\\\/wp-content\\\/uploads\\\/2023\\\/02\\\/melina-150x150.jpg\",\"contentUrl\":\"https:\\\/\\\/www.camaeleon.org\\\/wp-content\\\/uploads\\\/2023\\\/02\\\/melina-150x150.jpg\",\"caption\":\"M\u00e9lina Schmitt-Clanch\u00e9\"},\"description\":\"Hey, mein Name ist Melina, ich bin in der 9SL2 und das ist mein erstes Jahr bei Cam\u00e4l\u00e9on! In meiner Freizeit k\u00fcmmere ich mich um meine drei Pferde, denn Reiten ist meine gro\u00dfe Leidenschaft! Ich schreibe, zeichne und bastle auch gerne, vor allem aber reise ich gerne und entdecke neue Dinge...\",\"url\":\"https:\\\/\\\/www.camaeleon.org\\\/de\\\/author\\\/melina-schmitt-clanche\\\/\"}]}<\/script>\n<!-- \/ Yoast SEO plugin. -->","yoast_head_json":{"title":"Le mot de la semaine: #gr\u00e8ve-et-perturbation-des-\u00e9preuves-du-bac? - Cam\u00e4l\u00e9on","description":"Perturbation g\u00e9n\u00e9rale pour les bacheliers du LFA : des trains de la DB et des trams annul\u00e9s \u00e0 cause de la gr\u00e8ve nationale en Allemagne.","robots":{"index":"index","follow":"follow","max-snippet":"max-snippet:-1","max-image-preview":"max-image-preview:large","max-video-preview":"max-video-preview:-1"},"canonical":"https:\/\/www.camaeleon.org\/de\/2023\/04\/21\/mot-de-la-semaine-greve-et-perturbation-des-epreuves-du-bac\/","og_locale":"de_DE","og_type":"article","og_title":"Le mot de la semaine: #gr\u00e8ve-et-perturbation-des-\u00e9preuves-du-bac? - Cam\u00e4l\u00e9on","og_description":"Perturbation g\u00e9n\u00e9rale pour les bacheliers du LFA : des trains de la DB et des trams annul\u00e9s \u00e0 cause de la gr\u00e8ve nationale en Allemagne.","og_url":"https:\/\/www.camaeleon.org\/de\/2023\/04\/21\/mot-de-la-semaine-greve-et-perturbation-des-epreuves-du-bac\/","og_site_name":"Cam\u00e4l\u00e9on","article_publisher":"https:\/\/www.facebook.com\/camaeleon.org\/","article_published_time":"2023-04-21T13:20:58+00:00","article_modified_time":"2023-04-25T07:10:13+00:00","og_image":[{"width":1024,"height":1024,"url":"https:\/\/www.camaeleon.org\/wp-content\/uploads\/2023\/04\/DALL\u00b7E-2023-04-21-15.17.12-a-photo-of-a-student-in-a-hurry-running-with-a-schoolbag-.png","type":"image\/png"}],"author":"M\u00e9lina Schmitt-Clanch\u00e9","twitter_card":"summary_large_image","twitter_creator":"@camaeleonOrg","twitter_site":"@camaeleonOrg","schema":{"@context":"https:\/\/schema.org","@graph":[{"@type":"Article","@id":"https:\/\/www.camaeleon.org\/2023\/04\/21\/mot-de-la-semaine-greve-et-perturbation-des-epreuves-du-bac\/#article","isPartOf":{"@id":"https:\/\/www.camaeleon.org\/2023\/04\/21\/mot-de-la-semaine-greve-et-perturbation-des-epreuves-du-bac\/"},"author":{"name":"M\u00e9lina Schmitt-Clanch\u00e9","@id":"https:\/\/www.camaeleon.org\/de\/#\/schema\/person\/9ab272ff60efeba8059884189bf167f2"},"headline":"Le mot de la semaine: #gr\u00e8ve-et-perturbation-des-\u00e9preuves-du-bac?","datePublished":"2023-04-21T13:20:58+00:00","dateModified":"2023-04-25T07:10:13+00:00","mainEntityOfPage":{"@id":"https:\/\/www.camaeleon.org\/2023\/04\/21\/mot-de-la-semaine-greve-et-perturbation-des-epreuves-du-bac\/"},"wordCount":196,"commentCount":0,"publisher":{"@id":"https:\/\/www.camaeleon.org\/de\/#organization"},"image":{"@id":"https:\/\/www.camaeleon.org\/2023\/04\/21\/mot-de-la-semaine-greve-et-perturbation-des-epreuves-du-bac\/#primaryimage"},"thumbnailUrl":"https:\/\/www.camaeleon.org\/wp-content\/uploads\/2023\/04\/DALL\u00b7E-2023-04-21-15.17.12-a-photo-of-a-student-in-a-hurry-running-with-a-schoolbag-.png","keywords":["Abi","Abitur","Bac","Gr\u00e8ve","Streik"],"articleSection":["Das Wort der Woche"],"inLanguage":"de","potentialAction":[{"@type":"CommentAction","name":"Comment","target":["https:\/\/www.camaeleon.org\/2023\/04\/21\/mot-de-la-semaine-greve-et-perturbation-des-epreuves-du-bac\/#respond"]}]},{"@type":"WebPage","@id":"https:\/\/www.camaeleon.org\/de\/2023\/04\/21\/mot-de-la-semaine-greve-et-perturbation-des-epreuves-du-bac\/","url":"https:\/\/www.camaeleon.org\/de\/2023\/04\/21\/mot-de-la-semaine-greve-et-perturbation-des-epreuves-du-bac\/","name":"Le mot de la semaine: #gr\u00e8ve-et-perturbation-des-\u00e9preuves-du-bac? - Cam\u00e4l\u00e9on","isPartOf":{"@id":"https:\/\/www.camaeleon.org\/de\/#website"},"primaryImageOfPage":{"@id":"https:\/\/www.camaeleon.org\/de\/2023\/04\/21\/mot-de-la-semaine-greve-et-perturbation-des-epreuves-du-bac\/#primaryimage"},"image":{"@id":"https:\/\/www.camaeleon.org\/2023\/04\/21\/mot-de-la-semaine-greve-et-perturbation-des-epreuves-du-bac\/#primaryimage"},"thumbnailUrl":"https:\/\/www.camaeleon.org\/wp-content\/uploads\/2023\/04\/DALL\u00b7E-2023-04-21-15.17.12-a-photo-of-a-student-in-a-hurry-running-with-a-schoolbag-.png","datePublished":"2023-04-21T13:20:58+00:00","dateModified":"2023-04-25T07:10:13+00:00","description":"Perturbation g\u00e9n\u00e9rale pour les bacheliers du LFA : des trains de la DB et des trams annul\u00e9s \u00e0 cause de la gr\u00e8ve nationale en Allemagne.","breadcrumb":{"@id":"https:\/\/www.camaeleon.org\/de\/2023\/04\/21\/mot-de-la-semaine-greve-et-perturbation-des-epreuves-du-bac\/#breadcrumb"},"inLanguage":"de","potentialAction":[{"@type":"ReadAction","target":[["https:\/\/www.camaeleon.org\/de\/2023\/04\/21\/mot-de-la-semaine-greve-et-perturbation-des-epreuves-du-bac\/"]]}]},{"@type":"ImageObject","inLanguage":"de","@id":"https:\/\/www.camaeleon.org\/de\/2023\/04\/21\/mot-de-la-semaine-greve-et-perturbation-des-epreuves-du-bac\/#primaryimage","url":"https:\/\/www.camaeleon.org\/wp-content\/uploads\/2023\/04\/DALL\u00b7E-2023-04-21-15.17.12-a-photo-of-a-student-in-a-hurry-running-with-a-schoolbag-.png","contentUrl":"https:\/\/www.camaeleon.org\/wp-content\/uploads\/2023\/04\/DALL\u00b7E-2023-04-21-15.17.12-a-photo-of-a-student-in-a-hurry-running-with-a-schoolbag-.png","width":1024,"height":1024},{"@type":"BreadcrumbList","@id":"https:\/\/www.camaeleon.org\/de\/2023\/04\/21\/mot-de-la-semaine-greve-et-perturbation-des-epreuves-du-bac\/#breadcrumb","itemListElement":[{"@type":"ListItem","position":1,"name":"Home","item":"https:\/\/www.camaeleon.org\/de\/"},{"@type":"ListItem","position":2,"name":"Le mot de la semaine: #gr\u00e8ve-et-perturbation-des-\u00e9preuves-du-bac?"}]},{"@type":"WebSite","@id":"https:\/\/www.camaeleon.org\/de\/#website","url":"https:\/\/www.camaeleon.org\/de\/","name":"Cam\u00e4l\u00e9on","description":"Das Sch\u00fclermagazin des Deutsch-Franz\u00f6sischen Gymnasiums Saarbr\u00fccken","publisher":{"@id":"https:\/\/www.camaeleon.org\/de\/#organization"},"potentialAction":[{"@type":"SearchAction","target":{"@type":"EntryPoint","urlTemplate":"https:\/\/www.camaeleon.org\/de\/?s={search_term_string}"},"query-input":{"@type":"PropertyValueSpecification","valueRequired":true,"valueName":"search_term_string"}}],"inLanguage":"de"},{"@type":"Organization","@id":"https:\/\/www.camaeleon.org\/de\/#organization","name":"Cam\u00e4l\u00e9on","url":"https:\/\/www.camaeleon.org\/de\/","logo":{"@type":"ImageObject","inLanguage":"de","@id":"https:\/\/www.camaeleon.org\/de\/#\/schema\/logo\/image\/","url":"https:\/\/www.camaeleon.org\/wp-content\/uploads\/2011\/11\/CAM\u00c4LEON.jpg","contentUrl":"https:\/\/www.camaeleon.org\/wp-content\/uploads\/2011\/11\/CAM\u00c4LEON.jpg","width":959,"height":959,"caption":"Cam\u00e4l\u00e9on"},"image":{"@id":"https:\/\/www.camaeleon.org\/de\/#\/schema\/logo\/image\/"},"sameAs":["https:\/\/www.facebook.com\/camaeleon.org\/","https:\/\/x.com\/camaeleonOrg","https:\/\/www.instagram.com\/camaeleon.dfg\/","https:\/\/www.youtube.com\/channel\/UCl3TAUDdGuu_c7CD6ax6hYg"]},{"@type":"Person","@id":"https:\/\/www.camaeleon.org\/de\/#\/schema\/person\/9ab272ff60efeba8059884189bf167f2","name":"M\u00e9lina Schmitt-Clanch\u00e9","image":{"@type":"ImageObject","inLanguage":"de","@id":"https:\/\/www.camaeleon.org\/de\/wp-content\/uploads\/2023\/02\/melina-150x150.jpgfe0604dd906a9d41bbbad597e0400c07","url":"https:\/\/www.camaeleon.org\/wp-content\/uploads\/2023\/02\/melina-150x150.jpg","contentUrl":"https:\/\/www.camaeleon.org\/wp-content\/uploads\/2023\/02\/melina-150x150.jpg","caption":"M\u00e9lina Schmitt-Clanch\u00e9"},"description":"Hey, mein Name ist Melina, ich bin in der 9SL2 und das ist mein erstes Jahr bei Cam\u00e4l\u00e9on! In meiner Freizeit k\u00fcmmere ich mich um meine drei Pferde, denn Reiten ist meine gro\u00dfe Leidenschaft! Ich schreibe, zeichne und bastle auch gerne, vor allem aber reise ich gerne und entdecke neue Dinge...","url":"https:\/\/www.camaeleon.org\/de\/author\/melina-schmitt-clanche\/"}]}},"_links":{"self":[{"href":"https:\/\/www.camaeleon.org\/de\/wp-json\/wp\/v2\/posts\/28713","targetHints":{"allow":["GET"]}}],"collection":[{"href":"https:\/\/www.camaeleon.org\/de\/wp-json\/wp\/v2\/posts"}],"about":[{"href":"https:\/\/www.camaeleon.org\/de\/wp-json\/wp\/v2\/types\/post"}],"author":[{"embeddable":true,"href":"https:\/\/www.camaeleon.org\/de\/wp-json\/wp\/v2\/users\/161"}],"replies":[{"embeddable":true,"href":"https:\/\/www.camaeleon.org\/de\/wp-json\/wp\/v2\/comments?post=28713"}],"version-history":[{"count":3,"href":"https:\/\/www.camaeleon.org\/de\/wp-json\/wp\/v2\/posts\/28713\/revisions"}],"predecessor-version":[{"id":28743,"href":"https:\/\/www.camaeleon.org\/de\/wp-json\/wp\/v2\/posts\/28713\/revisions\/28743"}],"wp:featuredmedia":[{"embeddable":true,"href":"https:\/\/www.camaeleon.org\/de\/wp-json\/wp\/v2\/media\/28727"}],"wp:attachment":[{"href":"https:\/\/www.camaeleon.org\/de\/wp-json\/wp\/v2\/media?parent=28713"}],"wp:term":[{"taxonomy":"category","embeddable":true,"href":"https:\/\/www.camaeleon.org\/de\/wp-json\/wp\/v2\/categories?post=28713"},{"taxonomy":"post_tag","embeddable":true,"href":"https:\/\/www.camaeleon.org\/de\/wp-json\/wp\/v2\/tags?post=28713"},{"taxonomy":"author","embeddable":true,"href":"https:\/\/www.camaeleon.org\/de\/wp-json\/wp\/v2\/coauthors?post=28713"}],"curies":[{"name":"wp","href":"https:\/\/api.w.org\/{rel}","templated":true}]}}