{"id":28360,"date":"2023-02-17T15:22:57","date_gmt":"2023-02-17T14:22:57","guid":{"rendered":"https:\/\/www.camaeleon.org\/?p=28360"},"modified":"2023-02-20T12:44:22","modified_gmt":"2023-02-20T11:44:22","slug":"une-ecole-tres-vivante-interview-de-mme-voisine-adjointe-du-chef-du-secteur-europe-a-laefe","status":"publish","type":"post","link":"https:\/\/www.camaeleon.org\/de\/2023\/02\/17\/une-ecole-tres-vivante-interview-de-mme-voisine-adjointe-du-chef-du-secteur-europe-a-laefe\/","title":{"rendered":"&#8222;Le LFA, une \u00e9cole ouverte sur le monde&#8220; &#8211; Interview de Mme Voisine, adjointe du chef du secteur Europe \u00e0 l&#8217;AEFE"},"content":{"rendered":"<p>Cette semaine, Mme Voisine, adjointe du chef du secteur Europe \u00e0 l&#8217;AEFE \u00e0 Paris et Mme Picault, conseill\u00e8re culturelle adjointe \u00e0 l\u2019ambassade de Berlin et d\u00e9l\u00e9gu\u00e9e de la direction de l\u2019AEFE, sont venues au LFA de Sarrebruck.<\/p>\n<p><img loading=\"lazy\" decoding=\"async\" class=\"aligncenter size-large wp-image-28380\" src=\"https:\/\/www.camaeleon.org\/wp-content\/uploads\/2023\/02\/Mme-Voisine-1-880x530.jpg\" alt=\"\" width=\"800\" height=\"482\" srcset=\"https:\/\/www.camaeleon.org\/wp-content\/uploads\/2023\/02\/Mme-Voisine-1-880x530.jpg 880w, https:\/\/www.camaeleon.org\/wp-content\/uploads\/2023\/02\/Mme-Voisine-1-300x181.jpg 300w, https:\/\/www.camaeleon.org\/wp-content\/uploads\/2023\/02\/Mme-Voisine-1-1536x926.jpg 1536w, https:\/\/www.camaeleon.org\/wp-content\/uploads\/2023\/02\/Mme-Voisine-1-2048x1235.jpg 2048w\" sizes=\"auto, (max-width: 800px) 100vw, 800px\" \/><\/p>\n<p>Voici l&#8217;interview que Cam\u00e4l\u00e9on a eu l&#8217;opportunit\u00e9 de faire de Mme Voisine.<\/p>\n<div class=\"wp-playlist wp-audio-playlist wp-playlist-light\">\n\t\t\t<div class=\"wp-playlist-current-item\"><\/div>\n\t\t<audio controls=\"controls\" preload=\"none\" width=\"778\"\n\t\t\t><\/audio>\n\t<div class=\"wp-playlist-next\"><\/div>\n\t<div class=\"wp-playlist-prev\"><\/div>\n\t<noscript>\n\t<ol>\n\t\t<li><a href='https:\/\/www.camaeleon.org\/wp-content\/uploads\/2023\/02\/Mme-Voisine_Interview.mp3'>Interview de Mme Voisine<\/a><\/li>\t<\/ol>\n\t<\/noscript>\n\t<script type=\"application\/json\" class=\"wp-playlist-script\">{\"type\":\"audio\",\"tracklist\":true,\"tracknumbers\":true,\"images\":true,\"artists\":true,\"tracks\":[{\"src\":\"https:\/\/www.camaeleon.org\/wp-content\/uploads\/2023\/02\/Mme-Voisine_Interview.mp3\",\"type\":\"audio\/mpeg\",\"title\":\"Interview de Mme Voisine\",\"caption\":\"\\\"Le LFA, un \\u00e9tablissement ouvert sur le monde\\\" - Interview de Mme Voisine, adjointe du chef du secteur Europe \\u00e0 l'AEFE\",\"description\":\"\\u201eInterview de Mme Voisine\\u201c von Cam\\u00e4l\\u00e9on, Max Ernst. Ver\\u00f6ffentlicht: 2023. Genre: Podcast.\",\"meta\":{\"artist\":\"Max Ernst\",\"album\":\"Cam\\u00e4l\\u00e9on\",\"genre\":\"Podcast\",\"year\":\"2023\",\"length_formatted\":\"4:28\"},\"image\":{\"src\":\"https:\/\/www.camaeleon.org\/wp-content\/uploads\/2023\/02\/Mme-Voisine-1.jpg\",\"width\":2427,\"height\":1463},\"thumb\":{\"src\":\"https:\/\/www.camaeleon.org\/wp-content\/uploads\/2023\/02\/Mme-Voisine-1-150x150.jpg\",\"width\":150,\"height\":150}}]}<\/script>\n<\/div>\n\t\n","protected":false},"excerpt":{"rendered":"<p>Cette semaine, Mme Voisine, adjointe du chef du secteur Europe \u00e0 l&#8217;AEFE \u00e0 Paris et Mme Picault, conseill\u00e8re culturelle adjointe \u00e0 l\u2019ambassade de Berlin et<\/p>\n","protected":false},"author":128,"featured_media":28380,"comment_status":"open","ping_status":"closed","sticky":false,"template":"","format":"standard","meta":{"colormag_page_container_layout":"default_layout","colormag_page_sidebar_layout":"default_layout","footnotes":""},"categories":[3,200],"tags":[],"coauthors":[744],"class_list":["post-28360","post","type-post","status-publish","format-standard","has-post-thumbnail","hentry","category-ecole","category-audio"],"yoast_head":"<!-- This site is optimized with the Yoast SEO plugin v27.5 - https:\/\/yoast.com\/product\/yoast-seo-wordpress\/ -->\n<title>&quot;Le LFA, une \u00e9cole ouverte sur le monde&quot; - Interview de Mme Voisine, adjointe du chef du secteur Europe \u00e0 l&#039;AEFE - Cam\u00e4l\u00e9on<\/title>\n<meta name=\"description\" content=\"Cette semaine, Mme Voisine, adjointe du chef du secteur Europe \u00e0 l&#039;AEFE \u00e0 Paris, est venue au LFA de Sarrebruck. Une interview.\" \/>\n<meta name=\"robots\" content=\"index, follow, max-snippet:-1, max-image-preview:large, max-video-preview:-1\" \/>\n<link rel=\"canonical\" href=\"https:\/\/www.camaeleon.org\/de\/2023\/02\/17\/une-ecole-tres-vivante-interview-de-mme-voisine-adjointe-du-chef-du-secteur-europe-a-laefe\/\" \/>\n<meta property=\"og:locale\" content=\"de_DE\" \/>\n<meta property=\"og:type\" content=\"article\" \/>\n<meta property=\"og:title\" content=\"&quot;Le LFA, une \u00e9cole ouverte sur le monde&quot; - Interview de Mme Voisine, adjointe du chef du secteur Europe \u00e0 l&#039;AEFE - Cam\u00e4l\u00e9on\" \/>\n<meta property=\"og:description\" content=\"Cette semaine, Mme Voisine, adjointe du chef du secteur Europe \u00e0 l&#039;AEFE \u00e0 Paris, est venue au LFA de Sarrebruck. Une interview.\" \/>\n<meta property=\"og:url\" content=\"https:\/\/www.camaeleon.org\/de\/2023\/02\/17\/une-ecole-tres-vivante-interview-de-mme-voisine-adjointe-du-chef-du-secteur-europe-a-laefe\/\" \/>\n<meta property=\"og:site_name\" content=\"Cam\u00e4l\u00e9on\" \/>\n<meta property=\"article:publisher\" content=\"https:\/\/www.facebook.com\/camaeleon.org\/\" \/>\n<meta property=\"article:published_time\" content=\"2023-02-17T14:22:57+00:00\" \/>\n<meta property=\"article:modified_time\" content=\"2023-02-20T11:44:22+00:00\" \/>\n<meta property=\"og:image\" content=\"https:\/\/www.camaeleon.org\/wp-content\/uploads\/2023\/02\/Mme-Voisine-1.jpg\" \/>\n\t<meta property=\"og:image:width\" content=\"2427\" \/>\n\t<meta property=\"og:image:height\" content=\"1463\" \/>\n\t<meta property=\"og:image:type\" content=\"image\/jpeg\" \/>\n<meta name=\"author\" content=\"Max Ernst\" \/>\n<meta name=\"twitter:card\" content=\"summary_large_image\" \/>\n<meta name=\"twitter:creator\" content=\"@camaeleonOrg\" \/>\n<meta name=\"twitter:site\" content=\"@camaeleonOrg\" \/>\n<script type=\"application\/ld+json\" class=\"yoast-schema-graph\">{\"@context\":\"https:\\\/\\\/schema.org\",\"@graph\":[{\"@type\":\"Article\",\"@id\":\"https:\\\/\\\/www.camaeleon.org\\\/2023\\\/02\\\/17\\\/une-ecole-tres-vivante-interview-de-mme-voisine-adjointe-du-chef-du-secteur-europe-a-laefe\\\/#article\",\"isPartOf\":{\"@id\":\"https:\\\/\\\/www.camaeleon.org\\\/2023\\\/02\\\/17\\\/une-ecole-tres-vivante-interview-de-mme-voisine-adjointe-du-chef-du-secteur-europe-a-laefe\\\/\"},\"author\":{\"name\":\"Max Ernst\",\"@id\":\"https:\\\/\\\/www.camaeleon.org\\\/de\\\/#\\\/schema\\\/person\\\/052ee327c421b495af4657a44187a959\"},\"headline\":\"&#8222;Le LFA, une \u00e9cole ouverte sur le monde&#8220; &#8211; Interview de Mme Voisine, adjointe du chef du secteur Europe \u00e0 l&#8217;AEFE\",\"datePublished\":\"2023-02-17T14:22:57+00:00\",\"dateModified\":\"2023-02-20T11:44:22+00:00\",\"mainEntityOfPage\":{\"@id\":\"https:\\\/\\\/www.camaeleon.org\\\/2023\\\/02\\\/17\\\/une-ecole-tres-vivante-interview-de-mme-voisine-adjointe-du-chef-du-secteur-europe-a-laefe\\\/\"},\"wordCount\":80,\"commentCount\":0,\"publisher\":{\"@id\":\"https:\\\/\\\/www.camaeleon.org\\\/de\\\/#organization\"},\"image\":{\"@id\":\"https:\\\/\\\/www.camaeleon.org\\\/2023\\\/02\\\/17\\\/une-ecole-tres-vivante-interview-de-mme-voisine-adjointe-du-chef-du-secteur-europe-a-laefe\\\/#primaryimage\"},\"thumbnailUrl\":\"https:\\\/\\\/www.camaeleon.org\\\/wp-content\\\/uploads\\\/2023\\\/02\\\/Mme-Voisine-1.jpg\",\"articleSection\":[\"Schule\",\"Podcast\"],\"inLanguage\":\"de\",\"potentialAction\":[{\"@type\":\"CommentAction\",\"name\":\"Comment\",\"target\":[\"https:\\\/\\\/www.camaeleon.org\\\/2023\\\/02\\\/17\\\/une-ecole-tres-vivante-interview-de-mme-voisine-adjointe-du-chef-du-secteur-europe-a-laefe\\\/#respond\"]}]},{\"@type\":\"WebPage\",\"@id\":\"https:\\\/\\\/www.camaeleon.org\\\/de\\\/2023\\\/02\\\/17\\\/une-ecole-tres-vivante-interview-de-mme-voisine-adjointe-du-chef-du-secteur-europe-a-laefe\\\/\",\"url\":\"https:\\\/\\\/www.camaeleon.org\\\/de\\\/2023\\\/02\\\/17\\\/une-ecole-tres-vivante-interview-de-mme-voisine-adjointe-du-chef-du-secteur-europe-a-laefe\\\/\",\"name\":\"\\\"Le LFA, une \u00e9cole ouverte sur le monde\\\" - Interview de Mme Voisine, adjointe du chef du secteur Europe \u00e0 l'AEFE - Cam\u00e4l\u00e9on\",\"isPartOf\":{\"@id\":\"https:\\\/\\\/www.camaeleon.org\\\/de\\\/#website\"},\"primaryImageOfPage\":{\"@id\":\"https:\\\/\\\/www.camaeleon.org\\\/de\\\/2023\\\/02\\\/17\\\/une-ecole-tres-vivante-interview-de-mme-voisine-adjointe-du-chef-du-secteur-europe-a-laefe\\\/#primaryimage\"},\"image\":{\"@id\":\"https:\\\/\\\/www.camaeleon.org\\\/2023\\\/02\\\/17\\\/une-ecole-tres-vivante-interview-de-mme-voisine-adjointe-du-chef-du-secteur-europe-a-laefe\\\/#primaryimage\"},\"thumbnailUrl\":\"https:\\\/\\\/www.camaeleon.org\\\/wp-content\\\/uploads\\\/2023\\\/02\\\/Mme-Voisine-1.jpg\",\"datePublished\":\"2023-02-17T14:22:57+00:00\",\"dateModified\":\"2023-02-20T11:44:22+00:00\",\"description\":\"Cette semaine, Mme Voisine, adjointe du chef du secteur Europe \u00e0 l'AEFE \u00e0 Paris, est venue au LFA de Sarrebruck. Une interview.\",\"breadcrumb\":{\"@id\":\"https:\\\/\\\/www.camaeleon.org\\\/de\\\/2023\\\/02\\\/17\\\/une-ecole-tres-vivante-interview-de-mme-voisine-adjointe-du-chef-du-secteur-europe-a-laefe\\\/#breadcrumb\"},\"inLanguage\":\"de\",\"potentialAction\":[{\"@type\":\"ReadAction\",\"target\":[[\"https:\\\/\\\/www.camaeleon.org\\\/de\\\/2023\\\/02\\\/17\\\/une-ecole-tres-vivante-interview-de-mme-voisine-adjointe-du-chef-du-secteur-europe-a-laefe\\\/\"]]}]},{\"@type\":\"ImageObject\",\"inLanguage\":\"de\",\"@id\":\"https:\\\/\\\/www.camaeleon.org\\\/de\\\/2023\\\/02\\\/17\\\/une-ecole-tres-vivante-interview-de-mme-voisine-adjointe-du-chef-du-secteur-europe-a-laefe\\\/#primaryimage\",\"url\":\"https:\\\/\\\/www.camaeleon.org\\\/wp-content\\\/uploads\\\/2023\\\/02\\\/Mme-Voisine-1.jpg\",\"contentUrl\":\"https:\\\/\\\/www.camaeleon.org\\\/wp-content\\\/uploads\\\/2023\\\/02\\\/Mme-Voisine-1.jpg\",\"width\":2427,\"height\":1463},{\"@type\":\"BreadcrumbList\",\"@id\":\"https:\\\/\\\/www.camaeleon.org\\\/de\\\/2023\\\/02\\\/17\\\/une-ecole-tres-vivante-interview-de-mme-voisine-adjointe-du-chef-du-secteur-europe-a-laefe\\\/#breadcrumb\",\"itemListElement\":[{\"@type\":\"ListItem\",\"position\":1,\"name\":\"Home\",\"item\":\"https:\\\/\\\/www.camaeleon.org\\\/de\\\/\"},{\"@type\":\"ListItem\",\"position\":2,\"name\":\"&#8222;Le LFA, une \u00e9cole ouverte sur le monde&#8220; &#8211; Interview de Mme Voisine, adjointe du chef du secteur Europe \u00e0 l&#8217;AEFE\"}]},{\"@type\":\"WebSite\",\"@id\":\"https:\\\/\\\/www.camaeleon.org\\\/de\\\/#website\",\"url\":\"https:\\\/\\\/www.camaeleon.org\\\/de\\\/\",\"name\":\"Cam\u00e4l\u00e9on\",\"description\":\"Das Sch\u00fclermagazin des Deutsch-Franz\u00f6sischen Gymnasiums Saarbr\u00fccken\",\"publisher\":{\"@id\":\"https:\\\/\\\/www.camaeleon.org\\\/de\\\/#organization\"},\"potentialAction\":[{\"@type\":\"SearchAction\",\"target\":{\"@type\":\"EntryPoint\",\"urlTemplate\":\"https:\\\/\\\/www.camaeleon.org\\\/de\\\/?s={search_term_string}\"},\"query-input\":{\"@type\":\"PropertyValueSpecification\",\"valueRequired\":true,\"valueName\":\"search_term_string\"}}],\"inLanguage\":\"de\"},{\"@type\":\"Organization\",\"@id\":\"https:\\\/\\\/www.camaeleon.org\\\/de\\\/#organization\",\"name\":\"Cam\u00e4l\u00e9on\",\"url\":\"https:\\\/\\\/www.camaeleon.org\\\/de\\\/\",\"logo\":{\"@type\":\"ImageObject\",\"inLanguage\":\"de\",\"@id\":\"https:\\\/\\\/www.camaeleon.org\\\/de\\\/#\\\/schema\\\/logo\\\/image\\\/\",\"url\":\"https:\\\/\\\/www.camaeleon.org\\\/wp-content\\\/uploads\\\/2011\\\/11\\\/CAM\u00c4LEON.jpg\",\"contentUrl\":\"https:\\\/\\\/www.camaeleon.org\\\/wp-content\\\/uploads\\\/2011\\\/11\\\/CAM\u00c4LEON.jpg\",\"width\":959,\"height\":959,\"caption\":\"Cam\u00e4l\u00e9on\"},\"image\":{\"@id\":\"https:\\\/\\\/www.camaeleon.org\\\/de\\\/#\\\/schema\\\/logo\\\/image\\\/\"},\"sameAs\":[\"https:\\\/\\\/www.facebook.com\\\/camaeleon.org\\\/\",\"https:\\\/\\\/x.com\\\/camaeleonOrg\",\"https:\\\/\\\/www.instagram.com\\\/camaeleon.dfg\\\/\",\"https:\\\/\\\/www.youtube.com\\\/channel\\\/UCl3TAUDdGuu_c7CD6ax6hYg\"]},{\"@type\":\"Person\",\"@id\":\"https:\\\/\\\/www.camaeleon.org\\\/de\\\/#\\\/schema\\\/person\\\/052ee327c421b495af4657a44187a959\",\"name\":\"Max Ernst\",\"image\":{\"@type\":\"ImageObject\",\"inLanguage\":\"de\",\"@id\":\"https:\\\/\\\/www.camaeleon.org\\\/de\\\/wp-content\\\/uploads\\\/2024\\\/01\\\/IMG-20231204-WA0001-01-150x150.jpeg3fc50e401fd745f06a8339d74db41d5e\",\"url\":\"https:\\\/\\\/www.camaeleon.org\\\/wp-content\\\/uploads\\\/2024\\\/01\\\/IMG-20231204-WA0001-01-150x150.jpeg\",\"contentUrl\":\"https:\\\/\\\/www.camaeleon.org\\\/wp-content\\\/uploads\\\/2024\\\/01\\\/IMG-20231204-WA0001-01-150x150.jpeg\",\"caption\":\"Max Ernst\"},\"description\":\"Hi! Ich bin Max Ernst, 16 Jahre alt, seit 2017 bei Cam\u00e4l\u00e9on dabei und gehe in die Klasse Tle ES. Meine Interessen sind Fotografie, Musik und alles Aktuelle. Mehr \u00fcber mich: www.maxmernst.de.\",\"sameAs\":[\"http:\\\/\\\/www.maxmernst.de\"],\"url\":\"https:\\\/\\\/www.camaeleon.org\\\/de\\\/author\\\/max-ernst\\\/\"}]}<\/script>\n<!-- \/ Yoast SEO plugin. -->","yoast_head_json":{"title":"\"Le LFA, une \u00e9cole ouverte sur le monde\" - Interview de Mme Voisine, adjointe du chef du secteur Europe \u00e0 l'AEFE - Cam\u00e4l\u00e9on","description":"Cette semaine, Mme Voisine, adjointe du chef du secteur Europe \u00e0 l'AEFE \u00e0 Paris, est venue au LFA de Sarrebruck. Une interview.","robots":{"index":"index","follow":"follow","max-snippet":"max-snippet:-1","max-image-preview":"max-image-preview:large","max-video-preview":"max-video-preview:-1"},"canonical":"https:\/\/www.camaeleon.org\/de\/2023\/02\/17\/une-ecole-tres-vivante-interview-de-mme-voisine-adjointe-du-chef-du-secteur-europe-a-laefe\/","og_locale":"de_DE","og_type":"article","og_title":"\"Le LFA, une \u00e9cole ouverte sur le monde\" - Interview de Mme Voisine, adjointe du chef du secteur Europe \u00e0 l'AEFE - Cam\u00e4l\u00e9on","og_description":"Cette semaine, Mme Voisine, adjointe du chef du secteur Europe \u00e0 l'AEFE \u00e0 Paris, est venue au LFA de Sarrebruck. Une interview.","og_url":"https:\/\/www.camaeleon.org\/de\/2023\/02\/17\/une-ecole-tres-vivante-interview-de-mme-voisine-adjointe-du-chef-du-secteur-europe-a-laefe\/","og_site_name":"Cam\u00e4l\u00e9on","article_publisher":"https:\/\/www.facebook.com\/camaeleon.org\/","article_published_time":"2023-02-17T14:22:57+00:00","article_modified_time":"2023-02-20T11:44:22+00:00","og_image":[{"width":2427,"height":1463,"url":"https:\/\/www.camaeleon.org\/wp-content\/uploads\/2023\/02\/Mme-Voisine-1.jpg","type":"image\/jpeg"}],"author":"Max Ernst","twitter_card":"summary_large_image","twitter_creator":"@camaeleonOrg","twitter_site":"@camaeleonOrg","schema":{"@context":"https:\/\/schema.org","@graph":[{"@type":"Article","@id":"https:\/\/www.camaeleon.org\/2023\/02\/17\/une-ecole-tres-vivante-interview-de-mme-voisine-adjointe-du-chef-du-secteur-europe-a-laefe\/#article","isPartOf":{"@id":"https:\/\/www.camaeleon.org\/2023\/02\/17\/une-ecole-tres-vivante-interview-de-mme-voisine-adjointe-du-chef-du-secteur-europe-a-laefe\/"},"author":{"name":"Max Ernst","@id":"https:\/\/www.camaeleon.org\/de\/#\/schema\/person\/052ee327c421b495af4657a44187a959"},"headline":"&#8222;Le LFA, une \u00e9cole ouverte sur le monde&#8220; &#8211; Interview de Mme Voisine, adjointe du chef du secteur Europe \u00e0 l&#8217;AEFE","datePublished":"2023-02-17T14:22:57+00:00","dateModified":"2023-02-20T11:44:22+00:00","mainEntityOfPage":{"@id":"https:\/\/www.camaeleon.org\/2023\/02\/17\/une-ecole-tres-vivante-interview-de-mme-voisine-adjointe-du-chef-du-secteur-europe-a-laefe\/"},"wordCount":80,"commentCount":0,"publisher":{"@id":"https:\/\/www.camaeleon.org\/de\/#organization"},"image":{"@id":"https:\/\/www.camaeleon.org\/2023\/02\/17\/une-ecole-tres-vivante-interview-de-mme-voisine-adjointe-du-chef-du-secteur-europe-a-laefe\/#primaryimage"},"thumbnailUrl":"https:\/\/www.camaeleon.org\/wp-content\/uploads\/2023\/02\/Mme-Voisine-1.jpg","articleSection":["Schule","Podcast"],"inLanguage":"de","potentialAction":[{"@type":"CommentAction","name":"Comment","target":["https:\/\/www.camaeleon.org\/2023\/02\/17\/une-ecole-tres-vivante-interview-de-mme-voisine-adjointe-du-chef-du-secteur-europe-a-laefe\/#respond"]}]},{"@type":"WebPage","@id":"https:\/\/www.camaeleon.org\/de\/2023\/02\/17\/une-ecole-tres-vivante-interview-de-mme-voisine-adjointe-du-chef-du-secteur-europe-a-laefe\/","url":"https:\/\/www.camaeleon.org\/de\/2023\/02\/17\/une-ecole-tres-vivante-interview-de-mme-voisine-adjointe-du-chef-du-secteur-europe-a-laefe\/","name":"\"Le LFA, une \u00e9cole ouverte sur le monde\" - Interview de Mme Voisine, adjointe du chef du secteur Europe \u00e0 l'AEFE - Cam\u00e4l\u00e9on","isPartOf":{"@id":"https:\/\/www.camaeleon.org\/de\/#website"},"primaryImageOfPage":{"@id":"https:\/\/www.camaeleon.org\/de\/2023\/02\/17\/une-ecole-tres-vivante-interview-de-mme-voisine-adjointe-du-chef-du-secteur-europe-a-laefe\/#primaryimage"},"image":{"@id":"https:\/\/www.camaeleon.org\/2023\/02\/17\/une-ecole-tres-vivante-interview-de-mme-voisine-adjointe-du-chef-du-secteur-europe-a-laefe\/#primaryimage"},"thumbnailUrl":"https:\/\/www.camaeleon.org\/wp-content\/uploads\/2023\/02\/Mme-Voisine-1.jpg","datePublished":"2023-02-17T14:22:57+00:00","dateModified":"2023-02-20T11:44:22+00:00","description":"Cette semaine, Mme Voisine, adjointe du chef du secteur Europe \u00e0 l'AEFE \u00e0 Paris, est venue au LFA de Sarrebruck. Une interview.","breadcrumb":{"@id":"https:\/\/www.camaeleon.org\/de\/2023\/02\/17\/une-ecole-tres-vivante-interview-de-mme-voisine-adjointe-du-chef-du-secteur-europe-a-laefe\/#breadcrumb"},"inLanguage":"de","potentialAction":[{"@type":"ReadAction","target":[["https:\/\/www.camaeleon.org\/de\/2023\/02\/17\/une-ecole-tres-vivante-interview-de-mme-voisine-adjointe-du-chef-du-secteur-europe-a-laefe\/"]]}]},{"@type":"ImageObject","inLanguage":"de","@id":"https:\/\/www.camaeleon.org\/de\/2023\/02\/17\/une-ecole-tres-vivante-interview-de-mme-voisine-adjointe-du-chef-du-secteur-europe-a-laefe\/#primaryimage","url":"https:\/\/www.camaeleon.org\/wp-content\/uploads\/2023\/02\/Mme-Voisine-1.jpg","contentUrl":"https:\/\/www.camaeleon.org\/wp-content\/uploads\/2023\/02\/Mme-Voisine-1.jpg","width":2427,"height":1463},{"@type":"BreadcrumbList","@id":"https:\/\/www.camaeleon.org\/de\/2023\/02\/17\/une-ecole-tres-vivante-interview-de-mme-voisine-adjointe-du-chef-du-secteur-europe-a-laefe\/#breadcrumb","itemListElement":[{"@type":"ListItem","position":1,"name":"Home","item":"https:\/\/www.camaeleon.org\/de\/"},{"@type":"ListItem","position":2,"name":"&#8222;Le LFA, une \u00e9cole ouverte sur le monde&#8220; &#8211; Interview de Mme Voisine, adjointe du chef du secteur Europe \u00e0 l&#8217;AEFE"}]},{"@type":"WebSite","@id":"https:\/\/www.camaeleon.org\/de\/#website","url":"https:\/\/www.camaeleon.org\/de\/","name":"Cam\u00e4l\u00e9on","description":"Das Sch\u00fclermagazin des Deutsch-Franz\u00f6sischen Gymnasiums Saarbr\u00fccken","publisher":{"@id":"https:\/\/www.camaeleon.org\/de\/#organization"},"potentialAction":[{"@type":"SearchAction","target":{"@type":"EntryPoint","urlTemplate":"https:\/\/www.camaeleon.org\/de\/?s={search_term_string}"},"query-input":{"@type":"PropertyValueSpecification","valueRequired":true,"valueName":"search_term_string"}}],"inLanguage":"de"},{"@type":"Organization","@id":"https:\/\/www.camaeleon.org\/de\/#organization","name":"Cam\u00e4l\u00e9on","url":"https:\/\/www.camaeleon.org\/de\/","logo":{"@type":"ImageObject","inLanguage":"de","@id":"https:\/\/www.camaeleon.org\/de\/#\/schema\/logo\/image\/","url":"https:\/\/www.camaeleon.org\/wp-content\/uploads\/2011\/11\/CAM\u00c4LEON.jpg","contentUrl":"https:\/\/www.camaeleon.org\/wp-content\/uploads\/2011\/11\/CAM\u00c4LEON.jpg","width":959,"height":959,"caption":"Cam\u00e4l\u00e9on"},"image":{"@id":"https:\/\/www.camaeleon.org\/de\/#\/schema\/logo\/image\/"},"sameAs":["https:\/\/www.facebook.com\/camaeleon.org\/","https:\/\/x.com\/camaeleonOrg","https:\/\/www.instagram.com\/camaeleon.dfg\/","https:\/\/www.youtube.com\/channel\/UCl3TAUDdGuu_c7CD6ax6hYg"]},{"@type":"Person","@id":"https:\/\/www.camaeleon.org\/de\/#\/schema\/person\/052ee327c421b495af4657a44187a959","name":"Max Ernst","image":{"@type":"ImageObject","inLanguage":"de","@id":"https:\/\/www.camaeleon.org\/de\/wp-content\/uploads\/2024\/01\/IMG-20231204-WA0001-01-150x150.jpeg3fc50e401fd745f06a8339d74db41d5e","url":"https:\/\/www.camaeleon.org\/wp-content\/uploads\/2024\/01\/IMG-20231204-WA0001-01-150x150.jpeg","contentUrl":"https:\/\/www.camaeleon.org\/wp-content\/uploads\/2024\/01\/IMG-20231204-WA0001-01-150x150.jpeg","caption":"Max Ernst"},"description":"Hi! Ich bin Max Ernst, 16 Jahre alt, seit 2017 bei Cam\u00e4l\u00e9on dabei und gehe in die Klasse Tle ES. Meine Interessen sind Fotografie, Musik und alles Aktuelle. Mehr \u00fcber mich: www.maxmernst.de.","sameAs":["http:\/\/www.maxmernst.de"],"url":"https:\/\/www.camaeleon.org\/de\/author\/max-ernst\/"}]}},"_links":{"self":[{"href":"https:\/\/www.camaeleon.org\/de\/wp-json\/wp\/v2\/posts\/28360","targetHints":{"allow":["GET"]}}],"collection":[{"href":"https:\/\/www.camaeleon.org\/de\/wp-json\/wp\/v2\/posts"}],"about":[{"href":"https:\/\/www.camaeleon.org\/de\/wp-json\/wp\/v2\/types\/post"}],"author":[{"embeddable":true,"href":"https:\/\/www.camaeleon.org\/de\/wp-json\/wp\/v2\/users\/128"}],"replies":[{"embeddable":true,"href":"https:\/\/www.camaeleon.org\/de\/wp-json\/wp\/v2\/comments?post=28360"}],"version-history":[{"count":7,"href":"https:\/\/www.camaeleon.org\/de\/wp-json\/wp\/v2\/posts\/28360\/revisions"}],"predecessor-version":[{"id":28396,"href":"https:\/\/www.camaeleon.org\/de\/wp-json\/wp\/v2\/posts\/28360\/revisions\/28396"}],"wp:featuredmedia":[{"embeddable":true,"href":"https:\/\/www.camaeleon.org\/de\/wp-json\/wp\/v2\/media\/28380"}],"wp:attachment":[{"href":"https:\/\/www.camaeleon.org\/de\/wp-json\/wp\/v2\/media?parent=28360"}],"wp:term":[{"taxonomy":"category","embeddable":true,"href":"https:\/\/www.camaeleon.org\/de\/wp-json\/wp\/v2\/categories?post=28360"},{"taxonomy":"post_tag","embeddable":true,"href":"https:\/\/www.camaeleon.org\/de\/wp-json\/wp\/v2\/tags?post=28360"},{"taxonomy":"author","embeddable":true,"href":"https:\/\/www.camaeleon.org\/de\/wp-json\/wp\/v2\/coauthors?post=28360"}],"curies":[{"name":"wp","href":"https:\/\/api.w.org\/{rel}","templated":true}]}}