{"id":28351,"date":"2023-02-18T11:43:07","date_gmt":"2023-02-18T10:43:07","guid":{"rendered":"https:\/\/www.camaeleon.org\/?p=28351"},"modified":"2023-03-31T12:49:51","modified_gmt":"2023-03-31T10:49:51","slug":"das-wort-der-woche-karneval","status":"publish","type":"post","link":"https:\/\/www.camaeleon.org\/de\/2023\/02\/18\/das-wort-der-woche-karneval\/","title":{"rendered":"Das Wort der Woche: #Karneval"},"content":{"rendered":"<p><figure id=\"attachment_28397\" aria-describedby=\"caption-attachment-28397\" style=\"width: 400px\" class=\"wp-caption alignleft\"><img loading=\"lazy\" decoding=\"async\" class=\"wp-image-28397\" src=\"https:\/\/www.camaeleon.org\/wp-content\/uploads\/2023\/02\/streamer-gcae22adf6_1920-300x138.jpg\" alt=\"Luftschlangen\" width=\"400\" height=\"185\" srcset=\"https:\/\/www.camaeleon.org\/wp-content\/uploads\/2023\/02\/streamer-gcae22adf6_1920-300x138.jpg 300w, https:\/\/www.camaeleon.org\/wp-content\/uploads\/2023\/02\/streamer-gcae22adf6_1920-880x406.jpg 880w, https:\/\/www.camaeleon.org\/wp-content\/uploads\/2023\/02\/streamer-gcae22adf6_1920-1536x709.jpg 1536w, https:\/\/www.camaeleon.org\/wp-content\/uploads\/2023\/02\/streamer-gcae22adf6_1920.jpg 1920w\" sizes=\"auto, (max-width: 400px) 100vw, 400px\" \/><figcaption id=\"caption-attachment-28397\" class=\"wp-caption-text\">Foto: NoName_13<\/figcaption><\/figure><\/p>\n<p>Es ist wieder soweit, die f\u00fcnfte Jahreszeit wird gefeiert! Im Moment finden zahlreiche Karneval-Events in vielen Teilen der Welt statt. Auf der Stra\u00dfe begegnet man \u00f6fters mal Menschen mit verr\u00fcckten Verkleidungen. Weiberfastnacht, Rosenmontag, Aschermittwoch, woher kommen diese Traditionen eigentlich?<\/p>\n<p>Die Karnevalszeit beginnt am 11.11 um 11:11 Uhr. Warum ausgerechnet dann, ist nicht ganz klar. Vermutet wird aber, dass es bis zum Mittelalter zur\u00fcckgeht, wo die Zahl &#8222;11&#8220; f\u00fcr Narren stand, da ihnen die 10 Gebote der Kirche egal waren.\u00a0 Karneval, auch Fasching oder Fastnacht genannt, wurde fr\u00fcher genutzt, um vor der Fastenzeit nochmal richtig viel zu feiern. Das Wort Karneval kommt vom lateinischen &#8222;carne vale&#8220; und bedeutet so viel wie &#8222;Fleisch, lebe wohl&#8220;. Aber es wurde nicht nur gefeiert, um sich auf die Fastenzeit vorzubereiten: in ungarischen St\u00e4dten laufen Menschen mit Kost\u00fcmen und Holzmasken herum, um mit L\u00e4rm den Winter zu vertreiben. Im fr\u00fchen Mittelalter wurde Karneval auch gefeiert, um kirchliche Rituale zu parodieren. Generell gehen die Fastnachtsbr\u00e4uche ziemlich weit in der Geschichte zur\u00fcck. Nachdem dieses Fest sich in Italien und danach in ganz Europa verbreitete, brachten die spanischen und portugiesischen Entdecker im 16. und 17. Jahrhundert ihre Br\u00e4uche nach S\u00fcdamerika. Daraus wurde dann eines der ber\u00fchmtesten Karnevalfeste und Stra\u00dfenfeste der Welt, der Karneval in Rio. Dort wird mindestens zw\u00f6lf Stunden lang\u00a0 getanzt, die Kost\u00fcme sind wild und bunt.<\/p>\n<p>Warum verkleidet man sich an Fasching eigentlich? Fr\u00fcher wurden Umz\u00fcge mit Masken, Kost\u00fcmen und viel L\u00e4rm organisiert, um b\u00f6se Geister zu vertreiben. Daraus entstand der Karneval, den wir heute kennen, der f\u00fcr viele Menschen eine wichtige Feier ist. In K\u00f6ln wird Fasching auch sehr gro\u00df gefeiert, viele Umz\u00fcge und Partys, viele S\u00fc\u00dfigkeiten und viel Alkohol.<\/p>\n<p>Woher kommt Weiberfastnacht? Diesen Tag gibt es seit dem Mittelalter. Das Prinzip dahinter ist, den Frauen einen Tag lang die Macht zu \u00fcberlassen. Heutzutage ist es ein Brauch, M\u00e4nnern ihre Krawatte an dem Tag abzuschneiden. 1823 wurde in K\u00f6ln das \u201efestordnende Comitee\u201c gegr\u00fcndet. Dessen j\u00e4hrliche Hauptversammlung fand am Montag nach dem 4. Fastensonntag statt, seit dem 11. Jahrhundert auch Rosensonntag genannt. Warum dieser Name? An diesem Tag verleiht der Papst verdienten Pers\u00f6nlichkeiten, St\u00e4dten oder Staaten eine goldene Rose. Weil die fr\u00fcheren Karnevalsgesellschaften sich damals immer am Rosensonntag trafen, werden heute Rosemontagsumz\u00fcge gefeiert. Der Rosenmontag ist immer der Montag vor dem Aschermittwoch, der Tag, an dem Karneval offiziell beendet wird. Gl\u00e4ubige werden seit dem 12. Jahrhundert im Gottesdienst mit einem Kreuz aus und gesegneter Asche gekennzeichnet.<\/p>\n<p>Wenn ihr also dieses Jahr Karneval feiern wollt, m\u00fcsst ihr das vor dem 22. Februar tun, denn dann ist die Saison wieder vorbei. Also genie\u00dft die Ferien!<\/p>","protected":false},"excerpt":{"rendered":"<p>Es ist wieder soweit, die f\u00fcnfte Jahreszeit wird gefeiert! Im Moment finden zahlreiche Karneval-Events in vielen Teilen der Welt statt. Auf der Stra\u00dfe begegnet man<\/p>\n","protected":false},"author":146,"featured_media":28397,"comment_status":"open","ping_status":"closed","sticky":false,"template":"","format":"standard","meta":{"colormag_page_container_layout":"default_layout","colormag_page_sidebar_layout":"default_layout","footnotes":""},"categories":[864],"tags":[362,361],"coauthors":[1209],"class_list":["post-28351","post","type-post","status-publish","format-standard","has-post-thumbnail","hentry","category-le-mot-de-la-semaine","tag-fastnacht","tag-karneval"],"yoast_head":"<!-- This site is optimized with the Yoast SEO plugin v27.5 - https:\/\/yoast.com\/product\/yoast-seo-wordpress\/ -->\n<title>Das Wort der Woche: #Karneval - Cam\u00e4l\u00e9on<\/title>\n<meta name=\"description\" content=\"Es ist wieder soweit, die f\u00fcnfte Jahreszeit wird gefeiert! Weiberfastnacht oder Rosenmontag, woher kommen diese Traditionen eigentlich?\" \/>\n<meta name=\"robots\" content=\"index, follow, max-snippet:-1, max-image-preview:large, max-video-preview:-1\" \/>\n<link rel=\"canonical\" href=\"https:\/\/www.camaeleon.org\/de\/2023\/02\/18\/das-wort-der-woche-karneval\/\" \/>\n<meta property=\"og:locale\" content=\"de_DE\" \/>\n<meta property=\"og:type\" content=\"article\" \/>\n<meta property=\"og:title\" content=\"Das Wort der Woche: #Karneval - Cam\u00e4l\u00e9on\" \/>\n<meta property=\"og:description\" content=\"Es ist wieder soweit, die f\u00fcnfte Jahreszeit wird gefeiert! Weiberfastnacht oder Rosenmontag, woher kommen diese Traditionen eigentlich?\" \/>\n<meta property=\"og:url\" content=\"https:\/\/www.camaeleon.org\/de\/2023\/02\/18\/das-wort-der-woche-karneval\/\" \/>\n<meta property=\"og:site_name\" content=\"Cam\u00e4l\u00e9on\" \/>\n<meta property=\"article:publisher\" content=\"https:\/\/www.facebook.com\/camaeleon.org\/\" \/>\n<meta property=\"article:published_time\" content=\"2023-02-18T10:43:07+00:00\" \/>\n<meta property=\"article:modified_time\" content=\"2023-03-31T10:49:51+00:00\" \/>\n<meta property=\"og:image\" content=\"https:\/\/www.camaeleon.org\/wp-content\/uploads\/2023\/02\/streamer-gcae22adf6_1920.jpg\" \/>\n\t<meta property=\"og:image:width\" content=\"1920\" \/>\n\t<meta property=\"og:image:height\" content=\"886\" \/>\n\t<meta property=\"og:image:type\" content=\"image\/jpeg\" \/>\n<meta name=\"author\" content=\"Anouk Viero\" \/>\n<meta name=\"twitter:card\" content=\"summary_large_image\" \/>\n<meta name=\"twitter:creator\" content=\"@camaeleonOrg\" \/>\n<meta name=\"twitter:site\" content=\"@camaeleonOrg\" \/>\n<script type=\"application\/ld+json\" class=\"yoast-schema-graph\">{\"@context\":\"https:\\\/\\\/schema.org\",\"@graph\":[{\"@type\":\"Article\",\"@id\":\"https:\\\/\\\/www.camaeleon.org\\\/2023\\\/02\\\/18\\\/das-wort-der-woche-karneval\\\/#article\",\"isPartOf\":{\"@id\":\"https:\\\/\\\/www.camaeleon.org\\\/2023\\\/02\\\/18\\\/das-wort-der-woche-karneval\\\/\"},\"author\":{\"name\":\"Anouk Viero\",\"@id\":\"https:\\\/\\\/www.camaeleon.org\\\/de\\\/#\\\/schema\\\/person\\\/34dd43503993f08eb39382df2c5b79b5\"},\"headline\":\"Das Wort der Woche: #Karneval\",\"datePublished\":\"2023-02-18T10:43:07+00:00\",\"dateModified\":\"2023-03-31T10:49:51+00:00\",\"mainEntityOfPage\":{\"@id\":\"https:\\\/\\\/www.camaeleon.org\\\/2023\\\/02\\\/18\\\/das-wort-der-woche-karneval\\\/\"},\"wordCount\":1433,\"commentCount\":0,\"publisher\":{\"@id\":\"https:\\\/\\\/www.camaeleon.org\\\/de\\\/#organization\"},\"image\":{\"@id\":\"https:\\\/\\\/www.camaeleon.org\\\/2023\\\/02\\\/18\\\/das-wort-der-woche-karneval\\\/#primaryimage\"},\"thumbnailUrl\":\"https:\\\/\\\/www.camaeleon.org\\\/wp-content\\\/uploads\\\/2023\\\/02\\\/streamer-gcae22adf6_1920.jpg\",\"keywords\":[\"Fastnacht\",\"Karneval\"],\"articleSection\":[\"Das Wort der Woche\"],\"inLanguage\":\"de\",\"potentialAction\":[{\"@type\":\"CommentAction\",\"name\":\"Comment\",\"target\":[\"https:\\\/\\\/www.camaeleon.org\\\/2023\\\/02\\\/18\\\/das-wort-der-woche-karneval\\\/#respond\"]}]},{\"@type\":\"WebPage\",\"@id\":\"https:\\\/\\\/www.camaeleon.org\\\/de\\\/2023\\\/02\\\/18\\\/das-wort-der-woche-karneval\\\/\",\"url\":\"https:\\\/\\\/www.camaeleon.org\\\/de\\\/2023\\\/02\\\/18\\\/das-wort-der-woche-karneval\\\/\",\"name\":\"Das Wort der Woche: #Karneval - Cam\u00e4l\u00e9on\",\"isPartOf\":{\"@id\":\"https:\\\/\\\/www.camaeleon.org\\\/de\\\/#website\"},\"primaryImageOfPage\":{\"@id\":\"https:\\\/\\\/www.camaeleon.org\\\/de\\\/2023\\\/02\\\/18\\\/das-wort-der-woche-karneval\\\/#primaryimage\"},\"image\":{\"@id\":\"https:\\\/\\\/www.camaeleon.org\\\/2023\\\/02\\\/18\\\/das-wort-der-woche-karneval\\\/#primaryimage\"},\"thumbnailUrl\":\"https:\\\/\\\/www.camaeleon.org\\\/wp-content\\\/uploads\\\/2023\\\/02\\\/streamer-gcae22adf6_1920.jpg\",\"datePublished\":\"2023-02-18T10:43:07+00:00\",\"dateModified\":\"2023-03-31T10:49:51+00:00\",\"description\":\"Es ist wieder soweit, die f\u00fcnfte Jahreszeit wird gefeiert! Weiberfastnacht oder Rosenmontag, woher kommen diese Traditionen eigentlich?\",\"breadcrumb\":{\"@id\":\"https:\\\/\\\/www.camaeleon.org\\\/de\\\/2023\\\/02\\\/18\\\/das-wort-der-woche-karneval\\\/#breadcrumb\"},\"inLanguage\":\"de\",\"potentialAction\":[{\"@type\":\"ReadAction\",\"target\":[[\"https:\\\/\\\/www.camaeleon.org\\\/de\\\/2023\\\/02\\\/18\\\/das-wort-der-woche-karneval\\\/\"]]}]},{\"@type\":\"ImageObject\",\"inLanguage\":\"de\",\"@id\":\"https:\\\/\\\/www.camaeleon.org\\\/de\\\/2023\\\/02\\\/18\\\/das-wort-der-woche-karneval\\\/#primaryimage\",\"url\":\"https:\\\/\\\/www.camaeleon.org\\\/wp-content\\\/uploads\\\/2023\\\/02\\\/streamer-gcae22adf6_1920.jpg\",\"contentUrl\":\"https:\\\/\\\/www.camaeleon.org\\\/wp-content\\\/uploads\\\/2023\\\/02\\\/streamer-gcae22adf6_1920.jpg\",\"width\":1920,\"height\":886,\"caption\":\"Foto: NoName_13\"},{\"@type\":\"BreadcrumbList\",\"@id\":\"https:\\\/\\\/www.camaeleon.org\\\/de\\\/2023\\\/02\\\/18\\\/das-wort-der-woche-karneval\\\/#breadcrumb\",\"itemListElement\":[{\"@type\":\"ListItem\",\"position\":1,\"name\":\"Home\",\"item\":\"https:\\\/\\\/www.camaeleon.org\\\/de\\\/\"},{\"@type\":\"ListItem\",\"position\":2,\"name\":\"Le mot de la semaine : #Carnaval\"}]},{\"@type\":\"WebSite\",\"@id\":\"https:\\\/\\\/www.camaeleon.org\\\/de\\\/#website\",\"url\":\"https:\\\/\\\/www.camaeleon.org\\\/de\\\/\",\"name\":\"Cam\u00e4l\u00e9on\",\"description\":\"Das Sch\u00fclermagazin des Deutsch-Franz\u00f6sischen Gymnasiums Saarbr\u00fccken\",\"publisher\":{\"@id\":\"https:\\\/\\\/www.camaeleon.org\\\/de\\\/#organization\"},\"potentialAction\":[{\"@type\":\"SearchAction\",\"target\":{\"@type\":\"EntryPoint\",\"urlTemplate\":\"https:\\\/\\\/www.camaeleon.org\\\/de\\\/?s={search_term_string}\"},\"query-input\":{\"@type\":\"PropertyValueSpecification\",\"valueRequired\":true,\"valueName\":\"search_term_string\"}}],\"inLanguage\":\"de\"},{\"@type\":\"Organization\",\"@id\":\"https:\\\/\\\/www.camaeleon.org\\\/de\\\/#organization\",\"name\":\"Cam\u00e4l\u00e9on\",\"url\":\"https:\\\/\\\/www.camaeleon.org\\\/de\\\/\",\"logo\":{\"@type\":\"ImageObject\",\"inLanguage\":\"de\",\"@id\":\"https:\\\/\\\/www.camaeleon.org\\\/de\\\/#\\\/schema\\\/logo\\\/image\\\/\",\"url\":\"https:\\\/\\\/www.camaeleon.org\\\/wp-content\\\/uploads\\\/2011\\\/11\\\/CAM\u00c4LEON.jpg\",\"contentUrl\":\"https:\\\/\\\/www.camaeleon.org\\\/wp-content\\\/uploads\\\/2011\\\/11\\\/CAM\u00c4LEON.jpg\",\"width\":959,\"height\":959,\"caption\":\"Cam\u00e4l\u00e9on\"},\"image\":{\"@id\":\"https:\\\/\\\/www.camaeleon.org\\\/de\\\/#\\\/schema\\\/logo\\\/image\\\/\"},\"sameAs\":[\"https:\\\/\\\/www.facebook.com\\\/camaeleon.org\\\/\",\"https:\\\/\\\/x.com\\\/camaeleonOrg\",\"https:\\\/\\\/www.instagram.com\\\/camaeleon.dfg\\\/\",\"https:\\\/\\\/www.youtube.com\\\/channel\\\/UCl3TAUDdGuu_c7CD6ax6hYg\"]},{\"@type\":\"Person\",\"@id\":\"https:\\\/\\\/www.camaeleon.org\\\/de\\\/#\\\/schema\\\/person\\\/34dd43503993f08eb39382df2c5b79b5\",\"name\":\"Anouk Viero\",\"image\":{\"@type\":\"ImageObject\",\"inLanguage\":\"de\",\"@id\":\"https:\\\/\\\/www.camaeleon.org\\\/de\\\/wp-content\\\/uploads\\\/2023\\\/09\\\/0019AA6C-0ACA-452F-B897-A6B732B81B93-150x150.jpegeca926063efc1e3c52e5e4881ccb2d47\",\"url\":\"https:\\\/\\\/www.camaeleon.org\\\/wp-content\\\/uploads\\\/2023\\\/09\\\/0019AA6C-0ACA-452F-B897-A6B732B81B93-150x150.jpeg\",\"contentUrl\":\"https:\\\/\\\/www.camaeleon.org\\\/wp-content\\\/uploads\\\/2023\\\/09\\\/0019AA6C-0ACA-452F-B897-A6B732B81B93-150x150.jpeg\",\"caption\":\"Anouk Viero\"},\"description\":\"Hi, ich bin Anouk! Hier ein paar Infos \u00fcber mich: - Seit 2020 bei Cam\u00e4l\u00e9on - 15 Jahre alt - Klasse 1L Ich schreibe gerne Artikel im Bereich Kultur, Politik, Ern\u00e4hrung und privat tanze ich gerne Jazz Modern und spiele Gitarre.\",\"url\":\"https:\\\/\\\/www.camaeleon.org\\\/de\\\/author\\\/anouk-viero\\\/\"}]}<\/script>\n<!-- \/ Yoast SEO plugin. -->","yoast_head_json":{"title":"Das Wort der Woche: #Karneval - Cam\u00e4l\u00e9on","description":"Es ist wieder soweit, die f\u00fcnfte Jahreszeit wird gefeiert! Weiberfastnacht oder Rosenmontag, woher kommen diese Traditionen eigentlich?","robots":{"index":"index","follow":"follow","max-snippet":"max-snippet:-1","max-image-preview":"max-image-preview:large","max-video-preview":"max-video-preview:-1"},"canonical":"https:\/\/www.camaeleon.org\/de\/2023\/02\/18\/das-wort-der-woche-karneval\/","og_locale":"de_DE","og_type":"article","og_title":"Das Wort der Woche: #Karneval - Cam\u00e4l\u00e9on","og_description":"Es ist wieder soweit, die f\u00fcnfte Jahreszeit wird gefeiert! Weiberfastnacht oder Rosenmontag, woher kommen diese Traditionen eigentlich?","og_url":"https:\/\/www.camaeleon.org\/de\/2023\/02\/18\/das-wort-der-woche-karneval\/","og_site_name":"Cam\u00e4l\u00e9on","article_publisher":"https:\/\/www.facebook.com\/camaeleon.org\/","article_published_time":"2023-02-18T10:43:07+00:00","article_modified_time":"2023-03-31T10:49:51+00:00","og_image":[{"width":1920,"height":886,"url":"https:\/\/www.camaeleon.org\/wp-content\/uploads\/2023\/02\/streamer-gcae22adf6_1920.jpg","type":"image\/jpeg"}],"author":"Anouk Viero","twitter_card":"summary_large_image","twitter_creator":"@camaeleonOrg","twitter_site":"@camaeleonOrg","schema":{"@context":"https:\/\/schema.org","@graph":[{"@type":"Article","@id":"https:\/\/www.camaeleon.org\/2023\/02\/18\/das-wort-der-woche-karneval\/#article","isPartOf":{"@id":"https:\/\/www.camaeleon.org\/2023\/02\/18\/das-wort-der-woche-karneval\/"},"author":{"name":"Anouk Viero","@id":"https:\/\/www.camaeleon.org\/de\/#\/schema\/person\/34dd43503993f08eb39382df2c5b79b5"},"headline":"Das Wort der Woche: #Karneval","datePublished":"2023-02-18T10:43:07+00:00","dateModified":"2023-03-31T10:49:51+00:00","mainEntityOfPage":{"@id":"https:\/\/www.camaeleon.org\/2023\/02\/18\/das-wort-der-woche-karneval\/"},"wordCount":1433,"commentCount":0,"publisher":{"@id":"https:\/\/www.camaeleon.org\/de\/#organization"},"image":{"@id":"https:\/\/www.camaeleon.org\/2023\/02\/18\/das-wort-der-woche-karneval\/#primaryimage"},"thumbnailUrl":"https:\/\/www.camaeleon.org\/wp-content\/uploads\/2023\/02\/streamer-gcae22adf6_1920.jpg","keywords":["Fastnacht","Karneval"],"articleSection":["Das Wort der Woche"],"inLanguage":"de","potentialAction":[{"@type":"CommentAction","name":"Comment","target":["https:\/\/www.camaeleon.org\/2023\/02\/18\/das-wort-der-woche-karneval\/#respond"]}]},{"@type":"WebPage","@id":"https:\/\/www.camaeleon.org\/de\/2023\/02\/18\/das-wort-der-woche-karneval\/","url":"https:\/\/www.camaeleon.org\/de\/2023\/02\/18\/das-wort-der-woche-karneval\/","name":"Das Wort der Woche: #Karneval - Cam\u00e4l\u00e9on","isPartOf":{"@id":"https:\/\/www.camaeleon.org\/de\/#website"},"primaryImageOfPage":{"@id":"https:\/\/www.camaeleon.org\/de\/2023\/02\/18\/das-wort-der-woche-karneval\/#primaryimage"},"image":{"@id":"https:\/\/www.camaeleon.org\/2023\/02\/18\/das-wort-der-woche-karneval\/#primaryimage"},"thumbnailUrl":"https:\/\/www.camaeleon.org\/wp-content\/uploads\/2023\/02\/streamer-gcae22adf6_1920.jpg","datePublished":"2023-02-18T10:43:07+00:00","dateModified":"2023-03-31T10:49:51+00:00","description":"Es ist wieder soweit, die f\u00fcnfte Jahreszeit wird gefeiert! Weiberfastnacht oder Rosenmontag, woher kommen diese Traditionen eigentlich?","breadcrumb":{"@id":"https:\/\/www.camaeleon.org\/de\/2023\/02\/18\/das-wort-der-woche-karneval\/#breadcrumb"},"inLanguage":"de","potentialAction":[{"@type":"ReadAction","target":[["https:\/\/www.camaeleon.org\/de\/2023\/02\/18\/das-wort-der-woche-karneval\/"]]}]},{"@type":"ImageObject","inLanguage":"de","@id":"https:\/\/www.camaeleon.org\/de\/2023\/02\/18\/das-wort-der-woche-karneval\/#primaryimage","url":"https:\/\/www.camaeleon.org\/wp-content\/uploads\/2023\/02\/streamer-gcae22adf6_1920.jpg","contentUrl":"https:\/\/www.camaeleon.org\/wp-content\/uploads\/2023\/02\/streamer-gcae22adf6_1920.jpg","width":1920,"height":886,"caption":"Foto: NoName_13"},{"@type":"BreadcrumbList","@id":"https:\/\/www.camaeleon.org\/de\/2023\/02\/18\/das-wort-der-woche-karneval\/#breadcrumb","itemListElement":[{"@type":"ListItem","position":1,"name":"Home","item":"https:\/\/www.camaeleon.org\/de\/"},{"@type":"ListItem","position":2,"name":"Le mot de la semaine : #Carnaval"}]},{"@type":"WebSite","@id":"https:\/\/www.camaeleon.org\/de\/#website","url":"https:\/\/www.camaeleon.org\/de\/","name":"Cam\u00e4l\u00e9on","description":"Das Sch\u00fclermagazin des Deutsch-Franz\u00f6sischen Gymnasiums Saarbr\u00fccken","publisher":{"@id":"https:\/\/www.camaeleon.org\/de\/#organization"},"potentialAction":[{"@type":"SearchAction","target":{"@type":"EntryPoint","urlTemplate":"https:\/\/www.camaeleon.org\/de\/?s={search_term_string}"},"query-input":{"@type":"PropertyValueSpecification","valueRequired":true,"valueName":"search_term_string"}}],"inLanguage":"de"},{"@type":"Organization","@id":"https:\/\/www.camaeleon.org\/de\/#organization","name":"Cam\u00e4l\u00e9on","url":"https:\/\/www.camaeleon.org\/de\/","logo":{"@type":"ImageObject","inLanguage":"de","@id":"https:\/\/www.camaeleon.org\/de\/#\/schema\/logo\/image\/","url":"https:\/\/www.camaeleon.org\/wp-content\/uploads\/2011\/11\/CAM\u00c4LEON.jpg","contentUrl":"https:\/\/www.camaeleon.org\/wp-content\/uploads\/2011\/11\/CAM\u00c4LEON.jpg","width":959,"height":959,"caption":"Cam\u00e4l\u00e9on"},"image":{"@id":"https:\/\/www.camaeleon.org\/de\/#\/schema\/logo\/image\/"},"sameAs":["https:\/\/www.facebook.com\/camaeleon.org\/","https:\/\/x.com\/camaeleonOrg","https:\/\/www.instagram.com\/camaeleon.dfg\/","https:\/\/www.youtube.com\/channel\/UCl3TAUDdGuu_c7CD6ax6hYg"]},{"@type":"Person","@id":"https:\/\/www.camaeleon.org\/de\/#\/schema\/person\/34dd43503993f08eb39382df2c5b79b5","name":"Anouk Viero","image":{"@type":"ImageObject","inLanguage":"de","@id":"https:\/\/www.camaeleon.org\/de\/wp-content\/uploads\/2023\/09\/0019AA6C-0ACA-452F-B897-A6B732B81B93-150x150.jpegeca926063efc1e3c52e5e4881ccb2d47","url":"https:\/\/www.camaeleon.org\/wp-content\/uploads\/2023\/09\/0019AA6C-0ACA-452F-B897-A6B732B81B93-150x150.jpeg","contentUrl":"https:\/\/www.camaeleon.org\/wp-content\/uploads\/2023\/09\/0019AA6C-0ACA-452F-B897-A6B732B81B93-150x150.jpeg","caption":"Anouk Viero"},"description":"Hi, ich bin Anouk! Hier ein paar Infos \u00fcber mich: - Seit 2020 bei Cam\u00e4l\u00e9on - 15 Jahre alt - Klasse 1L Ich schreibe gerne Artikel im Bereich Kultur, Politik, Ern\u00e4hrung und privat tanze ich gerne Jazz Modern und spiele Gitarre.","url":"https:\/\/www.camaeleon.org\/de\/author\/anouk-viero\/"}]}},"_links":{"self":[{"href":"https:\/\/www.camaeleon.org\/de\/wp-json\/wp\/v2\/posts\/28351","targetHints":{"allow":["GET"]}}],"collection":[{"href":"https:\/\/www.camaeleon.org\/de\/wp-json\/wp\/v2\/posts"}],"about":[{"href":"https:\/\/www.camaeleon.org\/de\/wp-json\/wp\/v2\/types\/post"}],"author":[{"embeddable":true,"href":"https:\/\/www.camaeleon.org\/de\/wp-json\/wp\/v2\/users\/146"}],"replies":[{"embeddable":true,"href":"https:\/\/www.camaeleon.org\/de\/wp-json\/wp\/v2\/comments?post=28351"}],"version-history":[{"count":2,"href":"https:\/\/www.camaeleon.org\/de\/wp-json\/wp\/v2\/posts\/28351\/revisions"}],"predecessor-version":[{"id":28694,"href":"https:\/\/www.camaeleon.org\/de\/wp-json\/wp\/v2\/posts\/28351\/revisions\/28694"}],"wp:featuredmedia":[{"embeddable":true,"href":"https:\/\/www.camaeleon.org\/de\/wp-json\/wp\/v2\/media\/28397"}],"wp:attachment":[{"href":"https:\/\/www.camaeleon.org\/de\/wp-json\/wp\/v2\/media?parent=28351"}],"wp:term":[{"taxonomy":"category","embeddable":true,"href":"https:\/\/www.camaeleon.org\/de\/wp-json\/wp\/v2\/categories?post=28351"},{"taxonomy":"post_tag","embeddable":true,"href":"https:\/\/www.camaeleon.org\/de\/wp-json\/wp\/v2\/tags?post=28351"},{"taxonomy":"author","embeddable":true,"href":"https:\/\/www.camaeleon.org\/de\/wp-json\/wp\/v2\/coauthors?post=28351"}],"curies":[{"name":"wp","href":"https:\/\/api.w.org\/{rel}","templated":true}]}}