{"id":28292,"date":"2023-02-10T20:21:54","date_gmt":"2023-02-10T19:21:54","guid":{"rendered":"https:\/\/www.camaeleon.org\/?p=28292"},"modified":"2023-03-31T12:48:14","modified_gmt":"2023-03-31T10:48:14","slug":"das-wort-der-woche-erdbeben","status":"publish","type":"post","link":"https:\/\/www.camaeleon.org\/de\/2023\/02\/10\/das-wort-der-woche-erdbeben\/","title":{"rendered":"Das Wort der Woche: #Erdbeben"},"content":{"rendered":"<p><figure id=\"attachment_28309\" aria-describedby=\"caption-attachment-28309\" style=\"width: 300px\" class=\"wp-caption alignleft\"><img loading=\"lazy\" decoding=\"async\" class=\"wp-image-28309 size-medium\" src=\"https:\/\/www.camaeleon.org\/wp-content\/uploads\/2023\/02\/2023_Turkey_Earthquake_Damage_3-300x169.jpeg\" alt=\"Ruinen eines eingest\u00fcrzten Geb\u00e4udes, Diyarbak\u0131r, T\u00fcrkei \" width=\"300\" height=\"169\" srcset=\"https:\/\/www.camaeleon.org\/wp-content\/uploads\/2023\/02\/2023_Turkey_Earthquake_Damage_3-300x169.jpeg 300w, https:\/\/www.camaeleon.org\/wp-content\/uploads\/2023\/02\/2023_Turkey_Earthquake_Damage_3-880x495.jpeg 880w, https:\/\/www.camaeleon.org\/wp-content\/uploads\/2023\/02\/2023_Turkey_Earthquake_Damage_3-1536x864.jpeg 1536w, https:\/\/www.camaeleon.org\/wp-content\/uploads\/2023\/02\/2023_Turkey_Earthquake_Damage_3.jpeg 2016w\" sizes=\"auto, (max-width: 300px) 100vw, 300px\" \/><figcaption id=\"caption-attachment-28309\" class=\"wp-caption-text\">Ruinen eines eingest\u00fcrzten Geb\u00e4udes, Diyarbak\u0131r, T\u00fcrkei (Quelle: <a href=\"https:\/\/commons.wikimedia.org\/wiki\/File:2023_Turkey_Earthquake_Damage_3.jpg\">commons.wikimedia.org<\/a>)<\/figcaption><\/figure><\/p>\n<p>An diesen Montag gab es in der T\u00fcrkei und Syrien ein Erdbeben mit \u00fcber 22.000 Toten und mehr als 78.000 Verletzten. Es wurden 7,8 auf der <span class=\"mw-page-title-main\">Momenten-Magnituden-Skala gemessen, einer Erdbeben-St\u00e4rke, bei der in weiten Gebieten H\u00e4user einst\u00fcrzen. <\/span><span class=\"mw-page-title-main\">Viele L\u00e4nder aus Europa sind zur Hilfe gekommen. <\/span><\/p>\n<p><span class=\"mw-page-title-main\">Wie kam es zu dieser Katastrophe? Die T\u00fcrkei liegt im Gebiet von 3 tektonischen Platten: der Anatolischen Platte, der Arabischen Platte und der Afrikanische Platten. Wenn eine Platte sich gegen eine andere bewegt, entstehen Spannungen, die sich in Erdbeben entladen.<br \/>\n<\/span><\/p>\n<p>Wenn ihr f\u00fcr die Menschen in der T\u00fcrkei und Syrien spenden wollt, k\u00f6nnt ihr die <a href=\"https:\/\/www.aktion-deutschland-hilft.de\/de\/hilfseinsaetze\/erdbeben-tuerkei-und-syrien\/\">Aktion Deutschland Hilft<\/a> unterst\u00fctzen.<\/p>","protected":false},"excerpt":{"rendered":"<p>An diesen Montag gab es in der T\u00fcrkei und Syrien ein Erdbeben mit \u00fcber 22.000 Toten und mehr als 78.000 Verletzten. Es wurden 7,8 auf<\/p>\n","protected":false},"author":165,"featured_media":28309,"comment_status":"open","ping_status":"closed","sticky":false,"template":"","format":"standard","meta":{"colormag_page_container_layout":"default_layout","colormag_page_sidebar_layout":"default_layout","footnotes":""},"categories":[864,5],"tags":[2157,279,2158],"coauthors":[2062],"class_list":["post-28292","post","type-post","status-publish","format-standard","has-post-thumbnail","hentry","category-le-mot-de-la-semaine","category-monde","tag-erdebeben","tag-syrien","tag-tuerkei"],"yoast_head":"<!-- This site is optimized with the Yoast SEO plugin v27.5 - https:\/\/yoast.com\/product\/yoast-seo-wordpress\/ -->\n<title>Das Wort der Woche: #Erdbeben - Cam\u00e4l\u00e9on<\/title>\n<meta name=\"robots\" content=\"index, follow, max-snippet:-1, max-image-preview:large, max-video-preview:-1\" \/>\n<link rel=\"canonical\" href=\"https:\/\/www.camaeleon.org\/de\/2023\/02\/10\/das-wort-der-woche-erdbeben\/\" \/>\n<meta property=\"og:locale\" content=\"de_DE\" \/>\n<meta property=\"og:type\" content=\"article\" \/>\n<meta property=\"og:title\" content=\"Das Wort der Woche: #Erdbeben - Cam\u00e4l\u00e9on\" \/>\n<meta property=\"og:description\" content=\"An diesen Montag gab es in der T\u00fcrkei und Syrien ein Erdbeben mit \u00fcber 22.000 Toten und mehr als 78.000 Verletzten. Es wurden 7,8 auf\" \/>\n<meta property=\"og:url\" content=\"https:\/\/www.camaeleon.org\/de\/2023\/02\/10\/das-wort-der-woche-erdbeben\/\" \/>\n<meta property=\"og:site_name\" content=\"Cam\u00e4l\u00e9on\" \/>\n<meta property=\"article:publisher\" content=\"https:\/\/www.facebook.com\/camaeleon.org\/\" \/>\n<meta property=\"article:published_time\" content=\"2023-02-10T19:21:54+00:00\" \/>\n<meta property=\"article:modified_time\" content=\"2023-03-31T10:48:14+00:00\" \/>\n<meta property=\"og:image\" content=\"https:\/\/www.camaeleon.org\/wp-content\/uploads\/2023\/02\/2023_Turkey_Earthquake_Damage_3.jpeg\" \/>\n\t<meta property=\"og:image:width\" content=\"2016\" \/>\n\t<meta property=\"og:image:height\" content=\"1134\" \/>\n\t<meta property=\"og:image:type\" content=\"image\/jpeg\" \/>\n<meta name=\"author\" content=\"Arto Tchalikian\" \/>\n<meta name=\"twitter:card\" content=\"summary_large_image\" \/>\n<meta name=\"twitter:creator\" content=\"@camaeleonOrg\" \/>\n<meta name=\"twitter:site\" content=\"@camaeleonOrg\" \/>\n<script type=\"application\/ld+json\" class=\"yoast-schema-graph\">{\"@context\":\"https:\\\/\\\/schema.org\",\"@graph\":[{\"@type\":\"Article\",\"@id\":\"https:\\\/\\\/www.camaeleon.org\\\/2023\\\/02\\\/10\\\/das-wort-der-woche-erdbeben\\\/#article\",\"isPartOf\":{\"@id\":\"https:\\\/\\\/www.camaeleon.org\\\/2023\\\/02\\\/10\\\/das-wort-der-woche-erdbeben\\\/\"},\"author\":{\"name\":\"Arto Tchalikian\",\"@id\":\"https:\\\/\\\/www.camaeleon.org\\\/de\\\/#\\\/schema\\\/person\\\/1d2b9fbf10a765a4c66baaacb0cf6aea\"},\"headline\":\"Das Wort der Woche: #Erdbeben\",\"datePublished\":\"2023-02-10T19:21:54+00:00\",\"dateModified\":\"2023-03-31T10:48:14+00:00\",\"mainEntityOfPage\":{\"@id\":\"https:\\\/\\\/www.camaeleon.org\\\/2023\\\/02\\\/10\\\/das-wort-der-woche-erdbeben\\\/\"},\"wordCount\":430,\"commentCount\":0,\"publisher\":{\"@id\":\"https:\\\/\\\/www.camaeleon.org\\\/de\\\/#organization\"},\"image\":{\"@id\":\"https:\\\/\\\/www.camaeleon.org\\\/2023\\\/02\\\/10\\\/das-wort-der-woche-erdbeben\\\/#primaryimage\"},\"thumbnailUrl\":\"https:\\\/\\\/www.camaeleon.org\\\/wp-content\\\/uploads\\\/2023\\\/02\\\/2023_Turkey_Earthquake_Damage_3.jpeg\",\"keywords\":[\"Erdebeben\",\"Syrien\",\"T\u00fcrkei\"],\"articleSection\":[\"Das Wort der Woche\",\"Welt\"],\"inLanguage\":\"de\",\"potentialAction\":[{\"@type\":\"CommentAction\",\"name\":\"Comment\",\"target\":[\"https:\\\/\\\/www.camaeleon.org\\\/2023\\\/02\\\/10\\\/das-wort-der-woche-erdbeben\\\/#respond\"]}]},{\"@type\":\"WebPage\",\"@id\":\"https:\\\/\\\/www.camaeleon.org\\\/de\\\/2023\\\/02\\\/10\\\/das-wort-der-woche-erdbeben\\\/\",\"url\":\"https:\\\/\\\/www.camaeleon.org\\\/de\\\/2023\\\/02\\\/10\\\/das-wort-der-woche-erdbeben\\\/\",\"name\":\"Das Wort der Woche: #Erdbeben - Cam\u00e4l\u00e9on\",\"isPartOf\":{\"@id\":\"https:\\\/\\\/www.camaeleon.org\\\/de\\\/#website\"},\"primaryImageOfPage\":{\"@id\":\"https:\\\/\\\/www.camaeleon.org\\\/de\\\/2023\\\/02\\\/10\\\/das-wort-der-woche-erdbeben\\\/#primaryimage\"},\"image\":{\"@id\":\"https:\\\/\\\/www.camaeleon.org\\\/2023\\\/02\\\/10\\\/das-wort-der-woche-erdbeben\\\/#primaryimage\"},\"thumbnailUrl\":\"https:\\\/\\\/www.camaeleon.org\\\/wp-content\\\/uploads\\\/2023\\\/02\\\/2023_Turkey_Earthquake_Damage_3.jpeg\",\"datePublished\":\"2023-02-10T19:21:54+00:00\",\"dateModified\":\"2023-03-31T10:48:14+00:00\",\"breadcrumb\":{\"@id\":\"https:\\\/\\\/www.camaeleon.org\\\/de\\\/2023\\\/02\\\/10\\\/das-wort-der-woche-erdbeben\\\/#breadcrumb\"},\"inLanguage\":\"de\",\"potentialAction\":[{\"@type\":\"ReadAction\",\"target\":[[\"https:\\\/\\\/www.camaeleon.org\\\/de\\\/2023\\\/02\\\/10\\\/das-wort-der-woche-erdbeben\\\/\"]]}]},{\"@type\":\"ImageObject\",\"inLanguage\":\"de\",\"@id\":\"https:\\\/\\\/www.camaeleon.org\\\/de\\\/2023\\\/02\\\/10\\\/das-wort-der-woche-erdbeben\\\/#primaryimage\",\"url\":\"https:\\\/\\\/www.camaeleon.org\\\/wp-content\\\/uploads\\\/2023\\\/02\\\/2023_Turkey_Earthquake_Damage_3.jpeg\",\"contentUrl\":\"https:\\\/\\\/www.camaeleon.org\\\/wp-content\\\/uploads\\\/2023\\\/02\\\/2023_Turkey_Earthquake_Damage_3.jpeg\",\"width\":2016,\"height\":1134,\"caption\":\"eines eingest\u00fcrzten Geb\u00e4udes, Diyarbak\u0131r, T\u00fcrkei (Quelle: https:\\\/\\\/commons.wikimedia.org\\\/wiki\\\/File:2023_Turkey_Earthquake_Damage_3.jpg)\"},{\"@type\":\"BreadcrumbList\",\"@id\":\"https:\\\/\\\/www.camaeleon.org\\\/de\\\/2023\\\/02\\\/10\\\/das-wort-der-woche-erdbeben\\\/#breadcrumb\",\"itemListElement\":[{\"@type\":\"ListItem\",\"position\":1,\"name\":\"Home\",\"item\":\"https:\\\/\\\/www.camaeleon.org\\\/de\\\/\"},{\"@type\":\"ListItem\",\"position\":2,\"name\":\"Le mot de la semaine : #Tremblement-de-terre\"}]},{\"@type\":\"WebSite\",\"@id\":\"https:\\\/\\\/www.camaeleon.org\\\/de\\\/#website\",\"url\":\"https:\\\/\\\/www.camaeleon.org\\\/de\\\/\",\"name\":\"Cam\u00e4l\u00e9on\",\"description\":\"Das Sch\u00fclermagazin des Deutsch-Franz\u00f6sischen Gymnasiums Saarbr\u00fccken\",\"publisher\":{\"@id\":\"https:\\\/\\\/www.camaeleon.org\\\/de\\\/#organization\"},\"potentialAction\":[{\"@type\":\"SearchAction\",\"target\":{\"@type\":\"EntryPoint\",\"urlTemplate\":\"https:\\\/\\\/www.camaeleon.org\\\/de\\\/?s={search_term_string}\"},\"query-input\":{\"@type\":\"PropertyValueSpecification\",\"valueRequired\":true,\"valueName\":\"search_term_string\"}}],\"inLanguage\":\"de\"},{\"@type\":\"Organization\",\"@id\":\"https:\\\/\\\/www.camaeleon.org\\\/de\\\/#organization\",\"name\":\"Cam\u00e4l\u00e9on\",\"url\":\"https:\\\/\\\/www.camaeleon.org\\\/de\\\/\",\"logo\":{\"@type\":\"ImageObject\",\"inLanguage\":\"de\",\"@id\":\"https:\\\/\\\/www.camaeleon.org\\\/de\\\/#\\\/schema\\\/logo\\\/image\\\/\",\"url\":\"https:\\\/\\\/www.camaeleon.org\\\/wp-content\\\/uploads\\\/2011\\\/11\\\/CAM\u00c4LEON.jpg\",\"contentUrl\":\"https:\\\/\\\/www.camaeleon.org\\\/wp-content\\\/uploads\\\/2011\\\/11\\\/CAM\u00c4LEON.jpg\",\"width\":959,\"height\":959,\"caption\":\"Cam\u00e4l\u00e9on\"},\"image\":{\"@id\":\"https:\\\/\\\/www.camaeleon.org\\\/de\\\/#\\\/schema\\\/logo\\\/image\\\/\"},\"sameAs\":[\"https:\\\/\\\/www.facebook.com\\\/camaeleon.org\\\/\",\"https:\\\/\\\/x.com\\\/camaeleonOrg\",\"https:\\\/\\\/www.instagram.com\\\/camaeleon.dfg\\\/\",\"https:\\\/\\\/www.youtube.com\\\/channel\\\/UCl3TAUDdGuu_c7CD6ax6hYg\"]},{\"@type\":\"Person\",\"@id\":\"https:\\\/\\\/www.camaeleon.org\\\/de\\\/#\\\/schema\\\/person\\\/1d2b9fbf10a765a4c66baaacb0cf6aea\",\"name\":\"Arto Tchalikian\",\"image\":{\"@type\":\"ImageObject\",\"inLanguage\":\"de\",\"@id\":\"https:\\\/\\\/www.camaeleon.org\\\/de\\\/wp-content\\\/uploads\\\/2022\\\/12\\\/screenshot-2022-12-01-170720-150x150.png1e22539bf1974b72b3d5ad862a7f0f1a\",\"url\":\"https:\\\/\\\/www.camaeleon.org\\\/wp-content\\\/uploads\\\/2022\\\/12\\\/screenshot-2022-12-01-170720-150x150.png\",\"contentUrl\":\"https:\\\/\\\/www.camaeleon.org\\\/wp-content\\\/uploads\\\/2022\\\/12\\\/screenshot-2022-12-01-170720-150x150.png\",\"caption\":\"Arto Tchalikian\"},\"description\":\"Hallo, ich bin Arto. Ich bin 13 Jahre alt, nehme seit 2022 an Cam\u00e4l\u00e9on teil und bin in der Klasse 8SL1. Ich spiele Trompete \ud83c\udfba. Au\u00dferdem komme ich aus China.\ud83d\ude42.\",\"url\":\"https:\\\/\\\/www.camaeleon.org\\\/de\\\/author\\\/arto-tchalikian\\\/\"}]}<\/script>\n<!-- \/ Yoast SEO plugin. -->","yoast_head_json":{"title":"Das Wort der Woche: #Erdbeben - Cam\u00e4l\u00e9on","robots":{"index":"index","follow":"follow","max-snippet":"max-snippet:-1","max-image-preview":"max-image-preview:large","max-video-preview":"max-video-preview:-1"},"canonical":"https:\/\/www.camaeleon.org\/de\/2023\/02\/10\/das-wort-der-woche-erdbeben\/","og_locale":"de_DE","og_type":"article","og_title":"Das Wort der Woche: #Erdbeben - Cam\u00e4l\u00e9on","og_description":"An diesen Montag gab es in der T\u00fcrkei und Syrien ein Erdbeben mit \u00fcber 22.000 Toten und mehr als 78.000 Verletzten. Es wurden 7,8 auf","og_url":"https:\/\/www.camaeleon.org\/de\/2023\/02\/10\/das-wort-der-woche-erdbeben\/","og_site_name":"Cam\u00e4l\u00e9on","article_publisher":"https:\/\/www.facebook.com\/camaeleon.org\/","article_published_time":"2023-02-10T19:21:54+00:00","article_modified_time":"2023-03-31T10:48:14+00:00","og_image":[{"width":2016,"height":1134,"url":"https:\/\/www.camaeleon.org\/wp-content\/uploads\/2023\/02\/2023_Turkey_Earthquake_Damage_3.jpeg","type":"image\/jpeg"}],"author":"Arto Tchalikian","twitter_card":"summary_large_image","twitter_creator":"@camaeleonOrg","twitter_site":"@camaeleonOrg","schema":{"@context":"https:\/\/schema.org","@graph":[{"@type":"Article","@id":"https:\/\/www.camaeleon.org\/2023\/02\/10\/das-wort-der-woche-erdbeben\/#article","isPartOf":{"@id":"https:\/\/www.camaeleon.org\/2023\/02\/10\/das-wort-der-woche-erdbeben\/"},"author":{"name":"Arto Tchalikian","@id":"https:\/\/www.camaeleon.org\/de\/#\/schema\/person\/1d2b9fbf10a765a4c66baaacb0cf6aea"},"headline":"Das Wort der Woche: #Erdbeben","datePublished":"2023-02-10T19:21:54+00:00","dateModified":"2023-03-31T10:48:14+00:00","mainEntityOfPage":{"@id":"https:\/\/www.camaeleon.org\/2023\/02\/10\/das-wort-der-woche-erdbeben\/"},"wordCount":430,"commentCount":0,"publisher":{"@id":"https:\/\/www.camaeleon.org\/de\/#organization"},"image":{"@id":"https:\/\/www.camaeleon.org\/2023\/02\/10\/das-wort-der-woche-erdbeben\/#primaryimage"},"thumbnailUrl":"https:\/\/www.camaeleon.org\/wp-content\/uploads\/2023\/02\/2023_Turkey_Earthquake_Damage_3.jpeg","keywords":["Erdebeben","Syrien","T\u00fcrkei"],"articleSection":["Das Wort der Woche","Welt"],"inLanguage":"de","potentialAction":[{"@type":"CommentAction","name":"Comment","target":["https:\/\/www.camaeleon.org\/2023\/02\/10\/das-wort-der-woche-erdbeben\/#respond"]}]},{"@type":"WebPage","@id":"https:\/\/www.camaeleon.org\/de\/2023\/02\/10\/das-wort-der-woche-erdbeben\/","url":"https:\/\/www.camaeleon.org\/de\/2023\/02\/10\/das-wort-der-woche-erdbeben\/","name":"Das Wort der Woche: #Erdbeben - Cam\u00e4l\u00e9on","isPartOf":{"@id":"https:\/\/www.camaeleon.org\/de\/#website"},"primaryImageOfPage":{"@id":"https:\/\/www.camaeleon.org\/de\/2023\/02\/10\/das-wort-der-woche-erdbeben\/#primaryimage"},"image":{"@id":"https:\/\/www.camaeleon.org\/2023\/02\/10\/das-wort-der-woche-erdbeben\/#primaryimage"},"thumbnailUrl":"https:\/\/www.camaeleon.org\/wp-content\/uploads\/2023\/02\/2023_Turkey_Earthquake_Damage_3.jpeg","datePublished":"2023-02-10T19:21:54+00:00","dateModified":"2023-03-31T10:48:14+00:00","breadcrumb":{"@id":"https:\/\/www.camaeleon.org\/de\/2023\/02\/10\/das-wort-der-woche-erdbeben\/#breadcrumb"},"inLanguage":"de","potentialAction":[{"@type":"ReadAction","target":[["https:\/\/www.camaeleon.org\/de\/2023\/02\/10\/das-wort-der-woche-erdbeben\/"]]}]},{"@type":"ImageObject","inLanguage":"de","@id":"https:\/\/www.camaeleon.org\/de\/2023\/02\/10\/das-wort-der-woche-erdbeben\/#primaryimage","url":"https:\/\/www.camaeleon.org\/wp-content\/uploads\/2023\/02\/2023_Turkey_Earthquake_Damage_3.jpeg","contentUrl":"https:\/\/www.camaeleon.org\/wp-content\/uploads\/2023\/02\/2023_Turkey_Earthquake_Damage_3.jpeg","width":2016,"height":1134,"caption":"eines eingest\u00fcrzten Geb\u00e4udes, Diyarbak\u0131r, T\u00fcrkei (Quelle: https:\/\/commons.wikimedia.org\/wiki\/File:2023_Turkey_Earthquake_Damage_3.jpg)"},{"@type":"BreadcrumbList","@id":"https:\/\/www.camaeleon.org\/de\/2023\/02\/10\/das-wort-der-woche-erdbeben\/#breadcrumb","itemListElement":[{"@type":"ListItem","position":1,"name":"Home","item":"https:\/\/www.camaeleon.org\/de\/"},{"@type":"ListItem","position":2,"name":"Le mot de la semaine : #Tremblement-de-terre"}]},{"@type":"WebSite","@id":"https:\/\/www.camaeleon.org\/de\/#website","url":"https:\/\/www.camaeleon.org\/de\/","name":"Cam\u00e4l\u00e9on","description":"Das Sch\u00fclermagazin des Deutsch-Franz\u00f6sischen Gymnasiums Saarbr\u00fccken","publisher":{"@id":"https:\/\/www.camaeleon.org\/de\/#organization"},"potentialAction":[{"@type":"SearchAction","target":{"@type":"EntryPoint","urlTemplate":"https:\/\/www.camaeleon.org\/de\/?s={search_term_string}"},"query-input":{"@type":"PropertyValueSpecification","valueRequired":true,"valueName":"search_term_string"}}],"inLanguage":"de"},{"@type":"Organization","@id":"https:\/\/www.camaeleon.org\/de\/#organization","name":"Cam\u00e4l\u00e9on","url":"https:\/\/www.camaeleon.org\/de\/","logo":{"@type":"ImageObject","inLanguage":"de","@id":"https:\/\/www.camaeleon.org\/de\/#\/schema\/logo\/image\/","url":"https:\/\/www.camaeleon.org\/wp-content\/uploads\/2011\/11\/CAM\u00c4LEON.jpg","contentUrl":"https:\/\/www.camaeleon.org\/wp-content\/uploads\/2011\/11\/CAM\u00c4LEON.jpg","width":959,"height":959,"caption":"Cam\u00e4l\u00e9on"},"image":{"@id":"https:\/\/www.camaeleon.org\/de\/#\/schema\/logo\/image\/"},"sameAs":["https:\/\/www.facebook.com\/camaeleon.org\/","https:\/\/x.com\/camaeleonOrg","https:\/\/www.instagram.com\/camaeleon.dfg\/","https:\/\/www.youtube.com\/channel\/UCl3TAUDdGuu_c7CD6ax6hYg"]},{"@type":"Person","@id":"https:\/\/www.camaeleon.org\/de\/#\/schema\/person\/1d2b9fbf10a765a4c66baaacb0cf6aea","name":"Arto Tchalikian","image":{"@type":"ImageObject","inLanguage":"de","@id":"https:\/\/www.camaeleon.org\/de\/wp-content\/uploads\/2022\/12\/screenshot-2022-12-01-170720-150x150.png1e22539bf1974b72b3d5ad862a7f0f1a","url":"https:\/\/www.camaeleon.org\/wp-content\/uploads\/2022\/12\/screenshot-2022-12-01-170720-150x150.png","contentUrl":"https:\/\/www.camaeleon.org\/wp-content\/uploads\/2022\/12\/screenshot-2022-12-01-170720-150x150.png","caption":"Arto Tchalikian"},"description":"Hallo, ich bin Arto. Ich bin 13 Jahre alt, nehme seit 2022 an Cam\u00e4l\u00e9on teil und bin in der Klasse 8SL1. Ich spiele Trompete \ud83c\udfba. Au\u00dferdem komme ich aus China.\ud83d\ude42.","url":"https:\/\/www.camaeleon.org\/de\/author\/arto-tchalikian\/"}]}},"_links":{"self":[{"href":"https:\/\/www.camaeleon.org\/de\/wp-json\/wp\/v2\/posts\/28292","targetHints":{"allow":["GET"]}}],"collection":[{"href":"https:\/\/www.camaeleon.org\/de\/wp-json\/wp\/v2\/posts"}],"about":[{"href":"https:\/\/www.camaeleon.org\/de\/wp-json\/wp\/v2\/types\/post"}],"author":[{"embeddable":true,"href":"https:\/\/www.camaeleon.org\/de\/wp-json\/wp\/v2\/users\/165"}],"replies":[{"embeddable":true,"href":"https:\/\/www.camaeleon.org\/de\/wp-json\/wp\/v2\/comments?post=28292"}],"version-history":[{"count":9,"href":"https:\/\/www.camaeleon.org\/de\/wp-json\/wp\/v2\/posts\/28292\/revisions"}],"predecessor-version":[{"id":28693,"href":"https:\/\/www.camaeleon.org\/de\/wp-json\/wp\/v2\/posts\/28292\/revisions\/28693"}],"wp:featuredmedia":[{"embeddable":true,"href":"https:\/\/www.camaeleon.org\/de\/wp-json\/wp\/v2\/media\/28309"}],"wp:attachment":[{"href":"https:\/\/www.camaeleon.org\/de\/wp-json\/wp\/v2\/media?parent=28292"}],"wp:term":[{"taxonomy":"category","embeddable":true,"href":"https:\/\/www.camaeleon.org\/de\/wp-json\/wp\/v2\/categories?post=28292"},{"taxonomy":"post_tag","embeddable":true,"href":"https:\/\/www.camaeleon.org\/de\/wp-json\/wp\/v2\/tags?post=28292"},{"taxonomy":"author","embeddable":true,"href":"https:\/\/www.camaeleon.org\/de\/wp-json\/wp\/v2\/coauthors?post=28292"}],"curies":[{"name":"wp","href":"https:\/\/api.w.org\/{rel}","templated":true}]}}