{"id":28188,"date":"2023-01-25T18:37:45","date_gmt":"2023-01-25T17:37:45","guid":{"rendered":"https:\/\/www.camaeleon.org\/?p=28188"},"modified":"2023-03-31T12:38:40","modified_gmt":"2023-03-31T10:38:40","slug":"feter-avec-de-la-musique-le-concert-de-lorchestre-a-buc-pour-le-traite-de-lelysee","status":"publish","type":"post","link":"https:\/\/www.camaeleon.org\/de\/2023\/01\/25\/feter-avec-de-la-musique-le-concert-de-lorchestre-a-buc-pour-le-traite-de-lelysee\/","title":{"rendered":"Feiern mit Musik: Konzert in Buc zum Jubil\u00e4um des Elys\u00e9e-Vertrags"},"content":{"rendered":"<p>Am 16.-17. Januar fuhren ca. 20 Sch\u00fcler:innen aus dem Orchester zum zweiten Mal in diesem Schuljahr ins DFG Buc, um zur Feier des \u00c9lys\u00e9e-Vertrags mit dem Orchester Buc ein Konzert zu spielen. Das Konzert und die Europa-, DFG-LFA-, Deutsche- und Franz\u00f6sische Hymne, gesungen von allen Sch\u00fcler:innen, k\u00f6nnen hier unten angeschaut werden:<\/p>\n<p>https:\/\/youtu.be\/vB8eC2Bb9PM<\/p>","protected":false},"excerpt":{"rendered":"<p>Am 16.-17. Januar fuhren ca. 20 Sch\u00fcler:innen aus dem Orchester zum zweiten Mal in diesem Schuljahr ins DFG Buc, um zur Feier des \u00c9lys\u00e9e-Vertrags mit<\/p>\n","protected":false},"author":128,"featured_media":28211,"comment_status":"open","ping_status":"closed","sticky":false,"template":"","format":"standard","meta":{"colormag_page_container_layout":"default_layout","colormag_page_sidebar_layout":"default_layout","footnotes":""},"categories":[3,195,908],"tags":[206,2131,489,2006,300,490,1064,1046,189,1313],"coauthors":[744],"class_list":["post-28188","post","type-post","status-publish","format-standard","has-post-thumbnail","hentry","category-ecole","category-musique","category-camaeleon-video","tag-austausch","tag-buc","tag-dfg","tag-fahrt","tag-konzert","tag-lfa","tag-musique","tag-reise","tag-slider","tag-voyage"],"yoast_head":"<!-- This site is optimized with the Yoast SEO plugin v27.5 - https:\/\/yoast.com\/product\/yoast-seo-wordpress\/ -->\n<title>Feiern mit Musik: Konzert in Buc zum Jubil\u00e4um des Elys\u00e9e-Vertrags - Cam\u00e4l\u00e9on<\/title>\n<meta name=\"description\" content=\"Am 16.-17. Januar fuhren ca. 20 Orchester-Sch\u00fcler zum DFG Buc, um zur Feier des \u00c9lys\u00e9e-Vertrags mit dem Orchester ein Konzert zu spielen.\" \/>\n<meta name=\"robots\" content=\"index, follow, max-snippet:-1, max-image-preview:large, max-video-preview:-1\" \/>\n<link rel=\"canonical\" href=\"https:\/\/www.camaeleon.org\/de\/2023\/01\/25\/feter-avec-de-la-musique-le-concert-de-lorchestre-a-buc-pour-le-traite-de-lelysee\/\" \/>\n<meta property=\"og:locale\" content=\"de_DE\" \/>\n<meta property=\"og:type\" content=\"article\" \/>\n<meta property=\"og:title\" content=\"Feiern mit Musik: Konzert in Buc zum Jubil\u00e4um des Elys\u00e9e-Vertrags - Cam\u00e4l\u00e9on\" \/>\n<meta property=\"og:description\" content=\"Am 16.-17. Januar fuhren ca. 20 Orchester-Sch\u00fcler zum DFG Buc, um zur Feier des \u00c9lys\u00e9e-Vertrags mit dem Orchester ein Konzert zu spielen.\" \/>\n<meta property=\"og:url\" content=\"https:\/\/www.camaeleon.org\/de\/2023\/01\/25\/feter-avec-de-la-musique-le-concert-de-lorchestre-a-buc-pour-le-traite-de-lelysee\/\" \/>\n<meta property=\"og:site_name\" content=\"Cam\u00e4l\u00e9on\" \/>\n<meta property=\"article:publisher\" content=\"https:\/\/www.facebook.com\/camaeleon.org\/\" \/>\n<meta property=\"article:published_time\" content=\"2023-01-25T17:37:45+00:00\" \/>\n<meta property=\"article:modified_time\" content=\"2023-03-31T10:38:40+00:00\" \/>\n<meta property=\"og:image\" content=\"https:\/\/www.camaeleon.org\/wp-content\/uploads\/2023\/01\/Buc.jpg\" \/>\n\t<meta property=\"og:image:width\" content=\"2560\" \/>\n\t<meta property=\"og:image:height\" content=\"1307\" \/>\n\t<meta property=\"og:image:type\" content=\"image\/jpeg\" \/>\n<meta name=\"author\" content=\"Max Ernst\" \/>\n<meta name=\"twitter:card\" content=\"summary_large_image\" \/>\n<meta name=\"twitter:creator\" content=\"@camaeleonOrg\" \/>\n<meta name=\"twitter:site\" content=\"@camaeleonOrg\" \/>\n<script type=\"application\/ld+json\" class=\"yoast-schema-graph\">{\"@context\":\"https:\\\/\\\/schema.org\",\"@graph\":[{\"@type\":\"Article\",\"@id\":\"https:\\\/\\\/www.camaeleon.org\\\/2023\\\/01\\\/25\\\/feter-avec-de-la-musique-le-concert-de-lorchestre-a-buc-pour-le-traite-de-lelysee\\\/#article\",\"isPartOf\":{\"@id\":\"https:\\\/\\\/www.camaeleon.org\\\/2023\\\/01\\\/25\\\/feter-avec-de-la-musique-le-concert-de-lorchestre-a-buc-pour-le-traite-de-lelysee\\\/\"},\"author\":{\"name\":\"Max Ernst\",\"@id\":\"https:\\\/\\\/www.camaeleon.org\\\/de\\\/#\\\/schema\\\/person\\\/052ee327c421b495af4657a44187a959\"},\"headline\":\"Feiern mit Musik: Konzert in Buc zum Jubil\u00e4um des Elys\u00e9e-Vertrags\",\"datePublished\":\"2023-01-25T17:37:45+00:00\",\"dateModified\":\"2023-03-31T10:38:40+00:00\",\"mainEntityOfPage\":{\"@id\":\"https:\\\/\\\/www.camaeleon.org\\\/2023\\\/01\\\/25\\\/feter-avec-de-la-musique-le-concert-de-lorchestre-a-buc-pour-le-traite-de-lelysee\\\/\"},\"wordCount\":262,\"commentCount\":0,\"publisher\":{\"@id\":\"https:\\\/\\\/www.camaeleon.org\\\/de\\\/#organization\"},\"image\":{\"@id\":\"https:\\\/\\\/www.camaeleon.org\\\/2023\\\/01\\\/25\\\/feter-avec-de-la-musique-le-concert-de-lorchestre-a-buc-pour-le-traite-de-lelysee\\\/#primaryimage\"},\"thumbnailUrl\":\"https:\\\/\\\/www.camaeleon.org\\\/wp-content\\\/uploads\\\/2023\\\/01\\\/Buc.jpg\",\"keywords\":[\"Austausch\",\"Buc\",\"DFG\",\"Fahrt\",\"Konzert\",\"LFA\",\"musique\",\"Reise\",\"Slider\",\"voyage\"],\"articleSection\":[\"Schule\",\"Musik\",\"Video\"],\"inLanguage\":\"de\",\"potentialAction\":[{\"@type\":\"CommentAction\",\"name\":\"Comment\",\"target\":[\"https:\\\/\\\/www.camaeleon.org\\\/2023\\\/01\\\/25\\\/feter-avec-de-la-musique-le-concert-de-lorchestre-a-buc-pour-le-traite-de-lelysee\\\/#respond\"]}]},{\"@type\":\"WebPage\",\"@id\":\"https:\\\/\\\/www.camaeleon.org\\\/de\\\/2023\\\/01\\\/25\\\/feter-avec-de-la-musique-le-concert-de-lorchestre-a-buc-pour-le-traite-de-lelysee\\\/\",\"url\":\"https:\\\/\\\/www.camaeleon.org\\\/de\\\/2023\\\/01\\\/25\\\/feter-avec-de-la-musique-le-concert-de-lorchestre-a-buc-pour-le-traite-de-lelysee\\\/\",\"name\":\"Feiern mit Musik: Konzert in Buc zum Jubil\u00e4um des Elys\u00e9e-Vertrags - Cam\u00e4l\u00e9on\",\"isPartOf\":{\"@id\":\"https:\\\/\\\/www.camaeleon.org\\\/de\\\/#website\"},\"primaryImageOfPage\":{\"@id\":\"https:\\\/\\\/www.camaeleon.org\\\/de\\\/2023\\\/01\\\/25\\\/feter-avec-de-la-musique-le-concert-de-lorchestre-a-buc-pour-le-traite-de-lelysee\\\/#primaryimage\"},\"image\":{\"@id\":\"https:\\\/\\\/www.camaeleon.org\\\/2023\\\/01\\\/25\\\/feter-avec-de-la-musique-le-concert-de-lorchestre-a-buc-pour-le-traite-de-lelysee\\\/#primaryimage\"},\"thumbnailUrl\":\"https:\\\/\\\/www.camaeleon.org\\\/wp-content\\\/uploads\\\/2023\\\/01\\\/Buc.jpg\",\"datePublished\":\"2023-01-25T17:37:45+00:00\",\"dateModified\":\"2023-03-31T10:38:40+00:00\",\"description\":\"Am 16.-17. Januar fuhren ca. 20 Orchester-Sch\u00fcler zum DFG Buc, um zur Feier des \u00c9lys\u00e9e-Vertrags mit dem Orchester ein Konzert zu spielen.\",\"breadcrumb\":{\"@id\":\"https:\\\/\\\/www.camaeleon.org\\\/de\\\/2023\\\/01\\\/25\\\/feter-avec-de-la-musique-le-concert-de-lorchestre-a-buc-pour-le-traite-de-lelysee\\\/#breadcrumb\"},\"inLanguage\":\"de\",\"potentialAction\":[{\"@type\":\"ReadAction\",\"target\":[[\"https:\\\/\\\/www.camaeleon.org\\\/de\\\/2023\\\/01\\\/25\\\/feter-avec-de-la-musique-le-concert-de-lorchestre-a-buc-pour-le-traite-de-lelysee\\\/\"]]}]},{\"@type\":\"ImageObject\",\"inLanguage\":\"de\",\"@id\":\"https:\\\/\\\/www.camaeleon.org\\\/de\\\/2023\\\/01\\\/25\\\/feter-avec-de-la-musique-le-concert-de-lorchestre-a-buc-pour-le-traite-de-lelysee\\\/#primaryimage\",\"url\":\"https:\\\/\\\/www.camaeleon.org\\\/wp-content\\\/uploads\\\/2023\\\/01\\\/Buc.jpg\",\"contentUrl\":\"https:\\\/\\\/www.camaeleon.org\\\/wp-content\\\/uploads\\\/2023\\\/01\\\/Buc.jpg\",\"width\":2560,\"height\":1307,\"caption\":\"Konzert in Buc zum Jubil\u00e4um des Elys\u00e9e-Vertrags (Screenshot: Max Ernst)\"},{\"@type\":\"BreadcrumbList\",\"@id\":\"https:\\\/\\\/www.camaeleon.org\\\/de\\\/2023\\\/01\\\/25\\\/feter-avec-de-la-musique-le-concert-de-lorchestre-a-buc-pour-le-traite-de-lelysee\\\/#breadcrumb\",\"itemListElement\":[{\"@type\":\"ListItem\",\"position\":1,\"name\":\"Home\",\"item\":\"https:\\\/\\\/www.camaeleon.org\\\/de\\\/\"},{\"@type\":\"ListItem\",\"position\":2,\"name\":\"Concert de l&rsquo;orchestre \u00e0 Buc : de la musique pour c\u00e9l\u00e9brer le trait\u00e9 de l&rsquo;\u00c9lys\u00e9e\"}]},{\"@type\":\"WebSite\",\"@id\":\"https:\\\/\\\/www.camaeleon.org\\\/de\\\/#website\",\"url\":\"https:\\\/\\\/www.camaeleon.org\\\/de\\\/\",\"name\":\"Cam\u00e4l\u00e9on\",\"description\":\"Das Sch\u00fclermagazin des Deutsch-Franz\u00f6sischen Gymnasiums Saarbr\u00fccken\",\"publisher\":{\"@id\":\"https:\\\/\\\/www.camaeleon.org\\\/de\\\/#organization\"},\"potentialAction\":[{\"@type\":\"SearchAction\",\"target\":{\"@type\":\"EntryPoint\",\"urlTemplate\":\"https:\\\/\\\/www.camaeleon.org\\\/de\\\/?s={search_term_string}\"},\"query-input\":{\"@type\":\"PropertyValueSpecification\",\"valueRequired\":true,\"valueName\":\"search_term_string\"}}],\"inLanguage\":\"de\"},{\"@type\":\"Organization\",\"@id\":\"https:\\\/\\\/www.camaeleon.org\\\/de\\\/#organization\",\"name\":\"Cam\u00e4l\u00e9on\",\"url\":\"https:\\\/\\\/www.camaeleon.org\\\/de\\\/\",\"logo\":{\"@type\":\"ImageObject\",\"inLanguage\":\"de\",\"@id\":\"https:\\\/\\\/www.camaeleon.org\\\/de\\\/#\\\/schema\\\/logo\\\/image\\\/\",\"url\":\"https:\\\/\\\/www.camaeleon.org\\\/wp-content\\\/uploads\\\/2011\\\/11\\\/CAM\u00c4LEON.jpg\",\"contentUrl\":\"https:\\\/\\\/www.camaeleon.org\\\/wp-content\\\/uploads\\\/2011\\\/11\\\/CAM\u00c4LEON.jpg\",\"width\":959,\"height\":959,\"caption\":\"Cam\u00e4l\u00e9on\"},\"image\":{\"@id\":\"https:\\\/\\\/www.camaeleon.org\\\/de\\\/#\\\/schema\\\/logo\\\/image\\\/\"},\"sameAs\":[\"https:\\\/\\\/www.facebook.com\\\/camaeleon.org\\\/\",\"https:\\\/\\\/x.com\\\/camaeleonOrg\",\"https:\\\/\\\/www.instagram.com\\\/camaeleon.dfg\\\/\",\"https:\\\/\\\/www.youtube.com\\\/channel\\\/UCl3TAUDdGuu_c7CD6ax6hYg\"]},{\"@type\":\"Person\",\"@id\":\"https:\\\/\\\/www.camaeleon.org\\\/de\\\/#\\\/schema\\\/person\\\/052ee327c421b495af4657a44187a959\",\"name\":\"Max Ernst\",\"image\":{\"@type\":\"ImageObject\",\"inLanguage\":\"de\",\"@id\":\"https:\\\/\\\/www.camaeleon.org\\\/de\\\/wp-content\\\/uploads\\\/2024\\\/01\\\/IMG-20231204-WA0001-01-150x150.jpeg3fc50e401fd745f06a8339d74db41d5e\",\"url\":\"https:\\\/\\\/www.camaeleon.org\\\/wp-content\\\/uploads\\\/2024\\\/01\\\/IMG-20231204-WA0001-01-150x150.jpeg\",\"contentUrl\":\"https:\\\/\\\/www.camaeleon.org\\\/wp-content\\\/uploads\\\/2024\\\/01\\\/IMG-20231204-WA0001-01-150x150.jpeg\",\"caption\":\"Max Ernst\"},\"description\":\"Hi! Ich bin Max Ernst, 16 Jahre alt, seit 2017 bei Cam\u00e4l\u00e9on dabei und gehe in die Klasse Tle ES. Meine Interessen sind Fotografie, Musik und alles Aktuelle. Mehr \u00fcber mich: www.maxmernst.de.\",\"sameAs\":[\"http:\\\/\\\/www.maxmernst.de\"],\"url\":\"https:\\\/\\\/www.camaeleon.org\\\/de\\\/author\\\/max-ernst\\\/\"}]}<\/script>\n<!-- \/ Yoast SEO plugin. -->","yoast_head_json":{"title":"Feiern mit Musik: Konzert in Buc zum Jubil\u00e4um des Elys\u00e9e-Vertrags - Cam\u00e4l\u00e9on","description":"Am 16.-17. Januar fuhren ca. 20 Orchester-Sch\u00fcler zum DFG Buc, um zur Feier des \u00c9lys\u00e9e-Vertrags mit dem Orchester ein Konzert zu spielen.","robots":{"index":"index","follow":"follow","max-snippet":"max-snippet:-1","max-image-preview":"max-image-preview:large","max-video-preview":"max-video-preview:-1"},"canonical":"https:\/\/www.camaeleon.org\/de\/2023\/01\/25\/feter-avec-de-la-musique-le-concert-de-lorchestre-a-buc-pour-le-traite-de-lelysee\/","og_locale":"de_DE","og_type":"article","og_title":"Feiern mit Musik: Konzert in Buc zum Jubil\u00e4um des Elys\u00e9e-Vertrags - Cam\u00e4l\u00e9on","og_description":"Am 16.-17. Januar fuhren ca. 20 Orchester-Sch\u00fcler zum DFG Buc, um zur Feier des \u00c9lys\u00e9e-Vertrags mit dem Orchester ein Konzert zu spielen.","og_url":"https:\/\/www.camaeleon.org\/de\/2023\/01\/25\/feter-avec-de-la-musique-le-concert-de-lorchestre-a-buc-pour-le-traite-de-lelysee\/","og_site_name":"Cam\u00e4l\u00e9on","article_publisher":"https:\/\/www.facebook.com\/camaeleon.org\/","article_published_time":"2023-01-25T17:37:45+00:00","article_modified_time":"2023-03-31T10:38:40+00:00","og_image":[{"width":2560,"height":1307,"url":"https:\/\/www.camaeleon.org\/wp-content\/uploads\/2023\/01\/Buc.jpg","type":"image\/jpeg"}],"author":"Max Ernst","twitter_card":"summary_large_image","twitter_creator":"@camaeleonOrg","twitter_site":"@camaeleonOrg","schema":{"@context":"https:\/\/schema.org","@graph":[{"@type":"Article","@id":"https:\/\/www.camaeleon.org\/2023\/01\/25\/feter-avec-de-la-musique-le-concert-de-lorchestre-a-buc-pour-le-traite-de-lelysee\/#article","isPartOf":{"@id":"https:\/\/www.camaeleon.org\/2023\/01\/25\/feter-avec-de-la-musique-le-concert-de-lorchestre-a-buc-pour-le-traite-de-lelysee\/"},"author":{"name":"Max Ernst","@id":"https:\/\/www.camaeleon.org\/de\/#\/schema\/person\/052ee327c421b495af4657a44187a959"},"headline":"Feiern mit Musik: Konzert in Buc zum Jubil\u00e4um des Elys\u00e9e-Vertrags","datePublished":"2023-01-25T17:37:45+00:00","dateModified":"2023-03-31T10:38:40+00:00","mainEntityOfPage":{"@id":"https:\/\/www.camaeleon.org\/2023\/01\/25\/feter-avec-de-la-musique-le-concert-de-lorchestre-a-buc-pour-le-traite-de-lelysee\/"},"wordCount":262,"commentCount":0,"publisher":{"@id":"https:\/\/www.camaeleon.org\/de\/#organization"},"image":{"@id":"https:\/\/www.camaeleon.org\/2023\/01\/25\/feter-avec-de-la-musique-le-concert-de-lorchestre-a-buc-pour-le-traite-de-lelysee\/#primaryimage"},"thumbnailUrl":"https:\/\/www.camaeleon.org\/wp-content\/uploads\/2023\/01\/Buc.jpg","keywords":["Austausch","Buc","DFG","Fahrt","Konzert","LFA","musique","Reise","Slider","voyage"],"articleSection":["Schule","Musik","Video"],"inLanguage":"de","potentialAction":[{"@type":"CommentAction","name":"Comment","target":["https:\/\/www.camaeleon.org\/2023\/01\/25\/feter-avec-de-la-musique-le-concert-de-lorchestre-a-buc-pour-le-traite-de-lelysee\/#respond"]}]},{"@type":"WebPage","@id":"https:\/\/www.camaeleon.org\/de\/2023\/01\/25\/feter-avec-de-la-musique-le-concert-de-lorchestre-a-buc-pour-le-traite-de-lelysee\/","url":"https:\/\/www.camaeleon.org\/de\/2023\/01\/25\/feter-avec-de-la-musique-le-concert-de-lorchestre-a-buc-pour-le-traite-de-lelysee\/","name":"Feiern mit Musik: Konzert in Buc zum Jubil\u00e4um des Elys\u00e9e-Vertrags - Cam\u00e4l\u00e9on","isPartOf":{"@id":"https:\/\/www.camaeleon.org\/de\/#website"},"primaryImageOfPage":{"@id":"https:\/\/www.camaeleon.org\/de\/2023\/01\/25\/feter-avec-de-la-musique-le-concert-de-lorchestre-a-buc-pour-le-traite-de-lelysee\/#primaryimage"},"image":{"@id":"https:\/\/www.camaeleon.org\/2023\/01\/25\/feter-avec-de-la-musique-le-concert-de-lorchestre-a-buc-pour-le-traite-de-lelysee\/#primaryimage"},"thumbnailUrl":"https:\/\/www.camaeleon.org\/wp-content\/uploads\/2023\/01\/Buc.jpg","datePublished":"2023-01-25T17:37:45+00:00","dateModified":"2023-03-31T10:38:40+00:00","description":"Am 16.-17. Januar fuhren ca. 20 Orchester-Sch\u00fcler zum DFG Buc, um zur Feier des \u00c9lys\u00e9e-Vertrags mit dem Orchester ein Konzert zu spielen.","breadcrumb":{"@id":"https:\/\/www.camaeleon.org\/de\/2023\/01\/25\/feter-avec-de-la-musique-le-concert-de-lorchestre-a-buc-pour-le-traite-de-lelysee\/#breadcrumb"},"inLanguage":"de","potentialAction":[{"@type":"ReadAction","target":[["https:\/\/www.camaeleon.org\/de\/2023\/01\/25\/feter-avec-de-la-musique-le-concert-de-lorchestre-a-buc-pour-le-traite-de-lelysee\/"]]}]},{"@type":"ImageObject","inLanguage":"de","@id":"https:\/\/www.camaeleon.org\/de\/2023\/01\/25\/feter-avec-de-la-musique-le-concert-de-lorchestre-a-buc-pour-le-traite-de-lelysee\/#primaryimage","url":"https:\/\/www.camaeleon.org\/wp-content\/uploads\/2023\/01\/Buc.jpg","contentUrl":"https:\/\/www.camaeleon.org\/wp-content\/uploads\/2023\/01\/Buc.jpg","width":2560,"height":1307,"caption":"Konzert in Buc zum Jubil\u00e4um des Elys\u00e9e-Vertrags (Screenshot: Max Ernst)"},{"@type":"BreadcrumbList","@id":"https:\/\/www.camaeleon.org\/de\/2023\/01\/25\/feter-avec-de-la-musique-le-concert-de-lorchestre-a-buc-pour-le-traite-de-lelysee\/#breadcrumb","itemListElement":[{"@type":"ListItem","position":1,"name":"Home","item":"https:\/\/www.camaeleon.org\/de\/"},{"@type":"ListItem","position":2,"name":"Concert de l&rsquo;orchestre \u00e0 Buc : de la musique pour c\u00e9l\u00e9brer le trait\u00e9 de l&rsquo;\u00c9lys\u00e9e"}]},{"@type":"WebSite","@id":"https:\/\/www.camaeleon.org\/de\/#website","url":"https:\/\/www.camaeleon.org\/de\/","name":"Cam\u00e4l\u00e9on","description":"Das Sch\u00fclermagazin des Deutsch-Franz\u00f6sischen Gymnasiums Saarbr\u00fccken","publisher":{"@id":"https:\/\/www.camaeleon.org\/de\/#organization"},"potentialAction":[{"@type":"SearchAction","target":{"@type":"EntryPoint","urlTemplate":"https:\/\/www.camaeleon.org\/de\/?s={search_term_string}"},"query-input":{"@type":"PropertyValueSpecification","valueRequired":true,"valueName":"search_term_string"}}],"inLanguage":"de"},{"@type":"Organization","@id":"https:\/\/www.camaeleon.org\/de\/#organization","name":"Cam\u00e4l\u00e9on","url":"https:\/\/www.camaeleon.org\/de\/","logo":{"@type":"ImageObject","inLanguage":"de","@id":"https:\/\/www.camaeleon.org\/de\/#\/schema\/logo\/image\/","url":"https:\/\/www.camaeleon.org\/wp-content\/uploads\/2011\/11\/CAM\u00c4LEON.jpg","contentUrl":"https:\/\/www.camaeleon.org\/wp-content\/uploads\/2011\/11\/CAM\u00c4LEON.jpg","width":959,"height":959,"caption":"Cam\u00e4l\u00e9on"},"image":{"@id":"https:\/\/www.camaeleon.org\/de\/#\/schema\/logo\/image\/"},"sameAs":["https:\/\/www.facebook.com\/camaeleon.org\/","https:\/\/x.com\/camaeleonOrg","https:\/\/www.instagram.com\/camaeleon.dfg\/","https:\/\/www.youtube.com\/channel\/UCl3TAUDdGuu_c7CD6ax6hYg"]},{"@type":"Person","@id":"https:\/\/www.camaeleon.org\/de\/#\/schema\/person\/052ee327c421b495af4657a44187a959","name":"Max Ernst","image":{"@type":"ImageObject","inLanguage":"de","@id":"https:\/\/www.camaeleon.org\/de\/wp-content\/uploads\/2024\/01\/IMG-20231204-WA0001-01-150x150.jpeg3fc50e401fd745f06a8339d74db41d5e","url":"https:\/\/www.camaeleon.org\/wp-content\/uploads\/2024\/01\/IMG-20231204-WA0001-01-150x150.jpeg","contentUrl":"https:\/\/www.camaeleon.org\/wp-content\/uploads\/2024\/01\/IMG-20231204-WA0001-01-150x150.jpeg","caption":"Max Ernst"},"description":"Hi! Ich bin Max Ernst, 16 Jahre alt, seit 2017 bei Cam\u00e4l\u00e9on dabei und gehe in die Klasse Tle ES. Meine Interessen sind Fotografie, Musik und alles Aktuelle. Mehr \u00fcber mich: www.maxmernst.de.","sameAs":["http:\/\/www.maxmernst.de"],"url":"https:\/\/www.camaeleon.org\/de\/author\/max-ernst\/"}]}},"_links":{"self":[{"href":"https:\/\/www.camaeleon.org\/de\/wp-json\/wp\/v2\/posts\/28188","targetHints":{"allow":["GET"]}}],"collection":[{"href":"https:\/\/www.camaeleon.org\/de\/wp-json\/wp\/v2\/posts"}],"about":[{"href":"https:\/\/www.camaeleon.org\/de\/wp-json\/wp\/v2\/types\/post"}],"author":[{"embeddable":true,"href":"https:\/\/www.camaeleon.org\/de\/wp-json\/wp\/v2\/users\/128"}],"replies":[{"embeddable":true,"href":"https:\/\/www.camaeleon.org\/de\/wp-json\/wp\/v2\/comments?post=28188"}],"version-history":[{"count":6,"href":"https:\/\/www.camaeleon.org\/de\/wp-json\/wp\/v2\/posts\/28188\/revisions"}],"predecessor-version":[{"id":28690,"href":"https:\/\/www.camaeleon.org\/de\/wp-json\/wp\/v2\/posts\/28188\/revisions\/28690"}],"wp:featuredmedia":[{"embeddable":true,"href":"https:\/\/www.camaeleon.org\/de\/wp-json\/wp\/v2\/media\/28211"}],"wp:attachment":[{"href":"https:\/\/www.camaeleon.org\/de\/wp-json\/wp\/v2\/media?parent=28188"}],"wp:term":[{"taxonomy":"category","embeddable":true,"href":"https:\/\/www.camaeleon.org\/de\/wp-json\/wp\/v2\/categories?post=28188"},{"taxonomy":"post_tag","embeddable":true,"href":"https:\/\/www.camaeleon.org\/de\/wp-json\/wp\/v2\/tags?post=28188"},{"taxonomy":"author","embeddable":true,"href":"https:\/\/www.camaeleon.org\/de\/wp-json\/wp\/v2\/coauthors?post=28188"}],"curies":[{"name":"wp","href":"https:\/\/api.w.org\/{rel}","templated":true}]}}